{"id":15021385,"date":"2024-12-30T08:10:22","date_gmt":"2024-12-30T07:10:22","guid":{"rendered":"https:\/\/kapitalis.com\/tunisie\/?p=15021385"},"modified":"2024-12-30T08:14:56","modified_gmt":"2024-12-30T07:14:56","slug":"algerie-tebboune-sabaisse-a-insulter-sansal","status":"publish","type":"post","link":"https:\/\/kapitalis.com\/tunisie\/2024\/12\/30\/algerie-tebboune-sabaisse-a-insulter-sansal\/","title":{"rendered":"Alg\u00e9rie\u00a0: Tebboune s\u2019abaisse \u00e0 insulter Sansal"},"content":{"rendered":"\n<p><strong><em>\u00a0\u00abPourquoi Tebboune s\u2019abaisse-t-il \u00e0 insulter vulgairement Boualem Sansal en pr\u00e9tendant qu\u2019il ne connait pas son p\u00e8re? C&rsquo;est-\u00e0-dire que c\u2019est un b&#8230;!\u00bb, s\u2019est interrog\u00e9 Lahouari Addi, \u00e9crivain et professeur de sciences politiques \u00e0 l\u2019universit\u00e9 de Lyon dans un post sur sa page Facebook.<\/em><\/strong><\/p>\n\n\n\n<!--more-->\n\n\n\n<p><em>\u00abVous envoyez un imposteur qui ne conna\u00eet pas son identit\u00e9, ne conna\u00eet pas son p\u00e8re et vient dire que la moiti\u00e9 de l&rsquo;Alg\u00e9rie appartient \u00e0 un autre \u00c9tat\u00bb<\/em>, a d\u00e9clar\u00e9 le pr\u00e9sident alg\u00e9rien, dans un extrait d\u2019un discours officiel, rapport\u00e9 par le m\u00e9dia alg\u00e9rien <em>TSA<\/em>.<\/p>\n\n\n\n<p>L\u2019\u00e9crivain franco-alg\u00e9rien, \u00e2g\u00e9 de&nbsp;80 ans, n\u00e9 d\u2019un p\u00e8re marocain et d\u2019une m\u00e8re alg\u00e9rienne, est incarc\u00e9r\u00e9 depuis la mi-novembre pour atteinte \u00e0 la s\u00fbret\u00e9 de l\u2019\u00c9tat et se trouve dans une unit\u00e9 de soins depuis la mi-d\u00e9cembre.<\/p>\n\n\n\n<p>Commentant cette sortie d\u2019Abdelmadjd Tebboune, qui semble avoir mal pris des d\u00e9clarations de M. Sansal au m\u00e9dia fran\u00e7ais <em>Fronti\u00e8res<\/em>, reprenant la position du Maroc selon laquelle le territoire de ce pays aurait \u00e9t\u00e9 tronqu\u00e9 sous la colonisation fran\u00e7aise au profit de l\u2019Alg\u00e9rie, Lahouari Addi a \u00e9crit\u00a0: <em>\u00abC\u2019est indigne de la part d&rsquo;un pr\u00e9sident. N\u2019est-ce pas l\u00e0 une atteinte \u00e0 la dignit\u00e9 de la fonction de chef d\u2019Etat qu&rsquo;il occupe? Pourquoi s\u2019exprime-t-il sur un dossier en cours d&rsquo;instruction? Mais il y a peut-\u00eatre une hypoth\u00e9tique explication \u00e0 ce tr\u00e8s grave d\u00e9rapage. Tebboune pr\u00e9pare-t-il l\u2019opinion alg\u00e9rienne \u00e0 la lib\u00e9ration de Sansal suite aux pressions qu\u2019exercent la droite et l\u2019extr\u00eame droite fran\u00e7aises?\u00bb<\/em><\/p>\n\n\n\n<p><em>\u00ab\u2018\u2018C&rsquo;est fait, j\u2019ai rendu justice en l\u2019insultant. Maintenant, on peut le lib\u00e9rer. Mon insulte \u00e9quivaut \u00e0 une peine prononc\u00e9e par un tribunal informel\u2019\u2019. Aux Fran\u00e7ais, il dira je l\u2019ai lib\u00e9r\u00e9, et aux Alg\u00e9riens il dira que Sansal n\u2019est pas digne d\u2019\u00eatre jug\u00e9 par la justice alg\u00e9rienne. L\u2019insulte que j\u2019ai prof\u00e9r\u00e9e \u00e0 son encontre le poursuivra jusqu\u2019\u00e0 la fin de sa vie\u00bb<\/em>, \u00e9crit le chercheur qui conclut&nbsp;: <em>\u00abSi c&rsquo;est le cas, la culture politique de Tebboune rel\u00e8ve de la psychanalyse\u00bb<\/em>.<\/p>\n\n\n\n<figure class=\"wp-block-embed is-type-wp-embed is-provider-kapitalis wp-block-embed-kapitalis\"><div class=\"wp-block-embed__wrapper\">\n<blockquote class=\"wp-embedded-content\" data-secret=\"7U5xGSLGbD\"><a href=\"https:\/\/kapitalis.com\/tunisie\/2024\/12\/26\/boualem-sansal-le-voltaire-des-arabes-adule-en-france-emprisonne-en-algerie\/\">Boualem Sansal, le \u00abVoltaire des Arabes\u00bb\u00a0: adul\u00e9 en France, emprisonn\u00e9 en Alg\u00e9rie<\/a><\/blockquote><iframe loading=\"lazy\" class=\"wp-embedded-content\" sandbox=\"allow-scripts\" security=\"restricted\" style=\"position: absolute; visibility: hidden;\" title=\"\u00ab\u00a0Boualem Sansal, le \u00abVoltaire des Arabes\u00bb\u00a0: adul\u00e9 en France, emprisonn\u00e9 en Alg\u00e9rie\u00a0\u00bb &#8212; Kapitalis\" src=\"https:\/\/kapitalis.com\/tunisie\/2024\/12\/26\/boualem-sansal-le-voltaire-des-arabes-adule-en-france-emprisonne-en-algerie\/embed\/#?secret=ukpYWgnU2G#?secret=7U5xGSLGbD\" data-secret=\"7U5xGSLGbD\" width=\"600\" height=\"338\" frameborder=\"0\" marginwidth=\"0\" marginheight=\"0\" scrolling=\"no\"><\/iframe>\n<\/div><\/figure>\n","protected":false},"excerpt":{"rendered":"<p>Pourquoi Tebboune s\u2019abaisse-t-il \u00e0 insulter vulgairement Boualem Sansal en pr\u00e9tendant qu\u2019il ne connait pas son p\u00e8re? <\/p>\n","protected":false},"author":8,"featured_media":15021433,"comment_status":"open","ping_status":"open","sticky":false,"template":"","format":"standard","meta":{"footnotes":""},"categories":[994,997,2433],"tags":[119830,111676,395,112076,577],"class_list":["post-15021385","post","type-post","status-publish","format-standard","has-post-thumbnail","hentry","category-culture","category-politique","category-tunisie","tag-abdemladjid-tebboune","tag-boualem-sansal","tag-france","tag-lahouari-addi","tag-maroc"],"yoast_head":"<!-- This site is optimized with the Yoast SEO plugin v26.6 - https:\/\/yoast.com\/wordpress\/plugins\/seo\/ -->\n<title>Alg\u00e9rie\u00a0: Tebboune s\u2019abaisse \u00e0 insulter Sansal - Kapitalis<\/title>\n<meta name=\"robots\" content=\"index, follow, max-snippet:-1, max-image-preview:large, max-video-preview:-1\" \/>\n<link rel=\"canonical\" href=\"https:\/\/kapitalis.com\/tunisie\/2024\/12\/30\/algerie-tebboune-sabaisse-a-insulter-sansal\/\" \/>\n<meta property=\"og:locale\" content=\"fr_FR\" \/>\n<meta property=\"og:type\" content=\"article\" \/>\n<meta property=\"og:title\" content=\"Alg\u00e9rie\u00a0: Tebboune s\u2019abaisse \u00e0 insulter Sansal - Kapitalis\" \/>\n<meta property=\"og:description\" content=\"Pourquoi Tebboune s\u2019abaisse-t-il \u00e0 insulter vulgairement Boualem Sansal en pr\u00e9tendant qu\u2019il ne connait pas son p\u00e8re?\" \/>\n<meta property=\"og:url\" content=\"https:\/\/kapitalis.com\/tunisie\/2024\/12\/30\/algerie-tebboune-sabaisse-a-insulter-sansal\/\" \/>\n<meta property=\"og:site_name\" content=\"Kapitalis\" \/>\n<meta property=\"article:publisher\" content=\"https:\/\/www.facebook.com\/KapitalisInfo\/\" \/>\n<meta property=\"article:published_time\" content=\"2024-12-30T07:10:22+00:00\" \/>\n<meta property=\"article:modified_time\" content=\"2024-12-30T07:14:56+00:00\" \/>\n<meta property=\"og:image\" content=\"https:\/\/kapitalis.com\/tunisie\/wp-content\/uploads\/2024\/12\/Tebboune-Sansal.jpg\" \/>\n\t<meta property=\"og:image:width\" content=\"1200\" \/>\n\t<meta property=\"og:image:height\" content=\"630\" \/>\n\t<meta property=\"og:image:type\" content=\"image\/jpeg\" \/>\n<meta name=\"author\" content=\"webmaster kapitalis\" \/>\n<meta name=\"twitter:card\" content=\"summary_large_image\" \/>\n<meta name=\"twitter:creator\" content=\"@KapitalisInfo\" \/>\n<meta name=\"twitter:site\" content=\"@KapitalisInfo\" \/>\n<meta name=\"twitter:label1\" content=\"\u00c9crit par\" \/>\n\t<meta name=\"twitter:data1\" content=\"webmaster kapitalis\" \/>\n\t<meta name=\"twitter:label2\" content=\"Dur\u00e9e de lecture estim\u00e9e\" \/>\n\t<meta name=\"twitter:data2\" content=\"2 minutes\" \/>\n<script type=\"application\/ld+json\" class=\"yoast-schema-graph\">{\"@context\":\"https:\/\/schema.org\",\"@graph\":[{\"@type\":\"Article\",\"@id\":\"https:\/\/kapitalis.com\/tunisie\/2024\/12\/30\/algerie-tebboune-sabaisse-a-insulter-sansal\/#article\",\"isPartOf\":{\"@id\":\"https:\/\/kapitalis.com\/tunisie\/2024\/12\/30\/algerie-tebboune-sabaisse-a-insulter-sansal\/\"},\"author\":{\"name\":\"webmaster kapitalis\",\"@id\":\"https:\/\/kapitalis.com\/tunisie\/#\/schema\/person\/d71f33a9ca44f7bad4698210b480c8e9\"},\"headline\":\"Alg\u00e9rie\u00a0: Tebboune s\u2019abaisse \u00e0 insulter Sansal\",\"datePublished\":\"2024-12-30T07:10:22+00:00\",\"dateModified\":\"2024-12-30T07:14:56+00:00\",\"mainEntityOfPage\":{\"@id\":\"https:\/\/kapitalis.com\/tunisie\/2024\/12\/30\/algerie-tebboune-sabaisse-a-insulter-sansal\/\"},\"wordCount\":386,\"commentCount\":1,\"publisher\":{\"@id\":\"https:\/\/kapitalis.com\/tunisie\/#organization\"},\"image\":{\"@id\":\"https:\/\/kapitalis.com\/tunisie\/2024\/12\/30\/algerie-tebboune-sabaisse-a-insulter-sansal\/#primaryimage\"},\"thumbnailUrl\":\"https:\/\/kapitalis.com\/tunisie\/wp-content\/uploads\/2024\/12\/Tebboune-Sansal.jpg\",\"keywords\":[\"Abdemladjid Tebboune\",\"Boualem Sansal\",\"France\",\"Lahouari Addi\",\"Maroc\"],\"articleSection\":[\"CULTURE\",\"POLITIQUE\",\"Tunisie\"],\"inLanguage\":\"fr-FR\",\"potentialAction\":[{\"@type\":\"CommentAction\",\"name\":\"Comment\",\"target\":[\"https:\/\/kapitalis.com\/tunisie\/2024\/12\/30\/algerie-tebboune-sabaisse-a-insulter-sansal\/#respond\"]}]},{\"@type\":\"WebPage\",\"@id\":\"https:\/\/kapitalis.com\/tunisie\/2024\/12\/30\/algerie-tebboune-sabaisse-a-insulter-sansal\/\",\"url\":\"https:\/\/kapitalis.com\/tunisie\/2024\/12\/30\/algerie-tebboune-sabaisse-a-insulter-sansal\/\",\"name\":\"Alg\u00e9rie\u00a0: Tebboune s\u2019abaisse \u00e0 insulter Sansal - Kapitalis\",\"isPartOf\":{\"@id\":\"https:\/\/kapitalis.com\/tunisie\/#website\"},\"primaryImageOfPage\":{\"@id\":\"https:\/\/kapitalis.com\/tunisie\/2024\/12\/30\/algerie-tebboune-sabaisse-a-insulter-sansal\/#primaryimage\"},\"image\":{\"@id\":\"https:\/\/kapitalis.com\/tunisie\/2024\/12\/30\/algerie-tebboune-sabaisse-a-insulter-sansal\/#primaryimage\"},\"thumbnailUrl\":\"https:\/\/kapitalis.com\/tunisie\/wp-content\/uploads\/2024\/12\/Tebboune-Sansal.jpg\",\"datePublished\":\"2024-12-30T07:10:22+00:00\",\"dateModified\":\"2024-12-30T07:14:56+00:00\",\"breadcrumb\":{\"@id\":\"https:\/\/kapitalis.com\/tunisie\/2024\/12\/30\/algerie-tebboune-sabaisse-a-insulter-sansal\/#breadcrumb\"},\"inLanguage\":\"fr-FR\",\"potentialAction\":[{\"@type\":\"ReadAction\",\"target\":[\"https:\/\/kapitalis.com\/tunisie\/2024\/12\/30\/algerie-tebboune-sabaisse-a-insulter-sansal\/\"]}]},{\"@type\":\"ImageObject\",\"inLanguage\":\"fr-FR\",\"@id\":\"https:\/\/kapitalis.com\/tunisie\/2024\/12\/30\/algerie-tebboune-sabaisse-a-insulter-sansal\/#primaryimage\",\"url\":\"https:\/\/kapitalis.com\/tunisie\/wp-content\/uploads\/2024\/12\/Tebboune-Sansal.jpg\",\"contentUrl\":\"https:\/\/kapitalis.com\/tunisie\/wp-content\/uploads\/2024\/12\/Tebboune-Sansal.jpg\",\"width\":1200,\"height\":630},{\"@type\":\"BreadcrumbList\",\"@id\":\"https:\/\/kapitalis.com\/tunisie\/2024\/12\/30\/algerie-tebboune-sabaisse-a-insulter-sansal\/#breadcrumb\",\"itemListElement\":[{\"@type\":\"ListItem\",\"position\":1,\"name\":\"Accueil\",\"item\":\"https:\/\/kapitalis.com\/tunisie\/\"},{\"@type\":\"ListItem\",\"position\":2,\"name\":\"Alg\u00e9rie\u00a0: Tebboune s\u2019abaisse \u00e0 insulter Sansal\"}]},{\"@type\":\"WebSite\",\"@id\":\"https:\/\/kapitalis.com\/tunisie\/#website\",\"url\":\"https:\/\/kapitalis.com\/tunisie\/\",\"name\":\"Kapitalis\",\"description\":\"L&#039;actualit\u00e9 en Tunisie et dans le monde\",\"publisher\":{\"@id\":\"https:\/\/kapitalis.com\/tunisie\/#organization\"},\"potentialAction\":[{\"@type\":\"SearchAction\",\"target\":{\"@type\":\"EntryPoint\",\"urlTemplate\":\"https:\/\/kapitalis.com\/tunisie\/?s={search_term_string}\"},\"query-input\":{\"@type\":\"PropertyValueSpecification\",\"valueRequired\":true,\"valueName\":\"search_term_string\"}}],\"inLanguage\":\"fr-FR\"},{\"@type\":\"Organization\",\"@id\":\"https:\/\/kapitalis.com\/tunisie\/#organization\",\"name\":\"Kapitalis\",\"url\":\"https:\/\/kapitalis.com\/tunisie\/\",\"logo\":{\"@type\":\"ImageObject\",\"inLanguage\":\"fr-FR\",\"@id\":\"https:\/\/kapitalis.com\/tunisie\/#\/schema\/logo\/image\/\",\"url\":\"https:\/\/kapitalis.com\/tunisie\/wp-content\/uploads\/2022\/05\/Kapitalis-big-size.png\",\"contentUrl\":\"https:\/\/kapitalis.com\/tunisie\/wp-content\/uploads\/2022\/05\/Kapitalis-big-size.png\",\"width\":5000,\"height\":1500,\"caption\":\"Kapitalis\"},\"image\":{\"@id\":\"https:\/\/kapitalis.com\/tunisie\/#\/schema\/logo\/image\/\"},\"sameAs\":[\"https:\/\/www.facebook.com\/KapitalisInfo\/\",\"https:\/\/x.com\/KapitalisInfo\",\"https:\/\/www.youtube.com\/channel\/UC-yDYrHyfFBWWZaOw3FPg9Q\"]},{\"@type\":\"Person\",\"@id\":\"https:\/\/kapitalis.com\/tunisie\/#\/schema\/person\/d71f33a9ca44f7bad4698210b480c8e9\",\"name\":\"webmaster kapitalis\",\"url\":\"https:\/\/kapitalis.com\/tunisie\/author\/webmaster-kapitalis\/\"}]}<\/script>\n<!-- \/ Yoast SEO plugin. -->","yoast_head_json":{"title":"Alg\u00e9rie\u00a0: Tebboune s\u2019abaisse \u00e0 insulter Sansal - Kapitalis","robots":{"index":"index","follow":"follow","max-snippet":"max-snippet:-1","max-image-preview":"max-image-preview:large","max-video-preview":"max-video-preview:-1"},"canonical":"https:\/\/kapitalis.com\/tunisie\/2024\/12\/30\/algerie-tebboune-sabaisse-a-insulter-sansal\/","og_locale":"fr_FR","og_type":"article","og_title":"Alg\u00e9rie\u00a0: Tebboune s\u2019abaisse \u00e0 insulter Sansal - Kapitalis","og_description":"Pourquoi Tebboune s\u2019abaisse-t-il \u00e0 insulter vulgairement Boualem Sansal en pr\u00e9tendant qu\u2019il ne connait pas son p\u00e8re?","og_url":"https:\/\/kapitalis.com\/tunisie\/2024\/12\/30\/algerie-tebboune-sabaisse-a-insulter-sansal\/","og_site_name":"Kapitalis","article_publisher":"https:\/\/www.facebook.com\/KapitalisInfo\/","article_published_time":"2024-12-30T07:10:22+00:00","article_modified_time":"2024-12-30T07:14:56+00:00","og_image":[{"width":1200,"height":630,"url":"https:\/\/kapitalis.com\/tunisie\/wp-content\/uploads\/2024\/12\/Tebboune-Sansal.jpg","type":"image\/jpeg"}],"author":"webmaster kapitalis","twitter_card":"summary_large_image","twitter_creator":"@KapitalisInfo","twitter_site":"@KapitalisInfo","twitter_misc":{"\u00c9crit par":"webmaster kapitalis","Dur\u00e9e de lecture estim\u00e9e":"2 minutes"},"schema":{"@context":"https:\/\/schema.org","@graph":[{"@type":"Article","@id":"https:\/\/kapitalis.com\/tunisie\/2024\/12\/30\/algerie-tebboune-sabaisse-a-insulter-sansal\/#article","isPartOf":{"@id":"https:\/\/kapitalis.com\/tunisie\/2024\/12\/30\/algerie-tebboune-sabaisse-a-insulter-sansal\/"},"author":{"name":"webmaster kapitalis","@id":"https:\/\/kapitalis.com\/tunisie\/#\/schema\/person\/d71f33a9ca44f7bad4698210b480c8e9"},"headline":"Alg\u00e9rie\u00a0: Tebboune s\u2019abaisse \u00e0 insulter Sansal","datePublished":"2024-12-30T07:10:22+00:00","dateModified":"2024-12-30T07:14:56+00:00","mainEntityOfPage":{"@id":"https:\/\/kapitalis.com\/tunisie\/2024\/12\/30\/algerie-tebboune-sabaisse-a-insulter-sansal\/"},"wordCount":386,"commentCount":1,"publisher":{"@id":"https:\/\/kapitalis.com\/tunisie\/#organization"},"image":{"@id":"https:\/\/kapitalis.com\/tunisie\/2024\/12\/30\/algerie-tebboune-sabaisse-a-insulter-sansal\/#primaryimage"},"thumbnailUrl":"https:\/\/kapitalis.com\/tunisie\/wp-content\/uploads\/2024\/12\/Tebboune-Sansal.jpg","keywords":["Abdemladjid Tebboune","Boualem Sansal","France","Lahouari Addi","Maroc"],"articleSection":["CULTURE","POLITIQUE","Tunisie"],"inLanguage":"fr-FR","potentialAction":[{"@type":"CommentAction","name":"Comment","target":["https:\/\/kapitalis.com\/tunisie\/2024\/12\/30\/algerie-tebboune-sabaisse-a-insulter-sansal\/#respond"]}]},{"@type":"WebPage","@id":"https:\/\/kapitalis.com\/tunisie\/2024\/12\/30\/algerie-tebboune-sabaisse-a-insulter-sansal\/","url":"https:\/\/kapitalis.com\/tunisie\/2024\/12\/30\/algerie-tebboune-sabaisse-a-insulter-sansal\/","name":"Alg\u00e9rie\u00a0: Tebboune s\u2019abaisse \u00e0 insulter Sansal - Kapitalis","isPartOf":{"@id":"https:\/\/kapitalis.com\/tunisie\/#website"},"primaryImageOfPage":{"@id":"https:\/\/kapitalis.com\/tunisie\/2024\/12\/30\/algerie-tebboune-sabaisse-a-insulter-sansal\/#primaryimage"},"image":{"@id":"https:\/\/kapitalis.com\/tunisie\/2024\/12\/30\/algerie-tebboune-sabaisse-a-insulter-sansal\/#primaryimage"},"thumbnailUrl":"https:\/\/kapitalis.com\/tunisie\/wp-content\/uploads\/2024\/12\/Tebboune-Sansal.jpg","datePublished":"2024-12-30T07:10:22+00:00","dateModified":"2024-12-30T07:14:56+00:00","breadcrumb":{"@id":"https:\/\/kapitalis.com\/tunisie\/2024\/12\/30\/algerie-tebboune-sabaisse-a-insulter-sansal\/#breadcrumb"},"inLanguage":"fr-FR","potentialAction":[{"@type":"ReadAction","target":["https:\/\/kapitalis.com\/tunisie\/2024\/12\/30\/algerie-tebboune-sabaisse-a-insulter-sansal\/"]}]},{"@type":"ImageObject","inLanguage":"fr-FR","@id":"https:\/\/kapitalis.com\/tunisie\/2024\/12\/30\/algerie-tebboune-sabaisse-a-insulter-sansal\/#primaryimage","url":"https:\/\/kapitalis.com\/tunisie\/wp-content\/uploads\/2024\/12\/Tebboune-Sansal.jpg","contentUrl":"https:\/\/kapitalis.com\/tunisie\/wp-content\/uploads\/2024\/12\/Tebboune-Sansal.jpg","width":1200,"height":630},{"@type":"BreadcrumbList","@id":"https:\/\/kapitalis.com\/tunisie\/2024\/12\/30\/algerie-tebboune-sabaisse-a-insulter-sansal\/#breadcrumb","itemListElement":[{"@type":"ListItem","position":1,"name":"Accueil","item":"https:\/\/kapitalis.com\/tunisie\/"},{"@type":"ListItem","position":2,"name":"Alg\u00e9rie\u00a0: Tebboune s\u2019abaisse \u00e0 insulter Sansal"}]},{"@type":"WebSite","@id":"https:\/\/kapitalis.com\/tunisie\/#website","url":"https:\/\/kapitalis.com\/tunisie\/","name":"Kapitalis","description":"L&#039;actualit\u00e9 en Tunisie et dans le monde","publisher":{"@id":"https:\/\/kapitalis.com\/tunisie\/#organization"},"potentialAction":[{"@type":"SearchAction","target":{"@type":"EntryPoint","urlTemplate":"https:\/\/kapitalis.com\/tunisie\/?s={search_term_string}"},"query-input":{"@type":"PropertyValueSpecification","valueRequired":true,"valueName":"search_term_string"}}],"inLanguage":"fr-FR"},{"@type":"Organization","@id":"https:\/\/kapitalis.com\/tunisie\/#organization","name":"Kapitalis","url":"https:\/\/kapitalis.com\/tunisie\/","logo":{"@type":"ImageObject","inLanguage":"fr-FR","@id":"https:\/\/kapitalis.com\/tunisie\/#\/schema\/logo\/image\/","url":"https:\/\/kapitalis.com\/tunisie\/wp-content\/uploads\/2022\/05\/Kapitalis-big-size.png","contentUrl":"https:\/\/kapitalis.com\/tunisie\/wp-content\/uploads\/2022\/05\/Kapitalis-big-size.png","width":5000,"height":1500,"caption":"Kapitalis"},"image":{"@id":"https:\/\/kapitalis.com\/tunisie\/#\/schema\/logo\/image\/"},"sameAs":["https:\/\/www.facebook.com\/KapitalisInfo\/","https:\/\/x.com\/KapitalisInfo","https:\/\/www.youtube.com\/channel\/UC-yDYrHyfFBWWZaOw3FPg9Q"]},{"@type":"Person","@id":"https:\/\/kapitalis.com\/tunisie\/#\/schema\/person\/d71f33a9ca44f7bad4698210b480c8e9","name":"webmaster kapitalis","url":"https:\/\/kapitalis.com\/tunisie\/author\/webmaster-kapitalis\/"}]}},"_links":{"self":[{"href":"https:\/\/kapitalis.com\/tunisie\/wp-json\/wp\/v2\/posts\/15021385","targetHints":{"allow":["GET"]}}],"collection":[{"href":"https:\/\/kapitalis.com\/tunisie\/wp-json\/wp\/v2\/posts"}],"about":[{"href":"https:\/\/kapitalis.com\/tunisie\/wp-json\/wp\/v2\/types\/post"}],"author":[{"embeddable":true,"href":"https:\/\/kapitalis.com\/tunisie\/wp-json\/wp\/v2\/users\/8"}],"replies":[{"embeddable":true,"href":"https:\/\/kapitalis.com\/tunisie\/wp-json\/wp\/v2\/comments?post=15021385"}],"version-history":[{"count":2,"href":"https:\/\/kapitalis.com\/tunisie\/wp-json\/wp\/v2\/posts\/15021385\/revisions"}],"predecessor-version":[{"id":15021494,"href":"https:\/\/kapitalis.com\/tunisie\/wp-json\/wp\/v2\/posts\/15021385\/revisions\/15021494"}],"wp:featuredmedia":[{"embeddable":true,"href":"https:\/\/kapitalis.com\/tunisie\/wp-json\/wp\/v2\/media\/15021433"}],"wp:attachment":[{"href":"https:\/\/kapitalis.com\/tunisie\/wp-json\/wp\/v2\/media?parent=15021385"}],"wp:term":[{"taxonomy":"category","embeddable":true,"href":"https:\/\/kapitalis.com\/tunisie\/wp-json\/wp\/v2\/categories?post=15021385"},{"taxonomy":"post_tag","embeddable":true,"href":"https:\/\/kapitalis.com\/tunisie\/wp-json\/wp\/v2\/tags?post=15021385"}],"curies":[{"name":"wp","href":"https:\/\/api.w.org\/{rel}","templated":true}]}}