{"id":15021961,"date":"2024-12-30T09:06:36","date_gmt":"2024-12-30T08:06:36","guid":{"rendered":"https:\/\/kapitalis.com\/tunisie\/?p=15021961"},"modified":"2024-12-30T09:06:37","modified_gmt":"2024-12-30T08:06:37","slug":"les-laureats-du-concours-ecrire-pour-lecran-2024","status":"publish","type":"post","link":"https:\/\/kapitalis.com\/tunisie\/2024\/12\/30\/les-laureats-du-concours-ecrire-pour-lecran-2024\/","title":{"rendered":"Les laur\u00e9ats du concours \u00ab\u00c9crire pour l\u2019\u00e9cran\u00bb 2024"},"content":{"rendered":"\n<p><strong><em>La 1<sup>\u00e8re<\/sup> \u00e9dition du concours \u00ab\u00c9crire pour l\u2019\u00e9cran\u00bb, organis\u00e9e par l\u2019Espace Culturel Artea en collaboration avec Diletta d&rsquo;Ascia et Nidhal Chatta, a d\u00e9voil\u00e9 ses laur\u00e9ats lors d\u2019une c\u00e9r\u00e9monie de remise des prix qui s\u2019est tenue le 28 d\u00e9cembre 2024, au dit &nbsp;&nbsp;espace Artea \u00e0 l\u2019Aouina, Tunis.<\/em><\/strong><\/p>\n\n\n\n<!--more-->\n\n\n\n<p>La c\u00e9r\u00e9monie a \u00e9galement \u00e9t\u00e9 l\u2019occasion de remettre des certificats aux participants des ateliers de sc\u00e9narios organis\u00e9s dans le cadre du concours. Ces ateliers ont \u00e9t\u00e9 con\u00e7us pour soutenir les talents \u00e9mergents et offrir aux auteurs des outils pratiques en vue de d\u00e9velopper leurs projets d\u2019\u00e9criture.<br>Cette premi\u00e8re \u00e9dition du concours a ainsi attir\u00e9 un large \u00e9ventail de talents venant de Tunisie, mais aussi d\u2019Europe, de Madagascar, du B\u00e9nin et de la C\u00f4te d\u2019Ivoire.<\/p>\n\n\n\n<p>Le jury compos\u00e9 de&nbsp;Nidhal Chatta, Diletta d&rsquo;Ascia, Nabil Rejaibi, Youssef Lakhoua et Nidhal Clemengui a d\u00e9cern\u00e9 trois prix, trois mentions sp\u00e9ciales ainsi que le prix de l\u2019Alliance Fran\u00e7aise de Tunis.<br>Les laur\u00e9ats de cette \u00e9dition sont :<br>\u00b7&nbsp;Premier prix&nbsp;: Sonia Gandoura et Val\u00e9rie Wuillez pour <em>\u00abCe que nous sommes\u00bb<\/em>;<br>\u00b7&nbsp;Deuxi\u00e8me prix&nbsp;: Khaled Trabelsi pour <em>\u00abLes d\u00e9lices d\u2019Habiba\u00bb<\/em>;<br>\u00b7&nbsp;Troisi\u00e8me prix&nbsp;: Malek Sebai pour <em>\u00abDes gens comme nous\u00bb.<\/em><br>Mentions sp\u00e9ciales du jury&nbsp;:<br>\u00b7 Aina Randrianatoandro pour <em>\u00abSitraka et Telina\u00bb<\/em>;<br>\u00b7 Sayida Bourguiba pour <em>\u00abAu c\u0153ur des voix noires de Jerba\u00bb;<\/em><br>\u00b7 Aida Hamza pour <em>\u00abLes enfants et le tr\u00e9sor de Zaghouan\u00bb.<\/em><br>Le jury a salu\u00e9 la diversit\u00e9, la port\u00e9e et la profondeur des th\u00e8mes abord\u00e9s, allant de l\u2019\u00e9migration \u00e0 la violence de genre.<\/p>\n\n\n\n<p>Les \u0153uvres soumises ont \u00e9galement explor\u00e9 une vari\u00e9t\u00e9 de genres, notamment le roman noir, le surr\u00e9alisme et des r\u00e9cits inspir\u00e9s d\u2019histoires r\u00e9elles, tout en mettant en avant la sensibilit\u00e9 et la vision de leurs auteurs.<\/p>\n\n\n\n<p>Parmi les invit\u00e9s d\u2019honneur de la c\u00e9r\u00e9monie figuraient Rym Ernez Zayane, repr\u00e9sentante de la&nbsp;Biat, sponsor officiel de l\u2019\u00e9v\u00e9nement, Aslan Ben Rejeb, pr\u00e9sident de la Conect, Tony Radossi et Roberto d\u2019Ascia, conseillers du Comites Tunisie, et Mohamed Aissaoui, pr\u00e9sident de l\u2019Alliance fran\u00e7aise de Tunis.<br><br><\/p>\n","protected":false},"excerpt":{"rendered":"<p>Laur\u00e9ats de la 1\u00e8re \u00e9dition du concours \u00ab\u00c9crire pour l\u2019\u00e9cran\u00bb, organis\u00e9e par l\u2019Espace Culturel Artea, \u00e0 Tunis. <\/p>\n","protected":false},"author":8,"featured_media":15021995,"comment_status":"open","ping_status":"open","sticky":false,"template":"","format":"standard","meta":{"footnotes":""},"categories":[994,2433],"tags":[146,90116,119622,118336,15026,119833,118335],"class_list":["post-15021961","post","type-post","status-publish","format-standard","has-post-thumbnail","hentry","category-culture","category-tunisie","tag-biat","tag-diletta-dascia","tag-ecrire-pour-lecran","tag-nabil-rejaibi","tag-nidhal-chatta","tag-nidhal-clemengui","tag-youssef-lakhoua"],"yoast_head":"<!-- This site is optimized with the Yoast SEO plugin v26.6 - https:\/\/yoast.com\/wordpress\/plugins\/seo\/ -->\n<title>Les laur\u00e9ats du concours \u00ab\u00c9crire pour l\u2019\u00e9cran\u00bb 2024 - Kapitalis<\/title>\n<meta name=\"robots\" content=\"index, follow, max-snippet:-1, max-image-preview:large, max-video-preview:-1\" \/>\n<link rel=\"canonical\" href=\"https:\/\/kapitalis.com\/tunisie\/2024\/12\/30\/les-laureats-du-concours-ecrire-pour-lecran-2024\/\" \/>\n<meta property=\"og:locale\" content=\"fr_FR\" \/>\n<meta property=\"og:type\" content=\"article\" \/>\n<meta property=\"og:title\" content=\"Les laur\u00e9ats du concours \u00ab\u00c9crire pour l\u2019\u00e9cran\u00bb 2024 - Kapitalis\" \/>\n<meta property=\"og:description\" content=\"Laur\u00e9ats de la 1\u00e8re \u00e9dition du concours \u00ab\u00c9crire pour l\u2019\u00e9cran\u00bb, organis\u00e9e par l\u2019Espace Culturel Artea, \u00e0 Tunis.\" \/>\n<meta property=\"og:url\" content=\"https:\/\/kapitalis.com\/tunisie\/2024\/12\/30\/les-laureats-du-concours-ecrire-pour-lecran-2024\/\" \/>\n<meta property=\"og:site_name\" content=\"Kapitalis\" \/>\n<meta property=\"article:publisher\" content=\"https:\/\/www.facebook.com\/KapitalisInfo\/\" \/>\n<meta property=\"article:published_time\" content=\"2024-12-30T08:06:36+00:00\" \/>\n<meta property=\"article:modified_time\" content=\"2024-12-30T08:06:37+00:00\" \/>\n<meta property=\"og:image\" content=\"https:\/\/kapitalis.com\/tunisie\/wp-content\/uploads\/2024\/12\/Concours-Ecrire-Ecran.jpg\" \/>\n\t<meta property=\"og:image:width\" content=\"1200\" \/>\n\t<meta property=\"og:image:height\" content=\"630\" \/>\n\t<meta property=\"og:image:type\" content=\"image\/jpeg\" \/>\n<meta name=\"author\" content=\"webmaster kapitalis\" \/>\n<meta name=\"twitter:card\" content=\"summary_large_image\" \/>\n<meta name=\"twitter:creator\" content=\"@KapitalisInfo\" \/>\n<meta name=\"twitter:site\" content=\"@KapitalisInfo\" \/>\n<meta name=\"twitter:label1\" content=\"\u00c9crit par\" \/>\n\t<meta name=\"twitter:data1\" content=\"webmaster kapitalis\" \/>\n\t<meta name=\"twitter:label2\" content=\"Dur\u00e9e de lecture estim\u00e9e\" \/>\n\t<meta name=\"twitter:data2\" content=\"2 minutes\" \/>\n<script type=\"application\/ld+json\" class=\"yoast-schema-graph\">{\"@context\":\"https:\/\/schema.org\",\"@graph\":[{\"@type\":\"Article\",\"@id\":\"https:\/\/kapitalis.com\/tunisie\/2024\/12\/30\/les-laureats-du-concours-ecrire-pour-lecran-2024\/#article\",\"isPartOf\":{\"@id\":\"https:\/\/kapitalis.com\/tunisie\/2024\/12\/30\/les-laureats-du-concours-ecrire-pour-lecran-2024\/\"},\"author\":{\"name\":\"webmaster kapitalis\",\"@id\":\"https:\/\/kapitalis.com\/tunisie\/#\/schema\/person\/d71f33a9ca44f7bad4698210b480c8e9\"},\"headline\":\"Les laur\u00e9ats du concours \u00ab\u00c9crire pour l\u2019\u00e9cran\u00bb 2024\",\"datePublished\":\"2024-12-30T08:06:36+00:00\",\"dateModified\":\"2024-12-30T08:06:37+00:00\",\"mainEntityOfPage\":{\"@id\":\"https:\/\/kapitalis.com\/tunisie\/2024\/12\/30\/les-laureats-du-concours-ecrire-pour-lecran-2024\/\"},\"wordCount\":392,\"commentCount\":0,\"publisher\":{\"@id\":\"https:\/\/kapitalis.com\/tunisie\/#organization\"},\"image\":{\"@id\":\"https:\/\/kapitalis.com\/tunisie\/2024\/12\/30\/les-laureats-du-concours-ecrire-pour-lecran-2024\/#primaryimage\"},\"thumbnailUrl\":\"https:\/\/kapitalis.com\/tunisie\/wp-content\/uploads\/2024\/12\/Concours-Ecrire-Ecran.jpg\",\"keywords\":[\"Biat\",\"Diletta D&#039;Ascia\",\"\u00c9crire pour l\u2019\u00e9cran\",\"Nabil\u00a0Rejaibi\",\"Nidhal Chatta\",\"Nidhal Clemengui\",\"Youssef\u00a0Lakhoua\"],\"articleSection\":[\"CULTURE\",\"Tunisie\"],\"inLanguage\":\"fr-FR\",\"potentialAction\":[{\"@type\":\"CommentAction\",\"name\":\"Comment\",\"target\":[\"https:\/\/kapitalis.com\/tunisie\/2024\/12\/30\/les-laureats-du-concours-ecrire-pour-lecran-2024\/#respond\"]}]},{\"@type\":\"WebPage\",\"@id\":\"https:\/\/kapitalis.com\/tunisie\/2024\/12\/30\/les-laureats-du-concours-ecrire-pour-lecran-2024\/\",\"url\":\"https:\/\/kapitalis.com\/tunisie\/2024\/12\/30\/les-laureats-du-concours-ecrire-pour-lecran-2024\/\",\"name\":\"Les laur\u00e9ats du concours \u00ab\u00c9crire pour l\u2019\u00e9cran\u00bb 2024 - Kapitalis\",\"isPartOf\":{\"@id\":\"https:\/\/kapitalis.com\/tunisie\/#website\"},\"primaryImageOfPage\":{\"@id\":\"https:\/\/kapitalis.com\/tunisie\/2024\/12\/30\/les-laureats-du-concours-ecrire-pour-lecran-2024\/#primaryimage\"},\"image\":{\"@id\":\"https:\/\/kapitalis.com\/tunisie\/2024\/12\/30\/les-laureats-du-concours-ecrire-pour-lecran-2024\/#primaryimage\"},\"thumbnailUrl\":\"https:\/\/kapitalis.com\/tunisie\/wp-content\/uploads\/2024\/12\/Concours-Ecrire-Ecran.jpg\",\"datePublished\":\"2024-12-30T08:06:36+00:00\",\"dateModified\":\"2024-12-30T08:06:37+00:00\",\"breadcrumb\":{\"@id\":\"https:\/\/kapitalis.com\/tunisie\/2024\/12\/30\/les-laureats-du-concours-ecrire-pour-lecran-2024\/#breadcrumb\"},\"inLanguage\":\"fr-FR\",\"potentialAction\":[{\"@type\":\"ReadAction\",\"target\":[\"https:\/\/kapitalis.com\/tunisie\/2024\/12\/30\/les-laureats-du-concours-ecrire-pour-lecran-2024\/\"]}]},{\"@type\":\"ImageObject\",\"inLanguage\":\"fr-FR\",\"@id\":\"https:\/\/kapitalis.com\/tunisie\/2024\/12\/30\/les-laureats-du-concours-ecrire-pour-lecran-2024\/#primaryimage\",\"url\":\"https:\/\/kapitalis.com\/tunisie\/wp-content\/uploads\/2024\/12\/Concours-Ecrire-Ecran.jpg\",\"contentUrl\":\"https:\/\/kapitalis.com\/tunisie\/wp-content\/uploads\/2024\/12\/Concours-Ecrire-Ecran.jpg\",\"width\":1200,\"height\":630},{\"@type\":\"BreadcrumbList\",\"@id\":\"https:\/\/kapitalis.com\/tunisie\/2024\/12\/30\/les-laureats-du-concours-ecrire-pour-lecran-2024\/#breadcrumb\",\"itemListElement\":[{\"@type\":\"ListItem\",\"position\":1,\"name\":\"Accueil\",\"item\":\"https:\/\/kapitalis.com\/tunisie\/\"},{\"@type\":\"ListItem\",\"position\":2,\"name\":\"Les laur\u00e9ats du concours \u00ab\u00c9crire pour l\u2019\u00e9cran\u00bb 2024\"}]},{\"@type\":\"WebSite\",\"@id\":\"https:\/\/kapitalis.com\/tunisie\/#website\",\"url\":\"https:\/\/kapitalis.com\/tunisie\/\",\"name\":\"Kapitalis\",\"description\":\"L&#039;actualit\u00e9 en Tunisie et dans le monde\",\"publisher\":{\"@id\":\"https:\/\/kapitalis.com\/tunisie\/#organization\"},\"potentialAction\":[{\"@type\":\"SearchAction\",\"target\":{\"@type\":\"EntryPoint\",\"urlTemplate\":\"https:\/\/kapitalis.com\/tunisie\/?s={search_term_string}\"},\"query-input\":{\"@type\":\"PropertyValueSpecification\",\"valueRequired\":true,\"valueName\":\"search_term_string\"}}],\"inLanguage\":\"fr-FR\"},{\"@type\":\"Organization\",\"@id\":\"https:\/\/kapitalis.com\/tunisie\/#organization\",\"name\":\"Kapitalis\",\"url\":\"https:\/\/kapitalis.com\/tunisie\/\",\"logo\":{\"@type\":\"ImageObject\",\"inLanguage\":\"fr-FR\",\"@id\":\"https:\/\/kapitalis.com\/tunisie\/#\/schema\/logo\/image\/\",\"url\":\"https:\/\/kapitalis.com\/tunisie\/wp-content\/uploads\/2022\/05\/Kapitalis-big-size.png\",\"contentUrl\":\"https:\/\/kapitalis.com\/tunisie\/wp-content\/uploads\/2022\/05\/Kapitalis-big-size.png\",\"width\":5000,\"height\":1500,\"caption\":\"Kapitalis\"},\"image\":{\"@id\":\"https:\/\/kapitalis.com\/tunisie\/#\/schema\/logo\/image\/\"},\"sameAs\":[\"https:\/\/www.facebook.com\/KapitalisInfo\/\",\"https:\/\/x.com\/KapitalisInfo\",\"https:\/\/www.youtube.com\/channel\/UC-yDYrHyfFBWWZaOw3FPg9Q\"]},{\"@type\":\"Person\",\"@id\":\"https:\/\/kapitalis.com\/tunisie\/#\/schema\/person\/d71f33a9ca44f7bad4698210b480c8e9\",\"name\":\"webmaster kapitalis\",\"url\":\"https:\/\/kapitalis.com\/tunisie\/author\/webmaster-kapitalis\/\"}]}<\/script>\n<!-- \/ Yoast SEO plugin. -->","yoast_head_json":{"title":"Les laur\u00e9ats du concours \u00ab\u00c9crire pour l\u2019\u00e9cran\u00bb 2024 - Kapitalis","robots":{"index":"index","follow":"follow","max-snippet":"max-snippet:-1","max-image-preview":"max-image-preview:large","max-video-preview":"max-video-preview:-1"},"canonical":"https:\/\/kapitalis.com\/tunisie\/2024\/12\/30\/les-laureats-du-concours-ecrire-pour-lecran-2024\/","og_locale":"fr_FR","og_type":"article","og_title":"Les laur\u00e9ats du concours \u00ab\u00c9crire pour l\u2019\u00e9cran\u00bb 2024 - Kapitalis","og_description":"Laur\u00e9ats de la 1\u00e8re \u00e9dition du concours \u00ab\u00c9crire pour l\u2019\u00e9cran\u00bb, organis\u00e9e par l\u2019Espace Culturel Artea, \u00e0 Tunis.","og_url":"https:\/\/kapitalis.com\/tunisie\/2024\/12\/30\/les-laureats-du-concours-ecrire-pour-lecran-2024\/","og_site_name":"Kapitalis","article_publisher":"https:\/\/www.facebook.com\/KapitalisInfo\/","article_published_time":"2024-12-30T08:06:36+00:00","article_modified_time":"2024-12-30T08:06:37+00:00","og_image":[{"width":1200,"height":630,"url":"https:\/\/kapitalis.com\/tunisie\/wp-content\/uploads\/2024\/12\/Concours-Ecrire-Ecran.jpg","type":"image\/jpeg"}],"author":"webmaster kapitalis","twitter_card":"summary_large_image","twitter_creator":"@KapitalisInfo","twitter_site":"@KapitalisInfo","twitter_misc":{"\u00c9crit par":"webmaster kapitalis","Dur\u00e9e de lecture estim\u00e9e":"2 minutes"},"schema":{"@context":"https:\/\/schema.org","@graph":[{"@type":"Article","@id":"https:\/\/kapitalis.com\/tunisie\/2024\/12\/30\/les-laureats-du-concours-ecrire-pour-lecran-2024\/#article","isPartOf":{"@id":"https:\/\/kapitalis.com\/tunisie\/2024\/12\/30\/les-laureats-du-concours-ecrire-pour-lecran-2024\/"},"author":{"name":"webmaster kapitalis","@id":"https:\/\/kapitalis.com\/tunisie\/#\/schema\/person\/d71f33a9ca44f7bad4698210b480c8e9"},"headline":"Les laur\u00e9ats du concours \u00ab\u00c9crire pour l\u2019\u00e9cran\u00bb 2024","datePublished":"2024-12-30T08:06:36+00:00","dateModified":"2024-12-30T08:06:37+00:00","mainEntityOfPage":{"@id":"https:\/\/kapitalis.com\/tunisie\/2024\/12\/30\/les-laureats-du-concours-ecrire-pour-lecran-2024\/"},"wordCount":392,"commentCount":0,"publisher":{"@id":"https:\/\/kapitalis.com\/tunisie\/#organization"},"image":{"@id":"https:\/\/kapitalis.com\/tunisie\/2024\/12\/30\/les-laureats-du-concours-ecrire-pour-lecran-2024\/#primaryimage"},"thumbnailUrl":"https:\/\/kapitalis.com\/tunisie\/wp-content\/uploads\/2024\/12\/Concours-Ecrire-Ecran.jpg","keywords":["Biat","Diletta D&#039;Ascia","\u00c9crire pour l\u2019\u00e9cran","Nabil\u00a0Rejaibi","Nidhal Chatta","Nidhal Clemengui","Youssef\u00a0Lakhoua"],"articleSection":["CULTURE","Tunisie"],"inLanguage":"fr-FR","potentialAction":[{"@type":"CommentAction","name":"Comment","target":["https:\/\/kapitalis.com\/tunisie\/2024\/12\/30\/les-laureats-du-concours-ecrire-pour-lecran-2024\/#respond"]}]},{"@type":"WebPage","@id":"https:\/\/kapitalis.com\/tunisie\/2024\/12\/30\/les-laureats-du-concours-ecrire-pour-lecran-2024\/","url":"https:\/\/kapitalis.com\/tunisie\/2024\/12\/30\/les-laureats-du-concours-ecrire-pour-lecran-2024\/","name":"Les laur\u00e9ats du concours \u00ab\u00c9crire pour l\u2019\u00e9cran\u00bb 2024 - Kapitalis","isPartOf":{"@id":"https:\/\/kapitalis.com\/tunisie\/#website"},"primaryImageOfPage":{"@id":"https:\/\/kapitalis.com\/tunisie\/2024\/12\/30\/les-laureats-du-concours-ecrire-pour-lecran-2024\/#primaryimage"},"image":{"@id":"https:\/\/kapitalis.com\/tunisie\/2024\/12\/30\/les-laureats-du-concours-ecrire-pour-lecran-2024\/#primaryimage"},"thumbnailUrl":"https:\/\/kapitalis.com\/tunisie\/wp-content\/uploads\/2024\/12\/Concours-Ecrire-Ecran.jpg","datePublished":"2024-12-30T08:06:36+00:00","dateModified":"2024-12-30T08:06:37+00:00","breadcrumb":{"@id":"https:\/\/kapitalis.com\/tunisie\/2024\/12\/30\/les-laureats-du-concours-ecrire-pour-lecran-2024\/#breadcrumb"},"inLanguage":"fr-FR","potentialAction":[{"@type":"ReadAction","target":["https:\/\/kapitalis.com\/tunisie\/2024\/12\/30\/les-laureats-du-concours-ecrire-pour-lecran-2024\/"]}]},{"@type":"ImageObject","inLanguage":"fr-FR","@id":"https:\/\/kapitalis.com\/tunisie\/2024\/12\/30\/les-laureats-du-concours-ecrire-pour-lecran-2024\/#primaryimage","url":"https:\/\/kapitalis.com\/tunisie\/wp-content\/uploads\/2024\/12\/Concours-Ecrire-Ecran.jpg","contentUrl":"https:\/\/kapitalis.com\/tunisie\/wp-content\/uploads\/2024\/12\/Concours-Ecrire-Ecran.jpg","width":1200,"height":630},{"@type":"BreadcrumbList","@id":"https:\/\/kapitalis.com\/tunisie\/2024\/12\/30\/les-laureats-du-concours-ecrire-pour-lecran-2024\/#breadcrumb","itemListElement":[{"@type":"ListItem","position":1,"name":"Accueil","item":"https:\/\/kapitalis.com\/tunisie\/"},{"@type":"ListItem","position":2,"name":"Les laur\u00e9ats du concours \u00ab\u00c9crire pour l\u2019\u00e9cran\u00bb 2024"}]},{"@type":"WebSite","@id":"https:\/\/kapitalis.com\/tunisie\/#website","url":"https:\/\/kapitalis.com\/tunisie\/","name":"Kapitalis","description":"L&#039;actualit\u00e9 en Tunisie et dans le monde","publisher":{"@id":"https:\/\/kapitalis.com\/tunisie\/#organization"},"potentialAction":[{"@type":"SearchAction","target":{"@type":"EntryPoint","urlTemplate":"https:\/\/kapitalis.com\/tunisie\/?s={search_term_string}"},"query-input":{"@type":"PropertyValueSpecification","valueRequired":true,"valueName":"search_term_string"}}],"inLanguage":"fr-FR"},{"@type":"Organization","@id":"https:\/\/kapitalis.com\/tunisie\/#organization","name":"Kapitalis","url":"https:\/\/kapitalis.com\/tunisie\/","logo":{"@type":"ImageObject","inLanguage":"fr-FR","@id":"https:\/\/kapitalis.com\/tunisie\/#\/schema\/logo\/image\/","url":"https:\/\/kapitalis.com\/tunisie\/wp-content\/uploads\/2022\/05\/Kapitalis-big-size.png","contentUrl":"https:\/\/kapitalis.com\/tunisie\/wp-content\/uploads\/2022\/05\/Kapitalis-big-size.png","width":5000,"height":1500,"caption":"Kapitalis"},"image":{"@id":"https:\/\/kapitalis.com\/tunisie\/#\/schema\/logo\/image\/"},"sameAs":["https:\/\/www.facebook.com\/KapitalisInfo\/","https:\/\/x.com\/KapitalisInfo","https:\/\/www.youtube.com\/channel\/UC-yDYrHyfFBWWZaOw3FPg9Q"]},{"@type":"Person","@id":"https:\/\/kapitalis.com\/tunisie\/#\/schema\/person\/d71f33a9ca44f7bad4698210b480c8e9","name":"webmaster kapitalis","url":"https:\/\/kapitalis.com\/tunisie\/author\/webmaster-kapitalis\/"}]}},"_links":{"self":[{"href":"https:\/\/kapitalis.com\/tunisie\/wp-json\/wp\/v2\/posts\/15021961","targetHints":{"allow":["GET"]}}],"collection":[{"href":"https:\/\/kapitalis.com\/tunisie\/wp-json\/wp\/v2\/posts"}],"about":[{"href":"https:\/\/kapitalis.com\/tunisie\/wp-json\/wp\/v2\/types\/post"}],"author":[{"embeddable":true,"href":"https:\/\/kapitalis.com\/tunisie\/wp-json\/wp\/v2\/users\/8"}],"replies":[{"embeddable":true,"href":"https:\/\/kapitalis.com\/tunisie\/wp-json\/wp\/v2\/comments?post=15021961"}],"version-history":[{"count":1,"href":"https:\/\/kapitalis.com\/tunisie\/wp-json\/wp\/v2\/posts\/15021961\/revisions"}],"predecessor-version":[{"id":15022012,"href":"https:\/\/kapitalis.com\/tunisie\/wp-json\/wp\/v2\/posts\/15021961\/revisions\/15022012"}],"wp:featuredmedia":[{"embeddable":true,"href":"https:\/\/kapitalis.com\/tunisie\/wp-json\/wp\/v2\/media\/15021995"}],"wp:attachment":[{"href":"https:\/\/kapitalis.com\/tunisie\/wp-json\/wp\/v2\/media?parent=15021961"}],"wp:term":[{"taxonomy":"category","embeddable":true,"href":"https:\/\/kapitalis.com\/tunisie\/wp-json\/wp\/v2\/categories?post=15021961"},{"taxonomy":"post_tag","embeddable":true,"href":"https:\/\/kapitalis.com\/tunisie\/wp-json\/wp\/v2\/tags?post=15021961"}],"curies":[{"name":"wp","href":"https:\/\/api.w.org\/{rel}","templated":true}]}}