{"id":150311,"date":"2018-04-23T16:27:40","date_gmt":"2018-04-23T15:27:40","guid":{"rendered":"http:\/\/kapitalis.com\/tunisie\/?p=150311"},"modified":"2018-04-23T16:27:40","modified_gmt":"2018-04-23T15:27:40","slug":"club-africain-atef-dkhili-reprendra-les-entrainements-fin-mai","status":"publish","type":"post","link":"https:\/\/kapitalis.com\/tunisie\/2018\/04\/23\/club-africain-atef-dkhili-reprendra-les-entrainements-fin-mai\/","title":{"rendered":"Club africain : Atef Dkhili reprendra les entra\u00eenements fin mai"},"content":{"rendered":"<p style=\"text-align: center;\"><img loading=\"lazy\" decoding=\"async\" class=\"alignnone size-full wp-image-150312\" src=\"http:\/\/kapitalis.com\/tunisie\/wp-content\/uploads\/2018\/04\/Atef-Dkhili-1.jpg\" alt=\"\" width=\"626\" height=\"380\" \/><\/p>\n<p><em><strong>Le gardien du Club africain (CA), Atef Dkhili, gravement bless\u00e9 au visage, a bien r\u00e9cup\u00e9r\u00e9 et entame, aujourd\u2019hui, lundi 23 avril 2018, la p\u00e9riode r\u00e9habilitation. Il sera de retour aux entra\u00eenements fin mai.<\/strong> <\/em><\/p>\n<p><!--more--><\/p>\n<p>C\u2019est ce qu\u2019a indiqu\u00e9 le joueur, qui a \u00e9t\u00e9 victime de 10 fractures au visage dont la m\u00e2choire, dans un t\u00e9lescopage avec son co\u00e9quipier Hamza Agrebi, qui lui a adress\u00e9, hier, dimanche 22 avril, un joli cadeau en marquant le tir au but d\u00e9cisif en demi-finale de la Coupe de Tunisie, contre le Club athl\u00e9tique bizertin (CAB).<\/p>\n<p>Les op\u00e9rations ont toute r\u00e9ussi mais il reste les implants, le joueur ayant perdu 5 dents lors de cet accident.<\/p>\n<p>Tr\u00e8s touch\u00e9 par les marques de sympathie et de soutien, le gardien clubiste s\u2019est dit heureux de la qualification pour la finale de la Coupe de Tunisie et promet de faire tout son possible pour rejoindre le plus vite ses co\u00e9quipiers.<\/p>\n<p><em>\u00abJe remercie mes co\u00e9quipiers pour ce cadeau et j\u2019\u00e9tais s\u00fbr de la qualification, le CA ne peut pas perdre trois fois cette saison devant le CAB\u00bb<\/em>, a-t-il affirm\u00e9 \u00e0 l\u2019\u00e9mission \u2018\u2018Dimanche Sport\u2019\u2019, hier, sur la cha\u00eene Wataniya 1.<\/p>\n<p style=\"text-align: right;\"><strong>H. M.<\/strong><\/p>\n<blockquote class=\"wp-embedded-content\" data-secret=\"AMkcCSUudt\"><p><a href=\"https:\/\/kapitalis.com\/tunisie\/2018\/04\/01\/football-club-africain-le-gardien-atef-dkhili-victime-de-fractures\/\">Football-Club africain : Le gardien Atef Dkhili victime de fractures<\/a><\/p><\/blockquote>\n<p><iframe loading=\"lazy\" class=\"wp-embedded-content\" sandbox=\"allow-scripts\" security=\"restricted\" style=\"position: absolute; clip: rect(1px, 1px, 1px, 1px);\" title=\"\u00ab\u00a0Football-Club africain : Le gardien Atef Dkhili victime de fractures\u00a0\u00bb &#8212; Kapitalis\" src=\"https:\/\/kapitalis.com\/tunisie\/2018\/04\/01\/football-club-africain-le-gardien-atef-dkhili-victime-de-fractures\/embed\/#?secret=9jSrHRdRbf#?secret=AMkcCSUudt\" data-secret=\"AMkcCSUudt\" width=\"600\" height=\"338\" frameborder=\"0\" marginwidth=\"0\" marginheight=\"0\" scrolling=\"no\"><\/iframe><\/p>\n","protected":false},"excerpt":{"rendered":"<p>Le gardien du Club africain (CA), Atef Dkhili, gravement bless\u00e9 au visage, a bien r\u00e9cup\u00e9r\u00e9 et entame, aujourd\u2019hui, lundi 23 avril 2018, la p\u00e9riode r\u00e9habilitation. Il sera de retour aux entra\u00eenements fin mai.<\/p>\n","protected":false},"author":8,"featured_media":150312,"comment_status":"open","ping_status":"open","sticky":false,"template":"","format":"standard","meta":{"footnotes":""},"categories":[999,2433],"tags":[41543,211,9098,4751,41858],"class_list":["post-150311","post","type-post","status-publish","format-standard","has-post-thumbnail","hentry","category-sport","category-tunisie","tag-atef-dkhili","tag-club-africain","tag-club-athletique-bizertin","tag-coupe-de-tunisie","tag-hamza-agrebi"],"yoast_head":"<!-- This site is optimized with the Yoast SEO plugin v26.6 - https:\/\/yoast.com\/wordpress\/plugins\/seo\/ -->\n<title>Club africain : Atef Dkhili reprendra les entra\u00eenements fin mai - Kapitalis<\/title>\n<meta name=\"robots\" content=\"index, follow, max-snippet:-1, max-image-preview:large, max-video-preview:-1\" \/>\n<link rel=\"canonical\" href=\"https:\/\/kapitalis.com\/tunisie\/2018\/04\/23\/club-africain-atef-dkhili-reprendra-les-entrainements-fin-mai\/\" \/>\n<meta property=\"og:locale\" content=\"fr_FR\" \/>\n<meta property=\"og:type\" content=\"article\" \/>\n<meta property=\"og:title\" content=\"Club africain : Atef Dkhili reprendra les entra\u00eenements fin mai - Kapitalis\" \/>\n<meta property=\"og:description\" content=\"Le gardien du Club africain (CA), Atef Dkhili, gravement bless\u00e9 au visage, a bien r\u00e9cup\u00e9r\u00e9 et entame, aujourd\u2019hui, lundi 23 avril 2018, la p\u00e9riode r\u00e9habilitation. Il sera de retour aux entra\u00eenements fin mai.\" \/>\n<meta property=\"og:url\" content=\"https:\/\/kapitalis.com\/tunisie\/2018\/04\/23\/club-africain-atef-dkhili-reprendra-les-entrainements-fin-mai\/\" \/>\n<meta property=\"og:site_name\" content=\"Kapitalis\" \/>\n<meta property=\"article:publisher\" content=\"https:\/\/www.facebook.com\/KapitalisInfo\/\" \/>\n<meta property=\"article:published_time\" content=\"2018-04-23T15:27:40+00:00\" \/>\n<meta property=\"og:image\" content=\"https:\/\/kapitalis.com\/tunisie\/wp-content\/uploads\/2022\/05\/kapitalis-logo-fb.png\" \/>\n\t<meta property=\"og:image:width\" content=\"1200\" \/>\n\t<meta property=\"og:image:height\" content=\"630\" \/>\n\t<meta property=\"og:image:type\" content=\"image\/png\" \/>\n<meta name=\"author\" content=\"webmaster kapitalis\" \/>\n<meta name=\"twitter:card\" content=\"summary_large_image\" \/>\n<meta name=\"twitter:creator\" content=\"@KapitalisInfo\" \/>\n<meta name=\"twitter:site\" content=\"@KapitalisInfo\" \/>\n<meta name=\"twitter:label1\" content=\"\u00c9crit par\" \/>\n\t<meta name=\"twitter:data1\" content=\"webmaster kapitalis\" \/>\n\t<meta name=\"twitter:label2\" content=\"Dur\u00e9e de lecture estim\u00e9e\" \/>\n\t<meta name=\"twitter:data2\" content=\"1 minute\" \/>\n<script type=\"application\/ld+json\" class=\"yoast-schema-graph\">{\"@context\":\"https:\/\/schema.org\",\"@graph\":[{\"@type\":\"Article\",\"@id\":\"https:\/\/kapitalis.com\/tunisie\/2018\/04\/23\/club-africain-atef-dkhili-reprendra-les-entrainements-fin-mai\/#article\",\"isPartOf\":{\"@id\":\"https:\/\/kapitalis.com\/tunisie\/2018\/04\/23\/club-africain-atef-dkhili-reprendra-les-entrainements-fin-mai\/\"},\"author\":{\"name\":\"webmaster kapitalis\",\"@id\":\"https:\/\/kapitalis.com\/tunisie\/#\/schema\/person\/d71f33a9ca44f7bad4698210b480c8e9\"},\"headline\":\"Club africain : Atef Dkhili reprendra les entra\u00eenements fin mai\",\"datePublished\":\"2018-04-23T15:27:40+00:00\",\"mainEntityOfPage\":{\"@id\":\"https:\/\/kapitalis.com\/tunisie\/2018\/04\/23\/club-africain-atef-dkhili-reprendra-les-entrainements-fin-mai\/\"},\"wordCount\":222,\"commentCount\":0,\"publisher\":{\"@id\":\"https:\/\/kapitalis.com\/tunisie\/#organization\"},\"image\":{\"@id\":\"https:\/\/kapitalis.com\/tunisie\/2018\/04\/23\/club-africain-atef-dkhili-reprendra-les-entrainements-fin-mai\/#primaryimage\"},\"thumbnailUrl\":\"\",\"keywords\":[\"Atef Dkhili\",\"Club Africain\",\"Club Athl\u00e9tique Bizertin\",\"coupe de Tunisie\",\"Hamza Agrebi\"],\"articleSection\":[\"SPORT\",\"Tunisie\"],\"inLanguage\":\"fr-FR\",\"potentialAction\":[{\"@type\":\"CommentAction\",\"name\":\"Comment\",\"target\":[\"https:\/\/kapitalis.com\/tunisie\/2018\/04\/23\/club-africain-atef-dkhili-reprendra-les-entrainements-fin-mai\/#respond\"]}]},{\"@type\":\"WebPage\",\"@id\":\"https:\/\/kapitalis.com\/tunisie\/2018\/04\/23\/club-africain-atef-dkhili-reprendra-les-entrainements-fin-mai\/\",\"url\":\"https:\/\/kapitalis.com\/tunisie\/2018\/04\/23\/club-africain-atef-dkhili-reprendra-les-entrainements-fin-mai\/\",\"name\":\"Club africain : Atef Dkhili reprendra les entra\u00eenements fin mai - Kapitalis\",\"isPartOf\":{\"@id\":\"https:\/\/kapitalis.com\/tunisie\/#website\"},\"primaryImageOfPage\":{\"@id\":\"https:\/\/kapitalis.com\/tunisie\/2018\/04\/23\/club-africain-atef-dkhili-reprendra-les-entrainements-fin-mai\/#primaryimage\"},\"image\":{\"@id\":\"https:\/\/kapitalis.com\/tunisie\/2018\/04\/23\/club-africain-atef-dkhili-reprendra-les-entrainements-fin-mai\/#primaryimage\"},\"thumbnailUrl\":\"\",\"datePublished\":\"2018-04-23T15:27:40+00:00\",\"breadcrumb\":{\"@id\":\"https:\/\/kapitalis.com\/tunisie\/2018\/04\/23\/club-africain-atef-dkhili-reprendra-les-entrainements-fin-mai\/#breadcrumb\"},\"inLanguage\":\"fr-FR\",\"potentialAction\":[{\"@type\":\"ReadAction\",\"target\":[\"https:\/\/kapitalis.com\/tunisie\/2018\/04\/23\/club-africain-atef-dkhili-reprendra-les-entrainements-fin-mai\/\"]}]},{\"@type\":\"ImageObject\",\"inLanguage\":\"fr-FR\",\"@id\":\"https:\/\/kapitalis.com\/tunisie\/2018\/04\/23\/club-africain-atef-dkhili-reprendra-les-entrainements-fin-mai\/#primaryimage\",\"url\":\"\",\"contentUrl\":\"\"},{\"@type\":\"BreadcrumbList\",\"@id\":\"https:\/\/kapitalis.com\/tunisie\/2018\/04\/23\/club-africain-atef-dkhili-reprendra-les-entrainements-fin-mai\/#breadcrumb\",\"itemListElement\":[{\"@type\":\"ListItem\",\"position\":1,\"name\":\"Accueil\",\"item\":\"https:\/\/kapitalis.com\/tunisie\/\"},{\"@type\":\"ListItem\",\"position\":2,\"name\":\"Club africain : Atef Dkhili reprendra les entra\u00eenements fin mai\"}]},{\"@type\":\"WebSite\",\"@id\":\"https:\/\/kapitalis.com\/tunisie\/#website\",\"url\":\"https:\/\/kapitalis.com\/tunisie\/\",\"name\":\"Kapitalis\",\"description\":\"L&#039;actualit\u00e9 en Tunisie et dans le monde\",\"publisher\":{\"@id\":\"https:\/\/kapitalis.com\/tunisie\/#organization\"},\"potentialAction\":[{\"@type\":\"SearchAction\",\"target\":{\"@type\":\"EntryPoint\",\"urlTemplate\":\"https:\/\/kapitalis.com\/tunisie\/?s={search_term_string}\"},\"query-input\":{\"@type\":\"PropertyValueSpecification\",\"valueRequired\":true,\"valueName\":\"search_term_string\"}}],\"inLanguage\":\"fr-FR\"},{\"@type\":\"Organization\",\"@id\":\"https:\/\/kapitalis.com\/tunisie\/#organization\",\"name\":\"Kapitalis\",\"url\":\"https:\/\/kapitalis.com\/tunisie\/\",\"logo\":{\"@type\":\"ImageObject\",\"inLanguage\":\"fr-FR\",\"@id\":\"https:\/\/kapitalis.com\/tunisie\/#\/schema\/logo\/image\/\",\"url\":\"https:\/\/kapitalis.com\/tunisie\/wp-content\/uploads\/2022\/05\/Kapitalis-big-size.png\",\"contentUrl\":\"https:\/\/kapitalis.com\/tunisie\/wp-content\/uploads\/2022\/05\/Kapitalis-big-size.png\",\"width\":5000,\"height\":1500,\"caption\":\"Kapitalis\"},\"image\":{\"@id\":\"https:\/\/kapitalis.com\/tunisie\/#\/schema\/logo\/image\/\"},\"sameAs\":[\"https:\/\/www.facebook.com\/KapitalisInfo\/\",\"https:\/\/x.com\/KapitalisInfo\",\"https:\/\/www.youtube.com\/channel\/UC-yDYrHyfFBWWZaOw3FPg9Q\"]},{\"@type\":\"Person\",\"@id\":\"https:\/\/kapitalis.com\/tunisie\/#\/schema\/person\/d71f33a9ca44f7bad4698210b480c8e9\",\"name\":\"webmaster kapitalis\",\"url\":\"https:\/\/kapitalis.com\/tunisie\/author\/webmaster-kapitalis\/\"}]}<\/script>\n<!-- \/ Yoast SEO plugin. -->","yoast_head_json":{"title":"Club africain : Atef Dkhili reprendra les entra\u00eenements fin mai - Kapitalis","robots":{"index":"index","follow":"follow","max-snippet":"max-snippet:-1","max-image-preview":"max-image-preview:large","max-video-preview":"max-video-preview:-1"},"canonical":"https:\/\/kapitalis.com\/tunisie\/2018\/04\/23\/club-africain-atef-dkhili-reprendra-les-entrainements-fin-mai\/","og_locale":"fr_FR","og_type":"article","og_title":"Club africain : Atef Dkhili reprendra les entra\u00eenements fin mai - Kapitalis","og_description":"Le gardien du Club africain (CA), Atef Dkhili, gravement bless\u00e9 au visage, a bien r\u00e9cup\u00e9r\u00e9 et entame, aujourd\u2019hui, lundi 23 avril 2018, la p\u00e9riode r\u00e9habilitation. Il sera de retour aux entra\u00eenements fin mai.","og_url":"https:\/\/kapitalis.com\/tunisie\/2018\/04\/23\/club-africain-atef-dkhili-reprendra-les-entrainements-fin-mai\/","og_site_name":"Kapitalis","article_publisher":"https:\/\/www.facebook.com\/KapitalisInfo\/","article_published_time":"2018-04-23T15:27:40+00:00","og_image":[{"width":1200,"height":630,"url":"https:\/\/kapitalis.com\/tunisie\/wp-content\/uploads\/2022\/05\/kapitalis-logo-fb.png","type":"image\/png"}],"author":"webmaster kapitalis","twitter_card":"summary_large_image","twitter_creator":"@KapitalisInfo","twitter_site":"@KapitalisInfo","twitter_misc":{"\u00c9crit par":"webmaster kapitalis","Dur\u00e9e de lecture estim\u00e9e":"1 minute"},"schema":{"@context":"https:\/\/schema.org","@graph":[{"@type":"Article","@id":"https:\/\/kapitalis.com\/tunisie\/2018\/04\/23\/club-africain-atef-dkhili-reprendra-les-entrainements-fin-mai\/#article","isPartOf":{"@id":"https:\/\/kapitalis.com\/tunisie\/2018\/04\/23\/club-africain-atef-dkhili-reprendra-les-entrainements-fin-mai\/"},"author":{"name":"webmaster kapitalis","@id":"https:\/\/kapitalis.com\/tunisie\/#\/schema\/person\/d71f33a9ca44f7bad4698210b480c8e9"},"headline":"Club africain : Atef Dkhili reprendra les entra\u00eenements fin mai","datePublished":"2018-04-23T15:27:40+00:00","mainEntityOfPage":{"@id":"https:\/\/kapitalis.com\/tunisie\/2018\/04\/23\/club-africain-atef-dkhili-reprendra-les-entrainements-fin-mai\/"},"wordCount":222,"commentCount":0,"publisher":{"@id":"https:\/\/kapitalis.com\/tunisie\/#organization"},"image":{"@id":"https:\/\/kapitalis.com\/tunisie\/2018\/04\/23\/club-africain-atef-dkhili-reprendra-les-entrainements-fin-mai\/#primaryimage"},"thumbnailUrl":"","keywords":["Atef Dkhili","Club Africain","Club Athl\u00e9tique Bizertin","coupe de Tunisie","Hamza Agrebi"],"articleSection":["SPORT","Tunisie"],"inLanguage":"fr-FR","potentialAction":[{"@type":"CommentAction","name":"Comment","target":["https:\/\/kapitalis.com\/tunisie\/2018\/04\/23\/club-africain-atef-dkhili-reprendra-les-entrainements-fin-mai\/#respond"]}]},{"@type":"WebPage","@id":"https:\/\/kapitalis.com\/tunisie\/2018\/04\/23\/club-africain-atef-dkhili-reprendra-les-entrainements-fin-mai\/","url":"https:\/\/kapitalis.com\/tunisie\/2018\/04\/23\/club-africain-atef-dkhili-reprendra-les-entrainements-fin-mai\/","name":"Club africain : Atef Dkhili reprendra les entra\u00eenements fin mai - Kapitalis","isPartOf":{"@id":"https:\/\/kapitalis.com\/tunisie\/#website"},"primaryImageOfPage":{"@id":"https:\/\/kapitalis.com\/tunisie\/2018\/04\/23\/club-africain-atef-dkhili-reprendra-les-entrainements-fin-mai\/#primaryimage"},"image":{"@id":"https:\/\/kapitalis.com\/tunisie\/2018\/04\/23\/club-africain-atef-dkhili-reprendra-les-entrainements-fin-mai\/#primaryimage"},"thumbnailUrl":"","datePublished":"2018-04-23T15:27:40+00:00","breadcrumb":{"@id":"https:\/\/kapitalis.com\/tunisie\/2018\/04\/23\/club-africain-atef-dkhili-reprendra-les-entrainements-fin-mai\/#breadcrumb"},"inLanguage":"fr-FR","potentialAction":[{"@type":"ReadAction","target":["https:\/\/kapitalis.com\/tunisie\/2018\/04\/23\/club-africain-atef-dkhili-reprendra-les-entrainements-fin-mai\/"]}]},{"@type":"ImageObject","inLanguage":"fr-FR","@id":"https:\/\/kapitalis.com\/tunisie\/2018\/04\/23\/club-africain-atef-dkhili-reprendra-les-entrainements-fin-mai\/#primaryimage","url":"","contentUrl":""},{"@type":"BreadcrumbList","@id":"https:\/\/kapitalis.com\/tunisie\/2018\/04\/23\/club-africain-atef-dkhili-reprendra-les-entrainements-fin-mai\/#breadcrumb","itemListElement":[{"@type":"ListItem","position":1,"name":"Accueil","item":"https:\/\/kapitalis.com\/tunisie\/"},{"@type":"ListItem","position":2,"name":"Club africain : Atef Dkhili reprendra les entra\u00eenements fin mai"}]},{"@type":"WebSite","@id":"https:\/\/kapitalis.com\/tunisie\/#website","url":"https:\/\/kapitalis.com\/tunisie\/","name":"Kapitalis","description":"L&#039;actualit\u00e9 en Tunisie et dans le monde","publisher":{"@id":"https:\/\/kapitalis.com\/tunisie\/#organization"},"potentialAction":[{"@type":"SearchAction","target":{"@type":"EntryPoint","urlTemplate":"https:\/\/kapitalis.com\/tunisie\/?s={search_term_string}"},"query-input":{"@type":"PropertyValueSpecification","valueRequired":true,"valueName":"search_term_string"}}],"inLanguage":"fr-FR"},{"@type":"Organization","@id":"https:\/\/kapitalis.com\/tunisie\/#organization","name":"Kapitalis","url":"https:\/\/kapitalis.com\/tunisie\/","logo":{"@type":"ImageObject","inLanguage":"fr-FR","@id":"https:\/\/kapitalis.com\/tunisie\/#\/schema\/logo\/image\/","url":"https:\/\/kapitalis.com\/tunisie\/wp-content\/uploads\/2022\/05\/Kapitalis-big-size.png","contentUrl":"https:\/\/kapitalis.com\/tunisie\/wp-content\/uploads\/2022\/05\/Kapitalis-big-size.png","width":5000,"height":1500,"caption":"Kapitalis"},"image":{"@id":"https:\/\/kapitalis.com\/tunisie\/#\/schema\/logo\/image\/"},"sameAs":["https:\/\/www.facebook.com\/KapitalisInfo\/","https:\/\/x.com\/KapitalisInfo","https:\/\/www.youtube.com\/channel\/UC-yDYrHyfFBWWZaOw3FPg9Q"]},{"@type":"Person","@id":"https:\/\/kapitalis.com\/tunisie\/#\/schema\/person\/d71f33a9ca44f7bad4698210b480c8e9","name":"webmaster kapitalis","url":"https:\/\/kapitalis.com\/tunisie\/author\/webmaster-kapitalis\/"}]}},"_links":{"self":[{"href":"https:\/\/kapitalis.com\/tunisie\/wp-json\/wp\/v2\/posts\/150311","targetHints":{"allow":["GET"]}}],"collection":[{"href":"https:\/\/kapitalis.com\/tunisie\/wp-json\/wp\/v2\/posts"}],"about":[{"href":"https:\/\/kapitalis.com\/tunisie\/wp-json\/wp\/v2\/types\/post"}],"author":[{"embeddable":true,"href":"https:\/\/kapitalis.com\/tunisie\/wp-json\/wp\/v2\/users\/8"}],"replies":[{"embeddable":true,"href":"https:\/\/kapitalis.com\/tunisie\/wp-json\/wp\/v2\/comments?post=150311"}],"version-history":[{"count":0,"href":"https:\/\/kapitalis.com\/tunisie\/wp-json\/wp\/v2\/posts\/150311\/revisions"}],"wp:featuredmedia":[{"embeddable":true,"href":"https:\/\/kapitalis.com\/tunisie\/wp-json\/wp\/v2\/media\/150312"}],"wp:attachment":[{"href":"https:\/\/kapitalis.com\/tunisie\/wp-json\/wp\/v2\/media?parent=150311"}],"wp:term":[{"taxonomy":"category","embeddable":true,"href":"https:\/\/kapitalis.com\/tunisie\/wp-json\/wp\/v2\/categories?post=150311"},{"taxonomy":"post_tag","embeddable":true,"href":"https:\/\/kapitalis.com\/tunisie\/wp-json\/wp\/v2\/tags?post=150311"}],"curies":[{"name":"wp","href":"https:\/\/api.w.org\/{rel}","templated":true}]}}