{"id":15032673,"date":"2024-12-31T12:39:57","date_gmt":"2024-12-31T11:39:57","guid":{"rendered":"https:\/\/kapitalis.com\/tunisie\/?p=15032673"},"modified":"2024-12-31T12:56:42","modified_gmt":"2024-12-31T11:56:42","slug":"les-etats-unis-transferent-un-detenu-de-guantanamo-en-tunisie","status":"publish","type":"post","link":"https:\/\/kapitalis.com\/tunisie\/2024\/12\/31\/les-etats-unis-transferent-un-detenu-de-guantanamo-en-tunisie\/","title":{"rendered":"Les \u00c9tats-Unis transf\u00e8rent un d\u00e9tenu de Guantanamo en Tunisie"},"content":{"rendered":"\n<p><strong><em>Le minist\u00e8re am\u00e9ricain de la D\u00e9fense a annonc\u00e9 lundi 30 d\u00e9cembre 2024 que le d\u00e9tenu de Guantanamo Ridah Bin Saleh Al-Yazidi (ou Ridha Ben Salah Yazidi) avait \u00e9t\u00e9 rapatri\u00e9 en Tunisie, un transfert qui laisse 26 d\u00e9tenus dans la base am\u00e9ricaine \u00e0 Cuba.<\/em><\/strong><\/p>\n\n\n\n<!--more-->\n\n\n\n<p>Yazidi, n\u00e9 le 24 janvier 1965, est arriv\u00e9 \u00e0 Guantanamo le jour de son ouverture, le 11 janvier 2002, et n\u2019a jamais \u00e9t\u00e9 inculp\u00e9. Il a \u00e9t\u00e9 remis au gouvernement tunisien, a d\u00e9clar\u00e9 le Pentagone dans son communiqu\u00e9 de presse.<\/p>\n\n\n\n<p><em>\u00abLe 31 janvier 2024, le secr\u00e9taire \u00e0 la D\u00e9fense (Lloyd) Austin a notifi\u00e9 au Congr\u00e8s son intention de soutenir ce rapatriement et, en consultation avec notre partenaire en Tunisie, nous avons rempli les conditions requises pour un transfert responsable\u00bb<\/em>, indique le communiqu\u00e9 de presse.<\/p>\n\n\n\n<p>Le transfert a eu lieu quelques jours apr\u00e8s que le Pentagone a annonc\u00e9 le rapatriement de trois autres d\u00e9tenus, alors que l&rsquo;administration Biden s\u2019efforce de r\u00e9duire le nombre de personnes d\u00e9tenues dans ce tristement c\u00e9l\u00e8bre \u00e9tablissement.<\/p>\n\n\n\n<p>Selon une \u00e9valuation militaire am\u00e9ricaine de 2007, Yazidi \u00e9tait accus\u00e9 d\u2019\u00eatre membre du groupe militant Al-Qa\u00efda. <br><br>Cependant, les groupes de d\u00e9fense des droits de l\u2019homme critiquent depuis longtemps ces \u00e9valuations, affirmant qu\u2019elles se sont souvent r\u00e9v\u00e9l\u00e9es peu fiables. <\/p>\n\n\n\n<p>Le Pentagone a d\u00e9clar\u00e9 dans un communiqu\u00e9 de presse au d\u00e9but du mois que Mohammed Farik bin Amin et Mohammed Nazir bin Lep, tous deux Malaisiens, ont \u00e9t\u00e9 renvoy\u00e9s dans leur pays d\u2019origine pour purger le reste d\u2019une peine de cinq ans impos\u00e9e en juin. Les autorit\u00e9s avaient \u00e9galement annonc\u00e9 le transfert de Mohammed Abdul Malik Bajabu au Kenya.<\/p>\n\n\n\n<p>Quatorze des 26 d\u00e9tenus restants sont \u00e9ligibles au transfert, selon le Pentagone. Trois autres sont \u00e9ligibles \u00e0 un examen p\u00e9riodique.<\/p>\n\n\n\n<p><em>\u00abLes \u00c9tats-Unis appr\u00e9cient le soutien apport\u00e9 aux efforts am\u00e9ricains en cours en vue d\u2019un processus d\u00e9lib\u00e9r\u00e9 et approfondi visant \u00e0 r\u00e9duire de mani\u00e8re responsable la population carc\u00e9rale et \u00e0 terme \u00e0 fermer le centre de Guantanamo Bay\u00bb<\/em>, a d\u00e9clar\u00e9 le Pentagone dans un communiqu\u00e9 annon\u00e7ant le rapatriement de Bajabu plus t\u00f4t ce mois-ci.<\/p>\n\n\n\n<p>Les dossiers de sept autres d\u00e9tenus sont en cours devant des commissions militaires, le processus judiciaire au cours duquel les d\u00e9tenus sont jug\u00e9s. Deux d\u00e9tenus ont \u00e9t\u00e9 reconnus coupables et condamn\u00e9s par ces commissions.<\/p>\n\n\n\n<p>Agences.<\/p>\n","protected":false},"excerpt":{"rendered":"<p>Le d\u00e9tenu de Guantanamo Ridha Ben Salah Yazidi rapatri\u00e9 hier, lundi 30 d\u00e9cembre 2024, en Tunisie. <\/p>\n","protected":false},"author":8,"featured_media":15032698,"comment_status":"open","ping_status":"open","sticky":false,"template":"","format":"standard","meta":{"footnotes":""},"categories":[998,2433],"tags":[8017,91003,86401,119862,119863,62643],"class_list":["post-15032673","post","type-post","status-publish","format-standard","has-post-thumbnail","hentry","category-societe","category-tunisie","tag-cuba","tag-etats-unis-3","tag-guantanamo","tag-ridah-bin-saleh-al-yazidi","tag-ridha-ben-salah-yazidi","tag-tunisie"],"yoast_head":"<!-- This site is optimized with the Yoast SEO plugin v26.6 - https:\/\/yoast.com\/wordpress\/plugins\/seo\/ -->\n<title>Les \u00c9tats-Unis transf\u00e8rent un d\u00e9tenu de Guantanamo en Tunisie - Kapitalis<\/title>\n<meta name=\"robots\" content=\"index, follow, max-snippet:-1, max-image-preview:large, max-video-preview:-1\" \/>\n<link rel=\"canonical\" href=\"https:\/\/kapitalis.com\/tunisie\/2024\/12\/31\/les-etats-unis-transferent-un-detenu-de-guantanamo-en-tunisie\/\" \/>\n<meta property=\"og:locale\" content=\"fr_FR\" \/>\n<meta property=\"og:type\" content=\"article\" \/>\n<meta property=\"og:title\" content=\"Les \u00c9tats-Unis transf\u00e8rent un d\u00e9tenu de Guantanamo en Tunisie - Kapitalis\" \/>\n<meta property=\"og:description\" content=\"Le d\u00e9tenu de Guantanamo Ridha Ben Salah Yazidi rapatri\u00e9 hier, lundi 30 d\u00e9cembre 2024, en Tunisie.\" \/>\n<meta property=\"og:url\" content=\"https:\/\/kapitalis.com\/tunisie\/2024\/12\/31\/les-etats-unis-transferent-un-detenu-de-guantanamo-en-tunisie\/\" \/>\n<meta property=\"og:site_name\" content=\"Kapitalis\" \/>\n<meta property=\"article:publisher\" content=\"https:\/\/www.facebook.com\/KapitalisInfo\/\" \/>\n<meta property=\"article:published_time\" content=\"2024-12-31T11:39:57+00:00\" \/>\n<meta property=\"article:modified_time\" content=\"2024-12-31T11:56:42+00:00\" \/>\n<meta property=\"og:image\" content=\"https:\/\/kapitalis.com\/tunisie\/wp-content\/uploads\/2024\/12\/Ridha-Ben-Salah-Yazidi.jpg\" \/>\n\t<meta property=\"og:image:width\" content=\"1200\" \/>\n\t<meta property=\"og:image:height\" content=\"630\" \/>\n\t<meta property=\"og:image:type\" content=\"image\/jpeg\" \/>\n<meta name=\"author\" content=\"webmaster kapitalis\" \/>\n<meta name=\"twitter:card\" content=\"summary_large_image\" \/>\n<meta name=\"twitter:creator\" content=\"@KapitalisInfo\" \/>\n<meta name=\"twitter:site\" content=\"@KapitalisInfo\" \/>\n<meta name=\"twitter:label1\" content=\"\u00c9crit par\" \/>\n\t<meta name=\"twitter:data1\" content=\"webmaster kapitalis\" \/>\n\t<meta name=\"twitter:label2\" content=\"Dur\u00e9e de lecture estim\u00e9e\" \/>\n\t<meta name=\"twitter:data2\" content=\"3 minutes\" \/>\n<script type=\"application\/ld+json\" class=\"yoast-schema-graph\">{\"@context\":\"https:\/\/schema.org\",\"@graph\":[{\"@type\":\"Article\",\"@id\":\"https:\/\/kapitalis.com\/tunisie\/2024\/12\/31\/les-etats-unis-transferent-un-detenu-de-guantanamo-en-tunisie\/#article\",\"isPartOf\":{\"@id\":\"https:\/\/kapitalis.com\/tunisie\/2024\/12\/31\/les-etats-unis-transferent-un-detenu-de-guantanamo-en-tunisie\/\"},\"author\":{\"name\":\"webmaster kapitalis\",\"@id\":\"https:\/\/kapitalis.com\/tunisie\/#\/schema\/person\/d71f33a9ca44f7bad4698210b480c8e9\"},\"headline\":\"Les \u00c9tats-Unis transf\u00e8rent un d\u00e9tenu de Guantanamo en Tunisie\",\"datePublished\":\"2024-12-31T11:39:57+00:00\",\"dateModified\":\"2024-12-31T11:56:42+00:00\",\"mainEntityOfPage\":{\"@id\":\"https:\/\/kapitalis.com\/tunisie\/2024\/12\/31\/les-etats-unis-transferent-un-detenu-de-guantanamo-en-tunisie\/\"},\"wordCount\":414,\"commentCount\":1,\"publisher\":{\"@id\":\"https:\/\/kapitalis.com\/tunisie\/#organization\"},\"image\":{\"@id\":\"https:\/\/kapitalis.com\/tunisie\/2024\/12\/31\/les-etats-unis-transferent-un-detenu-de-guantanamo-en-tunisie\/#primaryimage\"},\"thumbnailUrl\":\"https:\/\/kapitalis.com\/tunisie\/wp-content\/uploads\/2024\/12\/Ridha-Ben-Salah-Yazidi.jpg\",\"keywords\":[\"Cuba\",\"\u00c9tats-Unis\",\"Guantanamo\",\"Ridah Bin Saleh Al-Yazidi\",\"Ridha Ben Salah Yazidi\",\"Tunisie\"],\"articleSection\":[\"SOCIETE\",\"Tunisie\"],\"inLanguage\":\"fr-FR\",\"potentialAction\":[{\"@type\":\"CommentAction\",\"name\":\"Comment\",\"target\":[\"https:\/\/kapitalis.com\/tunisie\/2024\/12\/31\/les-etats-unis-transferent-un-detenu-de-guantanamo-en-tunisie\/#respond\"]}]},{\"@type\":\"WebPage\",\"@id\":\"https:\/\/kapitalis.com\/tunisie\/2024\/12\/31\/les-etats-unis-transferent-un-detenu-de-guantanamo-en-tunisie\/\",\"url\":\"https:\/\/kapitalis.com\/tunisie\/2024\/12\/31\/les-etats-unis-transferent-un-detenu-de-guantanamo-en-tunisie\/\",\"name\":\"Les \u00c9tats-Unis transf\u00e8rent un d\u00e9tenu de Guantanamo en Tunisie - Kapitalis\",\"isPartOf\":{\"@id\":\"https:\/\/kapitalis.com\/tunisie\/#website\"},\"primaryImageOfPage\":{\"@id\":\"https:\/\/kapitalis.com\/tunisie\/2024\/12\/31\/les-etats-unis-transferent-un-detenu-de-guantanamo-en-tunisie\/#primaryimage\"},\"image\":{\"@id\":\"https:\/\/kapitalis.com\/tunisie\/2024\/12\/31\/les-etats-unis-transferent-un-detenu-de-guantanamo-en-tunisie\/#primaryimage\"},\"thumbnailUrl\":\"https:\/\/kapitalis.com\/tunisie\/wp-content\/uploads\/2024\/12\/Ridha-Ben-Salah-Yazidi.jpg\",\"datePublished\":\"2024-12-31T11:39:57+00:00\",\"dateModified\":\"2024-12-31T11:56:42+00:00\",\"breadcrumb\":{\"@id\":\"https:\/\/kapitalis.com\/tunisie\/2024\/12\/31\/les-etats-unis-transferent-un-detenu-de-guantanamo-en-tunisie\/#breadcrumb\"},\"inLanguage\":\"fr-FR\",\"potentialAction\":[{\"@type\":\"ReadAction\",\"target\":[\"https:\/\/kapitalis.com\/tunisie\/2024\/12\/31\/les-etats-unis-transferent-un-detenu-de-guantanamo-en-tunisie\/\"]}]},{\"@type\":\"ImageObject\",\"inLanguage\":\"fr-FR\",\"@id\":\"https:\/\/kapitalis.com\/tunisie\/2024\/12\/31\/les-etats-unis-transferent-un-detenu-de-guantanamo-en-tunisie\/#primaryimage\",\"url\":\"https:\/\/kapitalis.com\/tunisie\/wp-content\/uploads\/2024\/12\/Ridha-Ben-Salah-Yazidi.jpg\",\"contentUrl\":\"https:\/\/kapitalis.com\/tunisie\/wp-content\/uploads\/2024\/12\/Ridha-Ben-Salah-Yazidi.jpg\",\"width\":1200,\"height\":630},{\"@type\":\"BreadcrumbList\",\"@id\":\"https:\/\/kapitalis.com\/tunisie\/2024\/12\/31\/les-etats-unis-transferent-un-detenu-de-guantanamo-en-tunisie\/#breadcrumb\",\"itemListElement\":[{\"@type\":\"ListItem\",\"position\":1,\"name\":\"Accueil\",\"item\":\"https:\/\/kapitalis.com\/tunisie\/\"},{\"@type\":\"ListItem\",\"position\":2,\"name\":\"Les \u00c9tats-Unis transf\u00e8rent un d\u00e9tenu de Guantanamo en Tunisie\"}]},{\"@type\":\"WebSite\",\"@id\":\"https:\/\/kapitalis.com\/tunisie\/#website\",\"url\":\"https:\/\/kapitalis.com\/tunisie\/\",\"name\":\"Kapitalis\",\"description\":\"L&#039;actualit\u00e9 en Tunisie et dans le monde\",\"publisher\":{\"@id\":\"https:\/\/kapitalis.com\/tunisie\/#organization\"},\"potentialAction\":[{\"@type\":\"SearchAction\",\"target\":{\"@type\":\"EntryPoint\",\"urlTemplate\":\"https:\/\/kapitalis.com\/tunisie\/?s={search_term_string}\"},\"query-input\":{\"@type\":\"PropertyValueSpecification\",\"valueRequired\":true,\"valueName\":\"search_term_string\"}}],\"inLanguage\":\"fr-FR\"},{\"@type\":\"Organization\",\"@id\":\"https:\/\/kapitalis.com\/tunisie\/#organization\",\"name\":\"Kapitalis\",\"url\":\"https:\/\/kapitalis.com\/tunisie\/\",\"logo\":{\"@type\":\"ImageObject\",\"inLanguage\":\"fr-FR\",\"@id\":\"https:\/\/kapitalis.com\/tunisie\/#\/schema\/logo\/image\/\",\"url\":\"https:\/\/kapitalis.com\/tunisie\/wp-content\/uploads\/2022\/05\/Kapitalis-big-size.png\",\"contentUrl\":\"https:\/\/kapitalis.com\/tunisie\/wp-content\/uploads\/2022\/05\/Kapitalis-big-size.png\",\"width\":5000,\"height\":1500,\"caption\":\"Kapitalis\"},\"image\":{\"@id\":\"https:\/\/kapitalis.com\/tunisie\/#\/schema\/logo\/image\/\"},\"sameAs\":[\"https:\/\/www.facebook.com\/KapitalisInfo\/\",\"https:\/\/x.com\/KapitalisInfo\",\"https:\/\/www.youtube.com\/channel\/UC-yDYrHyfFBWWZaOw3FPg9Q\"]},{\"@type\":\"Person\",\"@id\":\"https:\/\/kapitalis.com\/tunisie\/#\/schema\/person\/d71f33a9ca44f7bad4698210b480c8e9\",\"name\":\"webmaster kapitalis\",\"url\":\"https:\/\/kapitalis.com\/tunisie\/author\/webmaster-kapitalis\/\"}]}<\/script>\n<!-- \/ Yoast SEO plugin. -->","yoast_head_json":{"title":"Les \u00c9tats-Unis transf\u00e8rent un d\u00e9tenu de Guantanamo en Tunisie - Kapitalis","robots":{"index":"index","follow":"follow","max-snippet":"max-snippet:-1","max-image-preview":"max-image-preview:large","max-video-preview":"max-video-preview:-1"},"canonical":"https:\/\/kapitalis.com\/tunisie\/2024\/12\/31\/les-etats-unis-transferent-un-detenu-de-guantanamo-en-tunisie\/","og_locale":"fr_FR","og_type":"article","og_title":"Les \u00c9tats-Unis transf\u00e8rent un d\u00e9tenu de Guantanamo en Tunisie - Kapitalis","og_description":"Le d\u00e9tenu de Guantanamo Ridha Ben Salah Yazidi rapatri\u00e9 hier, lundi 30 d\u00e9cembre 2024, en Tunisie.","og_url":"https:\/\/kapitalis.com\/tunisie\/2024\/12\/31\/les-etats-unis-transferent-un-detenu-de-guantanamo-en-tunisie\/","og_site_name":"Kapitalis","article_publisher":"https:\/\/www.facebook.com\/KapitalisInfo\/","article_published_time":"2024-12-31T11:39:57+00:00","article_modified_time":"2024-12-31T11:56:42+00:00","og_image":[{"width":1200,"height":630,"url":"https:\/\/kapitalis.com\/tunisie\/wp-content\/uploads\/2024\/12\/Ridha-Ben-Salah-Yazidi.jpg","type":"image\/jpeg"}],"author":"webmaster kapitalis","twitter_card":"summary_large_image","twitter_creator":"@KapitalisInfo","twitter_site":"@KapitalisInfo","twitter_misc":{"\u00c9crit par":"webmaster kapitalis","Dur\u00e9e de lecture estim\u00e9e":"3 minutes"},"schema":{"@context":"https:\/\/schema.org","@graph":[{"@type":"Article","@id":"https:\/\/kapitalis.com\/tunisie\/2024\/12\/31\/les-etats-unis-transferent-un-detenu-de-guantanamo-en-tunisie\/#article","isPartOf":{"@id":"https:\/\/kapitalis.com\/tunisie\/2024\/12\/31\/les-etats-unis-transferent-un-detenu-de-guantanamo-en-tunisie\/"},"author":{"name":"webmaster kapitalis","@id":"https:\/\/kapitalis.com\/tunisie\/#\/schema\/person\/d71f33a9ca44f7bad4698210b480c8e9"},"headline":"Les \u00c9tats-Unis transf\u00e8rent un d\u00e9tenu de Guantanamo en Tunisie","datePublished":"2024-12-31T11:39:57+00:00","dateModified":"2024-12-31T11:56:42+00:00","mainEntityOfPage":{"@id":"https:\/\/kapitalis.com\/tunisie\/2024\/12\/31\/les-etats-unis-transferent-un-detenu-de-guantanamo-en-tunisie\/"},"wordCount":414,"commentCount":1,"publisher":{"@id":"https:\/\/kapitalis.com\/tunisie\/#organization"},"image":{"@id":"https:\/\/kapitalis.com\/tunisie\/2024\/12\/31\/les-etats-unis-transferent-un-detenu-de-guantanamo-en-tunisie\/#primaryimage"},"thumbnailUrl":"https:\/\/kapitalis.com\/tunisie\/wp-content\/uploads\/2024\/12\/Ridha-Ben-Salah-Yazidi.jpg","keywords":["Cuba","\u00c9tats-Unis","Guantanamo","Ridah Bin Saleh Al-Yazidi","Ridha Ben Salah Yazidi","Tunisie"],"articleSection":["SOCIETE","Tunisie"],"inLanguage":"fr-FR","potentialAction":[{"@type":"CommentAction","name":"Comment","target":["https:\/\/kapitalis.com\/tunisie\/2024\/12\/31\/les-etats-unis-transferent-un-detenu-de-guantanamo-en-tunisie\/#respond"]}]},{"@type":"WebPage","@id":"https:\/\/kapitalis.com\/tunisie\/2024\/12\/31\/les-etats-unis-transferent-un-detenu-de-guantanamo-en-tunisie\/","url":"https:\/\/kapitalis.com\/tunisie\/2024\/12\/31\/les-etats-unis-transferent-un-detenu-de-guantanamo-en-tunisie\/","name":"Les \u00c9tats-Unis transf\u00e8rent un d\u00e9tenu de Guantanamo en Tunisie - Kapitalis","isPartOf":{"@id":"https:\/\/kapitalis.com\/tunisie\/#website"},"primaryImageOfPage":{"@id":"https:\/\/kapitalis.com\/tunisie\/2024\/12\/31\/les-etats-unis-transferent-un-detenu-de-guantanamo-en-tunisie\/#primaryimage"},"image":{"@id":"https:\/\/kapitalis.com\/tunisie\/2024\/12\/31\/les-etats-unis-transferent-un-detenu-de-guantanamo-en-tunisie\/#primaryimage"},"thumbnailUrl":"https:\/\/kapitalis.com\/tunisie\/wp-content\/uploads\/2024\/12\/Ridha-Ben-Salah-Yazidi.jpg","datePublished":"2024-12-31T11:39:57+00:00","dateModified":"2024-12-31T11:56:42+00:00","breadcrumb":{"@id":"https:\/\/kapitalis.com\/tunisie\/2024\/12\/31\/les-etats-unis-transferent-un-detenu-de-guantanamo-en-tunisie\/#breadcrumb"},"inLanguage":"fr-FR","potentialAction":[{"@type":"ReadAction","target":["https:\/\/kapitalis.com\/tunisie\/2024\/12\/31\/les-etats-unis-transferent-un-detenu-de-guantanamo-en-tunisie\/"]}]},{"@type":"ImageObject","inLanguage":"fr-FR","@id":"https:\/\/kapitalis.com\/tunisie\/2024\/12\/31\/les-etats-unis-transferent-un-detenu-de-guantanamo-en-tunisie\/#primaryimage","url":"https:\/\/kapitalis.com\/tunisie\/wp-content\/uploads\/2024\/12\/Ridha-Ben-Salah-Yazidi.jpg","contentUrl":"https:\/\/kapitalis.com\/tunisie\/wp-content\/uploads\/2024\/12\/Ridha-Ben-Salah-Yazidi.jpg","width":1200,"height":630},{"@type":"BreadcrumbList","@id":"https:\/\/kapitalis.com\/tunisie\/2024\/12\/31\/les-etats-unis-transferent-un-detenu-de-guantanamo-en-tunisie\/#breadcrumb","itemListElement":[{"@type":"ListItem","position":1,"name":"Accueil","item":"https:\/\/kapitalis.com\/tunisie\/"},{"@type":"ListItem","position":2,"name":"Les \u00c9tats-Unis transf\u00e8rent un d\u00e9tenu de Guantanamo en Tunisie"}]},{"@type":"WebSite","@id":"https:\/\/kapitalis.com\/tunisie\/#website","url":"https:\/\/kapitalis.com\/tunisie\/","name":"Kapitalis","description":"L&#039;actualit\u00e9 en Tunisie et dans le monde","publisher":{"@id":"https:\/\/kapitalis.com\/tunisie\/#organization"},"potentialAction":[{"@type":"SearchAction","target":{"@type":"EntryPoint","urlTemplate":"https:\/\/kapitalis.com\/tunisie\/?s={search_term_string}"},"query-input":{"@type":"PropertyValueSpecification","valueRequired":true,"valueName":"search_term_string"}}],"inLanguage":"fr-FR"},{"@type":"Organization","@id":"https:\/\/kapitalis.com\/tunisie\/#organization","name":"Kapitalis","url":"https:\/\/kapitalis.com\/tunisie\/","logo":{"@type":"ImageObject","inLanguage":"fr-FR","@id":"https:\/\/kapitalis.com\/tunisie\/#\/schema\/logo\/image\/","url":"https:\/\/kapitalis.com\/tunisie\/wp-content\/uploads\/2022\/05\/Kapitalis-big-size.png","contentUrl":"https:\/\/kapitalis.com\/tunisie\/wp-content\/uploads\/2022\/05\/Kapitalis-big-size.png","width":5000,"height":1500,"caption":"Kapitalis"},"image":{"@id":"https:\/\/kapitalis.com\/tunisie\/#\/schema\/logo\/image\/"},"sameAs":["https:\/\/www.facebook.com\/KapitalisInfo\/","https:\/\/x.com\/KapitalisInfo","https:\/\/www.youtube.com\/channel\/UC-yDYrHyfFBWWZaOw3FPg9Q"]},{"@type":"Person","@id":"https:\/\/kapitalis.com\/tunisie\/#\/schema\/person\/d71f33a9ca44f7bad4698210b480c8e9","name":"webmaster kapitalis","url":"https:\/\/kapitalis.com\/tunisie\/author\/webmaster-kapitalis\/"}]}},"_links":{"self":[{"href":"https:\/\/kapitalis.com\/tunisie\/wp-json\/wp\/v2\/posts\/15032673","targetHints":{"allow":["GET"]}}],"collection":[{"href":"https:\/\/kapitalis.com\/tunisie\/wp-json\/wp\/v2\/posts"}],"about":[{"href":"https:\/\/kapitalis.com\/tunisie\/wp-json\/wp\/v2\/types\/post"}],"author":[{"embeddable":true,"href":"https:\/\/kapitalis.com\/tunisie\/wp-json\/wp\/v2\/users\/8"}],"replies":[{"embeddable":true,"href":"https:\/\/kapitalis.com\/tunisie\/wp-json\/wp\/v2\/comments?post=15032673"}],"version-history":[{"count":2,"href":"https:\/\/kapitalis.com\/tunisie\/wp-json\/wp\/v2\/posts\/15032673\/revisions"}],"predecessor-version":[{"id":15032806,"href":"https:\/\/kapitalis.com\/tunisie\/wp-json\/wp\/v2\/posts\/15032673\/revisions\/15032806"}],"wp:featuredmedia":[{"embeddable":true,"href":"https:\/\/kapitalis.com\/tunisie\/wp-json\/wp\/v2\/media\/15032698"}],"wp:attachment":[{"href":"https:\/\/kapitalis.com\/tunisie\/wp-json\/wp\/v2\/media?parent=15032673"}],"wp:term":[{"taxonomy":"category","embeddable":true,"href":"https:\/\/kapitalis.com\/tunisie\/wp-json\/wp\/v2\/categories?post=15032673"},{"taxonomy":"post_tag","embeddable":true,"href":"https:\/\/kapitalis.com\/tunisie\/wp-json\/wp\/v2\/tags?post=15032673"}],"curies":[{"name":"wp","href":"https:\/\/api.w.org\/{rel}","templated":true}]}}