{"id":15065997,"date":"2025-01-03T12:36:42","date_gmt":"2025-01-03T11:36:42","guid":{"rendered":"https:\/\/kapitalis.com\/tunisie\/?p=15065997"},"modified":"2025-01-03T12:36:43","modified_gmt":"2025-01-03T11:36:43","slug":"tunisie-les-soldes-dhiver-debuteront-le-15-janvier","status":"publish","type":"post","link":"https:\/\/kapitalis.com\/tunisie\/2025\/01\/03\/tunisie-les-soldes-dhiver-debuteront-le-15-janvier\/","title":{"rendered":"Tunisie\u00a0: les soldes d\u2019hiver d\u00e9buteront le 15 janvier"},"content":{"rendered":"\n<p><strong><em>La saison des soldes d\u2019hiver en Tunisie d\u00e9butera le 15 janvier 2025 et se poursuivra durant six semaines avec possibilit\u00e9 de prolongement de deux semaines.<\/em><\/strong><\/p>\n\n\n\n<!--more-->\n\n\n\n<p>C\u2019est ce qu\u2019a indiqu\u00e9 Houssemeddine Touiti, directeur g\u00e9n\u00e9ral de la concurrence et des enqu\u00eates \u00e9conomiques au minist\u00e8re du Commerce et de la Promotion des exportations, ce vendredi 3 janvier 2024, dans l\u2019\u00e9mission <em>\u2018\u2018Sbeh Ennes\u2019\u2019<\/em>.<\/p>\n\n\n\n<p>Les soldes d\u2019hiver commencent g\u00e9n\u00e9ralement la premi\u00e8re semaine de f\u00e9vrier mais la date a \u00e9t\u00e9 avanc\u00e9e de mani\u00e8re exceptionnelle suite \u00e0 un accord entre le minist\u00e8re et les professionnels <em>\u00abdans le cadre de la cr\u00e9ation d\u2019une dynamique sur le march\u00e9, du renforcement de l\u2019activit\u00e9 \u00e9conomique et du soutien au pouvoir d\u2019achat des citoyens\u00bb<\/em>, selon ses termes.<\/p>\n\n\n\n<p>Touiti a pr\u00e9cis\u00e9 que chaque ann\u00e9e, entre 1800 et 2100 points de vente participent \u00e0 la saison des soldes, et ceux-ci sont principalement concentr\u00e9s dans les gouvernorats de Tunis, Sfax, Sousse et Nabeul.<\/p>\n\n\n\n<p>Il a, \u00e9galement, indiqu\u00e9 que les soldes concernent presque exclusivement les v\u00eatements et les chaussures, qui repr\u00e9sentent environ 90% des produits sold\u00e9s.<\/p>\n","protected":false},"excerpt":{"rendered":"<p>La saison des soldes d\u2019hiver en Tunisie d\u00e9butera le 15 janvier 2025 et se poursuivra durant six semaines. <\/p>\n","protected":false},"author":8,"featured_media":6082377,"comment_status":"open","ping_status":"open","sticky":false,"template":"","format":"standard","meta":{"footnotes":""},"categories":[993,995,2433],"tags":[218,119908,650,823,119909,854,64491,62643],"class_list":["post-15065997","post","type-post","status-publish","format-standard","has-post-thumbnail","hentry","category-conso","category-economie","category-tunisie","tag-commerce","tag-houssemeddine-touiti","tag-nabeul","tag-sfax","tag-soldes-dhiver-3","tag-sousse","tag-tunis","tag-tunisie"],"yoast_head":"<!-- This site is optimized with the Yoast SEO plugin v26.6 - https:\/\/yoast.com\/wordpress\/plugins\/seo\/ -->\n<title>Tunisie\u00a0: les soldes d\u2019hiver d\u00e9buteront le 15 janvier - Kapitalis<\/title>\n<meta name=\"robots\" content=\"index, follow, max-snippet:-1, max-image-preview:large, max-video-preview:-1\" \/>\n<link rel=\"canonical\" href=\"https:\/\/kapitalis.com\/tunisie\/2025\/01\/03\/tunisie-les-soldes-dhiver-debuteront-le-15-janvier\/\" \/>\n<meta property=\"og:locale\" content=\"fr_FR\" \/>\n<meta property=\"og:type\" content=\"article\" \/>\n<meta property=\"og:title\" content=\"Tunisie\u00a0: les soldes d\u2019hiver d\u00e9buteront le 15 janvier - Kapitalis\" \/>\n<meta property=\"og:description\" content=\"La saison des soldes d\u2019hiver en Tunisie d\u00e9butera le 15 janvier 2025 et se poursuivra durant six semaines.\" \/>\n<meta property=\"og:url\" content=\"https:\/\/kapitalis.com\/tunisie\/2025\/01\/03\/tunisie-les-soldes-dhiver-debuteront-le-15-janvier\/\" \/>\n<meta property=\"og:site_name\" content=\"Kapitalis\" \/>\n<meta property=\"article:publisher\" content=\"https:\/\/www.facebook.com\/KapitalisInfo\/\" \/>\n<meta property=\"article:published_time\" content=\"2025-01-03T11:36:42+00:00\" \/>\n<meta property=\"article:modified_time\" content=\"2025-01-03T11:36:43+00:00\" \/>\n<meta property=\"og:image\" content=\"https:\/\/kapitalis.com\/tunisie\/wp-content\/uploads\/2023\/01\/soldes-hiver.jpg\" \/>\n\t<meta property=\"og:image:width\" content=\"1200\" \/>\n\t<meta property=\"og:image:height\" content=\"630\" \/>\n\t<meta property=\"og:image:type\" content=\"image\/jpeg\" \/>\n<meta name=\"author\" content=\"webmaster kapitalis\" \/>\n<meta name=\"twitter:card\" content=\"summary_large_image\" \/>\n<meta name=\"twitter:creator\" content=\"@KapitalisInfo\" \/>\n<meta name=\"twitter:site\" content=\"@KapitalisInfo\" \/>\n<meta name=\"twitter:label1\" content=\"\u00c9crit par\" \/>\n\t<meta name=\"twitter:data1\" content=\"webmaster kapitalis\" \/>\n\t<meta name=\"twitter:label2\" content=\"Dur\u00e9e de lecture estim\u00e9e\" \/>\n\t<meta name=\"twitter:data2\" content=\"2 minutes\" \/>\n<script type=\"application\/ld+json\" class=\"yoast-schema-graph\">{\"@context\":\"https:\/\/schema.org\",\"@graph\":[{\"@type\":\"Article\",\"@id\":\"https:\/\/kapitalis.com\/tunisie\/2025\/01\/03\/tunisie-les-soldes-dhiver-debuteront-le-15-janvier\/#article\",\"isPartOf\":{\"@id\":\"https:\/\/kapitalis.com\/tunisie\/2025\/01\/03\/tunisie-les-soldes-dhiver-debuteront-le-15-janvier\/\"},\"author\":{\"name\":\"webmaster kapitalis\",\"@id\":\"https:\/\/kapitalis.com\/tunisie\/#\/schema\/person\/d71f33a9ca44f7bad4698210b480c8e9\"},\"headline\":\"Tunisie\u00a0: les soldes d\u2019hiver d\u00e9buteront le 15 janvier\",\"datePublished\":\"2025-01-03T11:36:42+00:00\",\"dateModified\":\"2025-01-03T11:36:43+00:00\",\"mainEntityOfPage\":{\"@id\":\"https:\/\/kapitalis.com\/tunisie\/2025\/01\/03\/tunisie-les-soldes-dhiver-debuteront-le-15-janvier\/\"},\"wordCount\":197,\"commentCount\":0,\"publisher\":{\"@id\":\"https:\/\/kapitalis.com\/tunisie\/#organization\"},\"image\":{\"@id\":\"https:\/\/kapitalis.com\/tunisie\/2025\/01\/03\/tunisie-les-soldes-dhiver-debuteront-le-15-janvier\/#primaryimage\"},\"thumbnailUrl\":\"https:\/\/kapitalis.com\/tunisie\/wp-content\/uploads\/2023\/01\/soldes-hiver.jpg\",\"keywords\":[\"commerce\",\"Houssemeddine Touiti\",\"Nabeul\",\"Sfax\",\"soldes d\u2019hiver\",\"Sousse\",\"Tunis\",\"Tunisie\"],\"articleSection\":[\"CONSO\",\"ECONOMIE\",\"Tunisie\"],\"inLanguage\":\"fr-FR\",\"potentialAction\":[{\"@type\":\"CommentAction\",\"name\":\"Comment\",\"target\":[\"https:\/\/kapitalis.com\/tunisie\/2025\/01\/03\/tunisie-les-soldes-dhiver-debuteront-le-15-janvier\/#respond\"]}]},{\"@type\":\"WebPage\",\"@id\":\"https:\/\/kapitalis.com\/tunisie\/2025\/01\/03\/tunisie-les-soldes-dhiver-debuteront-le-15-janvier\/\",\"url\":\"https:\/\/kapitalis.com\/tunisie\/2025\/01\/03\/tunisie-les-soldes-dhiver-debuteront-le-15-janvier\/\",\"name\":\"Tunisie\u00a0: les soldes d\u2019hiver d\u00e9buteront le 15 janvier - Kapitalis\",\"isPartOf\":{\"@id\":\"https:\/\/kapitalis.com\/tunisie\/#website\"},\"primaryImageOfPage\":{\"@id\":\"https:\/\/kapitalis.com\/tunisie\/2025\/01\/03\/tunisie-les-soldes-dhiver-debuteront-le-15-janvier\/#primaryimage\"},\"image\":{\"@id\":\"https:\/\/kapitalis.com\/tunisie\/2025\/01\/03\/tunisie-les-soldes-dhiver-debuteront-le-15-janvier\/#primaryimage\"},\"thumbnailUrl\":\"https:\/\/kapitalis.com\/tunisie\/wp-content\/uploads\/2023\/01\/soldes-hiver.jpg\",\"datePublished\":\"2025-01-03T11:36:42+00:00\",\"dateModified\":\"2025-01-03T11:36:43+00:00\",\"breadcrumb\":{\"@id\":\"https:\/\/kapitalis.com\/tunisie\/2025\/01\/03\/tunisie-les-soldes-dhiver-debuteront-le-15-janvier\/#breadcrumb\"},\"inLanguage\":\"fr-FR\",\"potentialAction\":[{\"@type\":\"ReadAction\",\"target\":[\"https:\/\/kapitalis.com\/tunisie\/2025\/01\/03\/tunisie-les-soldes-dhiver-debuteront-le-15-janvier\/\"]}]},{\"@type\":\"ImageObject\",\"inLanguage\":\"fr-FR\",\"@id\":\"https:\/\/kapitalis.com\/tunisie\/2025\/01\/03\/tunisie-les-soldes-dhiver-debuteront-le-15-janvier\/#primaryimage\",\"url\":\"https:\/\/kapitalis.com\/tunisie\/wp-content\/uploads\/2023\/01\/soldes-hiver.jpg\",\"contentUrl\":\"https:\/\/kapitalis.com\/tunisie\/wp-content\/uploads\/2023\/01\/soldes-hiver.jpg\",\"width\":1200,\"height\":630},{\"@type\":\"BreadcrumbList\",\"@id\":\"https:\/\/kapitalis.com\/tunisie\/2025\/01\/03\/tunisie-les-soldes-dhiver-debuteront-le-15-janvier\/#breadcrumb\",\"itemListElement\":[{\"@type\":\"ListItem\",\"position\":1,\"name\":\"Accueil\",\"item\":\"https:\/\/kapitalis.com\/tunisie\/\"},{\"@type\":\"ListItem\",\"position\":2,\"name\":\"Tunisie\u00a0: les soldes d\u2019hiver d\u00e9buteront le 15 janvier\"}]},{\"@type\":\"WebSite\",\"@id\":\"https:\/\/kapitalis.com\/tunisie\/#website\",\"url\":\"https:\/\/kapitalis.com\/tunisie\/\",\"name\":\"Kapitalis\",\"description\":\"L&#039;actualit\u00e9 en Tunisie et dans le monde\",\"publisher\":{\"@id\":\"https:\/\/kapitalis.com\/tunisie\/#organization\"},\"potentialAction\":[{\"@type\":\"SearchAction\",\"target\":{\"@type\":\"EntryPoint\",\"urlTemplate\":\"https:\/\/kapitalis.com\/tunisie\/?s={search_term_string}\"},\"query-input\":{\"@type\":\"PropertyValueSpecification\",\"valueRequired\":true,\"valueName\":\"search_term_string\"}}],\"inLanguage\":\"fr-FR\"},{\"@type\":\"Organization\",\"@id\":\"https:\/\/kapitalis.com\/tunisie\/#organization\",\"name\":\"Kapitalis\",\"url\":\"https:\/\/kapitalis.com\/tunisie\/\",\"logo\":{\"@type\":\"ImageObject\",\"inLanguage\":\"fr-FR\",\"@id\":\"https:\/\/kapitalis.com\/tunisie\/#\/schema\/logo\/image\/\",\"url\":\"https:\/\/kapitalis.com\/tunisie\/wp-content\/uploads\/2022\/05\/Kapitalis-big-size.png\",\"contentUrl\":\"https:\/\/kapitalis.com\/tunisie\/wp-content\/uploads\/2022\/05\/Kapitalis-big-size.png\",\"width\":5000,\"height\":1500,\"caption\":\"Kapitalis\"},\"image\":{\"@id\":\"https:\/\/kapitalis.com\/tunisie\/#\/schema\/logo\/image\/\"},\"sameAs\":[\"https:\/\/www.facebook.com\/KapitalisInfo\/\",\"https:\/\/x.com\/KapitalisInfo\",\"https:\/\/www.youtube.com\/channel\/UC-yDYrHyfFBWWZaOw3FPg9Q\"]},{\"@type\":\"Person\",\"@id\":\"https:\/\/kapitalis.com\/tunisie\/#\/schema\/person\/d71f33a9ca44f7bad4698210b480c8e9\",\"name\":\"webmaster kapitalis\",\"url\":\"https:\/\/kapitalis.com\/tunisie\/author\/webmaster-kapitalis\/\"}]}<\/script>\n<!-- \/ Yoast SEO plugin. -->","yoast_head_json":{"title":"Tunisie\u00a0: les soldes d\u2019hiver d\u00e9buteront le 15 janvier - Kapitalis","robots":{"index":"index","follow":"follow","max-snippet":"max-snippet:-1","max-image-preview":"max-image-preview:large","max-video-preview":"max-video-preview:-1"},"canonical":"https:\/\/kapitalis.com\/tunisie\/2025\/01\/03\/tunisie-les-soldes-dhiver-debuteront-le-15-janvier\/","og_locale":"fr_FR","og_type":"article","og_title":"Tunisie\u00a0: les soldes d\u2019hiver d\u00e9buteront le 15 janvier - Kapitalis","og_description":"La saison des soldes d\u2019hiver en Tunisie d\u00e9butera le 15 janvier 2025 et se poursuivra durant six semaines.","og_url":"https:\/\/kapitalis.com\/tunisie\/2025\/01\/03\/tunisie-les-soldes-dhiver-debuteront-le-15-janvier\/","og_site_name":"Kapitalis","article_publisher":"https:\/\/www.facebook.com\/KapitalisInfo\/","article_published_time":"2025-01-03T11:36:42+00:00","article_modified_time":"2025-01-03T11:36:43+00:00","og_image":[{"width":1200,"height":630,"url":"https:\/\/kapitalis.com\/tunisie\/wp-content\/uploads\/2023\/01\/soldes-hiver.jpg","type":"image\/jpeg"}],"author":"webmaster kapitalis","twitter_card":"summary_large_image","twitter_creator":"@KapitalisInfo","twitter_site":"@KapitalisInfo","twitter_misc":{"\u00c9crit par":"webmaster kapitalis","Dur\u00e9e de lecture estim\u00e9e":"2 minutes"},"schema":{"@context":"https:\/\/schema.org","@graph":[{"@type":"Article","@id":"https:\/\/kapitalis.com\/tunisie\/2025\/01\/03\/tunisie-les-soldes-dhiver-debuteront-le-15-janvier\/#article","isPartOf":{"@id":"https:\/\/kapitalis.com\/tunisie\/2025\/01\/03\/tunisie-les-soldes-dhiver-debuteront-le-15-janvier\/"},"author":{"name":"webmaster kapitalis","@id":"https:\/\/kapitalis.com\/tunisie\/#\/schema\/person\/d71f33a9ca44f7bad4698210b480c8e9"},"headline":"Tunisie\u00a0: les soldes d\u2019hiver d\u00e9buteront le 15 janvier","datePublished":"2025-01-03T11:36:42+00:00","dateModified":"2025-01-03T11:36:43+00:00","mainEntityOfPage":{"@id":"https:\/\/kapitalis.com\/tunisie\/2025\/01\/03\/tunisie-les-soldes-dhiver-debuteront-le-15-janvier\/"},"wordCount":197,"commentCount":0,"publisher":{"@id":"https:\/\/kapitalis.com\/tunisie\/#organization"},"image":{"@id":"https:\/\/kapitalis.com\/tunisie\/2025\/01\/03\/tunisie-les-soldes-dhiver-debuteront-le-15-janvier\/#primaryimage"},"thumbnailUrl":"https:\/\/kapitalis.com\/tunisie\/wp-content\/uploads\/2023\/01\/soldes-hiver.jpg","keywords":["commerce","Houssemeddine Touiti","Nabeul","Sfax","soldes d\u2019hiver","Sousse","Tunis","Tunisie"],"articleSection":["CONSO","ECONOMIE","Tunisie"],"inLanguage":"fr-FR","potentialAction":[{"@type":"CommentAction","name":"Comment","target":["https:\/\/kapitalis.com\/tunisie\/2025\/01\/03\/tunisie-les-soldes-dhiver-debuteront-le-15-janvier\/#respond"]}]},{"@type":"WebPage","@id":"https:\/\/kapitalis.com\/tunisie\/2025\/01\/03\/tunisie-les-soldes-dhiver-debuteront-le-15-janvier\/","url":"https:\/\/kapitalis.com\/tunisie\/2025\/01\/03\/tunisie-les-soldes-dhiver-debuteront-le-15-janvier\/","name":"Tunisie\u00a0: les soldes d\u2019hiver d\u00e9buteront le 15 janvier - Kapitalis","isPartOf":{"@id":"https:\/\/kapitalis.com\/tunisie\/#website"},"primaryImageOfPage":{"@id":"https:\/\/kapitalis.com\/tunisie\/2025\/01\/03\/tunisie-les-soldes-dhiver-debuteront-le-15-janvier\/#primaryimage"},"image":{"@id":"https:\/\/kapitalis.com\/tunisie\/2025\/01\/03\/tunisie-les-soldes-dhiver-debuteront-le-15-janvier\/#primaryimage"},"thumbnailUrl":"https:\/\/kapitalis.com\/tunisie\/wp-content\/uploads\/2023\/01\/soldes-hiver.jpg","datePublished":"2025-01-03T11:36:42+00:00","dateModified":"2025-01-03T11:36:43+00:00","breadcrumb":{"@id":"https:\/\/kapitalis.com\/tunisie\/2025\/01\/03\/tunisie-les-soldes-dhiver-debuteront-le-15-janvier\/#breadcrumb"},"inLanguage":"fr-FR","potentialAction":[{"@type":"ReadAction","target":["https:\/\/kapitalis.com\/tunisie\/2025\/01\/03\/tunisie-les-soldes-dhiver-debuteront-le-15-janvier\/"]}]},{"@type":"ImageObject","inLanguage":"fr-FR","@id":"https:\/\/kapitalis.com\/tunisie\/2025\/01\/03\/tunisie-les-soldes-dhiver-debuteront-le-15-janvier\/#primaryimage","url":"https:\/\/kapitalis.com\/tunisie\/wp-content\/uploads\/2023\/01\/soldes-hiver.jpg","contentUrl":"https:\/\/kapitalis.com\/tunisie\/wp-content\/uploads\/2023\/01\/soldes-hiver.jpg","width":1200,"height":630},{"@type":"BreadcrumbList","@id":"https:\/\/kapitalis.com\/tunisie\/2025\/01\/03\/tunisie-les-soldes-dhiver-debuteront-le-15-janvier\/#breadcrumb","itemListElement":[{"@type":"ListItem","position":1,"name":"Accueil","item":"https:\/\/kapitalis.com\/tunisie\/"},{"@type":"ListItem","position":2,"name":"Tunisie\u00a0: les soldes d\u2019hiver d\u00e9buteront le 15 janvier"}]},{"@type":"WebSite","@id":"https:\/\/kapitalis.com\/tunisie\/#website","url":"https:\/\/kapitalis.com\/tunisie\/","name":"Kapitalis","description":"L&#039;actualit\u00e9 en Tunisie et dans le monde","publisher":{"@id":"https:\/\/kapitalis.com\/tunisie\/#organization"},"potentialAction":[{"@type":"SearchAction","target":{"@type":"EntryPoint","urlTemplate":"https:\/\/kapitalis.com\/tunisie\/?s={search_term_string}"},"query-input":{"@type":"PropertyValueSpecification","valueRequired":true,"valueName":"search_term_string"}}],"inLanguage":"fr-FR"},{"@type":"Organization","@id":"https:\/\/kapitalis.com\/tunisie\/#organization","name":"Kapitalis","url":"https:\/\/kapitalis.com\/tunisie\/","logo":{"@type":"ImageObject","inLanguage":"fr-FR","@id":"https:\/\/kapitalis.com\/tunisie\/#\/schema\/logo\/image\/","url":"https:\/\/kapitalis.com\/tunisie\/wp-content\/uploads\/2022\/05\/Kapitalis-big-size.png","contentUrl":"https:\/\/kapitalis.com\/tunisie\/wp-content\/uploads\/2022\/05\/Kapitalis-big-size.png","width":5000,"height":1500,"caption":"Kapitalis"},"image":{"@id":"https:\/\/kapitalis.com\/tunisie\/#\/schema\/logo\/image\/"},"sameAs":["https:\/\/www.facebook.com\/KapitalisInfo\/","https:\/\/x.com\/KapitalisInfo","https:\/\/www.youtube.com\/channel\/UC-yDYrHyfFBWWZaOw3FPg9Q"]},{"@type":"Person","@id":"https:\/\/kapitalis.com\/tunisie\/#\/schema\/person\/d71f33a9ca44f7bad4698210b480c8e9","name":"webmaster kapitalis","url":"https:\/\/kapitalis.com\/tunisie\/author\/webmaster-kapitalis\/"}]}},"_links":{"self":[{"href":"https:\/\/kapitalis.com\/tunisie\/wp-json\/wp\/v2\/posts\/15065997","targetHints":{"allow":["GET"]}}],"collection":[{"href":"https:\/\/kapitalis.com\/tunisie\/wp-json\/wp\/v2\/posts"}],"about":[{"href":"https:\/\/kapitalis.com\/tunisie\/wp-json\/wp\/v2\/types\/post"}],"author":[{"embeddable":true,"href":"https:\/\/kapitalis.com\/tunisie\/wp-json\/wp\/v2\/users\/8"}],"replies":[{"embeddable":true,"href":"https:\/\/kapitalis.com\/tunisie\/wp-json\/wp\/v2\/comments?post=15065997"}],"version-history":[{"count":1,"href":"https:\/\/kapitalis.com\/tunisie\/wp-json\/wp\/v2\/posts\/15065997\/revisions"}],"predecessor-version":[{"id":15066032,"href":"https:\/\/kapitalis.com\/tunisie\/wp-json\/wp\/v2\/posts\/15065997\/revisions\/15066032"}],"wp:featuredmedia":[{"embeddable":true,"href":"https:\/\/kapitalis.com\/tunisie\/wp-json\/wp\/v2\/media\/6082377"}],"wp:attachment":[{"href":"https:\/\/kapitalis.com\/tunisie\/wp-json\/wp\/v2\/media?parent=15065997"}],"wp:term":[{"taxonomy":"category","embeddable":true,"href":"https:\/\/kapitalis.com\/tunisie\/wp-json\/wp\/v2\/categories?post=15065997"},{"taxonomy":"post_tag","embeddable":true,"href":"https:\/\/kapitalis.com\/tunisie\/wp-json\/wp\/v2\/tags?post=15065997"}],"curies":[{"name":"wp","href":"https:\/\/api.w.org\/{rel}","templated":true}]}}