{"id":150660,"date":"2018-04-25T10:57:20","date_gmt":"2018-04-25T09:57:20","guid":{"rendered":"http:\/\/kapitalis.com\/tunisie\/?p=150660"},"modified":"2018-04-25T13:30:12","modified_gmt":"2018-04-25T12:30:12","slug":"aleca-reprise-des-negociations-sur-un-fond-de-reticences-tunisiennes","status":"publish","type":"post","link":"https:\/\/kapitalis.com\/tunisie\/2018\/04\/25\/aleca-reprise-des-negociations-sur-un-fond-de-reticences-tunisiennes\/","title":{"rendered":"Aleca : Reprise des n\u00e9gociations sur un fond de r\u00e9ticences tunisiennes"},"content":{"rendered":"<p style=\"text-align: center;\"><img loading=\"lazy\" decoding=\"async\" class=\"alignnone size-full wp-image-19442\" src=\"http:\/\/kapitalis.com\/tunisie\/wp-content\/uploads\/2015\/10\/Aleca.jpg\" alt=\"\" width=\"626\" height=\"380\" \/><\/p>\n<p><em><strong>Une nouvelle session de n\u00e9gociations autour de l\u2019Accord de libre-\u00e9change complet et approfondi (Aleca) entre la Tunisie et l\u2019Union europ\u00e9enne (UE) a d\u00e9marr\u00e9, le 23 avril 2018. Sur un fond de r\u00e9ticences tunisiennes\u2026<\/strong> <\/em><\/p>\n<p>Par<strong> Imed Bahri<\/strong><\/p>\n<p><!--more--><\/p>\n<p>Dans <em>\u00abbriefing paper\u00bb<\/em> intitul\u00e9 <em>\u00abL\u2019Aleca, un instrument cl\u00e9 dans la politique de l\u2019UE\u00bb<\/em>, r\u00e9alis\u00e9 par l\u2019\u00e9conomiste Jihen Chandoul et publi\u00e9 le 12 mai 2017, l\u2019Observatoire tunisien de l\u2019\u00e9conomie (OTE) a pr\u00e9sent\u00e9 la politique europ\u00e9enne de voisinage (PEV), \u00e0 savoir la strat\u00e9gie de l\u2019UE vis-\u00e0-vis des pays du sud de la M\u00e9diterran\u00e9e dont la Tunisie, les tenants et aboutissants de l\u2019Aleca, le r\u00f4le qu\u2019il est cens\u00e9 jouer dans la strat\u00e9gie de l\u2019UE et le rapport des forces dans le cadre des n\u00e9gociations en cours entre la Tunisie et l\u2019UE.<\/p>\n<h3>Pays limitrophes sans aucune perspective d\u2019adh\u00e9sion<\/h3>\n<p>Les n\u00e9gociations sur l\u2019Aleca ont \u00e9t\u00e9 lanc\u00e9es officiellement en octobre 2015. Un mois plus tard, en novembre 2015, la Commission europ\u00e9enne (CE) a publi\u00e9 sa nouvelle strat\u00e9gie concernant la politique europ\u00e9enne vis-\u00e0-vis des pays limitrophes \u00e0 l\u2019Est de l\u2019UE et au Sud de la M\u00e9diterran\u00e9e qui sont appel\u00e9s \u00abvoisins\u00bb : c\u2019est la nouvelle politique europ\u00e9enne de voisinage (PEV), rappelle Jihen Chandoul.<\/p>\n<p><em>\u00abSuite aux r\u00e9volutions arabes et aux \u00e9checs successifs des politiques pr\u00e9c\u00e9dentes \u00e0 cr\u00e9er une zone de paix et de prosp\u00e9rit\u00e9 dans la r\u00e9gion, l\u2019UE avait lanc\u00e9 entre 2011 et 2015 une r\u00e9vision de sa politique europ\u00e9enne envers ses voisins en adoptant une approche consultative. L\u2019Aleca semble jouer un r\u00f4le clef dans la nouvelle politique europ\u00e9enne de voisinage mais les pays du sud de la M\u00e9diterran\u00e9e et notamment le Maroc et la Tunisie paraissent r\u00e9ticents \u00e0 engager ces n\u00e9gociations\u00bb<\/em>, ajoute l\u2019\u00e9conomiste, qui s\u2019interroge sur le r\u00f4le joue l\u2019Aleca dans la strat\u00e9gie de l\u2019UE et sa relation avec la politique europ\u00e9enne de voisinage, et, en revenant aux origines de cette politique, \u00e9tudie plus en d\u00e9tail l\u2019\u00e9volution de la strat\u00e9gie de l\u2019UE vis-\u00e0-vis des pays d\u2019Afrique du Nord et le r\u00f4le de l\u2019Aleca dans cette strat\u00e9gie.<\/p>\n<p style=\"text-align: center;\"><img loading=\"lazy\" decoding=\"async\" class=\"alignnone wp-image-150559\" src=\"http:\/\/kapitalis.com\/tunisie\/wp-content\/uploads\/2018\/04\/Youssef-Chahed-Jean-Claude-Juncker-Pr\u00e9sident-de-la-Commission-europ\u00e9enne-.jpg\" alt=\"\" width=\"500\" height=\"304\" \/><\/p>\n<p style=\"text-align: center;\"><em>L&rsquo;Aleca a \u00e9t\u00e9 au centre des discussions de Youssef Chahed cette semaine \u00e0 Bruxelles.\u00a0<\/em><\/p>\n<h3>Les r\u00e9ticences marocaines et tunisiennes<\/h3>\n<p>La PEV vise \u00e0 d\u00e9finir <em>\u00abun cadre de relations que l\u2019UE entretient avec des pays voisins qui n\u2019ont actuellement aucune perspective d\u2019adh\u00e9sion\u00bb<\/em> et repose principalement sur le concept d\u2019int\u00e9gration des normes de l\u2019UE par les voisins (la dimension <em>\u00abapprofondi\u00bb<\/em>) en engageant des r\u00e9formes institutionnelles et r\u00e9glementaires et en lib\u00e9ralisant plusieurs secteurs d\u2019activit\u00e9 (la dimension <em>\u00abcomplet\u00bb<\/em>) en \u00e9change d\u2019une potentielle perspective de participation au march\u00e9 int\u00e9rieur de l\u2019UE, explique Mme Chandoul.<\/p>\n<p>Instrument clef de la PEV, cette strat\u00e9gie de l\u2019Aleca <em>\u00absemble porter ses limites dans la r\u00e9gion sud-m\u00e9diterran\u00e9enne en raison de l\u2019inadaptation de ces instruments aux pays d\u2019Afrique du Nord qui ne peuvent aspirer \u00e0 l\u2019adh\u00e9sion ni \u00e0 une facilitation des visas en contrepartie\u00bb<\/em>, souligne l\u2019\u00e9conomiste. Elle explique : <em>\u00abL\u2019Aleca semble peu attractif pour les pays du sud de la M\u00e9diterran\u00e9e qui font face \u00e0 des d\u00e9fis \u00e9conomiques et politiques immenses\u00bb.<\/em><\/p>\n<p>Et si les n\u00e9gociations sont en cours avec le Maroc et la Tunisie, les r\u00e9ticences de ces deux pays, qui sont les plus d\u00e9pendants de l\u2019UE, n\u2019en sont pas moins palpables au vu des potentiels impacts sur leurs \u00e9conomies respectives, d\u2019autant que l\u2019Aleca porte essentiellement sur la lib\u00e9ralisation des secteurs strat\u00e9giques cl\u00e9s de l\u2019agriculture et des services, o\u00f9 ces deux pays ne disposent pas d\u2019une r\u00e9elle comp\u00e9titivit\u00e9 pouvant justifier une telle lib\u00e9ralisation.<\/p>\n<p>Les r\u00e9ticences de la compagnie a\u00e9rienne Tunisair vis-\u00e0-vis de l\u2019accord de l\u2019Open Sky (ciel ouvert), inscrit dans le cadre de l\u2019Aleca, sont tr\u00e8s significatifs \u00e0 cet \u00e9gard, car cet accord risque de compliquer davantage la situation financi\u00e8re, d\u00e9j\u00e0 tr\u00e8s difficile, de cette entreprise, qui pourrait perdre son principal march\u00e9 avec l\u2019arriv\u00e9e en masse dans les a\u00e9roports tunisiens des compagnies<em> low cost<\/em> europ\u00e9enne.<\/p>\n<blockquote class=\"wp-embedded-content\" data-secret=\"lmWNHGMHxe\"><p><a href=\"https:\/\/kapitalis.com\/tunisie\/2018\/04\/24\/chahed-aux-eurodeputes-la-tunisie-traverse-une-periode-delicate\/\">Chahed aux eurod\u00e9put\u00e9s : \u00abLa Tunisie traverse une p\u00e9riode d\u00e9licate\u00bb<\/a><\/p><\/blockquote>\n<p><iframe loading=\"lazy\" class=\"wp-embedded-content\" sandbox=\"allow-scripts\" security=\"restricted\" style=\"position: absolute; clip: rect(1px, 1px, 1px, 1px);\" title=\"\u00ab\u00a0Chahed aux eurod\u00e9put\u00e9s : \u00abLa Tunisie traverse une p\u00e9riode d\u00e9licate\u00bb\u00a0\u00bb &#8212; Kapitalis\" src=\"https:\/\/kapitalis.com\/tunisie\/2018\/04\/24\/chahed-aux-eurodeputes-la-tunisie-traverse-une-periode-delicate\/embed\/#?secret=GWRHCV3Xw1#?secret=lmWNHGMHxe\" data-secret=\"lmWNHGMHxe\" width=\"600\" height=\"338\" frameborder=\"0\" marginwidth=\"0\" marginheight=\"0\" scrolling=\"no\"><\/iframe><\/p>\n<blockquote class=\"wp-embedded-content\" data-secret=\"I883IB4ddY\"><p><a href=\"https:\/\/kapitalis.com\/tunisie\/2018\/03\/27\/relations-commerciales-la-tunisie-semancipe-t-elle-de-lunion-europeenne\/\">Relations commerciales : La Tunisie s\u2019\u00e9mancipe-t-elle de l\u2019Union europ\u00e9enne ?<\/a><\/p><\/blockquote>\n<p><iframe loading=\"lazy\" class=\"wp-embedded-content\" sandbox=\"allow-scripts\" security=\"restricted\" style=\"position: absolute; clip: rect(1px, 1px, 1px, 1px);\" title=\"\u00ab\u00a0Relations commerciales : La Tunisie s\u2019\u00e9mancipe-t-elle de l\u2019Union europ\u00e9enne ?\u00a0\u00bb &#8212; Kapitalis\" src=\"https:\/\/kapitalis.com\/tunisie\/2018\/03\/27\/relations-commerciales-la-tunisie-semancipe-t-elle-de-lunion-europeenne\/embed\/#?secret=Vj0mJyqoWV#?secret=I883IB4ddY\" data-secret=\"I883IB4ddY\" width=\"600\" height=\"338\" frameborder=\"0\" marginwidth=\"0\" marginheight=\"0\" scrolling=\"no\"><\/iframe><\/p>\n<blockquote class=\"wp-embedded-content\" data-secret=\"XnHY43nlej\"><p><a href=\"https:\/\/kapitalis.com\/tunisie\/2017\/04\/17\/quel-avenir-pour-les-relations-tunisie-union-europeenne\/\">Quel avenir pour les relations Tunisie-Union Europ\u00e9enne ?<\/a><\/p><\/blockquote>\n<p><iframe loading=\"lazy\" class=\"wp-embedded-content\" sandbox=\"allow-scripts\" security=\"restricted\" style=\"position: absolute; clip: rect(1px, 1px, 1px, 1px);\" title=\"\u00ab\u00a0Quel avenir pour les relations Tunisie-Union Europ\u00e9enne ?\u00a0\u00bb &#8212; Kapitalis\" src=\"https:\/\/kapitalis.com\/tunisie\/2017\/04\/17\/quel-avenir-pour-les-relations-tunisie-union-europeenne\/embed\/#?secret=BCLETZtTZq#?secret=XnHY43nlej\" data-secret=\"XnHY43nlej\" width=\"600\" height=\"338\" frameborder=\"0\" marginwidth=\"0\" marginheight=\"0\" scrolling=\"no\"><\/iframe><\/p>\n<p>&nbsp;<\/p>\n","protected":false},"excerpt":{"rendered":"<p>Une nouvelle session de n\u00e9gociations autour de l\u2019Accord de libre-\u00e9change complet et approfondi (Aleca) entre la Tunisie et l\u2019Union europ\u00e9enne (UE) a d\u00e9marr\u00e9, le 23 avril 2018. Sur un fond de r\u00e9ticences tunisiennes\u2026 Par Imed Bahri<\/p>\n","protected":false},"author":8,"featured_media":0,"comment_status":"open","ping_status":"open","sticky":false,"template":"","format":"standard","meta":{"footnotes":""},"categories":[992,995,2433],"tags":[7509,62,30479,10288,1501],"class_list":["post-150660","post","type-post","status-publish","format-standard","hentry","category-a-la-une","category-economie","category-tunisie","tag-accord-de-libre-echange-complet-et-approfondi","tag-aleca","tag-observatoire-tunisien-de-leconomie","tag-open-sky","tag-tunisair"],"yoast_head":"<!-- This site is optimized with the Yoast SEO plugin v26.6 - https:\/\/yoast.com\/wordpress\/plugins\/seo\/ -->\n<title>Aleca : Reprise des n\u00e9gociations sur un fond de r\u00e9ticences tunisiennes - Kapitalis<\/title>\n<meta name=\"robots\" content=\"index, follow, max-snippet:-1, max-image-preview:large, max-video-preview:-1\" \/>\n<link rel=\"canonical\" href=\"https:\/\/kapitalis.com\/tunisie\/2018\/04\/25\/aleca-reprise-des-negociations-sur-un-fond-de-reticences-tunisiennes\/\" \/>\n<meta property=\"og:locale\" content=\"fr_FR\" \/>\n<meta property=\"og:type\" content=\"article\" \/>\n<meta property=\"og:title\" content=\"Aleca : Reprise des n\u00e9gociations sur un fond de r\u00e9ticences tunisiennes - Kapitalis\" \/>\n<meta property=\"og:description\" content=\"Une nouvelle session de n\u00e9gociations autour de l\u2019Accord de libre-\u00e9change complet et approfondi (Aleca) entre la Tunisie et l\u2019Union europ\u00e9enne (UE) a d\u00e9marr\u00e9, le 23 avril 2018. Sur un fond de r\u00e9ticences tunisiennes\u2026 Par Imed Bahri\" \/>\n<meta property=\"og:url\" content=\"https:\/\/kapitalis.com\/tunisie\/2018\/04\/25\/aleca-reprise-des-negociations-sur-un-fond-de-reticences-tunisiennes\/\" \/>\n<meta property=\"og:site_name\" content=\"Kapitalis\" \/>\n<meta property=\"article:publisher\" content=\"https:\/\/www.facebook.com\/KapitalisInfo\/\" \/>\n<meta property=\"article:published_time\" content=\"2018-04-25T09:57:20+00:00\" \/>\n<meta property=\"article:modified_time\" content=\"2018-04-25T12:30:12+00:00\" \/>\n<meta property=\"og:image\" content=\"http:\/\/kapitalis.com\/tunisie\/wp-content\/uploads\/2015\/10\/Aleca.jpg\" \/>\n<meta name=\"author\" content=\"webmaster kapitalis\" \/>\n<meta name=\"twitter:card\" content=\"summary_large_image\" \/>\n<meta name=\"twitter:creator\" content=\"@KapitalisInfo\" \/>\n<meta name=\"twitter:site\" content=\"@KapitalisInfo\" \/>\n<meta name=\"twitter:label1\" content=\"\u00c9crit par\" \/>\n\t<meta name=\"twitter:data1\" content=\"webmaster kapitalis\" \/>\n\t<meta name=\"twitter:label2\" content=\"Dur\u00e9e de lecture estim\u00e9e\" \/>\n\t<meta name=\"twitter:data2\" content=\"4 minutes\" \/>\n<script type=\"application\/ld+json\" class=\"yoast-schema-graph\">{\"@context\":\"https:\/\/schema.org\",\"@graph\":[{\"@type\":\"Article\",\"@id\":\"https:\/\/kapitalis.com\/tunisie\/2018\/04\/25\/aleca-reprise-des-negociations-sur-un-fond-de-reticences-tunisiennes\/#article\",\"isPartOf\":{\"@id\":\"https:\/\/kapitalis.com\/tunisie\/2018\/04\/25\/aleca-reprise-des-negociations-sur-un-fond-de-reticences-tunisiennes\/\"},\"author\":{\"name\":\"webmaster kapitalis\",\"@id\":\"https:\/\/kapitalis.com\/tunisie\/#\/schema\/person\/d71f33a9ca44f7bad4698210b480c8e9\"},\"headline\":\"Aleca : Reprise des n\u00e9gociations sur un fond de r\u00e9ticences tunisiennes\",\"datePublished\":\"2018-04-25T09:57:20+00:00\",\"dateModified\":\"2018-04-25T12:30:12+00:00\",\"mainEntityOfPage\":{\"@id\":\"https:\/\/kapitalis.com\/tunisie\/2018\/04\/25\/aleca-reprise-des-negociations-sur-un-fond-de-reticences-tunisiennes\/\"},\"wordCount\":759,\"commentCount\":0,\"publisher\":{\"@id\":\"https:\/\/kapitalis.com\/tunisie\/#organization\"},\"image\":{\"@id\":\"https:\/\/kapitalis.com\/tunisie\/2018\/04\/25\/aleca-reprise-des-negociations-sur-un-fond-de-reticences-tunisiennes\/#primaryimage\"},\"thumbnailUrl\":\"http:\/\/kapitalis.com\/tunisie\/wp-content\/uploads\/2015\/10\/Aleca.jpg\",\"keywords\":[\"Accord de libre-\u00e9change complet et approfondi\",\"Aleca\",\"Observatoire tunisien de l\u2019\u00e9conomie\",\"Open Sky\",\"Tunisair\"],\"articleSection\":[\"A LA UNE\",\"ECONOMIE\",\"Tunisie\"],\"inLanguage\":\"fr-FR\",\"potentialAction\":[{\"@type\":\"CommentAction\",\"name\":\"Comment\",\"target\":[\"https:\/\/kapitalis.com\/tunisie\/2018\/04\/25\/aleca-reprise-des-negociations-sur-un-fond-de-reticences-tunisiennes\/#respond\"]}]},{\"@type\":\"WebPage\",\"@id\":\"https:\/\/kapitalis.com\/tunisie\/2018\/04\/25\/aleca-reprise-des-negociations-sur-un-fond-de-reticences-tunisiennes\/\",\"url\":\"https:\/\/kapitalis.com\/tunisie\/2018\/04\/25\/aleca-reprise-des-negociations-sur-un-fond-de-reticences-tunisiennes\/\",\"name\":\"Aleca : Reprise des n\u00e9gociations sur un fond de r\u00e9ticences tunisiennes - Kapitalis\",\"isPartOf\":{\"@id\":\"https:\/\/kapitalis.com\/tunisie\/#website\"},\"primaryImageOfPage\":{\"@id\":\"https:\/\/kapitalis.com\/tunisie\/2018\/04\/25\/aleca-reprise-des-negociations-sur-un-fond-de-reticences-tunisiennes\/#primaryimage\"},\"image\":{\"@id\":\"https:\/\/kapitalis.com\/tunisie\/2018\/04\/25\/aleca-reprise-des-negociations-sur-un-fond-de-reticences-tunisiennes\/#primaryimage\"},\"thumbnailUrl\":\"http:\/\/kapitalis.com\/tunisie\/wp-content\/uploads\/2015\/10\/Aleca.jpg\",\"datePublished\":\"2018-04-25T09:57:20+00:00\",\"dateModified\":\"2018-04-25T12:30:12+00:00\",\"breadcrumb\":{\"@id\":\"https:\/\/kapitalis.com\/tunisie\/2018\/04\/25\/aleca-reprise-des-negociations-sur-un-fond-de-reticences-tunisiennes\/#breadcrumb\"},\"inLanguage\":\"fr-FR\",\"potentialAction\":[{\"@type\":\"ReadAction\",\"target\":[\"https:\/\/kapitalis.com\/tunisie\/2018\/04\/25\/aleca-reprise-des-negociations-sur-un-fond-de-reticences-tunisiennes\/\"]}]},{\"@type\":\"ImageObject\",\"inLanguage\":\"fr-FR\",\"@id\":\"https:\/\/kapitalis.com\/tunisie\/2018\/04\/25\/aleca-reprise-des-negociations-sur-un-fond-de-reticences-tunisiennes\/#primaryimage\",\"url\":\"http:\/\/kapitalis.com\/tunisie\/wp-content\/uploads\/2015\/10\/Aleca.jpg\",\"contentUrl\":\"http:\/\/kapitalis.com\/tunisie\/wp-content\/uploads\/2015\/10\/Aleca.jpg\"},{\"@type\":\"BreadcrumbList\",\"@id\":\"https:\/\/kapitalis.com\/tunisie\/2018\/04\/25\/aleca-reprise-des-negociations-sur-un-fond-de-reticences-tunisiennes\/#breadcrumb\",\"itemListElement\":[{\"@type\":\"ListItem\",\"position\":1,\"name\":\"Accueil\",\"item\":\"https:\/\/kapitalis.com\/tunisie\/\"},{\"@type\":\"ListItem\",\"position\":2,\"name\":\"Aleca : Reprise des n\u00e9gociations sur un fond de r\u00e9ticences tunisiennes\"}]},{\"@type\":\"WebSite\",\"@id\":\"https:\/\/kapitalis.com\/tunisie\/#website\",\"url\":\"https:\/\/kapitalis.com\/tunisie\/\",\"name\":\"Kapitalis\",\"description\":\"L&#039;actualit\u00e9 en Tunisie et dans le monde\",\"publisher\":{\"@id\":\"https:\/\/kapitalis.com\/tunisie\/#organization\"},\"potentialAction\":[{\"@type\":\"SearchAction\",\"target\":{\"@type\":\"EntryPoint\",\"urlTemplate\":\"https:\/\/kapitalis.com\/tunisie\/?s={search_term_string}\"},\"query-input\":{\"@type\":\"PropertyValueSpecification\",\"valueRequired\":true,\"valueName\":\"search_term_string\"}}],\"inLanguage\":\"fr-FR\"},{\"@type\":\"Organization\",\"@id\":\"https:\/\/kapitalis.com\/tunisie\/#organization\",\"name\":\"Kapitalis\",\"url\":\"https:\/\/kapitalis.com\/tunisie\/\",\"logo\":{\"@type\":\"ImageObject\",\"inLanguage\":\"fr-FR\",\"@id\":\"https:\/\/kapitalis.com\/tunisie\/#\/schema\/logo\/image\/\",\"url\":\"https:\/\/kapitalis.com\/tunisie\/wp-content\/uploads\/2022\/05\/Kapitalis-big-size.png\",\"contentUrl\":\"https:\/\/kapitalis.com\/tunisie\/wp-content\/uploads\/2022\/05\/Kapitalis-big-size.png\",\"width\":5000,\"height\":1500,\"caption\":\"Kapitalis\"},\"image\":{\"@id\":\"https:\/\/kapitalis.com\/tunisie\/#\/schema\/logo\/image\/\"},\"sameAs\":[\"https:\/\/www.facebook.com\/KapitalisInfo\/\",\"https:\/\/x.com\/KapitalisInfo\",\"https:\/\/www.youtube.com\/channel\/UC-yDYrHyfFBWWZaOw3FPg9Q\"]},{\"@type\":\"Person\",\"@id\":\"https:\/\/kapitalis.com\/tunisie\/#\/schema\/person\/d71f33a9ca44f7bad4698210b480c8e9\",\"name\":\"webmaster kapitalis\",\"url\":\"https:\/\/kapitalis.com\/tunisie\/author\/webmaster-kapitalis\/\"}]}<\/script>\n<!-- \/ Yoast SEO plugin. -->","yoast_head_json":{"title":"Aleca : Reprise des n\u00e9gociations sur un fond de r\u00e9ticences tunisiennes - Kapitalis","robots":{"index":"index","follow":"follow","max-snippet":"max-snippet:-1","max-image-preview":"max-image-preview:large","max-video-preview":"max-video-preview:-1"},"canonical":"https:\/\/kapitalis.com\/tunisie\/2018\/04\/25\/aleca-reprise-des-negociations-sur-un-fond-de-reticences-tunisiennes\/","og_locale":"fr_FR","og_type":"article","og_title":"Aleca : Reprise des n\u00e9gociations sur un fond de r\u00e9ticences tunisiennes - Kapitalis","og_description":"Une nouvelle session de n\u00e9gociations autour de l\u2019Accord de libre-\u00e9change complet et approfondi (Aleca) entre la Tunisie et l\u2019Union europ\u00e9enne (UE) a d\u00e9marr\u00e9, le 23 avril 2018. Sur un fond de r\u00e9ticences tunisiennes\u2026 Par Imed Bahri","og_url":"https:\/\/kapitalis.com\/tunisie\/2018\/04\/25\/aleca-reprise-des-negociations-sur-un-fond-de-reticences-tunisiennes\/","og_site_name":"Kapitalis","article_publisher":"https:\/\/www.facebook.com\/KapitalisInfo\/","article_published_time":"2018-04-25T09:57:20+00:00","article_modified_time":"2018-04-25T12:30:12+00:00","og_image":[{"url":"http:\/\/kapitalis.com\/tunisie\/wp-content\/uploads\/2015\/10\/Aleca.jpg","type":"","width":"","height":""}],"author":"webmaster kapitalis","twitter_card":"summary_large_image","twitter_creator":"@KapitalisInfo","twitter_site":"@KapitalisInfo","twitter_misc":{"\u00c9crit par":"webmaster kapitalis","Dur\u00e9e de lecture estim\u00e9e":"4 minutes"},"schema":{"@context":"https:\/\/schema.org","@graph":[{"@type":"Article","@id":"https:\/\/kapitalis.com\/tunisie\/2018\/04\/25\/aleca-reprise-des-negociations-sur-un-fond-de-reticences-tunisiennes\/#article","isPartOf":{"@id":"https:\/\/kapitalis.com\/tunisie\/2018\/04\/25\/aleca-reprise-des-negociations-sur-un-fond-de-reticences-tunisiennes\/"},"author":{"name":"webmaster kapitalis","@id":"https:\/\/kapitalis.com\/tunisie\/#\/schema\/person\/d71f33a9ca44f7bad4698210b480c8e9"},"headline":"Aleca : Reprise des n\u00e9gociations sur un fond de r\u00e9ticences tunisiennes","datePublished":"2018-04-25T09:57:20+00:00","dateModified":"2018-04-25T12:30:12+00:00","mainEntityOfPage":{"@id":"https:\/\/kapitalis.com\/tunisie\/2018\/04\/25\/aleca-reprise-des-negociations-sur-un-fond-de-reticences-tunisiennes\/"},"wordCount":759,"commentCount":0,"publisher":{"@id":"https:\/\/kapitalis.com\/tunisie\/#organization"},"image":{"@id":"https:\/\/kapitalis.com\/tunisie\/2018\/04\/25\/aleca-reprise-des-negociations-sur-un-fond-de-reticences-tunisiennes\/#primaryimage"},"thumbnailUrl":"http:\/\/kapitalis.com\/tunisie\/wp-content\/uploads\/2015\/10\/Aleca.jpg","keywords":["Accord de libre-\u00e9change complet et approfondi","Aleca","Observatoire tunisien de l\u2019\u00e9conomie","Open Sky","Tunisair"],"articleSection":["A LA UNE","ECONOMIE","Tunisie"],"inLanguage":"fr-FR","potentialAction":[{"@type":"CommentAction","name":"Comment","target":["https:\/\/kapitalis.com\/tunisie\/2018\/04\/25\/aleca-reprise-des-negociations-sur-un-fond-de-reticences-tunisiennes\/#respond"]}]},{"@type":"WebPage","@id":"https:\/\/kapitalis.com\/tunisie\/2018\/04\/25\/aleca-reprise-des-negociations-sur-un-fond-de-reticences-tunisiennes\/","url":"https:\/\/kapitalis.com\/tunisie\/2018\/04\/25\/aleca-reprise-des-negociations-sur-un-fond-de-reticences-tunisiennes\/","name":"Aleca : Reprise des n\u00e9gociations sur un fond de r\u00e9ticences tunisiennes - Kapitalis","isPartOf":{"@id":"https:\/\/kapitalis.com\/tunisie\/#website"},"primaryImageOfPage":{"@id":"https:\/\/kapitalis.com\/tunisie\/2018\/04\/25\/aleca-reprise-des-negociations-sur-un-fond-de-reticences-tunisiennes\/#primaryimage"},"image":{"@id":"https:\/\/kapitalis.com\/tunisie\/2018\/04\/25\/aleca-reprise-des-negociations-sur-un-fond-de-reticences-tunisiennes\/#primaryimage"},"thumbnailUrl":"http:\/\/kapitalis.com\/tunisie\/wp-content\/uploads\/2015\/10\/Aleca.jpg","datePublished":"2018-04-25T09:57:20+00:00","dateModified":"2018-04-25T12:30:12+00:00","breadcrumb":{"@id":"https:\/\/kapitalis.com\/tunisie\/2018\/04\/25\/aleca-reprise-des-negociations-sur-un-fond-de-reticences-tunisiennes\/#breadcrumb"},"inLanguage":"fr-FR","potentialAction":[{"@type":"ReadAction","target":["https:\/\/kapitalis.com\/tunisie\/2018\/04\/25\/aleca-reprise-des-negociations-sur-un-fond-de-reticences-tunisiennes\/"]}]},{"@type":"ImageObject","inLanguage":"fr-FR","@id":"https:\/\/kapitalis.com\/tunisie\/2018\/04\/25\/aleca-reprise-des-negociations-sur-un-fond-de-reticences-tunisiennes\/#primaryimage","url":"http:\/\/kapitalis.com\/tunisie\/wp-content\/uploads\/2015\/10\/Aleca.jpg","contentUrl":"http:\/\/kapitalis.com\/tunisie\/wp-content\/uploads\/2015\/10\/Aleca.jpg"},{"@type":"BreadcrumbList","@id":"https:\/\/kapitalis.com\/tunisie\/2018\/04\/25\/aleca-reprise-des-negociations-sur-un-fond-de-reticences-tunisiennes\/#breadcrumb","itemListElement":[{"@type":"ListItem","position":1,"name":"Accueil","item":"https:\/\/kapitalis.com\/tunisie\/"},{"@type":"ListItem","position":2,"name":"Aleca : Reprise des n\u00e9gociations sur un fond de r\u00e9ticences tunisiennes"}]},{"@type":"WebSite","@id":"https:\/\/kapitalis.com\/tunisie\/#website","url":"https:\/\/kapitalis.com\/tunisie\/","name":"Kapitalis","description":"L&#039;actualit\u00e9 en Tunisie et dans le monde","publisher":{"@id":"https:\/\/kapitalis.com\/tunisie\/#organization"},"potentialAction":[{"@type":"SearchAction","target":{"@type":"EntryPoint","urlTemplate":"https:\/\/kapitalis.com\/tunisie\/?s={search_term_string}"},"query-input":{"@type":"PropertyValueSpecification","valueRequired":true,"valueName":"search_term_string"}}],"inLanguage":"fr-FR"},{"@type":"Organization","@id":"https:\/\/kapitalis.com\/tunisie\/#organization","name":"Kapitalis","url":"https:\/\/kapitalis.com\/tunisie\/","logo":{"@type":"ImageObject","inLanguage":"fr-FR","@id":"https:\/\/kapitalis.com\/tunisie\/#\/schema\/logo\/image\/","url":"https:\/\/kapitalis.com\/tunisie\/wp-content\/uploads\/2022\/05\/Kapitalis-big-size.png","contentUrl":"https:\/\/kapitalis.com\/tunisie\/wp-content\/uploads\/2022\/05\/Kapitalis-big-size.png","width":5000,"height":1500,"caption":"Kapitalis"},"image":{"@id":"https:\/\/kapitalis.com\/tunisie\/#\/schema\/logo\/image\/"},"sameAs":["https:\/\/www.facebook.com\/KapitalisInfo\/","https:\/\/x.com\/KapitalisInfo","https:\/\/www.youtube.com\/channel\/UC-yDYrHyfFBWWZaOw3FPg9Q"]},{"@type":"Person","@id":"https:\/\/kapitalis.com\/tunisie\/#\/schema\/person\/d71f33a9ca44f7bad4698210b480c8e9","name":"webmaster kapitalis","url":"https:\/\/kapitalis.com\/tunisie\/author\/webmaster-kapitalis\/"}]}},"_links":{"self":[{"href":"https:\/\/kapitalis.com\/tunisie\/wp-json\/wp\/v2\/posts\/150660","targetHints":{"allow":["GET"]}}],"collection":[{"href":"https:\/\/kapitalis.com\/tunisie\/wp-json\/wp\/v2\/posts"}],"about":[{"href":"https:\/\/kapitalis.com\/tunisie\/wp-json\/wp\/v2\/types\/post"}],"author":[{"embeddable":true,"href":"https:\/\/kapitalis.com\/tunisie\/wp-json\/wp\/v2\/users\/8"}],"replies":[{"embeddable":true,"href":"https:\/\/kapitalis.com\/tunisie\/wp-json\/wp\/v2\/comments?post=150660"}],"version-history":[{"count":0,"href":"https:\/\/kapitalis.com\/tunisie\/wp-json\/wp\/v2\/posts\/150660\/revisions"}],"wp:attachment":[{"href":"https:\/\/kapitalis.com\/tunisie\/wp-json\/wp\/v2\/media?parent=150660"}],"wp:term":[{"taxonomy":"category","embeddable":true,"href":"https:\/\/kapitalis.com\/tunisie\/wp-json\/wp\/v2\/categories?post=150660"},{"taxonomy":"post_tag","embeddable":true,"href":"https:\/\/kapitalis.com\/tunisie\/wp-json\/wp\/v2\/tags?post=150660"}],"curies":[{"name":"wp","href":"https:\/\/api.w.org\/{rel}","templated":true}]}}