{"id":15072045,"date":"2025-01-03T23:01:52","date_gmt":"2025-01-03T22:01:52","guid":{"rendered":"https:\/\/kapitalis.com\/tunisie\/?p=15072045"},"modified":"2025-01-03T23:04:42","modified_gmt":"2025-01-03T22:04:42","slug":"tunis-rassemblement-a-la-memoire-de-fadhel-sassi-martyr-des-emeutes-du-pain","status":"publish","type":"post","link":"https:\/\/kapitalis.com\/tunisie\/2025\/01\/03\/tunis-rassemblement-a-la-memoire-de-fadhel-sassi-martyr-des-emeutes-du-pain\/","title":{"rendered":"Tunis : Rassemblement \u00e0 la m\u00e9moire de Fadhel Sassi, martyr des \u00e9meutes du pain"},"content":{"rendered":"\n<p><strong><em>Il y a 41 ans jour pour jour, le militant du Parti des patriotes d\u00e9mocrates unifi\u00e9 (Watad) Fadhel Sassi est d\u00e9c\u00e9d\u00e9, tombant sous les balles de la police, en 1984, au cours des \u00ab\u00e9meutes du pain\u00bb.<\/em><\/strong><\/p>\n\n\n\n<!--more-->\n\n\n\n<p>Al Watad entre autres partis de gauche a c\u00e9l\u00e9br\u00e9, ce vendredi 3 janvier 2025, le 41e triste anniversaire de la mort de Fadhel Sassi, en organisant un rassemblement \u00e0 l&rsquo;avenue Habib Bourguiba au centre ville de Tunis, l\u00e0 o\u00f9 \u00e9tait tomb\u00e9 Fahdel Sassi, 41 ans plus t\u00f4t alors qu&rsquo;il participait \u00e0 la r\u00e9volte populaire contre la hausse brutale des prix du pain et autres mati\u00e8res de premi\u00e8res n\u00e9cessit\u00e9.<\/p>\n\n\n\n<p>Cette hausse des prix, caus\u00e9e par l&rsquo;annulation des subventions des mati\u00e8res premi\u00e8res fin d\u00e9cembre 1983, suite \u00e0 une demande du Fonds mon\u00e9taire international (FMI) en vue de stabiliser l&rsquo;\u00e9conomie nationale a provoqu\u00e9 la col\u00e8re des Tunisiens, qui se sont r\u00e9volt\u00e9s d&rsquo;abord dans le sud, notamment \u00e0 Gab\u00e8s puis au nord-ouest, \u00e0 Kasserine, ainsi qu&rsquo;\u00e0 Tunis, o\u00f9 les militants sont sortis par dizaines afin de d\u00e9noncer cette d\u00e9cision.<\/p>\n\n\n<div class=\"wp-block-image\">\n<figure class=\"aligncenter size-full is-resized\"><img loading=\"lazy\" decoding=\"async\" width=\"337\" height=\"399\" src=\"https:\/\/kapitalis.com\/tunisie\/wp-content\/uploads\/2025\/01\/Fadhel-Sassi.jpg\" alt=\"\" class=\"wp-image-15072190\" style=\"width:500px\" srcset=\"https:\/\/kapitalis.com\/tunisie\/wp-content\/uploads\/2025\/01\/Fadhel-Sassi.jpg 337w, https:\/\/kapitalis.com\/tunisie\/wp-content\/uploads\/2025\/01\/Fadhel-Sassi-253x300.jpg 253w\" sizes=\"auto, (max-width: 337px) 100vw, 337px\" \/><\/figure>\n<\/div>\n\n\n<p>Le 1er janvier 1984, l&rsquo;\u00e9tat d&rsquo;urgence et le couvre-feu avaient alors \u00e9t\u00e9 d\u00e9cr\u00e9t\u00e9s et les manifestations ont \u00e9t\u00e9 r\u00e9prim\u00e9es par l&rsquo;arm\u00e9e et la police et plusieurs militants y ont laiss\u00e9 leur vie, dont Fadhel Sassi, alors \u00e2g\u00e9 de 27 ans.<\/p>\n\n\n\n<p>Ce militant du Watad, po\u00e8te engag\u00e9 et syndicaliste, aimait d\u00e9fendre la justice, les libert\u00e9s et les droits, en particulier ceux des classes d\u00e9sh\u00e9rit\u00e9s, rappellent ses camarades qui lui ont rendu hommage ce jour.<\/p>\n\n\n\n<p>A cette occasion, ils ont appel\u00e9 \u00e0 \u00ab <em>unifier les composantes du courant national d\u00e9mocrate en un seul parti politique, en vue de lutter contre la corruption et contre le syst\u00e8me \u00e9conomique et social et parvenir \u00e0 am\u00e9liorer le quotidien du peuple tunisien et lui permettre de vivre dignement<\/em> \u00bb.<\/p>\n\n\n\n<p class=\"has-text-align-right\"><strong>Y. N.<\/strong><\/p>\n","protected":false},"excerpt":{"rendered":"<p>Il y a 41 ans jour pour jour, le militant du Parti des patriotes d\u00e9mocrates unifi\u00e9 (Watad) Fadhel Sassi est d\u00e9c\u00e9d\u00e9, tombant sous les balles de la police, en 1984, au cours des \u00ab\u00e9meutes du pain\u00bb.<\/p>\n","protected":false},"author":6,"featured_media":15072188,"comment_status":"open","ping_status":"open","sticky":false,"template":"","format":"standard","meta":{"footnotes":""},"categories":[998,2433],"tags":[72076,86342,581,9323,767,965],"class_list":["post-15072045","post","type-post","status-publish","format-standard","has-post-thumbnail","hentry","category-societe","category-tunisie","tag-emeutes-du-pain","tag-fadhel-sassi","tag-martyr","tag-militant","tag-rassemblement","tag-watad"],"yoast_head":"<!-- This site is optimized with the Yoast SEO plugin v26.6 - https:\/\/yoast.com\/wordpress\/plugins\/seo\/ -->\n<title>Tunis : Rassemblement \u00e0 la m\u00e9moire de Fadhel Sassi, martyr des \u00e9meutes du pain - Kapitalis<\/title>\n<meta name=\"robots\" content=\"index, follow, max-snippet:-1, max-image-preview:large, max-video-preview:-1\" \/>\n<link rel=\"canonical\" href=\"https:\/\/kapitalis.com\/tunisie\/2025\/01\/03\/tunis-rassemblement-a-la-memoire-de-fadhel-sassi-martyr-des-emeutes-du-pain\/\" \/>\n<meta property=\"og:locale\" content=\"fr_FR\" \/>\n<meta property=\"og:type\" content=\"article\" \/>\n<meta property=\"og:title\" content=\"Tunis : Rassemblement \u00e0 la m\u00e9moire de Fadhel Sassi, martyr des \u00e9meutes du pain - Kapitalis\" \/>\n<meta property=\"og:description\" content=\"Il y a 41 ans jour pour jour, le militant du Parti des patriotes d\u00e9mocrates unifi\u00e9 (Watad) Fadhel Sassi est d\u00e9c\u00e9d\u00e9, tombant sous les balles de la police, en 1984, au cours des \u00ab\u00e9meutes du pain\u00bb.\" \/>\n<meta property=\"og:url\" content=\"https:\/\/kapitalis.com\/tunisie\/2025\/01\/03\/tunis-rassemblement-a-la-memoire-de-fadhel-sassi-martyr-des-emeutes-du-pain\/\" \/>\n<meta property=\"og:site_name\" content=\"Kapitalis\" \/>\n<meta property=\"article:publisher\" content=\"https:\/\/www.facebook.com\/KapitalisInfo\/\" \/>\n<meta property=\"article:published_time\" content=\"2025-01-03T22:01:52+00:00\" \/>\n<meta property=\"article:modified_time\" content=\"2025-01-03T22:04:42+00:00\" \/>\n<meta property=\"og:image\" content=\"https:\/\/kapitalis.com\/tunisie\/wp-content\/uploads\/2025\/01\/Rassemblement-Fadhel-Sassi.jpg\" \/>\n\t<meta property=\"og:image:width\" content=\"1200\" \/>\n\t<meta property=\"og:image:height\" content=\"630\" \/>\n\t<meta property=\"og:image:type\" content=\"image\/jpeg\" \/>\n<meta name=\"author\" content=\"Yusra NY\" \/>\n<meta name=\"twitter:card\" content=\"summary_large_image\" \/>\n<meta name=\"twitter:creator\" content=\"@KapitalisInfo\" \/>\n<meta name=\"twitter:site\" content=\"@KapitalisInfo\" \/>\n<meta name=\"twitter:label1\" content=\"\u00c9crit par\" \/>\n\t<meta name=\"twitter:data1\" content=\"Yusra NY\" \/>\n\t<meta name=\"twitter:label2\" content=\"Dur\u00e9e de lecture estim\u00e9e\" \/>\n\t<meta name=\"twitter:data2\" content=\"2 minutes\" \/>\n<script type=\"application\/ld+json\" class=\"yoast-schema-graph\">{\"@context\":\"https:\/\/schema.org\",\"@graph\":[{\"@type\":\"Article\",\"@id\":\"https:\/\/kapitalis.com\/tunisie\/2025\/01\/03\/tunis-rassemblement-a-la-memoire-de-fadhel-sassi-martyr-des-emeutes-du-pain\/#article\",\"isPartOf\":{\"@id\":\"https:\/\/kapitalis.com\/tunisie\/2025\/01\/03\/tunis-rassemblement-a-la-memoire-de-fadhel-sassi-martyr-des-emeutes-du-pain\/\"},\"author\":{\"name\":\"Yusra NY\",\"@id\":\"https:\/\/kapitalis.com\/tunisie\/#\/schema\/person\/74bbde0154d49d790a92aaeac5bc01d5\"},\"headline\":\"Tunis : Rassemblement \u00e0 la m\u00e9moire de Fadhel Sassi, martyr des \u00e9meutes du pain\",\"datePublished\":\"2025-01-03T22:01:52+00:00\",\"dateModified\":\"2025-01-03T22:04:42+00:00\",\"mainEntityOfPage\":{\"@id\":\"https:\/\/kapitalis.com\/tunisie\/2025\/01\/03\/tunis-rassemblement-a-la-memoire-de-fadhel-sassi-martyr-des-emeutes-du-pain\/\"},\"wordCount\":330,\"commentCount\":0,\"publisher\":{\"@id\":\"https:\/\/kapitalis.com\/tunisie\/#organization\"},\"image\":{\"@id\":\"https:\/\/kapitalis.com\/tunisie\/2025\/01\/03\/tunis-rassemblement-a-la-memoire-de-fadhel-sassi-martyr-des-emeutes-du-pain\/#primaryimage\"},\"thumbnailUrl\":\"https:\/\/kapitalis.com\/tunisie\/wp-content\/uploads\/2025\/01\/Rassemblement-Fadhel-Sassi.jpg\",\"keywords\":[\"\u00e9meutes du pain\",\"Fadhel Sassi\",\"martyr\",\"militant\",\"rassemblement\",\"Watad\"],\"articleSection\":[\"SOCIETE\",\"Tunisie\"],\"inLanguage\":\"fr-FR\",\"potentialAction\":[{\"@type\":\"CommentAction\",\"name\":\"Comment\",\"target\":[\"https:\/\/kapitalis.com\/tunisie\/2025\/01\/03\/tunis-rassemblement-a-la-memoire-de-fadhel-sassi-martyr-des-emeutes-du-pain\/#respond\"]}]},{\"@type\":\"WebPage\",\"@id\":\"https:\/\/kapitalis.com\/tunisie\/2025\/01\/03\/tunis-rassemblement-a-la-memoire-de-fadhel-sassi-martyr-des-emeutes-du-pain\/\",\"url\":\"https:\/\/kapitalis.com\/tunisie\/2025\/01\/03\/tunis-rassemblement-a-la-memoire-de-fadhel-sassi-martyr-des-emeutes-du-pain\/\",\"name\":\"Tunis : Rassemblement \u00e0 la m\u00e9moire de Fadhel Sassi, martyr des \u00e9meutes du pain - Kapitalis\",\"isPartOf\":{\"@id\":\"https:\/\/kapitalis.com\/tunisie\/#website\"},\"primaryImageOfPage\":{\"@id\":\"https:\/\/kapitalis.com\/tunisie\/2025\/01\/03\/tunis-rassemblement-a-la-memoire-de-fadhel-sassi-martyr-des-emeutes-du-pain\/#primaryimage\"},\"image\":{\"@id\":\"https:\/\/kapitalis.com\/tunisie\/2025\/01\/03\/tunis-rassemblement-a-la-memoire-de-fadhel-sassi-martyr-des-emeutes-du-pain\/#primaryimage\"},\"thumbnailUrl\":\"https:\/\/kapitalis.com\/tunisie\/wp-content\/uploads\/2025\/01\/Rassemblement-Fadhel-Sassi.jpg\",\"datePublished\":\"2025-01-03T22:01:52+00:00\",\"dateModified\":\"2025-01-03T22:04:42+00:00\",\"breadcrumb\":{\"@id\":\"https:\/\/kapitalis.com\/tunisie\/2025\/01\/03\/tunis-rassemblement-a-la-memoire-de-fadhel-sassi-martyr-des-emeutes-du-pain\/#breadcrumb\"},\"inLanguage\":\"fr-FR\",\"potentialAction\":[{\"@type\":\"ReadAction\",\"target\":[\"https:\/\/kapitalis.com\/tunisie\/2025\/01\/03\/tunis-rassemblement-a-la-memoire-de-fadhel-sassi-martyr-des-emeutes-du-pain\/\"]}]},{\"@type\":\"ImageObject\",\"inLanguage\":\"fr-FR\",\"@id\":\"https:\/\/kapitalis.com\/tunisie\/2025\/01\/03\/tunis-rassemblement-a-la-memoire-de-fadhel-sassi-martyr-des-emeutes-du-pain\/#primaryimage\",\"url\":\"https:\/\/kapitalis.com\/tunisie\/wp-content\/uploads\/2025\/01\/Rassemblement-Fadhel-Sassi.jpg\",\"contentUrl\":\"https:\/\/kapitalis.com\/tunisie\/wp-content\/uploads\/2025\/01\/Rassemblement-Fadhel-Sassi.jpg\",\"width\":1200,\"height\":630},{\"@type\":\"BreadcrumbList\",\"@id\":\"https:\/\/kapitalis.com\/tunisie\/2025\/01\/03\/tunis-rassemblement-a-la-memoire-de-fadhel-sassi-martyr-des-emeutes-du-pain\/#breadcrumb\",\"itemListElement\":[{\"@type\":\"ListItem\",\"position\":1,\"name\":\"Accueil\",\"item\":\"https:\/\/kapitalis.com\/tunisie\/\"},{\"@type\":\"ListItem\",\"position\":2,\"name\":\"Tunis : Rassemblement \u00e0 la m\u00e9moire de Fadhel Sassi, martyr des \u00e9meutes du pain\"}]},{\"@type\":\"WebSite\",\"@id\":\"https:\/\/kapitalis.com\/tunisie\/#website\",\"url\":\"https:\/\/kapitalis.com\/tunisie\/\",\"name\":\"Kapitalis\",\"description\":\"L&#039;actualit\u00e9 en Tunisie et dans le monde\",\"publisher\":{\"@id\":\"https:\/\/kapitalis.com\/tunisie\/#organization\"},\"potentialAction\":[{\"@type\":\"SearchAction\",\"target\":{\"@type\":\"EntryPoint\",\"urlTemplate\":\"https:\/\/kapitalis.com\/tunisie\/?s={search_term_string}\"},\"query-input\":{\"@type\":\"PropertyValueSpecification\",\"valueRequired\":true,\"valueName\":\"search_term_string\"}}],\"inLanguage\":\"fr-FR\"},{\"@type\":\"Organization\",\"@id\":\"https:\/\/kapitalis.com\/tunisie\/#organization\",\"name\":\"Kapitalis\",\"url\":\"https:\/\/kapitalis.com\/tunisie\/\",\"logo\":{\"@type\":\"ImageObject\",\"inLanguage\":\"fr-FR\",\"@id\":\"https:\/\/kapitalis.com\/tunisie\/#\/schema\/logo\/image\/\",\"url\":\"https:\/\/kapitalis.com\/tunisie\/wp-content\/uploads\/2022\/05\/Kapitalis-big-size.png\",\"contentUrl\":\"https:\/\/kapitalis.com\/tunisie\/wp-content\/uploads\/2022\/05\/Kapitalis-big-size.png\",\"width\":5000,\"height\":1500,\"caption\":\"Kapitalis\"},\"image\":{\"@id\":\"https:\/\/kapitalis.com\/tunisie\/#\/schema\/logo\/image\/\"},\"sameAs\":[\"https:\/\/www.facebook.com\/KapitalisInfo\/\",\"https:\/\/x.com\/KapitalisInfo\",\"https:\/\/www.youtube.com\/channel\/UC-yDYrHyfFBWWZaOw3FPg9Q\"]},{\"@type\":\"Person\",\"@id\":\"https:\/\/kapitalis.com\/tunisie\/#\/schema\/person\/74bbde0154d49d790a92aaeac5bc01d5\",\"name\":\"Yusra NY\",\"url\":\"https:\/\/kapitalis.com\/tunisie\/author\/yuza_adam\/\"}]}<\/script>\n<!-- \/ Yoast SEO plugin. -->","yoast_head_json":{"title":"Tunis : Rassemblement \u00e0 la m\u00e9moire de Fadhel Sassi, martyr des \u00e9meutes du pain - Kapitalis","robots":{"index":"index","follow":"follow","max-snippet":"max-snippet:-1","max-image-preview":"max-image-preview:large","max-video-preview":"max-video-preview:-1"},"canonical":"https:\/\/kapitalis.com\/tunisie\/2025\/01\/03\/tunis-rassemblement-a-la-memoire-de-fadhel-sassi-martyr-des-emeutes-du-pain\/","og_locale":"fr_FR","og_type":"article","og_title":"Tunis : Rassemblement \u00e0 la m\u00e9moire de Fadhel Sassi, martyr des \u00e9meutes du pain - Kapitalis","og_description":"Il y a 41 ans jour pour jour, le militant du Parti des patriotes d\u00e9mocrates unifi\u00e9 (Watad) Fadhel Sassi est d\u00e9c\u00e9d\u00e9, tombant sous les balles de la police, en 1984, au cours des \u00ab\u00e9meutes du pain\u00bb.","og_url":"https:\/\/kapitalis.com\/tunisie\/2025\/01\/03\/tunis-rassemblement-a-la-memoire-de-fadhel-sassi-martyr-des-emeutes-du-pain\/","og_site_name":"Kapitalis","article_publisher":"https:\/\/www.facebook.com\/KapitalisInfo\/","article_published_time":"2025-01-03T22:01:52+00:00","article_modified_time":"2025-01-03T22:04:42+00:00","og_image":[{"width":1200,"height":630,"url":"https:\/\/kapitalis.com\/tunisie\/wp-content\/uploads\/2025\/01\/Rassemblement-Fadhel-Sassi.jpg","type":"image\/jpeg"}],"author":"Yusra NY","twitter_card":"summary_large_image","twitter_creator":"@KapitalisInfo","twitter_site":"@KapitalisInfo","twitter_misc":{"\u00c9crit par":"Yusra NY","Dur\u00e9e de lecture estim\u00e9e":"2 minutes"},"schema":{"@context":"https:\/\/schema.org","@graph":[{"@type":"Article","@id":"https:\/\/kapitalis.com\/tunisie\/2025\/01\/03\/tunis-rassemblement-a-la-memoire-de-fadhel-sassi-martyr-des-emeutes-du-pain\/#article","isPartOf":{"@id":"https:\/\/kapitalis.com\/tunisie\/2025\/01\/03\/tunis-rassemblement-a-la-memoire-de-fadhel-sassi-martyr-des-emeutes-du-pain\/"},"author":{"name":"Yusra NY","@id":"https:\/\/kapitalis.com\/tunisie\/#\/schema\/person\/74bbde0154d49d790a92aaeac5bc01d5"},"headline":"Tunis : Rassemblement \u00e0 la m\u00e9moire de Fadhel Sassi, martyr des \u00e9meutes du pain","datePublished":"2025-01-03T22:01:52+00:00","dateModified":"2025-01-03T22:04:42+00:00","mainEntityOfPage":{"@id":"https:\/\/kapitalis.com\/tunisie\/2025\/01\/03\/tunis-rassemblement-a-la-memoire-de-fadhel-sassi-martyr-des-emeutes-du-pain\/"},"wordCount":330,"commentCount":0,"publisher":{"@id":"https:\/\/kapitalis.com\/tunisie\/#organization"},"image":{"@id":"https:\/\/kapitalis.com\/tunisie\/2025\/01\/03\/tunis-rassemblement-a-la-memoire-de-fadhel-sassi-martyr-des-emeutes-du-pain\/#primaryimage"},"thumbnailUrl":"https:\/\/kapitalis.com\/tunisie\/wp-content\/uploads\/2025\/01\/Rassemblement-Fadhel-Sassi.jpg","keywords":["\u00e9meutes du pain","Fadhel Sassi","martyr","militant","rassemblement","Watad"],"articleSection":["SOCIETE","Tunisie"],"inLanguage":"fr-FR","potentialAction":[{"@type":"CommentAction","name":"Comment","target":["https:\/\/kapitalis.com\/tunisie\/2025\/01\/03\/tunis-rassemblement-a-la-memoire-de-fadhel-sassi-martyr-des-emeutes-du-pain\/#respond"]}]},{"@type":"WebPage","@id":"https:\/\/kapitalis.com\/tunisie\/2025\/01\/03\/tunis-rassemblement-a-la-memoire-de-fadhel-sassi-martyr-des-emeutes-du-pain\/","url":"https:\/\/kapitalis.com\/tunisie\/2025\/01\/03\/tunis-rassemblement-a-la-memoire-de-fadhel-sassi-martyr-des-emeutes-du-pain\/","name":"Tunis : Rassemblement \u00e0 la m\u00e9moire de Fadhel Sassi, martyr des \u00e9meutes du pain - Kapitalis","isPartOf":{"@id":"https:\/\/kapitalis.com\/tunisie\/#website"},"primaryImageOfPage":{"@id":"https:\/\/kapitalis.com\/tunisie\/2025\/01\/03\/tunis-rassemblement-a-la-memoire-de-fadhel-sassi-martyr-des-emeutes-du-pain\/#primaryimage"},"image":{"@id":"https:\/\/kapitalis.com\/tunisie\/2025\/01\/03\/tunis-rassemblement-a-la-memoire-de-fadhel-sassi-martyr-des-emeutes-du-pain\/#primaryimage"},"thumbnailUrl":"https:\/\/kapitalis.com\/tunisie\/wp-content\/uploads\/2025\/01\/Rassemblement-Fadhel-Sassi.jpg","datePublished":"2025-01-03T22:01:52+00:00","dateModified":"2025-01-03T22:04:42+00:00","breadcrumb":{"@id":"https:\/\/kapitalis.com\/tunisie\/2025\/01\/03\/tunis-rassemblement-a-la-memoire-de-fadhel-sassi-martyr-des-emeutes-du-pain\/#breadcrumb"},"inLanguage":"fr-FR","potentialAction":[{"@type":"ReadAction","target":["https:\/\/kapitalis.com\/tunisie\/2025\/01\/03\/tunis-rassemblement-a-la-memoire-de-fadhel-sassi-martyr-des-emeutes-du-pain\/"]}]},{"@type":"ImageObject","inLanguage":"fr-FR","@id":"https:\/\/kapitalis.com\/tunisie\/2025\/01\/03\/tunis-rassemblement-a-la-memoire-de-fadhel-sassi-martyr-des-emeutes-du-pain\/#primaryimage","url":"https:\/\/kapitalis.com\/tunisie\/wp-content\/uploads\/2025\/01\/Rassemblement-Fadhel-Sassi.jpg","contentUrl":"https:\/\/kapitalis.com\/tunisie\/wp-content\/uploads\/2025\/01\/Rassemblement-Fadhel-Sassi.jpg","width":1200,"height":630},{"@type":"BreadcrumbList","@id":"https:\/\/kapitalis.com\/tunisie\/2025\/01\/03\/tunis-rassemblement-a-la-memoire-de-fadhel-sassi-martyr-des-emeutes-du-pain\/#breadcrumb","itemListElement":[{"@type":"ListItem","position":1,"name":"Accueil","item":"https:\/\/kapitalis.com\/tunisie\/"},{"@type":"ListItem","position":2,"name":"Tunis : Rassemblement \u00e0 la m\u00e9moire de Fadhel Sassi, martyr des \u00e9meutes du pain"}]},{"@type":"WebSite","@id":"https:\/\/kapitalis.com\/tunisie\/#website","url":"https:\/\/kapitalis.com\/tunisie\/","name":"Kapitalis","description":"L&#039;actualit\u00e9 en Tunisie et dans le monde","publisher":{"@id":"https:\/\/kapitalis.com\/tunisie\/#organization"},"potentialAction":[{"@type":"SearchAction","target":{"@type":"EntryPoint","urlTemplate":"https:\/\/kapitalis.com\/tunisie\/?s={search_term_string}"},"query-input":{"@type":"PropertyValueSpecification","valueRequired":true,"valueName":"search_term_string"}}],"inLanguage":"fr-FR"},{"@type":"Organization","@id":"https:\/\/kapitalis.com\/tunisie\/#organization","name":"Kapitalis","url":"https:\/\/kapitalis.com\/tunisie\/","logo":{"@type":"ImageObject","inLanguage":"fr-FR","@id":"https:\/\/kapitalis.com\/tunisie\/#\/schema\/logo\/image\/","url":"https:\/\/kapitalis.com\/tunisie\/wp-content\/uploads\/2022\/05\/Kapitalis-big-size.png","contentUrl":"https:\/\/kapitalis.com\/tunisie\/wp-content\/uploads\/2022\/05\/Kapitalis-big-size.png","width":5000,"height":1500,"caption":"Kapitalis"},"image":{"@id":"https:\/\/kapitalis.com\/tunisie\/#\/schema\/logo\/image\/"},"sameAs":["https:\/\/www.facebook.com\/KapitalisInfo\/","https:\/\/x.com\/KapitalisInfo","https:\/\/www.youtube.com\/channel\/UC-yDYrHyfFBWWZaOw3FPg9Q"]},{"@type":"Person","@id":"https:\/\/kapitalis.com\/tunisie\/#\/schema\/person\/74bbde0154d49d790a92aaeac5bc01d5","name":"Yusra NY","url":"https:\/\/kapitalis.com\/tunisie\/author\/yuza_adam\/"}]}},"_links":{"self":[{"href":"https:\/\/kapitalis.com\/tunisie\/wp-json\/wp\/v2\/posts\/15072045","targetHints":{"allow":["GET"]}}],"collection":[{"href":"https:\/\/kapitalis.com\/tunisie\/wp-json\/wp\/v2\/posts"}],"about":[{"href":"https:\/\/kapitalis.com\/tunisie\/wp-json\/wp\/v2\/types\/post"}],"author":[{"embeddable":true,"href":"https:\/\/kapitalis.com\/tunisie\/wp-json\/wp\/v2\/users\/6"}],"replies":[{"embeddable":true,"href":"https:\/\/kapitalis.com\/tunisie\/wp-json\/wp\/v2\/comments?post=15072045"}],"version-history":[{"count":2,"href":"https:\/\/kapitalis.com\/tunisie\/wp-json\/wp\/v2\/posts\/15072045\/revisions"}],"predecessor-version":[{"id":15072219,"href":"https:\/\/kapitalis.com\/tunisie\/wp-json\/wp\/v2\/posts\/15072045\/revisions\/15072219"}],"wp:featuredmedia":[{"embeddable":true,"href":"https:\/\/kapitalis.com\/tunisie\/wp-json\/wp\/v2\/media\/15072188"}],"wp:attachment":[{"href":"https:\/\/kapitalis.com\/tunisie\/wp-json\/wp\/v2\/media?parent=15072045"}],"wp:term":[{"taxonomy":"category","embeddable":true,"href":"https:\/\/kapitalis.com\/tunisie\/wp-json\/wp\/v2\/categories?post=15072045"},{"taxonomy":"post_tag","embeddable":true,"href":"https:\/\/kapitalis.com\/tunisie\/wp-json\/wp\/v2\/tags?post=15072045"}],"curies":[{"name":"wp","href":"https:\/\/api.w.org\/{rel}","templated":true}]}}