{"id":150725,"date":"2018-04-25T15:30:55","date_gmt":"2018-04-25T14:30:55","guid":{"rendered":"http:\/\/kapitalis.com\/tunisie\/?p=150725"},"modified":"2018-04-25T15:30:55","modified_gmt":"2018-04-25T14:30:55","slug":"clash-entre-yassine-ayari-et-un-depute-ennahdha-a-lassemblee","status":"publish","type":"post","link":"https:\/\/kapitalis.com\/tunisie\/2018\/04\/25\/clash-entre-yassine-ayari-et-un-depute-ennahdha-a-lassemblee\/","title":{"rendered":"Clash entre Yassine Ayari et un d\u00e9put\u00e9 Ennahdha \u00e0 l&rsquo;Assembl\u00e9e"},"content":{"rendered":"<p style=\"text-align: center;\"><img loading=\"lazy\" decoding=\"async\" class=\"alignnone size-full wp-image-150741\" src=\"http:\/\/kapitalis.com\/tunisie\/wp-content\/uploads\/2018\/04\/Neji-Jmal-Yassine-Ayari.jpg\" alt=\"\" width=\"626\" height=\"380\" \/><\/p>\n<p style=\"text-align: center;\"><em>Neji Jmal\/Yassine Ayari.<\/em><\/p>\n<p><em><strong>Le d\u00e9put\u00e9 Yassine Ayari accuse son coll\u00e8gue du parti islamiste Ennahdha N\u00e9ji Jmal de l\u2019avoir insult\u00e9 et menac\u00e9 de le frapper, aujourd\u2019hui, mercredi 25 avril 2018, au si\u00e8ge de l\u2019Assembl\u00e9e.<\/strong><\/em><!--more--><\/p>\n<p>Le d\u00e9put\u00e9 a rapport\u00e9, dans un statut Facebook, que N\u00e9ji Jmal l\u2019a crois\u00e9, avant la s\u00e9ance pl\u00e9ni\u00e8re consacr\u00e9e \u00e0 l\u2019examen du projet de loi sur les collectivit\u00e9s locales, et l\u2019a couvert d\u2019insultes, en pr\u00e9sence d\u2019autres d\u00e9put\u00e9s qui sont intervenus pour calmer les esprits.<\/p>\n<p>\u00ab<em>N\u00e9ji Jmal s\u2019en est pris \u00e0 moi et m\u2019a trait\u00e9 de tous les noms en indiquant que ma pr\u00e9sence \u00e0 l\u2019assembl\u00e9e est une catastrophe. Si ce n\u2019est l\u2019intervention d\u2019autres d\u00e9put\u00e9s, il m\u2019aurait s\u00fbrement agress\u00e9<\/em>\u00bb, a-t-il \u00e9crit<\/p>\n<p>Selon Yassine Ayari, le d\u00e9put\u00e9 d\u2019Ennahdha lui reprocherait d\u2019avoir critiqu\u00e9 ses coll\u00e8gues sur son compte Facebook. \u00ab<em>Je ne m\u2019attends pas \u00e0 des excuses ni de sa part, ni de celle de son bloc parlementaires. Le respect et le savoir vivre, ils savent en parler et donner des le\u00e7ons, mais pour eux \u00e7a s\u2019arr\u00eate au stade des mots<\/em>\u00bb, a-t-il \u00e9crit.<\/p>\n<p>Il faut dire que ce sulfureux d\u00e9put\u00e9, ancien agitateur islamiste \u00e0 la langue tr\u00e8s d\u00e9li\u00e9e, ne fait pas l&rsquo;unanimit\u00e9 autour de sa personne et suscite m\u00eame de inimiti\u00e9s partout o\u00f9 il passe. Les islamistes, qui ont go\u00fbt\u00e9 \u00e0 ses douceurs, tentent d\u00e9sormais de prendre des distances vis-\u00e0-vis de lui.<\/p>\n<p style=\"text-align: right;\"><strong>Y. N.<\/strong><\/p>\n<blockquote class=\"wp-embedded-content\" data-secret=\"Lwh97Tnbcq\"><p><a href=\"https:\/\/kapitalis.com\/tunisie\/2017\/12\/18\/legislative-partielle-allemagne-yassine-ayari-grace-a-ennahdha\/\">L\u00e9gislative partielle en Allemagne : Yassine Ayari gr\u00e2ce \u00e0 Ennahdha<\/a><\/p><\/blockquote>\n<p><iframe loading=\"lazy\" class=\"wp-embedded-content\" sandbox=\"allow-scripts\" security=\"restricted\" style=\"position: absolute; clip: rect(1px, 1px, 1px, 1px);\" title=\"\u00ab\u00a0L\u00e9gislative partielle en Allemagne : Yassine Ayari gr\u00e2ce \u00e0 Ennahdha\u00a0\u00bb &#8212; Kapitalis\" src=\"https:\/\/kapitalis.com\/tunisie\/2017\/12\/18\/legislative-partielle-allemagne-yassine-ayari-grace-a-ennahdha\/embed\/#?secret=2ZrrZ4Lpjj#?secret=Lwh97Tnbcq\" data-secret=\"Lwh97Tnbcq\" width=\"600\" height=\"338\" frameborder=\"0\" marginwidth=\"0\" marginheight=\"0\" scrolling=\"no\"><\/iframe><\/p>\n<blockquote class=\"wp-embedded-content\" data-secret=\"AyiuxlASIV\"><p><a href=\"https:\/\/kapitalis.com\/tunisie\/2017\/12\/18\/blogueur-islamiste-devenu-depute-qui-est-yassine-ayari\/\">Blogueur islamiste devenu d\u00e9put\u00e9: Qui est Yassine Ayari ?<\/a><\/p><\/blockquote>\n<p><iframe loading=\"lazy\" class=\"wp-embedded-content\" sandbox=\"allow-scripts\" security=\"restricted\" style=\"position: absolute; clip: rect(1px, 1px, 1px, 1px);\" title=\"\u00ab\u00a0Blogueur islamiste devenu d\u00e9put\u00e9: Qui est Yassine Ayari ?\u00a0\u00bb &#8212; Kapitalis\" src=\"https:\/\/kapitalis.com\/tunisie\/2017\/12\/18\/blogueur-islamiste-devenu-depute-qui-est-yassine-ayari\/embed\/#?secret=YyuviviNV0#?secret=AyiuxlASIV\" data-secret=\"AyiuxlASIV\" width=\"600\" height=\"338\" frameborder=\"0\" marginwidth=\"0\" marginheight=\"0\" scrolling=\"no\"><\/iframe><\/p>\n","protected":false},"excerpt":{"rendered":"<p>Neji Jmal\/Yassine Ayari. Le d\u00e9put\u00e9 Yassine Ayari accuse son coll\u00e8gue du parti islamiste Ennahdha N\u00e9ji Jmal de l\u2019avoir insult\u00e9 et menac\u00e9 de le frapper, aujourd\u2019hui, mercredi 25 avril 2018, au si\u00e8ge de l\u2019Assembl\u00e9e.<\/p>\n","protected":false},"author":6,"featured_media":150741,"comment_status":"open","ping_status":"open","sticky":false,"template":"","format":"standard","meta":{"footnotes":""},"categories":[997,2433],"tags":[45,1096,93,1347,1391,1312,971],"class_list":["post-150725","post","type-post","status-publish","format-standard","has-post-thumbnail","hentry","category-politique","category-tunisie","tag-agression","tag-allemagne","tag-assemblee","tag-depute","tag-dispute","tag-parti-islamiste","tag-yassine-ayari"],"yoast_head":"<!-- This site is optimized with the Yoast SEO plugin v26.6 - https:\/\/yoast.com\/wordpress\/plugins\/seo\/ -->\n<title>Clash entre Yassine Ayari et un d\u00e9put\u00e9 Ennahdha \u00e0 l&#039;Assembl\u00e9e - Kapitalis<\/title>\n<meta name=\"robots\" content=\"index, follow, max-snippet:-1, max-image-preview:large, max-video-preview:-1\" \/>\n<link rel=\"canonical\" href=\"https:\/\/kapitalis.com\/tunisie\/2018\/04\/25\/clash-entre-yassine-ayari-et-un-depute-ennahdha-a-lassemblee\/\" \/>\n<meta property=\"og:locale\" content=\"fr_FR\" \/>\n<meta property=\"og:type\" content=\"article\" \/>\n<meta property=\"og:title\" content=\"Clash entre Yassine Ayari et un d\u00e9put\u00e9 Ennahdha \u00e0 l&#039;Assembl\u00e9e - Kapitalis\" \/>\n<meta property=\"og:description\" content=\"Neji Jmal\/Yassine Ayari. Le d\u00e9put\u00e9 Yassine Ayari accuse son coll\u00e8gue du parti islamiste Ennahdha N\u00e9ji Jmal de l\u2019avoir insult\u00e9 et menac\u00e9 de le frapper, aujourd\u2019hui, mercredi 25 avril 2018, au si\u00e8ge de l\u2019Assembl\u00e9e.\" \/>\n<meta property=\"og:url\" content=\"https:\/\/kapitalis.com\/tunisie\/2018\/04\/25\/clash-entre-yassine-ayari-et-un-depute-ennahdha-a-lassemblee\/\" \/>\n<meta property=\"og:site_name\" content=\"Kapitalis\" \/>\n<meta property=\"article:publisher\" content=\"https:\/\/www.facebook.com\/KapitalisInfo\/\" \/>\n<meta property=\"article:published_time\" content=\"2018-04-25T14:30:55+00:00\" \/>\n<meta property=\"og:image\" content=\"https:\/\/kapitalis.com\/tunisie\/wp-content\/uploads\/2022\/05\/kapitalis-logo-fb.png\" \/>\n\t<meta property=\"og:image:width\" content=\"1200\" \/>\n\t<meta property=\"og:image:height\" content=\"630\" \/>\n\t<meta property=\"og:image:type\" content=\"image\/png\" \/>\n<meta name=\"author\" content=\"Yusra NY\" \/>\n<meta name=\"twitter:card\" content=\"summary_large_image\" \/>\n<meta name=\"twitter:creator\" content=\"@KapitalisInfo\" \/>\n<meta name=\"twitter:site\" content=\"@KapitalisInfo\" \/>\n<meta name=\"twitter:label1\" content=\"\u00c9crit par\" \/>\n\t<meta name=\"twitter:data1\" content=\"Yusra NY\" \/>\n\t<meta name=\"twitter:label2\" content=\"Dur\u00e9e de lecture estim\u00e9e\" \/>\n\t<meta name=\"twitter:data2\" content=\"1 minute\" \/>\n<script type=\"application\/ld+json\" class=\"yoast-schema-graph\">{\"@context\":\"https:\/\/schema.org\",\"@graph\":[{\"@type\":\"Article\",\"@id\":\"https:\/\/kapitalis.com\/tunisie\/2018\/04\/25\/clash-entre-yassine-ayari-et-un-depute-ennahdha-a-lassemblee\/#article\",\"isPartOf\":{\"@id\":\"https:\/\/kapitalis.com\/tunisie\/2018\/04\/25\/clash-entre-yassine-ayari-et-un-depute-ennahdha-a-lassemblee\/\"},\"author\":{\"name\":\"Yusra NY\",\"@id\":\"https:\/\/kapitalis.com\/tunisie\/#\/schema\/person\/74bbde0154d49d790a92aaeac5bc01d5\"},\"headline\":\"Clash entre Yassine Ayari et un d\u00e9put\u00e9 Ennahdha \u00e0 l&rsquo;Assembl\u00e9e\",\"datePublished\":\"2018-04-25T14:30:55+00:00\",\"mainEntityOfPage\":{\"@id\":\"https:\/\/kapitalis.com\/tunisie\/2018\/04\/25\/clash-entre-yassine-ayari-et-un-depute-ennahdha-a-lassemblee\/\"},\"wordCount\":289,\"commentCount\":3,\"publisher\":{\"@id\":\"https:\/\/kapitalis.com\/tunisie\/#organization\"},\"image\":{\"@id\":\"https:\/\/kapitalis.com\/tunisie\/2018\/04\/25\/clash-entre-yassine-ayari-et-un-depute-ennahdha-a-lassemblee\/#primaryimage\"},\"thumbnailUrl\":\"\",\"keywords\":[\"agression\",\"Allemagne\",\"Assembl\u00e9e\",\"d\u00e9put\u00e9\",\"dispute\",\"parti islamiste\",\"Yassine Ayari\"],\"articleSection\":[\"POLITIQUE\",\"Tunisie\"],\"inLanguage\":\"fr-FR\",\"potentialAction\":[{\"@type\":\"CommentAction\",\"name\":\"Comment\",\"target\":[\"https:\/\/kapitalis.com\/tunisie\/2018\/04\/25\/clash-entre-yassine-ayari-et-un-depute-ennahdha-a-lassemblee\/#respond\"]}]},{\"@type\":\"WebPage\",\"@id\":\"https:\/\/kapitalis.com\/tunisie\/2018\/04\/25\/clash-entre-yassine-ayari-et-un-depute-ennahdha-a-lassemblee\/\",\"url\":\"https:\/\/kapitalis.com\/tunisie\/2018\/04\/25\/clash-entre-yassine-ayari-et-un-depute-ennahdha-a-lassemblee\/\",\"name\":\"Clash entre Yassine Ayari et un d\u00e9put\u00e9 Ennahdha \u00e0 l'Assembl\u00e9e - Kapitalis\",\"isPartOf\":{\"@id\":\"https:\/\/kapitalis.com\/tunisie\/#website\"},\"primaryImageOfPage\":{\"@id\":\"https:\/\/kapitalis.com\/tunisie\/2018\/04\/25\/clash-entre-yassine-ayari-et-un-depute-ennahdha-a-lassemblee\/#primaryimage\"},\"image\":{\"@id\":\"https:\/\/kapitalis.com\/tunisie\/2018\/04\/25\/clash-entre-yassine-ayari-et-un-depute-ennahdha-a-lassemblee\/#primaryimage\"},\"thumbnailUrl\":\"\",\"datePublished\":\"2018-04-25T14:30:55+00:00\",\"breadcrumb\":{\"@id\":\"https:\/\/kapitalis.com\/tunisie\/2018\/04\/25\/clash-entre-yassine-ayari-et-un-depute-ennahdha-a-lassemblee\/#breadcrumb\"},\"inLanguage\":\"fr-FR\",\"potentialAction\":[{\"@type\":\"ReadAction\",\"target\":[\"https:\/\/kapitalis.com\/tunisie\/2018\/04\/25\/clash-entre-yassine-ayari-et-un-depute-ennahdha-a-lassemblee\/\"]}]},{\"@type\":\"ImageObject\",\"inLanguage\":\"fr-FR\",\"@id\":\"https:\/\/kapitalis.com\/tunisie\/2018\/04\/25\/clash-entre-yassine-ayari-et-un-depute-ennahdha-a-lassemblee\/#primaryimage\",\"url\":\"\",\"contentUrl\":\"\"},{\"@type\":\"BreadcrumbList\",\"@id\":\"https:\/\/kapitalis.com\/tunisie\/2018\/04\/25\/clash-entre-yassine-ayari-et-un-depute-ennahdha-a-lassemblee\/#breadcrumb\",\"itemListElement\":[{\"@type\":\"ListItem\",\"position\":1,\"name\":\"Accueil\",\"item\":\"https:\/\/kapitalis.com\/tunisie\/\"},{\"@type\":\"ListItem\",\"position\":2,\"name\":\"Clash entre Yassine Ayari et un d\u00e9put\u00e9 Ennahdha \u00e0 l&rsquo;Assembl\u00e9e\"}]},{\"@type\":\"WebSite\",\"@id\":\"https:\/\/kapitalis.com\/tunisie\/#website\",\"url\":\"https:\/\/kapitalis.com\/tunisie\/\",\"name\":\"Kapitalis\",\"description\":\"L&#039;actualit\u00e9 en Tunisie et dans le monde\",\"publisher\":{\"@id\":\"https:\/\/kapitalis.com\/tunisie\/#organization\"},\"potentialAction\":[{\"@type\":\"SearchAction\",\"target\":{\"@type\":\"EntryPoint\",\"urlTemplate\":\"https:\/\/kapitalis.com\/tunisie\/?s={search_term_string}\"},\"query-input\":{\"@type\":\"PropertyValueSpecification\",\"valueRequired\":true,\"valueName\":\"search_term_string\"}}],\"inLanguage\":\"fr-FR\"},{\"@type\":\"Organization\",\"@id\":\"https:\/\/kapitalis.com\/tunisie\/#organization\",\"name\":\"Kapitalis\",\"url\":\"https:\/\/kapitalis.com\/tunisie\/\",\"logo\":{\"@type\":\"ImageObject\",\"inLanguage\":\"fr-FR\",\"@id\":\"https:\/\/kapitalis.com\/tunisie\/#\/schema\/logo\/image\/\",\"url\":\"https:\/\/kapitalis.com\/tunisie\/wp-content\/uploads\/2022\/05\/Kapitalis-big-size.png\",\"contentUrl\":\"https:\/\/kapitalis.com\/tunisie\/wp-content\/uploads\/2022\/05\/Kapitalis-big-size.png\",\"width\":5000,\"height\":1500,\"caption\":\"Kapitalis\"},\"image\":{\"@id\":\"https:\/\/kapitalis.com\/tunisie\/#\/schema\/logo\/image\/\"},\"sameAs\":[\"https:\/\/www.facebook.com\/KapitalisInfo\/\",\"https:\/\/x.com\/KapitalisInfo\",\"https:\/\/www.youtube.com\/channel\/UC-yDYrHyfFBWWZaOw3FPg9Q\"]},{\"@type\":\"Person\",\"@id\":\"https:\/\/kapitalis.com\/tunisie\/#\/schema\/person\/74bbde0154d49d790a92aaeac5bc01d5\",\"name\":\"Yusra NY\",\"url\":\"https:\/\/kapitalis.com\/tunisie\/author\/yuza_adam\/\"}]}<\/script>\n<!-- \/ Yoast SEO plugin. -->","yoast_head_json":{"title":"Clash entre Yassine Ayari et un d\u00e9put\u00e9 Ennahdha \u00e0 l'Assembl\u00e9e - Kapitalis","robots":{"index":"index","follow":"follow","max-snippet":"max-snippet:-1","max-image-preview":"max-image-preview:large","max-video-preview":"max-video-preview:-1"},"canonical":"https:\/\/kapitalis.com\/tunisie\/2018\/04\/25\/clash-entre-yassine-ayari-et-un-depute-ennahdha-a-lassemblee\/","og_locale":"fr_FR","og_type":"article","og_title":"Clash entre Yassine Ayari et un d\u00e9put\u00e9 Ennahdha \u00e0 l'Assembl\u00e9e - Kapitalis","og_description":"Neji Jmal\/Yassine Ayari. Le d\u00e9put\u00e9 Yassine Ayari accuse son coll\u00e8gue du parti islamiste Ennahdha N\u00e9ji Jmal de l\u2019avoir insult\u00e9 et menac\u00e9 de le frapper, aujourd\u2019hui, mercredi 25 avril 2018, au si\u00e8ge de l\u2019Assembl\u00e9e.","og_url":"https:\/\/kapitalis.com\/tunisie\/2018\/04\/25\/clash-entre-yassine-ayari-et-un-depute-ennahdha-a-lassemblee\/","og_site_name":"Kapitalis","article_publisher":"https:\/\/www.facebook.com\/KapitalisInfo\/","article_published_time":"2018-04-25T14:30:55+00:00","og_image":[{"width":1200,"height":630,"url":"https:\/\/kapitalis.com\/tunisie\/wp-content\/uploads\/2022\/05\/kapitalis-logo-fb.png","type":"image\/png"}],"author":"Yusra NY","twitter_card":"summary_large_image","twitter_creator":"@KapitalisInfo","twitter_site":"@KapitalisInfo","twitter_misc":{"\u00c9crit par":"Yusra NY","Dur\u00e9e de lecture estim\u00e9e":"1 minute"},"schema":{"@context":"https:\/\/schema.org","@graph":[{"@type":"Article","@id":"https:\/\/kapitalis.com\/tunisie\/2018\/04\/25\/clash-entre-yassine-ayari-et-un-depute-ennahdha-a-lassemblee\/#article","isPartOf":{"@id":"https:\/\/kapitalis.com\/tunisie\/2018\/04\/25\/clash-entre-yassine-ayari-et-un-depute-ennahdha-a-lassemblee\/"},"author":{"name":"Yusra NY","@id":"https:\/\/kapitalis.com\/tunisie\/#\/schema\/person\/74bbde0154d49d790a92aaeac5bc01d5"},"headline":"Clash entre Yassine Ayari et un d\u00e9put\u00e9 Ennahdha \u00e0 l&rsquo;Assembl\u00e9e","datePublished":"2018-04-25T14:30:55+00:00","mainEntityOfPage":{"@id":"https:\/\/kapitalis.com\/tunisie\/2018\/04\/25\/clash-entre-yassine-ayari-et-un-depute-ennahdha-a-lassemblee\/"},"wordCount":289,"commentCount":3,"publisher":{"@id":"https:\/\/kapitalis.com\/tunisie\/#organization"},"image":{"@id":"https:\/\/kapitalis.com\/tunisie\/2018\/04\/25\/clash-entre-yassine-ayari-et-un-depute-ennahdha-a-lassemblee\/#primaryimage"},"thumbnailUrl":"","keywords":["agression","Allemagne","Assembl\u00e9e","d\u00e9put\u00e9","dispute","parti islamiste","Yassine Ayari"],"articleSection":["POLITIQUE","Tunisie"],"inLanguage":"fr-FR","potentialAction":[{"@type":"CommentAction","name":"Comment","target":["https:\/\/kapitalis.com\/tunisie\/2018\/04\/25\/clash-entre-yassine-ayari-et-un-depute-ennahdha-a-lassemblee\/#respond"]}]},{"@type":"WebPage","@id":"https:\/\/kapitalis.com\/tunisie\/2018\/04\/25\/clash-entre-yassine-ayari-et-un-depute-ennahdha-a-lassemblee\/","url":"https:\/\/kapitalis.com\/tunisie\/2018\/04\/25\/clash-entre-yassine-ayari-et-un-depute-ennahdha-a-lassemblee\/","name":"Clash entre Yassine Ayari et un d\u00e9put\u00e9 Ennahdha \u00e0 l'Assembl\u00e9e - Kapitalis","isPartOf":{"@id":"https:\/\/kapitalis.com\/tunisie\/#website"},"primaryImageOfPage":{"@id":"https:\/\/kapitalis.com\/tunisie\/2018\/04\/25\/clash-entre-yassine-ayari-et-un-depute-ennahdha-a-lassemblee\/#primaryimage"},"image":{"@id":"https:\/\/kapitalis.com\/tunisie\/2018\/04\/25\/clash-entre-yassine-ayari-et-un-depute-ennahdha-a-lassemblee\/#primaryimage"},"thumbnailUrl":"","datePublished":"2018-04-25T14:30:55+00:00","breadcrumb":{"@id":"https:\/\/kapitalis.com\/tunisie\/2018\/04\/25\/clash-entre-yassine-ayari-et-un-depute-ennahdha-a-lassemblee\/#breadcrumb"},"inLanguage":"fr-FR","potentialAction":[{"@type":"ReadAction","target":["https:\/\/kapitalis.com\/tunisie\/2018\/04\/25\/clash-entre-yassine-ayari-et-un-depute-ennahdha-a-lassemblee\/"]}]},{"@type":"ImageObject","inLanguage":"fr-FR","@id":"https:\/\/kapitalis.com\/tunisie\/2018\/04\/25\/clash-entre-yassine-ayari-et-un-depute-ennahdha-a-lassemblee\/#primaryimage","url":"","contentUrl":""},{"@type":"BreadcrumbList","@id":"https:\/\/kapitalis.com\/tunisie\/2018\/04\/25\/clash-entre-yassine-ayari-et-un-depute-ennahdha-a-lassemblee\/#breadcrumb","itemListElement":[{"@type":"ListItem","position":1,"name":"Accueil","item":"https:\/\/kapitalis.com\/tunisie\/"},{"@type":"ListItem","position":2,"name":"Clash entre Yassine Ayari et un d\u00e9put\u00e9 Ennahdha \u00e0 l&rsquo;Assembl\u00e9e"}]},{"@type":"WebSite","@id":"https:\/\/kapitalis.com\/tunisie\/#website","url":"https:\/\/kapitalis.com\/tunisie\/","name":"Kapitalis","description":"L&#039;actualit\u00e9 en Tunisie et dans le monde","publisher":{"@id":"https:\/\/kapitalis.com\/tunisie\/#organization"},"potentialAction":[{"@type":"SearchAction","target":{"@type":"EntryPoint","urlTemplate":"https:\/\/kapitalis.com\/tunisie\/?s={search_term_string}"},"query-input":{"@type":"PropertyValueSpecification","valueRequired":true,"valueName":"search_term_string"}}],"inLanguage":"fr-FR"},{"@type":"Organization","@id":"https:\/\/kapitalis.com\/tunisie\/#organization","name":"Kapitalis","url":"https:\/\/kapitalis.com\/tunisie\/","logo":{"@type":"ImageObject","inLanguage":"fr-FR","@id":"https:\/\/kapitalis.com\/tunisie\/#\/schema\/logo\/image\/","url":"https:\/\/kapitalis.com\/tunisie\/wp-content\/uploads\/2022\/05\/Kapitalis-big-size.png","contentUrl":"https:\/\/kapitalis.com\/tunisie\/wp-content\/uploads\/2022\/05\/Kapitalis-big-size.png","width":5000,"height":1500,"caption":"Kapitalis"},"image":{"@id":"https:\/\/kapitalis.com\/tunisie\/#\/schema\/logo\/image\/"},"sameAs":["https:\/\/www.facebook.com\/KapitalisInfo\/","https:\/\/x.com\/KapitalisInfo","https:\/\/www.youtube.com\/channel\/UC-yDYrHyfFBWWZaOw3FPg9Q"]},{"@type":"Person","@id":"https:\/\/kapitalis.com\/tunisie\/#\/schema\/person\/74bbde0154d49d790a92aaeac5bc01d5","name":"Yusra NY","url":"https:\/\/kapitalis.com\/tunisie\/author\/yuza_adam\/"}]}},"_links":{"self":[{"href":"https:\/\/kapitalis.com\/tunisie\/wp-json\/wp\/v2\/posts\/150725","targetHints":{"allow":["GET"]}}],"collection":[{"href":"https:\/\/kapitalis.com\/tunisie\/wp-json\/wp\/v2\/posts"}],"about":[{"href":"https:\/\/kapitalis.com\/tunisie\/wp-json\/wp\/v2\/types\/post"}],"author":[{"embeddable":true,"href":"https:\/\/kapitalis.com\/tunisie\/wp-json\/wp\/v2\/users\/6"}],"replies":[{"embeddable":true,"href":"https:\/\/kapitalis.com\/tunisie\/wp-json\/wp\/v2\/comments?post=150725"}],"version-history":[{"count":0,"href":"https:\/\/kapitalis.com\/tunisie\/wp-json\/wp\/v2\/posts\/150725\/revisions"}],"wp:featuredmedia":[{"embeddable":true,"href":"https:\/\/kapitalis.com\/tunisie\/wp-json\/wp\/v2\/media\/150741"}],"wp:attachment":[{"href":"https:\/\/kapitalis.com\/tunisie\/wp-json\/wp\/v2\/media?parent=150725"}],"wp:term":[{"taxonomy":"category","embeddable":true,"href":"https:\/\/kapitalis.com\/tunisie\/wp-json\/wp\/v2\/categories?post=150725"},{"taxonomy":"post_tag","embeddable":true,"href":"https:\/\/kapitalis.com\/tunisie\/wp-json\/wp\/v2\/tags?post=150725"}],"curies":[{"name":"wp","href":"https:\/\/api.w.org\/{rel}","templated":true}]}}