{"id":15082741,"date":"2025-01-04T19:35:21","date_gmt":"2025-01-04T18:35:21","guid":{"rendered":"https:\/\/kapitalis.com\/tunisie\/?p=15082741"},"modified":"2025-01-04T20:23:23","modified_gmt":"2025-01-04T19:23:23","slug":"deces-de-moncef-guezguez-membre-du-be-de-lugtt-de-la-manouba","status":"publish","type":"post","link":"https:\/\/kapitalis.com\/tunisie\/2025\/01\/04\/deces-de-moncef-guezguez-membre-du-be-de-lugtt-de-la-manouba\/","title":{"rendered":"D\u00e9c\u00e8s de Moncef Guezguez membre du BE de l\u2019UGTT de La Manouba"},"content":{"rendered":"\n<p><strong><em>L&rsquo;Union g\u00e9n\u00e9rale tunisienne du travail (UGTT) a annonc\u00e9 avec tristesse, le d\u00e9c\u00e8s de Moncef Guezguez, membre du bureau ex\u00e9cutif de la Manouba.<\/em><\/strong><\/p>\n\n\n\n<!--more-->\n\n\n\n<p>Moncef Guezguez est d\u00e9c\u00e9d\u00e9 ce samedi 4 janvier 2025 suite \u00e0 un long combat contre la maladie, pr\u00e9cise pour sa part le bureau syndical de la Manouba, dans une note diffus\u00e9e via sa page Facebook.<\/p>\n\n\n\n<p>Moncef Guezguez a \u00e9t\u00e9 accompagn\u00e9 \u00e0 sa derni\u00e8re demeure au cimeti\u00e8re de Sanheja \u00e0 Oued Ellil \u00e0 la Manouba, ajoute la m\u00eame source, en pr\u00e9sentant ses condol\u00e9ances \u00e0 la famille du disparu, ses proches, amis et camarades.<\/p>\n\n\n\n<p class=\"has-text-align-right\"><strong>Y. N.<\/strong><\/p>\n","protected":false},"excerpt":{"rendered":"<p>L&rsquo;Union g\u00e9n\u00e9rale tunisienne du travail (UGTT) a annonc\u00e9 avec tristesse, le d\u00e9c\u00e8s de Moncef Guezguez, membre du bureau ex\u00e9cutif de la Manouba.<\/p>\n","protected":false},"author":6,"featured_media":15082784,"comment_status":"open","ping_status":"open","sticky":false,"template":"","format":"standard","meta":{"footnotes":""},"categories":[998,2433],"tags":[6251,64263,571,119935,62643,936],"class_list":["post-15082741","post","type-post","status-publish","format-standard","has-post-thumbnail","hentry","category-societe","category-tunisie","tag-centrale-syndicale","tag-deces","tag-manouba","tag-moncef-guezguez","tag-tunisie","tag-ugtt"],"yoast_head":"<!-- This site is optimized with the Yoast SEO plugin v26.6 - https:\/\/yoast.com\/wordpress\/plugins\/seo\/ -->\n<title>D\u00e9c\u00e8s de Moncef Guezguez membre du BE de l\u2019UGTT de La Manouba - Kapitalis<\/title>\n<meta name=\"robots\" content=\"index, follow, max-snippet:-1, max-image-preview:large, max-video-preview:-1\" \/>\n<link rel=\"canonical\" href=\"https:\/\/kapitalis.com\/tunisie\/2025\/01\/04\/deces-de-moncef-guezguez-membre-du-be-de-lugtt-de-la-manouba\/\" \/>\n<meta property=\"og:locale\" content=\"fr_FR\" \/>\n<meta property=\"og:type\" content=\"article\" \/>\n<meta property=\"og:title\" content=\"D\u00e9c\u00e8s de Moncef Guezguez membre du BE de l\u2019UGTT de La Manouba - Kapitalis\" \/>\n<meta property=\"og:description\" content=\"L&rsquo;Union g\u00e9n\u00e9rale tunisienne du travail (UGTT) a annonc\u00e9 avec tristesse, le d\u00e9c\u00e8s de Moncef Guezguez, membre du bureau ex\u00e9cutif de la Manouba.\" \/>\n<meta property=\"og:url\" content=\"https:\/\/kapitalis.com\/tunisie\/2025\/01\/04\/deces-de-moncef-guezguez-membre-du-be-de-lugtt-de-la-manouba\/\" \/>\n<meta property=\"og:site_name\" content=\"Kapitalis\" \/>\n<meta property=\"article:publisher\" content=\"https:\/\/www.facebook.com\/KapitalisInfo\/\" \/>\n<meta property=\"article:published_time\" content=\"2025-01-04T18:35:21+00:00\" \/>\n<meta property=\"article:modified_time\" content=\"2025-01-04T19:23:23+00:00\" \/>\n<meta property=\"og:image\" content=\"https:\/\/kapitalis.com\/tunisie\/wp-content\/uploads\/2025\/01\/Moncef-Guezguez.jpg\" \/>\n\t<meta property=\"og:image:width\" content=\"1200\" \/>\n\t<meta property=\"og:image:height\" content=\"630\" \/>\n\t<meta property=\"og:image:type\" content=\"image\/jpeg\" \/>\n<meta name=\"author\" content=\"Yusra NY\" \/>\n<meta name=\"twitter:card\" content=\"summary_large_image\" \/>\n<meta name=\"twitter:creator\" content=\"@KapitalisInfo\" \/>\n<meta name=\"twitter:site\" content=\"@KapitalisInfo\" \/>\n<meta name=\"twitter:label1\" content=\"\u00c9crit par\" \/>\n\t<meta name=\"twitter:data1\" content=\"Yusra NY\" \/>\n\t<meta name=\"twitter:label2\" content=\"Dur\u00e9e de lecture estim\u00e9e\" \/>\n\t<meta name=\"twitter:data2\" content=\"1 minute\" \/>\n<script type=\"application\/ld+json\" class=\"yoast-schema-graph\">{\"@context\":\"https:\/\/schema.org\",\"@graph\":[{\"@type\":\"Article\",\"@id\":\"https:\/\/kapitalis.com\/tunisie\/2025\/01\/04\/deces-de-moncef-guezguez-membre-du-be-de-lugtt-de-la-manouba\/#article\",\"isPartOf\":{\"@id\":\"https:\/\/kapitalis.com\/tunisie\/2025\/01\/04\/deces-de-moncef-guezguez-membre-du-be-de-lugtt-de-la-manouba\/\"},\"author\":{\"name\":\"Yusra NY\",\"@id\":\"https:\/\/kapitalis.com\/tunisie\/#\/schema\/person\/74bbde0154d49d790a92aaeac5bc01d5\"},\"headline\":\"D\u00e9c\u00e8s de Moncef Guezguez membre du BE de l\u2019UGTT de La Manouba\",\"datePublished\":\"2025-01-04T18:35:21+00:00\",\"dateModified\":\"2025-01-04T19:23:23+00:00\",\"mainEntityOfPage\":{\"@id\":\"https:\/\/kapitalis.com\/tunisie\/2025\/01\/04\/deces-de-moncef-guezguez-membre-du-be-de-lugtt-de-la-manouba\/\"},\"wordCount\":118,\"commentCount\":0,\"publisher\":{\"@id\":\"https:\/\/kapitalis.com\/tunisie\/#organization\"},\"image\":{\"@id\":\"https:\/\/kapitalis.com\/tunisie\/2025\/01\/04\/deces-de-moncef-guezguez-membre-du-be-de-lugtt-de-la-manouba\/#primaryimage\"},\"thumbnailUrl\":\"https:\/\/kapitalis.com\/tunisie\/wp-content\/uploads\/2025\/01\/Moncef-Guezguez.jpg\",\"keywords\":[\"centrale syndicale\",\"d\u00e9c\u00e8s\",\"Manouba\",\"Moncef Guezguez\",\"Tunisie\",\"UGTT\"],\"articleSection\":[\"SOCIETE\",\"Tunisie\"],\"inLanguage\":\"fr-FR\",\"potentialAction\":[{\"@type\":\"CommentAction\",\"name\":\"Comment\",\"target\":[\"https:\/\/kapitalis.com\/tunisie\/2025\/01\/04\/deces-de-moncef-guezguez-membre-du-be-de-lugtt-de-la-manouba\/#respond\"]}]},{\"@type\":\"WebPage\",\"@id\":\"https:\/\/kapitalis.com\/tunisie\/2025\/01\/04\/deces-de-moncef-guezguez-membre-du-be-de-lugtt-de-la-manouba\/\",\"url\":\"https:\/\/kapitalis.com\/tunisie\/2025\/01\/04\/deces-de-moncef-guezguez-membre-du-be-de-lugtt-de-la-manouba\/\",\"name\":\"D\u00e9c\u00e8s de Moncef Guezguez membre du BE de l\u2019UGTT de La Manouba - Kapitalis\",\"isPartOf\":{\"@id\":\"https:\/\/kapitalis.com\/tunisie\/#website\"},\"primaryImageOfPage\":{\"@id\":\"https:\/\/kapitalis.com\/tunisie\/2025\/01\/04\/deces-de-moncef-guezguez-membre-du-be-de-lugtt-de-la-manouba\/#primaryimage\"},\"image\":{\"@id\":\"https:\/\/kapitalis.com\/tunisie\/2025\/01\/04\/deces-de-moncef-guezguez-membre-du-be-de-lugtt-de-la-manouba\/#primaryimage\"},\"thumbnailUrl\":\"https:\/\/kapitalis.com\/tunisie\/wp-content\/uploads\/2025\/01\/Moncef-Guezguez.jpg\",\"datePublished\":\"2025-01-04T18:35:21+00:00\",\"dateModified\":\"2025-01-04T19:23:23+00:00\",\"breadcrumb\":{\"@id\":\"https:\/\/kapitalis.com\/tunisie\/2025\/01\/04\/deces-de-moncef-guezguez-membre-du-be-de-lugtt-de-la-manouba\/#breadcrumb\"},\"inLanguage\":\"fr-FR\",\"potentialAction\":[{\"@type\":\"ReadAction\",\"target\":[\"https:\/\/kapitalis.com\/tunisie\/2025\/01\/04\/deces-de-moncef-guezguez-membre-du-be-de-lugtt-de-la-manouba\/\"]}]},{\"@type\":\"ImageObject\",\"inLanguage\":\"fr-FR\",\"@id\":\"https:\/\/kapitalis.com\/tunisie\/2025\/01\/04\/deces-de-moncef-guezguez-membre-du-be-de-lugtt-de-la-manouba\/#primaryimage\",\"url\":\"https:\/\/kapitalis.com\/tunisie\/wp-content\/uploads\/2025\/01\/Moncef-Guezguez.jpg\",\"contentUrl\":\"https:\/\/kapitalis.com\/tunisie\/wp-content\/uploads\/2025\/01\/Moncef-Guezguez.jpg\",\"width\":1200,\"height\":630},{\"@type\":\"BreadcrumbList\",\"@id\":\"https:\/\/kapitalis.com\/tunisie\/2025\/01\/04\/deces-de-moncef-guezguez-membre-du-be-de-lugtt-de-la-manouba\/#breadcrumb\",\"itemListElement\":[{\"@type\":\"ListItem\",\"position\":1,\"name\":\"Accueil\",\"item\":\"https:\/\/kapitalis.com\/tunisie\/\"},{\"@type\":\"ListItem\",\"position\":2,\"name\":\"D\u00e9c\u00e8s de Moncef Guezguez membre du BE de l\u2019UGTT de La Manouba\"}]},{\"@type\":\"WebSite\",\"@id\":\"https:\/\/kapitalis.com\/tunisie\/#website\",\"url\":\"https:\/\/kapitalis.com\/tunisie\/\",\"name\":\"Kapitalis\",\"description\":\"L&#039;actualit\u00e9 en Tunisie et dans le monde\",\"publisher\":{\"@id\":\"https:\/\/kapitalis.com\/tunisie\/#organization\"},\"potentialAction\":[{\"@type\":\"SearchAction\",\"target\":{\"@type\":\"EntryPoint\",\"urlTemplate\":\"https:\/\/kapitalis.com\/tunisie\/?s={search_term_string}\"},\"query-input\":{\"@type\":\"PropertyValueSpecification\",\"valueRequired\":true,\"valueName\":\"search_term_string\"}}],\"inLanguage\":\"fr-FR\"},{\"@type\":\"Organization\",\"@id\":\"https:\/\/kapitalis.com\/tunisie\/#organization\",\"name\":\"Kapitalis\",\"url\":\"https:\/\/kapitalis.com\/tunisie\/\",\"logo\":{\"@type\":\"ImageObject\",\"inLanguage\":\"fr-FR\",\"@id\":\"https:\/\/kapitalis.com\/tunisie\/#\/schema\/logo\/image\/\",\"url\":\"https:\/\/kapitalis.com\/tunisie\/wp-content\/uploads\/2022\/05\/Kapitalis-big-size.png\",\"contentUrl\":\"https:\/\/kapitalis.com\/tunisie\/wp-content\/uploads\/2022\/05\/Kapitalis-big-size.png\",\"width\":5000,\"height\":1500,\"caption\":\"Kapitalis\"},\"image\":{\"@id\":\"https:\/\/kapitalis.com\/tunisie\/#\/schema\/logo\/image\/\"},\"sameAs\":[\"https:\/\/www.facebook.com\/KapitalisInfo\/\",\"https:\/\/x.com\/KapitalisInfo\",\"https:\/\/www.youtube.com\/channel\/UC-yDYrHyfFBWWZaOw3FPg9Q\"]},{\"@type\":\"Person\",\"@id\":\"https:\/\/kapitalis.com\/tunisie\/#\/schema\/person\/74bbde0154d49d790a92aaeac5bc01d5\",\"name\":\"Yusra NY\",\"url\":\"https:\/\/kapitalis.com\/tunisie\/author\/yuza_adam\/\"}]}<\/script>\n<!-- \/ Yoast SEO plugin. -->","yoast_head_json":{"title":"D\u00e9c\u00e8s de Moncef Guezguez membre du BE de l\u2019UGTT de La Manouba - Kapitalis","robots":{"index":"index","follow":"follow","max-snippet":"max-snippet:-1","max-image-preview":"max-image-preview:large","max-video-preview":"max-video-preview:-1"},"canonical":"https:\/\/kapitalis.com\/tunisie\/2025\/01\/04\/deces-de-moncef-guezguez-membre-du-be-de-lugtt-de-la-manouba\/","og_locale":"fr_FR","og_type":"article","og_title":"D\u00e9c\u00e8s de Moncef Guezguez membre du BE de l\u2019UGTT de La Manouba - Kapitalis","og_description":"L&rsquo;Union g\u00e9n\u00e9rale tunisienne du travail (UGTT) a annonc\u00e9 avec tristesse, le d\u00e9c\u00e8s de Moncef Guezguez, membre du bureau ex\u00e9cutif de la Manouba.","og_url":"https:\/\/kapitalis.com\/tunisie\/2025\/01\/04\/deces-de-moncef-guezguez-membre-du-be-de-lugtt-de-la-manouba\/","og_site_name":"Kapitalis","article_publisher":"https:\/\/www.facebook.com\/KapitalisInfo\/","article_published_time":"2025-01-04T18:35:21+00:00","article_modified_time":"2025-01-04T19:23:23+00:00","og_image":[{"width":1200,"height":630,"url":"https:\/\/kapitalis.com\/tunisie\/wp-content\/uploads\/2025\/01\/Moncef-Guezguez.jpg","type":"image\/jpeg"}],"author":"Yusra NY","twitter_card":"summary_large_image","twitter_creator":"@KapitalisInfo","twitter_site":"@KapitalisInfo","twitter_misc":{"\u00c9crit par":"Yusra NY","Dur\u00e9e de lecture estim\u00e9e":"1 minute"},"schema":{"@context":"https:\/\/schema.org","@graph":[{"@type":"Article","@id":"https:\/\/kapitalis.com\/tunisie\/2025\/01\/04\/deces-de-moncef-guezguez-membre-du-be-de-lugtt-de-la-manouba\/#article","isPartOf":{"@id":"https:\/\/kapitalis.com\/tunisie\/2025\/01\/04\/deces-de-moncef-guezguez-membre-du-be-de-lugtt-de-la-manouba\/"},"author":{"name":"Yusra NY","@id":"https:\/\/kapitalis.com\/tunisie\/#\/schema\/person\/74bbde0154d49d790a92aaeac5bc01d5"},"headline":"D\u00e9c\u00e8s de Moncef Guezguez membre du BE de l\u2019UGTT de La Manouba","datePublished":"2025-01-04T18:35:21+00:00","dateModified":"2025-01-04T19:23:23+00:00","mainEntityOfPage":{"@id":"https:\/\/kapitalis.com\/tunisie\/2025\/01\/04\/deces-de-moncef-guezguez-membre-du-be-de-lugtt-de-la-manouba\/"},"wordCount":118,"commentCount":0,"publisher":{"@id":"https:\/\/kapitalis.com\/tunisie\/#organization"},"image":{"@id":"https:\/\/kapitalis.com\/tunisie\/2025\/01\/04\/deces-de-moncef-guezguez-membre-du-be-de-lugtt-de-la-manouba\/#primaryimage"},"thumbnailUrl":"https:\/\/kapitalis.com\/tunisie\/wp-content\/uploads\/2025\/01\/Moncef-Guezguez.jpg","keywords":["centrale syndicale","d\u00e9c\u00e8s","Manouba","Moncef Guezguez","Tunisie","UGTT"],"articleSection":["SOCIETE","Tunisie"],"inLanguage":"fr-FR","potentialAction":[{"@type":"CommentAction","name":"Comment","target":["https:\/\/kapitalis.com\/tunisie\/2025\/01\/04\/deces-de-moncef-guezguez-membre-du-be-de-lugtt-de-la-manouba\/#respond"]}]},{"@type":"WebPage","@id":"https:\/\/kapitalis.com\/tunisie\/2025\/01\/04\/deces-de-moncef-guezguez-membre-du-be-de-lugtt-de-la-manouba\/","url":"https:\/\/kapitalis.com\/tunisie\/2025\/01\/04\/deces-de-moncef-guezguez-membre-du-be-de-lugtt-de-la-manouba\/","name":"D\u00e9c\u00e8s de Moncef Guezguez membre du BE de l\u2019UGTT de La Manouba - Kapitalis","isPartOf":{"@id":"https:\/\/kapitalis.com\/tunisie\/#website"},"primaryImageOfPage":{"@id":"https:\/\/kapitalis.com\/tunisie\/2025\/01\/04\/deces-de-moncef-guezguez-membre-du-be-de-lugtt-de-la-manouba\/#primaryimage"},"image":{"@id":"https:\/\/kapitalis.com\/tunisie\/2025\/01\/04\/deces-de-moncef-guezguez-membre-du-be-de-lugtt-de-la-manouba\/#primaryimage"},"thumbnailUrl":"https:\/\/kapitalis.com\/tunisie\/wp-content\/uploads\/2025\/01\/Moncef-Guezguez.jpg","datePublished":"2025-01-04T18:35:21+00:00","dateModified":"2025-01-04T19:23:23+00:00","breadcrumb":{"@id":"https:\/\/kapitalis.com\/tunisie\/2025\/01\/04\/deces-de-moncef-guezguez-membre-du-be-de-lugtt-de-la-manouba\/#breadcrumb"},"inLanguage":"fr-FR","potentialAction":[{"@type":"ReadAction","target":["https:\/\/kapitalis.com\/tunisie\/2025\/01\/04\/deces-de-moncef-guezguez-membre-du-be-de-lugtt-de-la-manouba\/"]}]},{"@type":"ImageObject","inLanguage":"fr-FR","@id":"https:\/\/kapitalis.com\/tunisie\/2025\/01\/04\/deces-de-moncef-guezguez-membre-du-be-de-lugtt-de-la-manouba\/#primaryimage","url":"https:\/\/kapitalis.com\/tunisie\/wp-content\/uploads\/2025\/01\/Moncef-Guezguez.jpg","contentUrl":"https:\/\/kapitalis.com\/tunisie\/wp-content\/uploads\/2025\/01\/Moncef-Guezguez.jpg","width":1200,"height":630},{"@type":"BreadcrumbList","@id":"https:\/\/kapitalis.com\/tunisie\/2025\/01\/04\/deces-de-moncef-guezguez-membre-du-be-de-lugtt-de-la-manouba\/#breadcrumb","itemListElement":[{"@type":"ListItem","position":1,"name":"Accueil","item":"https:\/\/kapitalis.com\/tunisie\/"},{"@type":"ListItem","position":2,"name":"D\u00e9c\u00e8s de Moncef Guezguez membre du BE de l\u2019UGTT de La Manouba"}]},{"@type":"WebSite","@id":"https:\/\/kapitalis.com\/tunisie\/#website","url":"https:\/\/kapitalis.com\/tunisie\/","name":"Kapitalis","description":"L&#039;actualit\u00e9 en Tunisie et dans le monde","publisher":{"@id":"https:\/\/kapitalis.com\/tunisie\/#organization"},"potentialAction":[{"@type":"SearchAction","target":{"@type":"EntryPoint","urlTemplate":"https:\/\/kapitalis.com\/tunisie\/?s={search_term_string}"},"query-input":{"@type":"PropertyValueSpecification","valueRequired":true,"valueName":"search_term_string"}}],"inLanguage":"fr-FR"},{"@type":"Organization","@id":"https:\/\/kapitalis.com\/tunisie\/#organization","name":"Kapitalis","url":"https:\/\/kapitalis.com\/tunisie\/","logo":{"@type":"ImageObject","inLanguage":"fr-FR","@id":"https:\/\/kapitalis.com\/tunisie\/#\/schema\/logo\/image\/","url":"https:\/\/kapitalis.com\/tunisie\/wp-content\/uploads\/2022\/05\/Kapitalis-big-size.png","contentUrl":"https:\/\/kapitalis.com\/tunisie\/wp-content\/uploads\/2022\/05\/Kapitalis-big-size.png","width":5000,"height":1500,"caption":"Kapitalis"},"image":{"@id":"https:\/\/kapitalis.com\/tunisie\/#\/schema\/logo\/image\/"},"sameAs":["https:\/\/www.facebook.com\/KapitalisInfo\/","https:\/\/x.com\/KapitalisInfo","https:\/\/www.youtube.com\/channel\/UC-yDYrHyfFBWWZaOw3FPg9Q"]},{"@type":"Person","@id":"https:\/\/kapitalis.com\/tunisie\/#\/schema\/person\/74bbde0154d49d790a92aaeac5bc01d5","name":"Yusra NY","url":"https:\/\/kapitalis.com\/tunisie\/author\/yuza_adam\/"}]}},"_links":{"self":[{"href":"https:\/\/kapitalis.com\/tunisie\/wp-json\/wp\/v2\/posts\/15082741","targetHints":{"allow":["GET"]}}],"collection":[{"href":"https:\/\/kapitalis.com\/tunisie\/wp-json\/wp\/v2\/posts"}],"about":[{"href":"https:\/\/kapitalis.com\/tunisie\/wp-json\/wp\/v2\/types\/post"}],"author":[{"embeddable":true,"href":"https:\/\/kapitalis.com\/tunisie\/wp-json\/wp\/v2\/users\/6"}],"replies":[{"embeddable":true,"href":"https:\/\/kapitalis.com\/tunisie\/wp-json\/wp\/v2\/comments?post=15082741"}],"version-history":[{"count":2,"href":"https:\/\/kapitalis.com\/tunisie\/wp-json\/wp\/v2\/posts\/15082741\/revisions"}],"predecessor-version":[{"id":15082838,"href":"https:\/\/kapitalis.com\/tunisie\/wp-json\/wp\/v2\/posts\/15082741\/revisions\/15082838"}],"wp:featuredmedia":[{"embeddable":true,"href":"https:\/\/kapitalis.com\/tunisie\/wp-json\/wp\/v2\/media\/15082784"}],"wp:attachment":[{"href":"https:\/\/kapitalis.com\/tunisie\/wp-json\/wp\/v2\/media?parent=15082741"}],"wp:term":[{"taxonomy":"category","embeddable":true,"href":"https:\/\/kapitalis.com\/tunisie\/wp-json\/wp\/v2\/categories?post=15082741"},{"taxonomy":"post_tag","embeddable":true,"href":"https:\/\/kapitalis.com\/tunisie\/wp-json\/wp\/v2\/tags?post=15082741"}],"curies":[{"name":"wp","href":"https:\/\/api.w.org\/{rel}","templated":true}]}}