{"id":15089390,"date":"2025-01-05T11:00:04","date_gmt":"2025-01-05T10:00:04","guid":{"rendered":"https:\/\/kapitalis.com\/tunisie\/?p=15089390"},"modified":"2025-01-05T11:00:06","modified_gmt":"2025-01-05T10:00:06","slug":"tunisie-hatem-smiri-chapeaute-le-conseil-du-marche-financier","status":"publish","type":"post","link":"https:\/\/kapitalis.com\/tunisie\/2025\/01\/05\/tunisie-hatem-smiri-chapeaute-le-conseil-du-marche-financier\/","title":{"rendered":"Tunisie\u00a0: Hatem Smiri chapeaute le Conseil du march\u00e9 financier"},"content":{"rendered":"\n<p><strong><em>Suite au d\u00e9part \u00e0 la retraite l\u00e9gale de son ex-pr\u00e9sident,\u00a0Salah Essayel, le Conseil du march\u00e9 financier (CMF) a d\u00e9cid\u00e9, lors de sa r\u00e9union du 3 janvier 2025, et ce conform\u00e9ment \u00e0 la loi, de d\u00e9l\u00e9guer ses pr\u00e9rogatives l\u00e9gales \u00e0 Hatem Smiri, conseiller aupr\u00e8s du Tribunal administratif et membre permanent du Conseil.<\/em><\/strong><\/p>\n\n\n\n<!--more-->\n\n\n\n<p>Par ailleurs, le Conseil a annonc\u00e9, dans un communiqu\u00e9, l\u2019octroi \u00e0 Socrate Bennouri, secr\u00e9taire g\u00e9n\u00e9ral du CMF depuis 2019, des pr\u00e9rogatives n\u00e9cessaires pour assurer la gestion des affaires administratives et financi\u00e8res de l\u2019institution.<\/p>\n","protected":false},"excerpt":{"rendered":"<p>Hatem Smiri succ\u00e8de \u00e0 Salah Essayel, parti \u00e0 la retraite, \u00e0 la pr\u00e9sidence du Conseil du march\u00e9 financier (CMF). <\/p>\n","protected":false},"author":8,"featured_media":8092787,"comment_status":"open","ping_status":"open","sticky":false,"template":"","format":"standard","meta":{"footnotes":""},"categories":[995,2433],"tags":[4778,119943,97901,119944,62643],"class_list":["post-15089390","post","type-post","status-publish","format-standard","has-post-thumbnail","hentry","category-economie","category-tunisie","tag-conseil-du-marche-financier","tag-hatem-smiri","tag-salah-essayel","tag-socrate-bennouri","tag-tunisie"],"yoast_head":"<!-- This site is optimized with the Yoast SEO plugin v26.6 - https:\/\/yoast.com\/wordpress\/plugins\/seo\/ -->\n<title>Tunisie\u00a0: Hatem Smiri chapeaute le Conseil du march\u00e9 financier - Kapitalis<\/title>\n<meta name=\"robots\" content=\"index, follow, max-snippet:-1, max-image-preview:large, max-video-preview:-1\" \/>\n<link rel=\"canonical\" href=\"https:\/\/kapitalis.com\/tunisie\/2025\/01\/05\/tunisie-hatem-smiri-chapeaute-le-conseil-du-marche-financier\/\" \/>\n<meta property=\"og:locale\" content=\"fr_FR\" \/>\n<meta property=\"og:type\" content=\"article\" \/>\n<meta property=\"og:title\" content=\"Tunisie\u00a0: Hatem Smiri chapeaute le Conseil du march\u00e9 financier - Kapitalis\" \/>\n<meta property=\"og:description\" content=\"Hatem Smiri succ\u00e8de \u00e0 Salah Essayel, parti \u00e0 la retraite, \u00e0 la pr\u00e9sidence du Conseil du march\u00e9 financier (CMF).\" \/>\n<meta property=\"og:url\" content=\"https:\/\/kapitalis.com\/tunisie\/2025\/01\/05\/tunisie-hatem-smiri-chapeaute-le-conseil-du-marche-financier\/\" \/>\n<meta property=\"og:site_name\" content=\"Kapitalis\" \/>\n<meta property=\"article:publisher\" content=\"https:\/\/www.facebook.com\/KapitalisInfo\/\" \/>\n<meta property=\"article:published_time\" content=\"2025-01-05T10:00:04+00:00\" \/>\n<meta property=\"article:modified_time\" content=\"2025-01-05T10:00:06+00:00\" \/>\n<meta property=\"og:image\" content=\"https:\/\/kapitalis.com\/tunisie\/wp-content\/uploads\/2023\/05\/CMF.jpg\" \/>\n\t<meta property=\"og:image:width\" content=\"1200\" \/>\n\t<meta property=\"og:image:height\" content=\"630\" \/>\n\t<meta property=\"og:image:type\" content=\"image\/jpeg\" \/>\n<meta name=\"author\" content=\"webmaster kapitalis\" \/>\n<meta name=\"twitter:card\" content=\"summary_large_image\" \/>\n<meta name=\"twitter:creator\" content=\"@KapitalisInfo\" \/>\n<meta name=\"twitter:site\" content=\"@KapitalisInfo\" \/>\n<meta name=\"twitter:label1\" content=\"\u00c9crit par\" \/>\n\t<meta name=\"twitter:data1\" content=\"webmaster kapitalis\" \/>\n\t<meta name=\"twitter:label2\" content=\"Dur\u00e9e de lecture estim\u00e9e\" \/>\n\t<meta name=\"twitter:data2\" content=\"1 minute\" \/>\n<script type=\"application\/ld+json\" class=\"yoast-schema-graph\">{\"@context\":\"https:\/\/schema.org\",\"@graph\":[{\"@type\":\"Article\",\"@id\":\"https:\/\/kapitalis.com\/tunisie\/2025\/01\/05\/tunisie-hatem-smiri-chapeaute-le-conseil-du-marche-financier\/#article\",\"isPartOf\":{\"@id\":\"https:\/\/kapitalis.com\/tunisie\/2025\/01\/05\/tunisie-hatem-smiri-chapeaute-le-conseil-du-marche-financier\/\"},\"author\":{\"name\":\"webmaster kapitalis\",\"@id\":\"https:\/\/kapitalis.com\/tunisie\/#\/schema\/person\/d71f33a9ca44f7bad4698210b480c8e9\"},\"headline\":\"Tunisie\u00a0: Hatem Smiri chapeaute le Conseil du march\u00e9 financier\",\"datePublished\":\"2025-01-05T10:00:04+00:00\",\"dateModified\":\"2025-01-05T10:00:06+00:00\",\"mainEntityOfPage\":{\"@id\":\"https:\/\/kapitalis.com\/tunisie\/2025\/01\/05\/tunisie-hatem-smiri-chapeaute-le-conseil-du-marche-financier\/\"},\"wordCount\":106,\"commentCount\":0,\"publisher\":{\"@id\":\"https:\/\/kapitalis.com\/tunisie\/#organization\"},\"image\":{\"@id\":\"https:\/\/kapitalis.com\/tunisie\/2025\/01\/05\/tunisie-hatem-smiri-chapeaute-le-conseil-du-marche-financier\/#primaryimage\"},\"thumbnailUrl\":\"https:\/\/kapitalis.com\/tunisie\/wp-content\/uploads\/2023\/05\/CMF.jpg\",\"keywords\":[\"Conseil du march\u00e9 financier\",\"Hatem Smiri\",\"Salah Essayel\",\"Socrate Bennouri\",\"Tunisie\"],\"articleSection\":[\"ECONOMIE\",\"Tunisie\"],\"inLanguage\":\"fr-FR\",\"potentialAction\":[{\"@type\":\"CommentAction\",\"name\":\"Comment\",\"target\":[\"https:\/\/kapitalis.com\/tunisie\/2025\/01\/05\/tunisie-hatem-smiri-chapeaute-le-conseil-du-marche-financier\/#respond\"]}]},{\"@type\":\"WebPage\",\"@id\":\"https:\/\/kapitalis.com\/tunisie\/2025\/01\/05\/tunisie-hatem-smiri-chapeaute-le-conseil-du-marche-financier\/\",\"url\":\"https:\/\/kapitalis.com\/tunisie\/2025\/01\/05\/tunisie-hatem-smiri-chapeaute-le-conseil-du-marche-financier\/\",\"name\":\"Tunisie\u00a0: Hatem Smiri chapeaute le Conseil du march\u00e9 financier - Kapitalis\",\"isPartOf\":{\"@id\":\"https:\/\/kapitalis.com\/tunisie\/#website\"},\"primaryImageOfPage\":{\"@id\":\"https:\/\/kapitalis.com\/tunisie\/2025\/01\/05\/tunisie-hatem-smiri-chapeaute-le-conseil-du-marche-financier\/#primaryimage\"},\"image\":{\"@id\":\"https:\/\/kapitalis.com\/tunisie\/2025\/01\/05\/tunisie-hatem-smiri-chapeaute-le-conseil-du-marche-financier\/#primaryimage\"},\"thumbnailUrl\":\"https:\/\/kapitalis.com\/tunisie\/wp-content\/uploads\/2023\/05\/CMF.jpg\",\"datePublished\":\"2025-01-05T10:00:04+00:00\",\"dateModified\":\"2025-01-05T10:00:06+00:00\",\"breadcrumb\":{\"@id\":\"https:\/\/kapitalis.com\/tunisie\/2025\/01\/05\/tunisie-hatem-smiri-chapeaute-le-conseil-du-marche-financier\/#breadcrumb\"},\"inLanguage\":\"fr-FR\",\"potentialAction\":[{\"@type\":\"ReadAction\",\"target\":[\"https:\/\/kapitalis.com\/tunisie\/2025\/01\/05\/tunisie-hatem-smiri-chapeaute-le-conseil-du-marche-financier\/\"]}]},{\"@type\":\"ImageObject\",\"inLanguage\":\"fr-FR\",\"@id\":\"https:\/\/kapitalis.com\/tunisie\/2025\/01\/05\/tunisie-hatem-smiri-chapeaute-le-conseil-du-marche-financier\/#primaryimage\",\"url\":\"https:\/\/kapitalis.com\/tunisie\/wp-content\/uploads\/2023\/05\/CMF.jpg\",\"contentUrl\":\"https:\/\/kapitalis.com\/tunisie\/wp-content\/uploads\/2023\/05\/CMF.jpg\",\"width\":1200,\"height\":630},{\"@type\":\"BreadcrumbList\",\"@id\":\"https:\/\/kapitalis.com\/tunisie\/2025\/01\/05\/tunisie-hatem-smiri-chapeaute-le-conseil-du-marche-financier\/#breadcrumb\",\"itemListElement\":[{\"@type\":\"ListItem\",\"position\":1,\"name\":\"Accueil\",\"item\":\"https:\/\/kapitalis.com\/tunisie\/\"},{\"@type\":\"ListItem\",\"position\":2,\"name\":\"Tunisie\u00a0: Hatem Smiri chapeaute le Conseil du march\u00e9 financier\"}]},{\"@type\":\"WebSite\",\"@id\":\"https:\/\/kapitalis.com\/tunisie\/#website\",\"url\":\"https:\/\/kapitalis.com\/tunisie\/\",\"name\":\"Kapitalis\",\"description\":\"L&#039;actualit\u00e9 en Tunisie et dans le monde\",\"publisher\":{\"@id\":\"https:\/\/kapitalis.com\/tunisie\/#organization\"},\"potentialAction\":[{\"@type\":\"SearchAction\",\"target\":{\"@type\":\"EntryPoint\",\"urlTemplate\":\"https:\/\/kapitalis.com\/tunisie\/?s={search_term_string}\"},\"query-input\":{\"@type\":\"PropertyValueSpecification\",\"valueRequired\":true,\"valueName\":\"search_term_string\"}}],\"inLanguage\":\"fr-FR\"},{\"@type\":\"Organization\",\"@id\":\"https:\/\/kapitalis.com\/tunisie\/#organization\",\"name\":\"Kapitalis\",\"url\":\"https:\/\/kapitalis.com\/tunisie\/\",\"logo\":{\"@type\":\"ImageObject\",\"inLanguage\":\"fr-FR\",\"@id\":\"https:\/\/kapitalis.com\/tunisie\/#\/schema\/logo\/image\/\",\"url\":\"https:\/\/kapitalis.com\/tunisie\/wp-content\/uploads\/2022\/05\/Kapitalis-big-size.png\",\"contentUrl\":\"https:\/\/kapitalis.com\/tunisie\/wp-content\/uploads\/2022\/05\/Kapitalis-big-size.png\",\"width\":5000,\"height\":1500,\"caption\":\"Kapitalis\"},\"image\":{\"@id\":\"https:\/\/kapitalis.com\/tunisie\/#\/schema\/logo\/image\/\"},\"sameAs\":[\"https:\/\/www.facebook.com\/KapitalisInfo\/\",\"https:\/\/x.com\/KapitalisInfo\",\"https:\/\/www.youtube.com\/channel\/UC-yDYrHyfFBWWZaOw3FPg9Q\"]},{\"@type\":\"Person\",\"@id\":\"https:\/\/kapitalis.com\/tunisie\/#\/schema\/person\/d71f33a9ca44f7bad4698210b480c8e9\",\"name\":\"webmaster kapitalis\",\"url\":\"https:\/\/kapitalis.com\/tunisie\/author\/webmaster-kapitalis\/\"}]}<\/script>\n<!-- \/ Yoast SEO plugin. -->","yoast_head_json":{"title":"Tunisie\u00a0: Hatem Smiri chapeaute le Conseil du march\u00e9 financier - Kapitalis","robots":{"index":"index","follow":"follow","max-snippet":"max-snippet:-1","max-image-preview":"max-image-preview:large","max-video-preview":"max-video-preview:-1"},"canonical":"https:\/\/kapitalis.com\/tunisie\/2025\/01\/05\/tunisie-hatem-smiri-chapeaute-le-conseil-du-marche-financier\/","og_locale":"fr_FR","og_type":"article","og_title":"Tunisie\u00a0: Hatem Smiri chapeaute le Conseil du march\u00e9 financier - Kapitalis","og_description":"Hatem Smiri succ\u00e8de \u00e0 Salah Essayel, parti \u00e0 la retraite, \u00e0 la pr\u00e9sidence du Conseil du march\u00e9 financier (CMF).","og_url":"https:\/\/kapitalis.com\/tunisie\/2025\/01\/05\/tunisie-hatem-smiri-chapeaute-le-conseil-du-marche-financier\/","og_site_name":"Kapitalis","article_publisher":"https:\/\/www.facebook.com\/KapitalisInfo\/","article_published_time":"2025-01-05T10:00:04+00:00","article_modified_time":"2025-01-05T10:00:06+00:00","og_image":[{"width":1200,"height":630,"url":"https:\/\/kapitalis.com\/tunisie\/wp-content\/uploads\/2023\/05\/CMF.jpg","type":"image\/jpeg"}],"author":"webmaster kapitalis","twitter_card":"summary_large_image","twitter_creator":"@KapitalisInfo","twitter_site":"@KapitalisInfo","twitter_misc":{"\u00c9crit par":"webmaster kapitalis","Dur\u00e9e de lecture estim\u00e9e":"1 minute"},"schema":{"@context":"https:\/\/schema.org","@graph":[{"@type":"Article","@id":"https:\/\/kapitalis.com\/tunisie\/2025\/01\/05\/tunisie-hatem-smiri-chapeaute-le-conseil-du-marche-financier\/#article","isPartOf":{"@id":"https:\/\/kapitalis.com\/tunisie\/2025\/01\/05\/tunisie-hatem-smiri-chapeaute-le-conseil-du-marche-financier\/"},"author":{"name":"webmaster kapitalis","@id":"https:\/\/kapitalis.com\/tunisie\/#\/schema\/person\/d71f33a9ca44f7bad4698210b480c8e9"},"headline":"Tunisie\u00a0: Hatem Smiri chapeaute le Conseil du march\u00e9 financier","datePublished":"2025-01-05T10:00:04+00:00","dateModified":"2025-01-05T10:00:06+00:00","mainEntityOfPage":{"@id":"https:\/\/kapitalis.com\/tunisie\/2025\/01\/05\/tunisie-hatem-smiri-chapeaute-le-conseil-du-marche-financier\/"},"wordCount":106,"commentCount":0,"publisher":{"@id":"https:\/\/kapitalis.com\/tunisie\/#organization"},"image":{"@id":"https:\/\/kapitalis.com\/tunisie\/2025\/01\/05\/tunisie-hatem-smiri-chapeaute-le-conseil-du-marche-financier\/#primaryimage"},"thumbnailUrl":"https:\/\/kapitalis.com\/tunisie\/wp-content\/uploads\/2023\/05\/CMF.jpg","keywords":["Conseil du march\u00e9 financier","Hatem Smiri","Salah Essayel","Socrate Bennouri","Tunisie"],"articleSection":["ECONOMIE","Tunisie"],"inLanguage":"fr-FR","potentialAction":[{"@type":"CommentAction","name":"Comment","target":["https:\/\/kapitalis.com\/tunisie\/2025\/01\/05\/tunisie-hatem-smiri-chapeaute-le-conseil-du-marche-financier\/#respond"]}]},{"@type":"WebPage","@id":"https:\/\/kapitalis.com\/tunisie\/2025\/01\/05\/tunisie-hatem-smiri-chapeaute-le-conseil-du-marche-financier\/","url":"https:\/\/kapitalis.com\/tunisie\/2025\/01\/05\/tunisie-hatem-smiri-chapeaute-le-conseil-du-marche-financier\/","name":"Tunisie\u00a0: Hatem Smiri chapeaute le Conseil du march\u00e9 financier - Kapitalis","isPartOf":{"@id":"https:\/\/kapitalis.com\/tunisie\/#website"},"primaryImageOfPage":{"@id":"https:\/\/kapitalis.com\/tunisie\/2025\/01\/05\/tunisie-hatem-smiri-chapeaute-le-conseil-du-marche-financier\/#primaryimage"},"image":{"@id":"https:\/\/kapitalis.com\/tunisie\/2025\/01\/05\/tunisie-hatem-smiri-chapeaute-le-conseil-du-marche-financier\/#primaryimage"},"thumbnailUrl":"https:\/\/kapitalis.com\/tunisie\/wp-content\/uploads\/2023\/05\/CMF.jpg","datePublished":"2025-01-05T10:00:04+00:00","dateModified":"2025-01-05T10:00:06+00:00","breadcrumb":{"@id":"https:\/\/kapitalis.com\/tunisie\/2025\/01\/05\/tunisie-hatem-smiri-chapeaute-le-conseil-du-marche-financier\/#breadcrumb"},"inLanguage":"fr-FR","potentialAction":[{"@type":"ReadAction","target":["https:\/\/kapitalis.com\/tunisie\/2025\/01\/05\/tunisie-hatem-smiri-chapeaute-le-conseil-du-marche-financier\/"]}]},{"@type":"ImageObject","inLanguage":"fr-FR","@id":"https:\/\/kapitalis.com\/tunisie\/2025\/01\/05\/tunisie-hatem-smiri-chapeaute-le-conseil-du-marche-financier\/#primaryimage","url":"https:\/\/kapitalis.com\/tunisie\/wp-content\/uploads\/2023\/05\/CMF.jpg","contentUrl":"https:\/\/kapitalis.com\/tunisie\/wp-content\/uploads\/2023\/05\/CMF.jpg","width":1200,"height":630},{"@type":"BreadcrumbList","@id":"https:\/\/kapitalis.com\/tunisie\/2025\/01\/05\/tunisie-hatem-smiri-chapeaute-le-conseil-du-marche-financier\/#breadcrumb","itemListElement":[{"@type":"ListItem","position":1,"name":"Accueil","item":"https:\/\/kapitalis.com\/tunisie\/"},{"@type":"ListItem","position":2,"name":"Tunisie\u00a0: Hatem Smiri chapeaute le Conseil du march\u00e9 financier"}]},{"@type":"WebSite","@id":"https:\/\/kapitalis.com\/tunisie\/#website","url":"https:\/\/kapitalis.com\/tunisie\/","name":"Kapitalis","description":"L&#039;actualit\u00e9 en Tunisie et dans le monde","publisher":{"@id":"https:\/\/kapitalis.com\/tunisie\/#organization"},"potentialAction":[{"@type":"SearchAction","target":{"@type":"EntryPoint","urlTemplate":"https:\/\/kapitalis.com\/tunisie\/?s={search_term_string}"},"query-input":{"@type":"PropertyValueSpecification","valueRequired":true,"valueName":"search_term_string"}}],"inLanguage":"fr-FR"},{"@type":"Organization","@id":"https:\/\/kapitalis.com\/tunisie\/#organization","name":"Kapitalis","url":"https:\/\/kapitalis.com\/tunisie\/","logo":{"@type":"ImageObject","inLanguage":"fr-FR","@id":"https:\/\/kapitalis.com\/tunisie\/#\/schema\/logo\/image\/","url":"https:\/\/kapitalis.com\/tunisie\/wp-content\/uploads\/2022\/05\/Kapitalis-big-size.png","contentUrl":"https:\/\/kapitalis.com\/tunisie\/wp-content\/uploads\/2022\/05\/Kapitalis-big-size.png","width":5000,"height":1500,"caption":"Kapitalis"},"image":{"@id":"https:\/\/kapitalis.com\/tunisie\/#\/schema\/logo\/image\/"},"sameAs":["https:\/\/www.facebook.com\/KapitalisInfo\/","https:\/\/x.com\/KapitalisInfo","https:\/\/www.youtube.com\/channel\/UC-yDYrHyfFBWWZaOw3FPg9Q"]},{"@type":"Person","@id":"https:\/\/kapitalis.com\/tunisie\/#\/schema\/person\/d71f33a9ca44f7bad4698210b480c8e9","name":"webmaster kapitalis","url":"https:\/\/kapitalis.com\/tunisie\/author\/webmaster-kapitalis\/"}]}},"_links":{"self":[{"href":"https:\/\/kapitalis.com\/tunisie\/wp-json\/wp\/v2\/posts\/15089390","targetHints":{"allow":["GET"]}}],"collection":[{"href":"https:\/\/kapitalis.com\/tunisie\/wp-json\/wp\/v2\/posts"}],"about":[{"href":"https:\/\/kapitalis.com\/tunisie\/wp-json\/wp\/v2\/types\/post"}],"author":[{"embeddable":true,"href":"https:\/\/kapitalis.com\/tunisie\/wp-json\/wp\/v2\/users\/8"}],"replies":[{"embeddable":true,"href":"https:\/\/kapitalis.com\/tunisie\/wp-json\/wp\/v2\/comments?post=15089390"}],"version-history":[{"count":1,"href":"https:\/\/kapitalis.com\/tunisie\/wp-json\/wp\/v2\/posts\/15089390\/revisions"}],"predecessor-version":[{"id":15089417,"href":"https:\/\/kapitalis.com\/tunisie\/wp-json\/wp\/v2\/posts\/15089390\/revisions\/15089417"}],"wp:featuredmedia":[{"embeddable":true,"href":"https:\/\/kapitalis.com\/tunisie\/wp-json\/wp\/v2\/media\/8092787"}],"wp:attachment":[{"href":"https:\/\/kapitalis.com\/tunisie\/wp-json\/wp\/v2\/media?parent=15089390"}],"wp:term":[{"taxonomy":"category","embeddable":true,"href":"https:\/\/kapitalis.com\/tunisie\/wp-json\/wp\/v2\/categories?post=15089390"},{"taxonomy":"post_tag","embeddable":true,"href":"https:\/\/kapitalis.com\/tunisie\/wp-json\/wp\/v2\/tags?post=15089390"}],"curies":[{"name":"wp","href":"https:\/\/api.w.org\/{rel}","templated":true}]}}