{"id":15104857,"date":"2025-01-06T10:19:01","date_gmt":"2025-01-06T09:19:01","guid":{"rendered":"https:\/\/kapitalis.com\/tunisie\/?p=15104857"},"modified":"2025-01-06T10:28:51","modified_gmt":"2025-01-06T09:28:51","slug":"le-cinema-engage-tunisien-au-festival-du-film-politique-de-carcassonne","status":"publish","type":"post","link":"https:\/\/kapitalis.com\/tunisie\/2025\/01\/06\/le-cinema-engage-tunisien-au-festival-du-film-politique-de-carcassonne\/","title":{"rendered":"Le cin\u00e9ma engag\u00e9 tunisien au Festival du film politique de Carcassonne"},"content":{"rendered":"\n<p><strong><em>La 7\u1d49 \u00e9dition du Festival international du film politique de Carcassonne se tiendra du 16 au 20 janvier 2025. Ev\u00e9nement incontournable pour les passionn\u00e9s de cin\u00e9ma engag\u00e9, il met en lumi\u00e8re cette ann\u00e9e plusieurs films r\u00e9alis\u00e9s par des cin\u00e9astes tunisiens et franco-tunisiens de la nouvelle g\u00e9n\u00e9ration.<\/em><\/strong><em> (Illustration : <em>\u2018Reine m\u00e8re\u2019\u2019<\/em>, de Manele Labidi)<\/em>.<\/p>\n\n\n\n<p><strong>Djamal&nbsp;Guettala<\/strong><\/p>\n\n\n\n<!--more-->\n\n\n\n<p>Le festival met en avant <em>\u2018\u2018A\u00efcha\u2019\u2019<\/em>, le dernier long m\u00e9trage de fiction de Mehdi Barsaoui, en comp\u00e9tition officielle dans la cat\u00e9gorie fiction. Le r\u00e9alisateur tunisien nous plonge dans l\u2019histoire poignante d\u2019Aya, une jeune femme du sud de la Tunisie, qui, apr\u00e8s un accident, cherche \u00e0 reconstruire sa vie \u00e0 Tunis, mais se retrouve confront\u00e9e \u00e0 une bavure polici\u00e8re. \u00c0 travers ce r\u00e9cit intime et social, le film aborde les luttes contre l\u2019injustice et l\u2019oppression dans un contexte politique troubl\u00e9.<\/p>\n\n\n<div class=\"wp-block-image\">\n<figure class=\"aligncenter size-large\"><img loading=\"lazy\" decoding=\"async\" width=\"1024\" height=\"538\" src=\"https:\/\/kapitalis.com\/tunisie\/wp-content\/uploads\/2024\/07\/Aicha-Mehdi-Barsaoui-1024x538.jpg\" alt=\"\" class=\"wp-image-13614388\" srcset=\"https:\/\/kapitalis.com\/tunisie\/wp-content\/uploads\/2024\/07\/Aicha-Mehdi-Barsaoui-1024x538.jpg 1024w, https:\/\/kapitalis.com\/tunisie\/wp-content\/uploads\/2024\/07\/Aicha-Mehdi-Barsaoui-300x158.jpg 300w, https:\/\/kapitalis.com\/tunisie\/wp-content\/uploads\/2024\/07\/Aicha-Mehdi-Barsaoui-768x403.jpg 768w, https:\/\/kapitalis.com\/tunisie\/wp-content\/uploads\/2024\/07\/Aicha-Mehdi-Barsaoui-580x305.jpg 580w, https:\/\/kapitalis.com\/tunisie\/wp-content\/uploads\/2024\/07\/Aicha-Mehdi-Barsaoui-860x452.jpg 860w, https:\/\/kapitalis.com\/tunisie\/wp-content\/uploads\/2024\/07\/Aicha-Mehdi-Barsaoui-1160x609.jpg 1160w, https:\/\/kapitalis.com\/tunisie\/wp-content\/uploads\/2024\/07\/Aicha-Mehdi-Barsaoui.jpg 1200w\" sizes=\"auto, (max-width: 1024px) 100vw, 1024px\" \/><figcaption class=\"wp-element-caption\">Aicha de Mehdi Barsaoui.<\/figcaption><\/figure>\n<\/div>\n\n\n<p>En comp\u00e9tition dans la cat\u00e9gorie documentaire, <em>\u2018\u2018Sudan, Remember Us\u2019\u2019<\/em> (<em>\u2018\u2018Soudan, Souviens-toi\u2019\u2019<\/em>), de Hind Meddeb, qui propose une immersion dans la r\u00e9volution soudanaise de 2019. R\u00e9alisatrice franco-tunisienne, Hind Meddeb suit les parcours de citoyens soudanais qui luttent pour la libert\u00e9 et l\u2019\u00e9galit\u00e9 face \u00e0 une r\u00e9pression brutale. Ce film documente la transition du Soudan d\u2019une dictature militaire \u00e0 un gouvernement civil, en capturant des moments poignants et des t\u00e9moignages d\u2019espoir.<\/p>\n\n\n\n<p>En s\u00e9lection fiction hors comp\u00e9tition, <em>\u2018\u2018Reine m\u00e8re\u2019\u2019<\/em>, de Manele Labidi, \u00e9galement Franco-tunisienne, qui nous plonge dans le quotidien d\u2019Amel, une m\u00e8re de famille confront\u00e9e \u00e0 la menace de l\u2019expulsion, tout en s\u2019occupant de sa fille, victime de visions mystiques. Ce film, porteur d\u2019un message fort sur la r\u00e9silience et l\u2019injustice sociale, poursuit la r\u00e9flexion entam\u00e9e par son pr\u00e9c\u00e9dent succ\u00e8s <em>\u2018\u2018Un divan \u00e0 Tunis\u2019\u2019<\/em> (2019).<\/p>\n\n\n\n<p>Avec la projection de ces trois films r\u00e9alis\u00e9s par des cin\u00e9astes tunisiens et franco-tunisiens, la pr\u00e9sence tunisienne est particuli\u00e8rement mise \u00e0 l\u2019honneur. Le festival devient ainsi un carrefour important pour la culture tunisienne, notamment en mati\u00e8re de cin\u00e9ma engag\u00e9 et de r\u00e9flexion sur les d\u00e9fis sociaux et politiques contemporains.<\/p>\n\n\n<div class=\"wp-block-image\">\n<figure class=\"aligncenter size-large is-resized\"><img loading=\"lazy\" decoding=\"async\" width=\"1024\" height=\"538\" src=\"https:\/\/kapitalis.com\/tunisie\/wp-content\/uploads\/2025\/01\/Hind-Meddeb-1024x538.jpg\" alt=\"\" class=\"wp-image-15104945\" style=\"width:800px\" srcset=\"https:\/\/kapitalis.com\/tunisie\/wp-content\/uploads\/2025\/01\/Hind-Meddeb-1024x538.jpg 1024w, https:\/\/kapitalis.com\/tunisie\/wp-content\/uploads\/2025\/01\/Hind-Meddeb-300x158.jpg 300w, https:\/\/kapitalis.com\/tunisie\/wp-content\/uploads\/2025\/01\/Hind-Meddeb-768x403.jpg 768w, https:\/\/kapitalis.com\/tunisie\/wp-content\/uploads\/2025\/01\/Hind-Meddeb-580x305.jpg 580w, https:\/\/kapitalis.com\/tunisie\/wp-content\/uploads\/2025\/01\/Hind-Meddeb-860x452.jpg 860w, https:\/\/kapitalis.com\/tunisie\/wp-content\/uploads\/2025\/01\/Hind-Meddeb-1160x609.jpg 1160w, https:\/\/kapitalis.com\/tunisie\/wp-content\/uploads\/2025\/01\/Hind-Meddeb.jpg 1200w\" sizes=\"auto, (max-width: 1024px) 100vw, 1024px\" \/><figcaption class=\"wp-element-caption\">Hind Meddeb.<\/figcaption><\/figure>\n<\/div>\n\n\n<h2 class=\"wp-block-heading\">Un cadre unique pour le d\u00e9bat<\/h2>\n\n\n\n<p>En plus des projections, le festival offre une dimension exceptionnelle avec la pr\u00e9sence de Costa-Gavras, le ma\u00eetre du cin\u00e9ma engag\u00e9. \u00c0 travers des \u0153uvres comme <em>\u2018\u2018Z\u2019\u2019<\/em> (1969) et <em>\u2018\u2018L\u2019Aveu\u2019\u2019<\/em> (1970), il a toujours su interroger le pouvoir et les luttes sociales. Sa participation enrichira le festival d\u2019\u00e9changes sur le r\u00f4le du cin\u00e9ma dans la politique.<\/p>\n\n\n\n<p>Carcassonne, avec son ch\u00e2teau m\u00e9di\u00e9val et ses remparts imposants, servira de toile de fond parfaite pour cette \u00e9dition 2025. La ville devient ainsi le lieu id\u00e9al pour des discussions sur les grands enjeux sociaux et politiques actuels, \u00e0 travers le prisme du cin\u00e9ma.<\/p>\n\n\n\n<p>Le Festival international du film politique de Carcassonne s\u2019affirme comme un espace de d\u00e9bat essentiel. Avec des projections, des tables rondes et des rencontres, il invite le public \u00e0 une immersion dans des r\u00e9cits poignants, offrant une r\u00e9flexion sur des th\u00e9matiques universelles telles que l&rsquo;injustice, la pr\u00e9carit\u00e9, et la qu\u00eate de libert\u00e9.<\/p>\n","protected":false},"excerpt":{"rendered":"<p>Trois films de r\u00e9alisateurs tunisiens s\u00e9lectionn\u00e9s au Festival international du film politique de Carcassonne. <\/p>\n","protected":false},"author":8,"featured_media":15104893,"comment_status":"open","ping_status":"open","sticky":false,"template":"","format":"standard","meta":{"footnotes":""},"categories":[992,994,2433],"tags":[119962,76004,119965,119963,119964,83626,63724],"class_list":["post-15104857","post","type-post","status-publish","format-standard","has-post-thumbnail","hentry","category-a-la-une","category-culture","category-tunisie","tag-carcassonne","tag-cinema-engage","tag-costa-gavras","tag-film-politique","tag-hinde-meddeb","tag-manele-labidi-2","tag-mehdi-barsaoui"],"yoast_head":"<!-- This site is optimized with the Yoast SEO plugin v26.6 - https:\/\/yoast.com\/wordpress\/plugins\/seo\/ -->\n<title>Le cin\u00e9ma engag\u00e9 tunisien au Festival du film politique de Carcassonne - Kapitalis<\/title>\n<meta name=\"robots\" content=\"index, follow, max-snippet:-1, max-image-preview:large, max-video-preview:-1\" \/>\n<link rel=\"canonical\" href=\"https:\/\/kapitalis.com\/tunisie\/2025\/01\/06\/le-cinema-engage-tunisien-au-festival-du-film-politique-de-carcassonne\/\" \/>\n<meta property=\"og:locale\" content=\"fr_FR\" \/>\n<meta property=\"og:type\" content=\"article\" \/>\n<meta property=\"og:title\" content=\"Le cin\u00e9ma engag\u00e9 tunisien au Festival du film politique de Carcassonne - Kapitalis\" \/>\n<meta property=\"og:description\" content=\"Trois films de r\u00e9alisateurs tunisiens s\u00e9lectionn\u00e9s au Festival international du film politique de Carcassonne.\" \/>\n<meta property=\"og:url\" content=\"https:\/\/kapitalis.com\/tunisie\/2025\/01\/06\/le-cinema-engage-tunisien-au-festival-du-film-politique-de-carcassonne\/\" \/>\n<meta property=\"og:site_name\" content=\"Kapitalis\" \/>\n<meta property=\"article:publisher\" content=\"https:\/\/www.facebook.com\/KapitalisInfo\/\" \/>\n<meta property=\"article:published_time\" content=\"2025-01-06T09:19:01+00:00\" \/>\n<meta property=\"article:modified_time\" content=\"2025-01-06T09:28:51+00:00\" \/>\n<meta property=\"og:image\" content=\"https:\/\/kapitalis.com\/tunisie\/wp-content\/uploads\/2025\/01\/Hinde-Meddeb-Festival-de-Carcassone.jpg\" \/>\n\t<meta property=\"og:image:width\" content=\"1200\" \/>\n\t<meta property=\"og:image:height\" content=\"630\" \/>\n\t<meta property=\"og:image:type\" content=\"image\/jpeg\" \/>\n<meta name=\"author\" content=\"webmaster kapitalis\" \/>\n<meta name=\"twitter:card\" content=\"summary_large_image\" \/>\n<meta name=\"twitter:creator\" content=\"@KapitalisInfo\" \/>\n<meta name=\"twitter:site\" content=\"@KapitalisInfo\" \/>\n<meta name=\"twitter:label1\" content=\"\u00c9crit par\" \/>\n\t<meta name=\"twitter:data1\" content=\"webmaster kapitalis\" \/>\n\t<meta name=\"twitter:label2\" content=\"Dur\u00e9e de lecture estim\u00e9e\" \/>\n\t<meta name=\"twitter:data2\" content=\"4 minutes\" \/>\n<script type=\"application\/ld+json\" class=\"yoast-schema-graph\">{\"@context\":\"https:\/\/schema.org\",\"@graph\":[{\"@type\":\"Article\",\"@id\":\"https:\/\/kapitalis.com\/tunisie\/2025\/01\/06\/le-cinema-engage-tunisien-au-festival-du-film-politique-de-carcassonne\/#article\",\"isPartOf\":{\"@id\":\"https:\/\/kapitalis.com\/tunisie\/2025\/01\/06\/le-cinema-engage-tunisien-au-festival-du-film-politique-de-carcassonne\/\"},\"author\":{\"name\":\"webmaster kapitalis\",\"@id\":\"https:\/\/kapitalis.com\/tunisie\/#\/schema\/person\/d71f33a9ca44f7bad4698210b480c8e9\"},\"headline\":\"Le cin\u00e9ma engag\u00e9 tunisien au Festival du film politique de Carcassonne\",\"datePublished\":\"2025-01-06T09:19:01+00:00\",\"dateModified\":\"2025-01-06T09:28:51+00:00\",\"mainEntityOfPage\":{\"@id\":\"https:\/\/kapitalis.com\/tunisie\/2025\/01\/06\/le-cinema-engage-tunisien-au-festival-du-film-politique-de-carcassonne\/\"},\"wordCount\":548,\"commentCount\":0,\"publisher\":{\"@id\":\"https:\/\/kapitalis.com\/tunisie\/#organization\"},\"image\":{\"@id\":\"https:\/\/kapitalis.com\/tunisie\/2025\/01\/06\/le-cinema-engage-tunisien-au-festival-du-film-politique-de-carcassonne\/#primaryimage\"},\"thumbnailUrl\":\"https:\/\/kapitalis.com\/tunisie\/wp-content\/uploads\/2025\/01\/Hinde-Meddeb-Festival-de-Carcassone.jpg\",\"keywords\":[\"Carcassonne\",\"cin\u00e9ma engag\u00e9\",\"Costa-Gavras\",\"film politique\",\"Hinde Meddeb\",\"Manele Labidi\",\"Mehdi Barsaoui\"],\"articleSection\":[\"A LA UNE\",\"CULTURE\",\"Tunisie\"],\"inLanguage\":\"fr-FR\",\"potentialAction\":[{\"@type\":\"CommentAction\",\"name\":\"Comment\",\"target\":[\"https:\/\/kapitalis.com\/tunisie\/2025\/01\/06\/le-cinema-engage-tunisien-au-festival-du-film-politique-de-carcassonne\/#respond\"]}]},{\"@type\":\"WebPage\",\"@id\":\"https:\/\/kapitalis.com\/tunisie\/2025\/01\/06\/le-cinema-engage-tunisien-au-festival-du-film-politique-de-carcassonne\/\",\"url\":\"https:\/\/kapitalis.com\/tunisie\/2025\/01\/06\/le-cinema-engage-tunisien-au-festival-du-film-politique-de-carcassonne\/\",\"name\":\"Le cin\u00e9ma engag\u00e9 tunisien au Festival du film politique de Carcassonne - Kapitalis\",\"isPartOf\":{\"@id\":\"https:\/\/kapitalis.com\/tunisie\/#website\"},\"primaryImageOfPage\":{\"@id\":\"https:\/\/kapitalis.com\/tunisie\/2025\/01\/06\/le-cinema-engage-tunisien-au-festival-du-film-politique-de-carcassonne\/#primaryimage\"},\"image\":{\"@id\":\"https:\/\/kapitalis.com\/tunisie\/2025\/01\/06\/le-cinema-engage-tunisien-au-festival-du-film-politique-de-carcassonne\/#primaryimage\"},\"thumbnailUrl\":\"https:\/\/kapitalis.com\/tunisie\/wp-content\/uploads\/2025\/01\/Hinde-Meddeb-Festival-de-Carcassone.jpg\",\"datePublished\":\"2025-01-06T09:19:01+00:00\",\"dateModified\":\"2025-01-06T09:28:51+00:00\",\"breadcrumb\":{\"@id\":\"https:\/\/kapitalis.com\/tunisie\/2025\/01\/06\/le-cinema-engage-tunisien-au-festival-du-film-politique-de-carcassonne\/#breadcrumb\"},\"inLanguage\":\"fr-FR\",\"potentialAction\":[{\"@type\":\"ReadAction\",\"target\":[\"https:\/\/kapitalis.com\/tunisie\/2025\/01\/06\/le-cinema-engage-tunisien-au-festival-du-film-politique-de-carcassonne\/\"]}]},{\"@type\":\"ImageObject\",\"inLanguage\":\"fr-FR\",\"@id\":\"https:\/\/kapitalis.com\/tunisie\/2025\/01\/06\/le-cinema-engage-tunisien-au-festival-du-film-politique-de-carcassonne\/#primaryimage\",\"url\":\"https:\/\/kapitalis.com\/tunisie\/wp-content\/uploads\/2025\/01\/Hinde-Meddeb-Festival-de-Carcassone.jpg\",\"contentUrl\":\"https:\/\/kapitalis.com\/tunisie\/wp-content\/uploads\/2025\/01\/Hinde-Meddeb-Festival-de-Carcassone.jpg\",\"width\":1200,\"height\":630},{\"@type\":\"BreadcrumbList\",\"@id\":\"https:\/\/kapitalis.com\/tunisie\/2025\/01\/06\/le-cinema-engage-tunisien-au-festival-du-film-politique-de-carcassonne\/#breadcrumb\",\"itemListElement\":[{\"@type\":\"ListItem\",\"position\":1,\"name\":\"Accueil\",\"item\":\"https:\/\/kapitalis.com\/tunisie\/\"},{\"@type\":\"ListItem\",\"position\":2,\"name\":\"Le cin\u00e9ma engag\u00e9 tunisien au Festival du film politique de Carcassonne\"}]},{\"@type\":\"WebSite\",\"@id\":\"https:\/\/kapitalis.com\/tunisie\/#website\",\"url\":\"https:\/\/kapitalis.com\/tunisie\/\",\"name\":\"Kapitalis\",\"description\":\"L&#039;actualit\u00e9 en Tunisie et dans le monde\",\"publisher\":{\"@id\":\"https:\/\/kapitalis.com\/tunisie\/#organization\"},\"potentialAction\":[{\"@type\":\"SearchAction\",\"target\":{\"@type\":\"EntryPoint\",\"urlTemplate\":\"https:\/\/kapitalis.com\/tunisie\/?s={search_term_string}\"},\"query-input\":{\"@type\":\"PropertyValueSpecification\",\"valueRequired\":true,\"valueName\":\"search_term_string\"}}],\"inLanguage\":\"fr-FR\"},{\"@type\":\"Organization\",\"@id\":\"https:\/\/kapitalis.com\/tunisie\/#organization\",\"name\":\"Kapitalis\",\"url\":\"https:\/\/kapitalis.com\/tunisie\/\",\"logo\":{\"@type\":\"ImageObject\",\"inLanguage\":\"fr-FR\",\"@id\":\"https:\/\/kapitalis.com\/tunisie\/#\/schema\/logo\/image\/\",\"url\":\"https:\/\/kapitalis.com\/tunisie\/wp-content\/uploads\/2022\/05\/Kapitalis-big-size.png\",\"contentUrl\":\"https:\/\/kapitalis.com\/tunisie\/wp-content\/uploads\/2022\/05\/Kapitalis-big-size.png\",\"width\":5000,\"height\":1500,\"caption\":\"Kapitalis\"},\"image\":{\"@id\":\"https:\/\/kapitalis.com\/tunisie\/#\/schema\/logo\/image\/\"},\"sameAs\":[\"https:\/\/www.facebook.com\/KapitalisInfo\/\",\"https:\/\/x.com\/KapitalisInfo\",\"https:\/\/www.youtube.com\/channel\/UC-yDYrHyfFBWWZaOw3FPg9Q\"]},{\"@type\":\"Person\",\"@id\":\"https:\/\/kapitalis.com\/tunisie\/#\/schema\/person\/d71f33a9ca44f7bad4698210b480c8e9\",\"name\":\"webmaster kapitalis\",\"url\":\"https:\/\/kapitalis.com\/tunisie\/author\/webmaster-kapitalis\/\"}]}<\/script>\n<!-- \/ Yoast SEO plugin. -->","yoast_head_json":{"title":"Le cin\u00e9ma engag\u00e9 tunisien au Festival du film politique de Carcassonne - Kapitalis","robots":{"index":"index","follow":"follow","max-snippet":"max-snippet:-1","max-image-preview":"max-image-preview:large","max-video-preview":"max-video-preview:-1"},"canonical":"https:\/\/kapitalis.com\/tunisie\/2025\/01\/06\/le-cinema-engage-tunisien-au-festival-du-film-politique-de-carcassonne\/","og_locale":"fr_FR","og_type":"article","og_title":"Le cin\u00e9ma engag\u00e9 tunisien au Festival du film politique de Carcassonne - Kapitalis","og_description":"Trois films de r\u00e9alisateurs tunisiens s\u00e9lectionn\u00e9s au Festival international du film politique de Carcassonne.","og_url":"https:\/\/kapitalis.com\/tunisie\/2025\/01\/06\/le-cinema-engage-tunisien-au-festival-du-film-politique-de-carcassonne\/","og_site_name":"Kapitalis","article_publisher":"https:\/\/www.facebook.com\/KapitalisInfo\/","article_published_time":"2025-01-06T09:19:01+00:00","article_modified_time":"2025-01-06T09:28:51+00:00","og_image":[{"width":1200,"height":630,"url":"https:\/\/kapitalis.com\/tunisie\/wp-content\/uploads\/2025\/01\/Hinde-Meddeb-Festival-de-Carcassone.jpg","type":"image\/jpeg"}],"author":"webmaster kapitalis","twitter_card":"summary_large_image","twitter_creator":"@KapitalisInfo","twitter_site":"@KapitalisInfo","twitter_misc":{"\u00c9crit par":"webmaster kapitalis","Dur\u00e9e de lecture estim\u00e9e":"4 minutes"},"schema":{"@context":"https:\/\/schema.org","@graph":[{"@type":"Article","@id":"https:\/\/kapitalis.com\/tunisie\/2025\/01\/06\/le-cinema-engage-tunisien-au-festival-du-film-politique-de-carcassonne\/#article","isPartOf":{"@id":"https:\/\/kapitalis.com\/tunisie\/2025\/01\/06\/le-cinema-engage-tunisien-au-festival-du-film-politique-de-carcassonne\/"},"author":{"name":"webmaster kapitalis","@id":"https:\/\/kapitalis.com\/tunisie\/#\/schema\/person\/d71f33a9ca44f7bad4698210b480c8e9"},"headline":"Le cin\u00e9ma engag\u00e9 tunisien au Festival du film politique de Carcassonne","datePublished":"2025-01-06T09:19:01+00:00","dateModified":"2025-01-06T09:28:51+00:00","mainEntityOfPage":{"@id":"https:\/\/kapitalis.com\/tunisie\/2025\/01\/06\/le-cinema-engage-tunisien-au-festival-du-film-politique-de-carcassonne\/"},"wordCount":548,"commentCount":0,"publisher":{"@id":"https:\/\/kapitalis.com\/tunisie\/#organization"},"image":{"@id":"https:\/\/kapitalis.com\/tunisie\/2025\/01\/06\/le-cinema-engage-tunisien-au-festival-du-film-politique-de-carcassonne\/#primaryimage"},"thumbnailUrl":"https:\/\/kapitalis.com\/tunisie\/wp-content\/uploads\/2025\/01\/Hinde-Meddeb-Festival-de-Carcassone.jpg","keywords":["Carcassonne","cin\u00e9ma engag\u00e9","Costa-Gavras","film politique","Hinde Meddeb","Manele Labidi","Mehdi Barsaoui"],"articleSection":["A LA UNE","CULTURE","Tunisie"],"inLanguage":"fr-FR","potentialAction":[{"@type":"CommentAction","name":"Comment","target":["https:\/\/kapitalis.com\/tunisie\/2025\/01\/06\/le-cinema-engage-tunisien-au-festival-du-film-politique-de-carcassonne\/#respond"]}]},{"@type":"WebPage","@id":"https:\/\/kapitalis.com\/tunisie\/2025\/01\/06\/le-cinema-engage-tunisien-au-festival-du-film-politique-de-carcassonne\/","url":"https:\/\/kapitalis.com\/tunisie\/2025\/01\/06\/le-cinema-engage-tunisien-au-festival-du-film-politique-de-carcassonne\/","name":"Le cin\u00e9ma engag\u00e9 tunisien au Festival du film politique de Carcassonne - Kapitalis","isPartOf":{"@id":"https:\/\/kapitalis.com\/tunisie\/#website"},"primaryImageOfPage":{"@id":"https:\/\/kapitalis.com\/tunisie\/2025\/01\/06\/le-cinema-engage-tunisien-au-festival-du-film-politique-de-carcassonne\/#primaryimage"},"image":{"@id":"https:\/\/kapitalis.com\/tunisie\/2025\/01\/06\/le-cinema-engage-tunisien-au-festival-du-film-politique-de-carcassonne\/#primaryimage"},"thumbnailUrl":"https:\/\/kapitalis.com\/tunisie\/wp-content\/uploads\/2025\/01\/Hinde-Meddeb-Festival-de-Carcassone.jpg","datePublished":"2025-01-06T09:19:01+00:00","dateModified":"2025-01-06T09:28:51+00:00","breadcrumb":{"@id":"https:\/\/kapitalis.com\/tunisie\/2025\/01\/06\/le-cinema-engage-tunisien-au-festival-du-film-politique-de-carcassonne\/#breadcrumb"},"inLanguage":"fr-FR","potentialAction":[{"@type":"ReadAction","target":["https:\/\/kapitalis.com\/tunisie\/2025\/01\/06\/le-cinema-engage-tunisien-au-festival-du-film-politique-de-carcassonne\/"]}]},{"@type":"ImageObject","inLanguage":"fr-FR","@id":"https:\/\/kapitalis.com\/tunisie\/2025\/01\/06\/le-cinema-engage-tunisien-au-festival-du-film-politique-de-carcassonne\/#primaryimage","url":"https:\/\/kapitalis.com\/tunisie\/wp-content\/uploads\/2025\/01\/Hinde-Meddeb-Festival-de-Carcassone.jpg","contentUrl":"https:\/\/kapitalis.com\/tunisie\/wp-content\/uploads\/2025\/01\/Hinde-Meddeb-Festival-de-Carcassone.jpg","width":1200,"height":630},{"@type":"BreadcrumbList","@id":"https:\/\/kapitalis.com\/tunisie\/2025\/01\/06\/le-cinema-engage-tunisien-au-festival-du-film-politique-de-carcassonne\/#breadcrumb","itemListElement":[{"@type":"ListItem","position":1,"name":"Accueil","item":"https:\/\/kapitalis.com\/tunisie\/"},{"@type":"ListItem","position":2,"name":"Le cin\u00e9ma engag\u00e9 tunisien au Festival du film politique de Carcassonne"}]},{"@type":"WebSite","@id":"https:\/\/kapitalis.com\/tunisie\/#website","url":"https:\/\/kapitalis.com\/tunisie\/","name":"Kapitalis","description":"L&#039;actualit\u00e9 en Tunisie et dans le monde","publisher":{"@id":"https:\/\/kapitalis.com\/tunisie\/#organization"},"potentialAction":[{"@type":"SearchAction","target":{"@type":"EntryPoint","urlTemplate":"https:\/\/kapitalis.com\/tunisie\/?s={search_term_string}"},"query-input":{"@type":"PropertyValueSpecification","valueRequired":true,"valueName":"search_term_string"}}],"inLanguage":"fr-FR"},{"@type":"Organization","@id":"https:\/\/kapitalis.com\/tunisie\/#organization","name":"Kapitalis","url":"https:\/\/kapitalis.com\/tunisie\/","logo":{"@type":"ImageObject","inLanguage":"fr-FR","@id":"https:\/\/kapitalis.com\/tunisie\/#\/schema\/logo\/image\/","url":"https:\/\/kapitalis.com\/tunisie\/wp-content\/uploads\/2022\/05\/Kapitalis-big-size.png","contentUrl":"https:\/\/kapitalis.com\/tunisie\/wp-content\/uploads\/2022\/05\/Kapitalis-big-size.png","width":5000,"height":1500,"caption":"Kapitalis"},"image":{"@id":"https:\/\/kapitalis.com\/tunisie\/#\/schema\/logo\/image\/"},"sameAs":["https:\/\/www.facebook.com\/KapitalisInfo\/","https:\/\/x.com\/KapitalisInfo","https:\/\/www.youtube.com\/channel\/UC-yDYrHyfFBWWZaOw3FPg9Q"]},{"@type":"Person","@id":"https:\/\/kapitalis.com\/tunisie\/#\/schema\/person\/d71f33a9ca44f7bad4698210b480c8e9","name":"webmaster kapitalis","url":"https:\/\/kapitalis.com\/tunisie\/author\/webmaster-kapitalis\/"}]}},"_links":{"self":[{"href":"https:\/\/kapitalis.com\/tunisie\/wp-json\/wp\/v2\/posts\/15104857","targetHints":{"allow":["GET"]}}],"collection":[{"href":"https:\/\/kapitalis.com\/tunisie\/wp-json\/wp\/v2\/posts"}],"about":[{"href":"https:\/\/kapitalis.com\/tunisie\/wp-json\/wp\/v2\/types\/post"}],"author":[{"embeddable":true,"href":"https:\/\/kapitalis.com\/tunisie\/wp-json\/wp\/v2\/users\/8"}],"replies":[{"embeddable":true,"href":"https:\/\/kapitalis.com\/tunisie\/wp-json\/wp\/v2\/comments?post=15104857"}],"version-history":[{"count":7,"href":"https:\/\/kapitalis.com\/tunisie\/wp-json\/wp\/v2\/posts\/15104857\/revisions"}],"predecessor-version":[{"id":15105050,"href":"https:\/\/kapitalis.com\/tunisie\/wp-json\/wp\/v2\/posts\/15104857\/revisions\/15105050"}],"wp:featuredmedia":[{"embeddable":true,"href":"https:\/\/kapitalis.com\/tunisie\/wp-json\/wp\/v2\/media\/15104893"}],"wp:attachment":[{"href":"https:\/\/kapitalis.com\/tunisie\/wp-json\/wp\/v2\/media?parent=15104857"}],"wp:term":[{"taxonomy":"category","embeddable":true,"href":"https:\/\/kapitalis.com\/tunisie\/wp-json\/wp\/v2\/categories?post=15104857"},{"taxonomy":"post_tag","embeddable":true,"href":"https:\/\/kapitalis.com\/tunisie\/wp-json\/wp\/v2\/tags?post=15104857"}],"curies":[{"name":"wp","href":"https:\/\/api.w.org\/{rel}","templated":true}]}}