{"id":15128,"date":"2015-09-20T14:27:34","date_gmt":"2015-09-20T13:27:34","guid":{"rendered":"http:\/\/kapitalis.com\/tunisie\/?p=15128"},"modified":"2015-09-20T14:58:34","modified_gmt":"2015-09-20T13:58:34","slug":"letat-reprend-possession-de-la-bibliotheque-el-attarine","status":"publish","type":"post","link":"https:\/\/kapitalis.com\/tunisie\/2015\/09\/20\/letat-reprend-possession-de-la-bibliotheque-el-attarine\/","title":{"rendered":"L\u2019Etat reprend possession de la biblioth\u00e8que El-Attarine"},"content":{"rendered":"<p><img loading=\"lazy\" decoding=\"async\" class=\"alignnone size-full wp-image-15129 aligncenter\" src=\"http:\/\/kapitalis.com\/tunisie\/wp-content\/uploads\/2015\/09\/Bibliotheque-El-Attarine.jpg\" alt=\"Bibliotheque-El-Attarine\" width=\"626\" height=\"380\" \/><\/p>\n<p><em><strong>Le minist\u00e8re de la Culture et de la Sauvegarde du patrimoine a repris, hier, les cl\u00e9s de la biblioth\u00e8que El-Attarine, dans la m\u00e9dina de Tunis.<\/strong> <\/em><\/p>\n<p><!--more--><\/p>\n<p>Cette reprise s\u2019est effectu\u00e9e au lendemain du jugement prononc\u00e9 par le Tribunal administratif \u00e0 l\u2019encontre de Houcine Laabidi, l\u2019ancien imam autoproclam\u00e9 de la mosqu\u00e9e de la\u00a0 Zitouna, qui avait squatt\u00e9 les lieux pendant 3 ans.<\/p>\n<p>La ministre de la Culture et de la Sauvegarde du patrimoine, Latifa Lakhdhar, s\u2019est rendue \u00e0 la biblioth\u00e8que El-Attarine, accompagn\u00e9e de Nabil Kallala, directeur g\u00e9n\u00e9ral de l\u2019Institut national du patrimoine (INP) et Adnene Ben Nejma, maire de la ville de Tunis, ainsi que d\u2019un groupe de journalistes. Ils ont constat\u00e9 les d\u00e9g\u00e2ts importants occasionn\u00e9s par Houcine Laabidi et ses acolytes.<\/p>\n<p style=\"text-align: center;\"><img loading=\"lazy\" decoding=\"async\" class=\"alignnone size-full wp-image-15133\" src=\"http:\/\/kapitalis.com\/tunisie\/wp-content\/uploads\/2015\/09\/Bibliotheque-El-Attarine-Matelas.jpg\" alt=\"Bibliotheque-El-Attarine-Matelas\" width=\"500\" height=\"350\" \/><\/p>\n<p style=\"text-align: center;\"><em>Ce matelas retrouv\u00e9 dans les locaux en dit long sur la qualit\u00e9 des squatteurs d\u00e9gag\u00e9s par la justice: Islam que ne fait-on pas en ton nom!<\/em><\/p>\n<p>Mme Lakhdar a annonc\u00e9 que des travaux vont \u00eatre lanc\u00e9s incessamment pour restaurer le b\u00e2timent qui est inscrit sur la liste du patrimoine national.<\/p>\n<p style=\"text-align: right;\"><strong>Z. A.<\/strong><\/p>\n","protected":false},"excerpt":{"rendered":"<p>Le minist\u00e8re de la Culture et de la Sauvegarde du patrimoine a repris, hier, les cl\u00e9s de la biblioth\u00e8que El-Attarine, dans la m\u00e9dina de Tunis.<\/p>\n","protected":false},"author":8,"featured_media":15129,"comment_status":"open","ping_status":"open","sticky":false,"template":"","format":"standard","meta":{"footnotes":""},"categories":[994,2433],"tags":[4200,2096,6482,979],"class_list":["post-15128","post","type-post","status-publish","format-standard","has-post-thumbnail","hentry","category-culture","category-tunisie","tag-bibliotheque","tag-medina","tag-mosquee-zitouna","tag-zitouna"],"yoast_head":"<!-- This site is optimized with the Yoast SEO plugin v26.6 - https:\/\/yoast.com\/wordpress\/plugins\/seo\/ -->\n<title>L\u2019Etat reprend possession de la biblioth\u00e8que El-Attarine - Kapitalis<\/title>\n<meta name=\"robots\" content=\"index, follow, max-snippet:-1, max-image-preview:large, max-video-preview:-1\" \/>\n<link rel=\"canonical\" href=\"https:\/\/kapitalis.com\/tunisie\/2015\/09\/20\/letat-reprend-possession-de-la-bibliotheque-el-attarine\/\" \/>\n<meta property=\"og:locale\" content=\"fr_FR\" \/>\n<meta property=\"og:type\" content=\"article\" \/>\n<meta property=\"og:title\" content=\"L\u2019Etat reprend possession de la biblioth\u00e8que El-Attarine - Kapitalis\" \/>\n<meta property=\"og:description\" content=\"Le minist\u00e8re de la Culture et de la Sauvegarde du patrimoine a repris, hier, les cl\u00e9s de la biblioth\u00e8que El-Attarine, dans la m\u00e9dina de Tunis.\" \/>\n<meta property=\"og:url\" content=\"https:\/\/kapitalis.com\/tunisie\/2015\/09\/20\/letat-reprend-possession-de-la-bibliotheque-el-attarine\/\" \/>\n<meta property=\"og:site_name\" content=\"Kapitalis\" \/>\n<meta property=\"article:publisher\" content=\"https:\/\/www.facebook.com\/KapitalisInfo\/\" \/>\n<meta property=\"article:published_time\" content=\"2015-09-20T13:27:34+00:00\" \/>\n<meta property=\"article:modified_time\" content=\"2015-09-20T13:58:34+00:00\" \/>\n<meta property=\"og:image\" content=\"https:\/\/kapitalis.com\/tunisie\/wp-content\/uploads\/2022\/05\/kapitalis-logo-fb.png\" \/>\n\t<meta property=\"og:image:width\" content=\"1200\" \/>\n\t<meta property=\"og:image:height\" content=\"630\" \/>\n\t<meta property=\"og:image:type\" content=\"image\/png\" \/>\n<meta name=\"author\" content=\"webmaster kapitalis\" \/>\n<meta name=\"twitter:card\" content=\"summary_large_image\" \/>\n<meta name=\"twitter:creator\" content=\"@KapitalisInfo\" \/>\n<meta name=\"twitter:site\" content=\"@KapitalisInfo\" \/>\n<meta name=\"twitter:label1\" content=\"\u00c9crit par\" \/>\n\t<meta name=\"twitter:data1\" content=\"webmaster kapitalis\" \/>\n\t<meta name=\"twitter:label2\" content=\"Dur\u00e9e de lecture estim\u00e9e\" \/>\n\t<meta name=\"twitter:data2\" content=\"1 minute\" \/>\n<script type=\"application\/ld+json\" class=\"yoast-schema-graph\">{\"@context\":\"https:\/\/schema.org\",\"@graph\":[{\"@type\":\"Article\",\"@id\":\"https:\/\/kapitalis.com\/tunisie\/2015\/09\/20\/letat-reprend-possession-de-la-bibliotheque-el-attarine\/#article\",\"isPartOf\":{\"@id\":\"https:\/\/kapitalis.com\/tunisie\/2015\/09\/20\/letat-reprend-possession-de-la-bibliotheque-el-attarine\/\"},\"author\":{\"name\":\"webmaster kapitalis\",\"@id\":\"https:\/\/kapitalis.com\/tunisie\/#\/schema\/person\/d71f33a9ca44f7bad4698210b480c8e9\"},\"headline\":\"L\u2019Etat reprend possession de la biblioth\u00e8que El-Attarine\",\"datePublished\":\"2015-09-20T13:27:34+00:00\",\"dateModified\":\"2015-09-20T13:58:34+00:00\",\"mainEntityOfPage\":{\"@id\":\"https:\/\/kapitalis.com\/tunisie\/2015\/09\/20\/letat-reprend-possession-de-la-bibliotheque-el-attarine\/\"},\"wordCount\":201,\"commentCount\":0,\"publisher\":{\"@id\":\"https:\/\/kapitalis.com\/tunisie\/#organization\"},\"image\":{\"@id\":\"https:\/\/kapitalis.com\/tunisie\/2015\/09\/20\/letat-reprend-possession-de-la-bibliotheque-el-attarine\/#primaryimage\"},\"thumbnailUrl\":\"\",\"keywords\":[\"biblioth\u00e8que\",\"M\u00e9dina\",\"mosqu\u00e9e Zitouna\",\"Zitouna\"],\"articleSection\":[\"CULTURE\",\"Tunisie\"],\"inLanguage\":\"fr-FR\",\"potentialAction\":[{\"@type\":\"CommentAction\",\"name\":\"Comment\",\"target\":[\"https:\/\/kapitalis.com\/tunisie\/2015\/09\/20\/letat-reprend-possession-de-la-bibliotheque-el-attarine\/#respond\"]}]},{\"@type\":\"WebPage\",\"@id\":\"https:\/\/kapitalis.com\/tunisie\/2015\/09\/20\/letat-reprend-possession-de-la-bibliotheque-el-attarine\/\",\"url\":\"https:\/\/kapitalis.com\/tunisie\/2015\/09\/20\/letat-reprend-possession-de-la-bibliotheque-el-attarine\/\",\"name\":\"L\u2019Etat reprend possession de la biblioth\u00e8que El-Attarine - Kapitalis\",\"isPartOf\":{\"@id\":\"https:\/\/kapitalis.com\/tunisie\/#website\"},\"primaryImageOfPage\":{\"@id\":\"https:\/\/kapitalis.com\/tunisie\/2015\/09\/20\/letat-reprend-possession-de-la-bibliotheque-el-attarine\/#primaryimage\"},\"image\":{\"@id\":\"https:\/\/kapitalis.com\/tunisie\/2015\/09\/20\/letat-reprend-possession-de-la-bibliotheque-el-attarine\/#primaryimage\"},\"thumbnailUrl\":\"\",\"datePublished\":\"2015-09-20T13:27:34+00:00\",\"dateModified\":\"2015-09-20T13:58:34+00:00\",\"breadcrumb\":{\"@id\":\"https:\/\/kapitalis.com\/tunisie\/2015\/09\/20\/letat-reprend-possession-de-la-bibliotheque-el-attarine\/#breadcrumb\"},\"inLanguage\":\"fr-FR\",\"potentialAction\":[{\"@type\":\"ReadAction\",\"target\":[\"https:\/\/kapitalis.com\/tunisie\/2015\/09\/20\/letat-reprend-possession-de-la-bibliotheque-el-attarine\/\"]}]},{\"@type\":\"ImageObject\",\"inLanguage\":\"fr-FR\",\"@id\":\"https:\/\/kapitalis.com\/tunisie\/2015\/09\/20\/letat-reprend-possession-de-la-bibliotheque-el-attarine\/#primaryimage\",\"url\":\"\",\"contentUrl\":\"\"},{\"@type\":\"BreadcrumbList\",\"@id\":\"https:\/\/kapitalis.com\/tunisie\/2015\/09\/20\/letat-reprend-possession-de-la-bibliotheque-el-attarine\/#breadcrumb\",\"itemListElement\":[{\"@type\":\"ListItem\",\"position\":1,\"name\":\"Accueil\",\"item\":\"https:\/\/kapitalis.com\/tunisie\/\"},{\"@type\":\"ListItem\",\"position\":2,\"name\":\"L\u2019Etat reprend possession de la biblioth\u00e8que El-Attarine\"}]},{\"@type\":\"WebSite\",\"@id\":\"https:\/\/kapitalis.com\/tunisie\/#website\",\"url\":\"https:\/\/kapitalis.com\/tunisie\/\",\"name\":\"Kapitalis\",\"description\":\"L&#039;actualit\u00e9 en Tunisie et dans le monde\",\"publisher\":{\"@id\":\"https:\/\/kapitalis.com\/tunisie\/#organization\"},\"potentialAction\":[{\"@type\":\"SearchAction\",\"target\":{\"@type\":\"EntryPoint\",\"urlTemplate\":\"https:\/\/kapitalis.com\/tunisie\/?s={search_term_string}\"},\"query-input\":{\"@type\":\"PropertyValueSpecification\",\"valueRequired\":true,\"valueName\":\"search_term_string\"}}],\"inLanguage\":\"fr-FR\"},{\"@type\":\"Organization\",\"@id\":\"https:\/\/kapitalis.com\/tunisie\/#organization\",\"name\":\"Kapitalis\",\"url\":\"https:\/\/kapitalis.com\/tunisie\/\",\"logo\":{\"@type\":\"ImageObject\",\"inLanguage\":\"fr-FR\",\"@id\":\"https:\/\/kapitalis.com\/tunisie\/#\/schema\/logo\/image\/\",\"url\":\"https:\/\/kapitalis.com\/tunisie\/wp-content\/uploads\/2022\/05\/Kapitalis-big-size.png\",\"contentUrl\":\"https:\/\/kapitalis.com\/tunisie\/wp-content\/uploads\/2022\/05\/Kapitalis-big-size.png\",\"width\":5000,\"height\":1500,\"caption\":\"Kapitalis\"},\"image\":{\"@id\":\"https:\/\/kapitalis.com\/tunisie\/#\/schema\/logo\/image\/\"},\"sameAs\":[\"https:\/\/www.facebook.com\/KapitalisInfo\/\",\"https:\/\/x.com\/KapitalisInfo\",\"https:\/\/www.youtube.com\/channel\/UC-yDYrHyfFBWWZaOw3FPg9Q\"]},{\"@type\":\"Person\",\"@id\":\"https:\/\/kapitalis.com\/tunisie\/#\/schema\/person\/d71f33a9ca44f7bad4698210b480c8e9\",\"name\":\"webmaster kapitalis\",\"url\":\"https:\/\/kapitalis.com\/tunisie\/author\/webmaster-kapitalis\/\"}]}<\/script>\n<!-- \/ Yoast SEO plugin. -->","yoast_head_json":{"title":"L\u2019Etat reprend possession de la biblioth\u00e8que El-Attarine - Kapitalis","robots":{"index":"index","follow":"follow","max-snippet":"max-snippet:-1","max-image-preview":"max-image-preview:large","max-video-preview":"max-video-preview:-1"},"canonical":"https:\/\/kapitalis.com\/tunisie\/2015\/09\/20\/letat-reprend-possession-de-la-bibliotheque-el-attarine\/","og_locale":"fr_FR","og_type":"article","og_title":"L\u2019Etat reprend possession de la biblioth\u00e8que El-Attarine - Kapitalis","og_description":"Le minist\u00e8re de la Culture et de la Sauvegarde du patrimoine a repris, hier, les cl\u00e9s de la biblioth\u00e8que El-Attarine, dans la m\u00e9dina de Tunis.","og_url":"https:\/\/kapitalis.com\/tunisie\/2015\/09\/20\/letat-reprend-possession-de-la-bibliotheque-el-attarine\/","og_site_name":"Kapitalis","article_publisher":"https:\/\/www.facebook.com\/KapitalisInfo\/","article_published_time":"2015-09-20T13:27:34+00:00","article_modified_time":"2015-09-20T13:58:34+00:00","og_image":[{"width":1200,"height":630,"url":"https:\/\/kapitalis.com\/tunisie\/wp-content\/uploads\/2022\/05\/kapitalis-logo-fb.png","type":"image\/png"}],"author":"webmaster kapitalis","twitter_card":"summary_large_image","twitter_creator":"@KapitalisInfo","twitter_site":"@KapitalisInfo","twitter_misc":{"\u00c9crit par":"webmaster kapitalis","Dur\u00e9e de lecture estim\u00e9e":"1 minute"},"schema":{"@context":"https:\/\/schema.org","@graph":[{"@type":"Article","@id":"https:\/\/kapitalis.com\/tunisie\/2015\/09\/20\/letat-reprend-possession-de-la-bibliotheque-el-attarine\/#article","isPartOf":{"@id":"https:\/\/kapitalis.com\/tunisie\/2015\/09\/20\/letat-reprend-possession-de-la-bibliotheque-el-attarine\/"},"author":{"name":"webmaster kapitalis","@id":"https:\/\/kapitalis.com\/tunisie\/#\/schema\/person\/d71f33a9ca44f7bad4698210b480c8e9"},"headline":"L\u2019Etat reprend possession de la biblioth\u00e8que El-Attarine","datePublished":"2015-09-20T13:27:34+00:00","dateModified":"2015-09-20T13:58:34+00:00","mainEntityOfPage":{"@id":"https:\/\/kapitalis.com\/tunisie\/2015\/09\/20\/letat-reprend-possession-de-la-bibliotheque-el-attarine\/"},"wordCount":201,"commentCount":0,"publisher":{"@id":"https:\/\/kapitalis.com\/tunisie\/#organization"},"image":{"@id":"https:\/\/kapitalis.com\/tunisie\/2015\/09\/20\/letat-reprend-possession-de-la-bibliotheque-el-attarine\/#primaryimage"},"thumbnailUrl":"","keywords":["biblioth\u00e8que","M\u00e9dina","mosqu\u00e9e Zitouna","Zitouna"],"articleSection":["CULTURE","Tunisie"],"inLanguage":"fr-FR","potentialAction":[{"@type":"CommentAction","name":"Comment","target":["https:\/\/kapitalis.com\/tunisie\/2015\/09\/20\/letat-reprend-possession-de-la-bibliotheque-el-attarine\/#respond"]}]},{"@type":"WebPage","@id":"https:\/\/kapitalis.com\/tunisie\/2015\/09\/20\/letat-reprend-possession-de-la-bibliotheque-el-attarine\/","url":"https:\/\/kapitalis.com\/tunisie\/2015\/09\/20\/letat-reprend-possession-de-la-bibliotheque-el-attarine\/","name":"L\u2019Etat reprend possession de la biblioth\u00e8que El-Attarine - Kapitalis","isPartOf":{"@id":"https:\/\/kapitalis.com\/tunisie\/#website"},"primaryImageOfPage":{"@id":"https:\/\/kapitalis.com\/tunisie\/2015\/09\/20\/letat-reprend-possession-de-la-bibliotheque-el-attarine\/#primaryimage"},"image":{"@id":"https:\/\/kapitalis.com\/tunisie\/2015\/09\/20\/letat-reprend-possession-de-la-bibliotheque-el-attarine\/#primaryimage"},"thumbnailUrl":"","datePublished":"2015-09-20T13:27:34+00:00","dateModified":"2015-09-20T13:58:34+00:00","breadcrumb":{"@id":"https:\/\/kapitalis.com\/tunisie\/2015\/09\/20\/letat-reprend-possession-de-la-bibliotheque-el-attarine\/#breadcrumb"},"inLanguage":"fr-FR","potentialAction":[{"@type":"ReadAction","target":["https:\/\/kapitalis.com\/tunisie\/2015\/09\/20\/letat-reprend-possession-de-la-bibliotheque-el-attarine\/"]}]},{"@type":"ImageObject","inLanguage":"fr-FR","@id":"https:\/\/kapitalis.com\/tunisie\/2015\/09\/20\/letat-reprend-possession-de-la-bibliotheque-el-attarine\/#primaryimage","url":"","contentUrl":""},{"@type":"BreadcrumbList","@id":"https:\/\/kapitalis.com\/tunisie\/2015\/09\/20\/letat-reprend-possession-de-la-bibliotheque-el-attarine\/#breadcrumb","itemListElement":[{"@type":"ListItem","position":1,"name":"Accueil","item":"https:\/\/kapitalis.com\/tunisie\/"},{"@type":"ListItem","position":2,"name":"L\u2019Etat reprend possession de la biblioth\u00e8que El-Attarine"}]},{"@type":"WebSite","@id":"https:\/\/kapitalis.com\/tunisie\/#website","url":"https:\/\/kapitalis.com\/tunisie\/","name":"Kapitalis","description":"L&#039;actualit\u00e9 en Tunisie et dans le monde","publisher":{"@id":"https:\/\/kapitalis.com\/tunisie\/#organization"},"potentialAction":[{"@type":"SearchAction","target":{"@type":"EntryPoint","urlTemplate":"https:\/\/kapitalis.com\/tunisie\/?s={search_term_string}"},"query-input":{"@type":"PropertyValueSpecification","valueRequired":true,"valueName":"search_term_string"}}],"inLanguage":"fr-FR"},{"@type":"Organization","@id":"https:\/\/kapitalis.com\/tunisie\/#organization","name":"Kapitalis","url":"https:\/\/kapitalis.com\/tunisie\/","logo":{"@type":"ImageObject","inLanguage":"fr-FR","@id":"https:\/\/kapitalis.com\/tunisie\/#\/schema\/logo\/image\/","url":"https:\/\/kapitalis.com\/tunisie\/wp-content\/uploads\/2022\/05\/Kapitalis-big-size.png","contentUrl":"https:\/\/kapitalis.com\/tunisie\/wp-content\/uploads\/2022\/05\/Kapitalis-big-size.png","width":5000,"height":1500,"caption":"Kapitalis"},"image":{"@id":"https:\/\/kapitalis.com\/tunisie\/#\/schema\/logo\/image\/"},"sameAs":["https:\/\/www.facebook.com\/KapitalisInfo\/","https:\/\/x.com\/KapitalisInfo","https:\/\/www.youtube.com\/channel\/UC-yDYrHyfFBWWZaOw3FPg9Q"]},{"@type":"Person","@id":"https:\/\/kapitalis.com\/tunisie\/#\/schema\/person\/d71f33a9ca44f7bad4698210b480c8e9","name":"webmaster kapitalis","url":"https:\/\/kapitalis.com\/tunisie\/author\/webmaster-kapitalis\/"}]}},"_links":{"self":[{"href":"https:\/\/kapitalis.com\/tunisie\/wp-json\/wp\/v2\/posts\/15128","targetHints":{"allow":["GET"]}}],"collection":[{"href":"https:\/\/kapitalis.com\/tunisie\/wp-json\/wp\/v2\/posts"}],"about":[{"href":"https:\/\/kapitalis.com\/tunisie\/wp-json\/wp\/v2\/types\/post"}],"author":[{"embeddable":true,"href":"https:\/\/kapitalis.com\/tunisie\/wp-json\/wp\/v2\/users\/8"}],"replies":[{"embeddable":true,"href":"https:\/\/kapitalis.com\/tunisie\/wp-json\/wp\/v2\/comments?post=15128"}],"version-history":[{"count":0,"href":"https:\/\/kapitalis.com\/tunisie\/wp-json\/wp\/v2\/posts\/15128\/revisions"}],"wp:featuredmedia":[{"embeddable":true,"href":"https:\/\/kapitalis.com\/tunisie\/wp-json\/wp\/v2\/media\/15129"}],"wp:attachment":[{"href":"https:\/\/kapitalis.com\/tunisie\/wp-json\/wp\/v2\/media?parent=15128"}],"wp:term":[{"taxonomy":"category","embeddable":true,"href":"https:\/\/kapitalis.com\/tunisie\/wp-json\/wp\/v2\/categories?post=15128"},{"taxonomy":"post_tag","embeddable":true,"href":"https:\/\/kapitalis.com\/tunisie\/wp-json\/wp\/v2\/tags?post=15128"}],"curies":[{"name":"wp","href":"https:\/\/api.w.org\/{rel}","templated":true}]}}