{"id":15128412,"date":"2025-01-08T12:01:19","date_gmt":"2025-01-08T11:01:19","guid":{"rendered":"https:\/\/kapitalis.com\/tunisie\/?p=15128412"},"modified":"2025-01-08T12:01:20","modified_gmt":"2025-01-08T11:01:20","slug":"tunisie-aides-aux-familles-necessiteuses-pendant-ramadan","status":"publish","type":"post","link":"https:\/\/kapitalis.com\/tunisie\/2025\/01\/08\/tunisie-aides-aux-familles-necessiteuses-pendant-ramadan\/","title":{"rendered":"Tunisie\u00a0: aides aux familles n\u00e9cessiteuses pendant Ramadan"},"content":{"rendered":"\n<p><strong><em>Dans les cadres des pr\u00e9paratifs du moins de Ramadan, une enveloppe globale de 68,8 millions de dinars va \u00eatre allou\u00e9e au titre du budget du minist\u00e8re des Affaires sociales afin de venir en aide des cat\u00e9gories d\u00e9munies b\u00e9n\u00e9ficiant du programme d\u2019Amen social.<\/em><\/strong><\/p>\n\n\n\n<!--more-->\n\n\n\n<p>Il s\u2019agit de venir en aide \u00e0 cette cat\u00e9gorie vuln\u00e9rable de la population afin de subvenir \u00e0 leurs besoins suppl\u00e9mentaires \u00e0 l\u2019occasion du mois de Ramadan, de A\u00efd Al-Fitr et de A\u00efd Al-Adha.<\/p>\n\n\n\n<p>C\u2019est l\u2019une des mesures prises lors de la r\u00e9union du conseil minist\u00e9riel restreint consacr\u00e9 \u00e0 l\u2019examen des pr\u00e9paratifs en pr\u00e9vision du mois de Ramadan qui a eu lieu, mardi 7 janvier 2024, au Palais du gouvernement \u00e0 la Kasbah, sous la pr\u00e9sidence du chef du gouvernement, Kamel Maddouri.<\/p>\n\n\n\n<p>Il a \u00e9t\u00e9 \u00e9galement d\u00e9cid\u00e9 dans le m\u00eame contexte de mobiliser 120&nbsp;000 dinars pour la circoncision d\u2019enfants de ces familles \u00e0 raison de 50 enfants par gouvernorat, et ce en plus des interventions de l\u2019Union tunisienne de solidarit\u00e9 sociale pour soutenir ce programme \u00e0 l\u2019\u00e9chelle r\u00e9gionale.<\/p>\n","protected":false},"excerpt":{"rendered":"<p>Une enveloppe globale de 68,8 millions de dinars va \u00eatre allou\u00e9e aux cat\u00e9gories d\u00e9munies pendant Ramadan.  <\/p>\n","protected":false},"author":8,"featured_media":15128444,"comment_status":"open","ping_status":"open","sticky":false,"template":"","format":"standard","meta":{"footnotes":""},"categories":[995,998,2433],"tags":[91678,78735,101222,89620,106500,761],"class_list":["post-15128412","post","type-post","status-publish","format-standard","has-post-thumbnail","hentry","category-economie","category-societe","category-tunisie","tag-aid-al-adha-2","tag-aid-al-fitr-2","tag-amen-social","tag-familles-necessiteuses","tag-kamel-maddouri","tag-ramadan"],"yoast_head":"<!-- This site is optimized with the Yoast SEO plugin v26.6 - https:\/\/yoast.com\/wordpress\/plugins\/seo\/ -->\n<title>Tunisie\u00a0: aides aux familles n\u00e9cessiteuses pendant Ramadan - Kapitalis<\/title>\n<meta name=\"robots\" content=\"index, follow, max-snippet:-1, max-image-preview:large, max-video-preview:-1\" \/>\n<link rel=\"canonical\" href=\"https:\/\/kapitalis.com\/tunisie\/2025\/01\/08\/tunisie-aides-aux-familles-necessiteuses-pendant-ramadan\/\" \/>\n<meta property=\"og:locale\" content=\"fr_FR\" \/>\n<meta property=\"og:type\" content=\"article\" \/>\n<meta property=\"og:title\" content=\"Tunisie\u00a0: aides aux familles n\u00e9cessiteuses pendant Ramadan - Kapitalis\" \/>\n<meta property=\"og:description\" content=\"Une enveloppe globale de 68,8 millions de dinars va \u00eatre allou\u00e9e aux cat\u00e9gories d\u00e9munies pendant Ramadan.\" \/>\n<meta property=\"og:url\" content=\"https:\/\/kapitalis.com\/tunisie\/2025\/01\/08\/tunisie-aides-aux-familles-necessiteuses-pendant-ramadan\/\" \/>\n<meta property=\"og:site_name\" content=\"Kapitalis\" \/>\n<meta property=\"article:publisher\" content=\"https:\/\/www.facebook.com\/KapitalisInfo\/\" \/>\n<meta property=\"article:published_time\" content=\"2025-01-08T11:01:19+00:00\" \/>\n<meta property=\"article:modified_time\" content=\"2025-01-08T11:01:20+00:00\" \/>\n<meta property=\"og:image\" content=\"https:\/\/kapitalis.com\/tunisie\/wp-content\/uploads\/2025\/01\/Kamel-Maddouri-Ramadan.jpg\" \/>\n\t<meta property=\"og:image:width\" content=\"1200\" \/>\n\t<meta property=\"og:image:height\" content=\"630\" \/>\n\t<meta property=\"og:image:type\" content=\"image\/jpeg\" \/>\n<meta name=\"author\" content=\"webmaster kapitalis\" \/>\n<meta name=\"twitter:card\" content=\"summary_large_image\" \/>\n<meta name=\"twitter:creator\" content=\"@KapitalisInfo\" \/>\n<meta name=\"twitter:site\" content=\"@KapitalisInfo\" \/>\n<meta name=\"twitter:label1\" content=\"\u00c9crit par\" \/>\n\t<meta name=\"twitter:data1\" content=\"webmaster kapitalis\" \/>\n\t<meta name=\"twitter:label2\" content=\"Dur\u00e9e de lecture estim\u00e9e\" \/>\n\t<meta name=\"twitter:data2\" content=\"2 minutes\" \/>\n<script type=\"application\/ld+json\" class=\"yoast-schema-graph\">{\"@context\":\"https:\/\/schema.org\",\"@graph\":[{\"@type\":\"Article\",\"@id\":\"https:\/\/kapitalis.com\/tunisie\/2025\/01\/08\/tunisie-aides-aux-familles-necessiteuses-pendant-ramadan\/#article\",\"isPartOf\":{\"@id\":\"https:\/\/kapitalis.com\/tunisie\/2025\/01\/08\/tunisie-aides-aux-familles-necessiteuses-pendant-ramadan\/\"},\"author\":{\"name\":\"webmaster kapitalis\",\"@id\":\"https:\/\/kapitalis.com\/tunisie\/#\/schema\/person\/d71f33a9ca44f7bad4698210b480c8e9\"},\"headline\":\"Tunisie\u00a0: aides aux familles n\u00e9cessiteuses pendant Ramadan\",\"datePublished\":\"2025-01-08T11:01:19+00:00\",\"dateModified\":\"2025-01-08T11:01:20+00:00\",\"mainEntityOfPage\":{\"@id\":\"https:\/\/kapitalis.com\/tunisie\/2025\/01\/08\/tunisie-aides-aux-familles-necessiteuses-pendant-ramadan\/\"},\"wordCount\":195,\"commentCount\":0,\"publisher\":{\"@id\":\"https:\/\/kapitalis.com\/tunisie\/#organization\"},\"image\":{\"@id\":\"https:\/\/kapitalis.com\/tunisie\/2025\/01\/08\/tunisie-aides-aux-familles-necessiteuses-pendant-ramadan\/#primaryimage\"},\"thumbnailUrl\":\"https:\/\/kapitalis.com\/tunisie\/wp-content\/uploads\/2025\/01\/Kamel-Maddouri-Ramadan.jpg\",\"keywords\":[\"A\u00efd Al-Adha\",\"A\u00efd Al-Fitr\",\"Amen Social\",\"familles n\u00e9cessiteuses\",\"Kamel Maddouri\",\"Ramadan\"],\"articleSection\":[\"ECONOMIE\",\"SOCIETE\",\"Tunisie\"],\"inLanguage\":\"fr-FR\",\"potentialAction\":[{\"@type\":\"CommentAction\",\"name\":\"Comment\",\"target\":[\"https:\/\/kapitalis.com\/tunisie\/2025\/01\/08\/tunisie-aides-aux-familles-necessiteuses-pendant-ramadan\/#respond\"]}]},{\"@type\":\"WebPage\",\"@id\":\"https:\/\/kapitalis.com\/tunisie\/2025\/01\/08\/tunisie-aides-aux-familles-necessiteuses-pendant-ramadan\/\",\"url\":\"https:\/\/kapitalis.com\/tunisie\/2025\/01\/08\/tunisie-aides-aux-familles-necessiteuses-pendant-ramadan\/\",\"name\":\"Tunisie\u00a0: aides aux familles n\u00e9cessiteuses pendant Ramadan - Kapitalis\",\"isPartOf\":{\"@id\":\"https:\/\/kapitalis.com\/tunisie\/#website\"},\"primaryImageOfPage\":{\"@id\":\"https:\/\/kapitalis.com\/tunisie\/2025\/01\/08\/tunisie-aides-aux-familles-necessiteuses-pendant-ramadan\/#primaryimage\"},\"image\":{\"@id\":\"https:\/\/kapitalis.com\/tunisie\/2025\/01\/08\/tunisie-aides-aux-familles-necessiteuses-pendant-ramadan\/#primaryimage\"},\"thumbnailUrl\":\"https:\/\/kapitalis.com\/tunisie\/wp-content\/uploads\/2025\/01\/Kamel-Maddouri-Ramadan.jpg\",\"datePublished\":\"2025-01-08T11:01:19+00:00\",\"dateModified\":\"2025-01-08T11:01:20+00:00\",\"breadcrumb\":{\"@id\":\"https:\/\/kapitalis.com\/tunisie\/2025\/01\/08\/tunisie-aides-aux-familles-necessiteuses-pendant-ramadan\/#breadcrumb\"},\"inLanguage\":\"fr-FR\",\"potentialAction\":[{\"@type\":\"ReadAction\",\"target\":[\"https:\/\/kapitalis.com\/tunisie\/2025\/01\/08\/tunisie-aides-aux-familles-necessiteuses-pendant-ramadan\/\"]}]},{\"@type\":\"ImageObject\",\"inLanguage\":\"fr-FR\",\"@id\":\"https:\/\/kapitalis.com\/tunisie\/2025\/01\/08\/tunisie-aides-aux-familles-necessiteuses-pendant-ramadan\/#primaryimage\",\"url\":\"https:\/\/kapitalis.com\/tunisie\/wp-content\/uploads\/2025\/01\/Kamel-Maddouri-Ramadan.jpg\",\"contentUrl\":\"https:\/\/kapitalis.com\/tunisie\/wp-content\/uploads\/2025\/01\/Kamel-Maddouri-Ramadan.jpg\",\"width\":1200,\"height\":630},{\"@type\":\"BreadcrumbList\",\"@id\":\"https:\/\/kapitalis.com\/tunisie\/2025\/01\/08\/tunisie-aides-aux-familles-necessiteuses-pendant-ramadan\/#breadcrumb\",\"itemListElement\":[{\"@type\":\"ListItem\",\"position\":1,\"name\":\"Accueil\",\"item\":\"https:\/\/kapitalis.com\/tunisie\/\"},{\"@type\":\"ListItem\",\"position\":2,\"name\":\"Tunisie\u00a0: aides aux familles n\u00e9cessiteuses pendant Ramadan\"}]},{\"@type\":\"WebSite\",\"@id\":\"https:\/\/kapitalis.com\/tunisie\/#website\",\"url\":\"https:\/\/kapitalis.com\/tunisie\/\",\"name\":\"Kapitalis\",\"description\":\"L&#039;actualit\u00e9 en Tunisie et dans le monde\",\"publisher\":{\"@id\":\"https:\/\/kapitalis.com\/tunisie\/#organization\"},\"potentialAction\":[{\"@type\":\"SearchAction\",\"target\":{\"@type\":\"EntryPoint\",\"urlTemplate\":\"https:\/\/kapitalis.com\/tunisie\/?s={search_term_string}\"},\"query-input\":{\"@type\":\"PropertyValueSpecification\",\"valueRequired\":true,\"valueName\":\"search_term_string\"}}],\"inLanguage\":\"fr-FR\"},{\"@type\":\"Organization\",\"@id\":\"https:\/\/kapitalis.com\/tunisie\/#organization\",\"name\":\"Kapitalis\",\"url\":\"https:\/\/kapitalis.com\/tunisie\/\",\"logo\":{\"@type\":\"ImageObject\",\"inLanguage\":\"fr-FR\",\"@id\":\"https:\/\/kapitalis.com\/tunisie\/#\/schema\/logo\/image\/\",\"url\":\"https:\/\/kapitalis.com\/tunisie\/wp-content\/uploads\/2022\/05\/Kapitalis-big-size.png\",\"contentUrl\":\"https:\/\/kapitalis.com\/tunisie\/wp-content\/uploads\/2022\/05\/Kapitalis-big-size.png\",\"width\":5000,\"height\":1500,\"caption\":\"Kapitalis\"},\"image\":{\"@id\":\"https:\/\/kapitalis.com\/tunisie\/#\/schema\/logo\/image\/\"},\"sameAs\":[\"https:\/\/www.facebook.com\/KapitalisInfo\/\",\"https:\/\/x.com\/KapitalisInfo\",\"https:\/\/www.youtube.com\/channel\/UC-yDYrHyfFBWWZaOw3FPg9Q\"]},{\"@type\":\"Person\",\"@id\":\"https:\/\/kapitalis.com\/tunisie\/#\/schema\/person\/d71f33a9ca44f7bad4698210b480c8e9\",\"name\":\"webmaster kapitalis\",\"url\":\"https:\/\/kapitalis.com\/tunisie\/author\/webmaster-kapitalis\/\"}]}<\/script>\n<!-- \/ Yoast SEO plugin. -->","yoast_head_json":{"title":"Tunisie\u00a0: aides aux familles n\u00e9cessiteuses pendant Ramadan - Kapitalis","robots":{"index":"index","follow":"follow","max-snippet":"max-snippet:-1","max-image-preview":"max-image-preview:large","max-video-preview":"max-video-preview:-1"},"canonical":"https:\/\/kapitalis.com\/tunisie\/2025\/01\/08\/tunisie-aides-aux-familles-necessiteuses-pendant-ramadan\/","og_locale":"fr_FR","og_type":"article","og_title":"Tunisie\u00a0: aides aux familles n\u00e9cessiteuses pendant Ramadan - Kapitalis","og_description":"Une enveloppe globale de 68,8 millions de dinars va \u00eatre allou\u00e9e aux cat\u00e9gories d\u00e9munies pendant Ramadan.","og_url":"https:\/\/kapitalis.com\/tunisie\/2025\/01\/08\/tunisie-aides-aux-familles-necessiteuses-pendant-ramadan\/","og_site_name":"Kapitalis","article_publisher":"https:\/\/www.facebook.com\/KapitalisInfo\/","article_published_time":"2025-01-08T11:01:19+00:00","article_modified_time":"2025-01-08T11:01:20+00:00","og_image":[{"width":1200,"height":630,"url":"https:\/\/kapitalis.com\/tunisie\/wp-content\/uploads\/2025\/01\/Kamel-Maddouri-Ramadan.jpg","type":"image\/jpeg"}],"author":"webmaster kapitalis","twitter_card":"summary_large_image","twitter_creator":"@KapitalisInfo","twitter_site":"@KapitalisInfo","twitter_misc":{"\u00c9crit par":"webmaster kapitalis","Dur\u00e9e de lecture estim\u00e9e":"2 minutes"},"schema":{"@context":"https:\/\/schema.org","@graph":[{"@type":"Article","@id":"https:\/\/kapitalis.com\/tunisie\/2025\/01\/08\/tunisie-aides-aux-familles-necessiteuses-pendant-ramadan\/#article","isPartOf":{"@id":"https:\/\/kapitalis.com\/tunisie\/2025\/01\/08\/tunisie-aides-aux-familles-necessiteuses-pendant-ramadan\/"},"author":{"name":"webmaster kapitalis","@id":"https:\/\/kapitalis.com\/tunisie\/#\/schema\/person\/d71f33a9ca44f7bad4698210b480c8e9"},"headline":"Tunisie\u00a0: aides aux familles n\u00e9cessiteuses pendant Ramadan","datePublished":"2025-01-08T11:01:19+00:00","dateModified":"2025-01-08T11:01:20+00:00","mainEntityOfPage":{"@id":"https:\/\/kapitalis.com\/tunisie\/2025\/01\/08\/tunisie-aides-aux-familles-necessiteuses-pendant-ramadan\/"},"wordCount":195,"commentCount":0,"publisher":{"@id":"https:\/\/kapitalis.com\/tunisie\/#organization"},"image":{"@id":"https:\/\/kapitalis.com\/tunisie\/2025\/01\/08\/tunisie-aides-aux-familles-necessiteuses-pendant-ramadan\/#primaryimage"},"thumbnailUrl":"https:\/\/kapitalis.com\/tunisie\/wp-content\/uploads\/2025\/01\/Kamel-Maddouri-Ramadan.jpg","keywords":["A\u00efd Al-Adha","A\u00efd Al-Fitr","Amen Social","familles n\u00e9cessiteuses","Kamel Maddouri","Ramadan"],"articleSection":["ECONOMIE","SOCIETE","Tunisie"],"inLanguage":"fr-FR","potentialAction":[{"@type":"CommentAction","name":"Comment","target":["https:\/\/kapitalis.com\/tunisie\/2025\/01\/08\/tunisie-aides-aux-familles-necessiteuses-pendant-ramadan\/#respond"]}]},{"@type":"WebPage","@id":"https:\/\/kapitalis.com\/tunisie\/2025\/01\/08\/tunisie-aides-aux-familles-necessiteuses-pendant-ramadan\/","url":"https:\/\/kapitalis.com\/tunisie\/2025\/01\/08\/tunisie-aides-aux-familles-necessiteuses-pendant-ramadan\/","name":"Tunisie\u00a0: aides aux familles n\u00e9cessiteuses pendant Ramadan - Kapitalis","isPartOf":{"@id":"https:\/\/kapitalis.com\/tunisie\/#website"},"primaryImageOfPage":{"@id":"https:\/\/kapitalis.com\/tunisie\/2025\/01\/08\/tunisie-aides-aux-familles-necessiteuses-pendant-ramadan\/#primaryimage"},"image":{"@id":"https:\/\/kapitalis.com\/tunisie\/2025\/01\/08\/tunisie-aides-aux-familles-necessiteuses-pendant-ramadan\/#primaryimage"},"thumbnailUrl":"https:\/\/kapitalis.com\/tunisie\/wp-content\/uploads\/2025\/01\/Kamel-Maddouri-Ramadan.jpg","datePublished":"2025-01-08T11:01:19+00:00","dateModified":"2025-01-08T11:01:20+00:00","breadcrumb":{"@id":"https:\/\/kapitalis.com\/tunisie\/2025\/01\/08\/tunisie-aides-aux-familles-necessiteuses-pendant-ramadan\/#breadcrumb"},"inLanguage":"fr-FR","potentialAction":[{"@type":"ReadAction","target":["https:\/\/kapitalis.com\/tunisie\/2025\/01\/08\/tunisie-aides-aux-familles-necessiteuses-pendant-ramadan\/"]}]},{"@type":"ImageObject","inLanguage":"fr-FR","@id":"https:\/\/kapitalis.com\/tunisie\/2025\/01\/08\/tunisie-aides-aux-familles-necessiteuses-pendant-ramadan\/#primaryimage","url":"https:\/\/kapitalis.com\/tunisie\/wp-content\/uploads\/2025\/01\/Kamel-Maddouri-Ramadan.jpg","contentUrl":"https:\/\/kapitalis.com\/tunisie\/wp-content\/uploads\/2025\/01\/Kamel-Maddouri-Ramadan.jpg","width":1200,"height":630},{"@type":"BreadcrumbList","@id":"https:\/\/kapitalis.com\/tunisie\/2025\/01\/08\/tunisie-aides-aux-familles-necessiteuses-pendant-ramadan\/#breadcrumb","itemListElement":[{"@type":"ListItem","position":1,"name":"Accueil","item":"https:\/\/kapitalis.com\/tunisie\/"},{"@type":"ListItem","position":2,"name":"Tunisie\u00a0: aides aux familles n\u00e9cessiteuses pendant Ramadan"}]},{"@type":"WebSite","@id":"https:\/\/kapitalis.com\/tunisie\/#website","url":"https:\/\/kapitalis.com\/tunisie\/","name":"Kapitalis","description":"L&#039;actualit\u00e9 en Tunisie et dans le monde","publisher":{"@id":"https:\/\/kapitalis.com\/tunisie\/#organization"},"potentialAction":[{"@type":"SearchAction","target":{"@type":"EntryPoint","urlTemplate":"https:\/\/kapitalis.com\/tunisie\/?s={search_term_string}"},"query-input":{"@type":"PropertyValueSpecification","valueRequired":true,"valueName":"search_term_string"}}],"inLanguage":"fr-FR"},{"@type":"Organization","@id":"https:\/\/kapitalis.com\/tunisie\/#organization","name":"Kapitalis","url":"https:\/\/kapitalis.com\/tunisie\/","logo":{"@type":"ImageObject","inLanguage":"fr-FR","@id":"https:\/\/kapitalis.com\/tunisie\/#\/schema\/logo\/image\/","url":"https:\/\/kapitalis.com\/tunisie\/wp-content\/uploads\/2022\/05\/Kapitalis-big-size.png","contentUrl":"https:\/\/kapitalis.com\/tunisie\/wp-content\/uploads\/2022\/05\/Kapitalis-big-size.png","width":5000,"height":1500,"caption":"Kapitalis"},"image":{"@id":"https:\/\/kapitalis.com\/tunisie\/#\/schema\/logo\/image\/"},"sameAs":["https:\/\/www.facebook.com\/KapitalisInfo\/","https:\/\/x.com\/KapitalisInfo","https:\/\/www.youtube.com\/channel\/UC-yDYrHyfFBWWZaOw3FPg9Q"]},{"@type":"Person","@id":"https:\/\/kapitalis.com\/tunisie\/#\/schema\/person\/d71f33a9ca44f7bad4698210b480c8e9","name":"webmaster kapitalis","url":"https:\/\/kapitalis.com\/tunisie\/author\/webmaster-kapitalis\/"}]}},"_links":{"self":[{"href":"https:\/\/kapitalis.com\/tunisie\/wp-json\/wp\/v2\/posts\/15128412","targetHints":{"allow":["GET"]}}],"collection":[{"href":"https:\/\/kapitalis.com\/tunisie\/wp-json\/wp\/v2\/posts"}],"about":[{"href":"https:\/\/kapitalis.com\/tunisie\/wp-json\/wp\/v2\/types\/post"}],"author":[{"embeddable":true,"href":"https:\/\/kapitalis.com\/tunisie\/wp-json\/wp\/v2\/users\/8"}],"replies":[{"embeddable":true,"href":"https:\/\/kapitalis.com\/tunisie\/wp-json\/wp\/v2\/comments?post=15128412"}],"version-history":[{"count":1,"href":"https:\/\/kapitalis.com\/tunisie\/wp-json\/wp\/v2\/posts\/15128412\/revisions"}],"predecessor-version":[{"id":15128453,"href":"https:\/\/kapitalis.com\/tunisie\/wp-json\/wp\/v2\/posts\/15128412\/revisions\/15128453"}],"wp:featuredmedia":[{"embeddable":true,"href":"https:\/\/kapitalis.com\/tunisie\/wp-json\/wp\/v2\/media\/15128444"}],"wp:attachment":[{"href":"https:\/\/kapitalis.com\/tunisie\/wp-json\/wp\/v2\/media?parent=15128412"}],"wp:term":[{"taxonomy":"category","embeddable":true,"href":"https:\/\/kapitalis.com\/tunisie\/wp-json\/wp\/v2\/categories?post=15128412"},{"taxonomy":"post_tag","embeddable":true,"href":"https:\/\/kapitalis.com\/tunisie\/wp-json\/wp\/v2\/tags?post=15128412"}],"curies":[{"name":"wp","href":"https:\/\/api.w.org\/{rel}","templated":true}]}}