{"id":15130488,"date":"2025-01-08T17:16:29","date_gmt":"2025-01-08T16:16:29","guid":{"rendered":"https:\/\/kapitalis.com\/tunisie\/?p=15130488"},"modified":"2025-01-08T17:18:57","modified_gmt":"2025-01-08T16:18:57","slug":"nouveau-rejet-de-la-demande-de-liberation-de-fathi-dammak","status":"publish","type":"post","link":"https:\/\/kapitalis.com\/tunisie\/2025\/01\/08\/nouveau-rejet-de-la-demande-de-liberation-de-fathi-dammak\/","title":{"rendered":"Nouveau rejet de la demande de lib\u00e9ration de Fathi Dammak"},"content":{"rendered":"\n<p><strong><em>La Chambre criminelle sp\u00e9cialis\u00e9e dans les affaires de terrorisme a de nouveau refus\u00e9 de lib\u00e9rer l&rsquo;homme d&rsquo;affaires Fathi Dammak.<\/em><\/strong><\/p>\n\n\n\n<!--more-->\n\n\n\n<p>Selon Mosa\u00efque FM, il a \u00e9galement \u00e9t\u00e9 d\u00e9cid\u00e9 de reporter l\u2019audience au mois de f\u00e9vrier prochain dans le cadre d\u2019une affaire \u00e0 caract\u00e8re terroriste li\u00e9e \u00e0 la planification d&rsquo;une s\u00e9rie d&rsquo;assassinats visant des personnalit\u00e9s publiques.<\/p>\n\n\n\n<p>Rappelons par ailleurs qu\u2019en avril dernier, la chambre p\u00e9nale sp\u00e9cialis\u00e9e dans les affaires de terrorisme avait tenu la premi\u00e8re audience dans cette affaire \u00e9galement li\u00e9e au dossier de l\u2019assassinat de Chokri Bela\u00efd et impliquant 11 accus\u00e9s, comptant l\u2019homme d\u2019affaires en question et des s\u00e9curitaires, dont 4 en fuite et 6 autres qui comparaissent en \u00e9tat de libert\u00e9.<\/p>\n\n\n\n<p class=\"has-text-align-right\"><strong>Y. N.<\/strong><\/p>\n","protected":false},"excerpt":{"rendered":"<p>La Chambre criminelle sp\u00e9cialis\u00e9e dans les affaires de terrorisme a de nouveau refus\u00e9 de lib\u00e9rer l&rsquo;homme d&rsquo;affaires Fathi Dammak.<\/p>\n","protected":false},"author":6,"featured_media":12651582,"comment_status":"open","ping_status":"open","sticky":false,"template":"","format":"standard","meta":{"footnotes":""},"categories":[997,998,2433],"tags":[115343,116818,897,62643],"class_list":["post-15130488","post","type-post","status-publish","format-standard","has-post-thumbnail","hentry","category-politique","category-societe","category-tunisie","tag-fathi-dammak","tag-liberation-rejetee","tag-terrorisme","tag-tunisie"],"yoast_head":"<!-- This site is optimized with the Yoast SEO plugin v26.6 - https:\/\/yoast.com\/wordpress\/plugins\/seo\/ -->\n<title>Nouveau rejet de la demande de lib\u00e9ration de Fathi Dammak - Kapitalis<\/title>\n<meta name=\"robots\" content=\"index, follow, max-snippet:-1, max-image-preview:large, max-video-preview:-1\" \/>\n<link rel=\"canonical\" href=\"https:\/\/kapitalis.com\/tunisie\/2025\/01\/08\/nouveau-rejet-de-la-demande-de-liberation-de-fathi-dammak\/\" \/>\n<meta property=\"og:locale\" content=\"fr_FR\" \/>\n<meta property=\"og:type\" content=\"article\" \/>\n<meta property=\"og:title\" content=\"Nouveau rejet de la demande de lib\u00e9ration de Fathi Dammak - Kapitalis\" \/>\n<meta property=\"og:description\" content=\"La Chambre criminelle sp\u00e9cialis\u00e9e dans les affaires de terrorisme a de nouveau refus\u00e9 de lib\u00e9rer l&rsquo;homme d&rsquo;affaires Fathi Dammak.\" \/>\n<meta property=\"og:url\" content=\"https:\/\/kapitalis.com\/tunisie\/2025\/01\/08\/nouveau-rejet-de-la-demande-de-liberation-de-fathi-dammak\/\" \/>\n<meta property=\"og:site_name\" content=\"Kapitalis\" \/>\n<meta property=\"article:publisher\" content=\"https:\/\/www.facebook.com\/KapitalisInfo\/\" \/>\n<meta property=\"article:published_time\" content=\"2025-01-08T16:16:29+00:00\" \/>\n<meta property=\"article:modified_time\" content=\"2025-01-08T16:18:57+00:00\" \/>\n<meta property=\"og:image\" content=\"https:\/\/kapitalis.com\/tunisie\/wp-content\/uploads\/2024\/04\/Fathi-Dammak.jpg\" \/>\n\t<meta property=\"og:image:width\" content=\"1200\" \/>\n\t<meta property=\"og:image:height\" content=\"630\" \/>\n\t<meta property=\"og:image:type\" content=\"image\/jpeg\" \/>\n<meta name=\"author\" content=\"Yusra NY\" \/>\n<meta name=\"twitter:card\" content=\"summary_large_image\" \/>\n<meta name=\"twitter:creator\" content=\"@KapitalisInfo\" \/>\n<meta name=\"twitter:site\" content=\"@KapitalisInfo\" \/>\n<meta name=\"twitter:label1\" content=\"\u00c9crit par\" \/>\n\t<meta name=\"twitter:data1\" content=\"Yusra NY\" \/>\n\t<meta name=\"twitter:label2\" content=\"Dur\u00e9e de lecture estim\u00e9e\" \/>\n\t<meta name=\"twitter:data2\" content=\"1 minute\" \/>\n<script type=\"application\/ld+json\" class=\"yoast-schema-graph\">{\"@context\":\"https:\/\/schema.org\",\"@graph\":[{\"@type\":\"Article\",\"@id\":\"https:\/\/kapitalis.com\/tunisie\/2025\/01\/08\/nouveau-rejet-de-la-demande-de-liberation-de-fathi-dammak\/#article\",\"isPartOf\":{\"@id\":\"https:\/\/kapitalis.com\/tunisie\/2025\/01\/08\/nouveau-rejet-de-la-demande-de-liberation-de-fathi-dammak\/\"},\"author\":{\"name\":\"Yusra NY\",\"@id\":\"https:\/\/kapitalis.com\/tunisie\/#\/schema\/person\/74bbde0154d49d790a92aaeac5bc01d5\"},\"headline\":\"Nouveau rejet de la demande de lib\u00e9ration de Fathi Dammak\",\"datePublished\":\"2025-01-08T16:16:29+00:00\",\"dateModified\":\"2025-01-08T16:18:57+00:00\",\"mainEntityOfPage\":{\"@id\":\"https:\/\/kapitalis.com\/tunisie\/2025\/01\/08\/nouveau-rejet-de-la-demande-de-liberation-de-fathi-dammak\/\"},\"wordCount\":143,\"commentCount\":0,\"publisher\":{\"@id\":\"https:\/\/kapitalis.com\/tunisie\/#organization\"},\"image\":{\"@id\":\"https:\/\/kapitalis.com\/tunisie\/2025\/01\/08\/nouveau-rejet-de-la-demande-de-liberation-de-fathi-dammak\/#primaryimage\"},\"thumbnailUrl\":\"https:\/\/kapitalis.com\/tunisie\/wp-content\/uploads\/2024\/04\/Fathi-Dammak.jpg\",\"keywords\":[\"Fathi Dammak\",\"lib\u00e9ration rejet\u00e9e\",\"terrorisme\",\"Tunisie\"],\"articleSection\":[\"POLITIQUE\",\"SOCIETE\",\"Tunisie\"],\"inLanguage\":\"fr-FR\",\"potentialAction\":[{\"@type\":\"CommentAction\",\"name\":\"Comment\",\"target\":[\"https:\/\/kapitalis.com\/tunisie\/2025\/01\/08\/nouveau-rejet-de-la-demande-de-liberation-de-fathi-dammak\/#respond\"]}]},{\"@type\":\"WebPage\",\"@id\":\"https:\/\/kapitalis.com\/tunisie\/2025\/01\/08\/nouveau-rejet-de-la-demande-de-liberation-de-fathi-dammak\/\",\"url\":\"https:\/\/kapitalis.com\/tunisie\/2025\/01\/08\/nouveau-rejet-de-la-demande-de-liberation-de-fathi-dammak\/\",\"name\":\"Nouveau rejet de la demande de lib\u00e9ration de Fathi Dammak - Kapitalis\",\"isPartOf\":{\"@id\":\"https:\/\/kapitalis.com\/tunisie\/#website\"},\"primaryImageOfPage\":{\"@id\":\"https:\/\/kapitalis.com\/tunisie\/2025\/01\/08\/nouveau-rejet-de-la-demande-de-liberation-de-fathi-dammak\/#primaryimage\"},\"image\":{\"@id\":\"https:\/\/kapitalis.com\/tunisie\/2025\/01\/08\/nouveau-rejet-de-la-demande-de-liberation-de-fathi-dammak\/#primaryimage\"},\"thumbnailUrl\":\"https:\/\/kapitalis.com\/tunisie\/wp-content\/uploads\/2024\/04\/Fathi-Dammak.jpg\",\"datePublished\":\"2025-01-08T16:16:29+00:00\",\"dateModified\":\"2025-01-08T16:18:57+00:00\",\"breadcrumb\":{\"@id\":\"https:\/\/kapitalis.com\/tunisie\/2025\/01\/08\/nouveau-rejet-de-la-demande-de-liberation-de-fathi-dammak\/#breadcrumb\"},\"inLanguage\":\"fr-FR\",\"potentialAction\":[{\"@type\":\"ReadAction\",\"target\":[\"https:\/\/kapitalis.com\/tunisie\/2025\/01\/08\/nouveau-rejet-de-la-demande-de-liberation-de-fathi-dammak\/\"]}]},{\"@type\":\"ImageObject\",\"inLanguage\":\"fr-FR\",\"@id\":\"https:\/\/kapitalis.com\/tunisie\/2025\/01\/08\/nouveau-rejet-de-la-demande-de-liberation-de-fathi-dammak\/#primaryimage\",\"url\":\"https:\/\/kapitalis.com\/tunisie\/wp-content\/uploads\/2024\/04\/Fathi-Dammak.jpg\",\"contentUrl\":\"https:\/\/kapitalis.com\/tunisie\/wp-content\/uploads\/2024\/04\/Fathi-Dammak.jpg\",\"width\":1200,\"height\":630},{\"@type\":\"BreadcrumbList\",\"@id\":\"https:\/\/kapitalis.com\/tunisie\/2025\/01\/08\/nouveau-rejet-de-la-demande-de-liberation-de-fathi-dammak\/#breadcrumb\",\"itemListElement\":[{\"@type\":\"ListItem\",\"position\":1,\"name\":\"Accueil\",\"item\":\"https:\/\/kapitalis.com\/tunisie\/\"},{\"@type\":\"ListItem\",\"position\":2,\"name\":\"Nouveau rejet de la demande de lib\u00e9ration de Fathi Dammak\"}]},{\"@type\":\"WebSite\",\"@id\":\"https:\/\/kapitalis.com\/tunisie\/#website\",\"url\":\"https:\/\/kapitalis.com\/tunisie\/\",\"name\":\"Kapitalis\",\"description\":\"L&#039;actualit\u00e9 en Tunisie et dans le monde\",\"publisher\":{\"@id\":\"https:\/\/kapitalis.com\/tunisie\/#organization\"},\"potentialAction\":[{\"@type\":\"SearchAction\",\"target\":{\"@type\":\"EntryPoint\",\"urlTemplate\":\"https:\/\/kapitalis.com\/tunisie\/?s={search_term_string}\"},\"query-input\":{\"@type\":\"PropertyValueSpecification\",\"valueRequired\":true,\"valueName\":\"search_term_string\"}}],\"inLanguage\":\"fr-FR\"},{\"@type\":\"Organization\",\"@id\":\"https:\/\/kapitalis.com\/tunisie\/#organization\",\"name\":\"Kapitalis\",\"url\":\"https:\/\/kapitalis.com\/tunisie\/\",\"logo\":{\"@type\":\"ImageObject\",\"inLanguage\":\"fr-FR\",\"@id\":\"https:\/\/kapitalis.com\/tunisie\/#\/schema\/logo\/image\/\",\"url\":\"https:\/\/kapitalis.com\/tunisie\/wp-content\/uploads\/2022\/05\/Kapitalis-big-size.png\",\"contentUrl\":\"https:\/\/kapitalis.com\/tunisie\/wp-content\/uploads\/2022\/05\/Kapitalis-big-size.png\",\"width\":5000,\"height\":1500,\"caption\":\"Kapitalis\"},\"image\":{\"@id\":\"https:\/\/kapitalis.com\/tunisie\/#\/schema\/logo\/image\/\"},\"sameAs\":[\"https:\/\/www.facebook.com\/KapitalisInfo\/\",\"https:\/\/x.com\/KapitalisInfo\",\"https:\/\/www.youtube.com\/channel\/UC-yDYrHyfFBWWZaOw3FPg9Q\"]},{\"@type\":\"Person\",\"@id\":\"https:\/\/kapitalis.com\/tunisie\/#\/schema\/person\/74bbde0154d49d790a92aaeac5bc01d5\",\"name\":\"Yusra NY\",\"url\":\"https:\/\/kapitalis.com\/tunisie\/author\/yuza_adam\/\"}]}<\/script>\n<!-- \/ Yoast SEO plugin. -->","yoast_head_json":{"title":"Nouveau rejet de la demande de lib\u00e9ration de Fathi Dammak - Kapitalis","robots":{"index":"index","follow":"follow","max-snippet":"max-snippet:-1","max-image-preview":"max-image-preview:large","max-video-preview":"max-video-preview:-1"},"canonical":"https:\/\/kapitalis.com\/tunisie\/2025\/01\/08\/nouveau-rejet-de-la-demande-de-liberation-de-fathi-dammak\/","og_locale":"fr_FR","og_type":"article","og_title":"Nouveau rejet de la demande de lib\u00e9ration de Fathi Dammak - Kapitalis","og_description":"La Chambre criminelle sp\u00e9cialis\u00e9e dans les affaires de terrorisme a de nouveau refus\u00e9 de lib\u00e9rer l&rsquo;homme d&rsquo;affaires Fathi Dammak.","og_url":"https:\/\/kapitalis.com\/tunisie\/2025\/01\/08\/nouveau-rejet-de-la-demande-de-liberation-de-fathi-dammak\/","og_site_name":"Kapitalis","article_publisher":"https:\/\/www.facebook.com\/KapitalisInfo\/","article_published_time":"2025-01-08T16:16:29+00:00","article_modified_time":"2025-01-08T16:18:57+00:00","og_image":[{"width":1200,"height":630,"url":"https:\/\/kapitalis.com\/tunisie\/wp-content\/uploads\/2024\/04\/Fathi-Dammak.jpg","type":"image\/jpeg"}],"author":"Yusra NY","twitter_card":"summary_large_image","twitter_creator":"@KapitalisInfo","twitter_site":"@KapitalisInfo","twitter_misc":{"\u00c9crit par":"Yusra NY","Dur\u00e9e de lecture estim\u00e9e":"1 minute"},"schema":{"@context":"https:\/\/schema.org","@graph":[{"@type":"Article","@id":"https:\/\/kapitalis.com\/tunisie\/2025\/01\/08\/nouveau-rejet-de-la-demande-de-liberation-de-fathi-dammak\/#article","isPartOf":{"@id":"https:\/\/kapitalis.com\/tunisie\/2025\/01\/08\/nouveau-rejet-de-la-demande-de-liberation-de-fathi-dammak\/"},"author":{"name":"Yusra NY","@id":"https:\/\/kapitalis.com\/tunisie\/#\/schema\/person\/74bbde0154d49d790a92aaeac5bc01d5"},"headline":"Nouveau rejet de la demande de lib\u00e9ration de Fathi Dammak","datePublished":"2025-01-08T16:16:29+00:00","dateModified":"2025-01-08T16:18:57+00:00","mainEntityOfPage":{"@id":"https:\/\/kapitalis.com\/tunisie\/2025\/01\/08\/nouveau-rejet-de-la-demande-de-liberation-de-fathi-dammak\/"},"wordCount":143,"commentCount":0,"publisher":{"@id":"https:\/\/kapitalis.com\/tunisie\/#organization"},"image":{"@id":"https:\/\/kapitalis.com\/tunisie\/2025\/01\/08\/nouveau-rejet-de-la-demande-de-liberation-de-fathi-dammak\/#primaryimage"},"thumbnailUrl":"https:\/\/kapitalis.com\/tunisie\/wp-content\/uploads\/2024\/04\/Fathi-Dammak.jpg","keywords":["Fathi Dammak","lib\u00e9ration rejet\u00e9e","terrorisme","Tunisie"],"articleSection":["POLITIQUE","SOCIETE","Tunisie"],"inLanguage":"fr-FR","potentialAction":[{"@type":"CommentAction","name":"Comment","target":["https:\/\/kapitalis.com\/tunisie\/2025\/01\/08\/nouveau-rejet-de-la-demande-de-liberation-de-fathi-dammak\/#respond"]}]},{"@type":"WebPage","@id":"https:\/\/kapitalis.com\/tunisie\/2025\/01\/08\/nouveau-rejet-de-la-demande-de-liberation-de-fathi-dammak\/","url":"https:\/\/kapitalis.com\/tunisie\/2025\/01\/08\/nouveau-rejet-de-la-demande-de-liberation-de-fathi-dammak\/","name":"Nouveau rejet de la demande de lib\u00e9ration de Fathi Dammak - Kapitalis","isPartOf":{"@id":"https:\/\/kapitalis.com\/tunisie\/#website"},"primaryImageOfPage":{"@id":"https:\/\/kapitalis.com\/tunisie\/2025\/01\/08\/nouveau-rejet-de-la-demande-de-liberation-de-fathi-dammak\/#primaryimage"},"image":{"@id":"https:\/\/kapitalis.com\/tunisie\/2025\/01\/08\/nouveau-rejet-de-la-demande-de-liberation-de-fathi-dammak\/#primaryimage"},"thumbnailUrl":"https:\/\/kapitalis.com\/tunisie\/wp-content\/uploads\/2024\/04\/Fathi-Dammak.jpg","datePublished":"2025-01-08T16:16:29+00:00","dateModified":"2025-01-08T16:18:57+00:00","breadcrumb":{"@id":"https:\/\/kapitalis.com\/tunisie\/2025\/01\/08\/nouveau-rejet-de-la-demande-de-liberation-de-fathi-dammak\/#breadcrumb"},"inLanguage":"fr-FR","potentialAction":[{"@type":"ReadAction","target":["https:\/\/kapitalis.com\/tunisie\/2025\/01\/08\/nouveau-rejet-de-la-demande-de-liberation-de-fathi-dammak\/"]}]},{"@type":"ImageObject","inLanguage":"fr-FR","@id":"https:\/\/kapitalis.com\/tunisie\/2025\/01\/08\/nouveau-rejet-de-la-demande-de-liberation-de-fathi-dammak\/#primaryimage","url":"https:\/\/kapitalis.com\/tunisie\/wp-content\/uploads\/2024\/04\/Fathi-Dammak.jpg","contentUrl":"https:\/\/kapitalis.com\/tunisie\/wp-content\/uploads\/2024\/04\/Fathi-Dammak.jpg","width":1200,"height":630},{"@type":"BreadcrumbList","@id":"https:\/\/kapitalis.com\/tunisie\/2025\/01\/08\/nouveau-rejet-de-la-demande-de-liberation-de-fathi-dammak\/#breadcrumb","itemListElement":[{"@type":"ListItem","position":1,"name":"Accueil","item":"https:\/\/kapitalis.com\/tunisie\/"},{"@type":"ListItem","position":2,"name":"Nouveau rejet de la demande de lib\u00e9ration de Fathi Dammak"}]},{"@type":"WebSite","@id":"https:\/\/kapitalis.com\/tunisie\/#website","url":"https:\/\/kapitalis.com\/tunisie\/","name":"Kapitalis","description":"L&#039;actualit\u00e9 en Tunisie et dans le monde","publisher":{"@id":"https:\/\/kapitalis.com\/tunisie\/#organization"},"potentialAction":[{"@type":"SearchAction","target":{"@type":"EntryPoint","urlTemplate":"https:\/\/kapitalis.com\/tunisie\/?s={search_term_string}"},"query-input":{"@type":"PropertyValueSpecification","valueRequired":true,"valueName":"search_term_string"}}],"inLanguage":"fr-FR"},{"@type":"Organization","@id":"https:\/\/kapitalis.com\/tunisie\/#organization","name":"Kapitalis","url":"https:\/\/kapitalis.com\/tunisie\/","logo":{"@type":"ImageObject","inLanguage":"fr-FR","@id":"https:\/\/kapitalis.com\/tunisie\/#\/schema\/logo\/image\/","url":"https:\/\/kapitalis.com\/tunisie\/wp-content\/uploads\/2022\/05\/Kapitalis-big-size.png","contentUrl":"https:\/\/kapitalis.com\/tunisie\/wp-content\/uploads\/2022\/05\/Kapitalis-big-size.png","width":5000,"height":1500,"caption":"Kapitalis"},"image":{"@id":"https:\/\/kapitalis.com\/tunisie\/#\/schema\/logo\/image\/"},"sameAs":["https:\/\/www.facebook.com\/KapitalisInfo\/","https:\/\/x.com\/KapitalisInfo","https:\/\/www.youtube.com\/channel\/UC-yDYrHyfFBWWZaOw3FPg9Q"]},{"@type":"Person","@id":"https:\/\/kapitalis.com\/tunisie\/#\/schema\/person\/74bbde0154d49d790a92aaeac5bc01d5","name":"Yusra NY","url":"https:\/\/kapitalis.com\/tunisie\/author\/yuza_adam\/"}]}},"_links":{"self":[{"href":"https:\/\/kapitalis.com\/tunisie\/wp-json\/wp\/v2\/posts\/15130488","targetHints":{"allow":["GET"]}}],"collection":[{"href":"https:\/\/kapitalis.com\/tunisie\/wp-json\/wp\/v2\/posts"}],"about":[{"href":"https:\/\/kapitalis.com\/tunisie\/wp-json\/wp\/v2\/types\/post"}],"author":[{"embeddable":true,"href":"https:\/\/kapitalis.com\/tunisie\/wp-json\/wp\/v2\/users\/6"}],"replies":[{"embeddable":true,"href":"https:\/\/kapitalis.com\/tunisie\/wp-json\/wp\/v2\/comments?post=15130488"}],"version-history":[{"count":2,"href":"https:\/\/kapitalis.com\/tunisie\/wp-json\/wp\/v2\/posts\/15130488\/revisions"}],"predecessor-version":[{"id":15130510,"href":"https:\/\/kapitalis.com\/tunisie\/wp-json\/wp\/v2\/posts\/15130488\/revisions\/15130510"}],"wp:featuredmedia":[{"embeddable":true,"href":"https:\/\/kapitalis.com\/tunisie\/wp-json\/wp\/v2\/media\/12651582"}],"wp:attachment":[{"href":"https:\/\/kapitalis.com\/tunisie\/wp-json\/wp\/v2\/media?parent=15130488"}],"wp:term":[{"taxonomy":"category","embeddable":true,"href":"https:\/\/kapitalis.com\/tunisie\/wp-json\/wp\/v2\/categories?post=15130488"},{"taxonomy":"post_tag","embeddable":true,"href":"https:\/\/kapitalis.com\/tunisie\/wp-json\/wp\/v2\/tags?post=15130488"}],"curies":[{"name":"wp","href":"https:\/\/api.w.org\/{rel}","templated":true}]}}