{"id":15136215,"date":"2025-01-09T11:03:32","date_gmt":"2025-01-09T10:03:32","guid":{"rendered":"https:\/\/kapitalis.com\/tunisie\/?p=15136215"},"modified":"2025-01-09T11:56:56","modified_gmt":"2025-01-09T10:56:56","slug":"le-syrien-al-joulani-a-t-il-trempe-dans-lassassinat-de-mohamed-brahmi","status":"publish","type":"post","link":"https:\/\/kapitalis.com\/tunisie\/2025\/01\/09\/le-syrien-al-joulani-a-t-il-trempe-dans-lassassinat-de-mohamed-brahmi\/","title":{"rendered":"Le Syrien Al-Joulani a-t-il tremp\u00e9 dans l\u2019assassinat de Mohamed Brahmi\u00a0?"},"content":{"rendered":"\n<p><strong><em>L\u2019actuel homme fort en Syrie, Ahmed Al-Charaa alias Abu Muhammad Al-Joulani, a-t-il tremp\u00e9 dans des attentats terroristes en Tunisie&nbsp;? Des \u00e9l\u00e9ments d\u2019information contenus dans une enqu\u00eate intitul\u00e9e <a href=\"https:\/\/kapitalis.com\/tunisie\/2017\/04\/29\/assassinat-de-belaid-les-dessous-dun-crime-islamiste-7e-partie-article-2\/\" target=\"_blank\" rel=\"noreferrer noopener\">\u00abAssassinat de Belaid&nbsp;: les dessous d\u2019un crime islamiste\u00bb<\/a>, publi\u00e9e par Kapitalis en 2017, laissent planer des soup\u00e7ons \u00e0 ce sujet.<\/em><\/strong><\/p>\n\n\n\n<p><strong>Imed Bahri<\/strong><\/p>\n\n\n\n<!--more-->\n\n\n\n<p>L\u2019actuel chef de Hayat Tahrir Al-Cham, en costume cravate, qui re\u00e7oit \u00e0 Damas les envoy\u00e9s sp\u00e9ciaux des principaux dirigeants du monde, est un ancien dirigeant d\u2019Al-Qa\u00efda en Irak avant rompre avec Aboui Baker Al-Baghdadi et de cr\u00e9er Jabhat Al-Nosra en Syrie. Ces deux groupes jihadistes ont s\u00e9vi pendant de longues ann\u00e9es dans ces deux pays et ont assassin\u00e9 des dizaines de milliers de personnes. Cela, on le sait, mais ce que l\u2019on sait moins, mais que l\u2019on devine ais\u00e9ment, c\u2019est qu\u2019Al-Joulani \u00e9tait, en tant que chef d\u2019un groupe jihadiste, en contact avec des jihadistes ayant s\u00e9vi dans toute la r\u00e9gion, et notamment en Tunisie.<\/p>\n\n\n\n<p>L\u2019enqu\u00eate r\u00e9alis\u00e9e par notre coll\u00e8gue Abdellatif Ben Salem et publi\u00e9e en 2017 par Kapitalis \u00e9tablit en tout cas des liens entre Abu Muhammad Al-Joulani et plusieurs \u00e9l\u00e9ments jihadistes tunisiens, notamment Abou Baker El-Hakim et Ahmed Melki, alias Al-Somali, qui sont impliqu\u00e9s dans les assassinats, \u00e0 Tunis, des dirigeants de gauche Chokri Bela\u00efd, le 6 f\u00e9vrier 2013, et Mohamed Brahmi, le 25 juillet de la m\u00eame ann\u00e9e. &nbsp;&nbsp;&nbsp;&nbsp;&nbsp;&nbsp;&nbsp;<\/p>\n\n\n\n<p><em>\u00abAhmed El-Melki (1979, Mellassine), alias \u00abAl-Somali\u00bb \u2013 propri\u00e9taire d\u2019un magasin de rev\u00eatement pour salons \u00e0 Cit\u00e9 El-Ghazela. est l\u2019un des terroristes les plus embl\u00e9matiques de la sph\u00e8re jihadiste en Tunisie\u00bb<\/em>, \u00e9crit Ben Salem dans son enqu\u00eate. Ce <em>\u00abv\u00e9ritable factotum du terrorisme local global (\u2026) a connu de tr\u00e8s pr\u00e8s, au hasard des planques, presque tous les protagonistes de premier plan des assassinats politiques et des attentats qui ont marqu\u00e9 profond\u00e9ment l\u2019histoire imm\u00e9diate de notre pays\u00bb<\/em>, \u00e9crit encore Ben Salem, ajoutant qu\u2019Al-Somali <em>\u00aba lui-m\u00eame servi d\u2019app\u00e2t pour attirer le d\u00e9put\u00e9 de la Constituante Mohamed Brahmi dans le pi\u00e8ge mortel\u00bb<\/em>.<\/p>\n\n\n\n<p>Membre du groupe Ansar Charia, fond\u00e9 et dirig\u00e9 par Seifallah Ben Hassine alias Abou Iyadh, Melki voyage en Syrie, en 2013. <em>\u00abA Lattaqui\u00e9, il fut recommand\u00e9 aupr\u00e8s du Syrien Al-Jawl\u00e2ni, \u00e9mir de Jabhat Al-Nosra, qui a facilit\u00e9 son transit vers un camp d\u2019entra\u00eenement militaire o\u00f9 il a \u00e9t\u00e9 form\u00e9 au maniement et au d\u00e9montage des armes comme le fusil d\u2019assaut Kalachnikov, la PK, le RPG et les grenades \u00e0 main\u00bb<\/em>, \u00e9crit Ben Salem. Qui ajoute&nbsp;: <em>\u00abApr\u00e8s cinq mois pass\u00e9s en Syrie, il retourne <\/em>[\u00e0 Tunis] <em>le 1<sup>er<\/sup> juillet 2013. Il participera \u00e0 l\u2019assassinat de Mohamed Brahmi, le 25 juillet de la m\u00eame ann\u00e9e et la suite est une cavale de refuge en refuge pour \u00e9chapper \u00e0 la traque des forces de s\u00e9curit\u00e9 jusqu\u2019\u00e0 la nuit fatidique du 4 novembre <\/em>[2014]<em> o\u00f9 il tomba piteusement, quand les unit\u00e9s antiterroristes firent irruption, accueillis par des rafales de PK, dans un garage \u00e0 Borj Louzir\u00bb<\/em>.<\/p>\n\n\n\n<p>Ahmed El-Melki, rappelons-le, a \u00e9t\u00e9 condamn\u00e9, le 22 f\u00e9vrier 2017, par le tribunal de premi\u00e8re instance de Tunis, \u00e0 <a href=\"https:\/\/kapitalis.com\/tunisie\/2017\/02\/23\/terrorisme-somali-condamne-a-24-ans-de-prison-ferme\/\" target=\"_blank\" rel=\"noreferrer noopener\">24 ans de prison<\/a> pour appartenance \u00e0 un groupe terroriste, pour <em>\u00abfourniture de service d\u2019expertise \u00e0 une organisation en lien avec un entreprise terroriste, fourniture d\u2019armes et de formation militaire.\u00bb <\/em>Et<em> <\/em>il fera parler de lui le 31 octobre 2023, en s\u2019\u00e9vadant de la prison civile de Mornaguia, avec quatre autres \u00e9l\u00e9ments terroristes&nbsp;: Raed Touati, Ameur Belazi, Nader Ghanmi et Alaeddine Ghazouani. Il sera <a href=\"https:\/\/kapitalis.com\/tunisie\/2023\/11\/05\/tunisie-arrestation-du-terroriste-ahmed-melki-evade-de-prison-il-y-a-4-jours\/\" target=\"_blank\" rel=\"noreferrer noopener\">arr\u00eat\u00e9 le 5 novembre<\/a>, \u00e0 la cit\u00e9 Ettadhamen, apr\u00e8s une cavale de cinq jours. &nbsp;&nbsp;<\/p>\n\n\n\n<p>Certes, on ne peut pas dire qu\u2019Ahmed Al-Charaa alias Abu Muhammad Al-Joulani a tremp\u00e9 dans des attentats terroristes en Tunisie ou qu\u2019il en a \u00e9t\u00e9 l\u2019un des commanditaires. Seule une enqu\u00eate judiciaire peut confirmer ou infirmer de tels soup\u00e7ons. Mais le fait que Somali \u00e9tait <em>\u00abl\u2019h\u00f4te\u00bb<\/em> du chef jihadiste syrien quelques semaines seulement avant l\u2019assassinat de Brahmi autorise quelques soup\u00e7ons. Et ces soup\u00e7ons sont d&rsquo;autant plus l\u00e9gitimes que feu Mohamed Brahmi \u00e9tait un nationaliste arabe notoire et, \u00e0 l&rsquo;\u00e9poque o\u00f9 il a \u00e9t\u00e9 assassin\u00e9, il ne faisait pas myst\u00e8re de son ferme soutien au r\u00e9gime de Bachar Al-Assad et de sa forte hostilit\u00e9 aux groupes islamistes qui cherchaient \u00e0 destituer ce dernier. D&rsquo;ailleurs, il ne cessait de d\u00e9noncer publiquement les tentatives d&rsquo;infiltration des groupes jihadistes et de leurs camps d&rsquo;entra\u00eenement secrets en Tunisie.<\/p>\n\n\n\n<p>Un autre \u00e9l\u00e9ment important m\u00e9rite d&rsquo;\u00eatre ajout\u00e9 \u00e0 ce dossier : les renseignements am\u00e9ricains ont fait parvenir aux autorit\u00e9s s\u00e9curitaires tunisiennes une alerte relative \u00e0 un projet d&rsquo;assassinat de Brahmi, et ce quinze jours apr\u00e8s le retour de Melki de Syrie et dix jours avant le meurtre du d\u00e9put\u00e9. L&rsquo;alerte n&rsquo;a malheureusement pas \u00e9t\u00e9 prise au s\u00e9rieux ou a \u00e9t\u00e9 sciemment n\u00e9glig\u00e9e. <\/p>\n\n\n\n<p>Trop de co\u00efncidences \u00e0 la fois, sachant que les groupes jihadistes au Moyen-Orient \u00e9taient de tout temps infiltr\u00e9s par la CIA et les autres services occidentaux, qui ne s&rsquo;interdisaient pas, d&rsquo;ailleurs, de parfois les utiliser&#8230;<\/p>\n\n\n\n<figure class=\"wp-block-embed is-type-wp-embed is-provider-kapitalis wp-block-embed-kapitalis\"><div class=\"wp-block-embed__wrapper\">\n<blockquote class=\"wp-embedded-content\" data-secret=\"etvDfeBej3\"><a href=\"https:\/\/kapitalis.com\/tunisie\/2017\/04\/29\/assassinat-de-belaid-les-dessous-dun-crime-islamiste-7e-partie-article-2\/\">Assassinat de Belaid : Les dessous d\u2019un crime islamiste (7e partie, article 2)<\/a><\/blockquote><iframe loading=\"lazy\" class=\"wp-embedded-content\" sandbox=\"allow-scripts\" security=\"restricted\" style=\"position: absolute; visibility: hidden;\" title=\"\u00ab\u00a0Assassinat de Belaid : Les dessous d\u2019un crime islamiste (7e partie, article 2)\u00a0\u00bb &#8212; Kapitalis\" src=\"https:\/\/kapitalis.com\/tunisie\/2017\/04\/29\/assassinat-de-belaid-les-dessous-dun-crime-islamiste-7e-partie-article-2\/embed\/#?secret=143M4LCo6Q#?secret=etvDfeBej3\" data-secret=\"etvDfeBej3\" width=\"600\" height=\"338\" frameborder=\"0\" marginwidth=\"0\" marginheight=\"0\" scrolling=\"no\"><\/iframe>\n<\/div><\/figure>\n\n\n\n<p><\/p>\n","protected":false},"excerpt":{"rendered":"<p>L\u2019actuel homme fort en Syrie, Ahmed Al-Charaa alias Abu Muhammad Al-Joulani, a-t-il tremp\u00e9 dans des attentats terroristes en Tunisie\u00a0?<\/p>\n","protected":false},"author":8,"featured_media":15136320,"comment_status":"open","ping_status":"open","sticky":false,"template":"","format":"standard","meta":{"footnotes":""},"categories":[992,997,2433],"tags":[81300,120030,120028,120029,111929,120027,80570,119422,4392,625,873],"class_list":["post-15136215","post","type-post","status-publish","format-standard","has-post-thumbnail","hentry","category-a-la-une","category-politique","category-tunisie","tag-abdellatif-ben-salem","tag-abou-baker-el-hakim","tag-abu-muhammad-al-joulani","tag-ahmed-al-charaa","tag-ahmed-melki","tag-al-somali","tag-chokri-belaid-2","tag-hayat-tahrir-al-cham","tag-jabhat-al-nosra","tag-mohamed-brahmi","tag-syrie"],"yoast_head":"<!-- This site is optimized with the Yoast SEO plugin v26.6 - https:\/\/yoast.com\/wordpress\/plugins\/seo\/ -->\n<title>Le Syrien Al-Joulani a-t-il tremp\u00e9 dans l\u2019assassinat de Mohamed Brahmi\u00a0? - Kapitalis<\/title>\n<meta name=\"robots\" content=\"index, follow, max-snippet:-1, max-image-preview:large, max-video-preview:-1\" \/>\n<link rel=\"canonical\" href=\"https:\/\/kapitalis.com\/tunisie\/2025\/01\/09\/le-syrien-al-joulani-a-t-il-trempe-dans-lassassinat-de-mohamed-brahmi\/\" \/>\n<meta property=\"og:locale\" content=\"fr_FR\" \/>\n<meta property=\"og:type\" content=\"article\" \/>\n<meta property=\"og:title\" content=\"Le Syrien Al-Joulani a-t-il tremp\u00e9 dans l\u2019assassinat de Mohamed Brahmi\u00a0? - Kapitalis\" \/>\n<meta property=\"og:description\" content=\"L\u2019actuel homme fort en Syrie, Ahmed Al-Charaa alias Abu Muhammad Al-Joulani, a-t-il tremp\u00e9 dans des attentats terroristes en Tunisie\u00a0?\" \/>\n<meta property=\"og:url\" content=\"https:\/\/kapitalis.com\/tunisie\/2025\/01\/09\/le-syrien-al-joulani-a-t-il-trempe-dans-lassassinat-de-mohamed-brahmi\/\" \/>\n<meta property=\"og:site_name\" content=\"Kapitalis\" \/>\n<meta property=\"article:publisher\" content=\"https:\/\/www.facebook.com\/KapitalisInfo\/\" \/>\n<meta property=\"article:published_time\" content=\"2025-01-09T10:03:32+00:00\" \/>\n<meta property=\"article:modified_time\" content=\"2025-01-09T10:56:56+00:00\" \/>\n<meta property=\"og:image\" content=\"https:\/\/kapitalis.com\/tunisie\/wp-content\/uploads\/2025\/01\/Ahmed-Al-Joulani-Mohamed-Brahmi.jpg\" \/>\n\t<meta property=\"og:image:width\" content=\"1200\" \/>\n\t<meta property=\"og:image:height\" content=\"630\" \/>\n\t<meta property=\"og:image:type\" content=\"image\/jpeg\" \/>\n<meta name=\"author\" content=\"webmaster kapitalis\" \/>\n<meta name=\"twitter:card\" content=\"summary_large_image\" \/>\n<meta name=\"twitter:creator\" content=\"@KapitalisInfo\" \/>\n<meta name=\"twitter:site\" content=\"@KapitalisInfo\" \/>\n<meta name=\"twitter:label1\" content=\"\u00c9crit par\" \/>\n\t<meta name=\"twitter:data1\" content=\"webmaster kapitalis\" \/>\n\t<meta name=\"twitter:label2\" content=\"Dur\u00e9e de lecture estim\u00e9e\" \/>\n\t<meta name=\"twitter:data2\" content=\"5 minutes\" \/>\n<script type=\"application\/ld+json\" class=\"yoast-schema-graph\">{\"@context\":\"https:\/\/schema.org\",\"@graph\":[{\"@type\":\"Article\",\"@id\":\"https:\/\/kapitalis.com\/tunisie\/2025\/01\/09\/le-syrien-al-joulani-a-t-il-trempe-dans-lassassinat-de-mohamed-brahmi\/#article\",\"isPartOf\":{\"@id\":\"https:\/\/kapitalis.com\/tunisie\/2025\/01\/09\/le-syrien-al-joulani-a-t-il-trempe-dans-lassassinat-de-mohamed-brahmi\/\"},\"author\":{\"name\":\"webmaster kapitalis\",\"@id\":\"https:\/\/kapitalis.com\/tunisie\/#\/schema\/person\/d71f33a9ca44f7bad4698210b480c8e9\"},\"headline\":\"Le Syrien Al-Joulani a-t-il tremp\u00e9 dans l\u2019assassinat de Mohamed Brahmi\u00a0?\",\"datePublished\":\"2025-01-09T10:03:32+00:00\",\"dateModified\":\"2025-01-09T10:56:56+00:00\",\"mainEntityOfPage\":{\"@id\":\"https:\/\/kapitalis.com\/tunisie\/2025\/01\/09\/le-syrien-al-joulani-a-t-il-trempe-dans-lassassinat-de-mohamed-brahmi\/\"},\"wordCount\":894,\"commentCount\":0,\"publisher\":{\"@id\":\"https:\/\/kapitalis.com\/tunisie\/#organization\"},\"image\":{\"@id\":\"https:\/\/kapitalis.com\/tunisie\/2025\/01\/09\/le-syrien-al-joulani-a-t-il-trempe-dans-lassassinat-de-mohamed-brahmi\/#primaryimage\"},\"thumbnailUrl\":\"https:\/\/kapitalis.com\/tunisie\/wp-content\/uploads\/2025\/01\/Ahmed-Al-Joulani-Mohamed-Brahmi.jpg\",\"keywords\":[\"Abdellatif Ben Salem\",\"Abou Baker El-Hakim\",\"Abu Muhammad Al-Joulani\",\"Ahmed Al-Charaa\",\"Ahmed Melki\",\"Al-Somali\",\"chokri bela\u00efd\",\"Hayat Tahrir al-Cham\",\"Jabhat Al-Nosra\",\"Mohamed Brahmi\",\"Syrie\"],\"articleSection\":[\"A LA UNE\",\"POLITIQUE\",\"Tunisie\"],\"inLanguage\":\"fr-FR\",\"potentialAction\":[{\"@type\":\"CommentAction\",\"name\":\"Comment\",\"target\":[\"https:\/\/kapitalis.com\/tunisie\/2025\/01\/09\/le-syrien-al-joulani-a-t-il-trempe-dans-lassassinat-de-mohamed-brahmi\/#respond\"]}]},{\"@type\":\"WebPage\",\"@id\":\"https:\/\/kapitalis.com\/tunisie\/2025\/01\/09\/le-syrien-al-joulani-a-t-il-trempe-dans-lassassinat-de-mohamed-brahmi\/\",\"url\":\"https:\/\/kapitalis.com\/tunisie\/2025\/01\/09\/le-syrien-al-joulani-a-t-il-trempe-dans-lassassinat-de-mohamed-brahmi\/\",\"name\":\"Le Syrien Al-Joulani a-t-il tremp\u00e9 dans l\u2019assassinat de Mohamed Brahmi\u00a0? - Kapitalis\",\"isPartOf\":{\"@id\":\"https:\/\/kapitalis.com\/tunisie\/#website\"},\"primaryImageOfPage\":{\"@id\":\"https:\/\/kapitalis.com\/tunisie\/2025\/01\/09\/le-syrien-al-joulani-a-t-il-trempe-dans-lassassinat-de-mohamed-brahmi\/#primaryimage\"},\"image\":{\"@id\":\"https:\/\/kapitalis.com\/tunisie\/2025\/01\/09\/le-syrien-al-joulani-a-t-il-trempe-dans-lassassinat-de-mohamed-brahmi\/#primaryimage\"},\"thumbnailUrl\":\"https:\/\/kapitalis.com\/tunisie\/wp-content\/uploads\/2025\/01\/Ahmed-Al-Joulani-Mohamed-Brahmi.jpg\",\"datePublished\":\"2025-01-09T10:03:32+00:00\",\"dateModified\":\"2025-01-09T10:56:56+00:00\",\"breadcrumb\":{\"@id\":\"https:\/\/kapitalis.com\/tunisie\/2025\/01\/09\/le-syrien-al-joulani-a-t-il-trempe-dans-lassassinat-de-mohamed-brahmi\/#breadcrumb\"},\"inLanguage\":\"fr-FR\",\"potentialAction\":[{\"@type\":\"ReadAction\",\"target\":[\"https:\/\/kapitalis.com\/tunisie\/2025\/01\/09\/le-syrien-al-joulani-a-t-il-trempe-dans-lassassinat-de-mohamed-brahmi\/\"]}]},{\"@type\":\"ImageObject\",\"inLanguage\":\"fr-FR\",\"@id\":\"https:\/\/kapitalis.com\/tunisie\/2025\/01\/09\/le-syrien-al-joulani-a-t-il-trempe-dans-lassassinat-de-mohamed-brahmi\/#primaryimage\",\"url\":\"https:\/\/kapitalis.com\/tunisie\/wp-content\/uploads\/2025\/01\/Ahmed-Al-Joulani-Mohamed-Brahmi.jpg\",\"contentUrl\":\"https:\/\/kapitalis.com\/tunisie\/wp-content\/uploads\/2025\/01\/Ahmed-Al-Joulani-Mohamed-Brahmi.jpg\",\"width\":1200,\"height\":630},{\"@type\":\"BreadcrumbList\",\"@id\":\"https:\/\/kapitalis.com\/tunisie\/2025\/01\/09\/le-syrien-al-joulani-a-t-il-trempe-dans-lassassinat-de-mohamed-brahmi\/#breadcrumb\",\"itemListElement\":[{\"@type\":\"ListItem\",\"position\":1,\"name\":\"Accueil\",\"item\":\"https:\/\/kapitalis.com\/tunisie\/\"},{\"@type\":\"ListItem\",\"position\":2,\"name\":\"Le Syrien Al-Joulani a-t-il tremp\u00e9 dans l\u2019assassinat de Mohamed Brahmi\u00a0?\"}]},{\"@type\":\"WebSite\",\"@id\":\"https:\/\/kapitalis.com\/tunisie\/#website\",\"url\":\"https:\/\/kapitalis.com\/tunisie\/\",\"name\":\"Kapitalis\",\"description\":\"L&#039;actualit\u00e9 en Tunisie et dans le monde\",\"publisher\":{\"@id\":\"https:\/\/kapitalis.com\/tunisie\/#organization\"},\"potentialAction\":[{\"@type\":\"SearchAction\",\"target\":{\"@type\":\"EntryPoint\",\"urlTemplate\":\"https:\/\/kapitalis.com\/tunisie\/?s={search_term_string}\"},\"query-input\":{\"@type\":\"PropertyValueSpecification\",\"valueRequired\":true,\"valueName\":\"search_term_string\"}}],\"inLanguage\":\"fr-FR\"},{\"@type\":\"Organization\",\"@id\":\"https:\/\/kapitalis.com\/tunisie\/#organization\",\"name\":\"Kapitalis\",\"url\":\"https:\/\/kapitalis.com\/tunisie\/\",\"logo\":{\"@type\":\"ImageObject\",\"inLanguage\":\"fr-FR\",\"@id\":\"https:\/\/kapitalis.com\/tunisie\/#\/schema\/logo\/image\/\",\"url\":\"https:\/\/kapitalis.com\/tunisie\/wp-content\/uploads\/2022\/05\/Kapitalis-big-size.png\",\"contentUrl\":\"https:\/\/kapitalis.com\/tunisie\/wp-content\/uploads\/2022\/05\/Kapitalis-big-size.png\",\"width\":5000,\"height\":1500,\"caption\":\"Kapitalis\"},\"image\":{\"@id\":\"https:\/\/kapitalis.com\/tunisie\/#\/schema\/logo\/image\/\"},\"sameAs\":[\"https:\/\/www.facebook.com\/KapitalisInfo\/\",\"https:\/\/x.com\/KapitalisInfo\",\"https:\/\/www.youtube.com\/channel\/UC-yDYrHyfFBWWZaOw3FPg9Q\"]},{\"@type\":\"Person\",\"@id\":\"https:\/\/kapitalis.com\/tunisie\/#\/schema\/person\/d71f33a9ca44f7bad4698210b480c8e9\",\"name\":\"webmaster kapitalis\",\"url\":\"https:\/\/kapitalis.com\/tunisie\/author\/webmaster-kapitalis\/\"}]}<\/script>\n<!-- \/ Yoast SEO plugin. -->","yoast_head_json":{"title":"Le Syrien Al-Joulani a-t-il tremp\u00e9 dans l\u2019assassinat de Mohamed Brahmi\u00a0? - Kapitalis","robots":{"index":"index","follow":"follow","max-snippet":"max-snippet:-1","max-image-preview":"max-image-preview:large","max-video-preview":"max-video-preview:-1"},"canonical":"https:\/\/kapitalis.com\/tunisie\/2025\/01\/09\/le-syrien-al-joulani-a-t-il-trempe-dans-lassassinat-de-mohamed-brahmi\/","og_locale":"fr_FR","og_type":"article","og_title":"Le Syrien Al-Joulani a-t-il tremp\u00e9 dans l\u2019assassinat de Mohamed Brahmi\u00a0? - Kapitalis","og_description":"L\u2019actuel homme fort en Syrie, Ahmed Al-Charaa alias Abu Muhammad Al-Joulani, a-t-il tremp\u00e9 dans des attentats terroristes en Tunisie\u00a0?","og_url":"https:\/\/kapitalis.com\/tunisie\/2025\/01\/09\/le-syrien-al-joulani-a-t-il-trempe-dans-lassassinat-de-mohamed-brahmi\/","og_site_name":"Kapitalis","article_publisher":"https:\/\/www.facebook.com\/KapitalisInfo\/","article_published_time":"2025-01-09T10:03:32+00:00","article_modified_time":"2025-01-09T10:56:56+00:00","og_image":[{"width":1200,"height":630,"url":"https:\/\/kapitalis.com\/tunisie\/wp-content\/uploads\/2025\/01\/Ahmed-Al-Joulani-Mohamed-Brahmi.jpg","type":"image\/jpeg"}],"author":"webmaster kapitalis","twitter_card":"summary_large_image","twitter_creator":"@KapitalisInfo","twitter_site":"@KapitalisInfo","twitter_misc":{"\u00c9crit par":"webmaster kapitalis","Dur\u00e9e de lecture estim\u00e9e":"5 minutes"},"schema":{"@context":"https:\/\/schema.org","@graph":[{"@type":"Article","@id":"https:\/\/kapitalis.com\/tunisie\/2025\/01\/09\/le-syrien-al-joulani-a-t-il-trempe-dans-lassassinat-de-mohamed-brahmi\/#article","isPartOf":{"@id":"https:\/\/kapitalis.com\/tunisie\/2025\/01\/09\/le-syrien-al-joulani-a-t-il-trempe-dans-lassassinat-de-mohamed-brahmi\/"},"author":{"name":"webmaster kapitalis","@id":"https:\/\/kapitalis.com\/tunisie\/#\/schema\/person\/d71f33a9ca44f7bad4698210b480c8e9"},"headline":"Le Syrien Al-Joulani a-t-il tremp\u00e9 dans l\u2019assassinat de Mohamed Brahmi\u00a0?","datePublished":"2025-01-09T10:03:32+00:00","dateModified":"2025-01-09T10:56:56+00:00","mainEntityOfPage":{"@id":"https:\/\/kapitalis.com\/tunisie\/2025\/01\/09\/le-syrien-al-joulani-a-t-il-trempe-dans-lassassinat-de-mohamed-brahmi\/"},"wordCount":894,"commentCount":0,"publisher":{"@id":"https:\/\/kapitalis.com\/tunisie\/#organization"},"image":{"@id":"https:\/\/kapitalis.com\/tunisie\/2025\/01\/09\/le-syrien-al-joulani-a-t-il-trempe-dans-lassassinat-de-mohamed-brahmi\/#primaryimage"},"thumbnailUrl":"https:\/\/kapitalis.com\/tunisie\/wp-content\/uploads\/2025\/01\/Ahmed-Al-Joulani-Mohamed-Brahmi.jpg","keywords":["Abdellatif Ben Salem","Abou Baker El-Hakim","Abu Muhammad Al-Joulani","Ahmed Al-Charaa","Ahmed Melki","Al-Somali","chokri bela\u00efd","Hayat Tahrir al-Cham","Jabhat Al-Nosra","Mohamed Brahmi","Syrie"],"articleSection":["A LA UNE","POLITIQUE","Tunisie"],"inLanguage":"fr-FR","potentialAction":[{"@type":"CommentAction","name":"Comment","target":["https:\/\/kapitalis.com\/tunisie\/2025\/01\/09\/le-syrien-al-joulani-a-t-il-trempe-dans-lassassinat-de-mohamed-brahmi\/#respond"]}]},{"@type":"WebPage","@id":"https:\/\/kapitalis.com\/tunisie\/2025\/01\/09\/le-syrien-al-joulani-a-t-il-trempe-dans-lassassinat-de-mohamed-brahmi\/","url":"https:\/\/kapitalis.com\/tunisie\/2025\/01\/09\/le-syrien-al-joulani-a-t-il-trempe-dans-lassassinat-de-mohamed-brahmi\/","name":"Le Syrien Al-Joulani a-t-il tremp\u00e9 dans l\u2019assassinat de Mohamed Brahmi\u00a0? - Kapitalis","isPartOf":{"@id":"https:\/\/kapitalis.com\/tunisie\/#website"},"primaryImageOfPage":{"@id":"https:\/\/kapitalis.com\/tunisie\/2025\/01\/09\/le-syrien-al-joulani-a-t-il-trempe-dans-lassassinat-de-mohamed-brahmi\/#primaryimage"},"image":{"@id":"https:\/\/kapitalis.com\/tunisie\/2025\/01\/09\/le-syrien-al-joulani-a-t-il-trempe-dans-lassassinat-de-mohamed-brahmi\/#primaryimage"},"thumbnailUrl":"https:\/\/kapitalis.com\/tunisie\/wp-content\/uploads\/2025\/01\/Ahmed-Al-Joulani-Mohamed-Brahmi.jpg","datePublished":"2025-01-09T10:03:32+00:00","dateModified":"2025-01-09T10:56:56+00:00","breadcrumb":{"@id":"https:\/\/kapitalis.com\/tunisie\/2025\/01\/09\/le-syrien-al-joulani-a-t-il-trempe-dans-lassassinat-de-mohamed-brahmi\/#breadcrumb"},"inLanguage":"fr-FR","potentialAction":[{"@type":"ReadAction","target":["https:\/\/kapitalis.com\/tunisie\/2025\/01\/09\/le-syrien-al-joulani-a-t-il-trempe-dans-lassassinat-de-mohamed-brahmi\/"]}]},{"@type":"ImageObject","inLanguage":"fr-FR","@id":"https:\/\/kapitalis.com\/tunisie\/2025\/01\/09\/le-syrien-al-joulani-a-t-il-trempe-dans-lassassinat-de-mohamed-brahmi\/#primaryimage","url":"https:\/\/kapitalis.com\/tunisie\/wp-content\/uploads\/2025\/01\/Ahmed-Al-Joulani-Mohamed-Brahmi.jpg","contentUrl":"https:\/\/kapitalis.com\/tunisie\/wp-content\/uploads\/2025\/01\/Ahmed-Al-Joulani-Mohamed-Brahmi.jpg","width":1200,"height":630},{"@type":"BreadcrumbList","@id":"https:\/\/kapitalis.com\/tunisie\/2025\/01\/09\/le-syrien-al-joulani-a-t-il-trempe-dans-lassassinat-de-mohamed-brahmi\/#breadcrumb","itemListElement":[{"@type":"ListItem","position":1,"name":"Accueil","item":"https:\/\/kapitalis.com\/tunisie\/"},{"@type":"ListItem","position":2,"name":"Le Syrien Al-Joulani a-t-il tremp\u00e9 dans l\u2019assassinat de Mohamed Brahmi\u00a0?"}]},{"@type":"WebSite","@id":"https:\/\/kapitalis.com\/tunisie\/#website","url":"https:\/\/kapitalis.com\/tunisie\/","name":"Kapitalis","description":"L&#039;actualit\u00e9 en Tunisie et dans le monde","publisher":{"@id":"https:\/\/kapitalis.com\/tunisie\/#organization"},"potentialAction":[{"@type":"SearchAction","target":{"@type":"EntryPoint","urlTemplate":"https:\/\/kapitalis.com\/tunisie\/?s={search_term_string}"},"query-input":{"@type":"PropertyValueSpecification","valueRequired":true,"valueName":"search_term_string"}}],"inLanguage":"fr-FR"},{"@type":"Organization","@id":"https:\/\/kapitalis.com\/tunisie\/#organization","name":"Kapitalis","url":"https:\/\/kapitalis.com\/tunisie\/","logo":{"@type":"ImageObject","inLanguage":"fr-FR","@id":"https:\/\/kapitalis.com\/tunisie\/#\/schema\/logo\/image\/","url":"https:\/\/kapitalis.com\/tunisie\/wp-content\/uploads\/2022\/05\/Kapitalis-big-size.png","contentUrl":"https:\/\/kapitalis.com\/tunisie\/wp-content\/uploads\/2022\/05\/Kapitalis-big-size.png","width":5000,"height":1500,"caption":"Kapitalis"},"image":{"@id":"https:\/\/kapitalis.com\/tunisie\/#\/schema\/logo\/image\/"},"sameAs":["https:\/\/www.facebook.com\/KapitalisInfo\/","https:\/\/x.com\/KapitalisInfo","https:\/\/www.youtube.com\/channel\/UC-yDYrHyfFBWWZaOw3FPg9Q"]},{"@type":"Person","@id":"https:\/\/kapitalis.com\/tunisie\/#\/schema\/person\/d71f33a9ca44f7bad4698210b480c8e9","name":"webmaster kapitalis","url":"https:\/\/kapitalis.com\/tunisie\/author\/webmaster-kapitalis\/"}]}},"_links":{"self":[{"href":"https:\/\/kapitalis.com\/tunisie\/wp-json\/wp\/v2\/posts\/15136215","targetHints":{"allow":["GET"]}}],"collection":[{"href":"https:\/\/kapitalis.com\/tunisie\/wp-json\/wp\/v2\/posts"}],"about":[{"href":"https:\/\/kapitalis.com\/tunisie\/wp-json\/wp\/v2\/types\/post"}],"author":[{"embeddable":true,"href":"https:\/\/kapitalis.com\/tunisie\/wp-json\/wp\/v2\/users\/8"}],"replies":[{"embeddable":true,"href":"https:\/\/kapitalis.com\/tunisie\/wp-json\/wp\/v2\/comments?post=15136215"}],"version-history":[{"count":5,"href":"https:\/\/kapitalis.com\/tunisie\/wp-json\/wp\/v2\/posts\/15136215\/revisions"}],"predecessor-version":[{"id":15136785,"href":"https:\/\/kapitalis.com\/tunisie\/wp-json\/wp\/v2\/posts\/15136215\/revisions\/15136785"}],"wp:featuredmedia":[{"embeddable":true,"href":"https:\/\/kapitalis.com\/tunisie\/wp-json\/wp\/v2\/media\/15136320"}],"wp:attachment":[{"href":"https:\/\/kapitalis.com\/tunisie\/wp-json\/wp\/v2\/media?parent=15136215"}],"wp:term":[{"taxonomy":"category","embeddable":true,"href":"https:\/\/kapitalis.com\/tunisie\/wp-json\/wp\/v2\/categories?post=15136215"},{"taxonomy":"post_tag","embeddable":true,"href":"https:\/\/kapitalis.com\/tunisie\/wp-json\/wp\/v2\/tags?post=15136215"}],"curies":[{"name":"wp","href":"https:\/\/api.w.org\/{rel}","templated":true}]}}