{"id":15136867,"date":"2025-01-09T12:12:21","date_gmt":"2025-01-09T11:12:21","guid":{"rendered":"https:\/\/kapitalis.com\/tunisie\/?p=15136867"},"modified":"2025-01-09T12:12:23","modified_gmt":"2025-01-09T11:12:23","slug":"une-delegation-italienne-a-tunis-fait-le-point-sur-le-projet-tanit","status":"publish","type":"post","link":"https:\/\/kapitalis.com\/tunisie\/2025\/01\/09\/une-delegation-italienne-a-tunis-fait-le-point-sur-le-projet-tanit\/","title":{"rendered":"Une d\u00e9l\u00e9gation italienne \u00e0 Tunis fait le point sur le projet Tanit"},"content":{"rendered":"\n<p><strong><em>Le lancement du projet Tanit (\u00abTANdem italo-tunisien\u00bb) pour am\u00e9liorer la s\u00e9curit\u00e9 alimentaire en Tunisie, une des initiatives pilotes du Plan Mattei pour l<\/em><\/strong><strong><em>\u2019<\/em><\/strong><strong><em>Afrique, a \u00e9t\u00e9 au centre d<\/em><\/strong><strong><em>\u2019<\/em><\/strong><strong><em>une s\u00e9ance de travail entre le ministre de l<\/em><\/strong><strong><em>\u2019<\/em><\/strong><strong><em>Economie et du Plan, Samir Abdelhafidh, et une d\u00e9l\u00e9gation officielle italienne.<\/em><\/strong><\/p>\n\n\n\n<!--more-->\n\n\n\n<p>C&rsquo;est ce qu&rsquo;a annonc\u00e9 le minist\u00e8re de l\u2019\u00c9conomie et du Plan sur Facebook, pr\u00e9cisant que ce projet vise \u00e0 faire face aux r\u00e9percussions du changement climatique et \u00e0 garantir la s\u00e9curit\u00e9 alimentaire, en s\u2019appuyant sur trois volets relatifs au traitement des eaux us\u00e9es, \u00e0 l\u2019am\u00e9lioration des rendements agricoles et au renforcement de la formation, de la recherche et de l\u2019innovation dans ce secteur.<\/p>\n\n\n\n<p>La r\u00e9union, \u00e0 laquelle ont pris part, c\u00f4t\u00e9 italien, des repr\u00e9sentants de l\u2019Agence italienne de coop\u00e9ration au d\u00e9veloppement (Aics), de la Cassa Depositi e Prestiti et du Centre international de hautes \u00e9tudes agronomiques m\u00e9diterran\u00e9ennes&nbsp; (Ciheam) de Bari, a \u00e9galement permis d\u2019\u00e9voquer le programme de soutien financier italien \u00e0 la Tunisie pour la p\u00e9riode 2025-2027.<\/p>\n\n\n\n<p>Selon la note du minist\u00e8re, Abdelhafidh a affirm\u00e9 la solidit\u00e9 des relations de coop\u00e9ration et de partenariat entre la Tunisie et l\u2019Italie, soulignant l\u2019engagement de les renforcer davantage dans divers domaines dans l\u2019int\u00e9r\u00eat commun des deux pays, tandis que les repr\u00e9sentants de la partie italienne, dont l\u2019ambassadeur d\u2019Italie en Tunisie, Alessandro Prunas, a estim\u00e9 que le projet Tanit d\u00e9montre le <em>\u00abferme engagement\u00bb<\/em> du gouvernement italien \u00e0 soutenir la Tunisie dans son processus de d\u00e9veloppement, la volont\u00e9 de renforcer le programme de coop\u00e9ration pour la p\u00e9riode 2025-2027 et de poursuivre la coordination pour assurer l\u2019efficacit\u00e9 de ses diff\u00e9rentes composantes.<\/p>\n\n\n\n<p>Le Plan Mattei pour l\u2019Afrique, annonc\u00e9 en 2022 par le gouvernement italien, vise \u00e0 renforcer les relations entre l\u2019Italie et certains pays africains gr\u00e2ce \u00e0 des investissements dans des secteurs strat\u00e9giques tels que l\u2019\u00e9nergie, l\u2019agriculture et le d\u00e9veloppement durable.<\/p>\n\n\n\n<p class=\"has-text-align-right\"><strong>I. B.<\/strong> <\/p>\n","protected":false},"excerpt":{"rendered":"<p>Lancement du projet Tanit (\u00abTANdem italo-tunisien\u00bb) pour am\u00e9liorer la s\u00e9curit\u00e9 alimentaire en Tunisie, <\/p>\n","protected":false},"author":8,"featured_media":15136902,"comment_status":"open","ping_status":"open","sticky":false,"template":"","format":"standard","meta":{"footnotes":""},"categories":[995,2433],"tags":[113839,80093,505,112726,118569,120031,115090,20261,62643],"class_list":["post-15136867","post","type-post","status-publish","format-standard","has-post-thumbnail","hentry","category-economie","category-tunisie","tag-alessandro-prunas","tag-eaux-usees","tag-italie","tag-plan-mattei","tag-projet-tanit","tag-rendements-agricoles","tag-samir-abdelhafidh","tag-securite-alimentaire","tag-tunisie"],"yoast_head":"<!-- This site is optimized with the Yoast SEO plugin v26.6 - https:\/\/yoast.com\/wordpress\/plugins\/seo\/ -->\n<title>Une d\u00e9l\u00e9gation italienne \u00e0 Tunis fait le point sur le projet Tanit - Kapitalis<\/title>\n<meta name=\"robots\" content=\"index, follow, max-snippet:-1, max-image-preview:large, max-video-preview:-1\" \/>\n<link rel=\"canonical\" href=\"https:\/\/kapitalis.com\/tunisie\/2025\/01\/09\/une-delegation-italienne-a-tunis-fait-le-point-sur-le-projet-tanit\/\" \/>\n<meta property=\"og:locale\" content=\"fr_FR\" \/>\n<meta property=\"og:type\" content=\"article\" \/>\n<meta property=\"og:title\" content=\"Une d\u00e9l\u00e9gation italienne \u00e0 Tunis fait le point sur le projet Tanit - Kapitalis\" \/>\n<meta property=\"og:description\" content=\"Lancement du projet Tanit (\u00abTANdem italo-tunisien\u00bb) pour am\u00e9liorer la s\u00e9curit\u00e9 alimentaire en Tunisie,\" \/>\n<meta property=\"og:url\" content=\"https:\/\/kapitalis.com\/tunisie\/2025\/01\/09\/une-delegation-italienne-a-tunis-fait-le-point-sur-le-projet-tanit\/\" \/>\n<meta property=\"og:site_name\" content=\"Kapitalis\" \/>\n<meta property=\"article:publisher\" content=\"https:\/\/www.facebook.com\/KapitalisInfo\/\" \/>\n<meta property=\"article:published_time\" content=\"2025-01-09T11:12:21+00:00\" \/>\n<meta property=\"article:modified_time\" content=\"2025-01-09T11:12:23+00:00\" \/>\n<meta property=\"og:image\" content=\"https:\/\/kapitalis.com\/tunisie\/wp-content\/uploads\/2025\/01\/Projet-tuniso-italien-Tanit.jpg\" \/>\n\t<meta property=\"og:image:width\" content=\"1200\" \/>\n\t<meta property=\"og:image:height\" content=\"630\" \/>\n\t<meta property=\"og:image:type\" content=\"image\/jpeg\" \/>\n<meta name=\"author\" content=\"webmaster kapitalis\" \/>\n<meta name=\"twitter:card\" content=\"summary_large_image\" \/>\n<meta name=\"twitter:creator\" content=\"@KapitalisInfo\" \/>\n<meta name=\"twitter:site\" content=\"@KapitalisInfo\" \/>\n<meta name=\"twitter:label1\" content=\"\u00c9crit par\" \/>\n\t<meta name=\"twitter:data1\" content=\"webmaster kapitalis\" \/>\n\t<meta name=\"twitter:label2\" content=\"Dur\u00e9e de lecture estim\u00e9e\" \/>\n\t<meta name=\"twitter:data2\" content=\"2 minutes\" \/>\n<script type=\"application\/ld+json\" class=\"yoast-schema-graph\">{\"@context\":\"https:\/\/schema.org\",\"@graph\":[{\"@type\":\"Article\",\"@id\":\"https:\/\/kapitalis.com\/tunisie\/2025\/01\/09\/une-delegation-italienne-a-tunis-fait-le-point-sur-le-projet-tanit\/#article\",\"isPartOf\":{\"@id\":\"https:\/\/kapitalis.com\/tunisie\/2025\/01\/09\/une-delegation-italienne-a-tunis-fait-le-point-sur-le-projet-tanit\/\"},\"author\":{\"name\":\"webmaster kapitalis\",\"@id\":\"https:\/\/kapitalis.com\/tunisie\/#\/schema\/person\/d71f33a9ca44f7bad4698210b480c8e9\"},\"headline\":\"Une d\u00e9l\u00e9gation italienne \u00e0 Tunis fait le point sur le projet Tanit\",\"datePublished\":\"2025-01-09T11:12:21+00:00\",\"dateModified\":\"2025-01-09T11:12:23+00:00\",\"mainEntityOfPage\":{\"@id\":\"https:\/\/kapitalis.com\/tunisie\/2025\/01\/09\/une-delegation-italienne-a-tunis-fait-le-point-sur-le-projet-tanit\/\"},\"wordCount\":358,\"commentCount\":0,\"publisher\":{\"@id\":\"https:\/\/kapitalis.com\/tunisie\/#organization\"},\"image\":{\"@id\":\"https:\/\/kapitalis.com\/tunisie\/2025\/01\/09\/une-delegation-italienne-a-tunis-fait-le-point-sur-le-projet-tanit\/#primaryimage\"},\"thumbnailUrl\":\"https:\/\/kapitalis.com\/tunisie\/wp-content\/uploads\/2025\/01\/Projet-tuniso-italien-Tanit.jpg\",\"keywords\":[\"Alessandro Prunas\",\"eaux us\u00e9es\",\"Italie\",\"Plan Mattei\",\"projet Tanit\",\"rendements agricoles\",\"Samir Abdelhafidh\",\"s\u00e9curit\u00e9 alimentaire\",\"Tunisie\"],\"articleSection\":[\"ECONOMIE\",\"Tunisie\"],\"inLanguage\":\"fr-FR\",\"potentialAction\":[{\"@type\":\"CommentAction\",\"name\":\"Comment\",\"target\":[\"https:\/\/kapitalis.com\/tunisie\/2025\/01\/09\/une-delegation-italienne-a-tunis-fait-le-point-sur-le-projet-tanit\/#respond\"]}]},{\"@type\":\"WebPage\",\"@id\":\"https:\/\/kapitalis.com\/tunisie\/2025\/01\/09\/une-delegation-italienne-a-tunis-fait-le-point-sur-le-projet-tanit\/\",\"url\":\"https:\/\/kapitalis.com\/tunisie\/2025\/01\/09\/une-delegation-italienne-a-tunis-fait-le-point-sur-le-projet-tanit\/\",\"name\":\"Une d\u00e9l\u00e9gation italienne \u00e0 Tunis fait le point sur le projet Tanit - Kapitalis\",\"isPartOf\":{\"@id\":\"https:\/\/kapitalis.com\/tunisie\/#website\"},\"primaryImageOfPage\":{\"@id\":\"https:\/\/kapitalis.com\/tunisie\/2025\/01\/09\/une-delegation-italienne-a-tunis-fait-le-point-sur-le-projet-tanit\/#primaryimage\"},\"image\":{\"@id\":\"https:\/\/kapitalis.com\/tunisie\/2025\/01\/09\/une-delegation-italienne-a-tunis-fait-le-point-sur-le-projet-tanit\/#primaryimage\"},\"thumbnailUrl\":\"https:\/\/kapitalis.com\/tunisie\/wp-content\/uploads\/2025\/01\/Projet-tuniso-italien-Tanit.jpg\",\"datePublished\":\"2025-01-09T11:12:21+00:00\",\"dateModified\":\"2025-01-09T11:12:23+00:00\",\"breadcrumb\":{\"@id\":\"https:\/\/kapitalis.com\/tunisie\/2025\/01\/09\/une-delegation-italienne-a-tunis-fait-le-point-sur-le-projet-tanit\/#breadcrumb\"},\"inLanguage\":\"fr-FR\",\"potentialAction\":[{\"@type\":\"ReadAction\",\"target\":[\"https:\/\/kapitalis.com\/tunisie\/2025\/01\/09\/une-delegation-italienne-a-tunis-fait-le-point-sur-le-projet-tanit\/\"]}]},{\"@type\":\"ImageObject\",\"inLanguage\":\"fr-FR\",\"@id\":\"https:\/\/kapitalis.com\/tunisie\/2025\/01\/09\/une-delegation-italienne-a-tunis-fait-le-point-sur-le-projet-tanit\/#primaryimage\",\"url\":\"https:\/\/kapitalis.com\/tunisie\/wp-content\/uploads\/2025\/01\/Projet-tuniso-italien-Tanit.jpg\",\"contentUrl\":\"https:\/\/kapitalis.com\/tunisie\/wp-content\/uploads\/2025\/01\/Projet-tuniso-italien-Tanit.jpg\",\"width\":1200,\"height\":630},{\"@type\":\"BreadcrumbList\",\"@id\":\"https:\/\/kapitalis.com\/tunisie\/2025\/01\/09\/une-delegation-italienne-a-tunis-fait-le-point-sur-le-projet-tanit\/#breadcrumb\",\"itemListElement\":[{\"@type\":\"ListItem\",\"position\":1,\"name\":\"Accueil\",\"item\":\"https:\/\/kapitalis.com\/tunisie\/\"},{\"@type\":\"ListItem\",\"position\":2,\"name\":\"Une d\u00e9l\u00e9gation italienne \u00e0 Tunis fait le point sur le projet Tanit\"}]},{\"@type\":\"WebSite\",\"@id\":\"https:\/\/kapitalis.com\/tunisie\/#website\",\"url\":\"https:\/\/kapitalis.com\/tunisie\/\",\"name\":\"Kapitalis\",\"description\":\"L&#039;actualit\u00e9 en Tunisie et dans le monde\",\"publisher\":{\"@id\":\"https:\/\/kapitalis.com\/tunisie\/#organization\"},\"potentialAction\":[{\"@type\":\"SearchAction\",\"target\":{\"@type\":\"EntryPoint\",\"urlTemplate\":\"https:\/\/kapitalis.com\/tunisie\/?s={search_term_string}\"},\"query-input\":{\"@type\":\"PropertyValueSpecification\",\"valueRequired\":true,\"valueName\":\"search_term_string\"}}],\"inLanguage\":\"fr-FR\"},{\"@type\":\"Organization\",\"@id\":\"https:\/\/kapitalis.com\/tunisie\/#organization\",\"name\":\"Kapitalis\",\"url\":\"https:\/\/kapitalis.com\/tunisie\/\",\"logo\":{\"@type\":\"ImageObject\",\"inLanguage\":\"fr-FR\",\"@id\":\"https:\/\/kapitalis.com\/tunisie\/#\/schema\/logo\/image\/\",\"url\":\"https:\/\/kapitalis.com\/tunisie\/wp-content\/uploads\/2022\/05\/Kapitalis-big-size.png\",\"contentUrl\":\"https:\/\/kapitalis.com\/tunisie\/wp-content\/uploads\/2022\/05\/Kapitalis-big-size.png\",\"width\":5000,\"height\":1500,\"caption\":\"Kapitalis\"},\"image\":{\"@id\":\"https:\/\/kapitalis.com\/tunisie\/#\/schema\/logo\/image\/\"},\"sameAs\":[\"https:\/\/www.facebook.com\/KapitalisInfo\/\",\"https:\/\/x.com\/KapitalisInfo\",\"https:\/\/www.youtube.com\/channel\/UC-yDYrHyfFBWWZaOw3FPg9Q\"]},{\"@type\":\"Person\",\"@id\":\"https:\/\/kapitalis.com\/tunisie\/#\/schema\/person\/d71f33a9ca44f7bad4698210b480c8e9\",\"name\":\"webmaster kapitalis\",\"url\":\"https:\/\/kapitalis.com\/tunisie\/author\/webmaster-kapitalis\/\"}]}<\/script>\n<!-- \/ Yoast SEO plugin. -->","yoast_head_json":{"title":"Une d\u00e9l\u00e9gation italienne \u00e0 Tunis fait le point sur le projet Tanit - Kapitalis","robots":{"index":"index","follow":"follow","max-snippet":"max-snippet:-1","max-image-preview":"max-image-preview:large","max-video-preview":"max-video-preview:-1"},"canonical":"https:\/\/kapitalis.com\/tunisie\/2025\/01\/09\/une-delegation-italienne-a-tunis-fait-le-point-sur-le-projet-tanit\/","og_locale":"fr_FR","og_type":"article","og_title":"Une d\u00e9l\u00e9gation italienne \u00e0 Tunis fait le point sur le projet Tanit - Kapitalis","og_description":"Lancement du projet Tanit (\u00abTANdem italo-tunisien\u00bb) pour am\u00e9liorer la s\u00e9curit\u00e9 alimentaire en Tunisie,","og_url":"https:\/\/kapitalis.com\/tunisie\/2025\/01\/09\/une-delegation-italienne-a-tunis-fait-le-point-sur-le-projet-tanit\/","og_site_name":"Kapitalis","article_publisher":"https:\/\/www.facebook.com\/KapitalisInfo\/","article_published_time":"2025-01-09T11:12:21+00:00","article_modified_time":"2025-01-09T11:12:23+00:00","og_image":[{"width":1200,"height":630,"url":"https:\/\/kapitalis.com\/tunisie\/wp-content\/uploads\/2025\/01\/Projet-tuniso-italien-Tanit.jpg","type":"image\/jpeg"}],"author":"webmaster kapitalis","twitter_card":"summary_large_image","twitter_creator":"@KapitalisInfo","twitter_site":"@KapitalisInfo","twitter_misc":{"\u00c9crit par":"webmaster kapitalis","Dur\u00e9e de lecture estim\u00e9e":"2 minutes"},"schema":{"@context":"https:\/\/schema.org","@graph":[{"@type":"Article","@id":"https:\/\/kapitalis.com\/tunisie\/2025\/01\/09\/une-delegation-italienne-a-tunis-fait-le-point-sur-le-projet-tanit\/#article","isPartOf":{"@id":"https:\/\/kapitalis.com\/tunisie\/2025\/01\/09\/une-delegation-italienne-a-tunis-fait-le-point-sur-le-projet-tanit\/"},"author":{"name":"webmaster kapitalis","@id":"https:\/\/kapitalis.com\/tunisie\/#\/schema\/person\/d71f33a9ca44f7bad4698210b480c8e9"},"headline":"Une d\u00e9l\u00e9gation italienne \u00e0 Tunis fait le point sur le projet Tanit","datePublished":"2025-01-09T11:12:21+00:00","dateModified":"2025-01-09T11:12:23+00:00","mainEntityOfPage":{"@id":"https:\/\/kapitalis.com\/tunisie\/2025\/01\/09\/une-delegation-italienne-a-tunis-fait-le-point-sur-le-projet-tanit\/"},"wordCount":358,"commentCount":0,"publisher":{"@id":"https:\/\/kapitalis.com\/tunisie\/#organization"},"image":{"@id":"https:\/\/kapitalis.com\/tunisie\/2025\/01\/09\/une-delegation-italienne-a-tunis-fait-le-point-sur-le-projet-tanit\/#primaryimage"},"thumbnailUrl":"https:\/\/kapitalis.com\/tunisie\/wp-content\/uploads\/2025\/01\/Projet-tuniso-italien-Tanit.jpg","keywords":["Alessandro Prunas","eaux us\u00e9es","Italie","Plan Mattei","projet Tanit","rendements agricoles","Samir Abdelhafidh","s\u00e9curit\u00e9 alimentaire","Tunisie"],"articleSection":["ECONOMIE","Tunisie"],"inLanguage":"fr-FR","potentialAction":[{"@type":"CommentAction","name":"Comment","target":["https:\/\/kapitalis.com\/tunisie\/2025\/01\/09\/une-delegation-italienne-a-tunis-fait-le-point-sur-le-projet-tanit\/#respond"]}]},{"@type":"WebPage","@id":"https:\/\/kapitalis.com\/tunisie\/2025\/01\/09\/une-delegation-italienne-a-tunis-fait-le-point-sur-le-projet-tanit\/","url":"https:\/\/kapitalis.com\/tunisie\/2025\/01\/09\/une-delegation-italienne-a-tunis-fait-le-point-sur-le-projet-tanit\/","name":"Une d\u00e9l\u00e9gation italienne \u00e0 Tunis fait le point sur le projet Tanit - Kapitalis","isPartOf":{"@id":"https:\/\/kapitalis.com\/tunisie\/#website"},"primaryImageOfPage":{"@id":"https:\/\/kapitalis.com\/tunisie\/2025\/01\/09\/une-delegation-italienne-a-tunis-fait-le-point-sur-le-projet-tanit\/#primaryimage"},"image":{"@id":"https:\/\/kapitalis.com\/tunisie\/2025\/01\/09\/une-delegation-italienne-a-tunis-fait-le-point-sur-le-projet-tanit\/#primaryimage"},"thumbnailUrl":"https:\/\/kapitalis.com\/tunisie\/wp-content\/uploads\/2025\/01\/Projet-tuniso-italien-Tanit.jpg","datePublished":"2025-01-09T11:12:21+00:00","dateModified":"2025-01-09T11:12:23+00:00","breadcrumb":{"@id":"https:\/\/kapitalis.com\/tunisie\/2025\/01\/09\/une-delegation-italienne-a-tunis-fait-le-point-sur-le-projet-tanit\/#breadcrumb"},"inLanguage":"fr-FR","potentialAction":[{"@type":"ReadAction","target":["https:\/\/kapitalis.com\/tunisie\/2025\/01\/09\/une-delegation-italienne-a-tunis-fait-le-point-sur-le-projet-tanit\/"]}]},{"@type":"ImageObject","inLanguage":"fr-FR","@id":"https:\/\/kapitalis.com\/tunisie\/2025\/01\/09\/une-delegation-italienne-a-tunis-fait-le-point-sur-le-projet-tanit\/#primaryimage","url":"https:\/\/kapitalis.com\/tunisie\/wp-content\/uploads\/2025\/01\/Projet-tuniso-italien-Tanit.jpg","contentUrl":"https:\/\/kapitalis.com\/tunisie\/wp-content\/uploads\/2025\/01\/Projet-tuniso-italien-Tanit.jpg","width":1200,"height":630},{"@type":"BreadcrumbList","@id":"https:\/\/kapitalis.com\/tunisie\/2025\/01\/09\/une-delegation-italienne-a-tunis-fait-le-point-sur-le-projet-tanit\/#breadcrumb","itemListElement":[{"@type":"ListItem","position":1,"name":"Accueil","item":"https:\/\/kapitalis.com\/tunisie\/"},{"@type":"ListItem","position":2,"name":"Une d\u00e9l\u00e9gation italienne \u00e0 Tunis fait le point sur le projet Tanit"}]},{"@type":"WebSite","@id":"https:\/\/kapitalis.com\/tunisie\/#website","url":"https:\/\/kapitalis.com\/tunisie\/","name":"Kapitalis","description":"L&#039;actualit\u00e9 en Tunisie et dans le monde","publisher":{"@id":"https:\/\/kapitalis.com\/tunisie\/#organization"},"potentialAction":[{"@type":"SearchAction","target":{"@type":"EntryPoint","urlTemplate":"https:\/\/kapitalis.com\/tunisie\/?s={search_term_string}"},"query-input":{"@type":"PropertyValueSpecification","valueRequired":true,"valueName":"search_term_string"}}],"inLanguage":"fr-FR"},{"@type":"Organization","@id":"https:\/\/kapitalis.com\/tunisie\/#organization","name":"Kapitalis","url":"https:\/\/kapitalis.com\/tunisie\/","logo":{"@type":"ImageObject","inLanguage":"fr-FR","@id":"https:\/\/kapitalis.com\/tunisie\/#\/schema\/logo\/image\/","url":"https:\/\/kapitalis.com\/tunisie\/wp-content\/uploads\/2022\/05\/Kapitalis-big-size.png","contentUrl":"https:\/\/kapitalis.com\/tunisie\/wp-content\/uploads\/2022\/05\/Kapitalis-big-size.png","width":5000,"height":1500,"caption":"Kapitalis"},"image":{"@id":"https:\/\/kapitalis.com\/tunisie\/#\/schema\/logo\/image\/"},"sameAs":["https:\/\/www.facebook.com\/KapitalisInfo\/","https:\/\/x.com\/KapitalisInfo","https:\/\/www.youtube.com\/channel\/UC-yDYrHyfFBWWZaOw3FPg9Q"]},{"@type":"Person","@id":"https:\/\/kapitalis.com\/tunisie\/#\/schema\/person\/d71f33a9ca44f7bad4698210b480c8e9","name":"webmaster kapitalis","url":"https:\/\/kapitalis.com\/tunisie\/author\/webmaster-kapitalis\/"}]}},"_links":{"self":[{"href":"https:\/\/kapitalis.com\/tunisie\/wp-json\/wp\/v2\/posts\/15136867","targetHints":{"allow":["GET"]}}],"collection":[{"href":"https:\/\/kapitalis.com\/tunisie\/wp-json\/wp\/v2\/posts"}],"about":[{"href":"https:\/\/kapitalis.com\/tunisie\/wp-json\/wp\/v2\/types\/post"}],"author":[{"embeddable":true,"href":"https:\/\/kapitalis.com\/tunisie\/wp-json\/wp\/v2\/users\/8"}],"replies":[{"embeddable":true,"href":"https:\/\/kapitalis.com\/tunisie\/wp-json\/wp\/v2\/comments?post=15136867"}],"version-history":[{"count":1,"href":"https:\/\/kapitalis.com\/tunisie\/wp-json\/wp\/v2\/posts\/15136867\/revisions"}],"predecessor-version":[{"id":15136904,"href":"https:\/\/kapitalis.com\/tunisie\/wp-json\/wp\/v2\/posts\/15136867\/revisions\/15136904"}],"wp:featuredmedia":[{"embeddable":true,"href":"https:\/\/kapitalis.com\/tunisie\/wp-json\/wp\/v2\/media\/15136902"}],"wp:attachment":[{"href":"https:\/\/kapitalis.com\/tunisie\/wp-json\/wp\/v2\/media?parent=15136867"}],"wp:term":[{"taxonomy":"category","embeddable":true,"href":"https:\/\/kapitalis.com\/tunisie\/wp-json\/wp\/v2\/categories?post=15136867"},{"taxonomy":"post_tag","embeddable":true,"href":"https:\/\/kapitalis.com\/tunisie\/wp-json\/wp\/v2\/tags?post=15136867"}],"curies":[{"name":"wp","href":"https:\/\/api.w.org\/{rel}","templated":true}]}}