{"id":15140509,"date":"2025-01-09T21:07:05","date_gmt":"2025-01-09T20:07:05","guid":{"rendered":"https:\/\/kapitalis.com\/tunisie\/?p=15140509"},"modified":"2025-01-09T21:13:21","modified_gmt":"2025-01-09T20:13:21","slug":"le-fsn-organise-un-rassemblement-mardi-14-janvier-a-tunis","status":"publish","type":"post","link":"https:\/\/kapitalis.com\/tunisie\/2025\/01\/09\/le-fsn-organise-un-rassemblement-mardi-14-janvier-a-tunis\/","title":{"rendered":"Le FSN organise un rassemblement mardi 14 janvier \u00e0 Tunis"},"content":{"rendered":"\n<p><strong><em>Le Front du Salut national (FSN) organise un rassemblement, mardi 14 janvier 2025, afin de c\u00e9l\u00e9brer le 14e anniversaire de la R\u00e9volution tunisienne.<\/em><\/strong><\/p>\n\n\n\n<!--more-->\n\n\n\n<p>Tout en appelant les forces nationales \u00e0 participer \u00e0 ce rassemblement pr\u00e9vu devant le Th\u00e9\u00e2tre municipal \u00e0 l\u2019avenue Habib Bourguiba de Tunis mardi \u00e0 partir de midi, le FSN pr\u00e9cise que ce rassemblement sera organis\u00e9 \u00e0 la m\u00e9moire des martyrs et des luttes des Tunisiens pour une Tunisie libre et d\u00e9mocratique.<\/p>\n\n\n\n<p>Dans son communiqu\u00e9 le Front du Salut national ajoute que \u00ab<em> ce rassemblement vise \u00e9galement \u00e0 d\u00e9fendre et \u00e0 pr\u00e9server les acquis de la r\u00e9volution notamment les libert\u00e9s et les droits, l&rsquo;\u00e9quit\u00e9 ainsi que la justice sociale\u2026 <\/em>\u00bb.<\/p>\n\n\n\n<p>La m\u00eame source a par ailleurs point\u00e9 du doigt ce qu&rsquo;elle a qualifi\u00e9 de \u00ab<em> d\u00e9clin effrayant des droits et des libert\u00e9s, tout en d\u00e9non\u00e7ant de l&rsquo;injustice et un \u00e9chec \u00e9conomique et social <\/em>\u00bb.<\/p>\n\n\n\n<p>Le FSN a de ce fait appel\u00e9 \u00e0 se mobiliser une fois de plus <em>\u00ab pour d\u00e9fendre les valeurs de la r\u00e9volution et les revendications l\u00e9gitimes du peuple \u00bb.<\/em><\/p>\n\n\n\n<p class=\"has-text-align-right\"><strong>Y. N.<\/strong><\/p>\n","protected":false},"excerpt":{"rendered":"<p>Le Front du Salut national (FSN) organise un rassemblement, mardi 14 janvier 2025, afin de c\u00e9l\u00e9brer le 14e anniversaire de la R\u00e9volution tunisienne.<\/p>\n","protected":false},"author":6,"featured_media":15140538,"comment_status":"open","ping_status":"open","sticky":false,"template":"","format":"standard","meta":{"footnotes":""},"categories":[998,2433],"tags":[99446,102922,767,7336,64491,62643],"class_list":["post-15140509","post","type-post","status-publish","format-standard","has-post-thumbnail","hentry","category-societe","category-tunisie","tag-front-du-salut-national","tag-fsn","tag-rassemblement","tag-revolution-tunisienne","tag-tunis","tag-tunisie"],"yoast_head":"<!-- This site is optimized with the Yoast SEO plugin v26.6 - https:\/\/yoast.com\/wordpress\/plugins\/seo\/ -->\n<title>Le FSN organise un rassemblement mardi 14 janvier \u00e0 Tunis - Kapitalis<\/title>\n<meta name=\"robots\" content=\"index, follow, max-snippet:-1, max-image-preview:large, max-video-preview:-1\" \/>\n<link rel=\"canonical\" href=\"https:\/\/kapitalis.com\/tunisie\/2025\/01\/09\/le-fsn-organise-un-rassemblement-mardi-14-janvier-a-tunis\/\" \/>\n<meta property=\"og:locale\" content=\"fr_FR\" \/>\n<meta property=\"og:type\" content=\"article\" \/>\n<meta property=\"og:title\" content=\"Le FSN organise un rassemblement mardi 14 janvier \u00e0 Tunis - Kapitalis\" \/>\n<meta property=\"og:description\" content=\"Le Front du Salut national (FSN) organise un rassemblement, mardi 14 janvier 2025, afin de c\u00e9l\u00e9brer le 14e anniversaire de la R\u00e9volution tunisienne.\" \/>\n<meta property=\"og:url\" content=\"https:\/\/kapitalis.com\/tunisie\/2025\/01\/09\/le-fsn-organise-un-rassemblement-mardi-14-janvier-a-tunis\/\" \/>\n<meta property=\"og:site_name\" content=\"Kapitalis\" \/>\n<meta property=\"article:publisher\" content=\"https:\/\/www.facebook.com\/KapitalisInfo\/\" \/>\n<meta property=\"article:published_time\" content=\"2025-01-09T20:07:05+00:00\" \/>\n<meta property=\"article:modified_time\" content=\"2025-01-09T20:13:21+00:00\" \/>\n<meta property=\"og:image\" content=\"https:\/\/kapitalis.com\/tunisie\/wp-content\/uploads\/2025\/01\/FSN-14-janvier.jpg\" \/>\n\t<meta property=\"og:image:width\" content=\"1200\" \/>\n\t<meta property=\"og:image:height\" content=\"630\" \/>\n\t<meta property=\"og:image:type\" content=\"image\/jpeg\" \/>\n<meta name=\"author\" content=\"Yusra NY\" \/>\n<meta name=\"twitter:card\" content=\"summary_large_image\" \/>\n<meta name=\"twitter:creator\" content=\"@KapitalisInfo\" \/>\n<meta name=\"twitter:site\" content=\"@KapitalisInfo\" \/>\n<meta name=\"twitter:label1\" content=\"\u00c9crit par\" \/>\n\t<meta name=\"twitter:data1\" content=\"Yusra NY\" \/>\n\t<meta name=\"twitter:label2\" content=\"Dur\u00e9e de lecture estim\u00e9e\" \/>\n\t<meta name=\"twitter:data2\" content=\"2 minutes\" \/>\n<script type=\"application\/ld+json\" class=\"yoast-schema-graph\">{\"@context\":\"https:\/\/schema.org\",\"@graph\":[{\"@type\":\"Article\",\"@id\":\"https:\/\/kapitalis.com\/tunisie\/2025\/01\/09\/le-fsn-organise-un-rassemblement-mardi-14-janvier-a-tunis\/#article\",\"isPartOf\":{\"@id\":\"https:\/\/kapitalis.com\/tunisie\/2025\/01\/09\/le-fsn-organise-un-rassemblement-mardi-14-janvier-a-tunis\/\"},\"author\":{\"name\":\"Yusra NY\",\"@id\":\"https:\/\/kapitalis.com\/tunisie\/#\/schema\/person\/74bbde0154d49d790a92aaeac5bc01d5\"},\"headline\":\"Le FSN organise un rassemblement mardi 14 janvier \u00e0 Tunis\",\"datePublished\":\"2025-01-09T20:07:05+00:00\",\"dateModified\":\"2025-01-09T20:13:21+00:00\",\"mainEntityOfPage\":{\"@id\":\"https:\/\/kapitalis.com\/tunisie\/2025\/01\/09\/le-fsn-organise-un-rassemblement-mardi-14-janvier-a-tunis\/\"},\"wordCount\":191,\"commentCount\":0,\"publisher\":{\"@id\":\"https:\/\/kapitalis.com\/tunisie\/#organization\"},\"image\":{\"@id\":\"https:\/\/kapitalis.com\/tunisie\/2025\/01\/09\/le-fsn-organise-un-rassemblement-mardi-14-janvier-a-tunis\/#primaryimage\"},\"thumbnailUrl\":\"https:\/\/kapitalis.com\/tunisie\/wp-content\/uploads\/2025\/01\/FSN-14-janvier.jpg\",\"keywords\":[\"Front du salut national\",\"FSN\",\"rassemblement\",\"R\u00e9volution tunisienne\",\"Tunis\",\"Tunisie\"],\"articleSection\":[\"SOCIETE\",\"Tunisie\"],\"inLanguage\":\"fr-FR\",\"potentialAction\":[{\"@type\":\"CommentAction\",\"name\":\"Comment\",\"target\":[\"https:\/\/kapitalis.com\/tunisie\/2025\/01\/09\/le-fsn-organise-un-rassemblement-mardi-14-janvier-a-tunis\/#respond\"]}]},{\"@type\":\"WebPage\",\"@id\":\"https:\/\/kapitalis.com\/tunisie\/2025\/01\/09\/le-fsn-organise-un-rassemblement-mardi-14-janvier-a-tunis\/\",\"url\":\"https:\/\/kapitalis.com\/tunisie\/2025\/01\/09\/le-fsn-organise-un-rassemblement-mardi-14-janvier-a-tunis\/\",\"name\":\"Le FSN organise un rassemblement mardi 14 janvier \u00e0 Tunis - Kapitalis\",\"isPartOf\":{\"@id\":\"https:\/\/kapitalis.com\/tunisie\/#website\"},\"primaryImageOfPage\":{\"@id\":\"https:\/\/kapitalis.com\/tunisie\/2025\/01\/09\/le-fsn-organise-un-rassemblement-mardi-14-janvier-a-tunis\/#primaryimage\"},\"image\":{\"@id\":\"https:\/\/kapitalis.com\/tunisie\/2025\/01\/09\/le-fsn-organise-un-rassemblement-mardi-14-janvier-a-tunis\/#primaryimage\"},\"thumbnailUrl\":\"https:\/\/kapitalis.com\/tunisie\/wp-content\/uploads\/2025\/01\/FSN-14-janvier.jpg\",\"datePublished\":\"2025-01-09T20:07:05+00:00\",\"dateModified\":\"2025-01-09T20:13:21+00:00\",\"breadcrumb\":{\"@id\":\"https:\/\/kapitalis.com\/tunisie\/2025\/01\/09\/le-fsn-organise-un-rassemblement-mardi-14-janvier-a-tunis\/#breadcrumb\"},\"inLanguage\":\"fr-FR\",\"potentialAction\":[{\"@type\":\"ReadAction\",\"target\":[\"https:\/\/kapitalis.com\/tunisie\/2025\/01\/09\/le-fsn-organise-un-rassemblement-mardi-14-janvier-a-tunis\/\"]}]},{\"@type\":\"ImageObject\",\"inLanguage\":\"fr-FR\",\"@id\":\"https:\/\/kapitalis.com\/tunisie\/2025\/01\/09\/le-fsn-organise-un-rassemblement-mardi-14-janvier-a-tunis\/#primaryimage\",\"url\":\"https:\/\/kapitalis.com\/tunisie\/wp-content\/uploads\/2025\/01\/FSN-14-janvier.jpg\",\"contentUrl\":\"https:\/\/kapitalis.com\/tunisie\/wp-content\/uploads\/2025\/01\/FSN-14-janvier.jpg\",\"width\":1200,\"height\":630},{\"@type\":\"BreadcrumbList\",\"@id\":\"https:\/\/kapitalis.com\/tunisie\/2025\/01\/09\/le-fsn-organise-un-rassemblement-mardi-14-janvier-a-tunis\/#breadcrumb\",\"itemListElement\":[{\"@type\":\"ListItem\",\"position\":1,\"name\":\"Accueil\",\"item\":\"https:\/\/kapitalis.com\/tunisie\/\"},{\"@type\":\"ListItem\",\"position\":2,\"name\":\"Le FSN organise un rassemblement mardi 14 janvier \u00e0 Tunis\"}]},{\"@type\":\"WebSite\",\"@id\":\"https:\/\/kapitalis.com\/tunisie\/#website\",\"url\":\"https:\/\/kapitalis.com\/tunisie\/\",\"name\":\"Kapitalis\",\"description\":\"L&#039;actualit\u00e9 en Tunisie et dans le monde\",\"publisher\":{\"@id\":\"https:\/\/kapitalis.com\/tunisie\/#organization\"},\"potentialAction\":[{\"@type\":\"SearchAction\",\"target\":{\"@type\":\"EntryPoint\",\"urlTemplate\":\"https:\/\/kapitalis.com\/tunisie\/?s={search_term_string}\"},\"query-input\":{\"@type\":\"PropertyValueSpecification\",\"valueRequired\":true,\"valueName\":\"search_term_string\"}}],\"inLanguage\":\"fr-FR\"},{\"@type\":\"Organization\",\"@id\":\"https:\/\/kapitalis.com\/tunisie\/#organization\",\"name\":\"Kapitalis\",\"url\":\"https:\/\/kapitalis.com\/tunisie\/\",\"logo\":{\"@type\":\"ImageObject\",\"inLanguage\":\"fr-FR\",\"@id\":\"https:\/\/kapitalis.com\/tunisie\/#\/schema\/logo\/image\/\",\"url\":\"https:\/\/kapitalis.com\/tunisie\/wp-content\/uploads\/2022\/05\/Kapitalis-big-size.png\",\"contentUrl\":\"https:\/\/kapitalis.com\/tunisie\/wp-content\/uploads\/2022\/05\/Kapitalis-big-size.png\",\"width\":5000,\"height\":1500,\"caption\":\"Kapitalis\"},\"image\":{\"@id\":\"https:\/\/kapitalis.com\/tunisie\/#\/schema\/logo\/image\/\"},\"sameAs\":[\"https:\/\/www.facebook.com\/KapitalisInfo\/\",\"https:\/\/x.com\/KapitalisInfo\",\"https:\/\/www.youtube.com\/channel\/UC-yDYrHyfFBWWZaOw3FPg9Q\"]},{\"@type\":\"Person\",\"@id\":\"https:\/\/kapitalis.com\/tunisie\/#\/schema\/person\/74bbde0154d49d790a92aaeac5bc01d5\",\"name\":\"Yusra NY\",\"url\":\"https:\/\/kapitalis.com\/tunisie\/author\/yuza_adam\/\"}]}<\/script>\n<!-- \/ Yoast SEO plugin. -->","yoast_head_json":{"title":"Le FSN organise un rassemblement mardi 14 janvier \u00e0 Tunis - Kapitalis","robots":{"index":"index","follow":"follow","max-snippet":"max-snippet:-1","max-image-preview":"max-image-preview:large","max-video-preview":"max-video-preview:-1"},"canonical":"https:\/\/kapitalis.com\/tunisie\/2025\/01\/09\/le-fsn-organise-un-rassemblement-mardi-14-janvier-a-tunis\/","og_locale":"fr_FR","og_type":"article","og_title":"Le FSN organise un rassemblement mardi 14 janvier \u00e0 Tunis - Kapitalis","og_description":"Le Front du Salut national (FSN) organise un rassemblement, mardi 14 janvier 2025, afin de c\u00e9l\u00e9brer le 14e anniversaire de la R\u00e9volution tunisienne.","og_url":"https:\/\/kapitalis.com\/tunisie\/2025\/01\/09\/le-fsn-organise-un-rassemblement-mardi-14-janvier-a-tunis\/","og_site_name":"Kapitalis","article_publisher":"https:\/\/www.facebook.com\/KapitalisInfo\/","article_published_time":"2025-01-09T20:07:05+00:00","article_modified_time":"2025-01-09T20:13:21+00:00","og_image":[{"width":1200,"height":630,"url":"https:\/\/kapitalis.com\/tunisie\/wp-content\/uploads\/2025\/01\/FSN-14-janvier.jpg","type":"image\/jpeg"}],"author":"Yusra NY","twitter_card":"summary_large_image","twitter_creator":"@KapitalisInfo","twitter_site":"@KapitalisInfo","twitter_misc":{"\u00c9crit par":"Yusra NY","Dur\u00e9e de lecture estim\u00e9e":"2 minutes"},"schema":{"@context":"https:\/\/schema.org","@graph":[{"@type":"Article","@id":"https:\/\/kapitalis.com\/tunisie\/2025\/01\/09\/le-fsn-organise-un-rassemblement-mardi-14-janvier-a-tunis\/#article","isPartOf":{"@id":"https:\/\/kapitalis.com\/tunisie\/2025\/01\/09\/le-fsn-organise-un-rassemblement-mardi-14-janvier-a-tunis\/"},"author":{"name":"Yusra NY","@id":"https:\/\/kapitalis.com\/tunisie\/#\/schema\/person\/74bbde0154d49d790a92aaeac5bc01d5"},"headline":"Le FSN organise un rassemblement mardi 14 janvier \u00e0 Tunis","datePublished":"2025-01-09T20:07:05+00:00","dateModified":"2025-01-09T20:13:21+00:00","mainEntityOfPage":{"@id":"https:\/\/kapitalis.com\/tunisie\/2025\/01\/09\/le-fsn-organise-un-rassemblement-mardi-14-janvier-a-tunis\/"},"wordCount":191,"commentCount":0,"publisher":{"@id":"https:\/\/kapitalis.com\/tunisie\/#organization"},"image":{"@id":"https:\/\/kapitalis.com\/tunisie\/2025\/01\/09\/le-fsn-organise-un-rassemblement-mardi-14-janvier-a-tunis\/#primaryimage"},"thumbnailUrl":"https:\/\/kapitalis.com\/tunisie\/wp-content\/uploads\/2025\/01\/FSN-14-janvier.jpg","keywords":["Front du salut national","FSN","rassemblement","R\u00e9volution tunisienne","Tunis","Tunisie"],"articleSection":["SOCIETE","Tunisie"],"inLanguage":"fr-FR","potentialAction":[{"@type":"CommentAction","name":"Comment","target":["https:\/\/kapitalis.com\/tunisie\/2025\/01\/09\/le-fsn-organise-un-rassemblement-mardi-14-janvier-a-tunis\/#respond"]}]},{"@type":"WebPage","@id":"https:\/\/kapitalis.com\/tunisie\/2025\/01\/09\/le-fsn-organise-un-rassemblement-mardi-14-janvier-a-tunis\/","url":"https:\/\/kapitalis.com\/tunisie\/2025\/01\/09\/le-fsn-organise-un-rassemblement-mardi-14-janvier-a-tunis\/","name":"Le FSN organise un rassemblement mardi 14 janvier \u00e0 Tunis - Kapitalis","isPartOf":{"@id":"https:\/\/kapitalis.com\/tunisie\/#website"},"primaryImageOfPage":{"@id":"https:\/\/kapitalis.com\/tunisie\/2025\/01\/09\/le-fsn-organise-un-rassemblement-mardi-14-janvier-a-tunis\/#primaryimage"},"image":{"@id":"https:\/\/kapitalis.com\/tunisie\/2025\/01\/09\/le-fsn-organise-un-rassemblement-mardi-14-janvier-a-tunis\/#primaryimage"},"thumbnailUrl":"https:\/\/kapitalis.com\/tunisie\/wp-content\/uploads\/2025\/01\/FSN-14-janvier.jpg","datePublished":"2025-01-09T20:07:05+00:00","dateModified":"2025-01-09T20:13:21+00:00","breadcrumb":{"@id":"https:\/\/kapitalis.com\/tunisie\/2025\/01\/09\/le-fsn-organise-un-rassemblement-mardi-14-janvier-a-tunis\/#breadcrumb"},"inLanguage":"fr-FR","potentialAction":[{"@type":"ReadAction","target":["https:\/\/kapitalis.com\/tunisie\/2025\/01\/09\/le-fsn-organise-un-rassemblement-mardi-14-janvier-a-tunis\/"]}]},{"@type":"ImageObject","inLanguage":"fr-FR","@id":"https:\/\/kapitalis.com\/tunisie\/2025\/01\/09\/le-fsn-organise-un-rassemblement-mardi-14-janvier-a-tunis\/#primaryimage","url":"https:\/\/kapitalis.com\/tunisie\/wp-content\/uploads\/2025\/01\/FSN-14-janvier.jpg","contentUrl":"https:\/\/kapitalis.com\/tunisie\/wp-content\/uploads\/2025\/01\/FSN-14-janvier.jpg","width":1200,"height":630},{"@type":"BreadcrumbList","@id":"https:\/\/kapitalis.com\/tunisie\/2025\/01\/09\/le-fsn-organise-un-rassemblement-mardi-14-janvier-a-tunis\/#breadcrumb","itemListElement":[{"@type":"ListItem","position":1,"name":"Accueil","item":"https:\/\/kapitalis.com\/tunisie\/"},{"@type":"ListItem","position":2,"name":"Le FSN organise un rassemblement mardi 14 janvier \u00e0 Tunis"}]},{"@type":"WebSite","@id":"https:\/\/kapitalis.com\/tunisie\/#website","url":"https:\/\/kapitalis.com\/tunisie\/","name":"Kapitalis","description":"L&#039;actualit\u00e9 en Tunisie et dans le monde","publisher":{"@id":"https:\/\/kapitalis.com\/tunisie\/#organization"},"potentialAction":[{"@type":"SearchAction","target":{"@type":"EntryPoint","urlTemplate":"https:\/\/kapitalis.com\/tunisie\/?s={search_term_string}"},"query-input":{"@type":"PropertyValueSpecification","valueRequired":true,"valueName":"search_term_string"}}],"inLanguage":"fr-FR"},{"@type":"Organization","@id":"https:\/\/kapitalis.com\/tunisie\/#organization","name":"Kapitalis","url":"https:\/\/kapitalis.com\/tunisie\/","logo":{"@type":"ImageObject","inLanguage":"fr-FR","@id":"https:\/\/kapitalis.com\/tunisie\/#\/schema\/logo\/image\/","url":"https:\/\/kapitalis.com\/tunisie\/wp-content\/uploads\/2022\/05\/Kapitalis-big-size.png","contentUrl":"https:\/\/kapitalis.com\/tunisie\/wp-content\/uploads\/2022\/05\/Kapitalis-big-size.png","width":5000,"height":1500,"caption":"Kapitalis"},"image":{"@id":"https:\/\/kapitalis.com\/tunisie\/#\/schema\/logo\/image\/"},"sameAs":["https:\/\/www.facebook.com\/KapitalisInfo\/","https:\/\/x.com\/KapitalisInfo","https:\/\/www.youtube.com\/channel\/UC-yDYrHyfFBWWZaOw3FPg9Q"]},{"@type":"Person","@id":"https:\/\/kapitalis.com\/tunisie\/#\/schema\/person\/74bbde0154d49d790a92aaeac5bc01d5","name":"Yusra NY","url":"https:\/\/kapitalis.com\/tunisie\/author\/yuza_adam\/"}]}},"_links":{"self":[{"href":"https:\/\/kapitalis.com\/tunisie\/wp-json\/wp\/v2\/posts\/15140509","targetHints":{"allow":["GET"]}}],"collection":[{"href":"https:\/\/kapitalis.com\/tunisie\/wp-json\/wp\/v2\/posts"}],"about":[{"href":"https:\/\/kapitalis.com\/tunisie\/wp-json\/wp\/v2\/types\/post"}],"author":[{"embeddable":true,"href":"https:\/\/kapitalis.com\/tunisie\/wp-json\/wp\/v2\/users\/6"}],"replies":[{"embeddable":true,"href":"https:\/\/kapitalis.com\/tunisie\/wp-json\/wp\/v2\/comments?post=15140509"}],"version-history":[{"count":2,"href":"https:\/\/kapitalis.com\/tunisie\/wp-json\/wp\/v2\/posts\/15140509\/revisions"}],"predecessor-version":[{"id":15140548,"href":"https:\/\/kapitalis.com\/tunisie\/wp-json\/wp\/v2\/posts\/15140509\/revisions\/15140548"}],"wp:featuredmedia":[{"embeddable":true,"href":"https:\/\/kapitalis.com\/tunisie\/wp-json\/wp\/v2\/media\/15140538"}],"wp:attachment":[{"href":"https:\/\/kapitalis.com\/tunisie\/wp-json\/wp\/v2\/media?parent=15140509"}],"wp:term":[{"taxonomy":"category","embeddable":true,"href":"https:\/\/kapitalis.com\/tunisie\/wp-json\/wp\/v2\/categories?post=15140509"},{"taxonomy":"post_tag","embeddable":true,"href":"https:\/\/kapitalis.com\/tunisie\/wp-json\/wp\/v2\/tags?post=15140509"}],"curies":[{"name":"wp","href":"https:\/\/api.w.org\/{rel}","templated":true}]}}