{"id":15156486,"date":"2025-01-11T22:21:26","date_gmt":"2025-01-11T21:21:26","guid":{"rendered":"https:\/\/kapitalis.com\/tunisie\/?p=15156486"},"modified":"2025-01-11T22:34:58","modified_gmt":"2025-01-11T21:34:58","slug":"melodies-andalouses-au-theatre-municipal-de-tunis-carthage-symphony-orchestra","status":"publish","type":"post","link":"https:\/\/kapitalis.com\/tunisie\/2025\/01\/11\/melodies-andalouses-au-theatre-municipal-de-tunis-carthage-symphony-orchestra\/","title":{"rendered":"M\u00e9lodies Andalouses au Th\u00e9\u00e2tre municipal de Tunis (Carthage Symphony Orchestra)"},"content":{"rendered":"\n<p><strong><em>Le 18 janvier 2025 embarquez pour un voyage musical unique au c\u0153ur des traditions maghr\u00e9bines avec le concert M\u00e9lodies Andalouses au Th\u00e9\u00e2tre Municipal de Tunis.<\/em><\/strong><\/p>\n\n\n\n<!--more-->\n\n\n\n<p>Dans le cadre enchanteur du Th\u00e9\u00e2tre Municipal de Tunis, le Carthage Symphony Orchestra et son ch\u0153ur, dirig\u00e9s par Hafedh Makni et Mourad Gaaloul, interpr\u00e9teront des waslas de malouf tunisien, alg\u00e9rien, marocain et libyen ainsi que des mouwashat andalous revisit\u00e9s dans des arrangements symphoniques in\u00e9dits.<\/p>\n\n\n\n<p><strong>\u2728 Au programme, les modes :<\/strong><\/p>\n\n\n\n<p><strong><br><\/strong>\ud83c\udf3f <strong>Maya<\/strong><br>\ud83c\udfb5 <strong>Mazmoum<\/strong><br>\ud83c\udf1f <strong>Hssin<\/strong><br>\ud83c\udfbc <strong>Asbaayn<\/strong><br>\ud83c\udfbb<strong> Raml Maya alg\u00e9rien<\/strong><br>\ud83c\udfb6<em> et autres mouwashahat andalous\u2026<\/em><\/p>\n\n\n\n<p>Une rencontre magique entre tradition et modernit\u00e9, o\u00f9 la richesse des m\u00e9lodies andalouses s\u2019\u00e9l\u00e8ve \u00e0 travers la puissance d\u2019un orchestre symphonique et la beaut\u00e9 des voix du ch\u0153ur.<\/p>\n\n\n\n<p><strong>\ud83c\udf9f\ufe0f Billetterie :<\/strong><\/p>\n\n\n\n<ul class=\"wp-block-list\">\n<li>au Th\u00e9\u00e2tre municipal de Tunis<\/li>\n\n\n\n<li>au Centre le Boulevard des arts \u00e0 Mutuelleville.<\/li>\n\n\n\n<li>sur<a href=\"https:\/\/teskerti.tn\/evenement\/melodies-andalouses\"> teskerti.tn <\/a><\/li>\n<\/ul>\n\n\n\n<p>Ne manquez pas cette c\u00e9l\u00e9bration musicale unique, un hommage vibrant au patrimoine andalou maghr\u00e9bin ! \u2728<\/p>\n\n\n\n<p class=\"has-text-align-right\"><strong>Communiqu\u00e9<\/strong><\/p>\n","protected":false},"excerpt":{"rendered":"<p>Le 18 janvier 2025 embarquez pour un voyage musical unique au c\u0153ur des traditions maghr\u00e9bines avec le concert M\u00e9lodies Andalouses au Th\u00e9\u00e2tre Municipal de Tunis.<\/p>\n","protected":false},"author":6,"featured_media":15156508,"comment_status":"open","ping_status":"open","sticky":false,"template":"","format":"standard","meta":{"footnotes":""},"categories":[994,2433],"tags":[71621,120060,120061,6474,62643],"class_list":["post-15156486","post","type-post","status-publish","format-standard","has-post-thumbnail","hentry","category-culture","category-tunisie","tag-carthage-symphony-orchestra","tag-melodies-andalouses","tag-mourad-gaaloul-2","tag-theatre-municipal-de-tunis","tag-tunisie"],"yoast_head":"<!-- This site is optimized with the Yoast SEO plugin v26.6 - https:\/\/yoast.com\/wordpress\/plugins\/seo\/ -->\n<title>M\u00e9lodies Andalouses au Th\u00e9\u00e2tre municipal de Tunis (Carthage Symphony Orchestra) - Kapitalis<\/title>\n<meta name=\"robots\" content=\"index, follow, max-snippet:-1, max-image-preview:large, max-video-preview:-1\" \/>\n<link rel=\"canonical\" href=\"https:\/\/kapitalis.com\/tunisie\/2025\/01\/11\/melodies-andalouses-au-theatre-municipal-de-tunis-carthage-symphony-orchestra\/\" \/>\n<meta property=\"og:locale\" content=\"fr_FR\" \/>\n<meta property=\"og:type\" content=\"article\" \/>\n<meta property=\"og:title\" content=\"M\u00e9lodies Andalouses au Th\u00e9\u00e2tre municipal de Tunis (Carthage Symphony Orchestra) - Kapitalis\" \/>\n<meta property=\"og:description\" content=\"Le 18 janvier 2025 embarquez pour un voyage musical unique au c\u0153ur des traditions maghr\u00e9bines avec le concert M\u00e9lodies Andalouses au Th\u00e9\u00e2tre Municipal de Tunis.\" \/>\n<meta property=\"og:url\" content=\"https:\/\/kapitalis.com\/tunisie\/2025\/01\/11\/melodies-andalouses-au-theatre-municipal-de-tunis-carthage-symphony-orchestra\/\" \/>\n<meta property=\"og:site_name\" content=\"Kapitalis\" \/>\n<meta property=\"article:publisher\" content=\"https:\/\/www.facebook.com\/KapitalisInfo\/\" \/>\n<meta property=\"article:published_time\" content=\"2025-01-11T21:21:26+00:00\" \/>\n<meta property=\"article:modified_time\" content=\"2025-01-11T21:34:58+00:00\" \/>\n<meta property=\"og:image\" content=\"https:\/\/kapitalis.com\/tunisie\/wp-content\/uploads\/2025\/01\/Melodies-Andalouses.jpg\" \/>\n\t<meta property=\"og:image:width\" content=\"1200\" \/>\n\t<meta property=\"og:image:height\" content=\"630\" \/>\n\t<meta property=\"og:image:type\" content=\"image\/jpeg\" \/>\n<meta name=\"author\" content=\"Yusra NY\" \/>\n<meta name=\"twitter:card\" content=\"summary_large_image\" \/>\n<meta name=\"twitter:creator\" content=\"@KapitalisInfo\" \/>\n<meta name=\"twitter:site\" content=\"@KapitalisInfo\" \/>\n<meta name=\"twitter:label1\" content=\"\u00c9crit par\" \/>\n\t<meta name=\"twitter:data1\" content=\"Yusra NY\" \/>\n\t<meta name=\"twitter:label2\" content=\"Dur\u00e9e de lecture estim\u00e9e\" \/>\n\t<meta name=\"twitter:data2\" content=\"1 minute\" \/>\n<script type=\"application\/ld+json\" class=\"yoast-schema-graph\">{\"@context\":\"https:\/\/schema.org\",\"@graph\":[{\"@type\":\"Article\",\"@id\":\"https:\/\/kapitalis.com\/tunisie\/2025\/01\/11\/melodies-andalouses-au-theatre-municipal-de-tunis-carthage-symphony-orchestra\/#article\",\"isPartOf\":{\"@id\":\"https:\/\/kapitalis.com\/tunisie\/2025\/01\/11\/melodies-andalouses-au-theatre-municipal-de-tunis-carthage-symphony-orchestra\/\"},\"author\":{\"name\":\"Yusra NY\",\"@id\":\"https:\/\/kapitalis.com\/tunisie\/#\/schema\/person\/74bbde0154d49d790a92aaeac5bc01d5\"},\"headline\":\"M\u00e9lodies Andalouses au Th\u00e9\u00e2tre municipal de Tunis (Carthage Symphony Orchestra)\",\"datePublished\":\"2025-01-11T21:21:26+00:00\",\"dateModified\":\"2025-01-11T21:34:58+00:00\",\"mainEntityOfPage\":{\"@id\":\"https:\/\/kapitalis.com\/tunisie\/2025\/01\/11\/melodies-andalouses-au-theatre-municipal-de-tunis-carthage-symphony-orchestra\/\"},\"wordCount\":173,\"commentCount\":0,\"publisher\":{\"@id\":\"https:\/\/kapitalis.com\/tunisie\/#organization\"},\"image\":{\"@id\":\"https:\/\/kapitalis.com\/tunisie\/2025\/01\/11\/melodies-andalouses-au-theatre-municipal-de-tunis-carthage-symphony-orchestra\/#primaryimage\"},\"thumbnailUrl\":\"https:\/\/kapitalis.com\/tunisie\/wp-content\/uploads\/2025\/01\/Melodies-Andalouses.jpg\",\"keywords\":[\"Carthage Symphony Orchestra\",\"M\u00e9lodies Andalouses\",\"Mourad Gaaloul\",\"Th\u00e9\u00e2tre municipal de Tunis\",\"Tunisie\"],\"articleSection\":[\"CULTURE\",\"Tunisie\"],\"inLanguage\":\"fr-FR\",\"potentialAction\":[{\"@type\":\"CommentAction\",\"name\":\"Comment\",\"target\":[\"https:\/\/kapitalis.com\/tunisie\/2025\/01\/11\/melodies-andalouses-au-theatre-municipal-de-tunis-carthage-symphony-orchestra\/#respond\"]}]},{\"@type\":\"WebPage\",\"@id\":\"https:\/\/kapitalis.com\/tunisie\/2025\/01\/11\/melodies-andalouses-au-theatre-municipal-de-tunis-carthage-symphony-orchestra\/\",\"url\":\"https:\/\/kapitalis.com\/tunisie\/2025\/01\/11\/melodies-andalouses-au-theatre-municipal-de-tunis-carthage-symphony-orchestra\/\",\"name\":\"M\u00e9lodies Andalouses au Th\u00e9\u00e2tre municipal de Tunis (Carthage Symphony Orchestra) - Kapitalis\",\"isPartOf\":{\"@id\":\"https:\/\/kapitalis.com\/tunisie\/#website\"},\"primaryImageOfPage\":{\"@id\":\"https:\/\/kapitalis.com\/tunisie\/2025\/01\/11\/melodies-andalouses-au-theatre-municipal-de-tunis-carthage-symphony-orchestra\/#primaryimage\"},\"image\":{\"@id\":\"https:\/\/kapitalis.com\/tunisie\/2025\/01\/11\/melodies-andalouses-au-theatre-municipal-de-tunis-carthage-symphony-orchestra\/#primaryimage\"},\"thumbnailUrl\":\"https:\/\/kapitalis.com\/tunisie\/wp-content\/uploads\/2025\/01\/Melodies-Andalouses.jpg\",\"datePublished\":\"2025-01-11T21:21:26+00:00\",\"dateModified\":\"2025-01-11T21:34:58+00:00\",\"breadcrumb\":{\"@id\":\"https:\/\/kapitalis.com\/tunisie\/2025\/01\/11\/melodies-andalouses-au-theatre-municipal-de-tunis-carthage-symphony-orchestra\/#breadcrumb\"},\"inLanguage\":\"fr-FR\",\"potentialAction\":[{\"@type\":\"ReadAction\",\"target\":[\"https:\/\/kapitalis.com\/tunisie\/2025\/01\/11\/melodies-andalouses-au-theatre-municipal-de-tunis-carthage-symphony-orchestra\/\"]}]},{\"@type\":\"ImageObject\",\"inLanguage\":\"fr-FR\",\"@id\":\"https:\/\/kapitalis.com\/tunisie\/2025\/01\/11\/melodies-andalouses-au-theatre-municipal-de-tunis-carthage-symphony-orchestra\/#primaryimage\",\"url\":\"https:\/\/kapitalis.com\/tunisie\/wp-content\/uploads\/2025\/01\/Melodies-Andalouses.jpg\",\"contentUrl\":\"https:\/\/kapitalis.com\/tunisie\/wp-content\/uploads\/2025\/01\/Melodies-Andalouses.jpg\",\"width\":1200,\"height\":630},{\"@type\":\"BreadcrumbList\",\"@id\":\"https:\/\/kapitalis.com\/tunisie\/2025\/01\/11\/melodies-andalouses-au-theatre-municipal-de-tunis-carthage-symphony-orchestra\/#breadcrumb\",\"itemListElement\":[{\"@type\":\"ListItem\",\"position\":1,\"name\":\"Accueil\",\"item\":\"https:\/\/kapitalis.com\/tunisie\/\"},{\"@type\":\"ListItem\",\"position\":2,\"name\":\"M\u00e9lodies Andalouses au Th\u00e9\u00e2tre municipal de Tunis (Carthage Symphony Orchestra)\"}]},{\"@type\":\"WebSite\",\"@id\":\"https:\/\/kapitalis.com\/tunisie\/#website\",\"url\":\"https:\/\/kapitalis.com\/tunisie\/\",\"name\":\"Kapitalis\",\"description\":\"L&#039;actualit\u00e9 en Tunisie et dans le monde\",\"publisher\":{\"@id\":\"https:\/\/kapitalis.com\/tunisie\/#organization\"},\"potentialAction\":[{\"@type\":\"SearchAction\",\"target\":{\"@type\":\"EntryPoint\",\"urlTemplate\":\"https:\/\/kapitalis.com\/tunisie\/?s={search_term_string}\"},\"query-input\":{\"@type\":\"PropertyValueSpecification\",\"valueRequired\":true,\"valueName\":\"search_term_string\"}}],\"inLanguage\":\"fr-FR\"},{\"@type\":\"Organization\",\"@id\":\"https:\/\/kapitalis.com\/tunisie\/#organization\",\"name\":\"Kapitalis\",\"url\":\"https:\/\/kapitalis.com\/tunisie\/\",\"logo\":{\"@type\":\"ImageObject\",\"inLanguage\":\"fr-FR\",\"@id\":\"https:\/\/kapitalis.com\/tunisie\/#\/schema\/logo\/image\/\",\"url\":\"https:\/\/kapitalis.com\/tunisie\/wp-content\/uploads\/2022\/05\/Kapitalis-big-size.png\",\"contentUrl\":\"https:\/\/kapitalis.com\/tunisie\/wp-content\/uploads\/2022\/05\/Kapitalis-big-size.png\",\"width\":5000,\"height\":1500,\"caption\":\"Kapitalis\"},\"image\":{\"@id\":\"https:\/\/kapitalis.com\/tunisie\/#\/schema\/logo\/image\/\"},\"sameAs\":[\"https:\/\/www.facebook.com\/KapitalisInfo\/\",\"https:\/\/x.com\/KapitalisInfo\",\"https:\/\/www.youtube.com\/channel\/UC-yDYrHyfFBWWZaOw3FPg9Q\"]},{\"@type\":\"Person\",\"@id\":\"https:\/\/kapitalis.com\/tunisie\/#\/schema\/person\/74bbde0154d49d790a92aaeac5bc01d5\",\"name\":\"Yusra NY\",\"url\":\"https:\/\/kapitalis.com\/tunisie\/author\/yuza_adam\/\"}]}<\/script>\n<!-- \/ Yoast SEO plugin. -->","yoast_head_json":{"title":"M\u00e9lodies Andalouses au Th\u00e9\u00e2tre municipal de Tunis (Carthage Symphony Orchestra) - Kapitalis","robots":{"index":"index","follow":"follow","max-snippet":"max-snippet:-1","max-image-preview":"max-image-preview:large","max-video-preview":"max-video-preview:-1"},"canonical":"https:\/\/kapitalis.com\/tunisie\/2025\/01\/11\/melodies-andalouses-au-theatre-municipal-de-tunis-carthage-symphony-orchestra\/","og_locale":"fr_FR","og_type":"article","og_title":"M\u00e9lodies Andalouses au Th\u00e9\u00e2tre municipal de Tunis (Carthage Symphony Orchestra) - Kapitalis","og_description":"Le 18 janvier 2025 embarquez pour un voyage musical unique au c\u0153ur des traditions maghr\u00e9bines avec le concert M\u00e9lodies Andalouses au Th\u00e9\u00e2tre Municipal de Tunis.","og_url":"https:\/\/kapitalis.com\/tunisie\/2025\/01\/11\/melodies-andalouses-au-theatre-municipal-de-tunis-carthage-symphony-orchestra\/","og_site_name":"Kapitalis","article_publisher":"https:\/\/www.facebook.com\/KapitalisInfo\/","article_published_time":"2025-01-11T21:21:26+00:00","article_modified_time":"2025-01-11T21:34:58+00:00","og_image":[{"width":1200,"height":630,"url":"https:\/\/kapitalis.com\/tunisie\/wp-content\/uploads\/2025\/01\/Melodies-Andalouses.jpg","type":"image\/jpeg"}],"author":"Yusra NY","twitter_card":"summary_large_image","twitter_creator":"@KapitalisInfo","twitter_site":"@KapitalisInfo","twitter_misc":{"\u00c9crit par":"Yusra NY","Dur\u00e9e de lecture estim\u00e9e":"1 minute"},"schema":{"@context":"https:\/\/schema.org","@graph":[{"@type":"Article","@id":"https:\/\/kapitalis.com\/tunisie\/2025\/01\/11\/melodies-andalouses-au-theatre-municipal-de-tunis-carthage-symphony-orchestra\/#article","isPartOf":{"@id":"https:\/\/kapitalis.com\/tunisie\/2025\/01\/11\/melodies-andalouses-au-theatre-municipal-de-tunis-carthage-symphony-orchestra\/"},"author":{"name":"Yusra NY","@id":"https:\/\/kapitalis.com\/tunisie\/#\/schema\/person\/74bbde0154d49d790a92aaeac5bc01d5"},"headline":"M\u00e9lodies Andalouses au Th\u00e9\u00e2tre municipal de Tunis (Carthage Symphony Orchestra)","datePublished":"2025-01-11T21:21:26+00:00","dateModified":"2025-01-11T21:34:58+00:00","mainEntityOfPage":{"@id":"https:\/\/kapitalis.com\/tunisie\/2025\/01\/11\/melodies-andalouses-au-theatre-municipal-de-tunis-carthage-symphony-orchestra\/"},"wordCount":173,"commentCount":0,"publisher":{"@id":"https:\/\/kapitalis.com\/tunisie\/#organization"},"image":{"@id":"https:\/\/kapitalis.com\/tunisie\/2025\/01\/11\/melodies-andalouses-au-theatre-municipal-de-tunis-carthage-symphony-orchestra\/#primaryimage"},"thumbnailUrl":"https:\/\/kapitalis.com\/tunisie\/wp-content\/uploads\/2025\/01\/Melodies-Andalouses.jpg","keywords":["Carthage Symphony Orchestra","M\u00e9lodies Andalouses","Mourad Gaaloul","Th\u00e9\u00e2tre municipal de Tunis","Tunisie"],"articleSection":["CULTURE","Tunisie"],"inLanguage":"fr-FR","potentialAction":[{"@type":"CommentAction","name":"Comment","target":["https:\/\/kapitalis.com\/tunisie\/2025\/01\/11\/melodies-andalouses-au-theatre-municipal-de-tunis-carthage-symphony-orchestra\/#respond"]}]},{"@type":"WebPage","@id":"https:\/\/kapitalis.com\/tunisie\/2025\/01\/11\/melodies-andalouses-au-theatre-municipal-de-tunis-carthage-symphony-orchestra\/","url":"https:\/\/kapitalis.com\/tunisie\/2025\/01\/11\/melodies-andalouses-au-theatre-municipal-de-tunis-carthage-symphony-orchestra\/","name":"M\u00e9lodies Andalouses au Th\u00e9\u00e2tre municipal de Tunis (Carthage Symphony Orchestra) - Kapitalis","isPartOf":{"@id":"https:\/\/kapitalis.com\/tunisie\/#website"},"primaryImageOfPage":{"@id":"https:\/\/kapitalis.com\/tunisie\/2025\/01\/11\/melodies-andalouses-au-theatre-municipal-de-tunis-carthage-symphony-orchestra\/#primaryimage"},"image":{"@id":"https:\/\/kapitalis.com\/tunisie\/2025\/01\/11\/melodies-andalouses-au-theatre-municipal-de-tunis-carthage-symphony-orchestra\/#primaryimage"},"thumbnailUrl":"https:\/\/kapitalis.com\/tunisie\/wp-content\/uploads\/2025\/01\/Melodies-Andalouses.jpg","datePublished":"2025-01-11T21:21:26+00:00","dateModified":"2025-01-11T21:34:58+00:00","breadcrumb":{"@id":"https:\/\/kapitalis.com\/tunisie\/2025\/01\/11\/melodies-andalouses-au-theatre-municipal-de-tunis-carthage-symphony-orchestra\/#breadcrumb"},"inLanguage":"fr-FR","potentialAction":[{"@type":"ReadAction","target":["https:\/\/kapitalis.com\/tunisie\/2025\/01\/11\/melodies-andalouses-au-theatre-municipal-de-tunis-carthage-symphony-orchestra\/"]}]},{"@type":"ImageObject","inLanguage":"fr-FR","@id":"https:\/\/kapitalis.com\/tunisie\/2025\/01\/11\/melodies-andalouses-au-theatre-municipal-de-tunis-carthage-symphony-orchestra\/#primaryimage","url":"https:\/\/kapitalis.com\/tunisie\/wp-content\/uploads\/2025\/01\/Melodies-Andalouses.jpg","contentUrl":"https:\/\/kapitalis.com\/tunisie\/wp-content\/uploads\/2025\/01\/Melodies-Andalouses.jpg","width":1200,"height":630},{"@type":"BreadcrumbList","@id":"https:\/\/kapitalis.com\/tunisie\/2025\/01\/11\/melodies-andalouses-au-theatre-municipal-de-tunis-carthage-symphony-orchestra\/#breadcrumb","itemListElement":[{"@type":"ListItem","position":1,"name":"Accueil","item":"https:\/\/kapitalis.com\/tunisie\/"},{"@type":"ListItem","position":2,"name":"M\u00e9lodies Andalouses au Th\u00e9\u00e2tre municipal de Tunis (Carthage Symphony Orchestra)"}]},{"@type":"WebSite","@id":"https:\/\/kapitalis.com\/tunisie\/#website","url":"https:\/\/kapitalis.com\/tunisie\/","name":"Kapitalis","description":"L&#039;actualit\u00e9 en Tunisie et dans le monde","publisher":{"@id":"https:\/\/kapitalis.com\/tunisie\/#organization"},"potentialAction":[{"@type":"SearchAction","target":{"@type":"EntryPoint","urlTemplate":"https:\/\/kapitalis.com\/tunisie\/?s={search_term_string}"},"query-input":{"@type":"PropertyValueSpecification","valueRequired":true,"valueName":"search_term_string"}}],"inLanguage":"fr-FR"},{"@type":"Organization","@id":"https:\/\/kapitalis.com\/tunisie\/#organization","name":"Kapitalis","url":"https:\/\/kapitalis.com\/tunisie\/","logo":{"@type":"ImageObject","inLanguage":"fr-FR","@id":"https:\/\/kapitalis.com\/tunisie\/#\/schema\/logo\/image\/","url":"https:\/\/kapitalis.com\/tunisie\/wp-content\/uploads\/2022\/05\/Kapitalis-big-size.png","contentUrl":"https:\/\/kapitalis.com\/tunisie\/wp-content\/uploads\/2022\/05\/Kapitalis-big-size.png","width":5000,"height":1500,"caption":"Kapitalis"},"image":{"@id":"https:\/\/kapitalis.com\/tunisie\/#\/schema\/logo\/image\/"},"sameAs":["https:\/\/www.facebook.com\/KapitalisInfo\/","https:\/\/x.com\/KapitalisInfo","https:\/\/www.youtube.com\/channel\/UC-yDYrHyfFBWWZaOw3FPg9Q"]},{"@type":"Person","@id":"https:\/\/kapitalis.com\/tunisie\/#\/schema\/person\/74bbde0154d49d790a92aaeac5bc01d5","name":"Yusra NY","url":"https:\/\/kapitalis.com\/tunisie\/author\/yuza_adam\/"}]}},"_links":{"self":[{"href":"https:\/\/kapitalis.com\/tunisie\/wp-json\/wp\/v2\/posts\/15156486","targetHints":{"allow":["GET"]}}],"collection":[{"href":"https:\/\/kapitalis.com\/tunisie\/wp-json\/wp\/v2\/posts"}],"about":[{"href":"https:\/\/kapitalis.com\/tunisie\/wp-json\/wp\/v2\/types\/post"}],"author":[{"embeddable":true,"href":"https:\/\/kapitalis.com\/tunisie\/wp-json\/wp\/v2\/users\/6"}],"replies":[{"embeddable":true,"href":"https:\/\/kapitalis.com\/tunisie\/wp-json\/wp\/v2\/comments?post=15156486"}],"version-history":[{"count":1,"href":"https:\/\/kapitalis.com\/tunisie\/wp-json\/wp\/v2\/posts\/15156486\/revisions"}],"predecessor-version":[{"id":15156519,"href":"https:\/\/kapitalis.com\/tunisie\/wp-json\/wp\/v2\/posts\/15156486\/revisions\/15156519"}],"wp:featuredmedia":[{"embeddable":true,"href":"https:\/\/kapitalis.com\/tunisie\/wp-json\/wp\/v2\/media\/15156508"}],"wp:attachment":[{"href":"https:\/\/kapitalis.com\/tunisie\/wp-json\/wp\/v2\/media?parent=15156486"}],"wp:term":[{"taxonomy":"category","embeddable":true,"href":"https:\/\/kapitalis.com\/tunisie\/wp-json\/wp\/v2\/categories?post=15156486"},{"taxonomy":"post_tag","embeddable":true,"href":"https:\/\/kapitalis.com\/tunisie\/wp-json\/wp\/v2\/tags?post=15156486"}],"curies":[{"name":"wp","href":"https:\/\/api.w.org\/{rel}","templated":true}]}}