{"id":151597,"date":"2018-04-30T14:00:35","date_gmt":"2018-04-30T13:00:35","guid":{"rendered":"http:\/\/kapitalis.com\/tunisie\/?p=151597"},"modified":"2018-04-30T14:00:35","modified_gmt":"2018-04-30T13:00:35","slug":"mediterranee-le-pont-entre-haouaria-et-la-sicile-se-realisera-tot-ou-tard","status":"publish","type":"post","link":"https:\/\/kapitalis.com\/tunisie\/2018\/04\/30\/mediterranee-le-pont-entre-haouaria-et-la-sicile-se-realisera-tot-ou-tard\/","title":{"rendered":"M\u00e9diterran\u00e9e : Le pont entre Haouaria et la Sicile se r\u00e9alisera t\u00f4t ou tard"},"content":{"rendered":"<p style=\"text-align: center;\"><img loading=\"lazy\" decoding=\"async\" class=\"alignnone size-full wp-image-115521\" src=\"http:\/\/kapitalis.com\/tunisie\/wp-content\/uploads\/2017\/09\/Pont.jpg\" alt=\"\" width=\"626\" height=\"380\" \/><\/p>\n<p><em><strong>On doit l\u2019id\u00e9e de d\u00e9part d\u2019un pont au dessus de la M\u00e9diterran\u00e9e entre Haouaria (Tunisie) et la Sicile (Italie) \u00e0 l\u2019architecte allemand Herman S\u00f6rgel, qui propos\u00e9 son projet Atlantropa comme solution radicale aux probl\u00e8mes de ch\u00f4mage et de surpopulation.<\/strong><\/em><\/p>\n<p>Par <strong>Moncef Kamoun<\/strong> *<\/p>\n<p><!--more--><\/p>\n<p><img loading=\"lazy\" decoding=\"async\" class=\"wp-image-45401 alignleft\" src=\"http:\/\/kapitalis.com\/tunisie\/wp-content\/uploads\/2016\/04\/Moncef-Kammoun.jpg\" alt=\"\" width=\"200\" height=\"200\" \/>Herman S\u00f6rgel, qui a \u00e9t\u00e9 t\u00e9moin de la premi\u00e8re guerre mondiale, de la crise \u00e9conomique et politique des ann\u00e9es 1920 et de la mont\u00e9e du nazisme, a \u00e9labor\u00e9 ce projet\u00a0Atlantropa, qui consiste \u00e0 construire des barrages dot\u00e9s d\u2019immenses centrales hydro\u00e9lectriques sur les d\u00e9troits de Gibraltar et des Dardanelles et entre la Tunisie et la Sicile.<\/p>\n<p>Le projet peut sembler au d\u00e9part d\u00e9lirant, mais il a \u00e9t\u00e9 pris au s\u00e9rieux par des ing\u00e9nieurs, des architectes et certains politiciens.<\/p>\n<h3>L\u2019\u00e9migration : un ph\u00e9nom\u00e8ne enracin\u00e9 \u00e0 la nature humaine<\/h3>\n<p>L\u2019\u00e9migration a exist\u00e9 de tout temps et l\u2019histoire est ponctu\u00e9e de mouvements de peuples qui partaient pour d\u00e9couvrir et peupler de nouveaux mondes. Qui ne conna\u00eet pas l\u2019exode des Juifs vers la terre promise, l\u2019\u00e9pop\u00e9e des Celtes qui traversent l\u2019Europe d\u2019Est en Ouest et en Espagne et m\u00eame en Afrique du Nord ou, plus proche de nous, l\u2019\u00e9migration des Europ\u00e9ens en Am\u00e9rique du Nord et du Sud ?<\/p>\n<p>Si, aujourd\u2019hui, l\u2019Italie fait r\u00eaver bien des jeunes tunisiens victimes du ch\u00f4mage, \u00e0 la fin du 19e et au d\u00e9but du 20e si\u00e8cles, de nombreux Siciliens, Sardes, Napolitains et Maltais, pouss\u00e9s par la mis\u00e8re et le manque de travail, quitt\u00e8rent leur Italie natale pour venir chercher un meilleur sort en Tunisie, o\u00f9 les opportunit\u00e9s de travail \u00e9taient nombreuses comme ma\u00e7ons, artisans, p\u00eacheurs ou m\u00eame manutentionnaires. Ils travaillaient dur et vivaient modestement et beaucoup d\u2019entre eux se sont m\u00e9lang\u00e9s aux populations arabo-musulmanes locales et ont fait souche.<\/p>\n<p style=\"text-align: center;\"><img loading=\"lazy\" decoding=\"async\" class=\"alignnone wp-image-151601\" src=\"http:\/\/kapitalis.com\/tunisie\/wp-content\/uploads\/2018\/04\/Atlantropa.jpg\" alt=\"\" width=\"500\" height=\"402\" \/><\/p>\n<p style=\"text-align: center;\"><em>Le projet Atlantropa de\u00a0Herman S\u00f6rgel.<\/em><\/p>\n<p>Aujourd\u2019hui, de plus en plus d\u2019hommes, de femmes et m\u00eame d\u2019enfants quittent leur pays d\u2019origine dans l\u2019espoir de trouver ailleurs de meilleures conditions de vie, d\u2019autant que la mobilit\u00e9 croissante \u00e0 l\u2019\u00e9chelle mondiale permet aux personnes de se rendre dans les pays les plus lointains voire sur d\u2019autres continents.<\/p>\n<p>Soucieux de d\u00e9fendre les int\u00e9r\u00eats de leurs populations autochtones, la majorit\u00e9 des Etats adoptent des dispositions restrictives de l\u2019immigration, tout en reconnaissant leur devoir d\u2019accorder protection et asile aux personnes menac\u00e9es, mais aucun pays n\u2019est \u00e0 m\u00eame de faire face \u00e0 l\u2019afflux massif de populations \u00e9trang\u00e8res.<\/p>\n<h3>M\u00e9diterran\u00e9e : le plus grand cimeti\u00e8re de migrants au monde<\/h3>\n<p>Aujourd\u2019hui, la mis\u00e8re, le ch\u00f4mage et les pers\u00e9cutions religieuses, politiques et ethniques poussent des centaines de milliers de personnes \u00e0 l\u2019exode. Chaque jour, des flux migratoires importants vers l\u2019Europe proviennent de pays en guerre ou aux prises avec l\u2019instabilit\u00e9 politique, comme le Soudan, l\u2019Erythr\u00e9e, la Syrie, le Mali, le nord du Nig\u00e9ria, la Libye, ou m\u00eame des pays qui vivent des difficult\u00e9s socio-\u00e9conomiques comme le Niger et la Tunisie.<\/p>\n<p>Ainsi, 280.000 personnes sont entr\u00e9es ill\u00e9galement dans l\u2019Union europ\u00e9enne (UE) en 2014, 365.000 personnes ont fait de m\u00eame au cours des 8 premiers mois de l\u2019ann\u00e9e 2015, et ce chiffre conna\u00eet une augmentation exponentielle.<\/p>\n<p>Aujourd\u2019hui, m\u00eame avec le renforcement des moyens de surveillance maritimes de l\u2019Europe, et l\u2019apport d\u2019une dizaine d\u2019Ong avec autant de navires, sans compter les b\u00e2timents militaires, le probl\u00e8me reste entier. En effet, des milliers de r\u00e9fugi\u00e9s risquent leur vie en M\u00e9diterran\u00e9e pour rejoindre l\u2019Europe. Aucun moyen n\u2019a prouv\u00e9 son efficacit\u00e9 pour faire face \u00e0 l\u2019afflux de migrants qui quittent chaque jour l\u2019Afrique et le Moyen-Orient en qu\u00eate d&rsquo;Europe.<\/p>\n<p>Selon la marine italienne, la seule op\u00e9ration <em>\u00abMare Nostrum\u00bb<\/em> a secouru 150.000 r\u00e9fugi\u00e9s entre octobre 2013 et octobre 2014. Cette op\u00e9ration militaro-humanitaire lanc\u00e9e par l\u2019Italie pour surveiller la M\u00e9diterran\u00e9e a aussi permis d\u2019arr\u00eater 351 passeurs.<\/p>\n<p>Par ailleurs, plus de 75% des migrants morts pendant la travers\u00e9e ont p\u00e9ri en M\u00e9diterran\u00e9e. Des milliers de corps continuent de s\u2019ab\u00eemer contre les c\u00f4tes europ\u00e9ennes, avec d\u00e9j\u00e0 plus de 3.700 pour la seule ann\u00e9e 2015 et 3.800 en 2016.<\/p>\n<p>Selon les estimations de l\u2019Organisation internationale pour les migrations (OIM), 22.000 migrants seraient morts en tentant de gagner l\u2019Europe depuis l\u2019an 2000, principalement en traversant la M\u00e9diterran\u00e9e.<\/p>\n<p style=\"text-align: center;\"><img loading=\"lazy\" decoding=\"async\" class=\"alignnone wp-image-151599\" src=\"http:\/\/kapitalis.com\/tunisie\/wp-content\/uploads\/2018\/04\/Aylan-Kurdi.jpg\" alt=\"\" width=\"500\" height=\"333\" \/><\/p>\n<p style=\"text-align: center;\"><em>L&rsquo;enfant syrien Aylan Kurdi dont la mort a \u00e9mu l&rsquo;humanit\u00e9 enti\u00e8re.<\/em><\/p>\n<h3>Un v\u00e9ritable atteinte \u00e0 nos valeurs<\/h3>\n<p>Il est bien clair aujourd\u2019hui qu\u2019il ne s\u2019agit pas d\u2019emp\u00eacher les migrants de traverser la M\u00e9diterran\u00e9e mais plut\u00f4t de traiter le probl\u00e8me \u00e0 la racine, par une action globale puissante et dans la dur\u00e9e, sinon il ne fera que s\u2019aggraver.<\/p>\n<p>Face \u00e0 ce d\u00e9fi humain, de nombreuses initiatives ont \u00e9t\u00e9 lanc\u00e9es partout en Europe afin de r\u00e9duire le nombre de victimes de la migration clandestine, dont celle d\u2019une association autrichienne, Center of Political Beauty, qui \u0153uvre \u00e0 r\u00e9tablir la beaut\u00e9 morale et la grandeur humaine et consid\u00e8re le rejet des r\u00e9fugi\u00e9s comme une l\u00e2chet\u00e9 humaine.<\/p>\n<p>Cette association a repris l\u2019id\u00e9e de Herman S\u00f6rgel pour la d\u00e9velopper, et repris le projet de pont de 150 kilom\u00e8tres au-dessus de la M\u00e9diterran\u00e9e, reliant l\u2019Afrique et l\u2019Europe, et plus pr\u00e9cis\u00e9ment la ville tunisienne de Haouaria et celle d\u2019Agrigente, en Sicile.<\/p>\n<p>Ce projet sera compos\u00e9 de quatre tron\u00e7ons de 30 kilom\u00e8tres chacun, dont un souterrain, sous forme de tunnel sous la mer, et trois reliant des \u00eeles artificielles. Cet ouvrage permettrait aux r\u00e9fugi\u00e9s et migrants des pays du sud de passer, en toute s\u00e9curit\u00e9, sur la rive nord de la M\u00e9diterran\u00e9e.<\/p>\n<p>Christian Konrad, coordinateur de l\u2019aide aux r\u00e9fugi\u00e9s, consid\u00e8re que la diplomatie n\u2019a pas r\u00e9ussi \u00e0 r\u00e9gler le probl\u00e8me migratoire et qu\u2019il est temps d\u2019essayer la technologie.<\/p>\n<p>Autrichien lui aussi, M. Konrad soutient le projet du pont afin de mettre un terme \u00e0 ces milliers de noyades consid\u00e9rant que l&rsquo;aide aux r\u00e9fugi\u00e9s est une action gagnant-gagnant.<\/p>\n<p>D\u2019o\u00f9 le lancement du projet TUNeIT qui propose l\u2019\u00e9tude de la construction du pont auquel ont adh\u00e9r\u00e9 les \u00e9coles d\u2019architecture et d\u2019ing\u00e9nieurs de la Tunisie et de l\u2019Italie, ce qui renforce davantage la culture d\u2019\u00e9change et de partenariat entre professionnels, acad\u00e9miciens et \u00e9tudiants des deux rives de la M\u00e9diterran\u00e9e.<\/p>\n<p>Un concours d\u2019id\u00e9es a ainsi \u00e9t\u00e9 lanc\u00e9, le 19 septembre 2017, pour la conception d\u2019une \u00eele artificielle aux larges d\u2019El Haouaria avec ses trois lots, architecture, g\u00e9nie civil et \u00e9nergie renouvelable.<\/p>\n<p>En attendant la r\u00e9alisation de ce pont, un millier de plateformes de secours devraient \u00eatre diss\u00e9min\u00e9es dans la mer, parall\u00e8lement aux travaux de construction du pont. C&rsquo;est la raison pour laquelle le Centre pour la beaut\u00e9 politique a lanc\u00e9 une campagne de financement pour permettre l\u2019installation de ces plateformes baptis\u00e9e Aylan 1, de l\u2019enfant syrien mort en traversant la M\u00e9diterran\u00e9e et dont la photo avait fait le tour du monde.<\/p>\n<p>Le Center of Political Beauty souhaite obtenir pour le financement un soutien du Nobel de la Paix en 2012, \u00e0 savoir l\u2019Union europ\u00e9enne.<\/p>\n<p>Le co\u00fbt estim\u00e9 de l\u2019ouvrage est 230 milliards d\u2019euros, ce qui n\u00e9cessiterait un consensus de tous les pays d\u2019Europe.<\/p>\n<p><em>* MK Architecte.<\/em><\/p>\n<p><em><strong>Articles li\u00e9s:<\/strong><\/em><\/p>\n<blockquote class=\"wp-embedded-content\" data-secret=\"kQYYNPT1ZX\"><p><a href=\"https:\/\/kapitalis.com\/tunisie\/2017\/09\/24\/pont-au-dessus-de-la-mediterranee-un-saut-dans-le-vide\/\">Pont au dessus de la M\u00e9diterran\u00e9e : Un saut dans le vide<\/a><\/p><\/blockquote>\n<p><iframe loading=\"lazy\" class=\"wp-embedded-content\" sandbox=\"allow-scripts\" security=\"restricted\" style=\"position: absolute; clip: rect(1px, 1px, 1px, 1px);\" title=\"\u00ab\u00a0Pont au dessus de la M\u00e9diterran\u00e9e : Un saut dans le vide\u00a0\u00bb &#8212; Kapitalis\" src=\"https:\/\/kapitalis.com\/tunisie\/2017\/09\/24\/pont-au-dessus-de-la-mediterranee-un-saut-dans-le-vide\/embed\/#?secret=tLuYnarbVv#?secret=kQYYNPT1ZX\" data-secret=\"kQYYNPT1ZX\" width=\"600\" height=\"338\" frameborder=\"0\" marginwidth=\"0\" marginheight=\"0\" scrolling=\"no\"><\/iframe><\/p>\n<p><em><strong>Articles du m\u00eame auteur dans Kapitalis:\u00a0<\/strong><\/em><\/p>\n<blockquote class=\"wp-embedded-content\" data-secret=\"RuFuSBgwJO\"><p><a href=\"https:\/\/kapitalis.com\/tunisie\/2018\/04\/13\/la-tunisie-trahie-par-ses-dirigeants-pouvoir-politique-et-impunite\/\">La Tunisie trahie par ses dirigeants : Pouvoir politique et impunit\u00e9<\/a><\/p><\/blockquote>\n<p><iframe loading=\"lazy\" class=\"wp-embedded-content\" sandbox=\"allow-scripts\" security=\"restricted\" style=\"position: absolute; clip: rect(1px, 1px, 1px, 1px);\" title=\"\u00ab\u00a0La Tunisie trahie par ses dirigeants : Pouvoir politique et impunit\u00e9\u00a0\u00bb &#8212; Kapitalis\" src=\"https:\/\/kapitalis.com\/tunisie\/2018\/04\/13\/la-tunisie-trahie-par-ses-dirigeants-pouvoir-politique-et-impunite\/embed\/#?secret=e0VxQgl9Wi#?secret=RuFuSBgwJO\" data-secret=\"RuFuSBgwJO\" width=\"600\" height=\"338\" frameborder=\"0\" marginwidth=\"0\" marginheight=\"0\" scrolling=\"no\"><\/iframe><\/p>\n<blockquote class=\"wp-embedded-content\" data-secret=\"mfPJrF1aD3\"><p><a href=\"https:\/\/kapitalis.com\/tunisie\/2018\/03\/08\/cite-de-la-culture-de-tunis-pour-rendre-hommage-a-nos-maitres\/\">Cit\u00e9 de la Culture de Tunis : Pour rendre hommage \u00e0 nos ma\u00eetres<\/a><\/p><\/blockquote>\n<p><iframe loading=\"lazy\" class=\"wp-embedded-content\" sandbox=\"allow-scripts\" security=\"restricted\" style=\"position: absolute; clip: rect(1px, 1px, 1px, 1px);\" title=\"\u00ab\u00a0Cit\u00e9 de la Culture de Tunis : Pour rendre hommage \u00e0 nos ma\u00eetres\u00a0\u00bb &#8212; Kapitalis\" src=\"https:\/\/kapitalis.com\/tunisie\/2018\/03\/08\/cite-de-la-culture-de-tunis-pour-rendre-hommage-a-nos-maitres\/embed\/#?secret=nDKCDOHYmh#?secret=mfPJrF1aD3\" data-secret=\"mfPJrF1aD3\" width=\"600\" height=\"338\" frameborder=\"0\" marginwidth=\"0\" marginheight=\"0\" scrolling=\"no\"><\/iframe><\/p>\n<blockquote class=\"wp-embedded-content\" data-secret=\"2f25pthLTQ\"><p><a href=\"https:\/\/kapitalis.com\/tunisie\/2018\/01\/24\/tunisie-les-villes-sont-moches-mais-que-font-les-architectes\/\">Tunisie : Les villes sont moches, mais que font les architectes ?<\/a><\/p><\/blockquote>\n<p><iframe loading=\"lazy\" class=\"wp-embedded-content\" sandbox=\"allow-scripts\" security=\"restricted\" style=\"position: absolute; clip: rect(1px, 1px, 1px, 1px);\" title=\"\u00ab\u00a0Tunisie : Les villes sont moches, mais que font les architectes ?\u00a0\u00bb &#8212; Kapitalis\" src=\"https:\/\/kapitalis.com\/tunisie\/2018\/01\/24\/tunisie-les-villes-sont-moches-mais-que-font-les-architectes\/embed\/#?secret=NxqLxX4rLM#?secret=2f25pthLTQ\" data-secret=\"2f25pthLTQ\" width=\"600\" height=\"338\" frameborder=\"0\" marginwidth=\"0\" marginheight=\"0\" scrolling=\"no\"><\/iframe><\/p>\n","protected":false},"excerpt":{"rendered":"<p>On doit l\u2019id\u00e9e de d\u00e9part d\u2019un pont au dessus de la M\u00e9diterran\u00e9e entre Haouaria (Tunisie) et la Sicile (Italie) \u00e0 l\u2019architecte allemand Herman S\u00f6rgel, qui propos\u00e9 son projet Atlantropa comme solution radicale aux probl\u00e8mes de ch\u00f4mage et de surpopulation. Par Moncef Kamoun *<\/p>\n","protected":false},"author":8,"featured_media":151599,"comment_status":"open","ping_status":"open","sticky":false,"template":"","format":"standard","meta":{"footnotes":""},"categories":[992,1000,2433],"tags":[2841,3545,595,3145,5548,1741],"class_list":["post-151597","post","type-post","status-publish","format-standard","has-post-thumbnail","hentry","category-a-la-une","category-tribune","category-tunisie","tag-agrigente","tag-haouaria","tag-mediterranee","tag-migrants","tag-migration","tag-sicile"],"yoast_head":"<!-- This site is optimized with the Yoast SEO plugin v26.6 - https:\/\/yoast.com\/wordpress\/plugins\/seo\/ -->\n<title>M\u00e9diterran\u00e9e : Le pont entre Haouaria et la Sicile se r\u00e9alisera t\u00f4t ou tard - Kapitalis<\/title>\n<meta name=\"robots\" content=\"index, follow, max-snippet:-1, max-image-preview:large, max-video-preview:-1\" \/>\n<link rel=\"canonical\" href=\"https:\/\/kapitalis.com\/tunisie\/2018\/04\/30\/mediterranee-le-pont-entre-haouaria-et-la-sicile-se-realisera-tot-ou-tard\/\" \/>\n<meta property=\"og:locale\" content=\"fr_FR\" \/>\n<meta property=\"og:type\" content=\"article\" \/>\n<meta property=\"og:title\" content=\"M\u00e9diterran\u00e9e : Le pont entre Haouaria et la Sicile se r\u00e9alisera t\u00f4t ou tard - Kapitalis\" \/>\n<meta property=\"og:description\" content=\"On doit l\u2019id\u00e9e de d\u00e9part d\u2019un pont au dessus de la M\u00e9diterran\u00e9e entre Haouaria (Tunisie) et la Sicile (Italie) \u00e0 l\u2019architecte allemand Herman S\u00f6rgel, qui propos\u00e9 son projet Atlantropa comme solution radicale aux probl\u00e8mes de ch\u00f4mage et de surpopulation. Par Moncef Kamoun *\" \/>\n<meta property=\"og:url\" content=\"https:\/\/kapitalis.com\/tunisie\/2018\/04\/30\/mediterranee-le-pont-entre-haouaria-et-la-sicile-se-realisera-tot-ou-tard\/\" \/>\n<meta property=\"og:site_name\" content=\"Kapitalis\" \/>\n<meta property=\"article:publisher\" content=\"https:\/\/www.facebook.com\/KapitalisInfo\/\" \/>\n<meta property=\"article:published_time\" content=\"2018-04-30T13:00:35+00:00\" \/>\n<meta property=\"og:image\" content=\"https:\/\/kapitalis.com\/tunisie\/wp-content\/uploads\/2022\/05\/kapitalis-logo-fb.png\" \/>\n\t<meta property=\"og:image:width\" content=\"1200\" \/>\n\t<meta property=\"og:image:height\" content=\"630\" \/>\n\t<meta property=\"og:image:type\" content=\"image\/png\" \/>\n<meta name=\"author\" content=\"webmaster kapitalis\" \/>\n<meta name=\"twitter:card\" content=\"summary_large_image\" \/>\n<meta name=\"twitter:creator\" content=\"@KapitalisInfo\" \/>\n<meta name=\"twitter:site\" content=\"@KapitalisInfo\" \/>\n<meta name=\"twitter:label1\" content=\"\u00c9crit par\" \/>\n\t<meta name=\"twitter:data1\" content=\"webmaster kapitalis\" \/>\n\t<meta name=\"twitter:label2\" content=\"Dur\u00e9e de lecture estim\u00e9e\" \/>\n\t<meta name=\"twitter:data2\" content=\"7 minutes\" \/>\n<script type=\"application\/ld+json\" class=\"yoast-schema-graph\">{\"@context\":\"https:\/\/schema.org\",\"@graph\":[{\"@type\":\"Article\",\"@id\":\"https:\/\/kapitalis.com\/tunisie\/2018\/04\/30\/mediterranee-le-pont-entre-haouaria-et-la-sicile-se-realisera-tot-ou-tard\/#article\",\"isPartOf\":{\"@id\":\"https:\/\/kapitalis.com\/tunisie\/2018\/04\/30\/mediterranee-le-pont-entre-haouaria-et-la-sicile-se-realisera-tot-ou-tard\/\"},\"author\":{\"name\":\"webmaster kapitalis\",\"@id\":\"https:\/\/kapitalis.com\/tunisie\/#\/schema\/person\/d71f33a9ca44f7bad4698210b480c8e9\"},\"headline\":\"M\u00e9diterran\u00e9e : Le pont entre Haouaria et la Sicile se r\u00e9alisera t\u00f4t ou tard\",\"datePublished\":\"2018-04-30T13:00:35+00:00\",\"mainEntityOfPage\":{\"@id\":\"https:\/\/kapitalis.com\/tunisie\/2018\/04\/30\/mediterranee-le-pont-entre-haouaria-et-la-sicile-se-realisera-tot-ou-tard\/\"},\"wordCount\":1351,\"commentCount\":22,\"publisher\":{\"@id\":\"https:\/\/kapitalis.com\/tunisie\/#organization\"},\"image\":{\"@id\":\"https:\/\/kapitalis.com\/tunisie\/2018\/04\/30\/mediterranee-le-pont-entre-haouaria-et-la-sicile-se-realisera-tot-ou-tard\/#primaryimage\"},\"thumbnailUrl\":\"\",\"keywords\":[\"Agrigente\",\"Haouaria\",\"M\u00e9diterran\u00e9e\",\"migrants\",\"migration\",\"Sicile\"],\"articleSection\":[\"A LA UNE\",\"TRIBUNE\",\"Tunisie\"],\"inLanguage\":\"fr-FR\",\"potentialAction\":[{\"@type\":\"CommentAction\",\"name\":\"Comment\",\"target\":[\"https:\/\/kapitalis.com\/tunisie\/2018\/04\/30\/mediterranee-le-pont-entre-haouaria-et-la-sicile-se-realisera-tot-ou-tard\/#respond\"]}]},{\"@type\":\"WebPage\",\"@id\":\"https:\/\/kapitalis.com\/tunisie\/2018\/04\/30\/mediterranee-le-pont-entre-haouaria-et-la-sicile-se-realisera-tot-ou-tard\/\",\"url\":\"https:\/\/kapitalis.com\/tunisie\/2018\/04\/30\/mediterranee-le-pont-entre-haouaria-et-la-sicile-se-realisera-tot-ou-tard\/\",\"name\":\"M\u00e9diterran\u00e9e : Le pont entre Haouaria et la Sicile se r\u00e9alisera t\u00f4t ou tard - Kapitalis\",\"isPartOf\":{\"@id\":\"https:\/\/kapitalis.com\/tunisie\/#website\"},\"primaryImageOfPage\":{\"@id\":\"https:\/\/kapitalis.com\/tunisie\/2018\/04\/30\/mediterranee-le-pont-entre-haouaria-et-la-sicile-se-realisera-tot-ou-tard\/#primaryimage\"},\"image\":{\"@id\":\"https:\/\/kapitalis.com\/tunisie\/2018\/04\/30\/mediterranee-le-pont-entre-haouaria-et-la-sicile-se-realisera-tot-ou-tard\/#primaryimage\"},\"thumbnailUrl\":\"\",\"datePublished\":\"2018-04-30T13:00:35+00:00\",\"breadcrumb\":{\"@id\":\"https:\/\/kapitalis.com\/tunisie\/2018\/04\/30\/mediterranee-le-pont-entre-haouaria-et-la-sicile-se-realisera-tot-ou-tard\/#breadcrumb\"},\"inLanguage\":\"fr-FR\",\"potentialAction\":[{\"@type\":\"ReadAction\",\"target\":[\"https:\/\/kapitalis.com\/tunisie\/2018\/04\/30\/mediterranee-le-pont-entre-haouaria-et-la-sicile-se-realisera-tot-ou-tard\/\"]}]},{\"@type\":\"ImageObject\",\"inLanguage\":\"fr-FR\",\"@id\":\"https:\/\/kapitalis.com\/tunisie\/2018\/04\/30\/mediterranee-le-pont-entre-haouaria-et-la-sicile-se-realisera-tot-ou-tard\/#primaryimage\",\"url\":\"\",\"contentUrl\":\"\"},{\"@type\":\"BreadcrumbList\",\"@id\":\"https:\/\/kapitalis.com\/tunisie\/2018\/04\/30\/mediterranee-le-pont-entre-haouaria-et-la-sicile-se-realisera-tot-ou-tard\/#breadcrumb\",\"itemListElement\":[{\"@type\":\"ListItem\",\"position\":1,\"name\":\"Accueil\",\"item\":\"https:\/\/kapitalis.com\/tunisie\/\"},{\"@type\":\"ListItem\",\"position\":2,\"name\":\"M\u00e9diterran\u00e9e : Le pont entre Haouaria et la Sicile se r\u00e9alisera t\u00f4t ou tard\"}]},{\"@type\":\"WebSite\",\"@id\":\"https:\/\/kapitalis.com\/tunisie\/#website\",\"url\":\"https:\/\/kapitalis.com\/tunisie\/\",\"name\":\"Kapitalis\",\"description\":\"L&#039;actualit\u00e9 en Tunisie et dans le monde\",\"publisher\":{\"@id\":\"https:\/\/kapitalis.com\/tunisie\/#organization\"},\"potentialAction\":[{\"@type\":\"SearchAction\",\"target\":{\"@type\":\"EntryPoint\",\"urlTemplate\":\"https:\/\/kapitalis.com\/tunisie\/?s={search_term_string}\"},\"query-input\":{\"@type\":\"PropertyValueSpecification\",\"valueRequired\":true,\"valueName\":\"search_term_string\"}}],\"inLanguage\":\"fr-FR\"},{\"@type\":\"Organization\",\"@id\":\"https:\/\/kapitalis.com\/tunisie\/#organization\",\"name\":\"Kapitalis\",\"url\":\"https:\/\/kapitalis.com\/tunisie\/\",\"logo\":{\"@type\":\"ImageObject\",\"inLanguage\":\"fr-FR\",\"@id\":\"https:\/\/kapitalis.com\/tunisie\/#\/schema\/logo\/image\/\",\"url\":\"https:\/\/kapitalis.com\/tunisie\/wp-content\/uploads\/2022\/05\/Kapitalis-big-size.png\",\"contentUrl\":\"https:\/\/kapitalis.com\/tunisie\/wp-content\/uploads\/2022\/05\/Kapitalis-big-size.png\",\"width\":5000,\"height\":1500,\"caption\":\"Kapitalis\"},\"image\":{\"@id\":\"https:\/\/kapitalis.com\/tunisie\/#\/schema\/logo\/image\/\"},\"sameAs\":[\"https:\/\/www.facebook.com\/KapitalisInfo\/\",\"https:\/\/x.com\/KapitalisInfo\",\"https:\/\/www.youtube.com\/channel\/UC-yDYrHyfFBWWZaOw3FPg9Q\"]},{\"@type\":\"Person\",\"@id\":\"https:\/\/kapitalis.com\/tunisie\/#\/schema\/person\/d71f33a9ca44f7bad4698210b480c8e9\",\"name\":\"webmaster kapitalis\",\"url\":\"https:\/\/kapitalis.com\/tunisie\/author\/webmaster-kapitalis\/\"}]}<\/script>\n<!-- \/ Yoast SEO plugin. -->","yoast_head_json":{"title":"M\u00e9diterran\u00e9e : Le pont entre Haouaria et la Sicile se r\u00e9alisera t\u00f4t ou tard - Kapitalis","robots":{"index":"index","follow":"follow","max-snippet":"max-snippet:-1","max-image-preview":"max-image-preview:large","max-video-preview":"max-video-preview:-1"},"canonical":"https:\/\/kapitalis.com\/tunisie\/2018\/04\/30\/mediterranee-le-pont-entre-haouaria-et-la-sicile-se-realisera-tot-ou-tard\/","og_locale":"fr_FR","og_type":"article","og_title":"M\u00e9diterran\u00e9e : Le pont entre Haouaria et la Sicile se r\u00e9alisera t\u00f4t ou tard - Kapitalis","og_description":"On doit l\u2019id\u00e9e de d\u00e9part d\u2019un pont au dessus de la M\u00e9diterran\u00e9e entre Haouaria (Tunisie) et la Sicile (Italie) \u00e0 l\u2019architecte allemand Herman S\u00f6rgel, qui propos\u00e9 son projet Atlantropa comme solution radicale aux probl\u00e8mes de ch\u00f4mage et de surpopulation. Par Moncef Kamoun *","og_url":"https:\/\/kapitalis.com\/tunisie\/2018\/04\/30\/mediterranee-le-pont-entre-haouaria-et-la-sicile-se-realisera-tot-ou-tard\/","og_site_name":"Kapitalis","article_publisher":"https:\/\/www.facebook.com\/KapitalisInfo\/","article_published_time":"2018-04-30T13:00:35+00:00","og_image":[{"width":1200,"height":630,"url":"https:\/\/kapitalis.com\/tunisie\/wp-content\/uploads\/2022\/05\/kapitalis-logo-fb.png","type":"image\/png"}],"author":"webmaster kapitalis","twitter_card":"summary_large_image","twitter_creator":"@KapitalisInfo","twitter_site":"@KapitalisInfo","twitter_misc":{"\u00c9crit par":"webmaster kapitalis","Dur\u00e9e de lecture estim\u00e9e":"7 minutes"},"schema":{"@context":"https:\/\/schema.org","@graph":[{"@type":"Article","@id":"https:\/\/kapitalis.com\/tunisie\/2018\/04\/30\/mediterranee-le-pont-entre-haouaria-et-la-sicile-se-realisera-tot-ou-tard\/#article","isPartOf":{"@id":"https:\/\/kapitalis.com\/tunisie\/2018\/04\/30\/mediterranee-le-pont-entre-haouaria-et-la-sicile-se-realisera-tot-ou-tard\/"},"author":{"name":"webmaster kapitalis","@id":"https:\/\/kapitalis.com\/tunisie\/#\/schema\/person\/d71f33a9ca44f7bad4698210b480c8e9"},"headline":"M\u00e9diterran\u00e9e : Le pont entre Haouaria et la Sicile se r\u00e9alisera t\u00f4t ou tard","datePublished":"2018-04-30T13:00:35+00:00","mainEntityOfPage":{"@id":"https:\/\/kapitalis.com\/tunisie\/2018\/04\/30\/mediterranee-le-pont-entre-haouaria-et-la-sicile-se-realisera-tot-ou-tard\/"},"wordCount":1351,"commentCount":22,"publisher":{"@id":"https:\/\/kapitalis.com\/tunisie\/#organization"},"image":{"@id":"https:\/\/kapitalis.com\/tunisie\/2018\/04\/30\/mediterranee-le-pont-entre-haouaria-et-la-sicile-se-realisera-tot-ou-tard\/#primaryimage"},"thumbnailUrl":"","keywords":["Agrigente","Haouaria","M\u00e9diterran\u00e9e","migrants","migration","Sicile"],"articleSection":["A LA UNE","TRIBUNE","Tunisie"],"inLanguage":"fr-FR","potentialAction":[{"@type":"CommentAction","name":"Comment","target":["https:\/\/kapitalis.com\/tunisie\/2018\/04\/30\/mediterranee-le-pont-entre-haouaria-et-la-sicile-se-realisera-tot-ou-tard\/#respond"]}]},{"@type":"WebPage","@id":"https:\/\/kapitalis.com\/tunisie\/2018\/04\/30\/mediterranee-le-pont-entre-haouaria-et-la-sicile-se-realisera-tot-ou-tard\/","url":"https:\/\/kapitalis.com\/tunisie\/2018\/04\/30\/mediterranee-le-pont-entre-haouaria-et-la-sicile-se-realisera-tot-ou-tard\/","name":"M\u00e9diterran\u00e9e : Le pont entre Haouaria et la Sicile se r\u00e9alisera t\u00f4t ou tard - Kapitalis","isPartOf":{"@id":"https:\/\/kapitalis.com\/tunisie\/#website"},"primaryImageOfPage":{"@id":"https:\/\/kapitalis.com\/tunisie\/2018\/04\/30\/mediterranee-le-pont-entre-haouaria-et-la-sicile-se-realisera-tot-ou-tard\/#primaryimage"},"image":{"@id":"https:\/\/kapitalis.com\/tunisie\/2018\/04\/30\/mediterranee-le-pont-entre-haouaria-et-la-sicile-se-realisera-tot-ou-tard\/#primaryimage"},"thumbnailUrl":"","datePublished":"2018-04-30T13:00:35+00:00","breadcrumb":{"@id":"https:\/\/kapitalis.com\/tunisie\/2018\/04\/30\/mediterranee-le-pont-entre-haouaria-et-la-sicile-se-realisera-tot-ou-tard\/#breadcrumb"},"inLanguage":"fr-FR","potentialAction":[{"@type":"ReadAction","target":["https:\/\/kapitalis.com\/tunisie\/2018\/04\/30\/mediterranee-le-pont-entre-haouaria-et-la-sicile-se-realisera-tot-ou-tard\/"]}]},{"@type":"ImageObject","inLanguage":"fr-FR","@id":"https:\/\/kapitalis.com\/tunisie\/2018\/04\/30\/mediterranee-le-pont-entre-haouaria-et-la-sicile-se-realisera-tot-ou-tard\/#primaryimage","url":"","contentUrl":""},{"@type":"BreadcrumbList","@id":"https:\/\/kapitalis.com\/tunisie\/2018\/04\/30\/mediterranee-le-pont-entre-haouaria-et-la-sicile-se-realisera-tot-ou-tard\/#breadcrumb","itemListElement":[{"@type":"ListItem","position":1,"name":"Accueil","item":"https:\/\/kapitalis.com\/tunisie\/"},{"@type":"ListItem","position":2,"name":"M\u00e9diterran\u00e9e : Le pont entre Haouaria et la Sicile se r\u00e9alisera t\u00f4t ou tard"}]},{"@type":"WebSite","@id":"https:\/\/kapitalis.com\/tunisie\/#website","url":"https:\/\/kapitalis.com\/tunisie\/","name":"Kapitalis","description":"L&#039;actualit\u00e9 en Tunisie et dans le monde","publisher":{"@id":"https:\/\/kapitalis.com\/tunisie\/#organization"},"potentialAction":[{"@type":"SearchAction","target":{"@type":"EntryPoint","urlTemplate":"https:\/\/kapitalis.com\/tunisie\/?s={search_term_string}"},"query-input":{"@type":"PropertyValueSpecification","valueRequired":true,"valueName":"search_term_string"}}],"inLanguage":"fr-FR"},{"@type":"Organization","@id":"https:\/\/kapitalis.com\/tunisie\/#organization","name":"Kapitalis","url":"https:\/\/kapitalis.com\/tunisie\/","logo":{"@type":"ImageObject","inLanguage":"fr-FR","@id":"https:\/\/kapitalis.com\/tunisie\/#\/schema\/logo\/image\/","url":"https:\/\/kapitalis.com\/tunisie\/wp-content\/uploads\/2022\/05\/Kapitalis-big-size.png","contentUrl":"https:\/\/kapitalis.com\/tunisie\/wp-content\/uploads\/2022\/05\/Kapitalis-big-size.png","width":5000,"height":1500,"caption":"Kapitalis"},"image":{"@id":"https:\/\/kapitalis.com\/tunisie\/#\/schema\/logo\/image\/"},"sameAs":["https:\/\/www.facebook.com\/KapitalisInfo\/","https:\/\/x.com\/KapitalisInfo","https:\/\/www.youtube.com\/channel\/UC-yDYrHyfFBWWZaOw3FPg9Q"]},{"@type":"Person","@id":"https:\/\/kapitalis.com\/tunisie\/#\/schema\/person\/d71f33a9ca44f7bad4698210b480c8e9","name":"webmaster kapitalis","url":"https:\/\/kapitalis.com\/tunisie\/author\/webmaster-kapitalis\/"}]}},"_links":{"self":[{"href":"https:\/\/kapitalis.com\/tunisie\/wp-json\/wp\/v2\/posts\/151597","targetHints":{"allow":["GET"]}}],"collection":[{"href":"https:\/\/kapitalis.com\/tunisie\/wp-json\/wp\/v2\/posts"}],"about":[{"href":"https:\/\/kapitalis.com\/tunisie\/wp-json\/wp\/v2\/types\/post"}],"author":[{"embeddable":true,"href":"https:\/\/kapitalis.com\/tunisie\/wp-json\/wp\/v2\/users\/8"}],"replies":[{"embeddable":true,"href":"https:\/\/kapitalis.com\/tunisie\/wp-json\/wp\/v2\/comments?post=151597"}],"version-history":[{"count":0,"href":"https:\/\/kapitalis.com\/tunisie\/wp-json\/wp\/v2\/posts\/151597\/revisions"}],"wp:featuredmedia":[{"embeddable":true,"href":"https:\/\/kapitalis.com\/tunisie\/wp-json\/wp\/v2\/media\/151599"}],"wp:attachment":[{"href":"https:\/\/kapitalis.com\/tunisie\/wp-json\/wp\/v2\/media?parent=151597"}],"wp:term":[{"taxonomy":"category","embeddable":true,"href":"https:\/\/kapitalis.com\/tunisie\/wp-json\/wp\/v2\/categories?post=151597"},{"taxonomy":"post_tag","embeddable":true,"href":"https:\/\/kapitalis.com\/tunisie\/wp-json\/wp\/v2\/tags?post=151597"}],"curies":[{"name":"wp","href":"https:\/\/api.w.org\/{rel}","templated":true}]}}