{"id":151668,"date":"2018-04-30T18:34:29","date_gmt":"2018-04-30T17:34:29","guid":{"rendered":"http:\/\/kapitalis.com\/tunisie\/?p=151668"},"modified":"2018-04-30T18:35:22","modified_gmt":"2018-04-30T17:35:22","slug":"conference-debat-les-perspectives-de-lentreprise-publique-en-tunisie","status":"publish","type":"post","link":"https:\/\/kapitalis.com\/tunisie\/2018\/04\/30\/conference-debat-les-perspectives-de-lentreprise-publique-en-tunisie\/","title":{"rendered":"Conf\u00e9rence-d\u00e9bat : Les perspectives de l\u2019entreprise publique en Tunisie"},"content":{"rendered":"<p style=\"text-align: center;\"><img loading=\"lazy\" decoding=\"async\" class=\"alignnone size-full wp-image-10252\" src=\"http:\/\/kapitalis.com\/tunisie\/wp-content\/uploads\/2015\/08\/Conect.jpg\" alt=\"\" width=\"626\" height=\"380\" \/><\/p>\n<p><em><strong>La Conf\u00e9d\u00e9ration des entreprises citoyennes de Tunisie (Conect) organise une conf\u00e9rence-d\u00e9bat sur le th\u00e8me : \u00abL\u2019entreprise publique en Tunisie : actualit\u00e9, enjeux et perspectives\u00bb, le jeudi 3 Mai 2018, \u00e0 l\u2019h\u00f4tel Le Paris, aux berges du Lac de Tunis.<\/strong><\/em><\/p>\n<p><!--more--><\/p>\n<p>L\u2019ouverture officielle de la conf\u00e9rence-d\u00e9bat sera assur\u00e9e par le chef du gouvernement Youssef Chahed.<\/p>\n<p>Les entreprises publiques jouent un r\u00f4le d\u00e9terminant dans le paysage socio-\u00e9conomique de la Tunisie au regard de leur impact sur l\u2019\u00e9conomie.<\/p>\n<p>Toutefois, elles ont commenc\u00e9 depuis des ann\u00e9es \u00e0 manifester des signes inqui\u00e9tants d\u2019essoufflement marqu\u00e9s notamment par la baisse des recettes, la faible comp\u00e9titivit\u00e9, l\u2019accumulation des pertes et le surendettement. Cette situation s\u2019explique a priori par un ensemble de facteurs endog\u00e8nes et exog\u00e8nes.<\/p>\n<p>Compte tenu des exigences des performances \u00e9conomico-financi\u00e8res et tout en prenant en consid\u00e9ration les facteurs soci\u00e9taux et politiques, l\u2019entreprise publique fait l\u2019objet de plusieurs questionnements.<\/p>\n<p>\u00c0 cet effet, diff\u00e9rentes personnalit\u00e9s \u00e9minentes, nationales et \u00e9trang\u00e8res agissant dans l\u2019\u00e9conomique, les finances, le syndicalisme, le social, l\u2019acad\u00e9mique et le politique sont invit\u00e9es \u00e0 participer \u00e0 cette conf\u00e9rence-d\u00e9bat pour s\u2019exprimer sur ce sujet et d\u2019\u00e9valuer la pertinence des diff\u00e9rentes alternatives \u00e0 l\u2019ordre des d\u00e9bats de l\u2019entreprise publique : assainissement, restructuration, am\u00e9lioration de la gouvernance, partenariat public priv\u00e9 et privatisation.<\/p>\n<p>Parmi ces participants, on annonce , aux c\u00f4t\u00e9s de Youssef Chahed, chef du gouvernement, et Tarak Cherif, pr\u00e9sident de la Conect, Noureddine Hajji, associ\u00e9 directeur g\u00e9n\u00e9ral du cabinet d\u2019audit EY Tunisie, Jack Azoulay, vice-pr\u00e9sident du conseil de surveillance de PSA, Chawki Tabib, pr\u00e9sident de l\u2019Instance nationale de lutte contre le terrorisme (Inlucc), Houcine Dimassi, \u00e9conomiste et ancien ministre des Finances, Ahmed El Karm, pr\u00e9sident du directoire d\u2019Amen Bank, Moncef Boussanouga Zammouri, pr\u00e9sident d\u2019honneur de l\u2019Ordre des experts comptables de Tunisie (OECT) et pr\u00e9sident de l\u2019Institut tunisien des expert comptables (Itec), Ahmed Ben Ghazi, fondateur ABG, un cabinet en restructuration d\u2019entreprises et partenariat, Kamel Rekik, consultant ind\u00e9pendant dans le domaine de l\u2019\u00e9nergie, Zouhair El Kadhi, directeur g\u00e9n\u00e9ral de l\u2019Institut tunisien de la comp\u00e9titivit\u00e9 et des \u00e9tudes quantitatives (Itceq), Abderrahmen Fendri, expert comptable, Donia Hedda Ellouze, avocat \u00e0 la cour de Cassation.<\/p>\n<p style=\"text-align: right;\"><strong>I. B.<\/strong> (avec communiqu\u00e9).<\/p>\n<blockquote class=\"wp-embedded-content\" data-secret=\"pMZll2CilS\"><p><a href=\"https:\/\/kapitalis.com\/tunisie\/2018\/03\/26\/tunisie-quelles-solutions-pour-les-entreprises-publiques-deficitaires\/\">Tunisie : Quelles solutions pour les entreprises publiques d\u00e9ficitaires ?<\/a><\/p><\/blockquote>\n<p><iframe loading=\"lazy\" class=\"wp-embedded-content\" sandbox=\"allow-scripts\" security=\"restricted\" style=\"position: absolute; clip: rect(1px, 1px, 1px, 1px);\" title=\"\u00ab\u00a0Tunisie : Quelles solutions pour les entreprises publiques d\u00e9ficitaires ?\u00a0\u00bb &#8212; Kapitalis\" src=\"https:\/\/kapitalis.com\/tunisie\/2018\/03\/26\/tunisie-quelles-solutions-pour-les-entreprises-publiques-deficitaires\/embed\/#?secret=tqqGocOvQO#?secret=pMZll2CilS\" data-secret=\"pMZll2CilS\" width=\"600\" height=\"338\" frameborder=\"0\" marginwidth=\"0\" marginheight=\"0\" scrolling=\"no\"><\/iframe><\/p>\n<blockquote class=\"wp-embedded-content\" data-secret=\"XY0KXJnDZE\"><p><a href=\"https:\/\/kapitalis.com\/tunisie\/2018\/02\/25\/tunisie-lentreprise-publique-a-croisee-chemins\/\">Tunisie : L\u2019entreprise publique \u00e0 la crois\u00e9e des chemins<\/a><\/p><\/blockquote>\n<p><iframe loading=\"lazy\" class=\"wp-embedded-content\" sandbox=\"allow-scripts\" security=\"restricted\" style=\"position: absolute; clip: rect(1px, 1px, 1px, 1px);\" title=\"\u00ab\u00a0Tunisie : L\u2019entreprise publique \u00e0 la crois\u00e9e des chemins\u00a0\u00bb &#8212; Kapitalis\" src=\"https:\/\/kapitalis.com\/tunisie\/2018\/02\/25\/tunisie-lentreprise-publique-a-croisee-chemins\/embed\/#?secret=wjdtdGRSvq#?secret=XY0KXJnDZE\" data-secret=\"XY0KXJnDZE\" width=\"600\" height=\"338\" frameborder=\"0\" marginwidth=\"0\" marginheight=\"0\" scrolling=\"no\"><\/iframe><\/p>\n<p>&nbsp;<\/p>\n","protected":false},"excerpt":{"rendered":"<p>La Conf\u00e9d\u00e9ration des entreprises citoyennes de Tunisie (Conect) organise une conf\u00e9rence-d\u00e9bat sur le th\u00e8me : \u00abL\u2019entreprise publique en Tunisie : actualit\u00e9, enjeux et perspectives\u00bb, le jeudi 3 Mai 2018, \u00e0 l\u2019h\u00f4tel Le Paris, aux berges du Lac de Tunis.<\/p>\n","protected":false},"author":8,"featured_media":0,"comment_status":"open","ping_status":"open","sticky":false,"template":"","format":"standard","meta":{"footnotes":""},"categories":[995,2433],"tags":[31669,8495,2144,4847,16779,3558],"class_list":["post-151668","post","type-post","status-publish","format-standard","hentry","category-economie","category-tunisie","tag-ahmed-el-karm","tag-chawki-tabib","tag-conect","tag-confederation-des-entreprises-citoyennes-de-tunisie","tag-noureddine-hajji","tag-tarak-cherif"],"yoast_head":"<!-- This site is optimized with the Yoast SEO plugin v26.6 - https:\/\/yoast.com\/wordpress\/plugins\/seo\/ -->\n<title>Conf\u00e9rence-d\u00e9bat : Les perspectives de l\u2019entreprise publique en Tunisie - Kapitalis<\/title>\n<meta name=\"robots\" content=\"index, follow, max-snippet:-1, max-image-preview:large, max-video-preview:-1\" \/>\n<link rel=\"canonical\" href=\"https:\/\/kapitalis.com\/tunisie\/2018\/04\/30\/conference-debat-les-perspectives-de-lentreprise-publique-en-tunisie\/\" \/>\n<meta property=\"og:locale\" content=\"fr_FR\" \/>\n<meta property=\"og:type\" content=\"article\" \/>\n<meta property=\"og:title\" content=\"Conf\u00e9rence-d\u00e9bat : Les perspectives de l\u2019entreprise publique en Tunisie - Kapitalis\" \/>\n<meta property=\"og:description\" content=\"La Conf\u00e9d\u00e9ration des entreprises citoyennes de Tunisie (Conect) organise une conf\u00e9rence-d\u00e9bat sur le th\u00e8me : \u00abL\u2019entreprise publique en Tunisie : actualit\u00e9, enjeux et perspectives\u00bb, le jeudi 3 Mai 2018, \u00e0 l\u2019h\u00f4tel Le Paris, aux berges du Lac de Tunis.\" \/>\n<meta property=\"og:url\" content=\"https:\/\/kapitalis.com\/tunisie\/2018\/04\/30\/conference-debat-les-perspectives-de-lentreprise-publique-en-tunisie\/\" \/>\n<meta property=\"og:site_name\" content=\"Kapitalis\" \/>\n<meta property=\"article:publisher\" content=\"https:\/\/www.facebook.com\/KapitalisInfo\/\" \/>\n<meta property=\"article:published_time\" content=\"2018-04-30T17:34:29+00:00\" \/>\n<meta property=\"article:modified_time\" content=\"2018-04-30T17:35:22+00:00\" \/>\n<meta property=\"og:image\" content=\"http:\/\/kapitalis.com\/tunisie\/wp-content\/uploads\/2015\/08\/Conect.jpg\" \/>\n<meta name=\"author\" content=\"webmaster kapitalis\" \/>\n<meta name=\"twitter:card\" content=\"summary_large_image\" \/>\n<meta name=\"twitter:creator\" content=\"@KapitalisInfo\" \/>\n<meta name=\"twitter:site\" content=\"@KapitalisInfo\" \/>\n<meta name=\"twitter:label1\" content=\"\u00c9crit par\" \/>\n\t<meta name=\"twitter:data1\" content=\"webmaster kapitalis\" \/>\n\t<meta name=\"twitter:label2\" content=\"Dur\u00e9e de lecture estim\u00e9e\" \/>\n\t<meta name=\"twitter:data2\" content=\"2 minutes\" \/>\n<script type=\"application\/ld+json\" class=\"yoast-schema-graph\">{\"@context\":\"https:\/\/schema.org\",\"@graph\":[{\"@type\":\"Article\",\"@id\":\"https:\/\/kapitalis.com\/tunisie\/2018\/04\/30\/conference-debat-les-perspectives-de-lentreprise-publique-en-tunisie\/#article\",\"isPartOf\":{\"@id\":\"https:\/\/kapitalis.com\/tunisie\/2018\/04\/30\/conference-debat-les-perspectives-de-lentreprise-publique-en-tunisie\/\"},\"author\":{\"name\":\"webmaster kapitalis\",\"@id\":\"https:\/\/kapitalis.com\/tunisie\/#\/schema\/person\/d71f33a9ca44f7bad4698210b480c8e9\"},\"headline\":\"Conf\u00e9rence-d\u00e9bat : Les perspectives de l\u2019entreprise publique en Tunisie\",\"datePublished\":\"2018-04-30T17:34:29+00:00\",\"dateModified\":\"2018-04-30T17:35:22+00:00\",\"mainEntityOfPage\":{\"@id\":\"https:\/\/kapitalis.com\/tunisie\/2018\/04\/30\/conference-debat-les-perspectives-de-lentreprise-publique-en-tunisie\/\"},\"wordCount\":423,\"commentCount\":0,\"publisher\":{\"@id\":\"https:\/\/kapitalis.com\/tunisie\/#organization\"},\"image\":{\"@id\":\"https:\/\/kapitalis.com\/tunisie\/2018\/04\/30\/conference-debat-les-perspectives-de-lentreprise-publique-en-tunisie\/#primaryimage\"},\"thumbnailUrl\":\"http:\/\/kapitalis.com\/tunisie\/wp-content\/uploads\/2015\/08\/Conect.jpg\",\"keywords\":[\"Ahmed El Karm\",\"Chawki Tabib\",\"Conect\",\"Conf\u00e9d\u00e9ration des Entreprises Citoyennes de Tunisie\",\"Noureddine Hajji\",\"Tarak Cherif\"],\"articleSection\":[\"ECONOMIE\",\"Tunisie\"],\"inLanguage\":\"fr-FR\",\"potentialAction\":[{\"@type\":\"CommentAction\",\"name\":\"Comment\",\"target\":[\"https:\/\/kapitalis.com\/tunisie\/2018\/04\/30\/conference-debat-les-perspectives-de-lentreprise-publique-en-tunisie\/#respond\"]}]},{\"@type\":\"WebPage\",\"@id\":\"https:\/\/kapitalis.com\/tunisie\/2018\/04\/30\/conference-debat-les-perspectives-de-lentreprise-publique-en-tunisie\/\",\"url\":\"https:\/\/kapitalis.com\/tunisie\/2018\/04\/30\/conference-debat-les-perspectives-de-lentreprise-publique-en-tunisie\/\",\"name\":\"Conf\u00e9rence-d\u00e9bat : Les perspectives de l\u2019entreprise publique en Tunisie - Kapitalis\",\"isPartOf\":{\"@id\":\"https:\/\/kapitalis.com\/tunisie\/#website\"},\"primaryImageOfPage\":{\"@id\":\"https:\/\/kapitalis.com\/tunisie\/2018\/04\/30\/conference-debat-les-perspectives-de-lentreprise-publique-en-tunisie\/#primaryimage\"},\"image\":{\"@id\":\"https:\/\/kapitalis.com\/tunisie\/2018\/04\/30\/conference-debat-les-perspectives-de-lentreprise-publique-en-tunisie\/#primaryimage\"},\"thumbnailUrl\":\"http:\/\/kapitalis.com\/tunisie\/wp-content\/uploads\/2015\/08\/Conect.jpg\",\"datePublished\":\"2018-04-30T17:34:29+00:00\",\"dateModified\":\"2018-04-30T17:35:22+00:00\",\"breadcrumb\":{\"@id\":\"https:\/\/kapitalis.com\/tunisie\/2018\/04\/30\/conference-debat-les-perspectives-de-lentreprise-publique-en-tunisie\/#breadcrumb\"},\"inLanguage\":\"fr-FR\",\"potentialAction\":[{\"@type\":\"ReadAction\",\"target\":[\"https:\/\/kapitalis.com\/tunisie\/2018\/04\/30\/conference-debat-les-perspectives-de-lentreprise-publique-en-tunisie\/\"]}]},{\"@type\":\"ImageObject\",\"inLanguage\":\"fr-FR\",\"@id\":\"https:\/\/kapitalis.com\/tunisie\/2018\/04\/30\/conference-debat-les-perspectives-de-lentreprise-publique-en-tunisie\/#primaryimage\",\"url\":\"http:\/\/kapitalis.com\/tunisie\/wp-content\/uploads\/2015\/08\/Conect.jpg\",\"contentUrl\":\"http:\/\/kapitalis.com\/tunisie\/wp-content\/uploads\/2015\/08\/Conect.jpg\"},{\"@type\":\"BreadcrumbList\",\"@id\":\"https:\/\/kapitalis.com\/tunisie\/2018\/04\/30\/conference-debat-les-perspectives-de-lentreprise-publique-en-tunisie\/#breadcrumb\",\"itemListElement\":[{\"@type\":\"ListItem\",\"position\":1,\"name\":\"Accueil\",\"item\":\"https:\/\/kapitalis.com\/tunisie\/\"},{\"@type\":\"ListItem\",\"position\":2,\"name\":\"Conf\u00e9rence-d\u00e9bat : Les perspectives de l\u2019entreprise publique en Tunisie\"}]},{\"@type\":\"WebSite\",\"@id\":\"https:\/\/kapitalis.com\/tunisie\/#website\",\"url\":\"https:\/\/kapitalis.com\/tunisie\/\",\"name\":\"Kapitalis\",\"description\":\"L&#039;actualit\u00e9 en Tunisie et dans le monde\",\"publisher\":{\"@id\":\"https:\/\/kapitalis.com\/tunisie\/#organization\"},\"potentialAction\":[{\"@type\":\"SearchAction\",\"target\":{\"@type\":\"EntryPoint\",\"urlTemplate\":\"https:\/\/kapitalis.com\/tunisie\/?s={search_term_string}\"},\"query-input\":{\"@type\":\"PropertyValueSpecification\",\"valueRequired\":true,\"valueName\":\"search_term_string\"}}],\"inLanguage\":\"fr-FR\"},{\"@type\":\"Organization\",\"@id\":\"https:\/\/kapitalis.com\/tunisie\/#organization\",\"name\":\"Kapitalis\",\"url\":\"https:\/\/kapitalis.com\/tunisie\/\",\"logo\":{\"@type\":\"ImageObject\",\"inLanguage\":\"fr-FR\",\"@id\":\"https:\/\/kapitalis.com\/tunisie\/#\/schema\/logo\/image\/\",\"url\":\"https:\/\/kapitalis.com\/tunisie\/wp-content\/uploads\/2022\/05\/Kapitalis-big-size.png\",\"contentUrl\":\"https:\/\/kapitalis.com\/tunisie\/wp-content\/uploads\/2022\/05\/Kapitalis-big-size.png\",\"width\":5000,\"height\":1500,\"caption\":\"Kapitalis\"},\"image\":{\"@id\":\"https:\/\/kapitalis.com\/tunisie\/#\/schema\/logo\/image\/\"},\"sameAs\":[\"https:\/\/www.facebook.com\/KapitalisInfo\/\",\"https:\/\/x.com\/KapitalisInfo\",\"https:\/\/www.youtube.com\/channel\/UC-yDYrHyfFBWWZaOw3FPg9Q\"]},{\"@type\":\"Person\",\"@id\":\"https:\/\/kapitalis.com\/tunisie\/#\/schema\/person\/d71f33a9ca44f7bad4698210b480c8e9\",\"name\":\"webmaster kapitalis\",\"url\":\"https:\/\/kapitalis.com\/tunisie\/author\/webmaster-kapitalis\/\"}]}<\/script>\n<!-- \/ Yoast SEO plugin. -->","yoast_head_json":{"title":"Conf\u00e9rence-d\u00e9bat : Les perspectives de l\u2019entreprise publique en Tunisie - Kapitalis","robots":{"index":"index","follow":"follow","max-snippet":"max-snippet:-1","max-image-preview":"max-image-preview:large","max-video-preview":"max-video-preview:-1"},"canonical":"https:\/\/kapitalis.com\/tunisie\/2018\/04\/30\/conference-debat-les-perspectives-de-lentreprise-publique-en-tunisie\/","og_locale":"fr_FR","og_type":"article","og_title":"Conf\u00e9rence-d\u00e9bat : Les perspectives de l\u2019entreprise publique en Tunisie - Kapitalis","og_description":"La Conf\u00e9d\u00e9ration des entreprises citoyennes de Tunisie (Conect) organise une conf\u00e9rence-d\u00e9bat sur le th\u00e8me : \u00abL\u2019entreprise publique en Tunisie : actualit\u00e9, enjeux et perspectives\u00bb, le jeudi 3 Mai 2018, \u00e0 l\u2019h\u00f4tel Le Paris, aux berges du Lac de Tunis.","og_url":"https:\/\/kapitalis.com\/tunisie\/2018\/04\/30\/conference-debat-les-perspectives-de-lentreprise-publique-en-tunisie\/","og_site_name":"Kapitalis","article_publisher":"https:\/\/www.facebook.com\/KapitalisInfo\/","article_published_time":"2018-04-30T17:34:29+00:00","article_modified_time":"2018-04-30T17:35:22+00:00","og_image":[{"url":"http:\/\/kapitalis.com\/tunisie\/wp-content\/uploads\/2015\/08\/Conect.jpg","type":"","width":"","height":""}],"author":"webmaster kapitalis","twitter_card":"summary_large_image","twitter_creator":"@KapitalisInfo","twitter_site":"@KapitalisInfo","twitter_misc":{"\u00c9crit par":"webmaster kapitalis","Dur\u00e9e de lecture estim\u00e9e":"2 minutes"},"schema":{"@context":"https:\/\/schema.org","@graph":[{"@type":"Article","@id":"https:\/\/kapitalis.com\/tunisie\/2018\/04\/30\/conference-debat-les-perspectives-de-lentreprise-publique-en-tunisie\/#article","isPartOf":{"@id":"https:\/\/kapitalis.com\/tunisie\/2018\/04\/30\/conference-debat-les-perspectives-de-lentreprise-publique-en-tunisie\/"},"author":{"name":"webmaster kapitalis","@id":"https:\/\/kapitalis.com\/tunisie\/#\/schema\/person\/d71f33a9ca44f7bad4698210b480c8e9"},"headline":"Conf\u00e9rence-d\u00e9bat : Les perspectives de l\u2019entreprise publique en Tunisie","datePublished":"2018-04-30T17:34:29+00:00","dateModified":"2018-04-30T17:35:22+00:00","mainEntityOfPage":{"@id":"https:\/\/kapitalis.com\/tunisie\/2018\/04\/30\/conference-debat-les-perspectives-de-lentreprise-publique-en-tunisie\/"},"wordCount":423,"commentCount":0,"publisher":{"@id":"https:\/\/kapitalis.com\/tunisie\/#organization"},"image":{"@id":"https:\/\/kapitalis.com\/tunisie\/2018\/04\/30\/conference-debat-les-perspectives-de-lentreprise-publique-en-tunisie\/#primaryimage"},"thumbnailUrl":"http:\/\/kapitalis.com\/tunisie\/wp-content\/uploads\/2015\/08\/Conect.jpg","keywords":["Ahmed El Karm","Chawki Tabib","Conect","Conf\u00e9d\u00e9ration des Entreprises Citoyennes de Tunisie","Noureddine Hajji","Tarak Cherif"],"articleSection":["ECONOMIE","Tunisie"],"inLanguage":"fr-FR","potentialAction":[{"@type":"CommentAction","name":"Comment","target":["https:\/\/kapitalis.com\/tunisie\/2018\/04\/30\/conference-debat-les-perspectives-de-lentreprise-publique-en-tunisie\/#respond"]}]},{"@type":"WebPage","@id":"https:\/\/kapitalis.com\/tunisie\/2018\/04\/30\/conference-debat-les-perspectives-de-lentreprise-publique-en-tunisie\/","url":"https:\/\/kapitalis.com\/tunisie\/2018\/04\/30\/conference-debat-les-perspectives-de-lentreprise-publique-en-tunisie\/","name":"Conf\u00e9rence-d\u00e9bat : Les perspectives de l\u2019entreprise publique en Tunisie - Kapitalis","isPartOf":{"@id":"https:\/\/kapitalis.com\/tunisie\/#website"},"primaryImageOfPage":{"@id":"https:\/\/kapitalis.com\/tunisie\/2018\/04\/30\/conference-debat-les-perspectives-de-lentreprise-publique-en-tunisie\/#primaryimage"},"image":{"@id":"https:\/\/kapitalis.com\/tunisie\/2018\/04\/30\/conference-debat-les-perspectives-de-lentreprise-publique-en-tunisie\/#primaryimage"},"thumbnailUrl":"http:\/\/kapitalis.com\/tunisie\/wp-content\/uploads\/2015\/08\/Conect.jpg","datePublished":"2018-04-30T17:34:29+00:00","dateModified":"2018-04-30T17:35:22+00:00","breadcrumb":{"@id":"https:\/\/kapitalis.com\/tunisie\/2018\/04\/30\/conference-debat-les-perspectives-de-lentreprise-publique-en-tunisie\/#breadcrumb"},"inLanguage":"fr-FR","potentialAction":[{"@type":"ReadAction","target":["https:\/\/kapitalis.com\/tunisie\/2018\/04\/30\/conference-debat-les-perspectives-de-lentreprise-publique-en-tunisie\/"]}]},{"@type":"ImageObject","inLanguage":"fr-FR","@id":"https:\/\/kapitalis.com\/tunisie\/2018\/04\/30\/conference-debat-les-perspectives-de-lentreprise-publique-en-tunisie\/#primaryimage","url":"http:\/\/kapitalis.com\/tunisie\/wp-content\/uploads\/2015\/08\/Conect.jpg","contentUrl":"http:\/\/kapitalis.com\/tunisie\/wp-content\/uploads\/2015\/08\/Conect.jpg"},{"@type":"BreadcrumbList","@id":"https:\/\/kapitalis.com\/tunisie\/2018\/04\/30\/conference-debat-les-perspectives-de-lentreprise-publique-en-tunisie\/#breadcrumb","itemListElement":[{"@type":"ListItem","position":1,"name":"Accueil","item":"https:\/\/kapitalis.com\/tunisie\/"},{"@type":"ListItem","position":2,"name":"Conf\u00e9rence-d\u00e9bat : Les perspectives de l\u2019entreprise publique en Tunisie"}]},{"@type":"WebSite","@id":"https:\/\/kapitalis.com\/tunisie\/#website","url":"https:\/\/kapitalis.com\/tunisie\/","name":"Kapitalis","description":"L&#039;actualit\u00e9 en Tunisie et dans le monde","publisher":{"@id":"https:\/\/kapitalis.com\/tunisie\/#organization"},"potentialAction":[{"@type":"SearchAction","target":{"@type":"EntryPoint","urlTemplate":"https:\/\/kapitalis.com\/tunisie\/?s={search_term_string}"},"query-input":{"@type":"PropertyValueSpecification","valueRequired":true,"valueName":"search_term_string"}}],"inLanguage":"fr-FR"},{"@type":"Organization","@id":"https:\/\/kapitalis.com\/tunisie\/#organization","name":"Kapitalis","url":"https:\/\/kapitalis.com\/tunisie\/","logo":{"@type":"ImageObject","inLanguage":"fr-FR","@id":"https:\/\/kapitalis.com\/tunisie\/#\/schema\/logo\/image\/","url":"https:\/\/kapitalis.com\/tunisie\/wp-content\/uploads\/2022\/05\/Kapitalis-big-size.png","contentUrl":"https:\/\/kapitalis.com\/tunisie\/wp-content\/uploads\/2022\/05\/Kapitalis-big-size.png","width":5000,"height":1500,"caption":"Kapitalis"},"image":{"@id":"https:\/\/kapitalis.com\/tunisie\/#\/schema\/logo\/image\/"},"sameAs":["https:\/\/www.facebook.com\/KapitalisInfo\/","https:\/\/x.com\/KapitalisInfo","https:\/\/www.youtube.com\/channel\/UC-yDYrHyfFBWWZaOw3FPg9Q"]},{"@type":"Person","@id":"https:\/\/kapitalis.com\/tunisie\/#\/schema\/person\/d71f33a9ca44f7bad4698210b480c8e9","name":"webmaster kapitalis","url":"https:\/\/kapitalis.com\/tunisie\/author\/webmaster-kapitalis\/"}]}},"_links":{"self":[{"href":"https:\/\/kapitalis.com\/tunisie\/wp-json\/wp\/v2\/posts\/151668","targetHints":{"allow":["GET"]}}],"collection":[{"href":"https:\/\/kapitalis.com\/tunisie\/wp-json\/wp\/v2\/posts"}],"about":[{"href":"https:\/\/kapitalis.com\/tunisie\/wp-json\/wp\/v2\/types\/post"}],"author":[{"embeddable":true,"href":"https:\/\/kapitalis.com\/tunisie\/wp-json\/wp\/v2\/users\/8"}],"replies":[{"embeddable":true,"href":"https:\/\/kapitalis.com\/tunisie\/wp-json\/wp\/v2\/comments?post=151668"}],"version-history":[{"count":0,"href":"https:\/\/kapitalis.com\/tunisie\/wp-json\/wp\/v2\/posts\/151668\/revisions"}],"wp:attachment":[{"href":"https:\/\/kapitalis.com\/tunisie\/wp-json\/wp\/v2\/media?parent=151668"}],"wp:term":[{"taxonomy":"category","embeddable":true,"href":"https:\/\/kapitalis.com\/tunisie\/wp-json\/wp\/v2\/categories?post=151668"},{"taxonomy":"post_tag","embeddable":true,"href":"https:\/\/kapitalis.com\/tunisie\/wp-json\/wp\/v2\/tags?post=151668"}],"curies":[{"name":"wp","href":"https:\/\/api.w.org\/{rel}","templated":true}]}}