{"id":15181541,"date":"2025-01-14T12:01:12","date_gmt":"2025-01-14T11:01:12","guid":{"rendered":"https:\/\/kapitalis.com\/tunisie\/?p=15181541"},"modified":"2025-01-14T12:30:13","modified_gmt":"2025-01-14T11:30:13","slug":"kais-saied-veut-en-finir-avec-les-institutions-publiques-inutiles","status":"publish","type":"post","link":"https:\/\/kapitalis.com\/tunisie\/2025\/01\/14\/kais-saied-veut-en-finir-avec-les-institutions-publiques-inutiles\/","title":{"rendered":"Ka\u00efs Sa\u00efed veut en finir avec les institutions publiques inutiles"},"content":{"rendered":"\n<p><strong><em>Il y aurait donc en Tunisie des institutions publiques qui n\u2019ont pas de r\u00e9elle utilit\u00e9, qui ne r\u00e9alisent qu\u2019une partie infime des objectifs pour lesquels elles ont \u00e9t\u00e9 cr\u00e9\u00e9es et qui repr\u00e9sentent d\u00e9sormais un fardeau pour le budget de l\u2019\u00c9tat et les fonds publics?<\/em><\/strong><\/p>\n\n\n\n<!--more-->\n\n\n\n<p>C\u2019est ce que le pr\u00e9sident de la r\u00e9publique, Ka\u00efs Sa\u00efed, nous a appris, lors de la r\u00e9union qu\u2019il a pr\u00e9sid\u00e9e, lundi 13 janvier 2025, au palais de Carthage, avec le chef du gouvernement, Kamel Maddouri, le ministre des Affaires sociales, Issam Lahmar, le ministre de l\u2019Education, Noureddine Nouri, le ministre de l\u2019Enseignement sup\u00e9rieur et de la Recherche scientifique, Mondher Bela\u00efd et le ministre de l\u2019Emploi et de la Formation professionnelle, Riadh Chaoued, auxquels il a d\u2019ailleurs donn\u00e9 des instructions pour proc\u00e9der \u00e0 un inventaire de ces institutions inutiles et budg\u00e9tivores.<\/p>\n\n\n\n<p><em>\u00abLa sagesse ne r\u00e9side pas dans la multiplication des institutions, mais dans leur utilit\u00e9 et leur efficacit\u00e9 au service de la nation et des citoyens\u00bb<\/em>, a soulign\u00e9 Sa\u00efed, laissant ainsi pr\u00e9voir la suppression prochaine de certaines institutions publiques qui, selon lui, n\u2019auraient plus d\u2019utilit\u00e9 r\u00e9elle au regard des besoins des citoyens.<\/p>\n\n\n\n<p><em>\u00abIl serait judicieux que les fonds allou\u00e9s \u00e0 ces institutions soient exploit\u00e9s pour trouver des solutions radicales aux victimes de politiques n\u2019ayant conduit qu\u2019\u00e0 davantage de pauvret\u00e9 et d\u2019exclusion\u00bb<\/em>, a ajout\u00e9 le chef de l\u2019Etat. <em>\u00abIl est temps<\/em>, a-t-il dit,<em> de mettre fin \u00e0 ces politiques, que ce soit dans l\u2019enseignement sup\u00e9rieur, la sant\u00e9, la formation professionnelle ou dans d\u2019autres secteurs\u00bb<\/em>.<\/p>\n\n\n\n<p>Il reste, cependant, \u00e0 pr\u00e9ciser si le pr\u00e9sident de la r\u00e9publique parle des institutions ou des entreprises publiques, car le mot arabe qu&rsquo;il a utilis\u00e9, <em>\u00ab\u00a0mouassasat\u00a0\u00bb<\/em> , signifie aussi bien institutions qu&rsquo;entreprises. Or, le pr\u00e9sident a toujours rejet\u00e9 l&rsquo;id\u00e9e de privatisation, y compris des entreprises publiques qui sont en faillite technique. S&rsquo;agit-il d&rsquo;un changement de cap dans la politique de l&rsquo;Etat ? Nous attendrons une clarification de la part de la pr\u00e9sidence de la r\u00e9publique&#8230;  <\/p>\n\n\n\n<p>Par la m\u00eame occasion, le chef de l\u2019Etat a soulign\u00e9 \u00e0 nouveau <em>\u00abla n\u00e9cessit\u00e9 de revoir le cadre juridique du travail dans les secteurs public et priv\u00e9 pour mettre d\u00e9finitivement fin \u00e0 la sous-traitance\u00bb<\/em>, selon un communiqu\u00e9 de la pr\u00e9sidence de la r\u00e9publique.<\/p>\n\n\n\n<p>Sa\u00efed a soulign\u00e9 aussi <em>\u00abla n\u00e9cessit\u00e9 pour chaque responsable charg\u00e9 de pr\u00e9parer un projet de texte de loi de prendre en compte les attentes des citoyens, ainsi que leurs souffrances et leurs difficult\u00e9s dans tous les domaines et de proposer des solutions radicales, et de ne pas se contenter de constater les probl\u00e8mes sans les r\u00e9soudre de mani\u00e8re globale et d\u00e9finitive\u00bb<\/em>. Le pr\u00e9sident de la r\u00e9publique retourne ainsi aux membres du gouvernement le reproche que lui font certains commentateurs et analystes, celui de critiquer les dysfonctionnements de l\u2019administration publique et de ne pas joindre suffisamment l\u2019acte \u00e0 la parole, ce que traduit du reste le manque de r\u00e9alisations concr\u00e8tes et d\u2019am\u00e9liorations dans les conditions de vie des populations. &nbsp;&nbsp;<\/p>\n\n\n\n<p class=\"has-text-align-right\"><strong>I. B.<\/strong> <\/p>\n","protected":false},"excerpt":{"rendered":"<p>Il y aurait donc en Tunisie des institutions publiques qui n\u2019ont pas de r\u00e9elle utilit\u00e9 et qui sont un fardeau pour le budget de l\u2019\u00c9tat?<\/p>\n","protected":false},"author":8,"featured_media":15181564,"comment_status":"open","ping_status":"open","sticky":false,"template":"","format":"standard","meta":{"footnotes":""},"categories":[997,2433],"tags":[84502,119344,76012,106500,120107,94438,114333],"class_list":["post-15181541","post","type-post","status-publish","format-standard","has-post-thumbnail","hentry","category-politique","category-tunisie","tag-institutions-publiques","tag-issam-lahmar","tag-kais-saied-2","tag-kamel-maddouri","tag-mondher-belaid-2","tag-noureddine-nouri","tag-riadh-chaoued"],"yoast_head":"<!-- This site is optimized with the Yoast SEO plugin v26.6 - https:\/\/yoast.com\/wordpress\/plugins\/seo\/ -->\n<title>Ka\u00efs Sa\u00efed veut en finir avec les institutions publiques inutiles - Kapitalis<\/title>\n<meta name=\"robots\" content=\"index, follow, max-snippet:-1, max-image-preview:large, max-video-preview:-1\" \/>\n<link rel=\"canonical\" href=\"https:\/\/kapitalis.com\/tunisie\/2025\/01\/14\/kais-saied-veut-en-finir-avec-les-institutions-publiques-inutiles\/\" \/>\n<meta property=\"og:locale\" content=\"fr_FR\" \/>\n<meta property=\"og:type\" content=\"article\" \/>\n<meta property=\"og:title\" content=\"Ka\u00efs Sa\u00efed veut en finir avec les institutions publiques inutiles - Kapitalis\" \/>\n<meta property=\"og:description\" content=\"Il y aurait donc en Tunisie des institutions publiques qui n\u2019ont pas de r\u00e9elle utilit\u00e9 et qui sont un fardeau pour le budget de l\u2019\u00c9tat?\" \/>\n<meta property=\"og:url\" content=\"https:\/\/kapitalis.com\/tunisie\/2025\/01\/14\/kais-saied-veut-en-finir-avec-les-institutions-publiques-inutiles\/\" \/>\n<meta property=\"og:site_name\" content=\"Kapitalis\" \/>\n<meta property=\"article:publisher\" content=\"https:\/\/www.facebook.com\/KapitalisInfo\/\" \/>\n<meta property=\"article:published_time\" content=\"2025-01-14T11:01:12+00:00\" \/>\n<meta property=\"article:modified_time\" content=\"2025-01-14T11:30:13+00:00\" \/>\n<meta property=\"og:image\" content=\"https:\/\/kapitalis.com\/tunisie\/wp-content\/uploads\/2025\/01\/Kais-Saied-institutions-publiques.jpg\" \/>\n\t<meta property=\"og:image:width\" content=\"1200\" \/>\n\t<meta property=\"og:image:height\" content=\"630\" \/>\n\t<meta property=\"og:image:type\" content=\"image\/jpeg\" \/>\n<meta name=\"author\" content=\"webmaster kapitalis\" \/>\n<meta name=\"twitter:card\" content=\"summary_large_image\" \/>\n<meta name=\"twitter:creator\" content=\"@KapitalisInfo\" \/>\n<meta name=\"twitter:site\" content=\"@KapitalisInfo\" \/>\n<meta name=\"twitter:label1\" content=\"\u00c9crit par\" \/>\n\t<meta name=\"twitter:data1\" content=\"webmaster kapitalis\" \/>\n\t<meta name=\"twitter:label2\" content=\"Dur\u00e9e de lecture estim\u00e9e\" \/>\n\t<meta name=\"twitter:data2\" content=\"3 minutes\" \/>\n<script type=\"application\/ld+json\" class=\"yoast-schema-graph\">{\"@context\":\"https:\/\/schema.org\",\"@graph\":[{\"@type\":\"Article\",\"@id\":\"https:\/\/kapitalis.com\/tunisie\/2025\/01\/14\/kais-saied-veut-en-finir-avec-les-institutions-publiques-inutiles\/#article\",\"isPartOf\":{\"@id\":\"https:\/\/kapitalis.com\/tunisie\/2025\/01\/14\/kais-saied-veut-en-finir-avec-les-institutions-publiques-inutiles\/\"},\"author\":{\"name\":\"webmaster kapitalis\",\"@id\":\"https:\/\/kapitalis.com\/tunisie\/#\/schema\/person\/d71f33a9ca44f7bad4698210b480c8e9\"},\"headline\":\"Ka\u00efs Sa\u00efed veut en finir avec les institutions publiques inutiles\",\"datePublished\":\"2025-01-14T11:01:12+00:00\",\"dateModified\":\"2025-01-14T11:30:13+00:00\",\"mainEntityOfPage\":{\"@id\":\"https:\/\/kapitalis.com\/tunisie\/2025\/01\/14\/kais-saied-veut-en-finir-avec-les-institutions-publiques-inutiles\/\"},\"wordCount\":555,\"commentCount\":0,\"publisher\":{\"@id\":\"https:\/\/kapitalis.com\/tunisie\/#organization\"},\"image\":{\"@id\":\"https:\/\/kapitalis.com\/tunisie\/2025\/01\/14\/kais-saied-veut-en-finir-avec-les-institutions-publiques-inutiles\/#primaryimage\"},\"thumbnailUrl\":\"https:\/\/kapitalis.com\/tunisie\/wp-content\/uploads\/2025\/01\/Kais-Saied-institutions-publiques.jpg\",\"keywords\":[\"institutions publiques\",\"Issam Lahmar\",\"Ka\u00efs Sa\u00efed\",\"Kamel Maddouri\",\"Mondher Bela\u00efd\",\"Noureddine Nouri\",\"Riadh Chaoued\"],\"articleSection\":[\"POLITIQUE\",\"Tunisie\"],\"inLanguage\":\"fr-FR\",\"potentialAction\":[{\"@type\":\"CommentAction\",\"name\":\"Comment\",\"target\":[\"https:\/\/kapitalis.com\/tunisie\/2025\/01\/14\/kais-saied-veut-en-finir-avec-les-institutions-publiques-inutiles\/#respond\"]}]},{\"@type\":\"WebPage\",\"@id\":\"https:\/\/kapitalis.com\/tunisie\/2025\/01\/14\/kais-saied-veut-en-finir-avec-les-institutions-publiques-inutiles\/\",\"url\":\"https:\/\/kapitalis.com\/tunisie\/2025\/01\/14\/kais-saied-veut-en-finir-avec-les-institutions-publiques-inutiles\/\",\"name\":\"Ka\u00efs Sa\u00efed veut en finir avec les institutions publiques inutiles - Kapitalis\",\"isPartOf\":{\"@id\":\"https:\/\/kapitalis.com\/tunisie\/#website\"},\"primaryImageOfPage\":{\"@id\":\"https:\/\/kapitalis.com\/tunisie\/2025\/01\/14\/kais-saied-veut-en-finir-avec-les-institutions-publiques-inutiles\/#primaryimage\"},\"image\":{\"@id\":\"https:\/\/kapitalis.com\/tunisie\/2025\/01\/14\/kais-saied-veut-en-finir-avec-les-institutions-publiques-inutiles\/#primaryimage\"},\"thumbnailUrl\":\"https:\/\/kapitalis.com\/tunisie\/wp-content\/uploads\/2025\/01\/Kais-Saied-institutions-publiques.jpg\",\"datePublished\":\"2025-01-14T11:01:12+00:00\",\"dateModified\":\"2025-01-14T11:30:13+00:00\",\"breadcrumb\":{\"@id\":\"https:\/\/kapitalis.com\/tunisie\/2025\/01\/14\/kais-saied-veut-en-finir-avec-les-institutions-publiques-inutiles\/#breadcrumb\"},\"inLanguage\":\"fr-FR\",\"potentialAction\":[{\"@type\":\"ReadAction\",\"target\":[\"https:\/\/kapitalis.com\/tunisie\/2025\/01\/14\/kais-saied-veut-en-finir-avec-les-institutions-publiques-inutiles\/\"]}]},{\"@type\":\"ImageObject\",\"inLanguage\":\"fr-FR\",\"@id\":\"https:\/\/kapitalis.com\/tunisie\/2025\/01\/14\/kais-saied-veut-en-finir-avec-les-institutions-publiques-inutiles\/#primaryimage\",\"url\":\"https:\/\/kapitalis.com\/tunisie\/wp-content\/uploads\/2025\/01\/Kais-Saied-institutions-publiques.jpg\",\"contentUrl\":\"https:\/\/kapitalis.com\/tunisie\/wp-content\/uploads\/2025\/01\/Kais-Saied-institutions-publiques.jpg\",\"width\":1200,\"height\":630},{\"@type\":\"BreadcrumbList\",\"@id\":\"https:\/\/kapitalis.com\/tunisie\/2025\/01\/14\/kais-saied-veut-en-finir-avec-les-institutions-publiques-inutiles\/#breadcrumb\",\"itemListElement\":[{\"@type\":\"ListItem\",\"position\":1,\"name\":\"Accueil\",\"item\":\"https:\/\/kapitalis.com\/tunisie\/\"},{\"@type\":\"ListItem\",\"position\":2,\"name\":\"Ka\u00efs Sa\u00efed veut en finir avec les institutions publiques inutiles\"}]},{\"@type\":\"WebSite\",\"@id\":\"https:\/\/kapitalis.com\/tunisie\/#website\",\"url\":\"https:\/\/kapitalis.com\/tunisie\/\",\"name\":\"Kapitalis\",\"description\":\"L&#039;actualit\u00e9 en Tunisie et dans le monde\",\"publisher\":{\"@id\":\"https:\/\/kapitalis.com\/tunisie\/#organization\"},\"potentialAction\":[{\"@type\":\"SearchAction\",\"target\":{\"@type\":\"EntryPoint\",\"urlTemplate\":\"https:\/\/kapitalis.com\/tunisie\/?s={search_term_string}\"},\"query-input\":{\"@type\":\"PropertyValueSpecification\",\"valueRequired\":true,\"valueName\":\"search_term_string\"}}],\"inLanguage\":\"fr-FR\"},{\"@type\":\"Organization\",\"@id\":\"https:\/\/kapitalis.com\/tunisie\/#organization\",\"name\":\"Kapitalis\",\"url\":\"https:\/\/kapitalis.com\/tunisie\/\",\"logo\":{\"@type\":\"ImageObject\",\"inLanguage\":\"fr-FR\",\"@id\":\"https:\/\/kapitalis.com\/tunisie\/#\/schema\/logo\/image\/\",\"url\":\"https:\/\/kapitalis.com\/tunisie\/wp-content\/uploads\/2022\/05\/Kapitalis-big-size.png\",\"contentUrl\":\"https:\/\/kapitalis.com\/tunisie\/wp-content\/uploads\/2022\/05\/Kapitalis-big-size.png\",\"width\":5000,\"height\":1500,\"caption\":\"Kapitalis\"},\"image\":{\"@id\":\"https:\/\/kapitalis.com\/tunisie\/#\/schema\/logo\/image\/\"},\"sameAs\":[\"https:\/\/www.facebook.com\/KapitalisInfo\/\",\"https:\/\/x.com\/KapitalisInfo\",\"https:\/\/www.youtube.com\/channel\/UC-yDYrHyfFBWWZaOw3FPg9Q\"]},{\"@type\":\"Person\",\"@id\":\"https:\/\/kapitalis.com\/tunisie\/#\/schema\/person\/d71f33a9ca44f7bad4698210b480c8e9\",\"name\":\"webmaster kapitalis\",\"url\":\"https:\/\/kapitalis.com\/tunisie\/author\/webmaster-kapitalis\/\"}]}<\/script>\n<!-- \/ Yoast SEO plugin. -->","yoast_head_json":{"title":"Ka\u00efs Sa\u00efed veut en finir avec les institutions publiques inutiles - Kapitalis","robots":{"index":"index","follow":"follow","max-snippet":"max-snippet:-1","max-image-preview":"max-image-preview:large","max-video-preview":"max-video-preview:-1"},"canonical":"https:\/\/kapitalis.com\/tunisie\/2025\/01\/14\/kais-saied-veut-en-finir-avec-les-institutions-publiques-inutiles\/","og_locale":"fr_FR","og_type":"article","og_title":"Ka\u00efs Sa\u00efed veut en finir avec les institutions publiques inutiles - Kapitalis","og_description":"Il y aurait donc en Tunisie des institutions publiques qui n\u2019ont pas de r\u00e9elle utilit\u00e9 et qui sont un fardeau pour le budget de l\u2019\u00c9tat?","og_url":"https:\/\/kapitalis.com\/tunisie\/2025\/01\/14\/kais-saied-veut-en-finir-avec-les-institutions-publiques-inutiles\/","og_site_name":"Kapitalis","article_publisher":"https:\/\/www.facebook.com\/KapitalisInfo\/","article_published_time":"2025-01-14T11:01:12+00:00","article_modified_time":"2025-01-14T11:30:13+00:00","og_image":[{"width":1200,"height":630,"url":"https:\/\/kapitalis.com\/tunisie\/wp-content\/uploads\/2025\/01\/Kais-Saied-institutions-publiques.jpg","type":"image\/jpeg"}],"author":"webmaster kapitalis","twitter_card":"summary_large_image","twitter_creator":"@KapitalisInfo","twitter_site":"@KapitalisInfo","twitter_misc":{"\u00c9crit par":"webmaster kapitalis","Dur\u00e9e de lecture estim\u00e9e":"3 minutes"},"schema":{"@context":"https:\/\/schema.org","@graph":[{"@type":"Article","@id":"https:\/\/kapitalis.com\/tunisie\/2025\/01\/14\/kais-saied-veut-en-finir-avec-les-institutions-publiques-inutiles\/#article","isPartOf":{"@id":"https:\/\/kapitalis.com\/tunisie\/2025\/01\/14\/kais-saied-veut-en-finir-avec-les-institutions-publiques-inutiles\/"},"author":{"name":"webmaster kapitalis","@id":"https:\/\/kapitalis.com\/tunisie\/#\/schema\/person\/d71f33a9ca44f7bad4698210b480c8e9"},"headline":"Ka\u00efs Sa\u00efed veut en finir avec les institutions publiques inutiles","datePublished":"2025-01-14T11:01:12+00:00","dateModified":"2025-01-14T11:30:13+00:00","mainEntityOfPage":{"@id":"https:\/\/kapitalis.com\/tunisie\/2025\/01\/14\/kais-saied-veut-en-finir-avec-les-institutions-publiques-inutiles\/"},"wordCount":555,"commentCount":0,"publisher":{"@id":"https:\/\/kapitalis.com\/tunisie\/#organization"},"image":{"@id":"https:\/\/kapitalis.com\/tunisie\/2025\/01\/14\/kais-saied-veut-en-finir-avec-les-institutions-publiques-inutiles\/#primaryimage"},"thumbnailUrl":"https:\/\/kapitalis.com\/tunisie\/wp-content\/uploads\/2025\/01\/Kais-Saied-institutions-publiques.jpg","keywords":["institutions publiques","Issam Lahmar","Ka\u00efs Sa\u00efed","Kamel Maddouri","Mondher Bela\u00efd","Noureddine Nouri","Riadh Chaoued"],"articleSection":["POLITIQUE","Tunisie"],"inLanguage":"fr-FR","potentialAction":[{"@type":"CommentAction","name":"Comment","target":["https:\/\/kapitalis.com\/tunisie\/2025\/01\/14\/kais-saied-veut-en-finir-avec-les-institutions-publiques-inutiles\/#respond"]}]},{"@type":"WebPage","@id":"https:\/\/kapitalis.com\/tunisie\/2025\/01\/14\/kais-saied-veut-en-finir-avec-les-institutions-publiques-inutiles\/","url":"https:\/\/kapitalis.com\/tunisie\/2025\/01\/14\/kais-saied-veut-en-finir-avec-les-institutions-publiques-inutiles\/","name":"Ka\u00efs Sa\u00efed veut en finir avec les institutions publiques inutiles - Kapitalis","isPartOf":{"@id":"https:\/\/kapitalis.com\/tunisie\/#website"},"primaryImageOfPage":{"@id":"https:\/\/kapitalis.com\/tunisie\/2025\/01\/14\/kais-saied-veut-en-finir-avec-les-institutions-publiques-inutiles\/#primaryimage"},"image":{"@id":"https:\/\/kapitalis.com\/tunisie\/2025\/01\/14\/kais-saied-veut-en-finir-avec-les-institutions-publiques-inutiles\/#primaryimage"},"thumbnailUrl":"https:\/\/kapitalis.com\/tunisie\/wp-content\/uploads\/2025\/01\/Kais-Saied-institutions-publiques.jpg","datePublished":"2025-01-14T11:01:12+00:00","dateModified":"2025-01-14T11:30:13+00:00","breadcrumb":{"@id":"https:\/\/kapitalis.com\/tunisie\/2025\/01\/14\/kais-saied-veut-en-finir-avec-les-institutions-publiques-inutiles\/#breadcrumb"},"inLanguage":"fr-FR","potentialAction":[{"@type":"ReadAction","target":["https:\/\/kapitalis.com\/tunisie\/2025\/01\/14\/kais-saied-veut-en-finir-avec-les-institutions-publiques-inutiles\/"]}]},{"@type":"ImageObject","inLanguage":"fr-FR","@id":"https:\/\/kapitalis.com\/tunisie\/2025\/01\/14\/kais-saied-veut-en-finir-avec-les-institutions-publiques-inutiles\/#primaryimage","url":"https:\/\/kapitalis.com\/tunisie\/wp-content\/uploads\/2025\/01\/Kais-Saied-institutions-publiques.jpg","contentUrl":"https:\/\/kapitalis.com\/tunisie\/wp-content\/uploads\/2025\/01\/Kais-Saied-institutions-publiques.jpg","width":1200,"height":630},{"@type":"BreadcrumbList","@id":"https:\/\/kapitalis.com\/tunisie\/2025\/01\/14\/kais-saied-veut-en-finir-avec-les-institutions-publiques-inutiles\/#breadcrumb","itemListElement":[{"@type":"ListItem","position":1,"name":"Accueil","item":"https:\/\/kapitalis.com\/tunisie\/"},{"@type":"ListItem","position":2,"name":"Ka\u00efs Sa\u00efed veut en finir avec les institutions publiques inutiles"}]},{"@type":"WebSite","@id":"https:\/\/kapitalis.com\/tunisie\/#website","url":"https:\/\/kapitalis.com\/tunisie\/","name":"Kapitalis","description":"L&#039;actualit\u00e9 en Tunisie et dans le monde","publisher":{"@id":"https:\/\/kapitalis.com\/tunisie\/#organization"},"potentialAction":[{"@type":"SearchAction","target":{"@type":"EntryPoint","urlTemplate":"https:\/\/kapitalis.com\/tunisie\/?s={search_term_string}"},"query-input":{"@type":"PropertyValueSpecification","valueRequired":true,"valueName":"search_term_string"}}],"inLanguage":"fr-FR"},{"@type":"Organization","@id":"https:\/\/kapitalis.com\/tunisie\/#organization","name":"Kapitalis","url":"https:\/\/kapitalis.com\/tunisie\/","logo":{"@type":"ImageObject","inLanguage":"fr-FR","@id":"https:\/\/kapitalis.com\/tunisie\/#\/schema\/logo\/image\/","url":"https:\/\/kapitalis.com\/tunisie\/wp-content\/uploads\/2022\/05\/Kapitalis-big-size.png","contentUrl":"https:\/\/kapitalis.com\/tunisie\/wp-content\/uploads\/2022\/05\/Kapitalis-big-size.png","width":5000,"height":1500,"caption":"Kapitalis"},"image":{"@id":"https:\/\/kapitalis.com\/tunisie\/#\/schema\/logo\/image\/"},"sameAs":["https:\/\/www.facebook.com\/KapitalisInfo\/","https:\/\/x.com\/KapitalisInfo","https:\/\/www.youtube.com\/channel\/UC-yDYrHyfFBWWZaOw3FPg9Q"]},{"@type":"Person","@id":"https:\/\/kapitalis.com\/tunisie\/#\/schema\/person\/d71f33a9ca44f7bad4698210b480c8e9","name":"webmaster kapitalis","url":"https:\/\/kapitalis.com\/tunisie\/author\/webmaster-kapitalis\/"}]}},"_links":{"self":[{"href":"https:\/\/kapitalis.com\/tunisie\/wp-json\/wp\/v2\/posts\/15181541","targetHints":{"allow":["GET"]}}],"collection":[{"href":"https:\/\/kapitalis.com\/tunisie\/wp-json\/wp\/v2\/posts"}],"about":[{"href":"https:\/\/kapitalis.com\/tunisie\/wp-json\/wp\/v2\/types\/post"}],"author":[{"embeddable":true,"href":"https:\/\/kapitalis.com\/tunisie\/wp-json\/wp\/v2\/users\/8"}],"replies":[{"embeddable":true,"href":"https:\/\/kapitalis.com\/tunisie\/wp-json\/wp\/v2\/comments?post=15181541"}],"version-history":[{"count":4,"href":"https:\/\/kapitalis.com\/tunisie\/wp-json\/wp\/v2\/posts\/15181541\/revisions"}],"predecessor-version":[{"id":15181779,"href":"https:\/\/kapitalis.com\/tunisie\/wp-json\/wp\/v2\/posts\/15181541\/revisions\/15181779"}],"wp:featuredmedia":[{"embeddable":true,"href":"https:\/\/kapitalis.com\/tunisie\/wp-json\/wp\/v2\/media\/15181564"}],"wp:attachment":[{"href":"https:\/\/kapitalis.com\/tunisie\/wp-json\/wp\/v2\/media?parent=15181541"}],"wp:term":[{"taxonomy":"category","embeddable":true,"href":"https:\/\/kapitalis.com\/tunisie\/wp-json\/wp\/v2\/categories?post=15181541"},{"taxonomy":"post_tag","embeddable":true,"href":"https:\/\/kapitalis.com\/tunisie\/wp-json\/wp\/v2\/tags?post=15181541"}],"curies":[{"name":"wp","href":"https:\/\/api.w.org\/{rel}","templated":true}]}}