{"id":15185718,"date":"2025-01-14T22:44:34","date_gmt":"2025-01-14T21:44:34","guid":{"rendered":"https:\/\/kapitalis.com\/tunisie\/?p=15185718"},"modified":"2025-01-14T22:45:28","modified_gmt":"2025-01-14T21:45:28","slug":"comite-de-defense-abir-moussi-victime-de-graves-atteintes-a-ses-droits-fondamentaux","status":"publish","type":"post","link":"https:\/\/kapitalis.com\/tunisie\/2025\/01\/14\/comite-de-defense-abir-moussi-victime-de-graves-atteintes-a-ses-droits-fondamentaux\/","title":{"rendered":"Comit\u00e9 de d\u00e9fense : \u00abAbir Moussi victime de graves atteintes \u00e0 ses droits fondamentaux\u00bb"},"content":{"rendered":"\n<p><strong><em>Le comit\u00e9 de d\u00e9fense a point\u00e9 du doigt de graves atteintes aux droits fondamentaux visant l&rsquo;avocate et pr\u00e9sidente du Parti destourien libre (PDL) Abir Moussi, qui est en d\u00e9tention depuis octobre 2023.<\/em><\/strong><\/p>\n\n\n\n<!--more-->\n\n\n\n<p>Dans un communiqu\u00e9 publi\u00e9 dans la soir\u00e9e de ce mardi 14 janvier 2025, le comit\u00e9 de d\u00e9fense a estim\u00e9 que \u00ab <em>ces atteintes ont atteint un degr\u00e9 insoutenable<\/em> \u00bb, en affirmant que des restrictions lui ont \u00e9t\u00e9 impos\u00e9es, notamment en ce qui concerne le nombre d&rsquo;avocats autoris\u00e9s \u00e0 rendre visite quotidiennement \u00e0 Abir Moussi, qui a \u00e9t\u00e9 d\u00e9termin\u00e9 \u00e0 deux par jour.<\/p>\n\n\n\n<p>La d\u00e9fense a d\u00e9nonc\u00e9 cette d\u00e9cision et la consid\u00e8re totalement injuste \u00ab<em> d&rsquo;autant que notre cons\u0153ur est vis\u00e9e par de multiples affaires et fait face \u00e0 de graves accusations qui menacent sa vi<\/em>e \u00bb, ajoute la m\u00eame source en d\u00e9non\u00e7ant par ailleurs \u00ab<em> une atteinte au droit \u00e0 une d\u00e9fense libre et \u00e0 la confidentialit\u00e9 des \u00e9changes avec sa cliente <\/em>\u00bb.<\/p>\n\n\n\n<p>Les avocats ont \u00e0 ce propos expliqu\u00e9 que lors d&rsquo;une visite hier, un responsable s\u00e9curitaire et un officier en uniforme ont interrompu l&rsquo;entretien qui se d\u00e9roulait entre Abir Moussi et un membre de son comit\u00e9 de d\u00e9fense : \u00ab <em>Ils les ont interrompus en indiquant que les documents examin\u00e9s ne concernaient pas son affaire, avant de mettre fin <em>arbitrairement<\/em><\/em> <em>\u00e0 la visite et de forcer l\u2019avocat \u00e0 quitter les lieux\u2026 Abir Moussi a \u00e9t\u00e9 reconduite dans sa cellule sans aucune explication concernant cette ing\u00e9rence et cette violation de ses droits <\/em>\u00bb, lit-on encore dans le communiqu\u00e9<\/p>\n\n\n\n<p>La pr\u00e9sidente du PDL envisage par ailleurs d&rsquo;entrer en gr\u00e8ve de la faim sauvage, et ce pour \u00ab <em>protester contre l\u2019aggravation des injustices dont elle est constamment victime <\/em>\u00bb, d\u00e9plorent encore les avocats.<\/p>\n\n\n\n<p class=\"has-text-align-right\"><strong>Y. N.<\/strong><\/p>\n\n\n\n<figure class=\"wp-block-embed is-type-wp-embed is-provider-kapitalis wp-block-embed-kapitalis\"><div class=\"wp-block-embed__wrapper\">\n<blockquote class=\"wp-embedded-content\" data-secret=\"Sw9thDh53I\"><a href=\"https:\/\/kapitalis.com\/tunisie\/2024\/11\/19\/pdl-derniers-developpements-dans-laffaire-abir-moussi\/\">PDL : Derniers d\u00e9veloppements dans l&rsquo;affaire Abir Moussi<\/a><\/blockquote><iframe loading=\"lazy\" class=\"wp-embedded-content\" sandbox=\"allow-scripts\" security=\"restricted\" style=\"position: absolute; visibility: hidden;\" title=\"\u00ab\u00a0PDL : Derniers d\u00e9veloppements dans l&rsquo;affaire Abir Moussi\u00a0\u00bb &#8212; Kapitalis\" src=\"https:\/\/kapitalis.com\/tunisie\/2024\/11\/19\/pdl-derniers-developpements-dans-laffaire-abir-moussi\/embed\/#?secret=vZyA83HYnd#?secret=Sw9thDh53I\" data-secret=\"Sw9thDh53I\" width=\"600\" height=\"338\" frameborder=\"0\" marginwidth=\"0\" marginheight=\"0\" scrolling=\"no\"><\/iframe>\n<\/div><\/figure>\n","protected":false},"excerpt":{"rendered":"<p>Le comit\u00e9 de d\u00e9fense a point\u00e9 du doigt de graves atteintes aux droits fondamentaux visant l&rsquo;avocate et pr\u00e9sidente du Parti destourien libre (PDL) Abir Moussi, qui est en d\u00e9tention depuis octobre 2023.<\/p>\n","protected":false},"author":6,"featured_media":6022742,"comment_status":"open","ping_status":"open","sticky":false,"template":"","format":"standard","meta":{"footnotes":""},"categories":[997,2433],"tags":[15144,266,5619,73027,33536,1314,62643],"class_list":["post-15185718","post","type-post","status-publish","format-standard","has-post-thumbnail","hentry","category-politique","category-tunisie","tag-abir-moussi","tag-defense","tag-droits","tag-parti-destourien","tag-pdl","tag-prison","tag-tunisie"],"yoast_head":"<!-- This site is optimized with the Yoast SEO plugin v26.6 - https:\/\/yoast.com\/wordpress\/plugins\/seo\/ -->\n<title>Comit\u00e9 de d\u00e9fense : \u00abAbir Moussi victime de graves atteintes \u00e0 ses droits fondamentaux\u00bb - Kapitalis<\/title>\n<meta name=\"robots\" content=\"index, follow, max-snippet:-1, max-image-preview:large, max-video-preview:-1\" \/>\n<link rel=\"canonical\" href=\"https:\/\/kapitalis.com\/tunisie\/2025\/01\/14\/comite-de-defense-abir-moussi-victime-de-graves-atteintes-a-ses-droits-fondamentaux\/\" \/>\n<meta property=\"og:locale\" content=\"fr_FR\" \/>\n<meta property=\"og:type\" content=\"article\" \/>\n<meta property=\"og:title\" content=\"Comit\u00e9 de d\u00e9fense : \u00abAbir Moussi victime de graves atteintes \u00e0 ses droits fondamentaux\u00bb - Kapitalis\" \/>\n<meta property=\"og:description\" content=\"Le comit\u00e9 de d\u00e9fense a point\u00e9 du doigt de graves atteintes aux droits fondamentaux visant l&rsquo;avocate et pr\u00e9sidente du Parti destourien libre (PDL) Abir Moussi, qui est en d\u00e9tention depuis octobre 2023.\" \/>\n<meta property=\"og:url\" content=\"https:\/\/kapitalis.com\/tunisie\/2025\/01\/14\/comite-de-defense-abir-moussi-victime-de-graves-atteintes-a-ses-droits-fondamentaux\/\" \/>\n<meta property=\"og:site_name\" content=\"Kapitalis\" \/>\n<meta property=\"article:publisher\" content=\"https:\/\/www.facebook.com\/KapitalisInfo\/\" \/>\n<meta property=\"article:published_time\" content=\"2025-01-14T21:44:34+00:00\" \/>\n<meta property=\"article:modified_time\" content=\"2025-01-14T21:45:28+00:00\" \/>\n<meta property=\"og:image\" content=\"https:\/\/kapitalis.com\/tunisie\/wp-content\/uploads\/2023\/01\/Abir-Moussi.jpg\" \/>\n\t<meta property=\"og:image:width\" content=\"1200\" \/>\n\t<meta property=\"og:image:height\" content=\"630\" \/>\n\t<meta property=\"og:image:type\" content=\"image\/jpeg\" \/>\n<meta name=\"author\" content=\"Yusra NY\" \/>\n<meta name=\"twitter:card\" content=\"summary_large_image\" \/>\n<meta name=\"twitter:creator\" content=\"@KapitalisInfo\" \/>\n<meta name=\"twitter:site\" content=\"@KapitalisInfo\" \/>\n<meta name=\"twitter:label1\" content=\"\u00c9crit par\" \/>\n\t<meta name=\"twitter:data1\" content=\"Yusra NY\" \/>\n\t<meta name=\"twitter:label2\" content=\"Dur\u00e9e de lecture estim\u00e9e\" \/>\n\t<meta name=\"twitter:data2\" content=\"2 minutes\" \/>\n<script type=\"application\/ld+json\" class=\"yoast-schema-graph\">{\"@context\":\"https:\/\/schema.org\",\"@graph\":[{\"@type\":\"Article\",\"@id\":\"https:\/\/kapitalis.com\/tunisie\/2025\/01\/14\/comite-de-defense-abir-moussi-victime-de-graves-atteintes-a-ses-droits-fondamentaux\/#article\",\"isPartOf\":{\"@id\":\"https:\/\/kapitalis.com\/tunisie\/2025\/01\/14\/comite-de-defense-abir-moussi-victime-de-graves-atteintes-a-ses-droits-fondamentaux\/\"},\"author\":{\"name\":\"Yusra NY\",\"@id\":\"https:\/\/kapitalis.com\/tunisie\/#\/schema\/person\/74bbde0154d49d790a92aaeac5bc01d5\"},\"headline\":\"Comit\u00e9 de d\u00e9fense : \u00abAbir Moussi victime de graves atteintes \u00e0 ses droits fondamentaux\u00bb\",\"datePublished\":\"2025-01-14T21:44:34+00:00\",\"dateModified\":\"2025-01-14T21:45:28+00:00\",\"mainEntityOfPage\":{\"@id\":\"https:\/\/kapitalis.com\/tunisie\/2025\/01\/14\/comite-de-defense-abir-moussi-victime-de-graves-atteintes-a-ses-droits-fondamentaux\/\"},\"wordCount\":309,\"commentCount\":0,\"publisher\":{\"@id\":\"https:\/\/kapitalis.com\/tunisie\/#organization\"},\"image\":{\"@id\":\"https:\/\/kapitalis.com\/tunisie\/2025\/01\/14\/comite-de-defense-abir-moussi-victime-de-graves-atteintes-a-ses-droits-fondamentaux\/#primaryimage\"},\"thumbnailUrl\":\"https:\/\/kapitalis.com\/tunisie\/wp-content\/uploads\/2023\/01\/Abir-Moussi.jpg\",\"keywords\":[\"Abir Moussi\",\"d\u00e9fense\",\"droits\",\"parti destourien\",\"PDL\",\"prison\",\"Tunisie\"],\"articleSection\":[\"POLITIQUE\",\"Tunisie\"],\"inLanguage\":\"fr-FR\",\"potentialAction\":[{\"@type\":\"CommentAction\",\"name\":\"Comment\",\"target\":[\"https:\/\/kapitalis.com\/tunisie\/2025\/01\/14\/comite-de-defense-abir-moussi-victime-de-graves-atteintes-a-ses-droits-fondamentaux\/#respond\"]}]},{\"@type\":\"WebPage\",\"@id\":\"https:\/\/kapitalis.com\/tunisie\/2025\/01\/14\/comite-de-defense-abir-moussi-victime-de-graves-atteintes-a-ses-droits-fondamentaux\/\",\"url\":\"https:\/\/kapitalis.com\/tunisie\/2025\/01\/14\/comite-de-defense-abir-moussi-victime-de-graves-atteintes-a-ses-droits-fondamentaux\/\",\"name\":\"Comit\u00e9 de d\u00e9fense : \u00abAbir Moussi victime de graves atteintes \u00e0 ses droits fondamentaux\u00bb - Kapitalis\",\"isPartOf\":{\"@id\":\"https:\/\/kapitalis.com\/tunisie\/#website\"},\"primaryImageOfPage\":{\"@id\":\"https:\/\/kapitalis.com\/tunisie\/2025\/01\/14\/comite-de-defense-abir-moussi-victime-de-graves-atteintes-a-ses-droits-fondamentaux\/#primaryimage\"},\"image\":{\"@id\":\"https:\/\/kapitalis.com\/tunisie\/2025\/01\/14\/comite-de-defense-abir-moussi-victime-de-graves-atteintes-a-ses-droits-fondamentaux\/#primaryimage\"},\"thumbnailUrl\":\"https:\/\/kapitalis.com\/tunisie\/wp-content\/uploads\/2023\/01\/Abir-Moussi.jpg\",\"datePublished\":\"2025-01-14T21:44:34+00:00\",\"dateModified\":\"2025-01-14T21:45:28+00:00\",\"breadcrumb\":{\"@id\":\"https:\/\/kapitalis.com\/tunisie\/2025\/01\/14\/comite-de-defense-abir-moussi-victime-de-graves-atteintes-a-ses-droits-fondamentaux\/#breadcrumb\"},\"inLanguage\":\"fr-FR\",\"potentialAction\":[{\"@type\":\"ReadAction\",\"target\":[\"https:\/\/kapitalis.com\/tunisie\/2025\/01\/14\/comite-de-defense-abir-moussi-victime-de-graves-atteintes-a-ses-droits-fondamentaux\/\"]}]},{\"@type\":\"ImageObject\",\"inLanguage\":\"fr-FR\",\"@id\":\"https:\/\/kapitalis.com\/tunisie\/2025\/01\/14\/comite-de-defense-abir-moussi-victime-de-graves-atteintes-a-ses-droits-fondamentaux\/#primaryimage\",\"url\":\"https:\/\/kapitalis.com\/tunisie\/wp-content\/uploads\/2023\/01\/Abir-Moussi.jpg\",\"contentUrl\":\"https:\/\/kapitalis.com\/tunisie\/wp-content\/uploads\/2023\/01\/Abir-Moussi.jpg\",\"width\":1200,\"height\":630},{\"@type\":\"BreadcrumbList\",\"@id\":\"https:\/\/kapitalis.com\/tunisie\/2025\/01\/14\/comite-de-defense-abir-moussi-victime-de-graves-atteintes-a-ses-droits-fondamentaux\/#breadcrumb\",\"itemListElement\":[{\"@type\":\"ListItem\",\"position\":1,\"name\":\"Accueil\",\"item\":\"https:\/\/kapitalis.com\/tunisie\/\"},{\"@type\":\"ListItem\",\"position\":2,\"name\":\"Comit\u00e9 de d\u00e9fense : \u00abAbir Moussi victime de graves atteintes \u00e0 ses droits fondamentaux\u00bb\"}]},{\"@type\":\"WebSite\",\"@id\":\"https:\/\/kapitalis.com\/tunisie\/#website\",\"url\":\"https:\/\/kapitalis.com\/tunisie\/\",\"name\":\"Kapitalis\",\"description\":\"L&#039;actualit\u00e9 en Tunisie et dans le monde\",\"publisher\":{\"@id\":\"https:\/\/kapitalis.com\/tunisie\/#organization\"},\"potentialAction\":[{\"@type\":\"SearchAction\",\"target\":{\"@type\":\"EntryPoint\",\"urlTemplate\":\"https:\/\/kapitalis.com\/tunisie\/?s={search_term_string}\"},\"query-input\":{\"@type\":\"PropertyValueSpecification\",\"valueRequired\":true,\"valueName\":\"search_term_string\"}}],\"inLanguage\":\"fr-FR\"},{\"@type\":\"Organization\",\"@id\":\"https:\/\/kapitalis.com\/tunisie\/#organization\",\"name\":\"Kapitalis\",\"url\":\"https:\/\/kapitalis.com\/tunisie\/\",\"logo\":{\"@type\":\"ImageObject\",\"inLanguage\":\"fr-FR\",\"@id\":\"https:\/\/kapitalis.com\/tunisie\/#\/schema\/logo\/image\/\",\"url\":\"https:\/\/kapitalis.com\/tunisie\/wp-content\/uploads\/2022\/05\/Kapitalis-big-size.png\",\"contentUrl\":\"https:\/\/kapitalis.com\/tunisie\/wp-content\/uploads\/2022\/05\/Kapitalis-big-size.png\",\"width\":5000,\"height\":1500,\"caption\":\"Kapitalis\"},\"image\":{\"@id\":\"https:\/\/kapitalis.com\/tunisie\/#\/schema\/logo\/image\/\"},\"sameAs\":[\"https:\/\/www.facebook.com\/KapitalisInfo\/\",\"https:\/\/x.com\/KapitalisInfo\",\"https:\/\/www.youtube.com\/channel\/UC-yDYrHyfFBWWZaOw3FPg9Q\"]},{\"@type\":\"Person\",\"@id\":\"https:\/\/kapitalis.com\/tunisie\/#\/schema\/person\/74bbde0154d49d790a92aaeac5bc01d5\",\"name\":\"Yusra NY\",\"url\":\"https:\/\/kapitalis.com\/tunisie\/author\/yuza_adam\/\"}]}<\/script>\n<!-- \/ Yoast SEO plugin. -->","yoast_head_json":{"title":"Comit\u00e9 de d\u00e9fense : \u00abAbir Moussi victime de graves atteintes \u00e0 ses droits fondamentaux\u00bb - Kapitalis","robots":{"index":"index","follow":"follow","max-snippet":"max-snippet:-1","max-image-preview":"max-image-preview:large","max-video-preview":"max-video-preview:-1"},"canonical":"https:\/\/kapitalis.com\/tunisie\/2025\/01\/14\/comite-de-defense-abir-moussi-victime-de-graves-atteintes-a-ses-droits-fondamentaux\/","og_locale":"fr_FR","og_type":"article","og_title":"Comit\u00e9 de d\u00e9fense : \u00abAbir Moussi victime de graves atteintes \u00e0 ses droits fondamentaux\u00bb - Kapitalis","og_description":"Le comit\u00e9 de d\u00e9fense a point\u00e9 du doigt de graves atteintes aux droits fondamentaux visant l&rsquo;avocate et pr\u00e9sidente du Parti destourien libre (PDL) Abir Moussi, qui est en d\u00e9tention depuis octobre 2023.","og_url":"https:\/\/kapitalis.com\/tunisie\/2025\/01\/14\/comite-de-defense-abir-moussi-victime-de-graves-atteintes-a-ses-droits-fondamentaux\/","og_site_name":"Kapitalis","article_publisher":"https:\/\/www.facebook.com\/KapitalisInfo\/","article_published_time":"2025-01-14T21:44:34+00:00","article_modified_time":"2025-01-14T21:45:28+00:00","og_image":[{"width":1200,"height":630,"url":"https:\/\/kapitalis.com\/tunisie\/wp-content\/uploads\/2023\/01\/Abir-Moussi.jpg","type":"image\/jpeg"}],"author":"Yusra NY","twitter_card":"summary_large_image","twitter_creator":"@KapitalisInfo","twitter_site":"@KapitalisInfo","twitter_misc":{"\u00c9crit par":"Yusra NY","Dur\u00e9e de lecture estim\u00e9e":"2 minutes"},"schema":{"@context":"https:\/\/schema.org","@graph":[{"@type":"Article","@id":"https:\/\/kapitalis.com\/tunisie\/2025\/01\/14\/comite-de-defense-abir-moussi-victime-de-graves-atteintes-a-ses-droits-fondamentaux\/#article","isPartOf":{"@id":"https:\/\/kapitalis.com\/tunisie\/2025\/01\/14\/comite-de-defense-abir-moussi-victime-de-graves-atteintes-a-ses-droits-fondamentaux\/"},"author":{"name":"Yusra NY","@id":"https:\/\/kapitalis.com\/tunisie\/#\/schema\/person\/74bbde0154d49d790a92aaeac5bc01d5"},"headline":"Comit\u00e9 de d\u00e9fense : \u00abAbir Moussi victime de graves atteintes \u00e0 ses droits fondamentaux\u00bb","datePublished":"2025-01-14T21:44:34+00:00","dateModified":"2025-01-14T21:45:28+00:00","mainEntityOfPage":{"@id":"https:\/\/kapitalis.com\/tunisie\/2025\/01\/14\/comite-de-defense-abir-moussi-victime-de-graves-atteintes-a-ses-droits-fondamentaux\/"},"wordCount":309,"commentCount":0,"publisher":{"@id":"https:\/\/kapitalis.com\/tunisie\/#organization"},"image":{"@id":"https:\/\/kapitalis.com\/tunisie\/2025\/01\/14\/comite-de-defense-abir-moussi-victime-de-graves-atteintes-a-ses-droits-fondamentaux\/#primaryimage"},"thumbnailUrl":"https:\/\/kapitalis.com\/tunisie\/wp-content\/uploads\/2023\/01\/Abir-Moussi.jpg","keywords":["Abir Moussi","d\u00e9fense","droits","parti destourien","PDL","prison","Tunisie"],"articleSection":["POLITIQUE","Tunisie"],"inLanguage":"fr-FR","potentialAction":[{"@type":"CommentAction","name":"Comment","target":["https:\/\/kapitalis.com\/tunisie\/2025\/01\/14\/comite-de-defense-abir-moussi-victime-de-graves-atteintes-a-ses-droits-fondamentaux\/#respond"]}]},{"@type":"WebPage","@id":"https:\/\/kapitalis.com\/tunisie\/2025\/01\/14\/comite-de-defense-abir-moussi-victime-de-graves-atteintes-a-ses-droits-fondamentaux\/","url":"https:\/\/kapitalis.com\/tunisie\/2025\/01\/14\/comite-de-defense-abir-moussi-victime-de-graves-atteintes-a-ses-droits-fondamentaux\/","name":"Comit\u00e9 de d\u00e9fense : \u00abAbir Moussi victime de graves atteintes \u00e0 ses droits fondamentaux\u00bb - Kapitalis","isPartOf":{"@id":"https:\/\/kapitalis.com\/tunisie\/#website"},"primaryImageOfPage":{"@id":"https:\/\/kapitalis.com\/tunisie\/2025\/01\/14\/comite-de-defense-abir-moussi-victime-de-graves-atteintes-a-ses-droits-fondamentaux\/#primaryimage"},"image":{"@id":"https:\/\/kapitalis.com\/tunisie\/2025\/01\/14\/comite-de-defense-abir-moussi-victime-de-graves-atteintes-a-ses-droits-fondamentaux\/#primaryimage"},"thumbnailUrl":"https:\/\/kapitalis.com\/tunisie\/wp-content\/uploads\/2023\/01\/Abir-Moussi.jpg","datePublished":"2025-01-14T21:44:34+00:00","dateModified":"2025-01-14T21:45:28+00:00","breadcrumb":{"@id":"https:\/\/kapitalis.com\/tunisie\/2025\/01\/14\/comite-de-defense-abir-moussi-victime-de-graves-atteintes-a-ses-droits-fondamentaux\/#breadcrumb"},"inLanguage":"fr-FR","potentialAction":[{"@type":"ReadAction","target":["https:\/\/kapitalis.com\/tunisie\/2025\/01\/14\/comite-de-defense-abir-moussi-victime-de-graves-atteintes-a-ses-droits-fondamentaux\/"]}]},{"@type":"ImageObject","inLanguage":"fr-FR","@id":"https:\/\/kapitalis.com\/tunisie\/2025\/01\/14\/comite-de-defense-abir-moussi-victime-de-graves-atteintes-a-ses-droits-fondamentaux\/#primaryimage","url":"https:\/\/kapitalis.com\/tunisie\/wp-content\/uploads\/2023\/01\/Abir-Moussi.jpg","contentUrl":"https:\/\/kapitalis.com\/tunisie\/wp-content\/uploads\/2023\/01\/Abir-Moussi.jpg","width":1200,"height":630},{"@type":"BreadcrumbList","@id":"https:\/\/kapitalis.com\/tunisie\/2025\/01\/14\/comite-de-defense-abir-moussi-victime-de-graves-atteintes-a-ses-droits-fondamentaux\/#breadcrumb","itemListElement":[{"@type":"ListItem","position":1,"name":"Accueil","item":"https:\/\/kapitalis.com\/tunisie\/"},{"@type":"ListItem","position":2,"name":"Comit\u00e9 de d\u00e9fense : \u00abAbir Moussi victime de graves atteintes \u00e0 ses droits fondamentaux\u00bb"}]},{"@type":"WebSite","@id":"https:\/\/kapitalis.com\/tunisie\/#website","url":"https:\/\/kapitalis.com\/tunisie\/","name":"Kapitalis","description":"L&#039;actualit\u00e9 en Tunisie et dans le monde","publisher":{"@id":"https:\/\/kapitalis.com\/tunisie\/#organization"},"potentialAction":[{"@type":"SearchAction","target":{"@type":"EntryPoint","urlTemplate":"https:\/\/kapitalis.com\/tunisie\/?s={search_term_string}"},"query-input":{"@type":"PropertyValueSpecification","valueRequired":true,"valueName":"search_term_string"}}],"inLanguage":"fr-FR"},{"@type":"Organization","@id":"https:\/\/kapitalis.com\/tunisie\/#organization","name":"Kapitalis","url":"https:\/\/kapitalis.com\/tunisie\/","logo":{"@type":"ImageObject","inLanguage":"fr-FR","@id":"https:\/\/kapitalis.com\/tunisie\/#\/schema\/logo\/image\/","url":"https:\/\/kapitalis.com\/tunisie\/wp-content\/uploads\/2022\/05\/Kapitalis-big-size.png","contentUrl":"https:\/\/kapitalis.com\/tunisie\/wp-content\/uploads\/2022\/05\/Kapitalis-big-size.png","width":5000,"height":1500,"caption":"Kapitalis"},"image":{"@id":"https:\/\/kapitalis.com\/tunisie\/#\/schema\/logo\/image\/"},"sameAs":["https:\/\/www.facebook.com\/KapitalisInfo\/","https:\/\/x.com\/KapitalisInfo","https:\/\/www.youtube.com\/channel\/UC-yDYrHyfFBWWZaOw3FPg9Q"]},{"@type":"Person","@id":"https:\/\/kapitalis.com\/tunisie\/#\/schema\/person\/74bbde0154d49d790a92aaeac5bc01d5","name":"Yusra NY","url":"https:\/\/kapitalis.com\/tunisie\/author\/yuza_adam\/"}]}},"_links":{"self":[{"href":"https:\/\/kapitalis.com\/tunisie\/wp-json\/wp\/v2\/posts\/15185718","targetHints":{"allow":["GET"]}}],"collection":[{"href":"https:\/\/kapitalis.com\/tunisie\/wp-json\/wp\/v2\/posts"}],"about":[{"href":"https:\/\/kapitalis.com\/tunisie\/wp-json\/wp\/v2\/types\/post"}],"author":[{"embeddable":true,"href":"https:\/\/kapitalis.com\/tunisie\/wp-json\/wp\/v2\/users\/6"}],"replies":[{"embeddable":true,"href":"https:\/\/kapitalis.com\/tunisie\/wp-json\/wp\/v2\/comments?post=15185718"}],"version-history":[{"count":4,"href":"https:\/\/kapitalis.com\/tunisie\/wp-json\/wp\/v2\/posts\/15185718\/revisions"}],"predecessor-version":[{"id":15185904,"href":"https:\/\/kapitalis.com\/tunisie\/wp-json\/wp\/v2\/posts\/15185718\/revisions\/15185904"}],"wp:featuredmedia":[{"embeddable":true,"href":"https:\/\/kapitalis.com\/tunisie\/wp-json\/wp\/v2\/media\/6022742"}],"wp:attachment":[{"href":"https:\/\/kapitalis.com\/tunisie\/wp-json\/wp\/v2\/media?parent=15185718"}],"wp:term":[{"taxonomy":"category","embeddable":true,"href":"https:\/\/kapitalis.com\/tunisie\/wp-json\/wp\/v2\/categories?post=15185718"},{"taxonomy":"post_tag","embeddable":true,"href":"https:\/\/kapitalis.com\/tunisie\/wp-json\/wp\/v2\/tags?post=15185718"}],"curies":[{"name":"wp","href":"https:\/\/api.w.org\/{rel}","templated":true}]}}