{"id":15187293,"date":"2025-01-15T07:56:53","date_gmt":"2025-01-15T06:56:53","guid":{"rendered":"https:\/\/kapitalis.com\/tunisie\/?p=15187293"},"modified":"2025-01-15T07:56:54","modified_gmt":"2025-01-15T06:56:54","slug":"seminaire-a-tunis-sur-le-potentiel-de-lia-en-tunisie","status":"publish","type":"post","link":"https:\/\/kapitalis.com\/tunisie\/2025\/01\/15\/seminaire-a-tunis-sur-le-potentiel-de-lia-en-tunisie\/","title":{"rendered":"S\u00e9minaire \u00e0 Tunis\u00a0sur le potentiel de l\u2019IA en Tunisie"},"content":{"rendered":"\n<p><strong><em>L\u2019Institut national de la normalisation et de la propri\u00e9t\u00e9 industrielle (Innorpi) organise un s\u00e9minaire sur le th\u00e8me: \u00abL\u2019intelligence artificielle au service du d\u00e9veloppement durable : les normes un levier incontournable \u00e0 l\u2019IA\u00bb.<\/em><\/strong><\/p>\n\n\n\n<!--more-->\n\n\n\n<p>Ce s\u00e9minaire, qui se tient ce mercredi 15 janvier 2025 \u00e0 l\u2019h\u00f4tel Radisson Blu (ex. Laico) \u00e0 Tunis, est organis\u00e9 dans le cadre de la visite officielle de Sergio Mujica, secr\u00e9taire g\u00e9n\u00e9ral de l\u2019Organisation internationale de normalisation (ISO) en Tunisie.&nbsp;<\/p>\n\n\n\n<p>L\u2019ouverture officielle de cet \u00e9v\u00e9nement sera assur\u00e9e par Wael Chouchane, secr\u00e9taire d\u2019\u00c9tat aupr\u00e8s de la ministre de l\u2019Industrie, des Mines et de l\u2019\u00c9nergie, charg\u00e9 de la Transition \u00e9nerg\u00e9tique.<\/p>\n\n\n\n<p>&nbsp;Au programme, plusieurs th\u00e9matiques comme le r\u00f4le des normes dans une bonne gouvernance de l\u2019IA; l\u2019accompagnement \u00e0 l\u2019innovation dans l\u2019\u00e8re de l\u2019IA; les enjeux de l\u2019intelligence artificielle en Tunisie : risques et opportunit\u00e9s ; ainsi que des t\u00e9moignages sur le potentiel de l\u2019IA en Tunisie.<\/p>\n","protected":false},"excerpt":{"rendered":"<p>S\u00e9minaire \u00e0 Tunis sur \u00abl\u2019intelligence artificielle au service du d\u00e9veloppement durable : les normes un levier incontournable \u00e0 l\u2019IA\u00bb.<\/p>\n","protected":false},"author":8,"featured_media":15187296,"comment_status":"open","ping_status":"open","sticky":false,"template":"","format":"standard","meta":{"footnotes":""},"categories":[1],"tags":[76404,7382,36826,120116,62643,113787],"class_list":["post-15187293","post","type-post","status-publish","format-standard","has-post-thumbnail","hentry","category-non-classe","tag-ia","tag-innorpi","tag-intelligence-artificielle","tag-sergio-mujica","tag-tunisie","tag-wael-chouchane"],"yoast_head":"<!-- This site is optimized with the Yoast SEO plugin v26.6 - https:\/\/yoast.com\/wordpress\/plugins\/seo\/ -->\n<title>S\u00e9minaire \u00e0 Tunis\u00a0sur le potentiel de l\u2019IA en Tunisie - Kapitalis<\/title>\n<meta name=\"robots\" content=\"index, follow, max-snippet:-1, max-image-preview:large, max-video-preview:-1\" \/>\n<link rel=\"canonical\" href=\"https:\/\/kapitalis.com\/tunisie\/2025\/01\/15\/seminaire-a-tunis-sur-le-potentiel-de-lia-en-tunisie\/\" \/>\n<meta property=\"og:locale\" content=\"fr_FR\" \/>\n<meta property=\"og:type\" content=\"article\" \/>\n<meta property=\"og:title\" content=\"S\u00e9minaire \u00e0 Tunis\u00a0sur le potentiel de l\u2019IA en Tunisie - Kapitalis\" \/>\n<meta property=\"og:description\" content=\"S\u00e9minaire \u00e0 Tunis sur \u00abl\u2019intelligence artificielle au service du d\u00e9veloppement durable : les normes un levier incontournable \u00e0 l\u2019IA\u00bb.\" \/>\n<meta property=\"og:url\" content=\"https:\/\/kapitalis.com\/tunisie\/2025\/01\/15\/seminaire-a-tunis-sur-le-potentiel-de-lia-en-tunisie\/\" \/>\n<meta property=\"og:site_name\" content=\"Kapitalis\" \/>\n<meta property=\"article:publisher\" content=\"https:\/\/www.facebook.com\/KapitalisInfo\/\" \/>\n<meta property=\"article:published_time\" content=\"2025-01-15T06:56:53+00:00\" \/>\n<meta property=\"article:modified_time\" content=\"2025-01-15T06:56:54+00:00\" \/>\n<meta property=\"og:image\" content=\"https:\/\/kapitalis.com\/tunisie\/wp-content\/uploads\/2025\/01\/Sergio-Mujica-et-Kamel-Maddouri.jpg\" \/>\n\t<meta property=\"og:image:width\" content=\"1200\" \/>\n\t<meta property=\"og:image:height\" content=\"630\" \/>\n\t<meta property=\"og:image:type\" content=\"image\/jpeg\" \/>\n<meta name=\"author\" content=\"webmaster kapitalis\" \/>\n<meta name=\"twitter:card\" content=\"summary_large_image\" \/>\n<meta name=\"twitter:creator\" content=\"@KapitalisInfo\" \/>\n<meta name=\"twitter:site\" content=\"@KapitalisInfo\" \/>\n<meta name=\"twitter:label1\" content=\"\u00c9crit par\" \/>\n\t<meta name=\"twitter:data1\" content=\"webmaster kapitalis\" \/>\n\t<meta name=\"twitter:label2\" content=\"Dur\u00e9e de lecture estim\u00e9e\" \/>\n\t<meta name=\"twitter:data2\" content=\"1 minute\" \/>\n<script type=\"application\/ld+json\" class=\"yoast-schema-graph\">{\"@context\":\"https:\/\/schema.org\",\"@graph\":[{\"@type\":\"Article\",\"@id\":\"https:\/\/kapitalis.com\/tunisie\/2025\/01\/15\/seminaire-a-tunis-sur-le-potentiel-de-lia-en-tunisie\/#article\",\"isPartOf\":{\"@id\":\"https:\/\/kapitalis.com\/tunisie\/2025\/01\/15\/seminaire-a-tunis-sur-le-potentiel-de-lia-en-tunisie\/\"},\"author\":{\"name\":\"webmaster kapitalis\",\"@id\":\"https:\/\/kapitalis.com\/tunisie\/#\/schema\/person\/d71f33a9ca44f7bad4698210b480c8e9\"},\"headline\":\"S\u00e9minaire \u00e0 Tunis\u00a0sur le potentiel de l\u2019IA en Tunisie\",\"datePublished\":\"2025-01-15T06:56:53+00:00\",\"dateModified\":\"2025-01-15T06:56:54+00:00\",\"mainEntityOfPage\":{\"@id\":\"https:\/\/kapitalis.com\/tunisie\/2025\/01\/15\/seminaire-a-tunis-sur-le-potentiel-de-lia-en-tunisie\/\"},\"wordCount\":183,\"commentCount\":0,\"publisher\":{\"@id\":\"https:\/\/kapitalis.com\/tunisie\/#organization\"},\"image\":{\"@id\":\"https:\/\/kapitalis.com\/tunisie\/2025\/01\/15\/seminaire-a-tunis-sur-le-potentiel-de-lia-en-tunisie\/#primaryimage\"},\"thumbnailUrl\":\"https:\/\/kapitalis.com\/tunisie\/wp-content\/uploads\/2025\/01\/Sergio-Mujica-et-Kamel-Maddouri.jpg\",\"keywords\":[\"IA\",\"Innorpi\",\"intelligence artificielle\",\"Sergio Mujica\",\"Tunisie\",\"Wael Chouchane\"],\"inLanguage\":\"fr-FR\",\"potentialAction\":[{\"@type\":\"CommentAction\",\"name\":\"Comment\",\"target\":[\"https:\/\/kapitalis.com\/tunisie\/2025\/01\/15\/seminaire-a-tunis-sur-le-potentiel-de-lia-en-tunisie\/#respond\"]}]},{\"@type\":\"WebPage\",\"@id\":\"https:\/\/kapitalis.com\/tunisie\/2025\/01\/15\/seminaire-a-tunis-sur-le-potentiel-de-lia-en-tunisie\/\",\"url\":\"https:\/\/kapitalis.com\/tunisie\/2025\/01\/15\/seminaire-a-tunis-sur-le-potentiel-de-lia-en-tunisie\/\",\"name\":\"S\u00e9minaire \u00e0 Tunis\u00a0sur le potentiel de l\u2019IA en Tunisie - Kapitalis\",\"isPartOf\":{\"@id\":\"https:\/\/kapitalis.com\/tunisie\/#website\"},\"primaryImageOfPage\":{\"@id\":\"https:\/\/kapitalis.com\/tunisie\/2025\/01\/15\/seminaire-a-tunis-sur-le-potentiel-de-lia-en-tunisie\/#primaryimage\"},\"image\":{\"@id\":\"https:\/\/kapitalis.com\/tunisie\/2025\/01\/15\/seminaire-a-tunis-sur-le-potentiel-de-lia-en-tunisie\/#primaryimage\"},\"thumbnailUrl\":\"https:\/\/kapitalis.com\/tunisie\/wp-content\/uploads\/2025\/01\/Sergio-Mujica-et-Kamel-Maddouri.jpg\",\"datePublished\":\"2025-01-15T06:56:53+00:00\",\"dateModified\":\"2025-01-15T06:56:54+00:00\",\"breadcrumb\":{\"@id\":\"https:\/\/kapitalis.com\/tunisie\/2025\/01\/15\/seminaire-a-tunis-sur-le-potentiel-de-lia-en-tunisie\/#breadcrumb\"},\"inLanguage\":\"fr-FR\",\"potentialAction\":[{\"@type\":\"ReadAction\",\"target\":[\"https:\/\/kapitalis.com\/tunisie\/2025\/01\/15\/seminaire-a-tunis-sur-le-potentiel-de-lia-en-tunisie\/\"]}]},{\"@type\":\"ImageObject\",\"inLanguage\":\"fr-FR\",\"@id\":\"https:\/\/kapitalis.com\/tunisie\/2025\/01\/15\/seminaire-a-tunis-sur-le-potentiel-de-lia-en-tunisie\/#primaryimage\",\"url\":\"https:\/\/kapitalis.com\/tunisie\/wp-content\/uploads\/2025\/01\/Sergio-Mujica-et-Kamel-Maddouri.jpg\",\"contentUrl\":\"https:\/\/kapitalis.com\/tunisie\/wp-content\/uploads\/2025\/01\/Sergio-Mujica-et-Kamel-Maddouri.jpg\",\"width\":1200,\"height\":630},{\"@type\":\"BreadcrumbList\",\"@id\":\"https:\/\/kapitalis.com\/tunisie\/2025\/01\/15\/seminaire-a-tunis-sur-le-potentiel-de-lia-en-tunisie\/#breadcrumb\",\"itemListElement\":[{\"@type\":\"ListItem\",\"position\":1,\"name\":\"Accueil\",\"item\":\"https:\/\/kapitalis.com\/tunisie\/\"},{\"@type\":\"ListItem\",\"position\":2,\"name\":\"S\u00e9minaire \u00e0 Tunis\u00a0sur le potentiel de l\u2019IA en Tunisie\"}]},{\"@type\":\"WebSite\",\"@id\":\"https:\/\/kapitalis.com\/tunisie\/#website\",\"url\":\"https:\/\/kapitalis.com\/tunisie\/\",\"name\":\"Kapitalis\",\"description\":\"L&#039;actualit\u00e9 en Tunisie et dans le monde\",\"publisher\":{\"@id\":\"https:\/\/kapitalis.com\/tunisie\/#organization\"},\"potentialAction\":[{\"@type\":\"SearchAction\",\"target\":{\"@type\":\"EntryPoint\",\"urlTemplate\":\"https:\/\/kapitalis.com\/tunisie\/?s={search_term_string}\"},\"query-input\":{\"@type\":\"PropertyValueSpecification\",\"valueRequired\":true,\"valueName\":\"search_term_string\"}}],\"inLanguage\":\"fr-FR\"},{\"@type\":\"Organization\",\"@id\":\"https:\/\/kapitalis.com\/tunisie\/#organization\",\"name\":\"Kapitalis\",\"url\":\"https:\/\/kapitalis.com\/tunisie\/\",\"logo\":{\"@type\":\"ImageObject\",\"inLanguage\":\"fr-FR\",\"@id\":\"https:\/\/kapitalis.com\/tunisie\/#\/schema\/logo\/image\/\",\"url\":\"https:\/\/kapitalis.com\/tunisie\/wp-content\/uploads\/2022\/05\/Kapitalis-big-size.png\",\"contentUrl\":\"https:\/\/kapitalis.com\/tunisie\/wp-content\/uploads\/2022\/05\/Kapitalis-big-size.png\",\"width\":5000,\"height\":1500,\"caption\":\"Kapitalis\"},\"image\":{\"@id\":\"https:\/\/kapitalis.com\/tunisie\/#\/schema\/logo\/image\/\"},\"sameAs\":[\"https:\/\/www.facebook.com\/KapitalisInfo\/\",\"https:\/\/x.com\/KapitalisInfo\",\"https:\/\/www.youtube.com\/channel\/UC-yDYrHyfFBWWZaOw3FPg9Q\"]},{\"@type\":\"Person\",\"@id\":\"https:\/\/kapitalis.com\/tunisie\/#\/schema\/person\/d71f33a9ca44f7bad4698210b480c8e9\",\"name\":\"webmaster kapitalis\",\"url\":\"https:\/\/kapitalis.com\/tunisie\/author\/webmaster-kapitalis\/\"}]}<\/script>\n<!-- \/ Yoast SEO plugin. -->","yoast_head_json":{"title":"S\u00e9minaire \u00e0 Tunis\u00a0sur le potentiel de l\u2019IA en Tunisie - Kapitalis","robots":{"index":"index","follow":"follow","max-snippet":"max-snippet:-1","max-image-preview":"max-image-preview:large","max-video-preview":"max-video-preview:-1"},"canonical":"https:\/\/kapitalis.com\/tunisie\/2025\/01\/15\/seminaire-a-tunis-sur-le-potentiel-de-lia-en-tunisie\/","og_locale":"fr_FR","og_type":"article","og_title":"S\u00e9minaire \u00e0 Tunis\u00a0sur le potentiel de l\u2019IA en Tunisie - Kapitalis","og_description":"S\u00e9minaire \u00e0 Tunis sur \u00abl\u2019intelligence artificielle au service du d\u00e9veloppement durable : les normes un levier incontournable \u00e0 l\u2019IA\u00bb.","og_url":"https:\/\/kapitalis.com\/tunisie\/2025\/01\/15\/seminaire-a-tunis-sur-le-potentiel-de-lia-en-tunisie\/","og_site_name":"Kapitalis","article_publisher":"https:\/\/www.facebook.com\/KapitalisInfo\/","article_published_time":"2025-01-15T06:56:53+00:00","article_modified_time":"2025-01-15T06:56:54+00:00","og_image":[{"width":1200,"height":630,"url":"https:\/\/kapitalis.com\/tunisie\/wp-content\/uploads\/2025\/01\/Sergio-Mujica-et-Kamel-Maddouri.jpg","type":"image\/jpeg"}],"author":"webmaster kapitalis","twitter_card":"summary_large_image","twitter_creator":"@KapitalisInfo","twitter_site":"@KapitalisInfo","twitter_misc":{"\u00c9crit par":"webmaster kapitalis","Dur\u00e9e de lecture estim\u00e9e":"1 minute"},"schema":{"@context":"https:\/\/schema.org","@graph":[{"@type":"Article","@id":"https:\/\/kapitalis.com\/tunisie\/2025\/01\/15\/seminaire-a-tunis-sur-le-potentiel-de-lia-en-tunisie\/#article","isPartOf":{"@id":"https:\/\/kapitalis.com\/tunisie\/2025\/01\/15\/seminaire-a-tunis-sur-le-potentiel-de-lia-en-tunisie\/"},"author":{"name":"webmaster kapitalis","@id":"https:\/\/kapitalis.com\/tunisie\/#\/schema\/person\/d71f33a9ca44f7bad4698210b480c8e9"},"headline":"S\u00e9minaire \u00e0 Tunis\u00a0sur le potentiel de l\u2019IA en Tunisie","datePublished":"2025-01-15T06:56:53+00:00","dateModified":"2025-01-15T06:56:54+00:00","mainEntityOfPage":{"@id":"https:\/\/kapitalis.com\/tunisie\/2025\/01\/15\/seminaire-a-tunis-sur-le-potentiel-de-lia-en-tunisie\/"},"wordCount":183,"commentCount":0,"publisher":{"@id":"https:\/\/kapitalis.com\/tunisie\/#organization"},"image":{"@id":"https:\/\/kapitalis.com\/tunisie\/2025\/01\/15\/seminaire-a-tunis-sur-le-potentiel-de-lia-en-tunisie\/#primaryimage"},"thumbnailUrl":"https:\/\/kapitalis.com\/tunisie\/wp-content\/uploads\/2025\/01\/Sergio-Mujica-et-Kamel-Maddouri.jpg","keywords":["IA","Innorpi","intelligence artificielle","Sergio Mujica","Tunisie","Wael Chouchane"],"inLanguage":"fr-FR","potentialAction":[{"@type":"CommentAction","name":"Comment","target":["https:\/\/kapitalis.com\/tunisie\/2025\/01\/15\/seminaire-a-tunis-sur-le-potentiel-de-lia-en-tunisie\/#respond"]}]},{"@type":"WebPage","@id":"https:\/\/kapitalis.com\/tunisie\/2025\/01\/15\/seminaire-a-tunis-sur-le-potentiel-de-lia-en-tunisie\/","url":"https:\/\/kapitalis.com\/tunisie\/2025\/01\/15\/seminaire-a-tunis-sur-le-potentiel-de-lia-en-tunisie\/","name":"S\u00e9minaire \u00e0 Tunis\u00a0sur le potentiel de l\u2019IA en Tunisie - Kapitalis","isPartOf":{"@id":"https:\/\/kapitalis.com\/tunisie\/#website"},"primaryImageOfPage":{"@id":"https:\/\/kapitalis.com\/tunisie\/2025\/01\/15\/seminaire-a-tunis-sur-le-potentiel-de-lia-en-tunisie\/#primaryimage"},"image":{"@id":"https:\/\/kapitalis.com\/tunisie\/2025\/01\/15\/seminaire-a-tunis-sur-le-potentiel-de-lia-en-tunisie\/#primaryimage"},"thumbnailUrl":"https:\/\/kapitalis.com\/tunisie\/wp-content\/uploads\/2025\/01\/Sergio-Mujica-et-Kamel-Maddouri.jpg","datePublished":"2025-01-15T06:56:53+00:00","dateModified":"2025-01-15T06:56:54+00:00","breadcrumb":{"@id":"https:\/\/kapitalis.com\/tunisie\/2025\/01\/15\/seminaire-a-tunis-sur-le-potentiel-de-lia-en-tunisie\/#breadcrumb"},"inLanguage":"fr-FR","potentialAction":[{"@type":"ReadAction","target":["https:\/\/kapitalis.com\/tunisie\/2025\/01\/15\/seminaire-a-tunis-sur-le-potentiel-de-lia-en-tunisie\/"]}]},{"@type":"ImageObject","inLanguage":"fr-FR","@id":"https:\/\/kapitalis.com\/tunisie\/2025\/01\/15\/seminaire-a-tunis-sur-le-potentiel-de-lia-en-tunisie\/#primaryimage","url":"https:\/\/kapitalis.com\/tunisie\/wp-content\/uploads\/2025\/01\/Sergio-Mujica-et-Kamel-Maddouri.jpg","contentUrl":"https:\/\/kapitalis.com\/tunisie\/wp-content\/uploads\/2025\/01\/Sergio-Mujica-et-Kamel-Maddouri.jpg","width":1200,"height":630},{"@type":"BreadcrumbList","@id":"https:\/\/kapitalis.com\/tunisie\/2025\/01\/15\/seminaire-a-tunis-sur-le-potentiel-de-lia-en-tunisie\/#breadcrumb","itemListElement":[{"@type":"ListItem","position":1,"name":"Accueil","item":"https:\/\/kapitalis.com\/tunisie\/"},{"@type":"ListItem","position":2,"name":"S\u00e9minaire \u00e0 Tunis\u00a0sur le potentiel de l\u2019IA en Tunisie"}]},{"@type":"WebSite","@id":"https:\/\/kapitalis.com\/tunisie\/#website","url":"https:\/\/kapitalis.com\/tunisie\/","name":"Kapitalis","description":"L&#039;actualit\u00e9 en Tunisie et dans le monde","publisher":{"@id":"https:\/\/kapitalis.com\/tunisie\/#organization"},"potentialAction":[{"@type":"SearchAction","target":{"@type":"EntryPoint","urlTemplate":"https:\/\/kapitalis.com\/tunisie\/?s={search_term_string}"},"query-input":{"@type":"PropertyValueSpecification","valueRequired":true,"valueName":"search_term_string"}}],"inLanguage":"fr-FR"},{"@type":"Organization","@id":"https:\/\/kapitalis.com\/tunisie\/#organization","name":"Kapitalis","url":"https:\/\/kapitalis.com\/tunisie\/","logo":{"@type":"ImageObject","inLanguage":"fr-FR","@id":"https:\/\/kapitalis.com\/tunisie\/#\/schema\/logo\/image\/","url":"https:\/\/kapitalis.com\/tunisie\/wp-content\/uploads\/2022\/05\/Kapitalis-big-size.png","contentUrl":"https:\/\/kapitalis.com\/tunisie\/wp-content\/uploads\/2022\/05\/Kapitalis-big-size.png","width":5000,"height":1500,"caption":"Kapitalis"},"image":{"@id":"https:\/\/kapitalis.com\/tunisie\/#\/schema\/logo\/image\/"},"sameAs":["https:\/\/www.facebook.com\/KapitalisInfo\/","https:\/\/x.com\/KapitalisInfo","https:\/\/www.youtube.com\/channel\/UC-yDYrHyfFBWWZaOw3FPg9Q"]},{"@type":"Person","@id":"https:\/\/kapitalis.com\/tunisie\/#\/schema\/person\/d71f33a9ca44f7bad4698210b480c8e9","name":"webmaster kapitalis","url":"https:\/\/kapitalis.com\/tunisie\/author\/webmaster-kapitalis\/"}]}},"_links":{"self":[{"href":"https:\/\/kapitalis.com\/tunisie\/wp-json\/wp\/v2\/posts\/15187293","targetHints":{"allow":["GET"]}}],"collection":[{"href":"https:\/\/kapitalis.com\/tunisie\/wp-json\/wp\/v2\/posts"}],"about":[{"href":"https:\/\/kapitalis.com\/tunisie\/wp-json\/wp\/v2\/types\/post"}],"author":[{"embeddable":true,"href":"https:\/\/kapitalis.com\/tunisie\/wp-json\/wp\/v2\/users\/8"}],"replies":[{"embeddable":true,"href":"https:\/\/kapitalis.com\/tunisie\/wp-json\/wp\/v2\/comments?post=15187293"}],"version-history":[{"count":2,"href":"https:\/\/kapitalis.com\/tunisie\/wp-json\/wp\/v2\/posts\/15187293\/revisions"}],"predecessor-version":[{"id":15187406,"href":"https:\/\/kapitalis.com\/tunisie\/wp-json\/wp\/v2\/posts\/15187293\/revisions\/15187406"}],"wp:featuredmedia":[{"embeddable":true,"href":"https:\/\/kapitalis.com\/tunisie\/wp-json\/wp\/v2\/media\/15187296"}],"wp:attachment":[{"href":"https:\/\/kapitalis.com\/tunisie\/wp-json\/wp\/v2\/media?parent=15187293"}],"wp:term":[{"taxonomy":"category","embeddable":true,"href":"https:\/\/kapitalis.com\/tunisie\/wp-json\/wp\/v2\/categories?post=15187293"},{"taxonomy":"post_tag","embeddable":true,"href":"https:\/\/kapitalis.com\/tunisie\/wp-json\/wp\/v2\/tags?post=15187293"}],"curies":[{"name":"wp","href":"https:\/\/api.w.org\/{rel}","templated":true}]}}