{"id":15188765,"date":"2025-01-15T12:36:40","date_gmt":"2025-01-15T11:36:40","guid":{"rendered":"https:\/\/kapitalis.com\/tunisie\/?p=15188765"},"modified":"2025-01-15T12:36:42","modified_gmt":"2025-01-15T11:36:42","slug":"les-chroniques-de-tunisie-danna-chronique","status":"publish","type":"post","link":"https:\/\/kapitalis.com\/tunisie\/2025\/01\/15\/les-chroniques-de-tunisie-danna-chronique\/","title":{"rendered":"Les \u2018\u2018Chroniques de Tunisie\u2019\u2019 d&rsquo;Anna Chronique"},"content":{"rendered":"\n<p><strong><em>&nbsp;\u2018\u2018Chroniques de Tunisie&nbsp;: Une fran\u00e7aise au pays de la r\u00e9volution\u2019\u2019 est le titre d\u2019un ouvrage \u00e9crit par Anna Chronique et qui sort en librairie ce mercredi 15 janvier 2025, le lendemain de la c\u00e9l\u00e9bration du 14<sup>e<\/sup> anniversaire de la r\u00e9volution du 14 janvier 2011. &nbsp;<\/em><\/strong><\/p>\n\n\n\n<!--more-->\n\n\n\n<p>Publi\u00e9 par les \u00e9ditions Dunod Graphic, cet ouvrage de 160 Pages est un r\u00e9cit autobiographique d\u2019une expatri\u00e9e fran\u00e7aise en pleine r\u00e9volution tunisienne. &nbsp;<\/p>\n\n\n\n<p>En 2008, Anna et Boris, des profs en d\u00e9but de carri\u00e8re et souvent en gal\u00e8re postulent pour partir enseigner \u00e0 l\u2019\u00e9tranger. Apr\u00e8s des d\u00e9marches fastidieuses et quelques nuits d\u2019insomnie, ils d\u00e9crochent chacun un poste pour la Tunisie \u00e0 la surprise de leurs proches.<\/p>\n\n\n\n<p>Sont-ils au courant que le pays est une dictature? Que sa s\u00e9curit\u00e9 cache une r\u00e9pression syst\u00e9matique des opposants et une forte censure?<\/p>\n\n\n\n<p>Qu\u2019importe ! Anna, Boris et leur chat partent vivre leur nouvelle vie d\u2019expatri\u00e9s rythm\u00e9e par la valse des taxis, le concert nocturne des muezzins et les rencontres hautes en couleurs avec les Tunisiens. Ils parcourent les routes de ce pays riche en vestiges, autant de livres ouverts sur son histoire : de Carthage aux hauts lieux du beylicat et du protectorat fran\u00e7ais aux exceptionnels sites romains comme El Jem ou Dougga&#8230;<\/p>\n\n\n\n<p>Mais tout bascule en d\u00e9cembre 2010, quand \u00e9clate la r\u00e9volution du jasmin qui \u00e9branle les dictatures du monde arabe.<\/p>\n\n\n\n<p>Anna Chronique m\u00e8ne une double vie d\u2019enseignante et d\u2019auteure BD. Dans un premier ouvrage, <em>\u2018\u2018Ma vie de prof\u2019\u2019<\/em>, elle raconte avec humour et tendresse son quotidien de maman et d\u2019enseignante dans des bulles d\u2019humeur. Dans cet album jeunesse, dont elle a r\u00e9alis\u00e9 les illustrations, elle a retrouv\u00e9 avec plaisir ses pinceaux et r\u00eaves d\u2019enfants.<\/p>\n","protected":false},"excerpt":{"rendered":"<p>Vient de para\u00eetre \u2018Chroniques de Tunisie\u00a0: Une fran\u00e7aise au pays de la r\u00e9volution\u2019\u2019 d&rsquo;Anna Chronique. <\/p>\n","protected":false},"author":8,"featured_media":15188780,"comment_status":"open","ping_status":"open","sticky":false,"template":"","format":"standard","meta":{"footnotes":""},"categories":[994,2433],"tags":[86497,120130,120131,7336,62643],"class_list":["post-15188765","post","type-post","status-publish","format-standard","has-post-thumbnail","hentry","category-culture","category-tunisie","tag-14-janvier-2011","tag-anna-chronique","tag-expatriee-francaise","tag-revolution-tunisienne","tag-tunisie"],"yoast_head":"<!-- This site is optimized with the Yoast SEO plugin v26.6 - https:\/\/yoast.com\/wordpress\/plugins\/seo\/ -->\n<title>Les \u2018\u2018Chroniques de Tunisie\u2019\u2019 d&#039;Anna Chronique - Kapitalis<\/title>\n<meta name=\"robots\" content=\"index, follow, max-snippet:-1, max-image-preview:large, max-video-preview:-1\" \/>\n<link rel=\"canonical\" href=\"https:\/\/kapitalis.com\/tunisie\/2025\/01\/15\/les-chroniques-de-tunisie-danna-chronique\/\" \/>\n<meta property=\"og:locale\" content=\"fr_FR\" \/>\n<meta property=\"og:type\" content=\"article\" \/>\n<meta property=\"og:title\" content=\"Les \u2018\u2018Chroniques de Tunisie\u2019\u2019 d&#039;Anna Chronique - Kapitalis\" \/>\n<meta property=\"og:description\" content=\"Vient de para\u00eetre \u2018Chroniques de Tunisie\u00a0: Une fran\u00e7aise au pays de la r\u00e9volution\u2019\u2019 d&#039;Anna Chronique.\" \/>\n<meta property=\"og:url\" content=\"https:\/\/kapitalis.com\/tunisie\/2025\/01\/15\/les-chroniques-de-tunisie-danna-chronique\/\" \/>\n<meta property=\"og:site_name\" content=\"Kapitalis\" \/>\n<meta property=\"article:publisher\" content=\"https:\/\/www.facebook.com\/KapitalisInfo\/\" \/>\n<meta property=\"article:published_time\" content=\"2025-01-15T11:36:40+00:00\" \/>\n<meta property=\"article:modified_time\" content=\"2025-01-15T11:36:42+00:00\" \/>\n<meta property=\"og:image\" content=\"https:\/\/kapitalis.com\/tunisie\/wp-content\/uploads\/2025\/01\/Anna-Chronique.jpg\" \/>\n\t<meta property=\"og:image:width\" content=\"1200\" \/>\n\t<meta property=\"og:image:height\" content=\"630\" \/>\n\t<meta property=\"og:image:type\" content=\"image\/jpeg\" \/>\n<meta name=\"author\" content=\"webmaster kapitalis\" \/>\n<meta name=\"twitter:card\" content=\"summary_large_image\" \/>\n<meta name=\"twitter:creator\" content=\"@KapitalisInfo\" \/>\n<meta name=\"twitter:site\" content=\"@KapitalisInfo\" \/>\n<meta name=\"twitter:label1\" content=\"\u00c9crit par\" \/>\n\t<meta name=\"twitter:data1\" content=\"webmaster kapitalis\" \/>\n\t<meta name=\"twitter:label2\" content=\"Dur\u00e9e de lecture estim\u00e9e\" \/>\n\t<meta name=\"twitter:data2\" content=\"2 minutes\" \/>\n<script type=\"application\/ld+json\" class=\"yoast-schema-graph\">{\"@context\":\"https:\/\/schema.org\",\"@graph\":[{\"@type\":\"Article\",\"@id\":\"https:\/\/kapitalis.com\/tunisie\/2025\/01\/15\/les-chroniques-de-tunisie-danna-chronique\/#article\",\"isPartOf\":{\"@id\":\"https:\/\/kapitalis.com\/tunisie\/2025\/01\/15\/les-chroniques-de-tunisie-danna-chronique\/\"},\"author\":{\"name\":\"webmaster kapitalis\",\"@id\":\"https:\/\/kapitalis.com\/tunisie\/#\/schema\/person\/d71f33a9ca44f7bad4698210b480c8e9\"},\"headline\":\"Les \u2018\u2018Chroniques de Tunisie\u2019\u2019 d&rsquo;Anna Chronique\",\"datePublished\":\"2025-01-15T11:36:40+00:00\",\"dateModified\":\"2025-01-15T11:36:42+00:00\",\"mainEntityOfPage\":{\"@id\":\"https:\/\/kapitalis.com\/tunisie\/2025\/01\/15\/les-chroniques-de-tunisie-danna-chronique\/\"},\"wordCount\":311,\"commentCount\":1,\"publisher\":{\"@id\":\"https:\/\/kapitalis.com\/tunisie\/#organization\"},\"image\":{\"@id\":\"https:\/\/kapitalis.com\/tunisie\/2025\/01\/15\/les-chroniques-de-tunisie-danna-chronique\/#primaryimage\"},\"thumbnailUrl\":\"https:\/\/kapitalis.com\/tunisie\/wp-content\/uploads\/2025\/01\/Anna-Chronique.jpg\",\"keywords\":[\"14 janvier 2011\",\"Anna Chronique\",\"expatri\u00e9e fran\u00e7aise\",\"R\u00e9volution tunisienne\",\"Tunisie\"],\"articleSection\":[\"CULTURE\",\"Tunisie\"],\"inLanguage\":\"fr-FR\",\"potentialAction\":[{\"@type\":\"CommentAction\",\"name\":\"Comment\",\"target\":[\"https:\/\/kapitalis.com\/tunisie\/2025\/01\/15\/les-chroniques-de-tunisie-danna-chronique\/#respond\"]}]},{\"@type\":\"WebPage\",\"@id\":\"https:\/\/kapitalis.com\/tunisie\/2025\/01\/15\/les-chroniques-de-tunisie-danna-chronique\/\",\"url\":\"https:\/\/kapitalis.com\/tunisie\/2025\/01\/15\/les-chroniques-de-tunisie-danna-chronique\/\",\"name\":\"Les \u2018\u2018Chroniques de Tunisie\u2019\u2019 d'Anna Chronique - Kapitalis\",\"isPartOf\":{\"@id\":\"https:\/\/kapitalis.com\/tunisie\/#website\"},\"primaryImageOfPage\":{\"@id\":\"https:\/\/kapitalis.com\/tunisie\/2025\/01\/15\/les-chroniques-de-tunisie-danna-chronique\/#primaryimage\"},\"image\":{\"@id\":\"https:\/\/kapitalis.com\/tunisie\/2025\/01\/15\/les-chroniques-de-tunisie-danna-chronique\/#primaryimage\"},\"thumbnailUrl\":\"https:\/\/kapitalis.com\/tunisie\/wp-content\/uploads\/2025\/01\/Anna-Chronique.jpg\",\"datePublished\":\"2025-01-15T11:36:40+00:00\",\"dateModified\":\"2025-01-15T11:36:42+00:00\",\"breadcrumb\":{\"@id\":\"https:\/\/kapitalis.com\/tunisie\/2025\/01\/15\/les-chroniques-de-tunisie-danna-chronique\/#breadcrumb\"},\"inLanguage\":\"fr-FR\",\"potentialAction\":[{\"@type\":\"ReadAction\",\"target\":[\"https:\/\/kapitalis.com\/tunisie\/2025\/01\/15\/les-chroniques-de-tunisie-danna-chronique\/\"]}]},{\"@type\":\"ImageObject\",\"inLanguage\":\"fr-FR\",\"@id\":\"https:\/\/kapitalis.com\/tunisie\/2025\/01\/15\/les-chroniques-de-tunisie-danna-chronique\/#primaryimage\",\"url\":\"https:\/\/kapitalis.com\/tunisie\/wp-content\/uploads\/2025\/01\/Anna-Chronique.jpg\",\"contentUrl\":\"https:\/\/kapitalis.com\/tunisie\/wp-content\/uploads\/2025\/01\/Anna-Chronique.jpg\",\"width\":1200,\"height\":630},{\"@type\":\"BreadcrumbList\",\"@id\":\"https:\/\/kapitalis.com\/tunisie\/2025\/01\/15\/les-chroniques-de-tunisie-danna-chronique\/#breadcrumb\",\"itemListElement\":[{\"@type\":\"ListItem\",\"position\":1,\"name\":\"Accueil\",\"item\":\"https:\/\/kapitalis.com\/tunisie\/\"},{\"@type\":\"ListItem\",\"position\":2,\"name\":\"Les \u2018\u2018Chroniques de Tunisie\u2019\u2019 d&rsquo;Anna Chronique\"}]},{\"@type\":\"WebSite\",\"@id\":\"https:\/\/kapitalis.com\/tunisie\/#website\",\"url\":\"https:\/\/kapitalis.com\/tunisie\/\",\"name\":\"Kapitalis\",\"description\":\"L&#039;actualit\u00e9 en Tunisie et dans le monde\",\"publisher\":{\"@id\":\"https:\/\/kapitalis.com\/tunisie\/#organization\"},\"potentialAction\":[{\"@type\":\"SearchAction\",\"target\":{\"@type\":\"EntryPoint\",\"urlTemplate\":\"https:\/\/kapitalis.com\/tunisie\/?s={search_term_string}\"},\"query-input\":{\"@type\":\"PropertyValueSpecification\",\"valueRequired\":true,\"valueName\":\"search_term_string\"}}],\"inLanguage\":\"fr-FR\"},{\"@type\":\"Organization\",\"@id\":\"https:\/\/kapitalis.com\/tunisie\/#organization\",\"name\":\"Kapitalis\",\"url\":\"https:\/\/kapitalis.com\/tunisie\/\",\"logo\":{\"@type\":\"ImageObject\",\"inLanguage\":\"fr-FR\",\"@id\":\"https:\/\/kapitalis.com\/tunisie\/#\/schema\/logo\/image\/\",\"url\":\"https:\/\/kapitalis.com\/tunisie\/wp-content\/uploads\/2022\/05\/Kapitalis-big-size.png\",\"contentUrl\":\"https:\/\/kapitalis.com\/tunisie\/wp-content\/uploads\/2022\/05\/Kapitalis-big-size.png\",\"width\":5000,\"height\":1500,\"caption\":\"Kapitalis\"},\"image\":{\"@id\":\"https:\/\/kapitalis.com\/tunisie\/#\/schema\/logo\/image\/\"},\"sameAs\":[\"https:\/\/www.facebook.com\/KapitalisInfo\/\",\"https:\/\/x.com\/KapitalisInfo\",\"https:\/\/www.youtube.com\/channel\/UC-yDYrHyfFBWWZaOw3FPg9Q\"]},{\"@type\":\"Person\",\"@id\":\"https:\/\/kapitalis.com\/tunisie\/#\/schema\/person\/d71f33a9ca44f7bad4698210b480c8e9\",\"name\":\"webmaster kapitalis\",\"url\":\"https:\/\/kapitalis.com\/tunisie\/author\/webmaster-kapitalis\/\"}]}<\/script>\n<!-- \/ Yoast SEO plugin. -->","yoast_head_json":{"title":"Les \u2018\u2018Chroniques de Tunisie\u2019\u2019 d'Anna Chronique - Kapitalis","robots":{"index":"index","follow":"follow","max-snippet":"max-snippet:-1","max-image-preview":"max-image-preview:large","max-video-preview":"max-video-preview:-1"},"canonical":"https:\/\/kapitalis.com\/tunisie\/2025\/01\/15\/les-chroniques-de-tunisie-danna-chronique\/","og_locale":"fr_FR","og_type":"article","og_title":"Les \u2018\u2018Chroniques de Tunisie\u2019\u2019 d'Anna Chronique - Kapitalis","og_description":"Vient de para\u00eetre \u2018Chroniques de Tunisie\u00a0: Une fran\u00e7aise au pays de la r\u00e9volution\u2019\u2019 d'Anna Chronique.","og_url":"https:\/\/kapitalis.com\/tunisie\/2025\/01\/15\/les-chroniques-de-tunisie-danna-chronique\/","og_site_name":"Kapitalis","article_publisher":"https:\/\/www.facebook.com\/KapitalisInfo\/","article_published_time":"2025-01-15T11:36:40+00:00","article_modified_time":"2025-01-15T11:36:42+00:00","og_image":[{"width":1200,"height":630,"url":"https:\/\/kapitalis.com\/tunisie\/wp-content\/uploads\/2025\/01\/Anna-Chronique.jpg","type":"image\/jpeg"}],"author":"webmaster kapitalis","twitter_card":"summary_large_image","twitter_creator":"@KapitalisInfo","twitter_site":"@KapitalisInfo","twitter_misc":{"\u00c9crit par":"webmaster kapitalis","Dur\u00e9e de lecture estim\u00e9e":"2 minutes"},"schema":{"@context":"https:\/\/schema.org","@graph":[{"@type":"Article","@id":"https:\/\/kapitalis.com\/tunisie\/2025\/01\/15\/les-chroniques-de-tunisie-danna-chronique\/#article","isPartOf":{"@id":"https:\/\/kapitalis.com\/tunisie\/2025\/01\/15\/les-chroniques-de-tunisie-danna-chronique\/"},"author":{"name":"webmaster kapitalis","@id":"https:\/\/kapitalis.com\/tunisie\/#\/schema\/person\/d71f33a9ca44f7bad4698210b480c8e9"},"headline":"Les \u2018\u2018Chroniques de Tunisie\u2019\u2019 d&rsquo;Anna Chronique","datePublished":"2025-01-15T11:36:40+00:00","dateModified":"2025-01-15T11:36:42+00:00","mainEntityOfPage":{"@id":"https:\/\/kapitalis.com\/tunisie\/2025\/01\/15\/les-chroniques-de-tunisie-danna-chronique\/"},"wordCount":311,"commentCount":1,"publisher":{"@id":"https:\/\/kapitalis.com\/tunisie\/#organization"},"image":{"@id":"https:\/\/kapitalis.com\/tunisie\/2025\/01\/15\/les-chroniques-de-tunisie-danna-chronique\/#primaryimage"},"thumbnailUrl":"https:\/\/kapitalis.com\/tunisie\/wp-content\/uploads\/2025\/01\/Anna-Chronique.jpg","keywords":["14 janvier 2011","Anna Chronique","expatri\u00e9e fran\u00e7aise","R\u00e9volution tunisienne","Tunisie"],"articleSection":["CULTURE","Tunisie"],"inLanguage":"fr-FR","potentialAction":[{"@type":"CommentAction","name":"Comment","target":["https:\/\/kapitalis.com\/tunisie\/2025\/01\/15\/les-chroniques-de-tunisie-danna-chronique\/#respond"]}]},{"@type":"WebPage","@id":"https:\/\/kapitalis.com\/tunisie\/2025\/01\/15\/les-chroniques-de-tunisie-danna-chronique\/","url":"https:\/\/kapitalis.com\/tunisie\/2025\/01\/15\/les-chroniques-de-tunisie-danna-chronique\/","name":"Les \u2018\u2018Chroniques de Tunisie\u2019\u2019 d'Anna Chronique - Kapitalis","isPartOf":{"@id":"https:\/\/kapitalis.com\/tunisie\/#website"},"primaryImageOfPage":{"@id":"https:\/\/kapitalis.com\/tunisie\/2025\/01\/15\/les-chroniques-de-tunisie-danna-chronique\/#primaryimage"},"image":{"@id":"https:\/\/kapitalis.com\/tunisie\/2025\/01\/15\/les-chroniques-de-tunisie-danna-chronique\/#primaryimage"},"thumbnailUrl":"https:\/\/kapitalis.com\/tunisie\/wp-content\/uploads\/2025\/01\/Anna-Chronique.jpg","datePublished":"2025-01-15T11:36:40+00:00","dateModified":"2025-01-15T11:36:42+00:00","breadcrumb":{"@id":"https:\/\/kapitalis.com\/tunisie\/2025\/01\/15\/les-chroniques-de-tunisie-danna-chronique\/#breadcrumb"},"inLanguage":"fr-FR","potentialAction":[{"@type":"ReadAction","target":["https:\/\/kapitalis.com\/tunisie\/2025\/01\/15\/les-chroniques-de-tunisie-danna-chronique\/"]}]},{"@type":"ImageObject","inLanguage":"fr-FR","@id":"https:\/\/kapitalis.com\/tunisie\/2025\/01\/15\/les-chroniques-de-tunisie-danna-chronique\/#primaryimage","url":"https:\/\/kapitalis.com\/tunisie\/wp-content\/uploads\/2025\/01\/Anna-Chronique.jpg","contentUrl":"https:\/\/kapitalis.com\/tunisie\/wp-content\/uploads\/2025\/01\/Anna-Chronique.jpg","width":1200,"height":630},{"@type":"BreadcrumbList","@id":"https:\/\/kapitalis.com\/tunisie\/2025\/01\/15\/les-chroniques-de-tunisie-danna-chronique\/#breadcrumb","itemListElement":[{"@type":"ListItem","position":1,"name":"Accueil","item":"https:\/\/kapitalis.com\/tunisie\/"},{"@type":"ListItem","position":2,"name":"Les \u2018\u2018Chroniques de Tunisie\u2019\u2019 d&rsquo;Anna Chronique"}]},{"@type":"WebSite","@id":"https:\/\/kapitalis.com\/tunisie\/#website","url":"https:\/\/kapitalis.com\/tunisie\/","name":"Kapitalis","description":"L&#039;actualit\u00e9 en Tunisie et dans le monde","publisher":{"@id":"https:\/\/kapitalis.com\/tunisie\/#organization"},"potentialAction":[{"@type":"SearchAction","target":{"@type":"EntryPoint","urlTemplate":"https:\/\/kapitalis.com\/tunisie\/?s={search_term_string}"},"query-input":{"@type":"PropertyValueSpecification","valueRequired":true,"valueName":"search_term_string"}}],"inLanguage":"fr-FR"},{"@type":"Organization","@id":"https:\/\/kapitalis.com\/tunisie\/#organization","name":"Kapitalis","url":"https:\/\/kapitalis.com\/tunisie\/","logo":{"@type":"ImageObject","inLanguage":"fr-FR","@id":"https:\/\/kapitalis.com\/tunisie\/#\/schema\/logo\/image\/","url":"https:\/\/kapitalis.com\/tunisie\/wp-content\/uploads\/2022\/05\/Kapitalis-big-size.png","contentUrl":"https:\/\/kapitalis.com\/tunisie\/wp-content\/uploads\/2022\/05\/Kapitalis-big-size.png","width":5000,"height":1500,"caption":"Kapitalis"},"image":{"@id":"https:\/\/kapitalis.com\/tunisie\/#\/schema\/logo\/image\/"},"sameAs":["https:\/\/www.facebook.com\/KapitalisInfo\/","https:\/\/x.com\/KapitalisInfo","https:\/\/www.youtube.com\/channel\/UC-yDYrHyfFBWWZaOw3FPg9Q"]},{"@type":"Person","@id":"https:\/\/kapitalis.com\/tunisie\/#\/schema\/person\/d71f33a9ca44f7bad4698210b480c8e9","name":"webmaster kapitalis","url":"https:\/\/kapitalis.com\/tunisie\/author\/webmaster-kapitalis\/"}]}},"_links":{"self":[{"href":"https:\/\/kapitalis.com\/tunisie\/wp-json\/wp\/v2\/posts\/15188765","targetHints":{"allow":["GET"]}}],"collection":[{"href":"https:\/\/kapitalis.com\/tunisie\/wp-json\/wp\/v2\/posts"}],"about":[{"href":"https:\/\/kapitalis.com\/tunisie\/wp-json\/wp\/v2\/types\/post"}],"author":[{"embeddable":true,"href":"https:\/\/kapitalis.com\/tunisie\/wp-json\/wp\/v2\/users\/8"}],"replies":[{"embeddable":true,"href":"https:\/\/kapitalis.com\/tunisie\/wp-json\/wp\/v2\/comments?post=15188765"}],"version-history":[{"count":1,"href":"https:\/\/kapitalis.com\/tunisie\/wp-json\/wp\/v2\/posts\/15188765\/revisions"}],"predecessor-version":[{"id":15188786,"href":"https:\/\/kapitalis.com\/tunisie\/wp-json\/wp\/v2\/posts\/15188765\/revisions\/15188786"}],"wp:featuredmedia":[{"embeddable":true,"href":"https:\/\/kapitalis.com\/tunisie\/wp-json\/wp\/v2\/media\/15188780"}],"wp:attachment":[{"href":"https:\/\/kapitalis.com\/tunisie\/wp-json\/wp\/v2\/media?parent=15188765"}],"wp:term":[{"taxonomy":"category","embeddable":true,"href":"https:\/\/kapitalis.com\/tunisie\/wp-json\/wp\/v2\/categories?post=15188765"},{"taxonomy":"post_tag","embeddable":true,"href":"https:\/\/kapitalis.com\/tunisie\/wp-json\/wp\/v2\/tags?post=15188765"}],"curies":[{"name":"wp","href":"https:\/\/api.w.org\/{rel}","templated":true}]}}