{"id":15195865,"date":"2025-01-16T10:47:01","date_gmt":"2025-01-16T09:47:01","guid":{"rendered":"https:\/\/kapitalis.com\/tunisie\/?p=15195865"},"modified":"2025-01-16T10:47:02","modified_gmt":"2025-01-16T09:47:02","slug":"tunisie-vers-la-reconstruction-du-service-public-du-transport","status":"publish","type":"post","link":"https:\/\/kapitalis.com\/tunisie\/2025\/01\/16\/tunisie-vers-la-reconstruction-du-service-public-du-transport\/","title":{"rendered":"Tunisie\u00a0: vers la reconstruction du service public du transport"},"content":{"rendered":"\n<p><strong><em>L\u2019am\u00e9lioration de la situation du transport public a \u00e9t\u00e9 au centre de la r\u00e9union, mercredi 15 janvier 2025, au palais de Carthage, entre le pr\u00e9sident de la r\u00e9publique Ka\u00efs Sa\u00efed, le chef du gouvernement, Kamel Maddouri, et le ministre du Transport, Rachid Amri. &nbsp;&nbsp;&nbsp;&nbsp;<\/em><\/strong><\/p>\n\n\n\n<!--more-->\n\n\n\n<p>Le chef de l\u2019Etat a soulign\u00e9 la n\u00e9cessit\u00e9 de redoubler d\u2019efforts en vue de r\u00e9parer nombre de rames de m\u00e9tro et de bus et d\u2019importer des bus depuis l\u2019\u00e9tranger, rappelant, \u00e0 ce propos, que plusieurs pays se sont dit pr\u00eats \u00e0 coop\u00e9rer avec la Tunisie dans ce secteur vital, indique un communiqu\u00e9 de la pr\u00e9sidence.<\/p>\n\n\n\n<p>Tout en saluant les efforts d\u00e9ploy\u00e9s par nombre de Tunisiens dans un pays europ\u00e9en en vue de fournir plus de 200 bus \u00e0 leur pays, le chef de l\u2019Etat a d\u00e9clar\u00e9 que cette initiative proc\u00e8de d\u2019un esprit de responsabilit\u00e9 nationale et d\u2019une volont\u00e9 de contribuer aux efforts de l\u2019Etat dans la reconstruction du service public du transport dont il a eu \u00e0 constater lui-m\u00eame, \u00e0 plusieurs reprises, l\u2019\u00e9tat de v\u00e9tust\u00e9 et de d\u00e9labrement avanc\u00e9.&nbsp;<\/p>\n\n\n\n<p>Sur un autre plan, le chef de l&rsquo;Etat est revenu sur la situation de la compagnie a\u00e9rienne Tunisair et de la Compagnie tunisienne de navigation (CTN), en insistant sur la n\u00e9cessit\u00e9 d\u2019appliquer la loi \u00e0 tous et r\u00e9affirmant l\u2019engagement de l\u2019Etat \u00e0 op\u00e9rer une purge au sein de l\u2019administration publique visant ceux qui osent entraver le fonctionnement normal des\u00a0 services publics, dans un esprit de justice et loin\u00a0de tout r\u00e8glement de comptes. <\/p>\n\n\n\n<p>Le pr\u00e9sident de la r\u00e9publique a, en outre, donn\u00e9 ses instructions en vue d\u2019engager d\u00e8s \u00e0 pr\u00e9sent les pr\u00e9paratifs en pr\u00e9vision du retour de Tunisiens \u00e0 l\u2019\u00e9tranger, appelant \u00e0 cet \u00e9gard \u00e0 leur\u00a0offrir les conditions favorables,\u00a0s\u2019agissant notamment du contr\u00f4le au niveau de la\u00a0Douane tunisienne.<br><\/p>\n","protected":false},"excerpt":{"rendered":"<p>L\u2019am\u00e9lioration de la situation du transport public au centre d&rsquo;une r\u00e9union \u00e0 la pr\u00e9sidence de la r\u00e9publique. <\/p>\n","protected":false},"author":8,"featured_media":15195894,"comment_status":"open","ping_status":"open","sticky":false,"template":"","format":"standard","meta":{"footnotes":""},"categories":[995,997,2433],"tags":[2262,76012,106500,119282,20094,1501,84378],"class_list":["post-15195865","post","type-post","status-publish","format-standard","has-post-thumbnail","hentry","category-economie","category-politique","category-tunisie","tag-ctn","tag-kais-saied-2","tag-kamel-maddouri","tag-rachid-amri","tag-transport-public","tag-tunisair","tag-tunisiens-a-letranger-2"],"yoast_head":"<!-- This site is optimized with the Yoast SEO plugin v26.6 - https:\/\/yoast.com\/wordpress\/plugins\/seo\/ -->\n<title>Tunisie\u00a0: vers la reconstruction du service public du transport - Kapitalis<\/title>\n<meta name=\"robots\" content=\"index, follow, max-snippet:-1, max-image-preview:large, max-video-preview:-1\" \/>\n<link rel=\"canonical\" href=\"https:\/\/kapitalis.com\/tunisie\/2025\/01\/16\/tunisie-vers-la-reconstruction-du-service-public-du-transport\/\" \/>\n<meta property=\"og:locale\" content=\"fr_FR\" \/>\n<meta property=\"og:type\" content=\"article\" \/>\n<meta property=\"og:title\" content=\"Tunisie\u00a0: vers la reconstruction du service public du transport - Kapitalis\" \/>\n<meta property=\"og:description\" content=\"L\u2019am\u00e9lioration de la situation du transport public au centre d&#039;une r\u00e9union \u00e0 la pr\u00e9sidence de la r\u00e9publique.\" \/>\n<meta property=\"og:url\" content=\"https:\/\/kapitalis.com\/tunisie\/2025\/01\/16\/tunisie-vers-la-reconstruction-du-service-public-du-transport\/\" \/>\n<meta property=\"og:site_name\" content=\"Kapitalis\" \/>\n<meta property=\"article:publisher\" content=\"https:\/\/www.facebook.com\/KapitalisInfo\/\" \/>\n<meta property=\"article:published_time\" content=\"2025-01-16T09:47:01+00:00\" \/>\n<meta property=\"article:modified_time\" content=\"2025-01-16T09:47:02+00:00\" \/>\n<meta property=\"og:image\" content=\"https:\/\/kapitalis.com\/tunisie\/wp-content\/uploads\/2025\/01\/Kais-Saied-Kamel-Maddouri-Rachid-Amri.jpg\" \/>\n\t<meta property=\"og:image:width\" content=\"1200\" \/>\n\t<meta property=\"og:image:height\" content=\"630\" \/>\n\t<meta property=\"og:image:type\" content=\"image\/jpeg\" \/>\n<meta name=\"author\" content=\"webmaster kapitalis\" \/>\n<meta name=\"twitter:card\" content=\"summary_large_image\" \/>\n<meta name=\"twitter:creator\" content=\"@KapitalisInfo\" \/>\n<meta name=\"twitter:site\" content=\"@KapitalisInfo\" \/>\n<meta name=\"twitter:label1\" content=\"\u00c9crit par\" \/>\n\t<meta name=\"twitter:data1\" content=\"webmaster kapitalis\" \/>\n\t<meta name=\"twitter:label2\" content=\"Dur\u00e9e de lecture estim\u00e9e\" \/>\n\t<meta name=\"twitter:data2\" content=\"2 minutes\" \/>\n<script type=\"application\/ld+json\" class=\"yoast-schema-graph\">{\"@context\":\"https:\/\/schema.org\",\"@graph\":[{\"@type\":\"Article\",\"@id\":\"https:\/\/kapitalis.com\/tunisie\/2025\/01\/16\/tunisie-vers-la-reconstruction-du-service-public-du-transport\/#article\",\"isPartOf\":{\"@id\":\"https:\/\/kapitalis.com\/tunisie\/2025\/01\/16\/tunisie-vers-la-reconstruction-du-service-public-du-transport\/\"},\"author\":{\"name\":\"webmaster kapitalis\",\"@id\":\"https:\/\/kapitalis.com\/tunisie\/#\/schema\/person\/d71f33a9ca44f7bad4698210b480c8e9\"},\"headline\":\"Tunisie\u00a0: vers la reconstruction du service public du transport\",\"datePublished\":\"2025-01-16T09:47:01+00:00\",\"dateModified\":\"2025-01-16T09:47:02+00:00\",\"mainEntityOfPage\":{\"@id\":\"https:\/\/kapitalis.com\/tunisie\/2025\/01\/16\/tunisie-vers-la-reconstruction-du-service-public-du-transport\/\"},\"wordCount\":341,\"commentCount\":3,\"publisher\":{\"@id\":\"https:\/\/kapitalis.com\/tunisie\/#organization\"},\"image\":{\"@id\":\"https:\/\/kapitalis.com\/tunisie\/2025\/01\/16\/tunisie-vers-la-reconstruction-du-service-public-du-transport\/#primaryimage\"},\"thumbnailUrl\":\"https:\/\/kapitalis.com\/tunisie\/wp-content\/uploads\/2025\/01\/Kais-Saied-Kamel-Maddouri-Rachid-Amri.jpg\",\"keywords\":[\"CTN\",\"Ka\u00efs Sa\u00efed\",\"Kamel Maddouri\",\"Rachid Amri\",\"transport public\",\"Tunisair\",\"Tunisiens \u00e0 l\u2019\u00e9tranger\"],\"articleSection\":[\"ECONOMIE\",\"POLITIQUE\",\"Tunisie\"],\"inLanguage\":\"fr-FR\",\"potentialAction\":[{\"@type\":\"CommentAction\",\"name\":\"Comment\",\"target\":[\"https:\/\/kapitalis.com\/tunisie\/2025\/01\/16\/tunisie-vers-la-reconstruction-du-service-public-du-transport\/#respond\"]}]},{\"@type\":\"WebPage\",\"@id\":\"https:\/\/kapitalis.com\/tunisie\/2025\/01\/16\/tunisie-vers-la-reconstruction-du-service-public-du-transport\/\",\"url\":\"https:\/\/kapitalis.com\/tunisie\/2025\/01\/16\/tunisie-vers-la-reconstruction-du-service-public-du-transport\/\",\"name\":\"Tunisie\u00a0: vers la reconstruction du service public du transport - Kapitalis\",\"isPartOf\":{\"@id\":\"https:\/\/kapitalis.com\/tunisie\/#website\"},\"primaryImageOfPage\":{\"@id\":\"https:\/\/kapitalis.com\/tunisie\/2025\/01\/16\/tunisie-vers-la-reconstruction-du-service-public-du-transport\/#primaryimage\"},\"image\":{\"@id\":\"https:\/\/kapitalis.com\/tunisie\/2025\/01\/16\/tunisie-vers-la-reconstruction-du-service-public-du-transport\/#primaryimage\"},\"thumbnailUrl\":\"https:\/\/kapitalis.com\/tunisie\/wp-content\/uploads\/2025\/01\/Kais-Saied-Kamel-Maddouri-Rachid-Amri.jpg\",\"datePublished\":\"2025-01-16T09:47:01+00:00\",\"dateModified\":\"2025-01-16T09:47:02+00:00\",\"breadcrumb\":{\"@id\":\"https:\/\/kapitalis.com\/tunisie\/2025\/01\/16\/tunisie-vers-la-reconstruction-du-service-public-du-transport\/#breadcrumb\"},\"inLanguage\":\"fr-FR\",\"potentialAction\":[{\"@type\":\"ReadAction\",\"target\":[\"https:\/\/kapitalis.com\/tunisie\/2025\/01\/16\/tunisie-vers-la-reconstruction-du-service-public-du-transport\/\"]}]},{\"@type\":\"ImageObject\",\"inLanguage\":\"fr-FR\",\"@id\":\"https:\/\/kapitalis.com\/tunisie\/2025\/01\/16\/tunisie-vers-la-reconstruction-du-service-public-du-transport\/#primaryimage\",\"url\":\"https:\/\/kapitalis.com\/tunisie\/wp-content\/uploads\/2025\/01\/Kais-Saied-Kamel-Maddouri-Rachid-Amri.jpg\",\"contentUrl\":\"https:\/\/kapitalis.com\/tunisie\/wp-content\/uploads\/2025\/01\/Kais-Saied-Kamel-Maddouri-Rachid-Amri.jpg\",\"width\":1200,\"height\":630},{\"@type\":\"BreadcrumbList\",\"@id\":\"https:\/\/kapitalis.com\/tunisie\/2025\/01\/16\/tunisie-vers-la-reconstruction-du-service-public-du-transport\/#breadcrumb\",\"itemListElement\":[{\"@type\":\"ListItem\",\"position\":1,\"name\":\"Accueil\",\"item\":\"https:\/\/kapitalis.com\/tunisie\/\"},{\"@type\":\"ListItem\",\"position\":2,\"name\":\"Tunisie\u00a0: vers la reconstruction du service public du transport\"}]},{\"@type\":\"WebSite\",\"@id\":\"https:\/\/kapitalis.com\/tunisie\/#website\",\"url\":\"https:\/\/kapitalis.com\/tunisie\/\",\"name\":\"Kapitalis\",\"description\":\"L&#039;actualit\u00e9 en Tunisie et dans le monde\",\"publisher\":{\"@id\":\"https:\/\/kapitalis.com\/tunisie\/#organization\"},\"potentialAction\":[{\"@type\":\"SearchAction\",\"target\":{\"@type\":\"EntryPoint\",\"urlTemplate\":\"https:\/\/kapitalis.com\/tunisie\/?s={search_term_string}\"},\"query-input\":{\"@type\":\"PropertyValueSpecification\",\"valueRequired\":true,\"valueName\":\"search_term_string\"}}],\"inLanguage\":\"fr-FR\"},{\"@type\":\"Organization\",\"@id\":\"https:\/\/kapitalis.com\/tunisie\/#organization\",\"name\":\"Kapitalis\",\"url\":\"https:\/\/kapitalis.com\/tunisie\/\",\"logo\":{\"@type\":\"ImageObject\",\"inLanguage\":\"fr-FR\",\"@id\":\"https:\/\/kapitalis.com\/tunisie\/#\/schema\/logo\/image\/\",\"url\":\"https:\/\/kapitalis.com\/tunisie\/wp-content\/uploads\/2022\/05\/Kapitalis-big-size.png\",\"contentUrl\":\"https:\/\/kapitalis.com\/tunisie\/wp-content\/uploads\/2022\/05\/Kapitalis-big-size.png\",\"width\":5000,\"height\":1500,\"caption\":\"Kapitalis\"},\"image\":{\"@id\":\"https:\/\/kapitalis.com\/tunisie\/#\/schema\/logo\/image\/\"},\"sameAs\":[\"https:\/\/www.facebook.com\/KapitalisInfo\/\",\"https:\/\/x.com\/KapitalisInfo\",\"https:\/\/www.youtube.com\/channel\/UC-yDYrHyfFBWWZaOw3FPg9Q\"]},{\"@type\":\"Person\",\"@id\":\"https:\/\/kapitalis.com\/tunisie\/#\/schema\/person\/d71f33a9ca44f7bad4698210b480c8e9\",\"name\":\"webmaster kapitalis\",\"url\":\"https:\/\/kapitalis.com\/tunisie\/author\/webmaster-kapitalis\/\"}]}<\/script>\n<!-- \/ Yoast SEO plugin. -->","yoast_head_json":{"title":"Tunisie\u00a0: vers la reconstruction du service public du transport - Kapitalis","robots":{"index":"index","follow":"follow","max-snippet":"max-snippet:-1","max-image-preview":"max-image-preview:large","max-video-preview":"max-video-preview:-1"},"canonical":"https:\/\/kapitalis.com\/tunisie\/2025\/01\/16\/tunisie-vers-la-reconstruction-du-service-public-du-transport\/","og_locale":"fr_FR","og_type":"article","og_title":"Tunisie\u00a0: vers la reconstruction du service public du transport - Kapitalis","og_description":"L\u2019am\u00e9lioration de la situation du transport public au centre d'une r\u00e9union \u00e0 la pr\u00e9sidence de la r\u00e9publique.","og_url":"https:\/\/kapitalis.com\/tunisie\/2025\/01\/16\/tunisie-vers-la-reconstruction-du-service-public-du-transport\/","og_site_name":"Kapitalis","article_publisher":"https:\/\/www.facebook.com\/KapitalisInfo\/","article_published_time":"2025-01-16T09:47:01+00:00","article_modified_time":"2025-01-16T09:47:02+00:00","og_image":[{"width":1200,"height":630,"url":"https:\/\/kapitalis.com\/tunisie\/wp-content\/uploads\/2025\/01\/Kais-Saied-Kamel-Maddouri-Rachid-Amri.jpg","type":"image\/jpeg"}],"author":"webmaster kapitalis","twitter_card":"summary_large_image","twitter_creator":"@KapitalisInfo","twitter_site":"@KapitalisInfo","twitter_misc":{"\u00c9crit par":"webmaster kapitalis","Dur\u00e9e de lecture estim\u00e9e":"2 minutes"},"schema":{"@context":"https:\/\/schema.org","@graph":[{"@type":"Article","@id":"https:\/\/kapitalis.com\/tunisie\/2025\/01\/16\/tunisie-vers-la-reconstruction-du-service-public-du-transport\/#article","isPartOf":{"@id":"https:\/\/kapitalis.com\/tunisie\/2025\/01\/16\/tunisie-vers-la-reconstruction-du-service-public-du-transport\/"},"author":{"name":"webmaster kapitalis","@id":"https:\/\/kapitalis.com\/tunisie\/#\/schema\/person\/d71f33a9ca44f7bad4698210b480c8e9"},"headline":"Tunisie\u00a0: vers la reconstruction du service public du transport","datePublished":"2025-01-16T09:47:01+00:00","dateModified":"2025-01-16T09:47:02+00:00","mainEntityOfPage":{"@id":"https:\/\/kapitalis.com\/tunisie\/2025\/01\/16\/tunisie-vers-la-reconstruction-du-service-public-du-transport\/"},"wordCount":341,"commentCount":3,"publisher":{"@id":"https:\/\/kapitalis.com\/tunisie\/#organization"},"image":{"@id":"https:\/\/kapitalis.com\/tunisie\/2025\/01\/16\/tunisie-vers-la-reconstruction-du-service-public-du-transport\/#primaryimage"},"thumbnailUrl":"https:\/\/kapitalis.com\/tunisie\/wp-content\/uploads\/2025\/01\/Kais-Saied-Kamel-Maddouri-Rachid-Amri.jpg","keywords":["CTN","Ka\u00efs Sa\u00efed","Kamel Maddouri","Rachid Amri","transport public","Tunisair","Tunisiens \u00e0 l\u2019\u00e9tranger"],"articleSection":["ECONOMIE","POLITIQUE","Tunisie"],"inLanguage":"fr-FR","potentialAction":[{"@type":"CommentAction","name":"Comment","target":["https:\/\/kapitalis.com\/tunisie\/2025\/01\/16\/tunisie-vers-la-reconstruction-du-service-public-du-transport\/#respond"]}]},{"@type":"WebPage","@id":"https:\/\/kapitalis.com\/tunisie\/2025\/01\/16\/tunisie-vers-la-reconstruction-du-service-public-du-transport\/","url":"https:\/\/kapitalis.com\/tunisie\/2025\/01\/16\/tunisie-vers-la-reconstruction-du-service-public-du-transport\/","name":"Tunisie\u00a0: vers la reconstruction du service public du transport - Kapitalis","isPartOf":{"@id":"https:\/\/kapitalis.com\/tunisie\/#website"},"primaryImageOfPage":{"@id":"https:\/\/kapitalis.com\/tunisie\/2025\/01\/16\/tunisie-vers-la-reconstruction-du-service-public-du-transport\/#primaryimage"},"image":{"@id":"https:\/\/kapitalis.com\/tunisie\/2025\/01\/16\/tunisie-vers-la-reconstruction-du-service-public-du-transport\/#primaryimage"},"thumbnailUrl":"https:\/\/kapitalis.com\/tunisie\/wp-content\/uploads\/2025\/01\/Kais-Saied-Kamel-Maddouri-Rachid-Amri.jpg","datePublished":"2025-01-16T09:47:01+00:00","dateModified":"2025-01-16T09:47:02+00:00","breadcrumb":{"@id":"https:\/\/kapitalis.com\/tunisie\/2025\/01\/16\/tunisie-vers-la-reconstruction-du-service-public-du-transport\/#breadcrumb"},"inLanguage":"fr-FR","potentialAction":[{"@type":"ReadAction","target":["https:\/\/kapitalis.com\/tunisie\/2025\/01\/16\/tunisie-vers-la-reconstruction-du-service-public-du-transport\/"]}]},{"@type":"ImageObject","inLanguage":"fr-FR","@id":"https:\/\/kapitalis.com\/tunisie\/2025\/01\/16\/tunisie-vers-la-reconstruction-du-service-public-du-transport\/#primaryimage","url":"https:\/\/kapitalis.com\/tunisie\/wp-content\/uploads\/2025\/01\/Kais-Saied-Kamel-Maddouri-Rachid-Amri.jpg","contentUrl":"https:\/\/kapitalis.com\/tunisie\/wp-content\/uploads\/2025\/01\/Kais-Saied-Kamel-Maddouri-Rachid-Amri.jpg","width":1200,"height":630},{"@type":"BreadcrumbList","@id":"https:\/\/kapitalis.com\/tunisie\/2025\/01\/16\/tunisie-vers-la-reconstruction-du-service-public-du-transport\/#breadcrumb","itemListElement":[{"@type":"ListItem","position":1,"name":"Accueil","item":"https:\/\/kapitalis.com\/tunisie\/"},{"@type":"ListItem","position":2,"name":"Tunisie\u00a0: vers la reconstruction du service public du transport"}]},{"@type":"WebSite","@id":"https:\/\/kapitalis.com\/tunisie\/#website","url":"https:\/\/kapitalis.com\/tunisie\/","name":"Kapitalis","description":"L&#039;actualit\u00e9 en Tunisie et dans le monde","publisher":{"@id":"https:\/\/kapitalis.com\/tunisie\/#organization"},"potentialAction":[{"@type":"SearchAction","target":{"@type":"EntryPoint","urlTemplate":"https:\/\/kapitalis.com\/tunisie\/?s={search_term_string}"},"query-input":{"@type":"PropertyValueSpecification","valueRequired":true,"valueName":"search_term_string"}}],"inLanguage":"fr-FR"},{"@type":"Organization","@id":"https:\/\/kapitalis.com\/tunisie\/#organization","name":"Kapitalis","url":"https:\/\/kapitalis.com\/tunisie\/","logo":{"@type":"ImageObject","inLanguage":"fr-FR","@id":"https:\/\/kapitalis.com\/tunisie\/#\/schema\/logo\/image\/","url":"https:\/\/kapitalis.com\/tunisie\/wp-content\/uploads\/2022\/05\/Kapitalis-big-size.png","contentUrl":"https:\/\/kapitalis.com\/tunisie\/wp-content\/uploads\/2022\/05\/Kapitalis-big-size.png","width":5000,"height":1500,"caption":"Kapitalis"},"image":{"@id":"https:\/\/kapitalis.com\/tunisie\/#\/schema\/logo\/image\/"},"sameAs":["https:\/\/www.facebook.com\/KapitalisInfo\/","https:\/\/x.com\/KapitalisInfo","https:\/\/www.youtube.com\/channel\/UC-yDYrHyfFBWWZaOw3FPg9Q"]},{"@type":"Person","@id":"https:\/\/kapitalis.com\/tunisie\/#\/schema\/person\/d71f33a9ca44f7bad4698210b480c8e9","name":"webmaster kapitalis","url":"https:\/\/kapitalis.com\/tunisie\/author\/webmaster-kapitalis\/"}]}},"_links":{"self":[{"href":"https:\/\/kapitalis.com\/tunisie\/wp-json\/wp\/v2\/posts\/15195865","targetHints":{"allow":["GET"]}}],"collection":[{"href":"https:\/\/kapitalis.com\/tunisie\/wp-json\/wp\/v2\/posts"}],"about":[{"href":"https:\/\/kapitalis.com\/tunisie\/wp-json\/wp\/v2\/types\/post"}],"author":[{"embeddable":true,"href":"https:\/\/kapitalis.com\/tunisie\/wp-json\/wp\/v2\/users\/8"}],"replies":[{"embeddable":true,"href":"https:\/\/kapitalis.com\/tunisie\/wp-json\/wp\/v2\/comments?post=15195865"}],"version-history":[{"count":1,"href":"https:\/\/kapitalis.com\/tunisie\/wp-json\/wp\/v2\/posts\/15195865\/revisions"}],"predecessor-version":[{"id":15195897,"href":"https:\/\/kapitalis.com\/tunisie\/wp-json\/wp\/v2\/posts\/15195865\/revisions\/15195897"}],"wp:featuredmedia":[{"embeddable":true,"href":"https:\/\/kapitalis.com\/tunisie\/wp-json\/wp\/v2\/media\/15195894"}],"wp:attachment":[{"href":"https:\/\/kapitalis.com\/tunisie\/wp-json\/wp\/v2\/media?parent=15195865"}],"wp:term":[{"taxonomy":"category","embeddable":true,"href":"https:\/\/kapitalis.com\/tunisie\/wp-json\/wp\/v2\/categories?post=15195865"},{"taxonomy":"post_tag","embeddable":true,"href":"https:\/\/kapitalis.com\/tunisie\/wp-json\/wp\/v2\/tags?post=15195865"}],"curies":[{"name":"wp","href":"https:\/\/api.w.org\/{rel}","templated":true}]}}