{"id":15196173,"date":"2025-01-19T08:20:00","date_gmt":"2025-01-19T07:20:00","guid":{"rendered":"https:\/\/kapitalis.com\/tunisie\/?p=15196173"},"modified":"2025-01-16T11:30:49","modified_gmt":"2025-01-16T10:30:49","slug":"barbastro-1064-dans-limaginaire-occidental-une-gaza-avant-lheure","status":"publish","type":"post","link":"https:\/\/kapitalis.com\/tunisie\/2025\/01\/19\/barbastro-1064-dans-limaginaire-occidental-une-gaza-avant-lheure\/","title":{"rendered":"\u2018\u2018Barbastro 1064\u2019\u2019 dans l\u2019imaginaire occidental\u00a0: une gaza avant l\u2019heure!"},"content":{"rendered":"\n<p><strong><em>Si le dernier avatar du colonialisme occidental, Isra\u00ebl, a conduit une politique de massacres et d\u2019expulsion des populations avec l\u2019aide active des pays occidentaux, au vu et au su du monde, sans susciter les r\u00e9actions que les lois internationales eussent d\u00fb permettre, c\u2019est bien parce que l\u2019imaginaire occidental actuel, en d\u00e9pit de son attachement proclam\u00e9 \u00e0 la la\u00efcit\u00e9 et aux droits de l\u2019homme, continue d\u2019\u00eatre habit\u00e9 par les vieux d\u00e9mons de l\u2019Eglise de Rome.<\/em><\/strong><\/p>\n\n\n\n<p><strong>Dr Mounir Hanablia *<\/strong><\/p>\n\n\n\n<!--more-->\n\n\n\n<p>On oublie trop souvent que la pr\u00e9sence arabe en Espagne ne se limita pas qu\u2019\u00e0 l\u2019Andalousie, et qu\u2019au nord de la rivi\u00e8re Ebre, le peuplement arabe avait \u00e9t\u00e9 consid\u00e9rable et qu\u2019il s\u2019\u00e9tait accompagn\u00e9 d\u2019un essor civilisationnel non&nbsp;moins important.<\/p>\n\n\n\n<p>Cependant, le fait fondamental de l\u2019histoire de l\u2019Islam dans la p\u00e9ninsule ib\u00e9rique est le flop politique issu de l\u2019\u00e9clatement du Califat Omeyade en une trentaine de cit\u00e9s-\u00e9tats apr\u00e8s la Fitna (ou discorde), souvent en lutte les unes contre les autres, et le re-basculage strat\u00e9gique qui en r\u00e9sulte au profit des royaumes chr\u00e9tiens au nord de l\u2019Ebre et du Duero dont l\u2019acquittement d\u2019un tribut annuel \u00e0 leur profit constitue le symbole le plus \u00e9vident.<\/p>\n\n\n\n<p>Ager est la premi\u00e8re ville arabe \u00e0 tomber aux mains des chr\u00e9tiens, en 1036, soit environ 25 ans apr\u00e8s le d\u00e9but de la Fitna.&nbsp;<\/p>\n\n\n\n<p>En 1064, la petite ville arabe musulmane de Barbastro, d\u00e9pendante de la ville de Saragosse sous l\u2019autorit\u00e9 de la dynastie arabe des Ben Noun, situ\u00e9e au nord de la rivi\u00e8re Ebre, non loin de Huesca, est prise et repeupl\u00e9e par les chr\u00e9tiens, sa population musulmane est massacr\u00e9e, et r\u00e9duite en esclavage.<\/p>\n\n\n\n<p>Cette conqu\u00eate fut men\u00e9e par des Fran\u00e7ais d\u2019Aquitaine, de Champagne et de Bourgogne, ainsi que par des Normands venus d\u2019Italie et de Sicile. Ils \u00e9taient accompagn\u00e9s de quelques contingents catalans locaux originaires de Ribagorce et d\u2019Urgel.<\/p>\n\n\n\n<h2 class=\"wp-block-heading\">Guerre sainte et djihad en Espagne<\/h2>\n\n\n\n<p>Cette coalition europ\u00e9enne r\u00e9unie \u00e0 l\u2019initiative du Pape et de l\u2019\u00e9glise de Cluny \u00e9tait renforc\u00e9e par les liens&nbsp;familiaux et matrimoniaux unissant la noblesse de Catalogne et des petits royaumes&nbsp;montagnards d\u2019Aragon, \u00e0 celle du nord des Pyr\u00e9n\u00e9es, B\u00e9arn, Toulouse, Aquitaine, Gascogne.<\/p>\n\n\n\n<p>La prise de Barbastro traduisait plus une r\u00e9action conjoncturelle contre la mort du Roi&nbsp;Ramirez tu\u00e9 lors de la conqu\u00eate de Grau une ann\u00e9e auparavant qu\u2019une v\u00e9ritable entreprise de reconqu\u00eate contre les musulmans ou une r\u00e9p\u00e9tition g\u00e9n\u00e9rale des Croisades qui ne surviendraient qu\u2019en 1095.<\/p>\n\n\n\n<figure class=\"wp-block-embed is-type-wp-embed is-provider-kapitalis wp-block-embed-kapitalis\"><div class=\"wp-block-embed__wrapper\">\n<blockquote class=\"wp-embedded-content\" data-secret=\"GbtkZFVne6\"><a href=\"https:\/\/kapitalis.com\/tunisie\/2023\/01\/22\/la-chute-du-califat-de-cordoue-lautre-grande-discorde-de-lislam\/\">\u2018\u2018La chute du califat de Cordoue\u2019\u2019: l\u2019autre grande discorde de l\u2019islam<\/a><\/blockquote><iframe loading=\"lazy\" class=\"wp-embedded-content\" sandbox=\"allow-scripts\" security=\"restricted\" style=\"position: absolute; visibility: hidden;\" title=\"\u00ab\u00a0\u2018\u2018La chute du califat de Cordoue\u2019\u2019: l\u2019autre grande discorde de l\u2019islam\u00a0\u00bb &#8212; Kapitalis\" src=\"https:\/\/kapitalis.com\/tunisie\/2023\/01\/22\/la-chute-du-califat-de-cordoue-lautre-grande-discorde-de-lislam\/embed\/#?secret=vPDDMxVW5z#?secret=GbtkZFVne6\" data-secret=\"GbtkZFVne6\" width=\"600\" height=\"338\" frameborder=\"0\" marginwidth=\"0\" marginheight=\"0\" scrolling=\"no\"><\/iframe>\n<\/div><\/figure>\n\n\n\n<p>Il demeure&nbsp;licite de se demander&nbsp;pourquoi le petit royaume pyr\u00e9n\u00e9en d\u2019Aragon bien abrit\u00e9 entre les hauts sommets et les vall\u00e9es encaiss\u00e9es trac\u00e9es par les cours des nombreuses rivi\u00e8res en d\u00e9valant, d\u00e9limitant de nombreux plateaux et des massifs calcaires, s\u2019est un beau jour lanc\u00e9 dans une expansion irr\u00e9sistible vers le sud \u00e0 travers ces vall\u00e9es, le conduisant in\u00e9vitablement \u00e0 des heurts avec l\u2019\u00e9mirat de Saragosse \u00e9tabli le long de la rivi\u00e8re Ebre jusqu\u2019\u00e0 son embouchure, et au-del\u00e0, avec le Royaume de Valence.<\/p>\n\n\n\n<p>Cependant, il ne faut pas oublier que l\u2019arrimage de l\u2019Ib\u00e9rie \u00e0 l\u2019Europe ne s\u2019\u00e9tait pas r\u00e9alis\u00e9 que par la conqu\u00eate romaine, et plus tard Wisigothique, ni m\u00eame par la christianisation, \u00e9tant donn\u00e9 que l\u2019Arianisme avait pr\u00e9valu dans le royaume de Tol\u00e8de pendant deux si\u00e8cles, et que la conversion au catholicisme y avait \u00e9t\u00e9 tardive.<\/p>\n\n\n\n<p>C\u2019est surtout l\u2019occupation de la Catalogne par les arm\u00e9es de Charlemagne et son rattachement au Royaume franc (chr\u00e9tien catholique) par l\u2019\u00e9tablissement du comt\u00e9 de Barcelone qui en avait fait une marche europ\u00e9enne vers la terre que les Romains avaient nomm\u00e9e Espagne.<\/p>\n\n\n\n<p>Ainsi se profile l\u2019id\u00e9e que le concept de l\u2019Europe est \u00e9troitement li\u00e9 \u00e0 l\u2019autorit\u00e9 de Rome, dont le pape serait le repr\u00e9sentant l\u00e9gitime selon la (fausse) donation de Constantin. Cet argument li\u00e9 \u00e0 l\u2019Histoire (Nicolas Sarkozy l\u2019avait \u00e9voqu\u00e9 pour justifier le rejet de la candidature turque \u00e0 l\u2019entr\u00e9e dans la communaut\u00e9 europ\u00e9enne) est pourtant totalement occult\u00e9 par l\u2019ouvrage qui insiste sur la responsabilit\u00e9 du Pape, dans le massacre de Barbastro, ainsi qu\u2019il faudrait l\u2019appeler, mais dans un cadre autre que la Croisade ou la Reconqu\u00eate espagnole, et plut\u00f4t apparent\u00e9 \u00e0 la guerre au sud de l\u2019Italie et en Sicile contre les musulmans (mais aussi les Byzantins) men\u00e9e par les Normands, que la Curie romaine observe aux premi\u00e8res loges.<\/p>\n\n\n\n<h2 class=\"wp-block-heading\">Le recul continu de l\u2019Islam dans la p\u00e9ninsule ib\u00e9rique<\/h2>\n\n\n\n<p>Cependant, la chute Barbastro, qui s\u2019est accompagn\u00e9e de celle de Coimbra dans le nord du Portugal (au b\u00e9n\u00e9fice du L\u00e9on), r\u00e9veille de grandes inqui\u00e9tudes chez les musulmans, et de vives critiques contre l\u2019imp\u00e9ritie de leurs dirigeants. C\u2019est pourquoi le sultan de Saragosse El Muqtadir reconquiert la ville neuf mois plus tard et interrompt la livraison du tribut. Cette d\u00e9faite chr\u00e9tienne a \u00e9t\u00e9 justifi\u00e9e selon l\u2019Eglise, par les exactions commises par les chr\u00e9tiens contre la population lors de la conqu\u00eate, en particulier par le viol des femmes musulmanes, qui aurait entra\u00een\u00e9 le ch\u00e2timent divin, celui du retour des musulmans.&nbsp;<\/p>\n\n\n\n<p>La ville ne sera d\u00e9finitivement perdue pour l\u2019Islam que 35 ans plus tard, soit au moment de la chute de J\u00e9rusalem&nbsp;aux mains des Crois\u00e9s, alors que la ville de Saragosse le sera en 1118 mettant un terme final \u00e0 la souverainet\u00e9 de l\u2019Islam dans la r\u00e9gion de l\u2019Ebre.<\/p>\n\n\n\n<figure class=\"wp-block-embed is-type-wp-embed is-provider-kapitalis wp-block-embed-kapitalis\"><div class=\"wp-block-embed__wrapper\">\n<blockquote class=\"wp-embedded-content\" data-secret=\"aZpNMlHoxp\"><a href=\"https:\/\/kapitalis.com\/tunisie\/2023\/03\/07\/retrospective-le-drame-des-enfants-musulmans-dal-andalus-enleves-par-les-espagnols\/\">R\u00e9trospective\u00a0: le drame des enfants musulmans d\u2019Al-Andalus enlev\u00e9s par les Espagnols<\/a><\/blockquote><iframe loading=\"lazy\" class=\"wp-embedded-content\" sandbox=\"allow-scripts\" security=\"restricted\" style=\"position: absolute; visibility: hidden;\" title=\"\u00ab\u00a0R\u00e9trospective\u00a0: le drame des enfants musulmans d\u2019Al-Andalus enlev\u00e9s par les Espagnols\u00a0\u00bb &#8212; Kapitalis\" src=\"https:\/\/kapitalis.com\/tunisie\/2023\/03\/07\/retrospective-le-drame-des-enfants-musulmans-dal-andalus-enleves-par-les-espagnols\/embed\/#?secret=D6tX6DiaNw#?secret=aZpNMlHoxp\" data-secret=\"aZpNMlHoxp\" width=\"600\" height=\"338\" frameborder=\"0\" marginwidth=\"0\" marginheight=\"0\" scrolling=\"no\"><\/iframe>\n<\/div><\/figure>\n\n\n\n<p>Ce recul continu de l\u2019Islam dans la p\u00e9ninsule ib\u00e9rique est donc li\u00e9 \u00e0 la disparition de l\u2019Etat unitaire (Califat Omeyade) capable de fournir l\u2019effort mat\u00e9riel, humain, fiscal, financier, militaire, culturel aussi, n\u00e9cessaire pour porter la guerre annuellement dans les royaumes chr\u00e9tiens du Nord. En fut-il la raison ou la cons\u00e9quence? Il est l\u00e9gitime de se le demander du moment que l\u2019unification de l\u2019Etat Espagnol ne fut r\u00e9alis\u00e9e qu\u2019\u00e0 l\u2019ach\u00e8vement de la Reconqu\u00eate avec la chute de Grenade en 1492, et nullement \u00e0 son d\u00e9but.<\/p>\n\n\n\n<p>N\u00e9anmoins, il faut convenir que la conqu\u00eate de Santiago de Compostela, la ville sainte des Espagnols, en 1002, par les troupes d\u2019Al Manzor, ne laissait en rien pr\u00e9sager le futur effondrement de l\u2019Islam. D\u2019autant que les Royaumes chr\u00e9tiens du Nord n\u2019\u00e9taient pas en reste en \u00e9tant souvent en lutte les uns contre les autres, et en s\u2019alliant aux musulmans, et pas seulement dans les querelles intestines de ces derniers.<\/p>\n\n\n\n<p>Il est vrai que l\u2019habitude de l\u2019\u00e9poque \u00e9tait de se faire r\u00e9tribuer ses services soit en territoires, soit sous forme de tributs, et pas seulement dans la p\u00e9ninsule ib\u00e9rique. Mais pr\u00e9tendre que l\u2019id\u00e9e fut \u00e0 l\u2019origine d\u00e8s le d\u00e9part d\u2019expulser les musulmans n\u2019est pas corrobor\u00e9 par les r\u00e9alit\u00e9s. Et l\u2019exemple du Cid Rodrigue de Bivar venu combattre aux c\u00f4t\u00e9s de l\u2019\u00c9mir de Saragosse contre les Navarrais ou les Aragonais en est la preuve.<\/p>\n\n\n\n<p>C\u2019est l\u2019Eglise Catholique qui semble donc avoir inspir\u00e9 cette id\u00e9e de guerre sainte, pour les raisons d\u00e9j\u00e0 cit\u00e9es, d\u2019autant qu\u2019un changement liturgique s\u2019\u00e9tait op\u00e9r\u00e9 du Wisigothique vers le Latin dans les royaumes espagnols, renfor\u00e7ant consid\u00e9rablement&nbsp;l\u2019influence de Rome.<\/p>\n\n\n\n<p>Il n\u2019en demeure pas moins que l\u2019essor d\u00e9mographique dans les Royaumes du Nord qui a permis l\u2019expansion vers le Sud bien plus peupl\u00e9 demeure \u00e9nigmatique. Fut-il le r\u00e9sultat d\u2019une inversion des courbes de natalit\u00e9 peu envisageable dans des r\u00e9gions pauvres en terres agricoles et dont l\u2019hygi\u00e8ne des populations \u00e9tait rudimentaire et qui ne pourrait s\u2019expliquer que par une \u00e9pid\u00e9mie de grande ampleur?<\/p>\n\n\n\n<p>En tous cas, force est de constater que les victoires militaires du Nord s\u2019accompagnent&nbsp;toujours d\u2019une colonisation des territoires en modifiant les r\u00e9alit\u00e9s humaines, de l\u2019\u00e9dification&nbsp;d\u2019ouvrages d\u00e9fensifs rendant le retour des musulmans tr\u00e8s difficile,&nbsp;et de franchises dont b\u00e9n\u00e9ficient les colons,&nbsp;en particulier sur le plan juridique par la lev\u00e9e des peines et la lib\u00e9ration de l\u2019esclavage et du servage, et aussi sur le plan fiscal par l\u2019exemption des taxes.<\/p>\n\n\n\n<p>A titre de comparaison, les victoires militaires musulmanes pour innombrables qu\u2019elles eussent \u00e9t\u00e9 n\u2019\u00e9taient que rarement suivies d\u2019installation de colons. Tout au plus laissait-on quelques garnisons dans les territoires occup\u00e9s charg\u00e9s de pr\u00e9lever la Jizya et d\u2019administrer le territoire.<\/p>\n\n\n\n<p>Pour reprendre l\u2019exemple&nbsp;pr\u00e9c\u00e9dent, la conqu\u00eate de Santiago par Almanzor&nbsp;n\u2019a pas entra\u00een\u00e9 de massacres, ni&nbsp;l\u2019arabisation&nbsp;ou&nbsp;l\u2019islamisation du territoire. Il aurait fallu pour cela d\u2019autres conditions qui n\u2019ont pas \u00e9t\u00e9 r\u00e9unies.<\/p>\n\n\n\n<figure class=\"wp-block-embed is-type-wp-embed is-provider-kapitalis wp-block-embed-kapitalis\"><div class=\"wp-block-embed__wrapper\">\n<blockquote class=\"wp-embedded-content\" data-secret=\"XcvQuzFL2P\"><a href=\"https:\/\/kapitalis.com\/tunisie\/2023\/06\/18\/locean-atlantique-musulman-le-rendez-vous-manque\/\">\u2018\u2018L\u2019oc\u00e9an Atlantique musulman\u2019\u2019 : le rendez-vous manqu\u00e9<\/a><\/blockquote><iframe loading=\"lazy\" class=\"wp-embedded-content\" sandbox=\"allow-scripts\" security=\"restricted\" style=\"position: absolute; visibility: hidden;\" title=\"\u00ab\u00a0\u2018\u2018L\u2019oc\u00e9an Atlantique musulman\u2019\u2019 : le rendez-vous manqu\u00e9\u00a0\u00bb &#8212; Kapitalis\" src=\"https:\/\/kapitalis.com\/tunisie\/2023\/06\/18\/locean-atlantique-musulman-le-rendez-vous-manque\/embed\/#?secret=kxWYaTVh5Q#?secret=XcvQuzFL2P\" data-secret=\"XcvQuzFL2P\" width=\"600\" height=\"338\" frameborder=\"0\" marginwidth=\"0\" marginheight=\"0\" scrolling=\"no\"><\/iframe>\n<\/div><\/figure>\n\n\n\n<p>On peut m\u00eame affirmer que malgr\u00e9 l\u2019importance symbolique de cette conqu\u00eate aucun effort d\u2019islamisation n\u2019y a \u00e9t\u00e9 entrepris ce qui d\u00e9montre que&nbsp; la conversion des populations n\u2019en a pas toujours constitu\u00e9 le mobile,&nbsp;contrairement au pillage qui ob\u00e9issait&nbsp;souvent \u00e0 des consid\u00e9rations militaires ou strat\u00e9giques visant \u00e0 appauvrir l\u2019adversaire.<\/p>\n\n\n\n<p>Mais si on en revient aux questions d\u00e9mographiques, les Taifas, du fait des guerres entre Fatimides, Abbassides, Byzantins, et turcs, en Orient, se sont retrouv\u00e9es isol\u00e9es \u00e0 un moment o\u00f9 l\u2019id\u00e9ologie europ\u00e9enne invent\u00e9e par l\u2019Eglise conduisait de plus en plus les chevaliers en qu\u00eate de terres, d\u2019honneurs, de richesses, hors de leurs contr\u00e9es natales, pour spolier les musulmans.<\/p>\n\n\n\n<h2 class=\"wp-block-heading\">Aux origines du colonialisme occidental<\/h2>\n\n\n\n<p>Il y a donc d\u00e9j\u00e0 un s\u00e9rieux doute sur l\u2019origine des chr\u00e9tiens qui <em>\u00abchass\u00e8rent les Arabes d\u2019Espagne\u00bb<\/em>, si on veut soupeser la l\u00e9gitimit\u00e9 historique de la chose.<\/p>\n\n\n\n<p>L\u2019affaire de Barbastro fournit donc la preuve de l\u2019implication des populations autres qu\u2019Ib\u00e9riques dans cette guerre, et on est en droit de supposer que, quoiqu\u2019on en dise, les guerriers venus des quatre coins de l\u2019Europe le faisaient pour avoir des terres, s\u2019installer, et faire partie de la noblesse locale, ce qui conduisait in\u00e9vitablement \u00e0 leur assimilation. Cela fournit donc un d\u00e9but d\u2019explication au myst\u00e8re d\u00e9mographique consid\u00e9r\u00e9.<\/p>\n\n\n\n<p>Il n\u2019en demeure pas moins que ce massacre de Barbastro semble constituer un tournant, une tache sanglante, dans les relations \u00e9tablies jusque-l\u00e0 entre chr\u00e9tiens et musulmans, quand le but de la guerre n\u2019\u00e9tait pas de changer les r\u00e9alit\u00e9s d\u00e9mographiques par le massacre, mais d\u2019acqu\u00e9rir des territoires et d\u2019en retirer des revenus.<\/p>\n\n\n\n<p>C\u2019est donc l\u2019interf\u00e9rence de l\u2019Eglise dans la politique des royaumes qui a finalement transform\u00e9 la symbolique et la narration de la guerre dans la p\u00e9ninsule ib\u00e9rique, qui de civile, est devenue religieuse. Qui plus est Barbastro, quoique finalement occult\u00e9e, allait constituer le point de d\u00e9part d\u2019une tradition f\u00e2cheuse que les Croisades ne feraient que consolider dans les relations entre musulmans et chr\u00e9tiens, dont les pays occidentaux s\u2019inspireraient&nbsp;souvent, \u00e0 l\u2019\u00e9poque de la colonisation.<\/p>\n\n\n\n<p>Ainsi, si le dernier avatar du colonialisme occidental, Isra\u00ebl, a conduit une politique de massacres et d\u2019expulsion des populations avec l\u2019aide active des pays occidentaux, au vu et au su du monde, sans susciter les r\u00e9actions que les lois internationales eussent d\u00fb permettre, c\u2019est bien parce que l\u2019imaginaire occidental actuel, en d\u00e9pit de son attachement proclam\u00e9 \u00e0 la la\u00efcit\u00e9 et aux droits de l\u2019homme, continue d\u2019\u00eatre habit\u00e9 par les vieux d\u00e9mons de l\u2019Eglise de Rome, qui un jour apparurent sur les rives du Vero, \u00e0 Barbastro.<\/p>\n\n\n\n<p>Si l\u2019Histoire n\u2019explique pas tout, elle peut aider \u00e0 comprendre.&nbsp; &nbsp;&nbsp;<\/p>\n\n\n\n<p>* <em>M\u00e9decin de libre pratique. \u00a0<\/em><\/p>\n\n\n\n<p><strong><em>\u2018\u2018Barbastro, 1064. Guerre sainte et djihad en Espagne\u2019\u2019 de\u00a0Philippe S\u00e9nac\u00a0et\u00a0<a href=\"https:\/\/www.amazon.fr\/Carlos-Laliena-Corbera\/e\/B077MFM5G3\/ref=dp_byline_cont_book_2\"><\/a>Carlos Laliena Corbera, \u00e9ditions Gallimard, Paris, 19 avril 2018, 240 pages. <\/em><\/strong><\/p>\n\n\n\n<figure class=\"wp-block-embed is-type-wp-embed is-provider-kapitalis wp-block-embed-kapitalis\"><div class=\"wp-block-embed__wrapper\">\n<blockquote class=\"wp-embedded-content\" data-secret=\"MzsG0v0YUu\"><a href=\"https:\/\/kapitalis.com\/tunisie\/2020\/10\/14\/reflexion-sur-lhistoire-des-arabes-en-europe-de-charles-martel-a-la-statue-de-sel\/\">R\u00e9flexion sur l\u2019histoire des Arabes en Europe, de Charles Martel \u00e0 la statue de sel<\/a><\/blockquote><iframe loading=\"lazy\" class=\"wp-embedded-content\" sandbox=\"allow-scripts\" security=\"restricted\" style=\"position: absolute; visibility: hidden;\" title=\"\u00ab\u00a0R\u00e9flexion sur l\u2019histoire des Arabes en Europe, de Charles Martel \u00e0 la statue de sel\u00a0\u00bb &#8212; Kapitalis\" src=\"https:\/\/kapitalis.com\/tunisie\/2020\/10\/14\/reflexion-sur-lhistoire-des-arabes-en-europe-de-charles-martel-a-la-statue-de-sel\/embed\/#?secret=jSd1EADCsN#?secret=MzsG0v0YUu\" data-secret=\"MzsG0v0YUu\" width=\"600\" height=\"338\" frameborder=\"0\" marginwidth=\"0\" marginheight=\"0\" scrolling=\"no\"><\/iframe>\n<\/div><\/figure>\n","protected":false},"excerpt":{"rendered":"<p>L\u2019imaginaire occidental actuel, en d\u00e9pit de son attachement proclam\u00e9 \u00e0 la la\u00efcit\u00e9 et aux droits de l\u2019homme, continue d\u2019\u00eatre habit\u00e9 par les vieux d\u00e9mons de l\u2019Eglise de Rome.<\/p>\n","protected":false},"author":8,"featured_media":15196225,"comment_status":"open","ping_status":"open","sticky":false,"template":"","format":"standard","meta":{"footnotes":""},"categories":[992,994,2433],"tags":[5944,120154,87558,341,500,120156,120157,120155,120158],"class_list":["post-15196173","post","type-post","status-publish","format-standard","has-post-thumbnail","hentry","category-a-la-une","category-culture","category-tunisie","tag-andalousie","tag-barbastro","tag-dr-mounir-hanablia","tag-espagne","tag-islam","tag-leglise","tag-le-pape","tag-peninsule-iberique","tag-saragosse"],"yoast_head":"<!-- This site is optimized with the Yoast SEO plugin v26.6 - https:\/\/yoast.com\/wordpress\/plugins\/seo\/ -->\n<title>\u2018\u2018Barbastro 1064\u2019\u2019 dans l\u2019imaginaire occidental\u00a0: une gaza avant l\u2019heure! - Kapitalis<\/title>\n<meta name=\"robots\" content=\"index, follow, max-snippet:-1, max-image-preview:large, max-video-preview:-1\" \/>\n<link rel=\"canonical\" href=\"https:\/\/kapitalis.com\/tunisie\/2025\/01\/19\/barbastro-1064-dans-limaginaire-occidental-une-gaza-avant-lheure\/\" \/>\n<meta property=\"og:locale\" content=\"fr_FR\" \/>\n<meta property=\"og:type\" content=\"article\" \/>\n<meta property=\"og:title\" content=\"\u2018\u2018Barbastro 1064\u2019\u2019 dans l\u2019imaginaire occidental\u00a0: une gaza avant l\u2019heure! - Kapitalis\" \/>\n<meta property=\"og:description\" content=\"L\u2019imaginaire occidental actuel, en d\u00e9pit de son attachement proclam\u00e9 \u00e0 la la\u00efcit\u00e9 et aux droits de l\u2019homme, continue d\u2019\u00eatre habit\u00e9 par les vieux d\u00e9mons de l\u2019Eglise de Rome.\" \/>\n<meta property=\"og:url\" content=\"https:\/\/kapitalis.com\/tunisie\/2025\/01\/19\/barbastro-1064-dans-limaginaire-occidental-une-gaza-avant-lheure\/\" \/>\n<meta property=\"og:site_name\" content=\"Kapitalis\" \/>\n<meta property=\"article:publisher\" content=\"https:\/\/www.facebook.com\/KapitalisInfo\/\" \/>\n<meta property=\"article:published_time\" content=\"2025-01-19T07:20:00+00:00\" \/>\n<meta property=\"og:image\" content=\"https:\/\/kapitalis.com\/tunisie\/wp-content\/uploads\/2025\/01\/Barbastro.jpg\" \/>\n\t<meta property=\"og:image:width\" content=\"1200\" \/>\n\t<meta property=\"og:image:height\" content=\"630\" \/>\n\t<meta property=\"og:image:type\" content=\"image\/jpeg\" \/>\n<meta name=\"author\" content=\"webmaster kapitalis\" \/>\n<meta name=\"twitter:card\" content=\"summary_large_image\" \/>\n<meta name=\"twitter:creator\" content=\"@KapitalisInfo\" \/>\n<meta name=\"twitter:site\" content=\"@KapitalisInfo\" \/>\n<meta name=\"twitter:label1\" content=\"\u00c9crit par\" \/>\n\t<meta name=\"twitter:data1\" content=\"webmaster kapitalis\" \/>\n\t<meta name=\"twitter:label2\" content=\"Dur\u00e9e de lecture estim\u00e9e\" \/>\n\t<meta name=\"twitter:data2\" content=\"10 minutes\" \/>\n<script type=\"application\/ld+json\" class=\"yoast-schema-graph\">{\"@context\":\"https:\/\/schema.org\",\"@graph\":[{\"@type\":\"Article\",\"@id\":\"https:\/\/kapitalis.com\/tunisie\/2025\/01\/19\/barbastro-1064-dans-limaginaire-occidental-une-gaza-avant-lheure\/#article\",\"isPartOf\":{\"@id\":\"https:\/\/kapitalis.com\/tunisie\/2025\/01\/19\/barbastro-1064-dans-limaginaire-occidental-une-gaza-avant-lheure\/\"},\"author\":{\"name\":\"webmaster kapitalis\",\"@id\":\"https:\/\/kapitalis.com\/tunisie\/#\/schema\/person\/d71f33a9ca44f7bad4698210b480c8e9\"},\"headline\":\"\u2018\u2018Barbastro 1064\u2019\u2019 dans l\u2019imaginaire occidental\u00a0: une gaza avant l\u2019heure!\",\"datePublished\":\"2025-01-19T07:20:00+00:00\",\"mainEntityOfPage\":{\"@id\":\"https:\/\/kapitalis.com\/tunisie\/2025\/01\/19\/barbastro-1064-dans-limaginaire-occidental-une-gaza-avant-lheure\/\"},\"wordCount\":2119,\"commentCount\":1,\"publisher\":{\"@id\":\"https:\/\/kapitalis.com\/tunisie\/#organization\"},\"image\":{\"@id\":\"https:\/\/kapitalis.com\/tunisie\/2025\/01\/19\/barbastro-1064-dans-limaginaire-occidental-une-gaza-avant-lheure\/#primaryimage\"},\"thumbnailUrl\":\"https:\/\/kapitalis.com\/tunisie\/wp-content\/uploads\/2025\/01\/Barbastro.jpg\",\"keywords\":[\"Andalousie\",\"Barbastro\",\"Dr Mounir Hanablia\",\"Espagne\",\"islam\",\"l\u2019Eglise\",\"le pape\",\"p\u00e9ninsule ib\u00e9rique\",\"Saragosse\"],\"articleSection\":[\"A LA UNE\",\"CULTURE\",\"Tunisie\"],\"inLanguage\":\"fr-FR\",\"potentialAction\":[{\"@type\":\"CommentAction\",\"name\":\"Comment\",\"target\":[\"https:\/\/kapitalis.com\/tunisie\/2025\/01\/19\/barbastro-1064-dans-limaginaire-occidental-une-gaza-avant-lheure\/#respond\"]}]},{\"@type\":\"WebPage\",\"@id\":\"https:\/\/kapitalis.com\/tunisie\/2025\/01\/19\/barbastro-1064-dans-limaginaire-occidental-une-gaza-avant-lheure\/\",\"url\":\"https:\/\/kapitalis.com\/tunisie\/2025\/01\/19\/barbastro-1064-dans-limaginaire-occidental-une-gaza-avant-lheure\/\",\"name\":\"\u2018\u2018Barbastro 1064\u2019\u2019 dans l\u2019imaginaire occidental\u00a0: une gaza avant l\u2019heure! - Kapitalis\",\"isPartOf\":{\"@id\":\"https:\/\/kapitalis.com\/tunisie\/#website\"},\"primaryImageOfPage\":{\"@id\":\"https:\/\/kapitalis.com\/tunisie\/2025\/01\/19\/barbastro-1064-dans-limaginaire-occidental-une-gaza-avant-lheure\/#primaryimage\"},\"image\":{\"@id\":\"https:\/\/kapitalis.com\/tunisie\/2025\/01\/19\/barbastro-1064-dans-limaginaire-occidental-une-gaza-avant-lheure\/#primaryimage\"},\"thumbnailUrl\":\"https:\/\/kapitalis.com\/tunisie\/wp-content\/uploads\/2025\/01\/Barbastro.jpg\",\"datePublished\":\"2025-01-19T07:20:00+00:00\",\"breadcrumb\":{\"@id\":\"https:\/\/kapitalis.com\/tunisie\/2025\/01\/19\/barbastro-1064-dans-limaginaire-occidental-une-gaza-avant-lheure\/#breadcrumb\"},\"inLanguage\":\"fr-FR\",\"potentialAction\":[{\"@type\":\"ReadAction\",\"target\":[\"https:\/\/kapitalis.com\/tunisie\/2025\/01\/19\/barbastro-1064-dans-limaginaire-occidental-une-gaza-avant-lheure\/\"]}]},{\"@type\":\"ImageObject\",\"inLanguage\":\"fr-FR\",\"@id\":\"https:\/\/kapitalis.com\/tunisie\/2025\/01\/19\/barbastro-1064-dans-limaginaire-occidental-une-gaza-avant-lheure\/#primaryimage\",\"url\":\"https:\/\/kapitalis.com\/tunisie\/wp-content\/uploads\/2025\/01\/Barbastro.jpg\",\"contentUrl\":\"https:\/\/kapitalis.com\/tunisie\/wp-content\/uploads\/2025\/01\/Barbastro.jpg\",\"width\":1200,\"height\":630},{\"@type\":\"BreadcrumbList\",\"@id\":\"https:\/\/kapitalis.com\/tunisie\/2025\/01\/19\/barbastro-1064-dans-limaginaire-occidental-une-gaza-avant-lheure\/#breadcrumb\",\"itemListElement\":[{\"@type\":\"ListItem\",\"position\":1,\"name\":\"Accueil\",\"item\":\"https:\/\/kapitalis.com\/tunisie\/\"},{\"@type\":\"ListItem\",\"position\":2,\"name\":\"\u2018\u2018Barbastro 1064\u2019\u2019 dans l\u2019imaginaire occidental\u00a0: une gaza avant l\u2019heure!\"}]},{\"@type\":\"WebSite\",\"@id\":\"https:\/\/kapitalis.com\/tunisie\/#website\",\"url\":\"https:\/\/kapitalis.com\/tunisie\/\",\"name\":\"Kapitalis\",\"description\":\"L&#039;actualit\u00e9 en Tunisie et dans le monde\",\"publisher\":{\"@id\":\"https:\/\/kapitalis.com\/tunisie\/#organization\"},\"potentialAction\":[{\"@type\":\"SearchAction\",\"target\":{\"@type\":\"EntryPoint\",\"urlTemplate\":\"https:\/\/kapitalis.com\/tunisie\/?s={search_term_string}\"},\"query-input\":{\"@type\":\"PropertyValueSpecification\",\"valueRequired\":true,\"valueName\":\"search_term_string\"}}],\"inLanguage\":\"fr-FR\"},{\"@type\":\"Organization\",\"@id\":\"https:\/\/kapitalis.com\/tunisie\/#organization\",\"name\":\"Kapitalis\",\"url\":\"https:\/\/kapitalis.com\/tunisie\/\",\"logo\":{\"@type\":\"ImageObject\",\"inLanguage\":\"fr-FR\",\"@id\":\"https:\/\/kapitalis.com\/tunisie\/#\/schema\/logo\/image\/\",\"url\":\"https:\/\/kapitalis.com\/tunisie\/wp-content\/uploads\/2022\/05\/Kapitalis-big-size.png\",\"contentUrl\":\"https:\/\/kapitalis.com\/tunisie\/wp-content\/uploads\/2022\/05\/Kapitalis-big-size.png\",\"width\":5000,\"height\":1500,\"caption\":\"Kapitalis\"},\"image\":{\"@id\":\"https:\/\/kapitalis.com\/tunisie\/#\/schema\/logo\/image\/\"},\"sameAs\":[\"https:\/\/www.facebook.com\/KapitalisInfo\/\",\"https:\/\/x.com\/KapitalisInfo\",\"https:\/\/www.youtube.com\/channel\/UC-yDYrHyfFBWWZaOw3FPg9Q\"]},{\"@type\":\"Person\",\"@id\":\"https:\/\/kapitalis.com\/tunisie\/#\/schema\/person\/d71f33a9ca44f7bad4698210b480c8e9\",\"name\":\"webmaster kapitalis\",\"url\":\"https:\/\/kapitalis.com\/tunisie\/author\/webmaster-kapitalis\/\"}]}<\/script>\n<!-- \/ Yoast SEO plugin. -->","yoast_head_json":{"title":"\u2018\u2018Barbastro 1064\u2019\u2019 dans l\u2019imaginaire occidental\u00a0: une gaza avant l\u2019heure! - Kapitalis","robots":{"index":"index","follow":"follow","max-snippet":"max-snippet:-1","max-image-preview":"max-image-preview:large","max-video-preview":"max-video-preview:-1"},"canonical":"https:\/\/kapitalis.com\/tunisie\/2025\/01\/19\/barbastro-1064-dans-limaginaire-occidental-une-gaza-avant-lheure\/","og_locale":"fr_FR","og_type":"article","og_title":"\u2018\u2018Barbastro 1064\u2019\u2019 dans l\u2019imaginaire occidental\u00a0: une gaza avant l\u2019heure! - Kapitalis","og_description":"L\u2019imaginaire occidental actuel, en d\u00e9pit de son attachement proclam\u00e9 \u00e0 la la\u00efcit\u00e9 et aux droits de l\u2019homme, continue d\u2019\u00eatre habit\u00e9 par les vieux d\u00e9mons de l\u2019Eglise de Rome.","og_url":"https:\/\/kapitalis.com\/tunisie\/2025\/01\/19\/barbastro-1064-dans-limaginaire-occidental-une-gaza-avant-lheure\/","og_site_name":"Kapitalis","article_publisher":"https:\/\/www.facebook.com\/KapitalisInfo\/","article_published_time":"2025-01-19T07:20:00+00:00","og_image":[{"width":1200,"height":630,"url":"https:\/\/kapitalis.com\/tunisie\/wp-content\/uploads\/2025\/01\/Barbastro.jpg","type":"image\/jpeg"}],"author":"webmaster kapitalis","twitter_card":"summary_large_image","twitter_creator":"@KapitalisInfo","twitter_site":"@KapitalisInfo","twitter_misc":{"\u00c9crit par":"webmaster kapitalis","Dur\u00e9e de lecture estim\u00e9e":"10 minutes"},"schema":{"@context":"https:\/\/schema.org","@graph":[{"@type":"Article","@id":"https:\/\/kapitalis.com\/tunisie\/2025\/01\/19\/barbastro-1064-dans-limaginaire-occidental-une-gaza-avant-lheure\/#article","isPartOf":{"@id":"https:\/\/kapitalis.com\/tunisie\/2025\/01\/19\/barbastro-1064-dans-limaginaire-occidental-une-gaza-avant-lheure\/"},"author":{"name":"webmaster kapitalis","@id":"https:\/\/kapitalis.com\/tunisie\/#\/schema\/person\/d71f33a9ca44f7bad4698210b480c8e9"},"headline":"\u2018\u2018Barbastro 1064\u2019\u2019 dans l\u2019imaginaire occidental\u00a0: une gaza avant l\u2019heure!","datePublished":"2025-01-19T07:20:00+00:00","mainEntityOfPage":{"@id":"https:\/\/kapitalis.com\/tunisie\/2025\/01\/19\/barbastro-1064-dans-limaginaire-occidental-une-gaza-avant-lheure\/"},"wordCount":2119,"commentCount":1,"publisher":{"@id":"https:\/\/kapitalis.com\/tunisie\/#organization"},"image":{"@id":"https:\/\/kapitalis.com\/tunisie\/2025\/01\/19\/barbastro-1064-dans-limaginaire-occidental-une-gaza-avant-lheure\/#primaryimage"},"thumbnailUrl":"https:\/\/kapitalis.com\/tunisie\/wp-content\/uploads\/2025\/01\/Barbastro.jpg","keywords":["Andalousie","Barbastro","Dr Mounir Hanablia","Espagne","islam","l\u2019Eglise","le pape","p\u00e9ninsule ib\u00e9rique","Saragosse"],"articleSection":["A LA UNE","CULTURE","Tunisie"],"inLanguage":"fr-FR","potentialAction":[{"@type":"CommentAction","name":"Comment","target":["https:\/\/kapitalis.com\/tunisie\/2025\/01\/19\/barbastro-1064-dans-limaginaire-occidental-une-gaza-avant-lheure\/#respond"]}]},{"@type":"WebPage","@id":"https:\/\/kapitalis.com\/tunisie\/2025\/01\/19\/barbastro-1064-dans-limaginaire-occidental-une-gaza-avant-lheure\/","url":"https:\/\/kapitalis.com\/tunisie\/2025\/01\/19\/barbastro-1064-dans-limaginaire-occidental-une-gaza-avant-lheure\/","name":"\u2018\u2018Barbastro 1064\u2019\u2019 dans l\u2019imaginaire occidental\u00a0: une gaza avant l\u2019heure! - Kapitalis","isPartOf":{"@id":"https:\/\/kapitalis.com\/tunisie\/#website"},"primaryImageOfPage":{"@id":"https:\/\/kapitalis.com\/tunisie\/2025\/01\/19\/barbastro-1064-dans-limaginaire-occidental-une-gaza-avant-lheure\/#primaryimage"},"image":{"@id":"https:\/\/kapitalis.com\/tunisie\/2025\/01\/19\/barbastro-1064-dans-limaginaire-occidental-une-gaza-avant-lheure\/#primaryimage"},"thumbnailUrl":"https:\/\/kapitalis.com\/tunisie\/wp-content\/uploads\/2025\/01\/Barbastro.jpg","datePublished":"2025-01-19T07:20:00+00:00","breadcrumb":{"@id":"https:\/\/kapitalis.com\/tunisie\/2025\/01\/19\/barbastro-1064-dans-limaginaire-occidental-une-gaza-avant-lheure\/#breadcrumb"},"inLanguage":"fr-FR","potentialAction":[{"@type":"ReadAction","target":["https:\/\/kapitalis.com\/tunisie\/2025\/01\/19\/barbastro-1064-dans-limaginaire-occidental-une-gaza-avant-lheure\/"]}]},{"@type":"ImageObject","inLanguage":"fr-FR","@id":"https:\/\/kapitalis.com\/tunisie\/2025\/01\/19\/barbastro-1064-dans-limaginaire-occidental-une-gaza-avant-lheure\/#primaryimage","url":"https:\/\/kapitalis.com\/tunisie\/wp-content\/uploads\/2025\/01\/Barbastro.jpg","contentUrl":"https:\/\/kapitalis.com\/tunisie\/wp-content\/uploads\/2025\/01\/Barbastro.jpg","width":1200,"height":630},{"@type":"BreadcrumbList","@id":"https:\/\/kapitalis.com\/tunisie\/2025\/01\/19\/barbastro-1064-dans-limaginaire-occidental-une-gaza-avant-lheure\/#breadcrumb","itemListElement":[{"@type":"ListItem","position":1,"name":"Accueil","item":"https:\/\/kapitalis.com\/tunisie\/"},{"@type":"ListItem","position":2,"name":"\u2018\u2018Barbastro 1064\u2019\u2019 dans l\u2019imaginaire occidental\u00a0: une gaza avant l\u2019heure!"}]},{"@type":"WebSite","@id":"https:\/\/kapitalis.com\/tunisie\/#website","url":"https:\/\/kapitalis.com\/tunisie\/","name":"Kapitalis","description":"L&#039;actualit\u00e9 en Tunisie et dans le monde","publisher":{"@id":"https:\/\/kapitalis.com\/tunisie\/#organization"},"potentialAction":[{"@type":"SearchAction","target":{"@type":"EntryPoint","urlTemplate":"https:\/\/kapitalis.com\/tunisie\/?s={search_term_string}"},"query-input":{"@type":"PropertyValueSpecification","valueRequired":true,"valueName":"search_term_string"}}],"inLanguage":"fr-FR"},{"@type":"Organization","@id":"https:\/\/kapitalis.com\/tunisie\/#organization","name":"Kapitalis","url":"https:\/\/kapitalis.com\/tunisie\/","logo":{"@type":"ImageObject","inLanguage":"fr-FR","@id":"https:\/\/kapitalis.com\/tunisie\/#\/schema\/logo\/image\/","url":"https:\/\/kapitalis.com\/tunisie\/wp-content\/uploads\/2022\/05\/Kapitalis-big-size.png","contentUrl":"https:\/\/kapitalis.com\/tunisie\/wp-content\/uploads\/2022\/05\/Kapitalis-big-size.png","width":5000,"height":1500,"caption":"Kapitalis"},"image":{"@id":"https:\/\/kapitalis.com\/tunisie\/#\/schema\/logo\/image\/"},"sameAs":["https:\/\/www.facebook.com\/KapitalisInfo\/","https:\/\/x.com\/KapitalisInfo","https:\/\/www.youtube.com\/channel\/UC-yDYrHyfFBWWZaOw3FPg9Q"]},{"@type":"Person","@id":"https:\/\/kapitalis.com\/tunisie\/#\/schema\/person\/d71f33a9ca44f7bad4698210b480c8e9","name":"webmaster kapitalis","url":"https:\/\/kapitalis.com\/tunisie\/author\/webmaster-kapitalis\/"}]}},"_links":{"self":[{"href":"https:\/\/kapitalis.com\/tunisie\/wp-json\/wp\/v2\/posts\/15196173","targetHints":{"allow":["GET"]}}],"collection":[{"href":"https:\/\/kapitalis.com\/tunisie\/wp-json\/wp\/v2\/posts"}],"about":[{"href":"https:\/\/kapitalis.com\/tunisie\/wp-json\/wp\/v2\/types\/post"}],"author":[{"embeddable":true,"href":"https:\/\/kapitalis.com\/tunisie\/wp-json\/wp\/v2\/users\/8"}],"replies":[{"embeddable":true,"href":"https:\/\/kapitalis.com\/tunisie\/wp-json\/wp\/v2\/comments?post=15196173"}],"version-history":[{"count":2,"href":"https:\/\/kapitalis.com\/tunisie\/wp-json\/wp\/v2\/posts\/15196173\/revisions"}],"predecessor-version":[{"id":15225972,"href":"https:\/\/kapitalis.com\/tunisie\/wp-json\/wp\/v2\/posts\/15196173\/revisions\/15225972"}],"wp:featuredmedia":[{"embeddable":true,"href":"https:\/\/kapitalis.com\/tunisie\/wp-json\/wp\/v2\/media\/15196225"}],"wp:attachment":[{"href":"https:\/\/kapitalis.com\/tunisie\/wp-json\/wp\/v2\/media?parent=15196173"}],"wp:term":[{"taxonomy":"category","embeddable":true,"href":"https:\/\/kapitalis.com\/tunisie\/wp-json\/wp\/v2\/categories?post=15196173"},{"taxonomy":"post_tag","embeddable":true,"href":"https:\/\/kapitalis.com\/tunisie\/wp-json\/wp\/v2\/tags?post=15196173"}],"curies":[{"name":"wp","href":"https:\/\/api.w.org\/{rel}","templated":true}]}}