{"id":151993,"date":"2018-05-02T16:41:43","date_gmt":"2018-05-02T15:41:43","guid":{"rendered":"http:\/\/kapitalis.com\/tunisie\/?p=151993"},"modified":"2018-05-02T16:41:43","modified_gmt":"2018-05-02T15:41:43","slug":"accident-meurtrier-a-riadh-andalous-lado-condamnee-a-6-mois-de-prison","status":"publish","type":"post","link":"https:\/\/kapitalis.com\/tunisie\/2018\/05\/02\/accident-meurtrier-a-riadh-andalous-lado-condamnee-a-6-mois-de-prison\/","title":{"rendered":"Accident meurtrier \u00e0 Riadh Andalous : L\u2019ado condamn\u00e9e \u00e0 6 mois de prison"},"content":{"rendered":"<p style=\"text-align: center;\"><img loading=\"lazy\" decoding=\"async\" class=\"alignnone size-full wp-image-152006\" src=\"http:\/\/kapitalis.com\/tunisie\/wp-content\/uploads\/2018\/05\/Arrestation-ado.jpg\" alt=\"\" width=\"626\" height=\"380\" \/><\/p>\n<p><em><strong>L\u2019adolescente qui conduisait la voiture ayant fauch\u00e9 un couple, le 28 ao\u00fbt 2017, \u00e0 Riadh Andalos (Ariana), tuant la dame sur le coup, a \u00e9t\u00e9 condamn\u00e9e en appel, aujourd&rsquo;hui, mercredi 2 mai 2018, \u00e0 6 mois de prison ferme.<\/strong><\/em><!--more--><\/p>\n<p>La mineure, \u00e2g\u00e9e de 16 ans, qui \u00e9tait poursuivie pour homicide involontaire, avait \u00e9t\u00e9 condamn\u00e9e en premi\u00e8re instance \u00e0 un mois avec sursis, jugement auquel la famille de la d\u00e9funte Dalila Ensibi avait fait appel.<\/p>\n<p>Sans cacher son \u00e9motion, Soumaya, la fille de la d\u00e9funte, se dit rassur\u00e9e par ce verdict, qu\u2019elle estime plus juste et \u00e9quitable que celui prononc\u00e9 en premi\u00e8re instance.<\/p>\n<p>Rappelons que le 28 ao\u00fbt 2017, vers 21 heures, l\u2019adolescente, sans permis, qui \u00e9tait \u00e0 bord de la voiture de ses parents, a fonc\u00e9 sur un couple qui faisait de la marche sur le trottoir. Dalila Ensibi, fonctionnaire de la Banque du sang \u00e0 la retraite, est d\u00e9c\u00e9d\u00e9e sur place, alors que son \u00e9poux, Saoud Nemsi, kin\u00e9sith\u00e9rapeute \u00e9galement \u00e0 la retraite, a \u00e9t\u00e9 gri\u00e8vement bless\u00e9, mais il a pu s\u2019en sortir apr\u00e8s un long coma.<\/p>\n<p style=\"text-align: right;\"><strong>Y. N.<\/strong><\/p>\n<blockquote class=\"wp-embedded-content\" data-secret=\"MOeg4xosCI\"><p><a href=\"https:\/\/kapitalis.com\/tunisie\/2017\/09\/14\/temoignage-des-enfants-du-couple-fauche-a-riadh-andalous\/\">T\u00e9moignage des enfants du couple fauch\u00e9 \u00e0 Riadh Andalous<\/a><\/p><\/blockquote>\n<p><iframe loading=\"lazy\" class=\"wp-embedded-content\" sandbox=\"allow-scripts\" security=\"restricted\" style=\"position: absolute; clip: rect(1px, 1px, 1px, 1px);\" title=\"\u00ab\u00a0T\u00e9moignage des enfants du couple fauch\u00e9 \u00e0 Riadh Andalous\u00a0\u00bb &#8212; Kapitalis\" src=\"https:\/\/kapitalis.com\/tunisie\/2017\/09\/14\/temoignage-des-enfants-du-couple-fauche-a-riadh-andalous\/embed\/#?secret=80flEmFSOo#?secret=MOeg4xosCI\" data-secret=\"MOeg4xosCI\" width=\"600\" height=\"338\" frameborder=\"0\" marginwidth=\"0\" marginheight=\"0\" scrolling=\"no\"><\/iframe><\/p>\n<blockquote class=\"wp-embedded-content\" data-secret=\"MOeg4xosCI\"><p><a href=\"https:\/\/kapitalis.com\/tunisie\/2017\/09\/14\/temoignage-des-enfants-du-couple-fauche-a-riadh-andalous\/\">T\u00e9moignage des enfants du couple fauch\u00e9 \u00e0 Riadh Andalous<\/a><\/p><\/blockquote>\n<p><iframe loading=\"lazy\" class=\"wp-embedded-content\" sandbox=\"allow-scripts\" security=\"restricted\" style=\"position: absolute; clip: rect(1px, 1px, 1px, 1px);\" title=\"\u00ab\u00a0T\u00e9moignage des enfants du couple fauch\u00e9 \u00e0 Riadh Andalous\u00a0\u00bb &#8212; Kapitalis\" src=\"https:\/\/kapitalis.com\/tunisie\/2017\/09\/14\/temoignage-des-enfants-du-couple-fauche-a-riadh-andalous\/embed\/#?secret=80flEmFSOo#?secret=MOeg4xosCI\" data-secret=\"MOeg4xosCI\" width=\"600\" height=\"338\" frameborder=\"0\" marginwidth=\"0\" marginheight=\"0\" scrolling=\"no\"><\/iframe><\/p>\n","protected":false},"excerpt":{"rendered":"<p>L\u2019adolescente qui conduisait la voiture ayant fauch\u00e9 un couple, le 28 ao\u00fbt 2017, \u00e0 Riadh Andalos (Ariana), tuant la dame sur le coup, a \u00e9t\u00e9 condamn\u00e9e en appel, aujourd&rsquo;hui, mercredi 2 mai 2018, \u00e0 6 mois de prison ferme.<\/p>\n","protected":false},"author":6,"featured_media":152006,"comment_status":"open","ping_status":"open","sticky":false,"template":"","format":"standard","meta":{"footnotes":""},"categories":[998,2433],"tags":[23,79,1314,6032],"class_list":["post-151993","post","type-post","status-publish","format-standard","has-post-thumbnail","hentry","category-societe","category-tunisie","tag-accident","tag-ariana","tag-prison","tag-riadh-andalous"],"yoast_head":"<!-- This site is optimized with the Yoast SEO plugin v26.6 - https:\/\/yoast.com\/wordpress\/plugins\/seo\/ -->\n<title>Accident meurtrier \u00e0 Riadh Andalous : L\u2019ado condamn\u00e9e \u00e0 6 mois de prison - Kapitalis<\/title>\n<meta name=\"robots\" content=\"index, follow, max-snippet:-1, max-image-preview:large, max-video-preview:-1\" \/>\n<link rel=\"canonical\" href=\"https:\/\/kapitalis.com\/tunisie\/2018\/05\/02\/accident-meurtrier-a-riadh-andalous-lado-condamnee-a-6-mois-de-prison\/\" \/>\n<meta property=\"og:locale\" content=\"fr_FR\" \/>\n<meta property=\"og:type\" content=\"article\" \/>\n<meta property=\"og:title\" content=\"Accident meurtrier \u00e0 Riadh Andalous : L\u2019ado condamn\u00e9e \u00e0 6 mois de prison - Kapitalis\" \/>\n<meta property=\"og:description\" content=\"L\u2019adolescente qui conduisait la voiture ayant fauch\u00e9 un couple, le 28 ao\u00fbt 2017, \u00e0 Riadh Andalos (Ariana), tuant la dame sur le coup, a \u00e9t\u00e9 condamn\u00e9e en appel, aujourd&rsquo;hui, mercredi 2 mai 2018, \u00e0 6 mois de prison ferme.\" \/>\n<meta property=\"og:url\" content=\"https:\/\/kapitalis.com\/tunisie\/2018\/05\/02\/accident-meurtrier-a-riadh-andalous-lado-condamnee-a-6-mois-de-prison\/\" \/>\n<meta property=\"og:site_name\" content=\"Kapitalis\" \/>\n<meta property=\"article:publisher\" content=\"https:\/\/www.facebook.com\/KapitalisInfo\/\" \/>\n<meta property=\"article:published_time\" content=\"2018-05-02T15:41:43+00:00\" \/>\n<meta property=\"og:image\" content=\"https:\/\/kapitalis.com\/tunisie\/wp-content\/uploads\/2022\/05\/kapitalis-logo-fb.png\" \/>\n\t<meta property=\"og:image:width\" content=\"1200\" \/>\n\t<meta property=\"og:image:height\" content=\"630\" \/>\n\t<meta property=\"og:image:type\" content=\"image\/png\" \/>\n<meta name=\"author\" content=\"Yusra NY\" \/>\n<meta name=\"twitter:card\" content=\"summary_large_image\" \/>\n<meta name=\"twitter:creator\" content=\"@KapitalisInfo\" \/>\n<meta name=\"twitter:site\" content=\"@KapitalisInfo\" \/>\n<meta name=\"twitter:label1\" content=\"\u00c9crit par\" \/>\n\t<meta name=\"twitter:data1\" content=\"Yusra NY\" \/>\n\t<meta name=\"twitter:label2\" content=\"Dur\u00e9e de lecture estim\u00e9e\" \/>\n\t<meta name=\"twitter:data2\" content=\"1 minute\" \/>\n<script type=\"application\/ld+json\" class=\"yoast-schema-graph\">{\"@context\":\"https:\/\/schema.org\",\"@graph\":[{\"@type\":\"Article\",\"@id\":\"https:\/\/kapitalis.com\/tunisie\/2018\/05\/02\/accident-meurtrier-a-riadh-andalous-lado-condamnee-a-6-mois-de-prison\/#article\",\"isPartOf\":{\"@id\":\"https:\/\/kapitalis.com\/tunisie\/2018\/05\/02\/accident-meurtrier-a-riadh-andalous-lado-condamnee-a-6-mois-de-prison\/\"},\"author\":{\"name\":\"Yusra NY\",\"@id\":\"https:\/\/kapitalis.com\/tunisie\/#\/schema\/person\/74bbde0154d49d790a92aaeac5bc01d5\"},\"headline\":\"Accident meurtrier \u00e0 Riadh Andalous : L\u2019ado condamn\u00e9e \u00e0 6 mois de prison\",\"datePublished\":\"2018-05-02T15:41:43+00:00\",\"mainEntityOfPage\":{\"@id\":\"https:\/\/kapitalis.com\/tunisie\/2018\/05\/02\/accident-meurtrier-a-riadh-andalous-lado-condamnee-a-6-mois-de-prison\/\"},\"wordCount\":206,\"commentCount\":4,\"publisher\":{\"@id\":\"https:\/\/kapitalis.com\/tunisie\/#organization\"},\"image\":{\"@id\":\"https:\/\/kapitalis.com\/tunisie\/2018\/05\/02\/accident-meurtrier-a-riadh-andalous-lado-condamnee-a-6-mois-de-prison\/#primaryimage\"},\"thumbnailUrl\":\"\",\"keywords\":[\"accident\",\"Ariana\",\"prison\",\"Riadh Andalous\"],\"articleSection\":[\"SOCIETE\",\"Tunisie\"],\"inLanguage\":\"fr-FR\",\"potentialAction\":[{\"@type\":\"CommentAction\",\"name\":\"Comment\",\"target\":[\"https:\/\/kapitalis.com\/tunisie\/2018\/05\/02\/accident-meurtrier-a-riadh-andalous-lado-condamnee-a-6-mois-de-prison\/#respond\"]}]},{\"@type\":\"WebPage\",\"@id\":\"https:\/\/kapitalis.com\/tunisie\/2018\/05\/02\/accident-meurtrier-a-riadh-andalous-lado-condamnee-a-6-mois-de-prison\/\",\"url\":\"https:\/\/kapitalis.com\/tunisie\/2018\/05\/02\/accident-meurtrier-a-riadh-andalous-lado-condamnee-a-6-mois-de-prison\/\",\"name\":\"Accident meurtrier \u00e0 Riadh Andalous : L\u2019ado condamn\u00e9e \u00e0 6 mois de prison - Kapitalis\",\"isPartOf\":{\"@id\":\"https:\/\/kapitalis.com\/tunisie\/#website\"},\"primaryImageOfPage\":{\"@id\":\"https:\/\/kapitalis.com\/tunisie\/2018\/05\/02\/accident-meurtrier-a-riadh-andalous-lado-condamnee-a-6-mois-de-prison\/#primaryimage\"},\"image\":{\"@id\":\"https:\/\/kapitalis.com\/tunisie\/2018\/05\/02\/accident-meurtrier-a-riadh-andalous-lado-condamnee-a-6-mois-de-prison\/#primaryimage\"},\"thumbnailUrl\":\"\",\"datePublished\":\"2018-05-02T15:41:43+00:00\",\"breadcrumb\":{\"@id\":\"https:\/\/kapitalis.com\/tunisie\/2018\/05\/02\/accident-meurtrier-a-riadh-andalous-lado-condamnee-a-6-mois-de-prison\/#breadcrumb\"},\"inLanguage\":\"fr-FR\",\"potentialAction\":[{\"@type\":\"ReadAction\",\"target\":[\"https:\/\/kapitalis.com\/tunisie\/2018\/05\/02\/accident-meurtrier-a-riadh-andalous-lado-condamnee-a-6-mois-de-prison\/\"]}]},{\"@type\":\"ImageObject\",\"inLanguage\":\"fr-FR\",\"@id\":\"https:\/\/kapitalis.com\/tunisie\/2018\/05\/02\/accident-meurtrier-a-riadh-andalous-lado-condamnee-a-6-mois-de-prison\/#primaryimage\",\"url\":\"\",\"contentUrl\":\"\"},{\"@type\":\"BreadcrumbList\",\"@id\":\"https:\/\/kapitalis.com\/tunisie\/2018\/05\/02\/accident-meurtrier-a-riadh-andalous-lado-condamnee-a-6-mois-de-prison\/#breadcrumb\",\"itemListElement\":[{\"@type\":\"ListItem\",\"position\":1,\"name\":\"Accueil\",\"item\":\"https:\/\/kapitalis.com\/tunisie\/\"},{\"@type\":\"ListItem\",\"position\":2,\"name\":\"Accident meurtrier \u00e0 Riadh Andalous : L\u2019ado condamn\u00e9e \u00e0 6 mois de prison\"}]},{\"@type\":\"WebSite\",\"@id\":\"https:\/\/kapitalis.com\/tunisie\/#website\",\"url\":\"https:\/\/kapitalis.com\/tunisie\/\",\"name\":\"Kapitalis\",\"description\":\"L&#039;actualit\u00e9 en Tunisie et dans le monde\",\"publisher\":{\"@id\":\"https:\/\/kapitalis.com\/tunisie\/#organization\"},\"potentialAction\":[{\"@type\":\"SearchAction\",\"target\":{\"@type\":\"EntryPoint\",\"urlTemplate\":\"https:\/\/kapitalis.com\/tunisie\/?s={search_term_string}\"},\"query-input\":{\"@type\":\"PropertyValueSpecification\",\"valueRequired\":true,\"valueName\":\"search_term_string\"}}],\"inLanguage\":\"fr-FR\"},{\"@type\":\"Organization\",\"@id\":\"https:\/\/kapitalis.com\/tunisie\/#organization\",\"name\":\"Kapitalis\",\"url\":\"https:\/\/kapitalis.com\/tunisie\/\",\"logo\":{\"@type\":\"ImageObject\",\"inLanguage\":\"fr-FR\",\"@id\":\"https:\/\/kapitalis.com\/tunisie\/#\/schema\/logo\/image\/\",\"url\":\"https:\/\/kapitalis.com\/tunisie\/wp-content\/uploads\/2022\/05\/Kapitalis-big-size.png\",\"contentUrl\":\"https:\/\/kapitalis.com\/tunisie\/wp-content\/uploads\/2022\/05\/Kapitalis-big-size.png\",\"width\":5000,\"height\":1500,\"caption\":\"Kapitalis\"},\"image\":{\"@id\":\"https:\/\/kapitalis.com\/tunisie\/#\/schema\/logo\/image\/\"},\"sameAs\":[\"https:\/\/www.facebook.com\/KapitalisInfo\/\",\"https:\/\/x.com\/KapitalisInfo\",\"https:\/\/www.youtube.com\/channel\/UC-yDYrHyfFBWWZaOw3FPg9Q\"]},{\"@type\":\"Person\",\"@id\":\"https:\/\/kapitalis.com\/tunisie\/#\/schema\/person\/74bbde0154d49d790a92aaeac5bc01d5\",\"name\":\"Yusra NY\",\"url\":\"https:\/\/kapitalis.com\/tunisie\/author\/yuza_adam\/\"}]}<\/script>\n<!-- \/ Yoast SEO plugin. -->","yoast_head_json":{"title":"Accident meurtrier \u00e0 Riadh Andalous : L\u2019ado condamn\u00e9e \u00e0 6 mois de prison - Kapitalis","robots":{"index":"index","follow":"follow","max-snippet":"max-snippet:-1","max-image-preview":"max-image-preview:large","max-video-preview":"max-video-preview:-1"},"canonical":"https:\/\/kapitalis.com\/tunisie\/2018\/05\/02\/accident-meurtrier-a-riadh-andalous-lado-condamnee-a-6-mois-de-prison\/","og_locale":"fr_FR","og_type":"article","og_title":"Accident meurtrier \u00e0 Riadh Andalous : L\u2019ado condamn\u00e9e \u00e0 6 mois de prison - Kapitalis","og_description":"L\u2019adolescente qui conduisait la voiture ayant fauch\u00e9 un couple, le 28 ao\u00fbt 2017, \u00e0 Riadh Andalos (Ariana), tuant la dame sur le coup, a \u00e9t\u00e9 condamn\u00e9e en appel, aujourd&rsquo;hui, mercredi 2 mai 2018, \u00e0 6 mois de prison ferme.","og_url":"https:\/\/kapitalis.com\/tunisie\/2018\/05\/02\/accident-meurtrier-a-riadh-andalous-lado-condamnee-a-6-mois-de-prison\/","og_site_name":"Kapitalis","article_publisher":"https:\/\/www.facebook.com\/KapitalisInfo\/","article_published_time":"2018-05-02T15:41:43+00:00","og_image":[{"width":1200,"height":630,"url":"https:\/\/kapitalis.com\/tunisie\/wp-content\/uploads\/2022\/05\/kapitalis-logo-fb.png","type":"image\/png"}],"author":"Yusra NY","twitter_card":"summary_large_image","twitter_creator":"@KapitalisInfo","twitter_site":"@KapitalisInfo","twitter_misc":{"\u00c9crit par":"Yusra NY","Dur\u00e9e de lecture estim\u00e9e":"1 minute"},"schema":{"@context":"https:\/\/schema.org","@graph":[{"@type":"Article","@id":"https:\/\/kapitalis.com\/tunisie\/2018\/05\/02\/accident-meurtrier-a-riadh-andalous-lado-condamnee-a-6-mois-de-prison\/#article","isPartOf":{"@id":"https:\/\/kapitalis.com\/tunisie\/2018\/05\/02\/accident-meurtrier-a-riadh-andalous-lado-condamnee-a-6-mois-de-prison\/"},"author":{"name":"Yusra NY","@id":"https:\/\/kapitalis.com\/tunisie\/#\/schema\/person\/74bbde0154d49d790a92aaeac5bc01d5"},"headline":"Accident meurtrier \u00e0 Riadh Andalous : L\u2019ado condamn\u00e9e \u00e0 6 mois de prison","datePublished":"2018-05-02T15:41:43+00:00","mainEntityOfPage":{"@id":"https:\/\/kapitalis.com\/tunisie\/2018\/05\/02\/accident-meurtrier-a-riadh-andalous-lado-condamnee-a-6-mois-de-prison\/"},"wordCount":206,"commentCount":4,"publisher":{"@id":"https:\/\/kapitalis.com\/tunisie\/#organization"},"image":{"@id":"https:\/\/kapitalis.com\/tunisie\/2018\/05\/02\/accident-meurtrier-a-riadh-andalous-lado-condamnee-a-6-mois-de-prison\/#primaryimage"},"thumbnailUrl":"","keywords":["accident","Ariana","prison","Riadh Andalous"],"articleSection":["SOCIETE","Tunisie"],"inLanguage":"fr-FR","potentialAction":[{"@type":"CommentAction","name":"Comment","target":["https:\/\/kapitalis.com\/tunisie\/2018\/05\/02\/accident-meurtrier-a-riadh-andalous-lado-condamnee-a-6-mois-de-prison\/#respond"]}]},{"@type":"WebPage","@id":"https:\/\/kapitalis.com\/tunisie\/2018\/05\/02\/accident-meurtrier-a-riadh-andalous-lado-condamnee-a-6-mois-de-prison\/","url":"https:\/\/kapitalis.com\/tunisie\/2018\/05\/02\/accident-meurtrier-a-riadh-andalous-lado-condamnee-a-6-mois-de-prison\/","name":"Accident meurtrier \u00e0 Riadh Andalous : L\u2019ado condamn\u00e9e \u00e0 6 mois de prison - Kapitalis","isPartOf":{"@id":"https:\/\/kapitalis.com\/tunisie\/#website"},"primaryImageOfPage":{"@id":"https:\/\/kapitalis.com\/tunisie\/2018\/05\/02\/accident-meurtrier-a-riadh-andalous-lado-condamnee-a-6-mois-de-prison\/#primaryimage"},"image":{"@id":"https:\/\/kapitalis.com\/tunisie\/2018\/05\/02\/accident-meurtrier-a-riadh-andalous-lado-condamnee-a-6-mois-de-prison\/#primaryimage"},"thumbnailUrl":"","datePublished":"2018-05-02T15:41:43+00:00","breadcrumb":{"@id":"https:\/\/kapitalis.com\/tunisie\/2018\/05\/02\/accident-meurtrier-a-riadh-andalous-lado-condamnee-a-6-mois-de-prison\/#breadcrumb"},"inLanguage":"fr-FR","potentialAction":[{"@type":"ReadAction","target":["https:\/\/kapitalis.com\/tunisie\/2018\/05\/02\/accident-meurtrier-a-riadh-andalous-lado-condamnee-a-6-mois-de-prison\/"]}]},{"@type":"ImageObject","inLanguage":"fr-FR","@id":"https:\/\/kapitalis.com\/tunisie\/2018\/05\/02\/accident-meurtrier-a-riadh-andalous-lado-condamnee-a-6-mois-de-prison\/#primaryimage","url":"","contentUrl":""},{"@type":"BreadcrumbList","@id":"https:\/\/kapitalis.com\/tunisie\/2018\/05\/02\/accident-meurtrier-a-riadh-andalous-lado-condamnee-a-6-mois-de-prison\/#breadcrumb","itemListElement":[{"@type":"ListItem","position":1,"name":"Accueil","item":"https:\/\/kapitalis.com\/tunisie\/"},{"@type":"ListItem","position":2,"name":"Accident meurtrier \u00e0 Riadh Andalous : L\u2019ado condamn\u00e9e \u00e0 6 mois de prison"}]},{"@type":"WebSite","@id":"https:\/\/kapitalis.com\/tunisie\/#website","url":"https:\/\/kapitalis.com\/tunisie\/","name":"Kapitalis","description":"L&#039;actualit\u00e9 en Tunisie et dans le monde","publisher":{"@id":"https:\/\/kapitalis.com\/tunisie\/#organization"},"potentialAction":[{"@type":"SearchAction","target":{"@type":"EntryPoint","urlTemplate":"https:\/\/kapitalis.com\/tunisie\/?s={search_term_string}"},"query-input":{"@type":"PropertyValueSpecification","valueRequired":true,"valueName":"search_term_string"}}],"inLanguage":"fr-FR"},{"@type":"Organization","@id":"https:\/\/kapitalis.com\/tunisie\/#organization","name":"Kapitalis","url":"https:\/\/kapitalis.com\/tunisie\/","logo":{"@type":"ImageObject","inLanguage":"fr-FR","@id":"https:\/\/kapitalis.com\/tunisie\/#\/schema\/logo\/image\/","url":"https:\/\/kapitalis.com\/tunisie\/wp-content\/uploads\/2022\/05\/Kapitalis-big-size.png","contentUrl":"https:\/\/kapitalis.com\/tunisie\/wp-content\/uploads\/2022\/05\/Kapitalis-big-size.png","width":5000,"height":1500,"caption":"Kapitalis"},"image":{"@id":"https:\/\/kapitalis.com\/tunisie\/#\/schema\/logo\/image\/"},"sameAs":["https:\/\/www.facebook.com\/KapitalisInfo\/","https:\/\/x.com\/KapitalisInfo","https:\/\/www.youtube.com\/channel\/UC-yDYrHyfFBWWZaOw3FPg9Q"]},{"@type":"Person","@id":"https:\/\/kapitalis.com\/tunisie\/#\/schema\/person\/74bbde0154d49d790a92aaeac5bc01d5","name":"Yusra NY","url":"https:\/\/kapitalis.com\/tunisie\/author\/yuza_adam\/"}]}},"_links":{"self":[{"href":"https:\/\/kapitalis.com\/tunisie\/wp-json\/wp\/v2\/posts\/151993","targetHints":{"allow":["GET"]}}],"collection":[{"href":"https:\/\/kapitalis.com\/tunisie\/wp-json\/wp\/v2\/posts"}],"about":[{"href":"https:\/\/kapitalis.com\/tunisie\/wp-json\/wp\/v2\/types\/post"}],"author":[{"embeddable":true,"href":"https:\/\/kapitalis.com\/tunisie\/wp-json\/wp\/v2\/users\/6"}],"replies":[{"embeddable":true,"href":"https:\/\/kapitalis.com\/tunisie\/wp-json\/wp\/v2\/comments?post=151993"}],"version-history":[{"count":0,"href":"https:\/\/kapitalis.com\/tunisie\/wp-json\/wp\/v2\/posts\/151993\/revisions"}],"wp:featuredmedia":[{"embeddable":true,"href":"https:\/\/kapitalis.com\/tunisie\/wp-json\/wp\/v2\/media\/152006"}],"wp:attachment":[{"href":"https:\/\/kapitalis.com\/tunisie\/wp-json\/wp\/v2\/media?parent=151993"}],"wp:term":[{"taxonomy":"category","embeddable":true,"href":"https:\/\/kapitalis.com\/tunisie\/wp-json\/wp\/v2\/categories?post=151993"},{"taxonomy":"post_tag","embeddable":true,"href":"https:\/\/kapitalis.com\/tunisie\/wp-json\/wp\/v2\/tags?post=151993"}],"curies":[{"name":"wp","href":"https:\/\/api.w.org\/{rel}","templated":true}]}}