{"id":15208671,"date":"2025-01-17T11:28:51","date_gmt":"2025-01-17T10:28:51","guid":{"rendered":"https:\/\/kapitalis.com\/tunisie\/?p=15208671"},"modified":"2025-01-17T11:28:52","modified_gmt":"2025-01-17T10:28:52","slug":"kais-saied-assimile-la-sous-traitance-a-de-lesclavage-moderne","status":"publish","type":"post","link":"https:\/\/kapitalis.com\/tunisie\/2025\/01\/17\/kais-saied-assimile-la-sous-traitance-a-de-lesclavage-moderne\/","title":{"rendered":"Ka\u00efs Sa\u00efed assimile la sous-traitance \u00e0 de l&rsquo;esclavage moderne"},"content":{"rendered":"\n<p><strong><em>&nbsp;\u00abLa Tunisie a \u00e9t\u00e9 parmi les premiers pays \u00e0 abolir l\u2019esclavage et la responsabilit\u00e9 historique impose de rompre d\u00e9finitivement avec toute forme d\u2019esclavage d\u00e9guis\u00e9 sous des appellations qui doivent dispara\u00eetre totalement de nos l\u00e9gislations nationales\u00bb.<\/em><\/strong><\/p>\n\n\n\n<!--more-->\n\n\n\n<p>C\u2019est ce qu\u2019a d\u00e9clar\u00e9 Kais Sa\u00efed, lors de la r\u00e9union du conseil des ministres, jeudi 16 janvier 2025, au Palais de Carthage, faisant allusion \u00e0 la sous-traitance, une forme d\u2019emploi pr\u00e9caire toujours en vigueur dans les secteurs aussi bien priv\u00e9 que public, et qu&rsquo;il cherche \u00e0 supprimer.<\/p>\n\n\n\n<p>A cette occasion, le pr\u00e9sident de la r\u00e9publique a abord\u00e9 le projet de r\u00e9vision du code du travail ainsi que le projet de d\u00e9cret relatif \u00e0 la sous-traitance, soulignant la n\u00e9cessit\u00e9 d\u2019adapter toutes les l\u00e9gislations \u00e0 l\u2019esprit et aux objectifs de la Constitution, lit-on dans un communiqu\u00e9 de la pr\u00e9sidence de la r\u00e9publique.<em> \u00abIl ne sert \u00e0 rien d\u2019\u00e9laborer des l\u00e9gislations bas\u00e9es sur des approches traditionnelles ou sur des demi-mesures. Une solution doit \u00eatre radicale\u00bb<\/em>, a insist\u00e9 le chef d\u2019Etat, qui n\u2019a de cesse de souligner le r\u00f4le social de l\u2019Etat et d\u2019appeler \u00e0 une distribution plus \u00e9quitable des ressources publiques, gage de justice et de stabilit\u00e9 sociales.<\/p>\n\n\n\n<p>Rappelons \u00e0 ce propos qu&rsquo;il n&rsquo;existe en Tunisie aucune d\u00e9finition juridique des emplois de sous-traitance, mais l&rsquo;Etat a historiquement accept\u00e9 de recourir \u00e0 des emplois et des contrats pr\u00e9caires comme notamment ceux des <em>\u00abouvriers de chantiers\u00bb<\/em> et de ce qu&rsquo;on appelle les <em>\u00abcontrats de la dignit\u00e9\u00bb<\/em> ou encore la sous-traitance, qui permettent de r\u00e9duire artificiellement les chiffres du ch\u00f4mage dans le pays.<\/p>\n\n\n\n<p>Sa\u00efed a, en outre, exhort\u00e9 les membres du gouvernement \u00e0 redoubler d\u2019efforts, \u00e0 travailler avec d\u00e9vouement et de mani\u00e8re harmonieuse, d\u2019\u00eatre \u00e0 l\u2019\u00e9coute des attentes du peuple et \u00e0 \u0153uvrer \u00e0 les satisfaire en inventant des solutions et en anticipant l\u2019avenir avec une vision nouvelle et un esprit militant qui place l\u2019int\u00e9r\u00eat sup\u00e9rieur de la nation au-dessus de toute autre consid\u00e9ration, lit-on dans le m\u00eame communiqu\u00e9.<\/p>\n\n\n\n<p>Dans ce contexte, le pr\u00e9sident a rappel\u00e9 que \u00ab<em>la responsabilit\u00e9 requiert la confiance\u00bb,<\/em> que<em> \u00abr\u00e9pondre aux revendications de notre peuple est un devoir\u00bb, <\/em>et que<em> \u00abpr\u00e9server l\u2019ind\u00e9pendance de notre d\u00e9cision nationale est l\u2019un des devoirs les plus nobles et des responsabilit\u00e9s les plus lourdes\u00bb.<\/em><\/p>\n\n\n\n<p>Ilreprend ainsi deux th\u00e9matiques ch\u00e8res \u00e0 son c\u0153ur&nbsp;: l\u2019autonomie de la d\u00e9cision nationale et le compter sur soi, deux engagements difficile \u00e0 tenir, \u00e9tant donn\u00e9 les difficult\u00e9s financi\u00e8res de la Tunisie et sa forte d\u00e9pendance des aides ext\u00e9rieures, et notamment de ses deux principaux partenaires&nbsp;: l\u2019Union europ\u00e9enne et les Etats-Unis.<\/p>\n\n\n\n<p class=\"has-text-align-right\"><strong>I. B.<\/strong><\/p>\n","protected":false},"excerpt":{"rendered":"<p>La Tunisie  doit rompre d\u00e9finitivement avec toute forme d\u2019esclavage d\u00e9guis\u00e9, d\u00e9clare Sa\u00efed, par allusion \u00e0 la sous-traitance. <\/p>\n","protected":false},"author":8,"featured_media":15208694,"comment_status":"open","ping_status":"open","sticky":false,"template":"","format":"standard","meta":{"footnotes":""},"categories":[997,2433],"tags":[1868,120167,4633,75918,78464,119824,107650,62643,937],"class_list":["post-15208671","post","type-post","status-publish","format-standard","has-post-thumbnail","hentry","category-politique","category-tunisie","tag-chomage","tag-contrats-de-la-dignite","tag-esclavage","tag-etats-unis-2","tag-kais-saied-4","tag-ouvriers-de-chantiers","tag-sous-traitance","tag-tunisie","tag-union-europeenne"],"yoast_head":"<!-- This site is optimized with the Yoast SEO plugin v26.6 - https:\/\/yoast.com\/wordpress\/plugins\/seo\/ -->\n<title>Ka\u00efs Sa\u00efed assimile la sous-traitance \u00e0 de l&#039;esclavage moderne - Kapitalis<\/title>\n<meta name=\"robots\" content=\"index, follow, max-snippet:-1, max-image-preview:large, max-video-preview:-1\" \/>\n<link rel=\"canonical\" href=\"https:\/\/kapitalis.com\/tunisie\/2025\/01\/17\/kais-saied-assimile-la-sous-traitance-a-de-lesclavage-moderne\/\" \/>\n<meta property=\"og:locale\" content=\"fr_FR\" \/>\n<meta property=\"og:type\" content=\"article\" \/>\n<meta property=\"og:title\" content=\"Ka\u00efs Sa\u00efed assimile la sous-traitance \u00e0 de l&#039;esclavage moderne - Kapitalis\" \/>\n<meta property=\"og:description\" content=\"La Tunisie doit rompre d\u00e9finitivement avec toute forme d\u2019esclavage d\u00e9guis\u00e9, d\u00e9clare Sa\u00efed, par allusion \u00e0 la sous-traitance.\" \/>\n<meta property=\"og:url\" content=\"https:\/\/kapitalis.com\/tunisie\/2025\/01\/17\/kais-saied-assimile-la-sous-traitance-a-de-lesclavage-moderne\/\" \/>\n<meta property=\"og:site_name\" content=\"Kapitalis\" \/>\n<meta property=\"article:publisher\" content=\"https:\/\/www.facebook.com\/KapitalisInfo\/\" \/>\n<meta property=\"article:published_time\" content=\"2025-01-17T10:28:51+00:00\" \/>\n<meta property=\"article:modified_time\" content=\"2025-01-17T10:28:52+00:00\" \/>\n<meta property=\"og:image\" content=\"https:\/\/kapitalis.com\/tunisie\/wp-content\/uploads\/2025\/01\/Kais-Saied-Conseil-des-ministres.jpg\" \/>\n\t<meta property=\"og:image:width\" content=\"1200\" \/>\n\t<meta property=\"og:image:height\" content=\"630\" \/>\n\t<meta property=\"og:image:type\" content=\"image\/jpeg\" \/>\n<meta name=\"author\" content=\"webmaster kapitalis\" \/>\n<meta name=\"twitter:card\" content=\"summary_large_image\" \/>\n<meta name=\"twitter:creator\" content=\"@KapitalisInfo\" \/>\n<meta name=\"twitter:site\" content=\"@KapitalisInfo\" \/>\n<meta name=\"twitter:label1\" content=\"\u00c9crit par\" \/>\n\t<meta name=\"twitter:data1\" content=\"webmaster kapitalis\" \/>\n\t<meta name=\"twitter:label2\" content=\"Dur\u00e9e de lecture estim\u00e9e\" \/>\n\t<meta name=\"twitter:data2\" content=\"3 minutes\" \/>\n<script type=\"application\/ld+json\" class=\"yoast-schema-graph\">{\"@context\":\"https:\/\/schema.org\",\"@graph\":[{\"@type\":\"Article\",\"@id\":\"https:\/\/kapitalis.com\/tunisie\/2025\/01\/17\/kais-saied-assimile-la-sous-traitance-a-de-lesclavage-moderne\/#article\",\"isPartOf\":{\"@id\":\"https:\/\/kapitalis.com\/tunisie\/2025\/01\/17\/kais-saied-assimile-la-sous-traitance-a-de-lesclavage-moderne\/\"},\"author\":{\"name\":\"webmaster kapitalis\",\"@id\":\"https:\/\/kapitalis.com\/tunisie\/#\/schema\/person\/d71f33a9ca44f7bad4698210b480c8e9\"},\"headline\":\"Ka\u00efs Sa\u00efed assimile la sous-traitance \u00e0 de l&rsquo;esclavage moderne\",\"datePublished\":\"2025-01-17T10:28:51+00:00\",\"dateModified\":\"2025-01-17T10:28:52+00:00\",\"mainEntityOfPage\":{\"@id\":\"https:\/\/kapitalis.com\/tunisie\/2025\/01\/17\/kais-saied-assimile-la-sous-traitance-a-de-lesclavage-moderne\/\"},\"wordCount\":476,\"commentCount\":1,\"publisher\":{\"@id\":\"https:\/\/kapitalis.com\/tunisie\/#organization\"},\"image\":{\"@id\":\"https:\/\/kapitalis.com\/tunisie\/2025\/01\/17\/kais-saied-assimile-la-sous-traitance-a-de-lesclavage-moderne\/#primaryimage\"},\"thumbnailUrl\":\"https:\/\/kapitalis.com\/tunisie\/wp-content\/uploads\/2025\/01\/Kais-Saied-Conseil-des-ministres.jpg\",\"keywords\":[\"ch\u00f4mage\",\"contrats de la dignit\u00e9\",\"Esclavage\",\"Etats-Unis\",\"kais sa\u00efed\",\"ouvriers de chantiers\",\"sous-traitance\",\"Tunisie\",\"Union europ\u00e9enne\"],\"articleSection\":[\"POLITIQUE\",\"Tunisie\"],\"inLanguage\":\"fr-FR\",\"potentialAction\":[{\"@type\":\"CommentAction\",\"name\":\"Comment\",\"target\":[\"https:\/\/kapitalis.com\/tunisie\/2025\/01\/17\/kais-saied-assimile-la-sous-traitance-a-de-lesclavage-moderne\/#respond\"]}]},{\"@type\":\"WebPage\",\"@id\":\"https:\/\/kapitalis.com\/tunisie\/2025\/01\/17\/kais-saied-assimile-la-sous-traitance-a-de-lesclavage-moderne\/\",\"url\":\"https:\/\/kapitalis.com\/tunisie\/2025\/01\/17\/kais-saied-assimile-la-sous-traitance-a-de-lesclavage-moderne\/\",\"name\":\"Ka\u00efs Sa\u00efed assimile la sous-traitance \u00e0 de l'esclavage moderne - Kapitalis\",\"isPartOf\":{\"@id\":\"https:\/\/kapitalis.com\/tunisie\/#website\"},\"primaryImageOfPage\":{\"@id\":\"https:\/\/kapitalis.com\/tunisie\/2025\/01\/17\/kais-saied-assimile-la-sous-traitance-a-de-lesclavage-moderne\/#primaryimage\"},\"image\":{\"@id\":\"https:\/\/kapitalis.com\/tunisie\/2025\/01\/17\/kais-saied-assimile-la-sous-traitance-a-de-lesclavage-moderne\/#primaryimage\"},\"thumbnailUrl\":\"https:\/\/kapitalis.com\/tunisie\/wp-content\/uploads\/2025\/01\/Kais-Saied-Conseil-des-ministres.jpg\",\"datePublished\":\"2025-01-17T10:28:51+00:00\",\"dateModified\":\"2025-01-17T10:28:52+00:00\",\"breadcrumb\":{\"@id\":\"https:\/\/kapitalis.com\/tunisie\/2025\/01\/17\/kais-saied-assimile-la-sous-traitance-a-de-lesclavage-moderne\/#breadcrumb\"},\"inLanguage\":\"fr-FR\",\"potentialAction\":[{\"@type\":\"ReadAction\",\"target\":[\"https:\/\/kapitalis.com\/tunisie\/2025\/01\/17\/kais-saied-assimile-la-sous-traitance-a-de-lesclavage-moderne\/\"]}]},{\"@type\":\"ImageObject\",\"inLanguage\":\"fr-FR\",\"@id\":\"https:\/\/kapitalis.com\/tunisie\/2025\/01\/17\/kais-saied-assimile-la-sous-traitance-a-de-lesclavage-moderne\/#primaryimage\",\"url\":\"https:\/\/kapitalis.com\/tunisie\/wp-content\/uploads\/2025\/01\/Kais-Saied-Conseil-des-ministres.jpg\",\"contentUrl\":\"https:\/\/kapitalis.com\/tunisie\/wp-content\/uploads\/2025\/01\/Kais-Saied-Conseil-des-ministres.jpg\",\"width\":1200,\"height\":630},{\"@type\":\"BreadcrumbList\",\"@id\":\"https:\/\/kapitalis.com\/tunisie\/2025\/01\/17\/kais-saied-assimile-la-sous-traitance-a-de-lesclavage-moderne\/#breadcrumb\",\"itemListElement\":[{\"@type\":\"ListItem\",\"position\":1,\"name\":\"Accueil\",\"item\":\"https:\/\/kapitalis.com\/tunisie\/\"},{\"@type\":\"ListItem\",\"position\":2,\"name\":\"Ka\u00efs Sa\u00efed assimile la sous-traitance \u00e0 de l&rsquo;esclavage moderne\"}]},{\"@type\":\"WebSite\",\"@id\":\"https:\/\/kapitalis.com\/tunisie\/#website\",\"url\":\"https:\/\/kapitalis.com\/tunisie\/\",\"name\":\"Kapitalis\",\"description\":\"L&#039;actualit\u00e9 en Tunisie et dans le monde\",\"publisher\":{\"@id\":\"https:\/\/kapitalis.com\/tunisie\/#organization\"},\"potentialAction\":[{\"@type\":\"SearchAction\",\"target\":{\"@type\":\"EntryPoint\",\"urlTemplate\":\"https:\/\/kapitalis.com\/tunisie\/?s={search_term_string}\"},\"query-input\":{\"@type\":\"PropertyValueSpecification\",\"valueRequired\":true,\"valueName\":\"search_term_string\"}}],\"inLanguage\":\"fr-FR\"},{\"@type\":\"Organization\",\"@id\":\"https:\/\/kapitalis.com\/tunisie\/#organization\",\"name\":\"Kapitalis\",\"url\":\"https:\/\/kapitalis.com\/tunisie\/\",\"logo\":{\"@type\":\"ImageObject\",\"inLanguage\":\"fr-FR\",\"@id\":\"https:\/\/kapitalis.com\/tunisie\/#\/schema\/logo\/image\/\",\"url\":\"https:\/\/kapitalis.com\/tunisie\/wp-content\/uploads\/2022\/05\/Kapitalis-big-size.png\",\"contentUrl\":\"https:\/\/kapitalis.com\/tunisie\/wp-content\/uploads\/2022\/05\/Kapitalis-big-size.png\",\"width\":5000,\"height\":1500,\"caption\":\"Kapitalis\"},\"image\":{\"@id\":\"https:\/\/kapitalis.com\/tunisie\/#\/schema\/logo\/image\/\"},\"sameAs\":[\"https:\/\/www.facebook.com\/KapitalisInfo\/\",\"https:\/\/x.com\/KapitalisInfo\",\"https:\/\/www.youtube.com\/channel\/UC-yDYrHyfFBWWZaOw3FPg9Q\"]},{\"@type\":\"Person\",\"@id\":\"https:\/\/kapitalis.com\/tunisie\/#\/schema\/person\/d71f33a9ca44f7bad4698210b480c8e9\",\"name\":\"webmaster kapitalis\",\"url\":\"https:\/\/kapitalis.com\/tunisie\/author\/webmaster-kapitalis\/\"}]}<\/script>\n<!-- \/ Yoast SEO plugin. -->","yoast_head_json":{"title":"Ka\u00efs Sa\u00efed assimile la sous-traitance \u00e0 de l'esclavage moderne - Kapitalis","robots":{"index":"index","follow":"follow","max-snippet":"max-snippet:-1","max-image-preview":"max-image-preview:large","max-video-preview":"max-video-preview:-1"},"canonical":"https:\/\/kapitalis.com\/tunisie\/2025\/01\/17\/kais-saied-assimile-la-sous-traitance-a-de-lesclavage-moderne\/","og_locale":"fr_FR","og_type":"article","og_title":"Ka\u00efs Sa\u00efed assimile la sous-traitance \u00e0 de l'esclavage moderne - Kapitalis","og_description":"La Tunisie doit rompre d\u00e9finitivement avec toute forme d\u2019esclavage d\u00e9guis\u00e9, d\u00e9clare Sa\u00efed, par allusion \u00e0 la sous-traitance.","og_url":"https:\/\/kapitalis.com\/tunisie\/2025\/01\/17\/kais-saied-assimile-la-sous-traitance-a-de-lesclavage-moderne\/","og_site_name":"Kapitalis","article_publisher":"https:\/\/www.facebook.com\/KapitalisInfo\/","article_published_time":"2025-01-17T10:28:51+00:00","article_modified_time":"2025-01-17T10:28:52+00:00","og_image":[{"width":1200,"height":630,"url":"https:\/\/kapitalis.com\/tunisie\/wp-content\/uploads\/2025\/01\/Kais-Saied-Conseil-des-ministres.jpg","type":"image\/jpeg"}],"author":"webmaster kapitalis","twitter_card":"summary_large_image","twitter_creator":"@KapitalisInfo","twitter_site":"@KapitalisInfo","twitter_misc":{"\u00c9crit par":"webmaster kapitalis","Dur\u00e9e de lecture estim\u00e9e":"3 minutes"},"schema":{"@context":"https:\/\/schema.org","@graph":[{"@type":"Article","@id":"https:\/\/kapitalis.com\/tunisie\/2025\/01\/17\/kais-saied-assimile-la-sous-traitance-a-de-lesclavage-moderne\/#article","isPartOf":{"@id":"https:\/\/kapitalis.com\/tunisie\/2025\/01\/17\/kais-saied-assimile-la-sous-traitance-a-de-lesclavage-moderne\/"},"author":{"name":"webmaster kapitalis","@id":"https:\/\/kapitalis.com\/tunisie\/#\/schema\/person\/d71f33a9ca44f7bad4698210b480c8e9"},"headline":"Ka\u00efs Sa\u00efed assimile la sous-traitance \u00e0 de l&rsquo;esclavage moderne","datePublished":"2025-01-17T10:28:51+00:00","dateModified":"2025-01-17T10:28:52+00:00","mainEntityOfPage":{"@id":"https:\/\/kapitalis.com\/tunisie\/2025\/01\/17\/kais-saied-assimile-la-sous-traitance-a-de-lesclavage-moderne\/"},"wordCount":476,"commentCount":1,"publisher":{"@id":"https:\/\/kapitalis.com\/tunisie\/#organization"},"image":{"@id":"https:\/\/kapitalis.com\/tunisie\/2025\/01\/17\/kais-saied-assimile-la-sous-traitance-a-de-lesclavage-moderne\/#primaryimage"},"thumbnailUrl":"https:\/\/kapitalis.com\/tunisie\/wp-content\/uploads\/2025\/01\/Kais-Saied-Conseil-des-ministres.jpg","keywords":["ch\u00f4mage","contrats de la dignit\u00e9","Esclavage","Etats-Unis","kais sa\u00efed","ouvriers de chantiers","sous-traitance","Tunisie","Union europ\u00e9enne"],"articleSection":["POLITIQUE","Tunisie"],"inLanguage":"fr-FR","potentialAction":[{"@type":"CommentAction","name":"Comment","target":["https:\/\/kapitalis.com\/tunisie\/2025\/01\/17\/kais-saied-assimile-la-sous-traitance-a-de-lesclavage-moderne\/#respond"]}]},{"@type":"WebPage","@id":"https:\/\/kapitalis.com\/tunisie\/2025\/01\/17\/kais-saied-assimile-la-sous-traitance-a-de-lesclavage-moderne\/","url":"https:\/\/kapitalis.com\/tunisie\/2025\/01\/17\/kais-saied-assimile-la-sous-traitance-a-de-lesclavage-moderne\/","name":"Ka\u00efs Sa\u00efed assimile la sous-traitance \u00e0 de l'esclavage moderne - Kapitalis","isPartOf":{"@id":"https:\/\/kapitalis.com\/tunisie\/#website"},"primaryImageOfPage":{"@id":"https:\/\/kapitalis.com\/tunisie\/2025\/01\/17\/kais-saied-assimile-la-sous-traitance-a-de-lesclavage-moderne\/#primaryimage"},"image":{"@id":"https:\/\/kapitalis.com\/tunisie\/2025\/01\/17\/kais-saied-assimile-la-sous-traitance-a-de-lesclavage-moderne\/#primaryimage"},"thumbnailUrl":"https:\/\/kapitalis.com\/tunisie\/wp-content\/uploads\/2025\/01\/Kais-Saied-Conseil-des-ministres.jpg","datePublished":"2025-01-17T10:28:51+00:00","dateModified":"2025-01-17T10:28:52+00:00","breadcrumb":{"@id":"https:\/\/kapitalis.com\/tunisie\/2025\/01\/17\/kais-saied-assimile-la-sous-traitance-a-de-lesclavage-moderne\/#breadcrumb"},"inLanguage":"fr-FR","potentialAction":[{"@type":"ReadAction","target":["https:\/\/kapitalis.com\/tunisie\/2025\/01\/17\/kais-saied-assimile-la-sous-traitance-a-de-lesclavage-moderne\/"]}]},{"@type":"ImageObject","inLanguage":"fr-FR","@id":"https:\/\/kapitalis.com\/tunisie\/2025\/01\/17\/kais-saied-assimile-la-sous-traitance-a-de-lesclavage-moderne\/#primaryimage","url":"https:\/\/kapitalis.com\/tunisie\/wp-content\/uploads\/2025\/01\/Kais-Saied-Conseil-des-ministres.jpg","contentUrl":"https:\/\/kapitalis.com\/tunisie\/wp-content\/uploads\/2025\/01\/Kais-Saied-Conseil-des-ministres.jpg","width":1200,"height":630},{"@type":"BreadcrumbList","@id":"https:\/\/kapitalis.com\/tunisie\/2025\/01\/17\/kais-saied-assimile-la-sous-traitance-a-de-lesclavage-moderne\/#breadcrumb","itemListElement":[{"@type":"ListItem","position":1,"name":"Accueil","item":"https:\/\/kapitalis.com\/tunisie\/"},{"@type":"ListItem","position":2,"name":"Ka\u00efs Sa\u00efed assimile la sous-traitance \u00e0 de l&rsquo;esclavage moderne"}]},{"@type":"WebSite","@id":"https:\/\/kapitalis.com\/tunisie\/#website","url":"https:\/\/kapitalis.com\/tunisie\/","name":"Kapitalis","description":"L&#039;actualit\u00e9 en Tunisie et dans le monde","publisher":{"@id":"https:\/\/kapitalis.com\/tunisie\/#organization"},"potentialAction":[{"@type":"SearchAction","target":{"@type":"EntryPoint","urlTemplate":"https:\/\/kapitalis.com\/tunisie\/?s={search_term_string}"},"query-input":{"@type":"PropertyValueSpecification","valueRequired":true,"valueName":"search_term_string"}}],"inLanguage":"fr-FR"},{"@type":"Organization","@id":"https:\/\/kapitalis.com\/tunisie\/#organization","name":"Kapitalis","url":"https:\/\/kapitalis.com\/tunisie\/","logo":{"@type":"ImageObject","inLanguage":"fr-FR","@id":"https:\/\/kapitalis.com\/tunisie\/#\/schema\/logo\/image\/","url":"https:\/\/kapitalis.com\/tunisie\/wp-content\/uploads\/2022\/05\/Kapitalis-big-size.png","contentUrl":"https:\/\/kapitalis.com\/tunisie\/wp-content\/uploads\/2022\/05\/Kapitalis-big-size.png","width":5000,"height":1500,"caption":"Kapitalis"},"image":{"@id":"https:\/\/kapitalis.com\/tunisie\/#\/schema\/logo\/image\/"},"sameAs":["https:\/\/www.facebook.com\/KapitalisInfo\/","https:\/\/x.com\/KapitalisInfo","https:\/\/www.youtube.com\/channel\/UC-yDYrHyfFBWWZaOw3FPg9Q"]},{"@type":"Person","@id":"https:\/\/kapitalis.com\/tunisie\/#\/schema\/person\/d71f33a9ca44f7bad4698210b480c8e9","name":"webmaster kapitalis","url":"https:\/\/kapitalis.com\/tunisie\/author\/webmaster-kapitalis\/"}]}},"_links":{"self":[{"href":"https:\/\/kapitalis.com\/tunisie\/wp-json\/wp\/v2\/posts\/15208671","targetHints":{"allow":["GET"]}}],"collection":[{"href":"https:\/\/kapitalis.com\/tunisie\/wp-json\/wp\/v2\/posts"}],"about":[{"href":"https:\/\/kapitalis.com\/tunisie\/wp-json\/wp\/v2\/types\/post"}],"author":[{"embeddable":true,"href":"https:\/\/kapitalis.com\/tunisie\/wp-json\/wp\/v2\/users\/8"}],"replies":[{"embeddable":true,"href":"https:\/\/kapitalis.com\/tunisie\/wp-json\/wp\/v2\/comments?post=15208671"}],"version-history":[{"count":1,"href":"https:\/\/kapitalis.com\/tunisie\/wp-json\/wp\/v2\/posts\/15208671\/revisions"}],"predecessor-version":[{"id":15208732,"href":"https:\/\/kapitalis.com\/tunisie\/wp-json\/wp\/v2\/posts\/15208671\/revisions\/15208732"}],"wp:featuredmedia":[{"embeddable":true,"href":"https:\/\/kapitalis.com\/tunisie\/wp-json\/wp\/v2\/media\/15208694"}],"wp:attachment":[{"href":"https:\/\/kapitalis.com\/tunisie\/wp-json\/wp\/v2\/media?parent=15208671"}],"wp:term":[{"taxonomy":"category","embeddable":true,"href":"https:\/\/kapitalis.com\/tunisie\/wp-json\/wp\/v2\/categories?post=15208671"},{"taxonomy":"post_tag","embeddable":true,"href":"https:\/\/kapitalis.com\/tunisie\/wp-json\/wp\/v2\/tags?post=15208671"}],"curies":[{"name":"wp","href":"https:\/\/api.w.org\/{rel}","templated":true}]}}