{"id":15209269,"date":"2025-01-17T13:15:16","date_gmt":"2025-01-17T12:15:16","guid":{"rendered":"https:\/\/kapitalis.com\/tunisie\/?p=15209269"},"modified":"2025-01-17T13:15:17","modified_gmt":"2025-01-17T12:15:17","slug":"la-tunisie-est-actuellement-a-labri-de-linvasion-des-criquets","status":"publish","type":"post","link":"https:\/\/kapitalis.com\/tunisie\/2025\/01\/17\/la-tunisie-est-actuellement-a-labri-de-linvasion-des-criquets\/","title":{"rendered":"La Tunisie est actuellement \u00e0 l\u2019abri de l\u2019invasion des criquets"},"content":{"rendered":"\n<p><strong><em>\u00abLa Tunisie est actuellement \u00e0 l\u2019abri de l\u2019invasion des criquets p\u00e8lerins et migrateurs\u00bb, a assur\u00e9 dans une d\u00e9claration \u00e0 l\u2019agence Tap, Mouna Mhafdhi, de la directrice g\u00e9n\u00e9rale de la Sant\u00e9 v\u00e9g\u00e9tale et du Contr\u00f4le des intrants agricoles, au minist\u00e8re de l\u2019Agriculture.<\/em><\/strong><\/p>\n\n\n\n<!--more-->\n\n\n\n<p>Interrog\u00e9e sur l\u2019\u00e9ventuelle menace que repr\u00e9sente ces insectes ravageurs ayant fait leur apparition en octobre 2024, dans certaines r\u00e9gions du sud du Libye, la responsable a pr\u00e9cis\u00e9 que les autorit\u00e9s libyennes ont r\u00e9ussi \u00e0 les \u00e9radiquer. Et de relever qu\u2019ils appartiennent \u00e0 l\u2019esp\u00e8ce des criquets migrateurs africains et non p\u00e8lerins, et ne repr\u00e9sentent, par cons\u00e9quent, aucune menace pour la Tunisie.<\/p>\n\n\n\n<p>Tout en assurant que les services de son d\u00e9partement suivent p\u00e9riodiquement le d\u00e9placement des criquets, la responsable a expliqu\u00e9 que les criquets p\u00e8lerins ne se reproduisent pas naturellement dans notre pays. <em>\u00abIls peuvent envahir des pays comme la Tunisie, seulement en l\u2019absence de mesures de lutte dans leur habitat naturel qui est le Sahel africain, mais cela reste exclu vu les conditions climatiques et \u00e9cologiques d\u00e9favorables\u00bb<\/em>, a expliqu\u00e9 Mhafdhi. Et de rappeler qu\u2019en cas de danger d\u2019invasion, les campagnes de lutte contre les criquets p\u00e8lerins sont soumises aux textes de loi en vigueur, notamment le d\u00e9cret gouvernemental n\u00b0845 de 2018 fixant l\u2019organisation et les modalit\u00e9s de fonctionnement de la compagne de lutte antiacridienne et de l\u2019arr\u00eat\u00e9 du ministre de l\u2019Agriculture, des Ressources hydrauliques et de la P\u00eache du 16 octobre 2019, portant fixation et approbation du plan national d\u2019urgence antiacridien.<\/p>\n\n\n\n<p>Habituellement pr\u00e9sents dans les d\u00e9serts semi-arides et arides d\u2019Afrique de l\u2019Est, du Proche-Orient et d\u2019Asie du Sud-Ouest, les criquets p\u00e8lerins sont voraces. Ils peuvent former de grands essaims et font peser une lourde menace sur la s\u00e9curit\u00e9 alimentaire et les moyens de subsistance locaux, selon l\u2019Organisation des Nations unies pour l\u2019alimentation et l\u2019agriculture (FAO).<\/p>\n\n\n\n<p><strong><em>D&rsquo;apr\u00e8s Tap. <\/em><\/strong><\/p>\n","protected":false},"excerpt":{"rendered":"<p>La Tunisie est actuellement \u00e0 l\u2019abri de l\u2019invasion des criquets p\u00e8lerins et migrateurs r\u00e9cemment apparus au sud de la Libye. <\/p>\n","protected":false},"author":8,"featured_media":15209285,"comment_status":"open","ping_status":"open","sticky":false,"template":"","format":"standard","meta":{"footnotes":""},"categories":[995,2433],"tags":[120171,120172,544,120173,110978,62643],"class_list":["post-15209269","post","type-post","status-publish","format-standard","has-post-thumbnail","hentry","category-economie","category-tunisie","tag-criquets-migrateurs","tag-criquets-pelerins","tag-libye","tag-mouna-mhafdhi","tag-sahel-africain","tag-tunisie"],"yoast_head":"<!-- This site is optimized with the Yoast SEO plugin v26.6 - https:\/\/yoast.com\/wordpress\/plugins\/seo\/ -->\n<title>La Tunisie est actuellement \u00e0 l\u2019abri de l\u2019invasion des criquets - Kapitalis<\/title>\n<meta name=\"robots\" content=\"index, follow, max-snippet:-1, max-image-preview:large, max-video-preview:-1\" \/>\n<link rel=\"canonical\" href=\"https:\/\/kapitalis.com\/tunisie\/2025\/01\/17\/la-tunisie-est-actuellement-a-labri-de-linvasion-des-criquets\/\" \/>\n<meta property=\"og:locale\" content=\"fr_FR\" \/>\n<meta property=\"og:type\" content=\"article\" \/>\n<meta property=\"og:title\" content=\"La Tunisie est actuellement \u00e0 l\u2019abri de l\u2019invasion des criquets - Kapitalis\" \/>\n<meta property=\"og:description\" content=\"La Tunisie est actuellement \u00e0 l\u2019abri de l\u2019invasion des criquets p\u00e8lerins et migrateurs r\u00e9cemment apparus au sud de la Libye.\" \/>\n<meta property=\"og:url\" content=\"https:\/\/kapitalis.com\/tunisie\/2025\/01\/17\/la-tunisie-est-actuellement-a-labri-de-linvasion-des-criquets\/\" \/>\n<meta property=\"og:site_name\" content=\"Kapitalis\" \/>\n<meta property=\"article:publisher\" content=\"https:\/\/www.facebook.com\/KapitalisInfo\/\" \/>\n<meta property=\"article:published_time\" content=\"2025-01-17T12:15:16+00:00\" \/>\n<meta property=\"article:modified_time\" content=\"2025-01-17T12:15:17+00:00\" \/>\n<meta property=\"og:image\" content=\"https:\/\/kapitalis.com\/tunisie\/wp-content\/uploads\/2025\/01\/Criquet.jpg\" \/>\n\t<meta property=\"og:image:width\" content=\"1200\" \/>\n\t<meta property=\"og:image:height\" content=\"630\" \/>\n\t<meta property=\"og:image:type\" content=\"image\/jpeg\" \/>\n<meta name=\"author\" content=\"webmaster kapitalis\" \/>\n<meta name=\"twitter:card\" content=\"summary_large_image\" \/>\n<meta name=\"twitter:creator\" content=\"@KapitalisInfo\" \/>\n<meta name=\"twitter:site\" content=\"@KapitalisInfo\" \/>\n<meta name=\"twitter:label1\" content=\"\u00c9crit par\" \/>\n\t<meta name=\"twitter:data1\" content=\"webmaster kapitalis\" \/>\n\t<meta name=\"twitter:label2\" content=\"Dur\u00e9e de lecture estim\u00e9e\" \/>\n\t<meta name=\"twitter:data2\" content=\"2 minutes\" \/>\n<script type=\"application\/ld+json\" class=\"yoast-schema-graph\">{\"@context\":\"https:\/\/schema.org\",\"@graph\":[{\"@type\":\"Article\",\"@id\":\"https:\/\/kapitalis.com\/tunisie\/2025\/01\/17\/la-tunisie-est-actuellement-a-labri-de-linvasion-des-criquets\/#article\",\"isPartOf\":{\"@id\":\"https:\/\/kapitalis.com\/tunisie\/2025\/01\/17\/la-tunisie-est-actuellement-a-labri-de-linvasion-des-criquets\/\"},\"author\":{\"name\":\"webmaster kapitalis\",\"@id\":\"https:\/\/kapitalis.com\/tunisie\/#\/schema\/person\/d71f33a9ca44f7bad4698210b480c8e9\"},\"headline\":\"La Tunisie est actuellement \u00e0 l\u2019abri de l\u2019invasion des criquets\",\"datePublished\":\"2025-01-17T12:15:16+00:00\",\"dateModified\":\"2025-01-17T12:15:17+00:00\",\"mainEntityOfPage\":{\"@id\":\"https:\/\/kapitalis.com\/tunisie\/2025\/01\/17\/la-tunisie-est-actuellement-a-labri-de-linvasion-des-criquets\/\"},\"wordCount\":353,\"commentCount\":0,\"publisher\":{\"@id\":\"https:\/\/kapitalis.com\/tunisie\/#organization\"},\"image\":{\"@id\":\"https:\/\/kapitalis.com\/tunisie\/2025\/01\/17\/la-tunisie-est-actuellement-a-labri-de-linvasion-des-criquets\/#primaryimage\"},\"thumbnailUrl\":\"https:\/\/kapitalis.com\/tunisie\/wp-content\/uploads\/2025\/01\/Criquet.jpg\",\"keywords\":[\"criquets migrateurs\",\"criquets p\u00e8lerins\",\"Libye\",\"Mouna Mhafdhi\",\"Sahel africain\",\"Tunisie\"],\"articleSection\":[\"ECONOMIE\",\"Tunisie\"],\"inLanguage\":\"fr-FR\",\"potentialAction\":[{\"@type\":\"CommentAction\",\"name\":\"Comment\",\"target\":[\"https:\/\/kapitalis.com\/tunisie\/2025\/01\/17\/la-tunisie-est-actuellement-a-labri-de-linvasion-des-criquets\/#respond\"]}]},{\"@type\":\"WebPage\",\"@id\":\"https:\/\/kapitalis.com\/tunisie\/2025\/01\/17\/la-tunisie-est-actuellement-a-labri-de-linvasion-des-criquets\/\",\"url\":\"https:\/\/kapitalis.com\/tunisie\/2025\/01\/17\/la-tunisie-est-actuellement-a-labri-de-linvasion-des-criquets\/\",\"name\":\"La Tunisie est actuellement \u00e0 l\u2019abri de l\u2019invasion des criquets - Kapitalis\",\"isPartOf\":{\"@id\":\"https:\/\/kapitalis.com\/tunisie\/#website\"},\"primaryImageOfPage\":{\"@id\":\"https:\/\/kapitalis.com\/tunisie\/2025\/01\/17\/la-tunisie-est-actuellement-a-labri-de-linvasion-des-criquets\/#primaryimage\"},\"image\":{\"@id\":\"https:\/\/kapitalis.com\/tunisie\/2025\/01\/17\/la-tunisie-est-actuellement-a-labri-de-linvasion-des-criquets\/#primaryimage\"},\"thumbnailUrl\":\"https:\/\/kapitalis.com\/tunisie\/wp-content\/uploads\/2025\/01\/Criquet.jpg\",\"datePublished\":\"2025-01-17T12:15:16+00:00\",\"dateModified\":\"2025-01-17T12:15:17+00:00\",\"breadcrumb\":{\"@id\":\"https:\/\/kapitalis.com\/tunisie\/2025\/01\/17\/la-tunisie-est-actuellement-a-labri-de-linvasion-des-criquets\/#breadcrumb\"},\"inLanguage\":\"fr-FR\",\"potentialAction\":[{\"@type\":\"ReadAction\",\"target\":[\"https:\/\/kapitalis.com\/tunisie\/2025\/01\/17\/la-tunisie-est-actuellement-a-labri-de-linvasion-des-criquets\/\"]}]},{\"@type\":\"ImageObject\",\"inLanguage\":\"fr-FR\",\"@id\":\"https:\/\/kapitalis.com\/tunisie\/2025\/01\/17\/la-tunisie-est-actuellement-a-labri-de-linvasion-des-criquets\/#primaryimage\",\"url\":\"https:\/\/kapitalis.com\/tunisie\/wp-content\/uploads\/2025\/01\/Criquet.jpg\",\"contentUrl\":\"https:\/\/kapitalis.com\/tunisie\/wp-content\/uploads\/2025\/01\/Criquet.jpg\",\"width\":1200,\"height\":630},{\"@type\":\"BreadcrumbList\",\"@id\":\"https:\/\/kapitalis.com\/tunisie\/2025\/01\/17\/la-tunisie-est-actuellement-a-labri-de-linvasion-des-criquets\/#breadcrumb\",\"itemListElement\":[{\"@type\":\"ListItem\",\"position\":1,\"name\":\"Accueil\",\"item\":\"https:\/\/kapitalis.com\/tunisie\/\"},{\"@type\":\"ListItem\",\"position\":2,\"name\":\"La Tunisie est actuellement \u00e0 l\u2019abri de l\u2019invasion des criquets\"}]},{\"@type\":\"WebSite\",\"@id\":\"https:\/\/kapitalis.com\/tunisie\/#website\",\"url\":\"https:\/\/kapitalis.com\/tunisie\/\",\"name\":\"Kapitalis\",\"description\":\"L&#039;actualit\u00e9 en Tunisie et dans le monde\",\"publisher\":{\"@id\":\"https:\/\/kapitalis.com\/tunisie\/#organization\"},\"potentialAction\":[{\"@type\":\"SearchAction\",\"target\":{\"@type\":\"EntryPoint\",\"urlTemplate\":\"https:\/\/kapitalis.com\/tunisie\/?s={search_term_string}\"},\"query-input\":{\"@type\":\"PropertyValueSpecification\",\"valueRequired\":true,\"valueName\":\"search_term_string\"}}],\"inLanguage\":\"fr-FR\"},{\"@type\":\"Organization\",\"@id\":\"https:\/\/kapitalis.com\/tunisie\/#organization\",\"name\":\"Kapitalis\",\"url\":\"https:\/\/kapitalis.com\/tunisie\/\",\"logo\":{\"@type\":\"ImageObject\",\"inLanguage\":\"fr-FR\",\"@id\":\"https:\/\/kapitalis.com\/tunisie\/#\/schema\/logo\/image\/\",\"url\":\"https:\/\/kapitalis.com\/tunisie\/wp-content\/uploads\/2022\/05\/Kapitalis-big-size.png\",\"contentUrl\":\"https:\/\/kapitalis.com\/tunisie\/wp-content\/uploads\/2022\/05\/Kapitalis-big-size.png\",\"width\":5000,\"height\":1500,\"caption\":\"Kapitalis\"},\"image\":{\"@id\":\"https:\/\/kapitalis.com\/tunisie\/#\/schema\/logo\/image\/\"},\"sameAs\":[\"https:\/\/www.facebook.com\/KapitalisInfo\/\",\"https:\/\/x.com\/KapitalisInfo\",\"https:\/\/www.youtube.com\/channel\/UC-yDYrHyfFBWWZaOw3FPg9Q\"]},{\"@type\":\"Person\",\"@id\":\"https:\/\/kapitalis.com\/tunisie\/#\/schema\/person\/d71f33a9ca44f7bad4698210b480c8e9\",\"name\":\"webmaster kapitalis\",\"url\":\"https:\/\/kapitalis.com\/tunisie\/author\/webmaster-kapitalis\/\"}]}<\/script>\n<!-- \/ Yoast SEO plugin. -->","yoast_head_json":{"title":"La Tunisie est actuellement \u00e0 l\u2019abri de l\u2019invasion des criquets - Kapitalis","robots":{"index":"index","follow":"follow","max-snippet":"max-snippet:-1","max-image-preview":"max-image-preview:large","max-video-preview":"max-video-preview:-1"},"canonical":"https:\/\/kapitalis.com\/tunisie\/2025\/01\/17\/la-tunisie-est-actuellement-a-labri-de-linvasion-des-criquets\/","og_locale":"fr_FR","og_type":"article","og_title":"La Tunisie est actuellement \u00e0 l\u2019abri de l\u2019invasion des criquets - Kapitalis","og_description":"La Tunisie est actuellement \u00e0 l\u2019abri de l\u2019invasion des criquets p\u00e8lerins et migrateurs r\u00e9cemment apparus au sud de la Libye.","og_url":"https:\/\/kapitalis.com\/tunisie\/2025\/01\/17\/la-tunisie-est-actuellement-a-labri-de-linvasion-des-criquets\/","og_site_name":"Kapitalis","article_publisher":"https:\/\/www.facebook.com\/KapitalisInfo\/","article_published_time":"2025-01-17T12:15:16+00:00","article_modified_time":"2025-01-17T12:15:17+00:00","og_image":[{"width":1200,"height":630,"url":"https:\/\/kapitalis.com\/tunisie\/wp-content\/uploads\/2025\/01\/Criquet.jpg","type":"image\/jpeg"}],"author":"webmaster kapitalis","twitter_card":"summary_large_image","twitter_creator":"@KapitalisInfo","twitter_site":"@KapitalisInfo","twitter_misc":{"\u00c9crit par":"webmaster kapitalis","Dur\u00e9e de lecture estim\u00e9e":"2 minutes"},"schema":{"@context":"https:\/\/schema.org","@graph":[{"@type":"Article","@id":"https:\/\/kapitalis.com\/tunisie\/2025\/01\/17\/la-tunisie-est-actuellement-a-labri-de-linvasion-des-criquets\/#article","isPartOf":{"@id":"https:\/\/kapitalis.com\/tunisie\/2025\/01\/17\/la-tunisie-est-actuellement-a-labri-de-linvasion-des-criquets\/"},"author":{"name":"webmaster kapitalis","@id":"https:\/\/kapitalis.com\/tunisie\/#\/schema\/person\/d71f33a9ca44f7bad4698210b480c8e9"},"headline":"La Tunisie est actuellement \u00e0 l\u2019abri de l\u2019invasion des criquets","datePublished":"2025-01-17T12:15:16+00:00","dateModified":"2025-01-17T12:15:17+00:00","mainEntityOfPage":{"@id":"https:\/\/kapitalis.com\/tunisie\/2025\/01\/17\/la-tunisie-est-actuellement-a-labri-de-linvasion-des-criquets\/"},"wordCount":353,"commentCount":0,"publisher":{"@id":"https:\/\/kapitalis.com\/tunisie\/#organization"},"image":{"@id":"https:\/\/kapitalis.com\/tunisie\/2025\/01\/17\/la-tunisie-est-actuellement-a-labri-de-linvasion-des-criquets\/#primaryimage"},"thumbnailUrl":"https:\/\/kapitalis.com\/tunisie\/wp-content\/uploads\/2025\/01\/Criquet.jpg","keywords":["criquets migrateurs","criquets p\u00e8lerins","Libye","Mouna Mhafdhi","Sahel africain","Tunisie"],"articleSection":["ECONOMIE","Tunisie"],"inLanguage":"fr-FR","potentialAction":[{"@type":"CommentAction","name":"Comment","target":["https:\/\/kapitalis.com\/tunisie\/2025\/01\/17\/la-tunisie-est-actuellement-a-labri-de-linvasion-des-criquets\/#respond"]}]},{"@type":"WebPage","@id":"https:\/\/kapitalis.com\/tunisie\/2025\/01\/17\/la-tunisie-est-actuellement-a-labri-de-linvasion-des-criquets\/","url":"https:\/\/kapitalis.com\/tunisie\/2025\/01\/17\/la-tunisie-est-actuellement-a-labri-de-linvasion-des-criquets\/","name":"La Tunisie est actuellement \u00e0 l\u2019abri de l\u2019invasion des criquets - Kapitalis","isPartOf":{"@id":"https:\/\/kapitalis.com\/tunisie\/#website"},"primaryImageOfPage":{"@id":"https:\/\/kapitalis.com\/tunisie\/2025\/01\/17\/la-tunisie-est-actuellement-a-labri-de-linvasion-des-criquets\/#primaryimage"},"image":{"@id":"https:\/\/kapitalis.com\/tunisie\/2025\/01\/17\/la-tunisie-est-actuellement-a-labri-de-linvasion-des-criquets\/#primaryimage"},"thumbnailUrl":"https:\/\/kapitalis.com\/tunisie\/wp-content\/uploads\/2025\/01\/Criquet.jpg","datePublished":"2025-01-17T12:15:16+00:00","dateModified":"2025-01-17T12:15:17+00:00","breadcrumb":{"@id":"https:\/\/kapitalis.com\/tunisie\/2025\/01\/17\/la-tunisie-est-actuellement-a-labri-de-linvasion-des-criquets\/#breadcrumb"},"inLanguage":"fr-FR","potentialAction":[{"@type":"ReadAction","target":["https:\/\/kapitalis.com\/tunisie\/2025\/01\/17\/la-tunisie-est-actuellement-a-labri-de-linvasion-des-criquets\/"]}]},{"@type":"ImageObject","inLanguage":"fr-FR","@id":"https:\/\/kapitalis.com\/tunisie\/2025\/01\/17\/la-tunisie-est-actuellement-a-labri-de-linvasion-des-criquets\/#primaryimage","url":"https:\/\/kapitalis.com\/tunisie\/wp-content\/uploads\/2025\/01\/Criquet.jpg","contentUrl":"https:\/\/kapitalis.com\/tunisie\/wp-content\/uploads\/2025\/01\/Criquet.jpg","width":1200,"height":630},{"@type":"BreadcrumbList","@id":"https:\/\/kapitalis.com\/tunisie\/2025\/01\/17\/la-tunisie-est-actuellement-a-labri-de-linvasion-des-criquets\/#breadcrumb","itemListElement":[{"@type":"ListItem","position":1,"name":"Accueil","item":"https:\/\/kapitalis.com\/tunisie\/"},{"@type":"ListItem","position":2,"name":"La Tunisie est actuellement \u00e0 l\u2019abri de l\u2019invasion des criquets"}]},{"@type":"WebSite","@id":"https:\/\/kapitalis.com\/tunisie\/#website","url":"https:\/\/kapitalis.com\/tunisie\/","name":"Kapitalis","description":"L&#039;actualit\u00e9 en Tunisie et dans le monde","publisher":{"@id":"https:\/\/kapitalis.com\/tunisie\/#organization"},"potentialAction":[{"@type":"SearchAction","target":{"@type":"EntryPoint","urlTemplate":"https:\/\/kapitalis.com\/tunisie\/?s={search_term_string}"},"query-input":{"@type":"PropertyValueSpecification","valueRequired":true,"valueName":"search_term_string"}}],"inLanguage":"fr-FR"},{"@type":"Organization","@id":"https:\/\/kapitalis.com\/tunisie\/#organization","name":"Kapitalis","url":"https:\/\/kapitalis.com\/tunisie\/","logo":{"@type":"ImageObject","inLanguage":"fr-FR","@id":"https:\/\/kapitalis.com\/tunisie\/#\/schema\/logo\/image\/","url":"https:\/\/kapitalis.com\/tunisie\/wp-content\/uploads\/2022\/05\/Kapitalis-big-size.png","contentUrl":"https:\/\/kapitalis.com\/tunisie\/wp-content\/uploads\/2022\/05\/Kapitalis-big-size.png","width":5000,"height":1500,"caption":"Kapitalis"},"image":{"@id":"https:\/\/kapitalis.com\/tunisie\/#\/schema\/logo\/image\/"},"sameAs":["https:\/\/www.facebook.com\/KapitalisInfo\/","https:\/\/x.com\/KapitalisInfo","https:\/\/www.youtube.com\/channel\/UC-yDYrHyfFBWWZaOw3FPg9Q"]},{"@type":"Person","@id":"https:\/\/kapitalis.com\/tunisie\/#\/schema\/person\/d71f33a9ca44f7bad4698210b480c8e9","name":"webmaster kapitalis","url":"https:\/\/kapitalis.com\/tunisie\/author\/webmaster-kapitalis\/"}]}},"_links":{"self":[{"href":"https:\/\/kapitalis.com\/tunisie\/wp-json\/wp\/v2\/posts\/15209269","targetHints":{"allow":["GET"]}}],"collection":[{"href":"https:\/\/kapitalis.com\/tunisie\/wp-json\/wp\/v2\/posts"}],"about":[{"href":"https:\/\/kapitalis.com\/tunisie\/wp-json\/wp\/v2\/types\/post"}],"author":[{"embeddable":true,"href":"https:\/\/kapitalis.com\/tunisie\/wp-json\/wp\/v2\/users\/8"}],"replies":[{"embeddable":true,"href":"https:\/\/kapitalis.com\/tunisie\/wp-json\/wp\/v2\/comments?post=15209269"}],"version-history":[{"count":1,"href":"https:\/\/kapitalis.com\/tunisie\/wp-json\/wp\/v2\/posts\/15209269\/revisions"}],"predecessor-version":[{"id":15209290,"href":"https:\/\/kapitalis.com\/tunisie\/wp-json\/wp\/v2\/posts\/15209269\/revisions\/15209290"}],"wp:featuredmedia":[{"embeddable":true,"href":"https:\/\/kapitalis.com\/tunisie\/wp-json\/wp\/v2\/media\/15209285"}],"wp:attachment":[{"href":"https:\/\/kapitalis.com\/tunisie\/wp-json\/wp\/v2\/media?parent=15209269"}],"wp:term":[{"taxonomy":"category","embeddable":true,"href":"https:\/\/kapitalis.com\/tunisie\/wp-json\/wp\/v2\/categories?post=15209269"},{"taxonomy":"post_tag","embeddable":true,"href":"https:\/\/kapitalis.com\/tunisie\/wp-json\/wp\/v2\/tags?post=15209269"}],"curies":[{"name":"wp","href":"https:\/\/api.w.org\/{rel}","templated":true}]}}