{"id":15210747,"date":"2025-01-17T18:45:21","date_gmt":"2025-01-17T17:45:21","guid":{"rendered":"https:\/\/kapitalis.com\/tunisie\/?p=15210747"},"modified":"2025-01-17T18:49:07","modified_gmt":"2025-01-17T17:49:07","slug":"bizerte-deces-dune-femme-emportee-par-les-eaux-dun-oued-a-sejnane","status":"publish","type":"post","link":"https:\/\/kapitalis.com\/tunisie\/2025\/01\/17\/bizerte-deces-dune-femme-emportee-par-les-eaux-dun-oued-a-sejnane\/","title":{"rendered":"Bizerte : D\u00e9c\u00e8s d&rsquo;une femme emport\u00e9e par les eaux d&rsquo;un oued \u00e0 Sejnane"},"content":{"rendered":"\n<p><strong><em>La protection civile a rep\u00each\u00e9, ce vendredi 17 janvier 2025, le corps d&rsquo;une femme de 39 ans, emport\u00e9e par les eaux du oued Mrifek situ\u00e9 \u00e0 Sejnane au gouvernorat de Bizerte.<\/em><\/strong><\/p>\n\n\n\n<!--more-->\n\n\n\n<p>C&rsquo;est ce qu&rsquo;a annonc\u00e9 la Direction de la protection civile dans un communiqu\u00e9 en pr\u00e9cisant que la femme est tomb\u00e9e dans l&rsquo;oued et a \u00e9t\u00e9 emport\u00e9e par les eaux alors qu\u2019elle tentait de traverser.<\/p>\n\n\n\n<p>Selon les t\u00e9moins, le drame s&rsquo;est d\u00e9roul\u00e9 alors que la victime \u00e9tait accompagn\u00e9e de ses enfants qu&rsquo;elle venait de r\u00e9cup\u00e9rer de l&rsquo;\u00e9cole, sachant qu&rsquo;une enqu\u00eate a \u00e9t\u00e9 ouverte et que le corps a \u00e9t\u00e9 remis \u00e0 la garde nationale \u00e0 cet effet.<\/p>\n\n\n\n<p>Rappelons que de fortes pluies sont tomb\u00e9es sur diff\u00e9rentes r\u00e9gions du pays et que des routes ont \u00e9t\u00e9 ferm\u00e9es, les cours et le transport ont aussi \u00e9t\u00e9 suspendus dans plusieurs gouvernorats.<\/p>\n\n\n\n<p class=\"has-text-align-right\"><strong>Y. N.<\/strong><\/p>\n","protected":false},"excerpt":{"rendered":"<p>La protection civile a rep\u00each\u00e9, ce vendredi 17 janvier 2025, le corps d&rsquo;une femme de 39 ans, emport\u00e9e par les eaux du oued Mrifek situ\u00e9 \u00e0 Sejnane au gouvernorat de Bizerte.<\/p>\n","protected":false},"author":6,"featured_media":5938834,"comment_status":"open","ping_status":"open","sticky":false,"template":"","format":"standard","meta":{"footnotes":""},"categories":[998,2433],"tags":[148,64263,4604,1664,1590,62643],"class_list":["post-15210747","post","type-post","status-publish","format-standard","has-post-thumbnail","hentry","category-societe","category-tunisie","tag-bizerte","tag-deces","tag-oued","tag-pluies","tag-sejnane","tag-tunisie"],"yoast_head":"<!-- This site is optimized with the Yoast SEO plugin v26.6 - https:\/\/yoast.com\/wordpress\/plugins\/seo\/ -->\n<title>Bizerte : D\u00e9c\u00e8s d&#039;une femme emport\u00e9e par les eaux d&#039;un oued \u00e0 Sejnane - Kapitalis<\/title>\n<meta name=\"robots\" content=\"index, follow, max-snippet:-1, max-image-preview:large, max-video-preview:-1\" \/>\n<link rel=\"canonical\" href=\"https:\/\/kapitalis.com\/tunisie\/2025\/01\/17\/bizerte-deces-dune-femme-emportee-par-les-eaux-dun-oued-a-sejnane\/\" \/>\n<meta property=\"og:locale\" content=\"fr_FR\" \/>\n<meta property=\"og:type\" content=\"article\" \/>\n<meta property=\"og:title\" content=\"Bizerte : D\u00e9c\u00e8s d&#039;une femme emport\u00e9e par les eaux d&#039;un oued \u00e0 Sejnane - Kapitalis\" \/>\n<meta property=\"og:description\" content=\"La protection civile a rep\u00each\u00e9, ce vendredi 17 janvier 2025, le corps d&rsquo;une femme de 39 ans, emport\u00e9e par les eaux du oued Mrifek situ\u00e9 \u00e0 Sejnane au gouvernorat de Bizerte.\" \/>\n<meta property=\"og:url\" content=\"https:\/\/kapitalis.com\/tunisie\/2025\/01\/17\/bizerte-deces-dune-femme-emportee-par-les-eaux-dun-oued-a-sejnane\/\" \/>\n<meta property=\"og:site_name\" content=\"Kapitalis\" \/>\n<meta property=\"article:publisher\" content=\"https:\/\/www.facebook.com\/KapitalisInfo\/\" \/>\n<meta property=\"article:published_time\" content=\"2025-01-17T17:45:21+00:00\" \/>\n<meta property=\"article:modified_time\" content=\"2025-01-17T17:49:07+00:00\" \/>\n<meta property=\"og:image\" content=\"https:\/\/kapitalis.com\/tunisie\/wp-content\/uploads\/2023\/01\/protection-civile.jpg\" \/>\n\t<meta property=\"og:image:width\" content=\"1200\" \/>\n\t<meta property=\"og:image:height\" content=\"630\" \/>\n\t<meta property=\"og:image:type\" content=\"image\/jpeg\" \/>\n<meta name=\"author\" content=\"Yusra NY\" \/>\n<meta name=\"twitter:card\" content=\"summary_large_image\" \/>\n<meta name=\"twitter:creator\" content=\"@KapitalisInfo\" \/>\n<meta name=\"twitter:site\" content=\"@KapitalisInfo\" \/>\n<meta name=\"twitter:label1\" content=\"\u00c9crit par\" \/>\n\t<meta name=\"twitter:data1\" content=\"Yusra NY\" \/>\n\t<meta name=\"twitter:label2\" content=\"Dur\u00e9e de lecture estim\u00e9e\" \/>\n\t<meta name=\"twitter:data2\" content=\"1 minute\" \/>\n<script type=\"application\/ld+json\" class=\"yoast-schema-graph\">{\"@context\":\"https:\/\/schema.org\",\"@graph\":[{\"@type\":\"Article\",\"@id\":\"https:\/\/kapitalis.com\/tunisie\/2025\/01\/17\/bizerte-deces-dune-femme-emportee-par-les-eaux-dun-oued-a-sejnane\/#article\",\"isPartOf\":{\"@id\":\"https:\/\/kapitalis.com\/tunisie\/2025\/01\/17\/bizerte-deces-dune-femme-emportee-par-les-eaux-dun-oued-a-sejnane\/\"},\"author\":{\"name\":\"Yusra NY\",\"@id\":\"https:\/\/kapitalis.com\/tunisie\/#\/schema\/person\/74bbde0154d49d790a92aaeac5bc01d5\"},\"headline\":\"Bizerte : D\u00e9c\u00e8s d&rsquo;une femme emport\u00e9e par les eaux d&rsquo;un oued \u00e0 Sejnane\",\"datePublished\":\"2025-01-17T17:45:21+00:00\",\"dateModified\":\"2025-01-17T17:49:07+00:00\",\"mainEntityOfPage\":{\"@id\":\"https:\/\/kapitalis.com\/tunisie\/2025\/01\/17\/bizerte-deces-dune-femme-emportee-par-les-eaux-dun-oued-a-sejnane\/\"},\"wordCount\":165,\"commentCount\":0,\"publisher\":{\"@id\":\"https:\/\/kapitalis.com\/tunisie\/#organization\"},\"image\":{\"@id\":\"https:\/\/kapitalis.com\/tunisie\/2025\/01\/17\/bizerte-deces-dune-femme-emportee-par-les-eaux-dun-oued-a-sejnane\/#primaryimage\"},\"thumbnailUrl\":\"https:\/\/kapitalis.com\/tunisie\/wp-content\/uploads\/2023\/01\/protection-civile.jpg\",\"keywords\":[\"Bizerte\",\"d\u00e9c\u00e8s\",\"oued\",\"pluies\",\"Sejnane\",\"Tunisie\"],\"articleSection\":[\"SOCIETE\",\"Tunisie\"],\"inLanguage\":\"fr-FR\",\"potentialAction\":[{\"@type\":\"CommentAction\",\"name\":\"Comment\",\"target\":[\"https:\/\/kapitalis.com\/tunisie\/2025\/01\/17\/bizerte-deces-dune-femme-emportee-par-les-eaux-dun-oued-a-sejnane\/#respond\"]}]},{\"@type\":\"WebPage\",\"@id\":\"https:\/\/kapitalis.com\/tunisie\/2025\/01\/17\/bizerte-deces-dune-femme-emportee-par-les-eaux-dun-oued-a-sejnane\/\",\"url\":\"https:\/\/kapitalis.com\/tunisie\/2025\/01\/17\/bizerte-deces-dune-femme-emportee-par-les-eaux-dun-oued-a-sejnane\/\",\"name\":\"Bizerte : D\u00e9c\u00e8s d'une femme emport\u00e9e par les eaux d'un oued \u00e0 Sejnane - Kapitalis\",\"isPartOf\":{\"@id\":\"https:\/\/kapitalis.com\/tunisie\/#website\"},\"primaryImageOfPage\":{\"@id\":\"https:\/\/kapitalis.com\/tunisie\/2025\/01\/17\/bizerte-deces-dune-femme-emportee-par-les-eaux-dun-oued-a-sejnane\/#primaryimage\"},\"image\":{\"@id\":\"https:\/\/kapitalis.com\/tunisie\/2025\/01\/17\/bizerte-deces-dune-femme-emportee-par-les-eaux-dun-oued-a-sejnane\/#primaryimage\"},\"thumbnailUrl\":\"https:\/\/kapitalis.com\/tunisie\/wp-content\/uploads\/2023\/01\/protection-civile.jpg\",\"datePublished\":\"2025-01-17T17:45:21+00:00\",\"dateModified\":\"2025-01-17T17:49:07+00:00\",\"breadcrumb\":{\"@id\":\"https:\/\/kapitalis.com\/tunisie\/2025\/01\/17\/bizerte-deces-dune-femme-emportee-par-les-eaux-dun-oued-a-sejnane\/#breadcrumb\"},\"inLanguage\":\"fr-FR\",\"potentialAction\":[{\"@type\":\"ReadAction\",\"target\":[\"https:\/\/kapitalis.com\/tunisie\/2025\/01\/17\/bizerte-deces-dune-femme-emportee-par-les-eaux-dun-oued-a-sejnane\/\"]}]},{\"@type\":\"ImageObject\",\"inLanguage\":\"fr-FR\",\"@id\":\"https:\/\/kapitalis.com\/tunisie\/2025\/01\/17\/bizerte-deces-dune-femme-emportee-par-les-eaux-dun-oued-a-sejnane\/#primaryimage\",\"url\":\"https:\/\/kapitalis.com\/tunisie\/wp-content\/uploads\/2023\/01\/protection-civile.jpg\",\"contentUrl\":\"https:\/\/kapitalis.com\/tunisie\/wp-content\/uploads\/2023\/01\/protection-civile.jpg\",\"width\":1200,\"height\":630},{\"@type\":\"BreadcrumbList\",\"@id\":\"https:\/\/kapitalis.com\/tunisie\/2025\/01\/17\/bizerte-deces-dune-femme-emportee-par-les-eaux-dun-oued-a-sejnane\/#breadcrumb\",\"itemListElement\":[{\"@type\":\"ListItem\",\"position\":1,\"name\":\"Accueil\",\"item\":\"https:\/\/kapitalis.com\/tunisie\/\"},{\"@type\":\"ListItem\",\"position\":2,\"name\":\"Bizerte : D\u00e9c\u00e8s d&rsquo;une femme emport\u00e9e par les eaux d&rsquo;un oued \u00e0 Sejnane\"}]},{\"@type\":\"WebSite\",\"@id\":\"https:\/\/kapitalis.com\/tunisie\/#website\",\"url\":\"https:\/\/kapitalis.com\/tunisie\/\",\"name\":\"Kapitalis\",\"description\":\"L&#039;actualit\u00e9 en Tunisie et dans le monde\",\"publisher\":{\"@id\":\"https:\/\/kapitalis.com\/tunisie\/#organization\"},\"potentialAction\":[{\"@type\":\"SearchAction\",\"target\":{\"@type\":\"EntryPoint\",\"urlTemplate\":\"https:\/\/kapitalis.com\/tunisie\/?s={search_term_string}\"},\"query-input\":{\"@type\":\"PropertyValueSpecification\",\"valueRequired\":true,\"valueName\":\"search_term_string\"}}],\"inLanguage\":\"fr-FR\"},{\"@type\":\"Organization\",\"@id\":\"https:\/\/kapitalis.com\/tunisie\/#organization\",\"name\":\"Kapitalis\",\"url\":\"https:\/\/kapitalis.com\/tunisie\/\",\"logo\":{\"@type\":\"ImageObject\",\"inLanguage\":\"fr-FR\",\"@id\":\"https:\/\/kapitalis.com\/tunisie\/#\/schema\/logo\/image\/\",\"url\":\"https:\/\/kapitalis.com\/tunisie\/wp-content\/uploads\/2022\/05\/Kapitalis-big-size.png\",\"contentUrl\":\"https:\/\/kapitalis.com\/tunisie\/wp-content\/uploads\/2022\/05\/Kapitalis-big-size.png\",\"width\":5000,\"height\":1500,\"caption\":\"Kapitalis\"},\"image\":{\"@id\":\"https:\/\/kapitalis.com\/tunisie\/#\/schema\/logo\/image\/\"},\"sameAs\":[\"https:\/\/www.facebook.com\/KapitalisInfo\/\",\"https:\/\/x.com\/KapitalisInfo\",\"https:\/\/www.youtube.com\/channel\/UC-yDYrHyfFBWWZaOw3FPg9Q\"]},{\"@type\":\"Person\",\"@id\":\"https:\/\/kapitalis.com\/tunisie\/#\/schema\/person\/74bbde0154d49d790a92aaeac5bc01d5\",\"name\":\"Yusra NY\",\"url\":\"https:\/\/kapitalis.com\/tunisie\/author\/yuza_adam\/\"}]}<\/script>\n<!-- \/ Yoast SEO plugin. -->","yoast_head_json":{"title":"Bizerte : D\u00e9c\u00e8s d'une femme emport\u00e9e par les eaux d'un oued \u00e0 Sejnane - Kapitalis","robots":{"index":"index","follow":"follow","max-snippet":"max-snippet:-1","max-image-preview":"max-image-preview:large","max-video-preview":"max-video-preview:-1"},"canonical":"https:\/\/kapitalis.com\/tunisie\/2025\/01\/17\/bizerte-deces-dune-femme-emportee-par-les-eaux-dun-oued-a-sejnane\/","og_locale":"fr_FR","og_type":"article","og_title":"Bizerte : D\u00e9c\u00e8s d'une femme emport\u00e9e par les eaux d'un oued \u00e0 Sejnane - Kapitalis","og_description":"La protection civile a rep\u00each\u00e9, ce vendredi 17 janvier 2025, le corps d&rsquo;une femme de 39 ans, emport\u00e9e par les eaux du oued Mrifek situ\u00e9 \u00e0 Sejnane au gouvernorat de Bizerte.","og_url":"https:\/\/kapitalis.com\/tunisie\/2025\/01\/17\/bizerte-deces-dune-femme-emportee-par-les-eaux-dun-oued-a-sejnane\/","og_site_name":"Kapitalis","article_publisher":"https:\/\/www.facebook.com\/KapitalisInfo\/","article_published_time":"2025-01-17T17:45:21+00:00","article_modified_time":"2025-01-17T17:49:07+00:00","og_image":[{"width":1200,"height":630,"url":"https:\/\/kapitalis.com\/tunisie\/wp-content\/uploads\/2023\/01\/protection-civile.jpg","type":"image\/jpeg"}],"author":"Yusra NY","twitter_card":"summary_large_image","twitter_creator":"@KapitalisInfo","twitter_site":"@KapitalisInfo","twitter_misc":{"\u00c9crit par":"Yusra NY","Dur\u00e9e de lecture estim\u00e9e":"1 minute"},"schema":{"@context":"https:\/\/schema.org","@graph":[{"@type":"Article","@id":"https:\/\/kapitalis.com\/tunisie\/2025\/01\/17\/bizerte-deces-dune-femme-emportee-par-les-eaux-dun-oued-a-sejnane\/#article","isPartOf":{"@id":"https:\/\/kapitalis.com\/tunisie\/2025\/01\/17\/bizerte-deces-dune-femme-emportee-par-les-eaux-dun-oued-a-sejnane\/"},"author":{"name":"Yusra NY","@id":"https:\/\/kapitalis.com\/tunisie\/#\/schema\/person\/74bbde0154d49d790a92aaeac5bc01d5"},"headline":"Bizerte : D\u00e9c\u00e8s d&rsquo;une femme emport\u00e9e par les eaux d&rsquo;un oued \u00e0 Sejnane","datePublished":"2025-01-17T17:45:21+00:00","dateModified":"2025-01-17T17:49:07+00:00","mainEntityOfPage":{"@id":"https:\/\/kapitalis.com\/tunisie\/2025\/01\/17\/bizerte-deces-dune-femme-emportee-par-les-eaux-dun-oued-a-sejnane\/"},"wordCount":165,"commentCount":0,"publisher":{"@id":"https:\/\/kapitalis.com\/tunisie\/#organization"},"image":{"@id":"https:\/\/kapitalis.com\/tunisie\/2025\/01\/17\/bizerte-deces-dune-femme-emportee-par-les-eaux-dun-oued-a-sejnane\/#primaryimage"},"thumbnailUrl":"https:\/\/kapitalis.com\/tunisie\/wp-content\/uploads\/2023\/01\/protection-civile.jpg","keywords":["Bizerte","d\u00e9c\u00e8s","oued","pluies","Sejnane","Tunisie"],"articleSection":["SOCIETE","Tunisie"],"inLanguage":"fr-FR","potentialAction":[{"@type":"CommentAction","name":"Comment","target":["https:\/\/kapitalis.com\/tunisie\/2025\/01\/17\/bizerte-deces-dune-femme-emportee-par-les-eaux-dun-oued-a-sejnane\/#respond"]}]},{"@type":"WebPage","@id":"https:\/\/kapitalis.com\/tunisie\/2025\/01\/17\/bizerte-deces-dune-femme-emportee-par-les-eaux-dun-oued-a-sejnane\/","url":"https:\/\/kapitalis.com\/tunisie\/2025\/01\/17\/bizerte-deces-dune-femme-emportee-par-les-eaux-dun-oued-a-sejnane\/","name":"Bizerte : D\u00e9c\u00e8s d'une femme emport\u00e9e par les eaux d'un oued \u00e0 Sejnane - Kapitalis","isPartOf":{"@id":"https:\/\/kapitalis.com\/tunisie\/#website"},"primaryImageOfPage":{"@id":"https:\/\/kapitalis.com\/tunisie\/2025\/01\/17\/bizerte-deces-dune-femme-emportee-par-les-eaux-dun-oued-a-sejnane\/#primaryimage"},"image":{"@id":"https:\/\/kapitalis.com\/tunisie\/2025\/01\/17\/bizerte-deces-dune-femme-emportee-par-les-eaux-dun-oued-a-sejnane\/#primaryimage"},"thumbnailUrl":"https:\/\/kapitalis.com\/tunisie\/wp-content\/uploads\/2023\/01\/protection-civile.jpg","datePublished":"2025-01-17T17:45:21+00:00","dateModified":"2025-01-17T17:49:07+00:00","breadcrumb":{"@id":"https:\/\/kapitalis.com\/tunisie\/2025\/01\/17\/bizerte-deces-dune-femme-emportee-par-les-eaux-dun-oued-a-sejnane\/#breadcrumb"},"inLanguage":"fr-FR","potentialAction":[{"@type":"ReadAction","target":["https:\/\/kapitalis.com\/tunisie\/2025\/01\/17\/bizerte-deces-dune-femme-emportee-par-les-eaux-dun-oued-a-sejnane\/"]}]},{"@type":"ImageObject","inLanguage":"fr-FR","@id":"https:\/\/kapitalis.com\/tunisie\/2025\/01\/17\/bizerte-deces-dune-femme-emportee-par-les-eaux-dun-oued-a-sejnane\/#primaryimage","url":"https:\/\/kapitalis.com\/tunisie\/wp-content\/uploads\/2023\/01\/protection-civile.jpg","contentUrl":"https:\/\/kapitalis.com\/tunisie\/wp-content\/uploads\/2023\/01\/protection-civile.jpg","width":1200,"height":630},{"@type":"BreadcrumbList","@id":"https:\/\/kapitalis.com\/tunisie\/2025\/01\/17\/bizerte-deces-dune-femme-emportee-par-les-eaux-dun-oued-a-sejnane\/#breadcrumb","itemListElement":[{"@type":"ListItem","position":1,"name":"Accueil","item":"https:\/\/kapitalis.com\/tunisie\/"},{"@type":"ListItem","position":2,"name":"Bizerte : D\u00e9c\u00e8s d&rsquo;une femme emport\u00e9e par les eaux d&rsquo;un oued \u00e0 Sejnane"}]},{"@type":"WebSite","@id":"https:\/\/kapitalis.com\/tunisie\/#website","url":"https:\/\/kapitalis.com\/tunisie\/","name":"Kapitalis","description":"L&#039;actualit\u00e9 en Tunisie et dans le monde","publisher":{"@id":"https:\/\/kapitalis.com\/tunisie\/#organization"},"potentialAction":[{"@type":"SearchAction","target":{"@type":"EntryPoint","urlTemplate":"https:\/\/kapitalis.com\/tunisie\/?s={search_term_string}"},"query-input":{"@type":"PropertyValueSpecification","valueRequired":true,"valueName":"search_term_string"}}],"inLanguage":"fr-FR"},{"@type":"Organization","@id":"https:\/\/kapitalis.com\/tunisie\/#organization","name":"Kapitalis","url":"https:\/\/kapitalis.com\/tunisie\/","logo":{"@type":"ImageObject","inLanguage":"fr-FR","@id":"https:\/\/kapitalis.com\/tunisie\/#\/schema\/logo\/image\/","url":"https:\/\/kapitalis.com\/tunisie\/wp-content\/uploads\/2022\/05\/Kapitalis-big-size.png","contentUrl":"https:\/\/kapitalis.com\/tunisie\/wp-content\/uploads\/2022\/05\/Kapitalis-big-size.png","width":5000,"height":1500,"caption":"Kapitalis"},"image":{"@id":"https:\/\/kapitalis.com\/tunisie\/#\/schema\/logo\/image\/"},"sameAs":["https:\/\/www.facebook.com\/KapitalisInfo\/","https:\/\/x.com\/KapitalisInfo","https:\/\/www.youtube.com\/channel\/UC-yDYrHyfFBWWZaOw3FPg9Q"]},{"@type":"Person","@id":"https:\/\/kapitalis.com\/tunisie\/#\/schema\/person\/74bbde0154d49d790a92aaeac5bc01d5","name":"Yusra NY","url":"https:\/\/kapitalis.com\/tunisie\/author\/yuza_adam\/"}]}},"_links":{"self":[{"href":"https:\/\/kapitalis.com\/tunisie\/wp-json\/wp\/v2\/posts\/15210747","targetHints":{"allow":["GET"]}}],"collection":[{"href":"https:\/\/kapitalis.com\/tunisie\/wp-json\/wp\/v2\/posts"}],"about":[{"href":"https:\/\/kapitalis.com\/tunisie\/wp-json\/wp\/v2\/types\/post"}],"author":[{"embeddable":true,"href":"https:\/\/kapitalis.com\/tunisie\/wp-json\/wp\/v2\/users\/6"}],"replies":[{"embeddable":true,"href":"https:\/\/kapitalis.com\/tunisie\/wp-json\/wp\/v2\/comments?post=15210747"}],"version-history":[{"count":2,"href":"https:\/\/kapitalis.com\/tunisie\/wp-json\/wp\/v2\/posts\/15210747\/revisions"}],"predecessor-version":[{"id":15210839,"href":"https:\/\/kapitalis.com\/tunisie\/wp-json\/wp\/v2\/posts\/15210747\/revisions\/15210839"}],"wp:featuredmedia":[{"embeddable":true,"href":"https:\/\/kapitalis.com\/tunisie\/wp-json\/wp\/v2\/media\/5938834"}],"wp:attachment":[{"href":"https:\/\/kapitalis.com\/tunisie\/wp-json\/wp\/v2\/media?parent=15210747"}],"wp:term":[{"taxonomy":"category","embeddable":true,"href":"https:\/\/kapitalis.com\/tunisie\/wp-json\/wp\/v2\/categories?post=15210747"},{"taxonomy":"post_tag","embeddable":true,"href":"https:\/\/kapitalis.com\/tunisie\/wp-json\/wp\/v2\/tags?post=15210747"}],"curies":[{"name":"wp","href":"https:\/\/api.w.org\/{rel}","templated":true}]}}