{"id":15215157,"date":"2025-01-18T11:22:59","date_gmt":"2025-01-18T10:22:59","guid":{"rendered":"https:\/\/kapitalis.com\/tunisie\/?p=15215157"},"modified":"2025-01-18T11:23:01","modified_gmt":"2025-01-18T10:23:01","slug":"rencontre-contre-la-criminalisation-du-travail-civil-en-tunisie","status":"publish","type":"post","link":"https:\/\/kapitalis.com\/tunisie\/2025\/01\/18\/rencontre-contre-la-criminalisation-du-travail-civil-en-tunisie\/","title":{"rendered":"Rencontre contre la criminalisation du travail civil en Tunisie"},"content":{"rendered":"\n<p><strong><em>A l\u2019occasion de la Journ\u00e9e nationale pour l\u2019abolition de l\u2019esclavage et de la servitude, une rencontre de solidarit\u00e9 avec les victimes des politiques de criminalisation du travail civil en Tunisie se tiendra le mercredi 22 janvier 2025, \u00e0 la salle Le Rio, au centre-ville de Tunis, de 17h00 \u00e0 19h00.<\/em><\/strong><\/p>\n\n\n\n<!--more-->\n\n\n\n<p>Prendront part \u00e0 cette rencontre les familles des militants de la soci\u00e9t\u00e9 civile arr\u00eat\u00e9s et d\u00e9tenus, \u00e0 savoir Shrerifa Riahi, Saadia Mesbah, Mohamed Jouu, Yadh Bousselmi, Imen Werdani, Abderrazek Krimi, Mustapha El Jemmali, Abdallah Said, et Salwa Ghrissa, qui font toujours l\u2019objet d\u2019une enqu\u00eate pour leur travail humanitaire dans la prise en charge des migrants, en particulier les groupes les plus vuln\u00e9rables de femmes et d\u2019enfants.<\/p>\n\n\n\n<p>En effet, l\u2019Etat tunisien, dans ses rapports aux instances internationales, a lou\u00e9 leur r\u00f4le, leur travail et leurs efforts, alors qu\u2019ils sont en prison pour ces activit\u00e9s.<\/p>\n\n\n\n<p>La r\u00e9union sera l\u2019occasion d\u2019exprimer directement la solidarit\u00e9 avec les familles des d\u00e9tenus. Votre pr\u00e9sence soutiendra les d\u00e9tenus, leurs familles et le travail civil et humanitaire.<\/p>\n","protected":false},"excerpt":{"rendered":"<p>Rencontre de solidarit\u00e9 avec les victimes des politiques de criminalisation du travail civil en Tunisie. <\/p>\n","protected":false},"author":8,"featured_media":15215166,"comment_status":"open","ping_status":"open","sticky":false,"template":"","format":"standard","meta":{"footnotes":""},"categories":[997,2433],"tags":[118907,120191,120190,120194,120193,120192,62643],"class_list":["post-15215157","post","type-post","status-publish","format-standard","has-post-thumbnail","hentry","category-politique","category-tunisie","tag-abdallah-said","tag-criminalisation","tag-saadia-mesbah","tag-salwa-ghrissa","tag-shrerifa-riahi","tag-travail-civil","tag-tunisie"],"yoast_head":"<!-- This site is optimized with the Yoast SEO plugin v26.6 - https:\/\/yoast.com\/wordpress\/plugins\/seo\/ -->\n<title>Rencontre contre la criminalisation du travail civil en Tunisie - Kapitalis<\/title>\n<meta name=\"robots\" content=\"index, follow, max-snippet:-1, max-image-preview:large, max-video-preview:-1\" \/>\n<link rel=\"canonical\" href=\"https:\/\/kapitalis.com\/tunisie\/2025\/01\/18\/rencontre-contre-la-criminalisation-du-travail-civil-en-tunisie\/\" \/>\n<meta property=\"og:locale\" content=\"fr_FR\" \/>\n<meta property=\"og:type\" content=\"article\" \/>\n<meta property=\"og:title\" content=\"Rencontre contre la criminalisation du travail civil en Tunisie - Kapitalis\" \/>\n<meta property=\"og:description\" content=\"Rencontre de solidarit\u00e9 avec les victimes des politiques de criminalisation du travail civil en Tunisie.\" \/>\n<meta property=\"og:url\" content=\"https:\/\/kapitalis.com\/tunisie\/2025\/01\/18\/rencontre-contre-la-criminalisation-du-travail-civil-en-tunisie\/\" \/>\n<meta property=\"og:site_name\" content=\"Kapitalis\" \/>\n<meta property=\"article:publisher\" content=\"https:\/\/www.facebook.com\/KapitalisInfo\/\" \/>\n<meta property=\"article:published_time\" content=\"2025-01-18T10:22:59+00:00\" \/>\n<meta property=\"article:modified_time\" content=\"2025-01-18T10:23:01+00:00\" \/>\n<meta property=\"og:image\" content=\"https:\/\/kapitalis.com\/tunisie\/wp-content\/uploads\/2025\/01\/Criminalisation-Societe-Civile.jpg\" \/>\n\t<meta property=\"og:image:width\" content=\"1200\" \/>\n\t<meta property=\"og:image:height\" content=\"630\" \/>\n\t<meta property=\"og:image:type\" content=\"image\/jpeg\" \/>\n<meta name=\"author\" content=\"webmaster kapitalis\" \/>\n<meta name=\"twitter:card\" content=\"summary_large_image\" \/>\n<meta name=\"twitter:creator\" content=\"@KapitalisInfo\" \/>\n<meta name=\"twitter:site\" content=\"@KapitalisInfo\" \/>\n<meta name=\"twitter:label1\" content=\"\u00c9crit par\" \/>\n\t<meta name=\"twitter:data1\" content=\"webmaster kapitalis\" \/>\n\t<meta name=\"twitter:label2\" content=\"Dur\u00e9e de lecture estim\u00e9e\" \/>\n\t<meta name=\"twitter:data2\" content=\"2 minutes\" \/>\n<script type=\"application\/ld+json\" class=\"yoast-schema-graph\">{\"@context\":\"https:\/\/schema.org\",\"@graph\":[{\"@type\":\"Article\",\"@id\":\"https:\/\/kapitalis.com\/tunisie\/2025\/01\/18\/rencontre-contre-la-criminalisation-du-travail-civil-en-tunisie\/#article\",\"isPartOf\":{\"@id\":\"https:\/\/kapitalis.com\/tunisie\/2025\/01\/18\/rencontre-contre-la-criminalisation-du-travail-civil-en-tunisie\/\"},\"author\":{\"name\":\"webmaster kapitalis\",\"@id\":\"https:\/\/kapitalis.com\/tunisie\/#\/schema\/person\/d71f33a9ca44f7bad4698210b480c8e9\"},\"headline\":\"Rencontre contre la criminalisation du travail civil en Tunisie\",\"datePublished\":\"2025-01-18T10:22:59+00:00\",\"dateModified\":\"2025-01-18T10:23:01+00:00\",\"mainEntityOfPage\":{\"@id\":\"https:\/\/kapitalis.com\/tunisie\/2025\/01\/18\/rencontre-contre-la-criminalisation-du-travail-civil-en-tunisie\/\"},\"wordCount\":195,\"commentCount\":0,\"publisher\":{\"@id\":\"https:\/\/kapitalis.com\/tunisie\/#organization\"},\"image\":{\"@id\":\"https:\/\/kapitalis.com\/tunisie\/2025\/01\/18\/rencontre-contre-la-criminalisation-du-travail-civil-en-tunisie\/#primaryimage\"},\"thumbnailUrl\":\"https:\/\/kapitalis.com\/tunisie\/wp-content\/uploads\/2025\/01\/Criminalisation-Societe-Civile.jpg\",\"keywords\":[\"Abdallah Said\",\"criminalisation\",\"Saadia Mesbah\",\"Salwa Ghrissa\",\"Shrerifa Riahi\",\"travail civil\",\"Tunisie\"],\"articleSection\":[\"POLITIQUE\",\"Tunisie\"],\"inLanguage\":\"fr-FR\",\"potentialAction\":[{\"@type\":\"CommentAction\",\"name\":\"Comment\",\"target\":[\"https:\/\/kapitalis.com\/tunisie\/2025\/01\/18\/rencontre-contre-la-criminalisation-du-travail-civil-en-tunisie\/#respond\"]}]},{\"@type\":\"WebPage\",\"@id\":\"https:\/\/kapitalis.com\/tunisie\/2025\/01\/18\/rencontre-contre-la-criminalisation-du-travail-civil-en-tunisie\/\",\"url\":\"https:\/\/kapitalis.com\/tunisie\/2025\/01\/18\/rencontre-contre-la-criminalisation-du-travail-civil-en-tunisie\/\",\"name\":\"Rencontre contre la criminalisation du travail civil en Tunisie - Kapitalis\",\"isPartOf\":{\"@id\":\"https:\/\/kapitalis.com\/tunisie\/#website\"},\"primaryImageOfPage\":{\"@id\":\"https:\/\/kapitalis.com\/tunisie\/2025\/01\/18\/rencontre-contre-la-criminalisation-du-travail-civil-en-tunisie\/#primaryimage\"},\"image\":{\"@id\":\"https:\/\/kapitalis.com\/tunisie\/2025\/01\/18\/rencontre-contre-la-criminalisation-du-travail-civil-en-tunisie\/#primaryimage\"},\"thumbnailUrl\":\"https:\/\/kapitalis.com\/tunisie\/wp-content\/uploads\/2025\/01\/Criminalisation-Societe-Civile.jpg\",\"datePublished\":\"2025-01-18T10:22:59+00:00\",\"dateModified\":\"2025-01-18T10:23:01+00:00\",\"breadcrumb\":{\"@id\":\"https:\/\/kapitalis.com\/tunisie\/2025\/01\/18\/rencontre-contre-la-criminalisation-du-travail-civil-en-tunisie\/#breadcrumb\"},\"inLanguage\":\"fr-FR\",\"potentialAction\":[{\"@type\":\"ReadAction\",\"target\":[\"https:\/\/kapitalis.com\/tunisie\/2025\/01\/18\/rencontre-contre-la-criminalisation-du-travail-civil-en-tunisie\/\"]}]},{\"@type\":\"ImageObject\",\"inLanguage\":\"fr-FR\",\"@id\":\"https:\/\/kapitalis.com\/tunisie\/2025\/01\/18\/rencontre-contre-la-criminalisation-du-travail-civil-en-tunisie\/#primaryimage\",\"url\":\"https:\/\/kapitalis.com\/tunisie\/wp-content\/uploads\/2025\/01\/Criminalisation-Societe-Civile.jpg\",\"contentUrl\":\"https:\/\/kapitalis.com\/tunisie\/wp-content\/uploads\/2025\/01\/Criminalisation-Societe-Civile.jpg\",\"width\":1200,\"height\":630},{\"@type\":\"BreadcrumbList\",\"@id\":\"https:\/\/kapitalis.com\/tunisie\/2025\/01\/18\/rencontre-contre-la-criminalisation-du-travail-civil-en-tunisie\/#breadcrumb\",\"itemListElement\":[{\"@type\":\"ListItem\",\"position\":1,\"name\":\"Accueil\",\"item\":\"https:\/\/kapitalis.com\/tunisie\/\"},{\"@type\":\"ListItem\",\"position\":2,\"name\":\"Rencontre contre la criminalisation du travail civil en Tunisie\"}]},{\"@type\":\"WebSite\",\"@id\":\"https:\/\/kapitalis.com\/tunisie\/#website\",\"url\":\"https:\/\/kapitalis.com\/tunisie\/\",\"name\":\"Kapitalis\",\"description\":\"L&#039;actualit\u00e9 en Tunisie et dans le monde\",\"publisher\":{\"@id\":\"https:\/\/kapitalis.com\/tunisie\/#organization\"},\"potentialAction\":[{\"@type\":\"SearchAction\",\"target\":{\"@type\":\"EntryPoint\",\"urlTemplate\":\"https:\/\/kapitalis.com\/tunisie\/?s={search_term_string}\"},\"query-input\":{\"@type\":\"PropertyValueSpecification\",\"valueRequired\":true,\"valueName\":\"search_term_string\"}}],\"inLanguage\":\"fr-FR\"},{\"@type\":\"Organization\",\"@id\":\"https:\/\/kapitalis.com\/tunisie\/#organization\",\"name\":\"Kapitalis\",\"url\":\"https:\/\/kapitalis.com\/tunisie\/\",\"logo\":{\"@type\":\"ImageObject\",\"inLanguage\":\"fr-FR\",\"@id\":\"https:\/\/kapitalis.com\/tunisie\/#\/schema\/logo\/image\/\",\"url\":\"https:\/\/kapitalis.com\/tunisie\/wp-content\/uploads\/2022\/05\/Kapitalis-big-size.png\",\"contentUrl\":\"https:\/\/kapitalis.com\/tunisie\/wp-content\/uploads\/2022\/05\/Kapitalis-big-size.png\",\"width\":5000,\"height\":1500,\"caption\":\"Kapitalis\"},\"image\":{\"@id\":\"https:\/\/kapitalis.com\/tunisie\/#\/schema\/logo\/image\/\"},\"sameAs\":[\"https:\/\/www.facebook.com\/KapitalisInfo\/\",\"https:\/\/x.com\/KapitalisInfo\",\"https:\/\/www.youtube.com\/channel\/UC-yDYrHyfFBWWZaOw3FPg9Q\"]},{\"@type\":\"Person\",\"@id\":\"https:\/\/kapitalis.com\/tunisie\/#\/schema\/person\/d71f33a9ca44f7bad4698210b480c8e9\",\"name\":\"webmaster kapitalis\",\"url\":\"https:\/\/kapitalis.com\/tunisie\/author\/webmaster-kapitalis\/\"}]}<\/script>\n<!-- \/ Yoast SEO plugin. -->","yoast_head_json":{"title":"Rencontre contre la criminalisation du travail civil en Tunisie - Kapitalis","robots":{"index":"index","follow":"follow","max-snippet":"max-snippet:-1","max-image-preview":"max-image-preview:large","max-video-preview":"max-video-preview:-1"},"canonical":"https:\/\/kapitalis.com\/tunisie\/2025\/01\/18\/rencontre-contre-la-criminalisation-du-travail-civil-en-tunisie\/","og_locale":"fr_FR","og_type":"article","og_title":"Rencontre contre la criminalisation du travail civil en Tunisie - Kapitalis","og_description":"Rencontre de solidarit\u00e9 avec les victimes des politiques de criminalisation du travail civil en Tunisie.","og_url":"https:\/\/kapitalis.com\/tunisie\/2025\/01\/18\/rencontre-contre-la-criminalisation-du-travail-civil-en-tunisie\/","og_site_name":"Kapitalis","article_publisher":"https:\/\/www.facebook.com\/KapitalisInfo\/","article_published_time":"2025-01-18T10:22:59+00:00","article_modified_time":"2025-01-18T10:23:01+00:00","og_image":[{"width":1200,"height":630,"url":"https:\/\/kapitalis.com\/tunisie\/wp-content\/uploads\/2025\/01\/Criminalisation-Societe-Civile.jpg","type":"image\/jpeg"}],"author":"webmaster kapitalis","twitter_card":"summary_large_image","twitter_creator":"@KapitalisInfo","twitter_site":"@KapitalisInfo","twitter_misc":{"\u00c9crit par":"webmaster kapitalis","Dur\u00e9e de lecture estim\u00e9e":"2 minutes"},"schema":{"@context":"https:\/\/schema.org","@graph":[{"@type":"Article","@id":"https:\/\/kapitalis.com\/tunisie\/2025\/01\/18\/rencontre-contre-la-criminalisation-du-travail-civil-en-tunisie\/#article","isPartOf":{"@id":"https:\/\/kapitalis.com\/tunisie\/2025\/01\/18\/rencontre-contre-la-criminalisation-du-travail-civil-en-tunisie\/"},"author":{"name":"webmaster kapitalis","@id":"https:\/\/kapitalis.com\/tunisie\/#\/schema\/person\/d71f33a9ca44f7bad4698210b480c8e9"},"headline":"Rencontre contre la criminalisation du travail civil en Tunisie","datePublished":"2025-01-18T10:22:59+00:00","dateModified":"2025-01-18T10:23:01+00:00","mainEntityOfPage":{"@id":"https:\/\/kapitalis.com\/tunisie\/2025\/01\/18\/rencontre-contre-la-criminalisation-du-travail-civil-en-tunisie\/"},"wordCount":195,"commentCount":0,"publisher":{"@id":"https:\/\/kapitalis.com\/tunisie\/#organization"},"image":{"@id":"https:\/\/kapitalis.com\/tunisie\/2025\/01\/18\/rencontre-contre-la-criminalisation-du-travail-civil-en-tunisie\/#primaryimage"},"thumbnailUrl":"https:\/\/kapitalis.com\/tunisie\/wp-content\/uploads\/2025\/01\/Criminalisation-Societe-Civile.jpg","keywords":["Abdallah Said","criminalisation","Saadia Mesbah","Salwa Ghrissa","Shrerifa Riahi","travail civil","Tunisie"],"articleSection":["POLITIQUE","Tunisie"],"inLanguage":"fr-FR","potentialAction":[{"@type":"CommentAction","name":"Comment","target":["https:\/\/kapitalis.com\/tunisie\/2025\/01\/18\/rencontre-contre-la-criminalisation-du-travail-civil-en-tunisie\/#respond"]}]},{"@type":"WebPage","@id":"https:\/\/kapitalis.com\/tunisie\/2025\/01\/18\/rencontre-contre-la-criminalisation-du-travail-civil-en-tunisie\/","url":"https:\/\/kapitalis.com\/tunisie\/2025\/01\/18\/rencontre-contre-la-criminalisation-du-travail-civil-en-tunisie\/","name":"Rencontre contre la criminalisation du travail civil en Tunisie - Kapitalis","isPartOf":{"@id":"https:\/\/kapitalis.com\/tunisie\/#website"},"primaryImageOfPage":{"@id":"https:\/\/kapitalis.com\/tunisie\/2025\/01\/18\/rencontre-contre-la-criminalisation-du-travail-civil-en-tunisie\/#primaryimage"},"image":{"@id":"https:\/\/kapitalis.com\/tunisie\/2025\/01\/18\/rencontre-contre-la-criminalisation-du-travail-civil-en-tunisie\/#primaryimage"},"thumbnailUrl":"https:\/\/kapitalis.com\/tunisie\/wp-content\/uploads\/2025\/01\/Criminalisation-Societe-Civile.jpg","datePublished":"2025-01-18T10:22:59+00:00","dateModified":"2025-01-18T10:23:01+00:00","breadcrumb":{"@id":"https:\/\/kapitalis.com\/tunisie\/2025\/01\/18\/rencontre-contre-la-criminalisation-du-travail-civil-en-tunisie\/#breadcrumb"},"inLanguage":"fr-FR","potentialAction":[{"@type":"ReadAction","target":["https:\/\/kapitalis.com\/tunisie\/2025\/01\/18\/rencontre-contre-la-criminalisation-du-travail-civil-en-tunisie\/"]}]},{"@type":"ImageObject","inLanguage":"fr-FR","@id":"https:\/\/kapitalis.com\/tunisie\/2025\/01\/18\/rencontre-contre-la-criminalisation-du-travail-civil-en-tunisie\/#primaryimage","url":"https:\/\/kapitalis.com\/tunisie\/wp-content\/uploads\/2025\/01\/Criminalisation-Societe-Civile.jpg","contentUrl":"https:\/\/kapitalis.com\/tunisie\/wp-content\/uploads\/2025\/01\/Criminalisation-Societe-Civile.jpg","width":1200,"height":630},{"@type":"BreadcrumbList","@id":"https:\/\/kapitalis.com\/tunisie\/2025\/01\/18\/rencontre-contre-la-criminalisation-du-travail-civil-en-tunisie\/#breadcrumb","itemListElement":[{"@type":"ListItem","position":1,"name":"Accueil","item":"https:\/\/kapitalis.com\/tunisie\/"},{"@type":"ListItem","position":2,"name":"Rencontre contre la criminalisation du travail civil en Tunisie"}]},{"@type":"WebSite","@id":"https:\/\/kapitalis.com\/tunisie\/#website","url":"https:\/\/kapitalis.com\/tunisie\/","name":"Kapitalis","description":"L&#039;actualit\u00e9 en Tunisie et dans le monde","publisher":{"@id":"https:\/\/kapitalis.com\/tunisie\/#organization"},"potentialAction":[{"@type":"SearchAction","target":{"@type":"EntryPoint","urlTemplate":"https:\/\/kapitalis.com\/tunisie\/?s={search_term_string}"},"query-input":{"@type":"PropertyValueSpecification","valueRequired":true,"valueName":"search_term_string"}}],"inLanguage":"fr-FR"},{"@type":"Organization","@id":"https:\/\/kapitalis.com\/tunisie\/#organization","name":"Kapitalis","url":"https:\/\/kapitalis.com\/tunisie\/","logo":{"@type":"ImageObject","inLanguage":"fr-FR","@id":"https:\/\/kapitalis.com\/tunisie\/#\/schema\/logo\/image\/","url":"https:\/\/kapitalis.com\/tunisie\/wp-content\/uploads\/2022\/05\/Kapitalis-big-size.png","contentUrl":"https:\/\/kapitalis.com\/tunisie\/wp-content\/uploads\/2022\/05\/Kapitalis-big-size.png","width":5000,"height":1500,"caption":"Kapitalis"},"image":{"@id":"https:\/\/kapitalis.com\/tunisie\/#\/schema\/logo\/image\/"},"sameAs":["https:\/\/www.facebook.com\/KapitalisInfo\/","https:\/\/x.com\/KapitalisInfo","https:\/\/www.youtube.com\/channel\/UC-yDYrHyfFBWWZaOw3FPg9Q"]},{"@type":"Person","@id":"https:\/\/kapitalis.com\/tunisie\/#\/schema\/person\/d71f33a9ca44f7bad4698210b480c8e9","name":"webmaster kapitalis","url":"https:\/\/kapitalis.com\/tunisie\/author\/webmaster-kapitalis\/"}]}},"_links":{"self":[{"href":"https:\/\/kapitalis.com\/tunisie\/wp-json\/wp\/v2\/posts\/15215157","targetHints":{"allow":["GET"]}}],"collection":[{"href":"https:\/\/kapitalis.com\/tunisie\/wp-json\/wp\/v2\/posts"}],"about":[{"href":"https:\/\/kapitalis.com\/tunisie\/wp-json\/wp\/v2\/types\/post"}],"author":[{"embeddable":true,"href":"https:\/\/kapitalis.com\/tunisie\/wp-json\/wp\/v2\/users\/8"}],"replies":[{"embeddable":true,"href":"https:\/\/kapitalis.com\/tunisie\/wp-json\/wp\/v2\/comments?post=15215157"}],"version-history":[{"count":1,"href":"https:\/\/kapitalis.com\/tunisie\/wp-json\/wp\/v2\/posts\/15215157\/revisions"}],"predecessor-version":[{"id":15215170,"href":"https:\/\/kapitalis.com\/tunisie\/wp-json\/wp\/v2\/posts\/15215157\/revisions\/15215170"}],"wp:featuredmedia":[{"embeddable":true,"href":"https:\/\/kapitalis.com\/tunisie\/wp-json\/wp\/v2\/media\/15215166"}],"wp:attachment":[{"href":"https:\/\/kapitalis.com\/tunisie\/wp-json\/wp\/v2\/media?parent=15215157"}],"wp:term":[{"taxonomy":"category","embeddable":true,"href":"https:\/\/kapitalis.com\/tunisie\/wp-json\/wp\/v2\/categories?post=15215157"},{"taxonomy":"post_tag","embeddable":true,"href":"https:\/\/kapitalis.com\/tunisie\/wp-json\/wp\/v2\/tags?post=15215157"}],"curies":[{"name":"wp","href":"https:\/\/api.w.org\/{rel}","templated":true}]}}