{"id":15225939,"date":"2025-01-19T09:00:00","date_gmt":"2025-01-19T08:00:00","guid":{"rendered":"https:\/\/kapitalis.com\/tunisie\/?p=15225939"},"modified":"2025-01-19T08:27:43","modified_gmt":"2025-01-19T07:27:43","slug":"les-palestiniens-un-peuple-qui-refuse-de-ceder-sa-terre","status":"publish","type":"post","link":"https:\/\/kapitalis.com\/tunisie\/2025\/01\/19\/les-palestiniens-un-peuple-qui-refuse-de-ceder-sa-terre\/","title":{"rendered":"Les Palestiniens, un peuple qui refuse de c\u00e9der sa terre"},"content":{"rendered":"\n<p><strong><em>La guerre \u00e0 Gaza incarne le combat acharn\u00e9 des Palestiniens qui luttent, \u00e0 Gaza comme en Cisjordanie, pour rester enracin\u00e9 dans la terre de leurs anc\u00eatres, r\u00e9sistant avec courage aux tentatives de d\u00e9racinement, d\u2019expulsion et de g\u00e9nocide. Chaque jour, ce combat h\u00e9ro\u00efque et tragique r\u00e9v\u00e8le la force d\u2019un peuple qui refuse de c\u00e9der, malgr\u00e9 les ruines qui s\u2019amoncellent autour de lui, cons\u00e9quence des bombardements incessants de l\u2019arm\u00e9e d\u2019occupation isra\u00e9lienne.<\/em><\/strong> <em>(Illustration : un couple de Palestiniens devant leur maison d\u00e9truite par les occupants isra\u00e9liens \u00e0 J\u00e9rusalem).<\/em> <\/p>\n\n\n\n<p><strong>Kh\u00e9ma\u00efs Gharbi<\/strong><\/p>\n\n\n\n<!--more-->\n\n\n<div class=\"wp-block-image\">\n<figure class=\"alignleft size-full\"><img loading=\"lazy\" decoding=\"async\" width=\"200\" height=\"200\" src=\"https:\/\/kapitalis.com\/tunisie\/wp-content\/uploads\/2024\/11\/Khemais-Gharbi.jpg\" alt=\"\" class=\"wp-image-14682166\" srcset=\"https:\/\/kapitalis.com\/tunisie\/wp-content\/uploads\/2024\/11\/Khemais-Gharbi.jpg 200w, https:\/\/kapitalis.com\/tunisie\/wp-content\/uploads\/2024\/11\/Khemais-Gharbi-150x150.jpg 150w, https:\/\/kapitalis.com\/tunisie\/wp-content\/uploads\/2024\/11\/Khemais-Gharbi-120x120.jpg 120w\" sizes=\"auto, (max-width: 200px) 100vw, 200px\" \/><\/figure>\n<\/div>\n\n\n<p>Pourtant, loin de ces champs de d\u00e9vastation, certains, confortablement install\u00e9s derri\u00e8re leurs \u00e9crans, deviennent les relais d\u2019un pessimisme constant. Inlassablement, ils diffusent des nouvelles d\u00e9courageantes, comme s\u2019ils s\u2019\u00e9taient donn\u00e9 pour mission de briser l\u2019\u00e9lan de solidarit\u00e9 et d\u2019affaiblir la d\u00e9termination de ceux qui r\u00e9sistent. Les r\u00e9seaux sociaux deviennent alors des bulldozers virtuels, d\u00e9versant sans effort un flot de doutes et de d\u00e9couragement, empoisonnant les esprits.<\/p>\n\n\n\n<p>Aujourd\u2019hui, alors qu\u2019une lueur d\u2019espoir commence timidement \u00e0 poindre \u00e0 l\u2019horizon avec la perspective d\u2019un cessez-le-feu et d\u2019une tr\u00eave, ces m\u00eames voix n\u00e9gatives persistent. Plut\u00f4t que de se r\u00e9jouir, de compatir ou d\u2019apporter leur soutien \u00e0 un peuple d\u00e9vast\u00e9, elles s\u2019acharnent \u00e0 critiquer, comme si c\u2019\u00e9tait le moment d\u2019exhiber leur savoir. Elles oublient que des familles pleurent leurs proches, que des quartiers entiers ont \u00e9t\u00e9 r\u00e9duits en cendres, que des \u00e9coles, des h\u00f4pitaux et des villes enti\u00e8res ne sont plus que des d\u00e9combres.<\/p>\n\n\n\n<p>L\u2019image qui me vient \u00e0 l\u2019esprit est celle d\u2019une ambulance arrivant en urgence \u00e0 l\u2019h\u00f4pital, sir\u00e8ne hurlante. \u00c0 peine les portes ouvertes, quelqu\u2019un se pr\u00e9cipite non pas pour aider le bless\u00e9, mais pour lui d\u00e9verser un torrent de reproches. Quel cynisme.<\/p>\n\n\n\n<p>Il est temps de comprendre qu\u2019en temps de guerre, les mots peuvent \u00eatre des armes redoutables ou des pansements bienveillants. Choisissons de soutenir, d\u2019aider, d\u2019apaiser. La critique st\u00e9rile n\u2019a jamais relev\u00e9 une maison, ni apais\u00e9 une douleur. Mais un mot de r\u00e9confort, lui, peut raviver une \u00e9tincelle d\u2019espoir.<\/p>\n\n\n\n<p>Ne sous-estimons jamais la puissance des mots. Dans les t\u00e9n\u00e8bres de la guerre, l\u2019encouragement devient une forme de r\u00e9sistance, un rempart invisible mais solide contre le d\u00e9couragement et la peur. Semer l\u2019espoir, c\u2019est nourrir la r\u00e9silience, renforcer ceux que l\u2019on pr\u00e9tend vouloir aider. C\u2019est rappeler \u00e0 ceux qui luttent que leur combat n\u2019est pas vain, qu\u2019ils ne sont pas seuls.<\/p>\n\n\n\n<p>Le soutien moral, surtout en temps de guerre, est une arme consid\u00e9rable. Il ne d\u00e9truit pas, il construit. Il ne critique pas, il rel\u00e8ve. Il ne condamne pas, il console. \u00c0 quoi servent nos analyses et nos jugements s\u2019ils n\u2019apportent ni r\u00e9confort ni force \u00e0 ceux qui en ont d\u00e9sesp\u00e9r\u00e9ment besoin?<\/p>\n\n\n\n<p>Encourager, c\u2019est r\u00e9sister \u00e0 l\u2019indiff\u00e9rence. C\u2019est choisir d\u2019\u00eatre du c\u00f4t\u00e9 de la vie, de la dignit\u00e9 et de l\u2019espoir. Face \u00e0 la destruction, que nos paroles deviennent des ponts, pas des murs. Que nos voix portent des messages de force et de solidarit\u00e9, car parfois, un simple mot d\u2019espoir peut peser plus lourd qu\u2019une arme.<\/p>\n\n\n\n<p>* <em>Ecrivain et traducteur.<\/em><\/p>\n","protected":false},"excerpt":{"rendered":"<p>Un couple de Palestiniens devant leur maison d\u00e9truite par les occupants isra\u00e9liens \u00e0 J\u00e9rusalem: ils ne quitteront pas leur terre. <\/p>\n","protected":false},"author":8,"featured_media":14653900,"comment_status":"open","ping_status":"open","sticky":false,"template":"","format":"standard","meta":{"footnotes":""},"categories":[992,1000,2433],"tags":[83516,4027,2444,2739],"class_list":["post-15225939","post","type-post","status-publish","format-standard","has-post-thumbnail","hentry","category-a-la-une","category-tribune","category-tunisie","tag-armee-israelienne","tag-cisjordanie","tag-gaza","tag-palestiniens"],"yoast_head":"<!-- This site is optimized with the Yoast SEO plugin v26.6 - https:\/\/yoast.com\/wordpress\/plugins\/seo\/ -->\n<title>Les Palestiniens, un peuple qui refuse de c\u00e9der sa terre - Kapitalis<\/title>\n<meta name=\"robots\" content=\"index, follow, max-snippet:-1, max-image-preview:large, max-video-preview:-1\" \/>\n<link rel=\"canonical\" href=\"https:\/\/kapitalis.com\/tunisie\/2025\/01\/19\/les-palestiniens-un-peuple-qui-refuse-de-ceder-sa-terre\/\" \/>\n<meta property=\"og:locale\" content=\"fr_FR\" \/>\n<meta property=\"og:type\" content=\"article\" \/>\n<meta property=\"og:title\" content=\"Les Palestiniens, un peuple qui refuse de c\u00e9der sa terre - Kapitalis\" \/>\n<meta property=\"og:description\" content=\"Un couple de Palestiniens devant leur maison d\u00e9truite par les occupants isra\u00e9liens \u00e0 J\u00e9rusalem: ils ne quitteront pas leur terre.\" \/>\n<meta property=\"og:url\" content=\"https:\/\/kapitalis.com\/tunisie\/2025\/01\/19\/les-palestiniens-un-peuple-qui-refuse-de-ceder-sa-terre\/\" \/>\n<meta property=\"og:site_name\" content=\"Kapitalis\" \/>\n<meta property=\"article:publisher\" content=\"https:\/\/www.facebook.com\/KapitalisInfo\/\" \/>\n<meta property=\"article:published_time\" content=\"2025-01-19T08:00:00+00:00\" \/>\n<meta property=\"og:image\" content=\"https:\/\/kapitalis.com\/tunisie\/wp-content\/uploads\/2024\/11\/Jerusalem-Israel-detruit-des-maisons-de-Palestiniens.jpg\" \/>\n\t<meta property=\"og:image:width\" content=\"1200\" \/>\n\t<meta property=\"og:image:height\" content=\"630\" \/>\n\t<meta property=\"og:image:type\" content=\"image\/jpeg\" \/>\n<meta name=\"author\" content=\"webmaster kapitalis\" \/>\n<meta name=\"twitter:card\" content=\"summary_large_image\" \/>\n<meta name=\"twitter:creator\" content=\"@KapitalisInfo\" \/>\n<meta name=\"twitter:site\" content=\"@KapitalisInfo\" \/>\n<meta name=\"twitter:label1\" content=\"\u00c9crit par\" \/>\n\t<meta name=\"twitter:data1\" content=\"webmaster kapitalis\" \/>\n\t<meta name=\"twitter:label2\" content=\"Dur\u00e9e de lecture estim\u00e9e\" \/>\n\t<meta name=\"twitter:data2\" content=\"3 minutes\" \/>\n<script type=\"application\/ld+json\" class=\"yoast-schema-graph\">{\"@context\":\"https:\/\/schema.org\",\"@graph\":[{\"@type\":\"Article\",\"@id\":\"https:\/\/kapitalis.com\/tunisie\/2025\/01\/19\/les-palestiniens-un-peuple-qui-refuse-de-ceder-sa-terre\/#article\",\"isPartOf\":{\"@id\":\"https:\/\/kapitalis.com\/tunisie\/2025\/01\/19\/les-palestiniens-un-peuple-qui-refuse-de-ceder-sa-terre\/\"},\"author\":{\"name\":\"webmaster kapitalis\",\"@id\":\"https:\/\/kapitalis.com\/tunisie\/#\/schema\/person\/d71f33a9ca44f7bad4698210b480c8e9\"},\"headline\":\"Les Palestiniens, un peuple qui refuse de c\u00e9der sa terre\",\"datePublished\":\"2025-01-19T08:00:00+00:00\",\"mainEntityOfPage\":{\"@id\":\"https:\/\/kapitalis.com\/tunisie\/2025\/01\/19\/les-palestiniens-un-peuple-qui-refuse-de-ceder-sa-terre\/\"},\"wordCount\":592,\"commentCount\":1,\"publisher\":{\"@id\":\"https:\/\/kapitalis.com\/tunisie\/#organization\"},\"image\":{\"@id\":\"https:\/\/kapitalis.com\/tunisie\/2025\/01\/19\/les-palestiniens-un-peuple-qui-refuse-de-ceder-sa-terre\/#primaryimage\"},\"thumbnailUrl\":\"https:\/\/kapitalis.com\/tunisie\/wp-content\/uploads\/2024\/11\/Jerusalem-Israel-detruit-des-maisons-de-Palestiniens.jpg\",\"keywords\":[\"arm\u00e9e isra\u00e9lienne\",\"Cisjordanie\",\"Gaza\",\"Palestiniens\"],\"articleSection\":[\"A LA UNE\",\"TRIBUNE\",\"Tunisie\"],\"inLanguage\":\"fr-FR\",\"potentialAction\":[{\"@type\":\"CommentAction\",\"name\":\"Comment\",\"target\":[\"https:\/\/kapitalis.com\/tunisie\/2025\/01\/19\/les-palestiniens-un-peuple-qui-refuse-de-ceder-sa-terre\/#respond\"]}]},{\"@type\":\"WebPage\",\"@id\":\"https:\/\/kapitalis.com\/tunisie\/2025\/01\/19\/les-palestiniens-un-peuple-qui-refuse-de-ceder-sa-terre\/\",\"url\":\"https:\/\/kapitalis.com\/tunisie\/2025\/01\/19\/les-palestiniens-un-peuple-qui-refuse-de-ceder-sa-terre\/\",\"name\":\"Les Palestiniens, un peuple qui refuse de c\u00e9der sa terre - Kapitalis\",\"isPartOf\":{\"@id\":\"https:\/\/kapitalis.com\/tunisie\/#website\"},\"primaryImageOfPage\":{\"@id\":\"https:\/\/kapitalis.com\/tunisie\/2025\/01\/19\/les-palestiniens-un-peuple-qui-refuse-de-ceder-sa-terre\/#primaryimage\"},\"image\":{\"@id\":\"https:\/\/kapitalis.com\/tunisie\/2025\/01\/19\/les-palestiniens-un-peuple-qui-refuse-de-ceder-sa-terre\/#primaryimage\"},\"thumbnailUrl\":\"https:\/\/kapitalis.com\/tunisie\/wp-content\/uploads\/2024\/11\/Jerusalem-Israel-detruit-des-maisons-de-Palestiniens.jpg\",\"datePublished\":\"2025-01-19T08:00:00+00:00\",\"breadcrumb\":{\"@id\":\"https:\/\/kapitalis.com\/tunisie\/2025\/01\/19\/les-palestiniens-un-peuple-qui-refuse-de-ceder-sa-terre\/#breadcrumb\"},\"inLanguage\":\"fr-FR\",\"potentialAction\":[{\"@type\":\"ReadAction\",\"target\":[\"https:\/\/kapitalis.com\/tunisie\/2025\/01\/19\/les-palestiniens-un-peuple-qui-refuse-de-ceder-sa-terre\/\"]}]},{\"@type\":\"ImageObject\",\"inLanguage\":\"fr-FR\",\"@id\":\"https:\/\/kapitalis.com\/tunisie\/2025\/01\/19\/les-palestiniens-un-peuple-qui-refuse-de-ceder-sa-terre\/#primaryimage\",\"url\":\"https:\/\/kapitalis.com\/tunisie\/wp-content\/uploads\/2024\/11\/Jerusalem-Israel-detruit-des-maisons-de-Palestiniens.jpg\",\"contentUrl\":\"https:\/\/kapitalis.com\/tunisie\/wp-content\/uploads\/2024\/11\/Jerusalem-Israel-detruit-des-maisons-de-Palestiniens.jpg\",\"width\":1200,\"height\":630},{\"@type\":\"BreadcrumbList\",\"@id\":\"https:\/\/kapitalis.com\/tunisie\/2025\/01\/19\/les-palestiniens-un-peuple-qui-refuse-de-ceder-sa-terre\/#breadcrumb\",\"itemListElement\":[{\"@type\":\"ListItem\",\"position\":1,\"name\":\"Accueil\",\"item\":\"https:\/\/kapitalis.com\/tunisie\/\"},{\"@type\":\"ListItem\",\"position\":2,\"name\":\"Les Palestiniens, un peuple qui refuse de c\u00e9der sa terre\"}]},{\"@type\":\"WebSite\",\"@id\":\"https:\/\/kapitalis.com\/tunisie\/#website\",\"url\":\"https:\/\/kapitalis.com\/tunisie\/\",\"name\":\"Kapitalis\",\"description\":\"L&#039;actualit\u00e9 en Tunisie et dans le monde\",\"publisher\":{\"@id\":\"https:\/\/kapitalis.com\/tunisie\/#organization\"},\"potentialAction\":[{\"@type\":\"SearchAction\",\"target\":{\"@type\":\"EntryPoint\",\"urlTemplate\":\"https:\/\/kapitalis.com\/tunisie\/?s={search_term_string}\"},\"query-input\":{\"@type\":\"PropertyValueSpecification\",\"valueRequired\":true,\"valueName\":\"search_term_string\"}}],\"inLanguage\":\"fr-FR\"},{\"@type\":\"Organization\",\"@id\":\"https:\/\/kapitalis.com\/tunisie\/#organization\",\"name\":\"Kapitalis\",\"url\":\"https:\/\/kapitalis.com\/tunisie\/\",\"logo\":{\"@type\":\"ImageObject\",\"inLanguage\":\"fr-FR\",\"@id\":\"https:\/\/kapitalis.com\/tunisie\/#\/schema\/logo\/image\/\",\"url\":\"https:\/\/kapitalis.com\/tunisie\/wp-content\/uploads\/2022\/05\/Kapitalis-big-size.png\",\"contentUrl\":\"https:\/\/kapitalis.com\/tunisie\/wp-content\/uploads\/2022\/05\/Kapitalis-big-size.png\",\"width\":5000,\"height\":1500,\"caption\":\"Kapitalis\"},\"image\":{\"@id\":\"https:\/\/kapitalis.com\/tunisie\/#\/schema\/logo\/image\/\"},\"sameAs\":[\"https:\/\/www.facebook.com\/KapitalisInfo\/\",\"https:\/\/x.com\/KapitalisInfo\",\"https:\/\/www.youtube.com\/channel\/UC-yDYrHyfFBWWZaOw3FPg9Q\"]},{\"@type\":\"Person\",\"@id\":\"https:\/\/kapitalis.com\/tunisie\/#\/schema\/person\/d71f33a9ca44f7bad4698210b480c8e9\",\"name\":\"webmaster kapitalis\",\"url\":\"https:\/\/kapitalis.com\/tunisie\/author\/webmaster-kapitalis\/\"}]}<\/script>\n<!-- \/ Yoast SEO plugin. -->","yoast_head_json":{"title":"Les Palestiniens, un peuple qui refuse de c\u00e9der sa terre - Kapitalis","robots":{"index":"index","follow":"follow","max-snippet":"max-snippet:-1","max-image-preview":"max-image-preview:large","max-video-preview":"max-video-preview:-1"},"canonical":"https:\/\/kapitalis.com\/tunisie\/2025\/01\/19\/les-palestiniens-un-peuple-qui-refuse-de-ceder-sa-terre\/","og_locale":"fr_FR","og_type":"article","og_title":"Les Palestiniens, un peuple qui refuse de c\u00e9der sa terre - Kapitalis","og_description":"Un couple de Palestiniens devant leur maison d\u00e9truite par les occupants isra\u00e9liens \u00e0 J\u00e9rusalem: ils ne quitteront pas leur terre.","og_url":"https:\/\/kapitalis.com\/tunisie\/2025\/01\/19\/les-palestiniens-un-peuple-qui-refuse-de-ceder-sa-terre\/","og_site_name":"Kapitalis","article_publisher":"https:\/\/www.facebook.com\/KapitalisInfo\/","article_published_time":"2025-01-19T08:00:00+00:00","og_image":[{"width":1200,"height":630,"url":"https:\/\/kapitalis.com\/tunisie\/wp-content\/uploads\/2024\/11\/Jerusalem-Israel-detruit-des-maisons-de-Palestiniens.jpg","type":"image\/jpeg"}],"author":"webmaster kapitalis","twitter_card":"summary_large_image","twitter_creator":"@KapitalisInfo","twitter_site":"@KapitalisInfo","twitter_misc":{"\u00c9crit par":"webmaster kapitalis","Dur\u00e9e de lecture estim\u00e9e":"3 minutes"},"schema":{"@context":"https:\/\/schema.org","@graph":[{"@type":"Article","@id":"https:\/\/kapitalis.com\/tunisie\/2025\/01\/19\/les-palestiniens-un-peuple-qui-refuse-de-ceder-sa-terre\/#article","isPartOf":{"@id":"https:\/\/kapitalis.com\/tunisie\/2025\/01\/19\/les-palestiniens-un-peuple-qui-refuse-de-ceder-sa-terre\/"},"author":{"name":"webmaster kapitalis","@id":"https:\/\/kapitalis.com\/tunisie\/#\/schema\/person\/d71f33a9ca44f7bad4698210b480c8e9"},"headline":"Les Palestiniens, un peuple qui refuse de c\u00e9der sa terre","datePublished":"2025-01-19T08:00:00+00:00","mainEntityOfPage":{"@id":"https:\/\/kapitalis.com\/tunisie\/2025\/01\/19\/les-palestiniens-un-peuple-qui-refuse-de-ceder-sa-terre\/"},"wordCount":592,"commentCount":1,"publisher":{"@id":"https:\/\/kapitalis.com\/tunisie\/#organization"},"image":{"@id":"https:\/\/kapitalis.com\/tunisie\/2025\/01\/19\/les-palestiniens-un-peuple-qui-refuse-de-ceder-sa-terre\/#primaryimage"},"thumbnailUrl":"https:\/\/kapitalis.com\/tunisie\/wp-content\/uploads\/2024\/11\/Jerusalem-Israel-detruit-des-maisons-de-Palestiniens.jpg","keywords":["arm\u00e9e isra\u00e9lienne","Cisjordanie","Gaza","Palestiniens"],"articleSection":["A LA UNE","TRIBUNE","Tunisie"],"inLanguage":"fr-FR","potentialAction":[{"@type":"CommentAction","name":"Comment","target":["https:\/\/kapitalis.com\/tunisie\/2025\/01\/19\/les-palestiniens-un-peuple-qui-refuse-de-ceder-sa-terre\/#respond"]}]},{"@type":"WebPage","@id":"https:\/\/kapitalis.com\/tunisie\/2025\/01\/19\/les-palestiniens-un-peuple-qui-refuse-de-ceder-sa-terre\/","url":"https:\/\/kapitalis.com\/tunisie\/2025\/01\/19\/les-palestiniens-un-peuple-qui-refuse-de-ceder-sa-terre\/","name":"Les Palestiniens, un peuple qui refuse de c\u00e9der sa terre - Kapitalis","isPartOf":{"@id":"https:\/\/kapitalis.com\/tunisie\/#website"},"primaryImageOfPage":{"@id":"https:\/\/kapitalis.com\/tunisie\/2025\/01\/19\/les-palestiniens-un-peuple-qui-refuse-de-ceder-sa-terre\/#primaryimage"},"image":{"@id":"https:\/\/kapitalis.com\/tunisie\/2025\/01\/19\/les-palestiniens-un-peuple-qui-refuse-de-ceder-sa-terre\/#primaryimage"},"thumbnailUrl":"https:\/\/kapitalis.com\/tunisie\/wp-content\/uploads\/2024\/11\/Jerusalem-Israel-detruit-des-maisons-de-Palestiniens.jpg","datePublished":"2025-01-19T08:00:00+00:00","breadcrumb":{"@id":"https:\/\/kapitalis.com\/tunisie\/2025\/01\/19\/les-palestiniens-un-peuple-qui-refuse-de-ceder-sa-terre\/#breadcrumb"},"inLanguage":"fr-FR","potentialAction":[{"@type":"ReadAction","target":["https:\/\/kapitalis.com\/tunisie\/2025\/01\/19\/les-palestiniens-un-peuple-qui-refuse-de-ceder-sa-terre\/"]}]},{"@type":"ImageObject","inLanguage":"fr-FR","@id":"https:\/\/kapitalis.com\/tunisie\/2025\/01\/19\/les-palestiniens-un-peuple-qui-refuse-de-ceder-sa-terre\/#primaryimage","url":"https:\/\/kapitalis.com\/tunisie\/wp-content\/uploads\/2024\/11\/Jerusalem-Israel-detruit-des-maisons-de-Palestiniens.jpg","contentUrl":"https:\/\/kapitalis.com\/tunisie\/wp-content\/uploads\/2024\/11\/Jerusalem-Israel-detruit-des-maisons-de-Palestiniens.jpg","width":1200,"height":630},{"@type":"BreadcrumbList","@id":"https:\/\/kapitalis.com\/tunisie\/2025\/01\/19\/les-palestiniens-un-peuple-qui-refuse-de-ceder-sa-terre\/#breadcrumb","itemListElement":[{"@type":"ListItem","position":1,"name":"Accueil","item":"https:\/\/kapitalis.com\/tunisie\/"},{"@type":"ListItem","position":2,"name":"Les Palestiniens, un peuple qui refuse de c\u00e9der sa terre"}]},{"@type":"WebSite","@id":"https:\/\/kapitalis.com\/tunisie\/#website","url":"https:\/\/kapitalis.com\/tunisie\/","name":"Kapitalis","description":"L&#039;actualit\u00e9 en Tunisie et dans le monde","publisher":{"@id":"https:\/\/kapitalis.com\/tunisie\/#organization"},"potentialAction":[{"@type":"SearchAction","target":{"@type":"EntryPoint","urlTemplate":"https:\/\/kapitalis.com\/tunisie\/?s={search_term_string}"},"query-input":{"@type":"PropertyValueSpecification","valueRequired":true,"valueName":"search_term_string"}}],"inLanguage":"fr-FR"},{"@type":"Organization","@id":"https:\/\/kapitalis.com\/tunisie\/#organization","name":"Kapitalis","url":"https:\/\/kapitalis.com\/tunisie\/","logo":{"@type":"ImageObject","inLanguage":"fr-FR","@id":"https:\/\/kapitalis.com\/tunisie\/#\/schema\/logo\/image\/","url":"https:\/\/kapitalis.com\/tunisie\/wp-content\/uploads\/2022\/05\/Kapitalis-big-size.png","contentUrl":"https:\/\/kapitalis.com\/tunisie\/wp-content\/uploads\/2022\/05\/Kapitalis-big-size.png","width":5000,"height":1500,"caption":"Kapitalis"},"image":{"@id":"https:\/\/kapitalis.com\/tunisie\/#\/schema\/logo\/image\/"},"sameAs":["https:\/\/www.facebook.com\/KapitalisInfo\/","https:\/\/x.com\/KapitalisInfo","https:\/\/www.youtube.com\/channel\/UC-yDYrHyfFBWWZaOw3FPg9Q"]},{"@type":"Person","@id":"https:\/\/kapitalis.com\/tunisie\/#\/schema\/person\/d71f33a9ca44f7bad4698210b480c8e9","name":"webmaster kapitalis","url":"https:\/\/kapitalis.com\/tunisie\/author\/webmaster-kapitalis\/"}]}},"_links":{"self":[{"href":"https:\/\/kapitalis.com\/tunisie\/wp-json\/wp\/v2\/posts\/15225939","targetHints":{"allow":["GET"]}}],"collection":[{"href":"https:\/\/kapitalis.com\/tunisie\/wp-json\/wp\/v2\/posts"}],"about":[{"href":"https:\/\/kapitalis.com\/tunisie\/wp-json\/wp\/v2\/types\/post"}],"author":[{"embeddable":true,"href":"https:\/\/kapitalis.com\/tunisie\/wp-json\/wp\/v2\/users\/8"}],"replies":[{"embeddable":true,"href":"https:\/\/kapitalis.com\/tunisie\/wp-json\/wp\/v2\/comments?post=15225939"}],"version-history":[{"count":1,"href":"https:\/\/kapitalis.com\/tunisie\/wp-json\/wp\/v2\/posts\/15225939\/revisions"}],"predecessor-version":[{"id":15225963,"href":"https:\/\/kapitalis.com\/tunisie\/wp-json\/wp\/v2\/posts\/15225939\/revisions\/15225963"}],"wp:featuredmedia":[{"embeddable":true,"href":"https:\/\/kapitalis.com\/tunisie\/wp-json\/wp\/v2\/media\/14653900"}],"wp:attachment":[{"href":"https:\/\/kapitalis.com\/tunisie\/wp-json\/wp\/v2\/media?parent=15225939"}],"wp:term":[{"taxonomy":"category","embeddable":true,"href":"https:\/\/kapitalis.com\/tunisie\/wp-json\/wp\/v2\/categories?post=15225939"},{"taxonomy":"post_tag","embeddable":true,"href":"https:\/\/kapitalis.com\/tunisie\/wp-json\/wp\/v2\/tags?post=15225939"}],"curies":[{"name":"wp","href":"https:\/\/api.w.org\/{rel}","templated":true}]}}