{"id":152304,"date":"2018-05-04T09:55:36","date_gmt":"2018-05-04T08:55:36","guid":{"rendered":"http:\/\/kapitalis.com\/tunisie\/?p=152304"},"modified":"2018-05-04T09:55:36","modified_gmt":"2018-05-04T08:55:36","slug":"textile-habillement-tunisien-apres-la-crise-les-beaux-jours","status":"publish","type":"post","link":"https:\/\/kapitalis.com\/tunisie\/2018\/05\/04\/textile-habillement-tunisien-apres-la-crise-les-beaux-jours\/","title":{"rendered":"Textile-habillement tunisien : Apr\u00e8s la crise, les beaux jours\u2026"},"content":{"rendered":"<p style=\"text-align: center;\"><img loading=\"lazy\" decoding=\"async\" class=\"alignnone size-full wp-image-82472\" src=\"http:\/\/kapitalis.com\/tunisie\/wp-content\/uploads\/2017\/02\/Textile-Habillement.jpg\" alt=\"\" width=\"626\" height=\"380\" \/><\/p>\n<p><em><strong>Le secteur textile-habillement revient de loin apr\u00e8s la fermeture, en 6 ans, de 400 entreprises et la perte de 40.000 emplois. De nouvelles mesures incitatives et une conjoncture plus favorable expliquent la reprise qu\u2019il conna\u00eet depuis le d\u00e9but de 2018.<\/strong><\/em><\/p>\n<p>Par <strong>Kh\u00e9maies Krimi<\/strong><\/p>\n<p><!--more--><\/p>\n<p>Depuis qu\u2019ils ont menac\u00e9, il y a une ann\u00e9e, de prendre leur autonomie et de couper le cordon ombilical avec l\u2019Union tunisienne de l\u2019industrie, du commerce et de l\u2019artisanat (Utica, la centrale patronale) \u00e0 laquelle ils reprochaient d\u2019avoir cautionn\u00e9 en leur nom des augmentations salariales qu\u2019ils ne pouvaient pas assurer, les industriels tunisiens du textile se sont group\u00e9s autour de leur puissante f\u00e9d\u00e9ration, la F\u00e9d\u00e9ration tunisienne du textile habillement (<a href=\"http:\/\/kapitalis.com\/tunisie\/2017\/12\/21\/textile-ftth-reunit-1er-congres-affiche-ambitions\/\">FTTH<\/a>) et son nouveau bureau ex\u00e9cutif, ont su profiter de ce diff\u00e9rend pour attirer l\u2019attention sur les difficult\u00e9s qu\u2019ils rencontrent et surtout amener le gouvernement \u00e0 prendre d\u2019importantes d\u00e9cisions en leur faveur.<\/p>\n<h3>Deux d\u00e9cisions qui interviennent au bon moment<\/h3>\n<p>La premi\u00e8re, annonc\u00e9e le 19 avril 2018, est la d\u00e9cision de la Caisse nationale de s\u00e9curit\u00e9 sociale (CNSS) de r\u00e9\u00e9chelonner sur 6 ans, avec un d\u00e9lai de gr\u00e2ce d\u2019une ann\u00e9e, les dettes des entreprises du textile qui passent par des difficult\u00e9s conjoncturelles. En contrepartie, celles-ci, qui ont \u00e9t\u00e9 affect\u00e9es dramatiquement depuis plus de 6 ans par le triple effet de la forte pression concurrentielle venue principalement d\u2019Asie (importations anarchiques), l\u2019absence de nouveaux investissements et l\u2019explosion structurelle de la masse salariale, sont appel\u00e9es \u00e0 rembourser, \u00e0 titre symbolique, 5% de l\u2019int\u00e9r\u00eat principal, et ce, \u00e0 compter de fin juillet 2018.<\/p>\n<p>La deuxi\u00e8me d\u00e9cision, annonc\u00e9e le m\u00eame jour, concerne la promotion des produits et de l\u2019investissement \u00e9tranger direct dans ce secteur.<\/p>\n<p>Dans ce contexte, une enveloppe de 4,5 millions de dinars tunisiens (MDT) a \u00e9t\u00e9 allou\u00e9e au Centre de promotion des exportations (Cepex) pour r\u00e9aliser, sur la p\u00e9riode 2017-2019, une strat\u00e9gie de marketing et de commercialisation des produits textiles et habillement.<\/p>\n<p>Parall\u00e8lement, une enveloppe de 2,2MDT a \u00e9t\u00e9 accord\u00e9e \u00e0 l\u2019Agence de promotion de l\u2019industrie et de l\u2019innovation (APII) pour faire conna\u00eetre les opportunit\u00e9s de partenariat et d\u2019investissement dans ce secteur.<\/p>\n<p>Ces deux d\u00e9cisions interviennent \u00e0 un moment opportun en ce sens o\u00f9 la zone euro, principal d\u00e9bouch\u00e9 du textile tunisien \u00e0 l\u2019export, conna\u00eet une nette reprise et, son corollaire, une forte demande des produits textiles tunisiens.<\/p>\n<p>Lors de sa premi\u00e8re sortie en public, le nouveau gouverneur de la Banque centrale de Tunisie (BCT), Marouane El Abbassi, s\u2019en est fait l\u2019\u00e9cho en parlant de l\u2019impact positif de l\u2019accroissement des exportations sur la r\u00e9duction du d\u00e9ficit commercial, mettant l\u2019accent sur la disponibilit\u00e9, \u00e0 cette fin, de niches \u00e0 valoriser \u00e0 l\u2019exportation dont le textile.<\/p>\n<p>Par ailleurs, ces d\u00e9cisions incitatives interviennent dans un contexte de rebond pour la fili\u00e8re \u00e0 l\u2019international, gr\u00e2ce \u00e0 une comp\u00e9titivit\u00e9 accrue et la volont\u00e9 europ\u00e9enne de r\u00e9\u00e9quilibrer les \u00e9changes avec les concurrents de la Tunisie, la Chine et la Turquie.<\/p>\n<p>Est-il besoin de rappeler, \u00e0 ce propos, que la Tunisie a perdu quatre places dans le classement des pays exportateurs d\u2019habillement sur l\u2019Union europ\u00e9enne (UE), passant de la 5e en 2005 \u00e0 la 9e en 2015, par l\u2019effet de l\u2019obligation faite \u00e0 la Tunisie de n\u2019importer que le tissu europ\u00e9en, contrairement \u00e0 ses concurrents asiatiques qui pouvaient acqu\u00e9rir leurs mati\u00e8res premi\u00e8res \u00e0 des prix comp\u00e9titifs en dehors de l\u2019Europe.<\/p>\n<h3>Autre atouts pour retrouver des couleurs<\/h3>\n<p>Au rayon des incitations \u00e0 l\u2019investissement, les textiliens, qui ont b\u00e9n\u00e9fici\u00e9, en 2017, d\u2019une ligne de cr\u00e9dit de 70 MDT, vont b\u00e9n\u00e9ficier, cette ann\u00e9e, d\u2019une partie d\u2019une nouvelle ligne de cr\u00e9dit de 100 MDT pr\u00e9vue par le Loi de Finances 2018. Cette ligne, mise \u00e0 la disposition des banques pour financer la restructuration financi\u00e8re des PME, permettra de refinancer les cr\u00e9dits r\u00e9\u00e9chelonn\u00e9s aupr\u00e8s des banques et de financer les \u00e9tudes de diagnostic financier et \u00e9conomique, outre, les actions d\u2019accompagnement des programmes de restructuration financi\u00e8re.<\/p>\n<p>Au plan de la paix sociale, le nouveau bureau ex\u00e9cutif de la FTTH, \u00e9lu le 17 d\u00e9cembre 2017, a opt\u00e9 pour la n\u00e9gociation avec les syndicats des travailleurs sur la base d\u2019une \u00abd\u00e9marche de coresponsabilit\u00e9\u00bb, dans un esprit <em>\u00abgagnant-gagnant\u00bb<\/em>, devant assurer la p\u00e9rennit\u00e9 des entreprises et des emplois.<\/p>\n<p>Le talon d\u2019Achille du secteur, on le sait, est la formation sp\u00e9cialis\u00e9e et l\u2019adaptation \u00e0 de nouveaux produits dont le textile technique. \u00c0 ce propos, le ministre de la Formation professionnelle et de l\u2019Emploi, Faouzi Abderrahmane, s\u2019est engag\u00e9, r\u00e9cemment, \u00e0 travailler avec les professionnels pour am\u00e9liorer la qualit\u00e9 de la formation dans le secteur, appelant la FTTH \u00e0 lui transmettre ses besoins en mati\u00e8re de formation, en vue de prospecter les ressources mat\u00e9rielles et humaines n\u00e9cessaires.<\/p>\n<p>Par-del\u00e0 ces bonnes nouvelles, qui annoncent une reprise du secteur sur de nouvelles bases, il faut reconna\u00eetre que le textile-habillement, second poste d\u2019exportation de la Tunisie, apr\u00e8s les industries m\u00e9caniques et \u00e9lectriques, revient de loin apr\u00e8s la fermeture, en 6 ans, de 400 entreprises et la perte de 40.000 emplois. Esp\u00e9rons qu\u2019il retrouvera dans les meilleurs d\u00e9lais son image d\u2019antan de moteur de l\u2019\u00e9conomie tunisienne.<\/p>\n<blockquote class=\"wp-embedded-content\" data-secret=\"o7aVmK9p7R\"><p><a href=\"https:\/\/kapitalis.com\/tunisie\/2018\/01\/02\/textile-sur-5-produits-vendus-en-tunisie-un-seul-made-in-tunisia\/\">Textile : Sur 5 produits vendus en Tunisie, un seul \u00abmade in Tunisia\u00bb<\/a><\/p><\/blockquote>\n<p><iframe loading=\"lazy\" class=\"wp-embedded-content\" sandbox=\"allow-scripts\" security=\"restricted\" style=\"position: absolute; clip: rect(1px, 1px, 1px, 1px);\" title=\"\u00ab\u00a0Textile : Sur 5 produits vendus en Tunisie, un seul \u00abmade in Tunisia\u00bb\u00a0\u00bb &#8212; Kapitalis\" src=\"https:\/\/kapitalis.com\/tunisie\/2018\/01\/02\/textile-sur-5-produits-vendus-en-tunisie-un-seul-made-in-tunisia\/embed\/#?secret=6VyphMb2Du#?secret=o7aVmK9p7R\" data-secret=\"o7aVmK9p7R\" width=\"600\" height=\"338\" frameborder=\"0\" marginwidth=\"0\" marginheight=\"0\" scrolling=\"no\"><\/iframe><\/p>\n<blockquote class=\"wp-embedded-content\" data-secret=\"p2peekqkmx\"><p><a href=\"https:\/\/kapitalis.com\/tunisie\/2017\/12\/26\/industrie-textile-tunisien-creer-100-000-emplois\/\">Le textile tunisien peut cr\u00e9er 100.000 emplois pour peu&#8230;<\/a><\/p><\/blockquote>\n<p><iframe loading=\"lazy\" class=\"wp-embedded-content\" sandbox=\"allow-scripts\" security=\"restricted\" style=\"position: absolute; clip: rect(1px, 1px, 1px, 1px);\" title=\"\u00ab\u00a0Le textile tunisien peut cr\u00e9er 100.000 emplois pour peu&#8230;\u00a0\u00bb &#8212; Kapitalis\" src=\"https:\/\/kapitalis.com\/tunisie\/2017\/12\/26\/industrie-textile-tunisien-creer-100-000-emplois\/embed\/#?secret=b5RuNsJaqf#?secret=p2peekqkmx\" data-secret=\"p2peekqkmx\" width=\"600\" height=\"338\" frameborder=\"0\" marginwidth=\"0\" marginheight=\"0\" scrolling=\"no\"><\/iframe><\/p>\n<blockquote class=\"wp-embedded-content\" data-secret=\"0vlsMnshJm\"><p><a href=\"https:\/\/kapitalis.com\/tunisie\/2016\/07\/07\/les-maux-chroniques-du-secteur-du-textile-habillement-tunisien\/\">Les maux chroniques du secteur du textile-habillement tunisien<\/a><\/p><\/blockquote>\n<p><iframe loading=\"lazy\" class=\"wp-embedded-content\" sandbox=\"allow-scripts\" security=\"restricted\" style=\"position: absolute; clip: rect(1px, 1px, 1px, 1px);\" title=\"\u00ab\u00a0Les maux chroniques du secteur du textile-habillement tunisien\u00a0\u00bb &#8212; Kapitalis\" src=\"https:\/\/kapitalis.com\/tunisie\/2016\/07\/07\/les-maux-chroniques-du-secteur-du-textile-habillement-tunisien\/embed\/#?secret=fJ7yD7WslX#?secret=0vlsMnshJm\" data-secret=\"0vlsMnshJm\" width=\"600\" height=\"338\" frameborder=\"0\" marginwidth=\"0\" marginheight=\"0\" scrolling=\"no\"><\/iframe><\/p>\n","protected":false},"excerpt":{"rendered":"<p>Le secteur textile-habillement revient de loin apr\u00e8s la fermeture, en 6 ans, de 400 entreprises et la perte de 40.000 emplois. De nouvelles mesures incitatives et une conjoncture plus favorable expliquent la reprise qu\u2019il conna\u00eet depuis le d\u00e9but de 2018. Par Kh\u00e9maies Krimi<\/p>\n","protected":false},"author":8,"featured_media":0,"comment_status":"open","ping_status":"open","sticky":false,"template":"","format":"standard","meta":{"footnotes":""},"categories":[992,995,2433],"tags":[3415,1575,212,36583,30911,5763,937],"class_list":["post-152304","post","type-post","status-publish","format-standard","hentry","category-a-la-une","category-economie","category-tunisie","tag-apii","tag-cepex","tag-cnss","tag-faouzi-abderrahmane","tag-ftth","tag-textile-habillement","tag-union-europeenne"],"yoast_head":"<!-- This site is optimized with the Yoast SEO plugin v26.6 - https:\/\/yoast.com\/wordpress\/plugins\/seo\/ -->\n<title>Textile-habillement tunisien : Apr\u00e8s la crise, les beaux jours\u2026 - Kapitalis<\/title>\n<meta name=\"robots\" content=\"index, follow, max-snippet:-1, max-image-preview:large, max-video-preview:-1\" \/>\n<link rel=\"canonical\" href=\"https:\/\/kapitalis.com\/tunisie\/2018\/05\/04\/textile-habillement-tunisien-apres-la-crise-les-beaux-jours\/\" \/>\n<meta property=\"og:locale\" content=\"fr_FR\" \/>\n<meta property=\"og:type\" content=\"article\" \/>\n<meta property=\"og:title\" content=\"Textile-habillement tunisien : Apr\u00e8s la crise, les beaux jours\u2026 - Kapitalis\" \/>\n<meta property=\"og:description\" content=\"Le secteur textile-habillement revient de loin apr\u00e8s la fermeture, en 6 ans, de 400 entreprises et la perte de 40.000 emplois. De nouvelles mesures incitatives et une conjoncture plus favorable expliquent la reprise qu\u2019il conna\u00eet depuis le d\u00e9but de 2018. Par Kh\u00e9maies Krimi\" \/>\n<meta property=\"og:url\" content=\"https:\/\/kapitalis.com\/tunisie\/2018\/05\/04\/textile-habillement-tunisien-apres-la-crise-les-beaux-jours\/\" \/>\n<meta property=\"og:site_name\" content=\"Kapitalis\" \/>\n<meta property=\"article:publisher\" content=\"https:\/\/www.facebook.com\/KapitalisInfo\/\" \/>\n<meta property=\"article:published_time\" content=\"2018-05-04T08:55:36+00:00\" \/>\n<meta property=\"og:image\" content=\"http:\/\/kapitalis.com\/tunisie\/wp-content\/uploads\/2017\/02\/Textile-Habillement.jpg\" \/>\n<meta name=\"author\" content=\"webmaster kapitalis\" \/>\n<meta name=\"twitter:card\" content=\"summary_large_image\" \/>\n<meta name=\"twitter:creator\" content=\"@KapitalisInfo\" \/>\n<meta name=\"twitter:site\" content=\"@KapitalisInfo\" \/>\n<meta name=\"twitter:label1\" content=\"\u00c9crit par\" \/>\n\t<meta name=\"twitter:data1\" content=\"webmaster kapitalis\" \/>\n\t<meta name=\"twitter:label2\" content=\"Dur\u00e9e de lecture estim\u00e9e\" \/>\n\t<meta name=\"twitter:data2\" content=\"5 minutes\" \/>\n<script type=\"application\/ld+json\" class=\"yoast-schema-graph\">{\"@context\":\"https:\/\/schema.org\",\"@graph\":[{\"@type\":\"Article\",\"@id\":\"https:\/\/kapitalis.com\/tunisie\/2018\/05\/04\/textile-habillement-tunisien-apres-la-crise-les-beaux-jours\/#article\",\"isPartOf\":{\"@id\":\"https:\/\/kapitalis.com\/tunisie\/2018\/05\/04\/textile-habillement-tunisien-apres-la-crise-les-beaux-jours\/\"},\"author\":{\"name\":\"webmaster kapitalis\",\"@id\":\"https:\/\/kapitalis.com\/tunisie\/#\/schema\/person\/d71f33a9ca44f7bad4698210b480c8e9\"},\"headline\":\"Textile-habillement tunisien : Apr\u00e8s la crise, les beaux jours\u2026\",\"datePublished\":\"2018-05-04T08:55:36+00:00\",\"mainEntityOfPage\":{\"@id\":\"https:\/\/kapitalis.com\/tunisie\/2018\/05\/04\/textile-habillement-tunisien-apres-la-crise-les-beaux-jours\/\"},\"wordCount\":939,\"commentCount\":1,\"publisher\":{\"@id\":\"https:\/\/kapitalis.com\/tunisie\/#organization\"},\"image\":{\"@id\":\"https:\/\/kapitalis.com\/tunisie\/2018\/05\/04\/textile-habillement-tunisien-apres-la-crise-les-beaux-jours\/#primaryimage\"},\"thumbnailUrl\":\"http:\/\/kapitalis.com\/tunisie\/wp-content\/uploads\/2017\/02\/Textile-Habillement.jpg\",\"keywords\":[\"APII\",\"Cepex\",\"CNSS\",\"Faouzi Abderrahmane\",\"FTTH\",\"textile-habillement\",\"Union europ\u00e9enne\"],\"articleSection\":[\"A LA UNE\",\"ECONOMIE\",\"Tunisie\"],\"inLanguage\":\"fr-FR\",\"potentialAction\":[{\"@type\":\"CommentAction\",\"name\":\"Comment\",\"target\":[\"https:\/\/kapitalis.com\/tunisie\/2018\/05\/04\/textile-habillement-tunisien-apres-la-crise-les-beaux-jours\/#respond\"]}]},{\"@type\":\"WebPage\",\"@id\":\"https:\/\/kapitalis.com\/tunisie\/2018\/05\/04\/textile-habillement-tunisien-apres-la-crise-les-beaux-jours\/\",\"url\":\"https:\/\/kapitalis.com\/tunisie\/2018\/05\/04\/textile-habillement-tunisien-apres-la-crise-les-beaux-jours\/\",\"name\":\"Textile-habillement tunisien : Apr\u00e8s la crise, les beaux jours\u2026 - Kapitalis\",\"isPartOf\":{\"@id\":\"https:\/\/kapitalis.com\/tunisie\/#website\"},\"primaryImageOfPage\":{\"@id\":\"https:\/\/kapitalis.com\/tunisie\/2018\/05\/04\/textile-habillement-tunisien-apres-la-crise-les-beaux-jours\/#primaryimage\"},\"image\":{\"@id\":\"https:\/\/kapitalis.com\/tunisie\/2018\/05\/04\/textile-habillement-tunisien-apres-la-crise-les-beaux-jours\/#primaryimage\"},\"thumbnailUrl\":\"http:\/\/kapitalis.com\/tunisie\/wp-content\/uploads\/2017\/02\/Textile-Habillement.jpg\",\"datePublished\":\"2018-05-04T08:55:36+00:00\",\"breadcrumb\":{\"@id\":\"https:\/\/kapitalis.com\/tunisie\/2018\/05\/04\/textile-habillement-tunisien-apres-la-crise-les-beaux-jours\/#breadcrumb\"},\"inLanguage\":\"fr-FR\",\"potentialAction\":[{\"@type\":\"ReadAction\",\"target\":[\"https:\/\/kapitalis.com\/tunisie\/2018\/05\/04\/textile-habillement-tunisien-apres-la-crise-les-beaux-jours\/\"]}]},{\"@type\":\"ImageObject\",\"inLanguage\":\"fr-FR\",\"@id\":\"https:\/\/kapitalis.com\/tunisie\/2018\/05\/04\/textile-habillement-tunisien-apres-la-crise-les-beaux-jours\/#primaryimage\",\"url\":\"http:\/\/kapitalis.com\/tunisie\/wp-content\/uploads\/2017\/02\/Textile-Habillement.jpg\",\"contentUrl\":\"http:\/\/kapitalis.com\/tunisie\/wp-content\/uploads\/2017\/02\/Textile-Habillement.jpg\"},{\"@type\":\"BreadcrumbList\",\"@id\":\"https:\/\/kapitalis.com\/tunisie\/2018\/05\/04\/textile-habillement-tunisien-apres-la-crise-les-beaux-jours\/#breadcrumb\",\"itemListElement\":[{\"@type\":\"ListItem\",\"position\":1,\"name\":\"Accueil\",\"item\":\"https:\/\/kapitalis.com\/tunisie\/\"},{\"@type\":\"ListItem\",\"position\":2,\"name\":\"Textile-habillement tunisien : Apr\u00e8s la crise, les beaux jours\u2026\"}]},{\"@type\":\"WebSite\",\"@id\":\"https:\/\/kapitalis.com\/tunisie\/#website\",\"url\":\"https:\/\/kapitalis.com\/tunisie\/\",\"name\":\"Kapitalis\",\"description\":\"L&#039;actualit\u00e9 en Tunisie et dans le monde\",\"publisher\":{\"@id\":\"https:\/\/kapitalis.com\/tunisie\/#organization\"},\"potentialAction\":[{\"@type\":\"SearchAction\",\"target\":{\"@type\":\"EntryPoint\",\"urlTemplate\":\"https:\/\/kapitalis.com\/tunisie\/?s={search_term_string}\"},\"query-input\":{\"@type\":\"PropertyValueSpecification\",\"valueRequired\":true,\"valueName\":\"search_term_string\"}}],\"inLanguage\":\"fr-FR\"},{\"@type\":\"Organization\",\"@id\":\"https:\/\/kapitalis.com\/tunisie\/#organization\",\"name\":\"Kapitalis\",\"url\":\"https:\/\/kapitalis.com\/tunisie\/\",\"logo\":{\"@type\":\"ImageObject\",\"inLanguage\":\"fr-FR\",\"@id\":\"https:\/\/kapitalis.com\/tunisie\/#\/schema\/logo\/image\/\",\"url\":\"https:\/\/kapitalis.com\/tunisie\/wp-content\/uploads\/2022\/05\/Kapitalis-big-size.png\",\"contentUrl\":\"https:\/\/kapitalis.com\/tunisie\/wp-content\/uploads\/2022\/05\/Kapitalis-big-size.png\",\"width\":5000,\"height\":1500,\"caption\":\"Kapitalis\"},\"image\":{\"@id\":\"https:\/\/kapitalis.com\/tunisie\/#\/schema\/logo\/image\/\"},\"sameAs\":[\"https:\/\/www.facebook.com\/KapitalisInfo\/\",\"https:\/\/x.com\/KapitalisInfo\",\"https:\/\/www.youtube.com\/channel\/UC-yDYrHyfFBWWZaOw3FPg9Q\"]},{\"@type\":\"Person\",\"@id\":\"https:\/\/kapitalis.com\/tunisie\/#\/schema\/person\/d71f33a9ca44f7bad4698210b480c8e9\",\"name\":\"webmaster kapitalis\",\"url\":\"https:\/\/kapitalis.com\/tunisie\/author\/webmaster-kapitalis\/\"}]}<\/script>\n<!-- \/ Yoast SEO plugin. -->","yoast_head_json":{"title":"Textile-habillement tunisien : Apr\u00e8s la crise, les beaux jours\u2026 - Kapitalis","robots":{"index":"index","follow":"follow","max-snippet":"max-snippet:-1","max-image-preview":"max-image-preview:large","max-video-preview":"max-video-preview:-1"},"canonical":"https:\/\/kapitalis.com\/tunisie\/2018\/05\/04\/textile-habillement-tunisien-apres-la-crise-les-beaux-jours\/","og_locale":"fr_FR","og_type":"article","og_title":"Textile-habillement tunisien : Apr\u00e8s la crise, les beaux jours\u2026 - Kapitalis","og_description":"Le secteur textile-habillement revient de loin apr\u00e8s la fermeture, en 6 ans, de 400 entreprises et la perte de 40.000 emplois. De nouvelles mesures incitatives et une conjoncture plus favorable expliquent la reprise qu\u2019il conna\u00eet depuis le d\u00e9but de 2018. Par Kh\u00e9maies Krimi","og_url":"https:\/\/kapitalis.com\/tunisie\/2018\/05\/04\/textile-habillement-tunisien-apres-la-crise-les-beaux-jours\/","og_site_name":"Kapitalis","article_publisher":"https:\/\/www.facebook.com\/KapitalisInfo\/","article_published_time":"2018-05-04T08:55:36+00:00","og_image":[{"url":"http:\/\/kapitalis.com\/tunisie\/wp-content\/uploads\/2017\/02\/Textile-Habillement.jpg","type":"","width":"","height":""}],"author":"webmaster kapitalis","twitter_card":"summary_large_image","twitter_creator":"@KapitalisInfo","twitter_site":"@KapitalisInfo","twitter_misc":{"\u00c9crit par":"webmaster kapitalis","Dur\u00e9e de lecture estim\u00e9e":"5 minutes"},"schema":{"@context":"https:\/\/schema.org","@graph":[{"@type":"Article","@id":"https:\/\/kapitalis.com\/tunisie\/2018\/05\/04\/textile-habillement-tunisien-apres-la-crise-les-beaux-jours\/#article","isPartOf":{"@id":"https:\/\/kapitalis.com\/tunisie\/2018\/05\/04\/textile-habillement-tunisien-apres-la-crise-les-beaux-jours\/"},"author":{"name":"webmaster kapitalis","@id":"https:\/\/kapitalis.com\/tunisie\/#\/schema\/person\/d71f33a9ca44f7bad4698210b480c8e9"},"headline":"Textile-habillement tunisien : Apr\u00e8s la crise, les beaux jours\u2026","datePublished":"2018-05-04T08:55:36+00:00","mainEntityOfPage":{"@id":"https:\/\/kapitalis.com\/tunisie\/2018\/05\/04\/textile-habillement-tunisien-apres-la-crise-les-beaux-jours\/"},"wordCount":939,"commentCount":1,"publisher":{"@id":"https:\/\/kapitalis.com\/tunisie\/#organization"},"image":{"@id":"https:\/\/kapitalis.com\/tunisie\/2018\/05\/04\/textile-habillement-tunisien-apres-la-crise-les-beaux-jours\/#primaryimage"},"thumbnailUrl":"http:\/\/kapitalis.com\/tunisie\/wp-content\/uploads\/2017\/02\/Textile-Habillement.jpg","keywords":["APII","Cepex","CNSS","Faouzi Abderrahmane","FTTH","textile-habillement","Union europ\u00e9enne"],"articleSection":["A LA UNE","ECONOMIE","Tunisie"],"inLanguage":"fr-FR","potentialAction":[{"@type":"CommentAction","name":"Comment","target":["https:\/\/kapitalis.com\/tunisie\/2018\/05\/04\/textile-habillement-tunisien-apres-la-crise-les-beaux-jours\/#respond"]}]},{"@type":"WebPage","@id":"https:\/\/kapitalis.com\/tunisie\/2018\/05\/04\/textile-habillement-tunisien-apres-la-crise-les-beaux-jours\/","url":"https:\/\/kapitalis.com\/tunisie\/2018\/05\/04\/textile-habillement-tunisien-apres-la-crise-les-beaux-jours\/","name":"Textile-habillement tunisien : Apr\u00e8s la crise, les beaux jours\u2026 - Kapitalis","isPartOf":{"@id":"https:\/\/kapitalis.com\/tunisie\/#website"},"primaryImageOfPage":{"@id":"https:\/\/kapitalis.com\/tunisie\/2018\/05\/04\/textile-habillement-tunisien-apres-la-crise-les-beaux-jours\/#primaryimage"},"image":{"@id":"https:\/\/kapitalis.com\/tunisie\/2018\/05\/04\/textile-habillement-tunisien-apres-la-crise-les-beaux-jours\/#primaryimage"},"thumbnailUrl":"http:\/\/kapitalis.com\/tunisie\/wp-content\/uploads\/2017\/02\/Textile-Habillement.jpg","datePublished":"2018-05-04T08:55:36+00:00","breadcrumb":{"@id":"https:\/\/kapitalis.com\/tunisie\/2018\/05\/04\/textile-habillement-tunisien-apres-la-crise-les-beaux-jours\/#breadcrumb"},"inLanguage":"fr-FR","potentialAction":[{"@type":"ReadAction","target":["https:\/\/kapitalis.com\/tunisie\/2018\/05\/04\/textile-habillement-tunisien-apres-la-crise-les-beaux-jours\/"]}]},{"@type":"ImageObject","inLanguage":"fr-FR","@id":"https:\/\/kapitalis.com\/tunisie\/2018\/05\/04\/textile-habillement-tunisien-apres-la-crise-les-beaux-jours\/#primaryimage","url":"http:\/\/kapitalis.com\/tunisie\/wp-content\/uploads\/2017\/02\/Textile-Habillement.jpg","contentUrl":"http:\/\/kapitalis.com\/tunisie\/wp-content\/uploads\/2017\/02\/Textile-Habillement.jpg"},{"@type":"BreadcrumbList","@id":"https:\/\/kapitalis.com\/tunisie\/2018\/05\/04\/textile-habillement-tunisien-apres-la-crise-les-beaux-jours\/#breadcrumb","itemListElement":[{"@type":"ListItem","position":1,"name":"Accueil","item":"https:\/\/kapitalis.com\/tunisie\/"},{"@type":"ListItem","position":2,"name":"Textile-habillement tunisien : Apr\u00e8s la crise, les beaux jours\u2026"}]},{"@type":"WebSite","@id":"https:\/\/kapitalis.com\/tunisie\/#website","url":"https:\/\/kapitalis.com\/tunisie\/","name":"Kapitalis","description":"L&#039;actualit\u00e9 en Tunisie et dans le monde","publisher":{"@id":"https:\/\/kapitalis.com\/tunisie\/#organization"},"potentialAction":[{"@type":"SearchAction","target":{"@type":"EntryPoint","urlTemplate":"https:\/\/kapitalis.com\/tunisie\/?s={search_term_string}"},"query-input":{"@type":"PropertyValueSpecification","valueRequired":true,"valueName":"search_term_string"}}],"inLanguage":"fr-FR"},{"@type":"Organization","@id":"https:\/\/kapitalis.com\/tunisie\/#organization","name":"Kapitalis","url":"https:\/\/kapitalis.com\/tunisie\/","logo":{"@type":"ImageObject","inLanguage":"fr-FR","@id":"https:\/\/kapitalis.com\/tunisie\/#\/schema\/logo\/image\/","url":"https:\/\/kapitalis.com\/tunisie\/wp-content\/uploads\/2022\/05\/Kapitalis-big-size.png","contentUrl":"https:\/\/kapitalis.com\/tunisie\/wp-content\/uploads\/2022\/05\/Kapitalis-big-size.png","width":5000,"height":1500,"caption":"Kapitalis"},"image":{"@id":"https:\/\/kapitalis.com\/tunisie\/#\/schema\/logo\/image\/"},"sameAs":["https:\/\/www.facebook.com\/KapitalisInfo\/","https:\/\/x.com\/KapitalisInfo","https:\/\/www.youtube.com\/channel\/UC-yDYrHyfFBWWZaOw3FPg9Q"]},{"@type":"Person","@id":"https:\/\/kapitalis.com\/tunisie\/#\/schema\/person\/d71f33a9ca44f7bad4698210b480c8e9","name":"webmaster kapitalis","url":"https:\/\/kapitalis.com\/tunisie\/author\/webmaster-kapitalis\/"}]}},"_links":{"self":[{"href":"https:\/\/kapitalis.com\/tunisie\/wp-json\/wp\/v2\/posts\/152304","targetHints":{"allow":["GET"]}}],"collection":[{"href":"https:\/\/kapitalis.com\/tunisie\/wp-json\/wp\/v2\/posts"}],"about":[{"href":"https:\/\/kapitalis.com\/tunisie\/wp-json\/wp\/v2\/types\/post"}],"author":[{"embeddable":true,"href":"https:\/\/kapitalis.com\/tunisie\/wp-json\/wp\/v2\/users\/8"}],"replies":[{"embeddable":true,"href":"https:\/\/kapitalis.com\/tunisie\/wp-json\/wp\/v2\/comments?post=152304"}],"version-history":[{"count":0,"href":"https:\/\/kapitalis.com\/tunisie\/wp-json\/wp\/v2\/posts\/152304\/revisions"}],"wp:attachment":[{"href":"https:\/\/kapitalis.com\/tunisie\/wp-json\/wp\/v2\/media?parent=152304"}],"wp:term":[{"taxonomy":"category","embeddable":true,"href":"https:\/\/kapitalis.com\/tunisie\/wp-json\/wp\/v2\/categories?post=152304"},{"taxonomy":"post_tag","embeddable":true,"href":"https:\/\/kapitalis.com\/tunisie\/wp-json\/wp\/v2\/tags?post=152304"}],"curies":[{"name":"wp","href":"https:\/\/api.w.org\/{rel}","templated":true}]}}