{"id":15232485,"date":"2025-01-20T08:32:47","date_gmt":"2025-01-20T07:32:47","guid":{"rendered":"https:\/\/kapitalis.com\/tunisie\/?p=15232485"},"modified":"2025-01-20T08:32:50","modified_gmt":"2025-01-20T07:32:50","slug":"etats-unis-le-bilan-catastrophique-de-la-presidence-biden","status":"publish","type":"post","link":"https:\/\/kapitalis.com\/tunisie\/2025\/01\/20\/etats-unis-le-bilan-catastrophique-de-la-presidence-biden\/","title":{"rendered":"Etats-Unis\u00a0: le bilan catastrophique de la pr\u00e9sidence Biden"},"content":{"rendered":"\n<p><strong><em>Les quatre ann\u00e9es de pr\u00e9sidence de Joe Biden s\u2019ach\u00e8vent aujourd\u2019hui, lundi 20 janvier 2025, avec l\u2019\u00abintronisation\u00bb de Donald Trump \u00e0 la Maison blanche. Cette pr\u00e9sidence, cens\u00e9e \u00eatre repr\u00e9sentative des valeurs et des orientations des d\u00e9mocrates am\u00e9ricains, se caract\u00e9rise par une s\u00e9rie de d\u00e9cisions contestables et d\u2019\u00e9v\u00e9nements dramatiques qui ont laiss\u00e9 des traces profondes tant \u00e0 l\u2019int\u00e9rieur des \u00c9tats-Unis qu\u2019\u00e0 l\u2019\u00e9chelle mondiale.<\/em><\/strong><\/p>\n\n\n\n<p><strong>Leith Lakhoua <\/strong>*<\/p>\n\n\n\n<!--more-->\n\n\n<div class=\"wp-block-image\">\n<figure class=\"alignleft size-full\"><img decoding=\"async\" src=\"http:\/\/kapitalis.com\/tunisie\/wp-content\/uploads\/2020\/10\/Leith-Lakhoua.jpg\" alt=\"\" class=\"wp-image-321007\"\/><\/figure>\n<\/div>\n\n\n<p>Loin de l\u2019image de stabilit\u00e9 et de rationalit\u00e9 que son \u00e9lection semblait sugg\u00e9rer, la pr\u00e9sidence Biden a \u00e9t\u00e9 marqu\u00e9e par des choix diplomatiques, militaires et \u00e9conomiques d\u00e9sastreux, dont les cons\u00e9quences risquent de r\u00e9sonner pendant des d\u00e9cennies.<\/p>\n\n\n\n<h2 class=\"wp-block-heading\">Gaza : un g\u00e9nocide silencieux<\/h2>\n\n\n\n<p>Sous la pr\u00e9sidence de Biden, les \u00c9tats-Unis ont maintenu un soutien in\u00e9branlable \u00e0 Isra\u00ebl, notamment lors de l\u2019escalade de la violence \u00e0 Gaza. Alors que des milliers de civils palestiniens ont \u00e9t\u00e9 tu\u00e9s, des infrastructures ont \u00e9t\u00e9 d\u00e9truites et des centaines de milliers de personnes ont \u00e9t\u00e9 d\u00e9plac\u00e9es, l\u2019administration am\u00e9ricaine a en grande partie minimis\u00e9 la gravit\u00e9 de la situation. Les appels internationaux \u00e0 une pression plus forte sur Isra\u00ebl ont \u00e9t\u00e9 ignor\u00e9s, ce qui a aliment\u00e9 des accusations de complicit\u00e9 dans un g\u00e9nocide silencieux et un crime contre l\u2019humanit\u00e9. En soutenant aveugl\u00e9ment l\u2019\u00c9tat h\u00e9breu, Biden a fait preuve d\u2019une indiff\u00e9rence inqui\u00e9tante \u00e0 l\u2019\u00e9gard des droits humains.<\/p>\n\n\n\n<h2 class=\"wp-block-heading\">Y\u00e9men : un conflit ignor\u00e9 et \u00e9largi<\/h2>\n\n\n\n<p>La guerre au Y\u00e9men, bien qu\u2019\u00e9tant un conflit en cours depuis plusieurs ann\u00e9es, a \u00e9t\u00e9 exacerb\u00e9e sous Biden. En d\u00e9pit des promesses de campagne de mettre fin au soutien am\u00e9ricain \u00e0 la guerre men\u00e9e par l\u2019Arabie Saoudite, l\u2019administration Biden a continu\u00e9 de fournir des armes et un soutien logistique, ce qui a prolong\u00e9 un conflit qui a caus\u00e9 l\u2019une des pires crises humanitaires du monde. Ce soutien a non seulement raviv\u00e9 les souffrances des Y\u00e9m\u00e9nites, mais a \u00e9galement renforc\u00e9 le r\u00f4le destructeur des puissances r\u00e9gionales dans le conflit, laissant des millions de personnes dans la mis\u00e8re.<\/p>\n\n\n\n<h2 class=\"wp-block-heading\">Ukraine-Russie : une politique erron\u00e9e <\/h2>\n\n\n\n<p>Le soutien de Biden \u00e0 l\u2019Ukraine dans sa guerre contre la Russie est sans doute l\u2019aspect le plus controvers\u00e9 de son mandat. Poussant le pr\u00e9sident ukrainien, Volodymyr Zelensky, \u00e0 s\u2019engager dans un conflit \u00e0 grande \u00e9chelle contre la superpuissance russe, Biden a pris une d\u00e9cision g\u00e9opolitique risqu\u00e9e sans tenir compte des cons\u00e9quences dramatiques pour l\u2019Europe et le reste du monde.<\/p>\n\n\n\n<p>En provoquant une confrontation directe avec la Russie, Biden a non seulement mis l\u2019Ukraine en danger, mais a \u00e9galement entra\u00een\u00e9 l\u2019Europe dans une guerre dont elle n\u2019avait ni les moyens, ni les motivations r\u00e9elles pour la mener.<\/p>\n\n\n\n<p>R\u00e9sultat : une Europe appauvrie, d\u00e9pendante de l\u2019\u00e9nergie russe, et une Russie qui, malgr\u00e9 les sanctions, a vu sa position se renforcer \u00e0 long terme, notamment gr\u00e2ce \u00e0 la hausse des prix de l\u2019\u00e9nergie.<\/p>\n\n\n\n<h2 class=\"wp-block-heading\">Une pr\u00e9sidence marqu\u00e9e par l\u2019incomp\u00e9tence et la s\u00e9nilit\u00e9<\/h2>\n\n\n\n<p>Le mandat de Joe Biden a souvent \u00e9t\u00e9 per\u00e7u comme un \u00e9chec en raison de sa sant\u00e9 d\u00e9clinante et de sa prise de d\u00e9cision parfois erratique. Alors que des questions sur sa capacit\u00e9 \u00e0 gouverner ont fait l\u2019objet de d\u00e9bats constants, il est apparu que son administration a \u00e9t\u00e9 largement domin\u00e9e par des forces internes, guid\u00e9es par des technocrates et des figures influentes au sein du Parti d\u00e9mocrate, plut\u00f4t que par une direction claire et d\u00e9cisive.<\/p>\n\n\n\n<p>Cette absence de leadership a eu des r\u00e9percussions graves, notamment sur la gestion de la pand\u00e9mie, la crise en Afghanistan, et la politique \u00e9trang\u00e8re globale.<\/p>\n\n\n\n<h2 class=\"wp-block-heading\">Un parti d\u00e9mocrate divis\u00e9 et fragile<\/h2>\n\n\n\n<p>Le Parti d\u00e9mocrate, qui repr\u00e9sente une large part de l\u2019\u00e9lite politique et \u00e9conomique am\u00e9ricaine, a pris un tournant dangereux sous la pr\u00e9sidence de Biden. Le parti s\u2019est retrouv\u00e9 pris entre ses ailes progressistes, souvent d\u00e9connect\u00e9es des pr\u00e9occupations du grand public, et une aile centriste en perte de vitesse. La gestion de crises internes, notamment la mont\u00e9e de la polarisation politique et des tensions raciales, a montr\u00e9 l\u2019incapacit\u00e9 du parti \u00e0 offrir une vision coh\u00e9rente et unifi\u00e9e pour l\u2019avenir du pays. Et la suite, on la conna\u00eet&nbsp;: le retour tonitruant de Donald Trump et des R\u00e9publicains. &nbsp;<strong><\/strong><\/p>\n\n\n\n<p>\u00c0 la lumi\u00e8re de ce bilan d\u00e9sastreux, de nombreux observateurs se tournent d\u00e9sormais vers les R\u00e9publicains pour voir s\u2019ils sont capables d\u2019offrir une alternative plus stable et rationnelle. Le retour de Trump \u00e0 la pr\u00e9sidence pourrait marquer un tournant, bien que ses choix politiques et ses relations avec les puissances mondiales suscitent toujours de vives inqui\u00e9tudes. Toutefois, sous sa pression, certains signes indiquent que des changements importants pourraient se produire sur la sc\u00e8ne internationale. Par exemple, le r\u00e9cent revirement dans la guerre de Gaza, o\u00f9 certains alli\u00e9s occidentaux ont commenc\u00e9 \u00e0 r\u00e9\u00e9valuer leur position sous l\u2019influence de Trump, pourrait marquer un changement dans la dynamique de soutien \u00e0 Isra\u00ebl, peut-\u00eatre pas dans le sens d\u00e9sir\u00e9 par l\u2019Etat h\u00e9breu.<\/p>\n\n\n\n<h2 class=\"wp-block-heading\">Un changement n\u00e9cessaire au sein du Parti d\u00e9mocrate<\/h2>\n\n\n\n<p>Les quatre ann\u00e9es de pr\u00e9sidence Biden ont r\u00e9v\u00e9l\u00e9 les faiblesses profondes du Parti d\u00e9mocrate, qui a plac\u00e9 un homme vieillissant et s\u00e9nile \u00e0 la t\u00eate d\u2019une nation puissante, en esp\u00e9rant que son nom et son pass\u00e9 d\u2019homme politique seraient suffisants pour garantir la stabilit\u00e9. Le monde, cependant, a pay\u00e9 le prix de ces choix erron\u00e9s.<\/p>\n\n\n\n<p>Dans ce contexte, le Parti d\u00e9mocrate devrait s\u00e9rieusement remettre en question son leadership, ses priorit\u00e9s et son id\u00e9ologie. Une r\u00e9forme s\u2019impose si ce parti veut un jour retrouver la confiance du peuple am\u00e9ricain et jouer un r\u00f4le constructif sur la sc\u00e8ne internationale.<\/p>\n\n\n\n<p>L\u2019avenir politique des \u00c9tats-Unis reste incertain, mais la derni\u00e8re d\u00e9cennie devrait servir de le\u00e7on sur les dangers d\u2019une gouvernance incoh\u00e9rente et d\u2019une politique \u00e9trang\u00e8re maladroite. Seul le temps dira si les R\u00e9publicains, sous la direction de Donald Trump, seront capables de redresser la barre.<\/p>\n\n\n\n<p><em>* Consultant en logistique industrielle. <\/em><\/p>\n","protected":false},"excerpt":{"rendered":"<p>Les quatre ann\u00e9es de pr\u00e9sidence de Joe Biden   se caract\u00e9risent par une s\u00e9rie de d\u00e9cisions contestables et d\u2019\u00e9v\u00e9nements dramatiques. <\/p>\n","protected":false},"author":8,"featured_media":15232537,"comment_status":"open","ping_status":"open","sticky":false,"template":"","format":"standard","meta":{"footnotes":""},"categories":[992,997,1000,2433],"tags":[9054,75918,356,2444,72144,100827,19272,796,6842],"class_list":["post-15232485","post","type-post","status-publish","format-standard","has-post-thumbnail","hentry","category-a-la-une","category-politique","category-tribune","category-tunisie","tag-donald-trump","tag-etats-unis-2","tag-europe","tag-gaza","tag-joe-biden","tag-parti-democrate","tag-parti-republicain","tag-russie","tag-ukraine"],"yoast_head":"<!-- This site is optimized with the Yoast SEO plugin v26.6 - https:\/\/yoast.com\/wordpress\/plugins\/seo\/ -->\n<title>Etats-Unis\u00a0: le bilan catastrophique de la pr\u00e9sidence Biden - Kapitalis<\/title>\n<meta name=\"robots\" content=\"index, follow, max-snippet:-1, max-image-preview:large, max-video-preview:-1\" \/>\n<link rel=\"canonical\" href=\"https:\/\/kapitalis.com\/tunisie\/2025\/01\/20\/etats-unis-le-bilan-catastrophique-de-la-presidence-biden\/\" \/>\n<meta property=\"og:locale\" content=\"fr_FR\" \/>\n<meta property=\"og:type\" content=\"article\" \/>\n<meta property=\"og:title\" content=\"Etats-Unis\u00a0: le bilan catastrophique de la pr\u00e9sidence Biden - Kapitalis\" \/>\n<meta property=\"og:description\" content=\"Les quatre ann\u00e9es de pr\u00e9sidence de Joe Biden  se caract\u00e9risent par une s\u00e9rie de d\u00e9cisions contestables et d\u2019\u00e9v\u00e9nements dramatiques.\" \/>\n<meta property=\"og:url\" content=\"https:\/\/kapitalis.com\/tunisie\/2025\/01\/20\/etats-unis-le-bilan-catastrophique-de-la-presidence-biden\/\" \/>\n<meta property=\"og:site_name\" content=\"Kapitalis\" \/>\n<meta property=\"article:publisher\" content=\"https:\/\/www.facebook.com\/KapitalisInfo\/\" \/>\n<meta property=\"article:published_time\" content=\"2025-01-20T07:32:47+00:00\" \/>\n<meta property=\"article:modified_time\" content=\"2025-01-20T07:32:50+00:00\" \/>\n<meta property=\"og:image\" content=\"https:\/\/kapitalis.com\/tunisie\/wp-content\/uploads\/2025\/01\/Joe-Biden.jpg\" \/>\n\t<meta property=\"og:image:width\" content=\"1200\" \/>\n\t<meta property=\"og:image:height\" content=\"630\" \/>\n\t<meta property=\"og:image:type\" content=\"image\/jpeg\" \/>\n<meta name=\"author\" content=\"webmaster kapitalis\" \/>\n<meta name=\"twitter:card\" content=\"summary_large_image\" \/>\n<meta name=\"twitter:creator\" content=\"@KapitalisInfo\" \/>\n<meta name=\"twitter:site\" content=\"@KapitalisInfo\" \/>\n<meta name=\"twitter:label1\" content=\"\u00c9crit par\" \/>\n\t<meta name=\"twitter:data1\" content=\"webmaster kapitalis\" \/>\n\t<meta name=\"twitter:label2\" content=\"Dur\u00e9e de lecture estim\u00e9e\" \/>\n\t<meta name=\"twitter:data2\" content=\"6 minutes\" \/>\n<script type=\"application\/ld+json\" class=\"yoast-schema-graph\">{\"@context\":\"https:\/\/schema.org\",\"@graph\":[{\"@type\":\"Article\",\"@id\":\"https:\/\/kapitalis.com\/tunisie\/2025\/01\/20\/etats-unis-le-bilan-catastrophique-de-la-presidence-biden\/#article\",\"isPartOf\":{\"@id\":\"https:\/\/kapitalis.com\/tunisie\/2025\/01\/20\/etats-unis-le-bilan-catastrophique-de-la-presidence-biden\/\"},\"author\":{\"name\":\"webmaster kapitalis\",\"@id\":\"https:\/\/kapitalis.com\/tunisie\/#\/schema\/person\/d71f33a9ca44f7bad4698210b480c8e9\"},\"headline\":\"Etats-Unis\u00a0: le bilan catastrophique de la pr\u00e9sidence Biden\",\"datePublished\":\"2025-01-20T07:32:47+00:00\",\"dateModified\":\"2025-01-20T07:32:50+00:00\",\"mainEntityOfPage\":{\"@id\":\"https:\/\/kapitalis.com\/tunisie\/2025\/01\/20\/etats-unis-le-bilan-catastrophique-de-la-presidence-biden\/\"},\"wordCount\":1086,\"commentCount\":1,\"publisher\":{\"@id\":\"https:\/\/kapitalis.com\/tunisie\/#organization\"},\"image\":{\"@id\":\"https:\/\/kapitalis.com\/tunisie\/2025\/01\/20\/etats-unis-le-bilan-catastrophique-de-la-presidence-biden\/#primaryimage\"},\"thumbnailUrl\":\"https:\/\/kapitalis.com\/tunisie\/wp-content\/uploads\/2025\/01\/Joe-Biden.jpg\",\"keywords\":[\"Donald Trump\",\"Etats-Unis\",\"Europe\",\"Gaza\",\"Joe Biden\",\"Parti d\u00e9mocrate\",\"Parti r\u00e9publicain\",\"Russie\",\"Ukraine\"],\"articleSection\":[\"A LA UNE\",\"POLITIQUE\",\"TRIBUNE\",\"Tunisie\"],\"inLanguage\":\"fr-FR\",\"potentialAction\":[{\"@type\":\"CommentAction\",\"name\":\"Comment\",\"target\":[\"https:\/\/kapitalis.com\/tunisie\/2025\/01\/20\/etats-unis-le-bilan-catastrophique-de-la-presidence-biden\/#respond\"]}]},{\"@type\":\"WebPage\",\"@id\":\"https:\/\/kapitalis.com\/tunisie\/2025\/01\/20\/etats-unis-le-bilan-catastrophique-de-la-presidence-biden\/\",\"url\":\"https:\/\/kapitalis.com\/tunisie\/2025\/01\/20\/etats-unis-le-bilan-catastrophique-de-la-presidence-biden\/\",\"name\":\"Etats-Unis\u00a0: le bilan catastrophique de la pr\u00e9sidence Biden - Kapitalis\",\"isPartOf\":{\"@id\":\"https:\/\/kapitalis.com\/tunisie\/#website\"},\"primaryImageOfPage\":{\"@id\":\"https:\/\/kapitalis.com\/tunisie\/2025\/01\/20\/etats-unis-le-bilan-catastrophique-de-la-presidence-biden\/#primaryimage\"},\"image\":{\"@id\":\"https:\/\/kapitalis.com\/tunisie\/2025\/01\/20\/etats-unis-le-bilan-catastrophique-de-la-presidence-biden\/#primaryimage\"},\"thumbnailUrl\":\"https:\/\/kapitalis.com\/tunisie\/wp-content\/uploads\/2025\/01\/Joe-Biden.jpg\",\"datePublished\":\"2025-01-20T07:32:47+00:00\",\"dateModified\":\"2025-01-20T07:32:50+00:00\",\"breadcrumb\":{\"@id\":\"https:\/\/kapitalis.com\/tunisie\/2025\/01\/20\/etats-unis-le-bilan-catastrophique-de-la-presidence-biden\/#breadcrumb\"},\"inLanguage\":\"fr-FR\",\"potentialAction\":[{\"@type\":\"ReadAction\",\"target\":[\"https:\/\/kapitalis.com\/tunisie\/2025\/01\/20\/etats-unis-le-bilan-catastrophique-de-la-presidence-biden\/\"]}]},{\"@type\":\"ImageObject\",\"inLanguage\":\"fr-FR\",\"@id\":\"https:\/\/kapitalis.com\/tunisie\/2025\/01\/20\/etats-unis-le-bilan-catastrophique-de-la-presidence-biden\/#primaryimage\",\"url\":\"https:\/\/kapitalis.com\/tunisie\/wp-content\/uploads\/2025\/01\/Joe-Biden.jpg\",\"contentUrl\":\"https:\/\/kapitalis.com\/tunisie\/wp-content\/uploads\/2025\/01\/Joe-Biden.jpg\",\"width\":1200,\"height\":630},{\"@type\":\"BreadcrumbList\",\"@id\":\"https:\/\/kapitalis.com\/tunisie\/2025\/01\/20\/etats-unis-le-bilan-catastrophique-de-la-presidence-biden\/#breadcrumb\",\"itemListElement\":[{\"@type\":\"ListItem\",\"position\":1,\"name\":\"Accueil\",\"item\":\"https:\/\/kapitalis.com\/tunisie\/\"},{\"@type\":\"ListItem\",\"position\":2,\"name\":\"Etats-Unis\u00a0: le bilan catastrophique de la pr\u00e9sidence Biden\"}]},{\"@type\":\"WebSite\",\"@id\":\"https:\/\/kapitalis.com\/tunisie\/#website\",\"url\":\"https:\/\/kapitalis.com\/tunisie\/\",\"name\":\"Kapitalis\",\"description\":\"L&#039;actualit\u00e9 en Tunisie et dans le monde\",\"publisher\":{\"@id\":\"https:\/\/kapitalis.com\/tunisie\/#organization\"},\"potentialAction\":[{\"@type\":\"SearchAction\",\"target\":{\"@type\":\"EntryPoint\",\"urlTemplate\":\"https:\/\/kapitalis.com\/tunisie\/?s={search_term_string}\"},\"query-input\":{\"@type\":\"PropertyValueSpecification\",\"valueRequired\":true,\"valueName\":\"search_term_string\"}}],\"inLanguage\":\"fr-FR\"},{\"@type\":\"Organization\",\"@id\":\"https:\/\/kapitalis.com\/tunisie\/#organization\",\"name\":\"Kapitalis\",\"url\":\"https:\/\/kapitalis.com\/tunisie\/\",\"logo\":{\"@type\":\"ImageObject\",\"inLanguage\":\"fr-FR\",\"@id\":\"https:\/\/kapitalis.com\/tunisie\/#\/schema\/logo\/image\/\",\"url\":\"https:\/\/kapitalis.com\/tunisie\/wp-content\/uploads\/2022\/05\/Kapitalis-big-size.png\",\"contentUrl\":\"https:\/\/kapitalis.com\/tunisie\/wp-content\/uploads\/2022\/05\/Kapitalis-big-size.png\",\"width\":5000,\"height\":1500,\"caption\":\"Kapitalis\"},\"image\":{\"@id\":\"https:\/\/kapitalis.com\/tunisie\/#\/schema\/logo\/image\/\"},\"sameAs\":[\"https:\/\/www.facebook.com\/KapitalisInfo\/\",\"https:\/\/x.com\/KapitalisInfo\",\"https:\/\/www.youtube.com\/channel\/UC-yDYrHyfFBWWZaOw3FPg9Q\"]},{\"@type\":\"Person\",\"@id\":\"https:\/\/kapitalis.com\/tunisie\/#\/schema\/person\/d71f33a9ca44f7bad4698210b480c8e9\",\"name\":\"webmaster kapitalis\",\"url\":\"https:\/\/kapitalis.com\/tunisie\/author\/webmaster-kapitalis\/\"}]}<\/script>\n<!-- \/ Yoast SEO plugin. -->","yoast_head_json":{"title":"Etats-Unis\u00a0: le bilan catastrophique de la pr\u00e9sidence Biden - Kapitalis","robots":{"index":"index","follow":"follow","max-snippet":"max-snippet:-1","max-image-preview":"max-image-preview:large","max-video-preview":"max-video-preview:-1"},"canonical":"https:\/\/kapitalis.com\/tunisie\/2025\/01\/20\/etats-unis-le-bilan-catastrophique-de-la-presidence-biden\/","og_locale":"fr_FR","og_type":"article","og_title":"Etats-Unis\u00a0: le bilan catastrophique de la pr\u00e9sidence Biden - Kapitalis","og_description":"Les quatre ann\u00e9es de pr\u00e9sidence de Joe Biden  se caract\u00e9risent par une s\u00e9rie de d\u00e9cisions contestables et d\u2019\u00e9v\u00e9nements dramatiques.","og_url":"https:\/\/kapitalis.com\/tunisie\/2025\/01\/20\/etats-unis-le-bilan-catastrophique-de-la-presidence-biden\/","og_site_name":"Kapitalis","article_publisher":"https:\/\/www.facebook.com\/KapitalisInfo\/","article_published_time":"2025-01-20T07:32:47+00:00","article_modified_time":"2025-01-20T07:32:50+00:00","og_image":[{"width":1200,"height":630,"url":"https:\/\/kapitalis.com\/tunisie\/wp-content\/uploads\/2025\/01\/Joe-Biden.jpg","type":"image\/jpeg"}],"author":"webmaster kapitalis","twitter_card":"summary_large_image","twitter_creator":"@KapitalisInfo","twitter_site":"@KapitalisInfo","twitter_misc":{"\u00c9crit par":"webmaster kapitalis","Dur\u00e9e de lecture estim\u00e9e":"6 minutes"},"schema":{"@context":"https:\/\/schema.org","@graph":[{"@type":"Article","@id":"https:\/\/kapitalis.com\/tunisie\/2025\/01\/20\/etats-unis-le-bilan-catastrophique-de-la-presidence-biden\/#article","isPartOf":{"@id":"https:\/\/kapitalis.com\/tunisie\/2025\/01\/20\/etats-unis-le-bilan-catastrophique-de-la-presidence-biden\/"},"author":{"name":"webmaster kapitalis","@id":"https:\/\/kapitalis.com\/tunisie\/#\/schema\/person\/d71f33a9ca44f7bad4698210b480c8e9"},"headline":"Etats-Unis\u00a0: le bilan catastrophique de la pr\u00e9sidence Biden","datePublished":"2025-01-20T07:32:47+00:00","dateModified":"2025-01-20T07:32:50+00:00","mainEntityOfPage":{"@id":"https:\/\/kapitalis.com\/tunisie\/2025\/01\/20\/etats-unis-le-bilan-catastrophique-de-la-presidence-biden\/"},"wordCount":1086,"commentCount":1,"publisher":{"@id":"https:\/\/kapitalis.com\/tunisie\/#organization"},"image":{"@id":"https:\/\/kapitalis.com\/tunisie\/2025\/01\/20\/etats-unis-le-bilan-catastrophique-de-la-presidence-biden\/#primaryimage"},"thumbnailUrl":"https:\/\/kapitalis.com\/tunisie\/wp-content\/uploads\/2025\/01\/Joe-Biden.jpg","keywords":["Donald Trump","Etats-Unis","Europe","Gaza","Joe Biden","Parti d\u00e9mocrate","Parti r\u00e9publicain","Russie","Ukraine"],"articleSection":["A LA UNE","POLITIQUE","TRIBUNE","Tunisie"],"inLanguage":"fr-FR","potentialAction":[{"@type":"CommentAction","name":"Comment","target":["https:\/\/kapitalis.com\/tunisie\/2025\/01\/20\/etats-unis-le-bilan-catastrophique-de-la-presidence-biden\/#respond"]}]},{"@type":"WebPage","@id":"https:\/\/kapitalis.com\/tunisie\/2025\/01\/20\/etats-unis-le-bilan-catastrophique-de-la-presidence-biden\/","url":"https:\/\/kapitalis.com\/tunisie\/2025\/01\/20\/etats-unis-le-bilan-catastrophique-de-la-presidence-biden\/","name":"Etats-Unis\u00a0: le bilan catastrophique de la pr\u00e9sidence Biden - Kapitalis","isPartOf":{"@id":"https:\/\/kapitalis.com\/tunisie\/#website"},"primaryImageOfPage":{"@id":"https:\/\/kapitalis.com\/tunisie\/2025\/01\/20\/etats-unis-le-bilan-catastrophique-de-la-presidence-biden\/#primaryimage"},"image":{"@id":"https:\/\/kapitalis.com\/tunisie\/2025\/01\/20\/etats-unis-le-bilan-catastrophique-de-la-presidence-biden\/#primaryimage"},"thumbnailUrl":"https:\/\/kapitalis.com\/tunisie\/wp-content\/uploads\/2025\/01\/Joe-Biden.jpg","datePublished":"2025-01-20T07:32:47+00:00","dateModified":"2025-01-20T07:32:50+00:00","breadcrumb":{"@id":"https:\/\/kapitalis.com\/tunisie\/2025\/01\/20\/etats-unis-le-bilan-catastrophique-de-la-presidence-biden\/#breadcrumb"},"inLanguage":"fr-FR","potentialAction":[{"@type":"ReadAction","target":["https:\/\/kapitalis.com\/tunisie\/2025\/01\/20\/etats-unis-le-bilan-catastrophique-de-la-presidence-biden\/"]}]},{"@type":"ImageObject","inLanguage":"fr-FR","@id":"https:\/\/kapitalis.com\/tunisie\/2025\/01\/20\/etats-unis-le-bilan-catastrophique-de-la-presidence-biden\/#primaryimage","url":"https:\/\/kapitalis.com\/tunisie\/wp-content\/uploads\/2025\/01\/Joe-Biden.jpg","contentUrl":"https:\/\/kapitalis.com\/tunisie\/wp-content\/uploads\/2025\/01\/Joe-Biden.jpg","width":1200,"height":630},{"@type":"BreadcrumbList","@id":"https:\/\/kapitalis.com\/tunisie\/2025\/01\/20\/etats-unis-le-bilan-catastrophique-de-la-presidence-biden\/#breadcrumb","itemListElement":[{"@type":"ListItem","position":1,"name":"Accueil","item":"https:\/\/kapitalis.com\/tunisie\/"},{"@type":"ListItem","position":2,"name":"Etats-Unis\u00a0: le bilan catastrophique de la pr\u00e9sidence Biden"}]},{"@type":"WebSite","@id":"https:\/\/kapitalis.com\/tunisie\/#website","url":"https:\/\/kapitalis.com\/tunisie\/","name":"Kapitalis","description":"L&#039;actualit\u00e9 en Tunisie et dans le monde","publisher":{"@id":"https:\/\/kapitalis.com\/tunisie\/#organization"},"potentialAction":[{"@type":"SearchAction","target":{"@type":"EntryPoint","urlTemplate":"https:\/\/kapitalis.com\/tunisie\/?s={search_term_string}"},"query-input":{"@type":"PropertyValueSpecification","valueRequired":true,"valueName":"search_term_string"}}],"inLanguage":"fr-FR"},{"@type":"Organization","@id":"https:\/\/kapitalis.com\/tunisie\/#organization","name":"Kapitalis","url":"https:\/\/kapitalis.com\/tunisie\/","logo":{"@type":"ImageObject","inLanguage":"fr-FR","@id":"https:\/\/kapitalis.com\/tunisie\/#\/schema\/logo\/image\/","url":"https:\/\/kapitalis.com\/tunisie\/wp-content\/uploads\/2022\/05\/Kapitalis-big-size.png","contentUrl":"https:\/\/kapitalis.com\/tunisie\/wp-content\/uploads\/2022\/05\/Kapitalis-big-size.png","width":5000,"height":1500,"caption":"Kapitalis"},"image":{"@id":"https:\/\/kapitalis.com\/tunisie\/#\/schema\/logo\/image\/"},"sameAs":["https:\/\/www.facebook.com\/KapitalisInfo\/","https:\/\/x.com\/KapitalisInfo","https:\/\/www.youtube.com\/channel\/UC-yDYrHyfFBWWZaOw3FPg9Q"]},{"@type":"Person","@id":"https:\/\/kapitalis.com\/tunisie\/#\/schema\/person\/d71f33a9ca44f7bad4698210b480c8e9","name":"webmaster kapitalis","url":"https:\/\/kapitalis.com\/tunisie\/author\/webmaster-kapitalis\/"}]}},"_links":{"self":[{"href":"https:\/\/kapitalis.com\/tunisie\/wp-json\/wp\/v2\/posts\/15232485","targetHints":{"allow":["GET"]}}],"collection":[{"href":"https:\/\/kapitalis.com\/tunisie\/wp-json\/wp\/v2\/posts"}],"about":[{"href":"https:\/\/kapitalis.com\/tunisie\/wp-json\/wp\/v2\/types\/post"}],"author":[{"embeddable":true,"href":"https:\/\/kapitalis.com\/tunisie\/wp-json\/wp\/v2\/users\/8"}],"replies":[{"embeddable":true,"href":"https:\/\/kapitalis.com\/tunisie\/wp-json\/wp\/v2\/comments?post=15232485"}],"version-history":[{"count":1,"href":"https:\/\/kapitalis.com\/tunisie\/wp-json\/wp\/v2\/posts\/15232485\/revisions"}],"predecessor-version":[{"id":15232539,"href":"https:\/\/kapitalis.com\/tunisie\/wp-json\/wp\/v2\/posts\/15232485\/revisions\/15232539"}],"wp:featuredmedia":[{"embeddable":true,"href":"https:\/\/kapitalis.com\/tunisie\/wp-json\/wp\/v2\/media\/15232537"}],"wp:attachment":[{"href":"https:\/\/kapitalis.com\/tunisie\/wp-json\/wp\/v2\/media?parent=15232485"}],"wp:term":[{"taxonomy":"category","embeddable":true,"href":"https:\/\/kapitalis.com\/tunisie\/wp-json\/wp\/v2\/categories?post=15232485"},{"taxonomy":"post_tag","embeddable":true,"href":"https:\/\/kapitalis.com\/tunisie\/wp-json\/wp\/v2\/tags?post=15232485"}],"curies":[{"name":"wp","href":"https:\/\/api.w.org\/{rel}","templated":true}]}}