{"id":15234373,"date":"2025-01-20T12:01:48","date_gmt":"2025-01-20T11:01:48","guid":{"rendered":"https:\/\/kapitalis.com\/tunisie\/?p=15234373"},"modified":"2025-01-20T12:01:49","modified_gmt":"2025-01-20T11:01:49","slug":"le-milieu-offensif-belge-mohamed-mouhli-rejoint-lesperance-de-tunis","status":"publish","type":"post","link":"https:\/\/kapitalis.com\/tunisie\/2025\/01\/20\/le-milieu-offensif-belge-mohamed-mouhli-rejoint-lesperance-de-tunis\/","title":{"rendered":"Le milieu offensif Belge Mohamed Mouhli rejoint l\u2019Esp\u00e9rance de Tunis"},"content":{"rendered":"\n<p><strong><em>Le milieu offensif du club belge RFC Li\u00e8ge (ex-RFC Seraing), Mohamed Mouhli, surnomm\u00e9 \u00abMidou\u00bb,<\/em> <em>est arriv\u00e9 en Tunisie, tard dans la soir\u00e9e du dimanche 19 janvier 2025, pour finaliser les d\u00e9marches administratives, avant de rejoindre officiellement les rangs de l\u2019Esp\u00e9rance sportive de Tunis.<\/em><\/strong><\/p>\n\n\n\n<!--more-->\n\n\n\n<p>Il est pr\u00e9vu que le joueur passe incessamment les tests m\u00e9dicaux n\u00e9cessaires et termine les diverses formalit\u00e9s, avant de signer son nouveau contrat.<\/p>\n\n\n\n<p>L\u2019EST annoncera officiellement cette transaction d\u00e8s que la sanction de l\u2019interdiction de recrutement impos\u00e9e par la Fifa, en raison du retard du paiement des arri\u00e9r\u00e9s du joueur jordanien Mohammad Abu Zrayq alias Sharara, sera lev\u00e9e.<\/p>\n\n\n\n<p>Le club belge de RFC Li\u00e8ge avait d\u00e9j\u00e0 annonc\u00e9, vendredi dernier, via son site officiel, avoir trouv\u00e9 un accord formel avec l\u2019Esp\u00e9rance pour le transfert du joueur belge d\u2019origine tunisienne.<\/p>\n\n\n\n<p>Cette saison, Mohamed Mouhli (26 ans, 1,79 m) a jou\u00e9 16 matches avec son \u00e9quipe et marqu\u00e9 4 buts. <\/p>\n\n\n\n<p>Il convient de pr\u00e9ciser aussi que le joueur est du genre inflammable. Il a eu r\u00e9cemment maille \u00e0 partir avec la justice belge pour avoir donn\u00e9 des coups \u00e0 sa petite copine Kelly dans le supermarch\u00e9 o\u00f9 celle-ci travaille. Il s&rsquo;est ensuite excus\u00e9 aupr\u00e8s de Kelly, par m\u00e9dias interpos\u00e9s, mais, comme on dit, le mal \u00e9tait d\u00e9j\u00e0 fait. Esp\u00e9rons qu&rsquo;il a retenu la le\u00e7on et qu&rsquo;il saura garder son sang froid sur les terrains. <\/p>\n\n\n\n<p class=\"has-text-align-right\"><strong>I. B.<\/strong>   <\/p>\n","protected":false},"excerpt":{"rendered":"<p>Le milieu offensif du club belge RFC Li\u00e8ge, Mohamed Mouhli, s&rsquo;appr\u00eate \u00e0 renforcer les rands de l&rsquo;Esp\u00e9rance. <\/p>\n","protected":false},"author":8,"featured_media":15234405,"comment_status":"open","ping_status":"open","sticky":false,"template":"","format":"standard","meta":{"footnotes":""},"categories":[999,2433],"tags":[138,1619,120231,120232,62643],"class_list":["post-15234373","post","type-post","status-publish","format-standard","has-post-thumbnail","hentry","category-sport","category-tunisie","tag-belgique","tag-esperance-de-tunis","tag-mohamed-mouhli","tag-rfc-liege","tag-tunisie"],"yoast_head":"<!-- This site is optimized with the Yoast SEO plugin v26.6 - https:\/\/yoast.com\/wordpress\/plugins\/seo\/ -->\n<title>Le milieu offensif Belge Mohamed Mouhli rejoint l\u2019Esp\u00e9rance de Tunis - Kapitalis<\/title>\n<meta name=\"robots\" content=\"index, follow, max-snippet:-1, max-image-preview:large, max-video-preview:-1\" \/>\n<link rel=\"canonical\" href=\"https:\/\/kapitalis.com\/tunisie\/2025\/01\/20\/le-milieu-offensif-belge-mohamed-mouhli-rejoint-lesperance-de-tunis\/\" \/>\n<meta property=\"og:locale\" content=\"fr_FR\" \/>\n<meta property=\"og:type\" content=\"article\" \/>\n<meta property=\"og:title\" content=\"Le milieu offensif Belge Mohamed Mouhli rejoint l\u2019Esp\u00e9rance de Tunis - Kapitalis\" \/>\n<meta property=\"og:description\" content=\"Le milieu offensif du club belge RFC Li\u00e8ge, Mohamed Mouhli, s&#039;appr\u00eate \u00e0 renforcer les rands de l&#039;Esp\u00e9rance.\" \/>\n<meta property=\"og:url\" content=\"https:\/\/kapitalis.com\/tunisie\/2025\/01\/20\/le-milieu-offensif-belge-mohamed-mouhli-rejoint-lesperance-de-tunis\/\" \/>\n<meta property=\"og:site_name\" content=\"Kapitalis\" \/>\n<meta property=\"article:publisher\" content=\"https:\/\/www.facebook.com\/KapitalisInfo\/\" \/>\n<meta property=\"article:published_time\" content=\"2025-01-20T11:01:48+00:00\" \/>\n<meta property=\"article:modified_time\" content=\"2025-01-20T11:01:49+00:00\" \/>\n<meta property=\"og:image\" content=\"https:\/\/kapitalis.com\/tunisie\/wp-content\/uploads\/2025\/01\/Mohamed-Mouhli.jpg\" \/>\n\t<meta property=\"og:image:width\" content=\"1200\" \/>\n\t<meta property=\"og:image:height\" content=\"630\" \/>\n\t<meta property=\"og:image:type\" content=\"image\/jpeg\" \/>\n<meta name=\"author\" content=\"webmaster kapitalis\" \/>\n<meta name=\"twitter:card\" content=\"summary_large_image\" \/>\n<meta name=\"twitter:creator\" content=\"@KapitalisInfo\" \/>\n<meta name=\"twitter:site\" content=\"@KapitalisInfo\" \/>\n<meta name=\"twitter:label1\" content=\"\u00c9crit par\" \/>\n\t<meta name=\"twitter:data1\" content=\"webmaster kapitalis\" \/>\n\t<meta name=\"twitter:label2\" content=\"Dur\u00e9e de lecture estim\u00e9e\" \/>\n\t<meta name=\"twitter:data2\" content=\"2 minutes\" \/>\n<script type=\"application\/ld+json\" class=\"yoast-schema-graph\">{\"@context\":\"https:\/\/schema.org\",\"@graph\":[{\"@type\":\"Article\",\"@id\":\"https:\/\/kapitalis.com\/tunisie\/2025\/01\/20\/le-milieu-offensif-belge-mohamed-mouhli-rejoint-lesperance-de-tunis\/#article\",\"isPartOf\":{\"@id\":\"https:\/\/kapitalis.com\/tunisie\/2025\/01\/20\/le-milieu-offensif-belge-mohamed-mouhli-rejoint-lesperance-de-tunis\/\"},\"author\":{\"name\":\"webmaster kapitalis\",\"@id\":\"https:\/\/kapitalis.com\/tunisie\/#\/schema\/person\/d71f33a9ca44f7bad4698210b480c8e9\"},\"headline\":\"Le milieu offensif Belge Mohamed Mouhli rejoint l\u2019Esp\u00e9rance de Tunis\",\"datePublished\":\"2025-01-20T11:01:48+00:00\",\"dateModified\":\"2025-01-20T11:01:49+00:00\",\"mainEntityOfPage\":{\"@id\":\"https:\/\/kapitalis.com\/tunisie\/2025\/01\/20\/le-milieu-offensif-belge-mohamed-mouhli-rejoint-lesperance-de-tunis\/\"},\"wordCount\":259,\"commentCount\":0,\"publisher\":{\"@id\":\"https:\/\/kapitalis.com\/tunisie\/#organization\"},\"image\":{\"@id\":\"https:\/\/kapitalis.com\/tunisie\/2025\/01\/20\/le-milieu-offensif-belge-mohamed-mouhli-rejoint-lesperance-de-tunis\/#primaryimage\"},\"thumbnailUrl\":\"https:\/\/kapitalis.com\/tunisie\/wp-content\/uploads\/2025\/01\/Mohamed-Mouhli.jpg\",\"keywords\":[\"Belgique\",\"Esp\u00e9rance de Tunis\",\"Mohamed Mouhli\",\"RFC Li\u00e8ge\",\"Tunisie\"],\"articleSection\":[\"SPORT\",\"Tunisie\"],\"inLanguage\":\"fr-FR\",\"potentialAction\":[{\"@type\":\"CommentAction\",\"name\":\"Comment\",\"target\":[\"https:\/\/kapitalis.com\/tunisie\/2025\/01\/20\/le-milieu-offensif-belge-mohamed-mouhli-rejoint-lesperance-de-tunis\/#respond\"]}]},{\"@type\":\"WebPage\",\"@id\":\"https:\/\/kapitalis.com\/tunisie\/2025\/01\/20\/le-milieu-offensif-belge-mohamed-mouhli-rejoint-lesperance-de-tunis\/\",\"url\":\"https:\/\/kapitalis.com\/tunisie\/2025\/01\/20\/le-milieu-offensif-belge-mohamed-mouhli-rejoint-lesperance-de-tunis\/\",\"name\":\"Le milieu offensif Belge Mohamed Mouhli rejoint l\u2019Esp\u00e9rance de Tunis - Kapitalis\",\"isPartOf\":{\"@id\":\"https:\/\/kapitalis.com\/tunisie\/#website\"},\"primaryImageOfPage\":{\"@id\":\"https:\/\/kapitalis.com\/tunisie\/2025\/01\/20\/le-milieu-offensif-belge-mohamed-mouhli-rejoint-lesperance-de-tunis\/#primaryimage\"},\"image\":{\"@id\":\"https:\/\/kapitalis.com\/tunisie\/2025\/01\/20\/le-milieu-offensif-belge-mohamed-mouhli-rejoint-lesperance-de-tunis\/#primaryimage\"},\"thumbnailUrl\":\"https:\/\/kapitalis.com\/tunisie\/wp-content\/uploads\/2025\/01\/Mohamed-Mouhli.jpg\",\"datePublished\":\"2025-01-20T11:01:48+00:00\",\"dateModified\":\"2025-01-20T11:01:49+00:00\",\"breadcrumb\":{\"@id\":\"https:\/\/kapitalis.com\/tunisie\/2025\/01\/20\/le-milieu-offensif-belge-mohamed-mouhli-rejoint-lesperance-de-tunis\/#breadcrumb\"},\"inLanguage\":\"fr-FR\",\"potentialAction\":[{\"@type\":\"ReadAction\",\"target\":[\"https:\/\/kapitalis.com\/tunisie\/2025\/01\/20\/le-milieu-offensif-belge-mohamed-mouhli-rejoint-lesperance-de-tunis\/\"]}]},{\"@type\":\"ImageObject\",\"inLanguage\":\"fr-FR\",\"@id\":\"https:\/\/kapitalis.com\/tunisie\/2025\/01\/20\/le-milieu-offensif-belge-mohamed-mouhli-rejoint-lesperance-de-tunis\/#primaryimage\",\"url\":\"https:\/\/kapitalis.com\/tunisie\/wp-content\/uploads\/2025\/01\/Mohamed-Mouhli.jpg\",\"contentUrl\":\"https:\/\/kapitalis.com\/tunisie\/wp-content\/uploads\/2025\/01\/Mohamed-Mouhli.jpg\",\"width\":1200,\"height\":630},{\"@type\":\"BreadcrumbList\",\"@id\":\"https:\/\/kapitalis.com\/tunisie\/2025\/01\/20\/le-milieu-offensif-belge-mohamed-mouhli-rejoint-lesperance-de-tunis\/#breadcrumb\",\"itemListElement\":[{\"@type\":\"ListItem\",\"position\":1,\"name\":\"Accueil\",\"item\":\"https:\/\/kapitalis.com\/tunisie\/\"},{\"@type\":\"ListItem\",\"position\":2,\"name\":\"Le milieu offensif Belge Mohamed Mouhli rejoint l\u2019Esp\u00e9rance de Tunis\"}]},{\"@type\":\"WebSite\",\"@id\":\"https:\/\/kapitalis.com\/tunisie\/#website\",\"url\":\"https:\/\/kapitalis.com\/tunisie\/\",\"name\":\"Kapitalis\",\"description\":\"L&#039;actualit\u00e9 en Tunisie et dans le monde\",\"publisher\":{\"@id\":\"https:\/\/kapitalis.com\/tunisie\/#organization\"},\"potentialAction\":[{\"@type\":\"SearchAction\",\"target\":{\"@type\":\"EntryPoint\",\"urlTemplate\":\"https:\/\/kapitalis.com\/tunisie\/?s={search_term_string}\"},\"query-input\":{\"@type\":\"PropertyValueSpecification\",\"valueRequired\":true,\"valueName\":\"search_term_string\"}}],\"inLanguage\":\"fr-FR\"},{\"@type\":\"Organization\",\"@id\":\"https:\/\/kapitalis.com\/tunisie\/#organization\",\"name\":\"Kapitalis\",\"url\":\"https:\/\/kapitalis.com\/tunisie\/\",\"logo\":{\"@type\":\"ImageObject\",\"inLanguage\":\"fr-FR\",\"@id\":\"https:\/\/kapitalis.com\/tunisie\/#\/schema\/logo\/image\/\",\"url\":\"https:\/\/kapitalis.com\/tunisie\/wp-content\/uploads\/2022\/05\/Kapitalis-big-size.png\",\"contentUrl\":\"https:\/\/kapitalis.com\/tunisie\/wp-content\/uploads\/2022\/05\/Kapitalis-big-size.png\",\"width\":5000,\"height\":1500,\"caption\":\"Kapitalis\"},\"image\":{\"@id\":\"https:\/\/kapitalis.com\/tunisie\/#\/schema\/logo\/image\/\"},\"sameAs\":[\"https:\/\/www.facebook.com\/KapitalisInfo\/\",\"https:\/\/x.com\/KapitalisInfo\",\"https:\/\/www.youtube.com\/channel\/UC-yDYrHyfFBWWZaOw3FPg9Q\"]},{\"@type\":\"Person\",\"@id\":\"https:\/\/kapitalis.com\/tunisie\/#\/schema\/person\/d71f33a9ca44f7bad4698210b480c8e9\",\"name\":\"webmaster kapitalis\",\"url\":\"https:\/\/kapitalis.com\/tunisie\/author\/webmaster-kapitalis\/\"}]}<\/script>\n<!-- \/ Yoast SEO plugin. -->","yoast_head_json":{"title":"Le milieu offensif Belge Mohamed Mouhli rejoint l\u2019Esp\u00e9rance de Tunis - Kapitalis","robots":{"index":"index","follow":"follow","max-snippet":"max-snippet:-1","max-image-preview":"max-image-preview:large","max-video-preview":"max-video-preview:-1"},"canonical":"https:\/\/kapitalis.com\/tunisie\/2025\/01\/20\/le-milieu-offensif-belge-mohamed-mouhli-rejoint-lesperance-de-tunis\/","og_locale":"fr_FR","og_type":"article","og_title":"Le milieu offensif Belge Mohamed Mouhli rejoint l\u2019Esp\u00e9rance de Tunis - Kapitalis","og_description":"Le milieu offensif du club belge RFC Li\u00e8ge, Mohamed Mouhli, s'appr\u00eate \u00e0 renforcer les rands de l'Esp\u00e9rance.","og_url":"https:\/\/kapitalis.com\/tunisie\/2025\/01\/20\/le-milieu-offensif-belge-mohamed-mouhli-rejoint-lesperance-de-tunis\/","og_site_name":"Kapitalis","article_publisher":"https:\/\/www.facebook.com\/KapitalisInfo\/","article_published_time":"2025-01-20T11:01:48+00:00","article_modified_time":"2025-01-20T11:01:49+00:00","og_image":[{"width":1200,"height":630,"url":"https:\/\/kapitalis.com\/tunisie\/wp-content\/uploads\/2025\/01\/Mohamed-Mouhli.jpg","type":"image\/jpeg"}],"author":"webmaster kapitalis","twitter_card":"summary_large_image","twitter_creator":"@KapitalisInfo","twitter_site":"@KapitalisInfo","twitter_misc":{"\u00c9crit par":"webmaster kapitalis","Dur\u00e9e de lecture estim\u00e9e":"2 minutes"},"schema":{"@context":"https:\/\/schema.org","@graph":[{"@type":"Article","@id":"https:\/\/kapitalis.com\/tunisie\/2025\/01\/20\/le-milieu-offensif-belge-mohamed-mouhli-rejoint-lesperance-de-tunis\/#article","isPartOf":{"@id":"https:\/\/kapitalis.com\/tunisie\/2025\/01\/20\/le-milieu-offensif-belge-mohamed-mouhli-rejoint-lesperance-de-tunis\/"},"author":{"name":"webmaster kapitalis","@id":"https:\/\/kapitalis.com\/tunisie\/#\/schema\/person\/d71f33a9ca44f7bad4698210b480c8e9"},"headline":"Le milieu offensif Belge Mohamed Mouhli rejoint l\u2019Esp\u00e9rance de Tunis","datePublished":"2025-01-20T11:01:48+00:00","dateModified":"2025-01-20T11:01:49+00:00","mainEntityOfPage":{"@id":"https:\/\/kapitalis.com\/tunisie\/2025\/01\/20\/le-milieu-offensif-belge-mohamed-mouhli-rejoint-lesperance-de-tunis\/"},"wordCount":259,"commentCount":0,"publisher":{"@id":"https:\/\/kapitalis.com\/tunisie\/#organization"},"image":{"@id":"https:\/\/kapitalis.com\/tunisie\/2025\/01\/20\/le-milieu-offensif-belge-mohamed-mouhli-rejoint-lesperance-de-tunis\/#primaryimage"},"thumbnailUrl":"https:\/\/kapitalis.com\/tunisie\/wp-content\/uploads\/2025\/01\/Mohamed-Mouhli.jpg","keywords":["Belgique","Esp\u00e9rance de Tunis","Mohamed Mouhli","RFC Li\u00e8ge","Tunisie"],"articleSection":["SPORT","Tunisie"],"inLanguage":"fr-FR","potentialAction":[{"@type":"CommentAction","name":"Comment","target":["https:\/\/kapitalis.com\/tunisie\/2025\/01\/20\/le-milieu-offensif-belge-mohamed-mouhli-rejoint-lesperance-de-tunis\/#respond"]}]},{"@type":"WebPage","@id":"https:\/\/kapitalis.com\/tunisie\/2025\/01\/20\/le-milieu-offensif-belge-mohamed-mouhli-rejoint-lesperance-de-tunis\/","url":"https:\/\/kapitalis.com\/tunisie\/2025\/01\/20\/le-milieu-offensif-belge-mohamed-mouhli-rejoint-lesperance-de-tunis\/","name":"Le milieu offensif Belge Mohamed Mouhli rejoint l\u2019Esp\u00e9rance de Tunis - Kapitalis","isPartOf":{"@id":"https:\/\/kapitalis.com\/tunisie\/#website"},"primaryImageOfPage":{"@id":"https:\/\/kapitalis.com\/tunisie\/2025\/01\/20\/le-milieu-offensif-belge-mohamed-mouhli-rejoint-lesperance-de-tunis\/#primaryimage"},"image":{"@id":"https:\/\/kapitalis.com\/tunisie\/2025\/01\/20\/le-milieu-offensif-belge-mohamed-mouhli-rejoint-lesperance-de-tunis\/#primaryimage"},"thumbnailUrl":"https:\/\/kapitalis.com\/tunisie\/wp-content\/uploads\/2025\/01\/Mohamed-Mouhli.jpg","datePublished":"2025-01-20T11:01:48+00:00","dateModified":"2025-01-20T11:01:49+00:00","breadcrumb":{"@id":"https:\/\/kapitalis.com\/tunisie\/2025\/01\/20\/le-milieu-offensif-belge-mohamed-mouhli-rejoint-lesperance-de-tunis\/#breadcrumb"},"inLanguage":"fr-FR","potentialAction":[{"@type":"ReadAction","target":["https:\/\/kapitalis.com\/tunisie\/2025\/01\/20\/le-milieu-offensif-belge-mohamed-mouhli-rejoint-lesperance-de-tunis\/"]}]},{"@type":"ImageObject","inLanguage":"fr-FR","@id":"https:\/\/kapitalis.com\/tunisie\/2025\/01\/20\/le-milieu-offensif-belge-mohamed-mouhli-rejoint-lesperance-de-tunis\/#primaryimage","url":"https:\/\/kapitalis.com\/tunisie\/wp-content\/uploads\/2025\/01\/Mohamed-Mouhli.jpg","contentUrl":"https:\/\/kapitalis.com\/tunisie\/wp-content\/uploads\/2025\/01\/Mohamed-Mouhli.jpg","width":1200,"height":630},{"@type":"BreadcrumbList","@id":"https:\/\/kapitalis.com\/tunisie\/2025\/01\/20\/le-milieu-offensif-belge-mohamed-mouhli-rejoint-lesperance-de-tunis\/#breadcrumb","itemListElement":[{"@type":"ListItem","position":1,"name":"Accueil","item":"https:\/\/kapitalis.com\/tunisie\/"},{"@type":"ListItem","position":2,"name":"Le milieu offensif Belge Mohamed Mouhli rejoint l\u2019Esp\u00e9rance de Tunis"}]},{"@type":"WebSite","@id":"https:\/\/kapitalis.com\/tunisie\/#website","url":"https:\/\/kapitalis.com\/tunisie\/","name":"Kapitalis","description":"L&#039;actualit\u00e9 en Tunisie et dans le monde","publisher":{"@id":"https:\/\/kapitalis.com\/tunisie\/#organization"},"potentialAction":[{"@type":"SearchAction","target":{"@type":"EntryPoint","urlTemplate":"https:\/\/kapitalis.com\/tunisie\/?s={search_term_string}"},"query-input":{"@type":"PropertyValueSpecification","valueRequired":true,"valueName":"search_term_string"}}],"inLanguage":"fr-FR"},{"@type":"Organization","@id":"https:\/\/kapitalis.com\/tunisie\/#organization","name":"Kapitalis","url":"https:\/\/kapitalis.com\/tunisie\/","logo":{"@type":"ImageObject","inLanguage":"fr-FR","@id":"https:\/\/kapitalis.com\/tunisie\/#\/schema\/logo\/image\/","url":"https:\/\/kapitalis.com\/tunisie\/wp-content\/uploads\/2022\/05\/Kapitalis-big-size.png","contentUrl":"https:\/\/kapitalis.com\/tunisie\/wp-content\/uploads\/2022\/05\/Kapitalis-big-size.png","width":5000,"height":1500,"caption":"Kapitalis"},"image":{"@id":"https:\/\/kapitalis.com\/tunisie\/#\/schema\/logo\/image\/"},"sameAs":["https:\/\/www.facebook.com\/KapitalisInfo\/","https:\/\/x.com\/KapitalisInfo","https:\/\/www.youtube.com\/channel\/UC-yDYrHyfFBWWZaOw3FPg9Q"]},{"@type":"Person","@id":"https:\/\/kapitalis.com\/tunisie\/#\/schema\/person\/d71f33a9ca44f7bad4698210b480c8e9","name":"webmaster kapitalis","url":"https:\/\/kapitalis.com\/tunisie\/author\/webmaster-kapitalis\/"}]}},"_links":{"self":[{"href":"https:\/\/kapitalis.com\/tunisie\/wp-json\/wp\/v2\/posts\/15234373","targetHints":{"allow":["GET"]}}],"collection":[{"href":"https:\/\/kapitalis.com\/tunisie\/wp-json\/wp\/v2\/posts"}],"about":[{"href":"https:\/\/kapitalis.com\/tunisie\/wp-json\/wp\/v2\/types\/post"}],"author":[{"embeddable":true,"href":"https:\/\/kapitalis.com\/tunisie\/wp-json\/wp\/v2\/users\/8"}],"replies":[{"embeddable":true,"href":"https:\/\/kapitalis.com\/tunisie\/wp-json\/wp\/v2\/comments?post=15234373"}],"version-history":[{"count":2,"href":"https:\/\/kapitalis.com\/tunisie\/wp-json\/wp\/v2\/posts\/15234373\/revisions"}],"predecessor-version":[{"id":15239223,"href":"https:\/\/kapitalis.com\/tunisie\/wp-json\/wp\/v2\/posts\/15234373\/revisions\/15239223"}],"wp:featuredmedia":[{"embeddable":true,"href":"https:\/\/kapitalis.com\/tunisie\/wp-json\/wp\/v2\/media\/15234405"}],"wp:attachment":[{"href":"https:\/\/kapitalis.com\/tunisie\/wp-json\/wp\/v2\/media?parent=15234373"}],"wp:term":[{"taxonomy":"category","embeddable":true,"href":"https:\/\/kapitalis.com\/tunisie\/wp-json\/wp\/v2\/categories?post=15234373"},{"taxonomy":"post_tag","embeddable":true,"href":"https:\/\/kapitalis.com\/tunisie\/wp-json\/wp\/v2\/tags?post=15234373"}],"curies":[{"name":"wp","href":"https:\/\/api.w.org\/{rel}","templated":true}]}}