{"id":152348,"date":"2018-05-04T12:40:57","date_gmt":"2018-05-04T11:40:57","guid":{"rendered":"http:\/\/kapitalis.com\/tunisie\/?p=152348"},"modified":"2018-05-04T12:40:57","modified_gmt":"2018-05-04T11:40:57","slug":"tabc-forum-economique-senegal-tunisie-a-dakar","status":"publish","type":"post","link":"https:\/\/kapitalis.com\/tunisie\/2018\/05\/04\/tabc-forum-economique-senegal-tunisie-a-dakar\/","title":{"rendered":"TABC : Forum \u00e9conomique S\u00e9n\u00e9gal-Tunisie \u00e0 Dakar"},"content":{"rendered":"<p style=\"text-align: center;\"><img loading=\"lazy\" decoding=\"async\" class=\"alignnone size-full wp-image-152349\" src=\"http:\/\/kapitalis.com\/tunisie\/wp-content\/uploads\/2018\/05\/Forum-economique-Senegal-Tunisie.jpg\" alt=\"\" width=\"626\" height=\"380\" \/><\/p>\n<p><em><strong>Le Tunisia-Africa Business Council (TABC) et la Chambre tuniso-s\u00e9n\u00e9galaise de commerce et d\u2019industrie (CTSCI) ont organis\u00e9 un Forum \u00e9conomique S\u00e9n\u00e9gal-Tunisie : vers un partenariat durable\u00bb, le mercredi 2 mai 2018, \u00e0 l\u2019h\u00f4tel Novotel Dakar, au S\u00e9n\u00e9gal.<\/strong><\/em><\/p>\n<p><!--more--><\/p>\n<p>Ce forum, mod\u00e9r\u00e9 par le Pr El Ibrahima Mbow, pr\u00e9sident du Conseil \u00e9conomique social et environnemental (CESE-S\u00e9n\u00e9gal), s\u2019est tenu dans le cadre d\u2019une mission d\u2019hommes d\u2019affaires tunisiens au S\u00e9n\u00e9gal, organis\u00e9e en collaboration avec l\u2019ambassade du S\u00e9n\u00e9gal \u00e0 Tunis et l\u2019ambassade du S\u00e9n\u00e9gal \u00e0 Tunis.<\/p>\n<p style=\"text-align: center;\"><img loading=\"lazy\" decoding=\"async\" class=\"alignnone wp-image-152351\" src=\"http:\/\/kapitalis.com\/tunisie\/wp-content\/uploads\/2018\/05\/Forum-economique-Senegal-Tunisie-2.jpg\" alt=\"\" width=\"500\" height=\"333\" \/><\/p>\n<p>Parmi les intervenants, autour de Bassem Loukil, pr\u00e9sident du TABC, on citera Slim Feriani, ministre tunisien de l\u2019Industrie et des PME, Mohamed Ali El Ouani Cherif, pr\u00e9sident de la CTSCI, Mehdi Ferchichi, ambassadeur de Tunisie au S\u00e9n\u00e9gal, Adama Baye Racine Ndiaye, secr\u00e9taire g\u00e9n\u00e9ral du minist\u00e8re s\u00e9n\u00e9galais de l\u2019Industrie et de la Petite et moyenne industrie, Che\u00efbane Sy, senior manager Tax &amp; Legal (Mazars S\u00e9n\u00e9gal), Abdel Mumin Zampalegre, directeur g\u00e9n\u00e9ral de Bank Of Africa S\u00e9n\u00e9gal, ainsi que des repr\u00e9sentants du Conseil national du patronat (CNP), de la Chambre de commerce, d\u2019industrie et d\u2019agriculture de Dakar (CCIAD), de la Conf\u00e9d\u00e9ration nationale des employeurs du S\u00e9n\u00e9gal (CNES) et de l\u2019Agence pour la promotion des investissements et des grands travaux (Apix) du S\u00e9n\u00e9gal.<\/p>\n<p style=\"text-align: center;\"><img loading=\"lazy\" decoding=\"async\" class=\"alignnone wp-image-152352\" src=\"http:\/\/kapitalis.com\/tunisie\/wp-content\/uploads\/2018\/05\/Bassem-Loukil-Slim-Feriani.jpg\" alt=\"\" width=\"500\" height=\"333\" \/><\/p>\n<p style=\"text-align: center;\"><em>Bassem Loukil et Slim Feriani.<\/em><\/p>\n<p>Le forum a \u00e9t\u00e9 l\u2019occasion de pr\u00e9senter aux hommes d\u2019affaires tunisiens pr\u00e9sents l\u2019environnement des affaires au S\u00e9n\u00e9gal, les volets prioritaires du <em>\u00abPlan S\u00e9n\u00e9gal \u00c9mergent\u00bb<\/em>, les avantages fiscaux, les incitations aux investissements et les m\u00e9canismes de financement bancaire dans ce pays.<\/p>\n<p>Il a \u00e9t\u00e9 aussi l\u2019occasion d\u2019identifier des nouvelles pistes pour la coop\u00e9ration \u00e9conomique bilat\u00e9rale, en tenant compte des besoins du march\u00e9 s\u00e9n\u00e9galais et des opportunit\u00e9s d\u2019investissement qu\u2019il offre pour les op\u00e9rateurs tunisiens.<\/p>\n<p style=\"text-align: right;\"><strong>I. B.<\/strong><\/p>\n","protected":false},"excerpt":{"rendered":"<p>Le Tunisia-Africa Business Council (TABC) et la Chambre tuniso-s\u00e9n\u00e9galaise de commerce et d\u2019industrie (CTSCI) ont organis\u00e9 un Forum \u00e9conomique S\u00e9n\u00e9gal-Tunisie : vers un partenariat durable\u00bb, le mercredi 2 mai 2018, \u00e0 l\u2019h\u00f4tel Novotel Dakar, au S\u00e9n\u00e9gal.<\/p>\n","protected":false},"author":8,"featured_media":152349,"comment_status":"open","ping_status":"open","sticky":false,"template":"","format":"standard","meta":{"footnotes":""},"categories":[995,2433],"tags":[2075,13250,4787,2986,1717,875,8123],"class_list":["post-152348","post","type-post","status-publish","format-standard","has-post-thumbnail","hentry","category-economie","category-tunisie","tag-bassem-loukil","tag-dakar","tag-forum-economique","tag-senegal","tag-slim-feriani","tag-tabc","tag-tunisia-africa-business-council"],"yoast_head":"<!-- This site is optimized with the Yoast SEO plugin v26.6 - https:\/\/yoast.com\/wordpress\/plugins\/seo\/ -->\n<title>TABC : Forum \u00e9conomique S\u00e9n\u00e9gal-Tunisie \u00e0 Dakar - Kapitalis<\/title>\n<meta name=\"robots\" content=\"index, follow, max-snippet:-1, max-image-preview:large, max-video-preview:-1\" \/>\n<link rel=\"canonical\" href=\"https:\/\/kapitalis.com\/tunisie\/2018\/05\/04\/tabc-forum-economique-senegal-tunisie-a-dakar\/\" \/>\n<meta property=\"og:locale\" content=\"fr_FR\" \/>\n<meta property=\"og:type\" content=\"article\" \/>\n<meta property=\"og:title\" content=\"TABC : Forum \u00e9conomique S\u00e9n\u00e9gal-Tunisie \u00e0 Dakar - Kapitalis\" \/>\n<meta property=\"og:description\" content=\"Le Tunisia-Africa Business Council (TABC) et la Chambre tuniso-s\u00e9n\u00e9galaise de commerce et d\u2019industrie (CTSCI) ont organis\u00e9 un Forum \u00e9conomique S\u00e9n\u00e9gal-Tunisie : vers un partenariat durable\u00bb, le mercredi 2 mai 2018, \u00e0 l\u2019h\u00f4tel Novotel Dakar, au S\u00e9n\u00e9gal.\" \/>\n<meta property=\"og:url\" content=\"https:\/\/kapitalis.com\/tunisie\/2018\/05\/04\/tabc-forum-economique-senegal-tunisie-a-dakar\/\" \/>\n<meta property=\"og:site_name\" content=\"Kapitalis\" \/>\n<meta property=\"article:publisher\" content=\"https:\/\/www.facebook.com\/KapitalisInfo\/\" \/>\n<meta property=\"article:published_time\" content=\"2018-05-04T11:40:57+00:00\" \/>\n<meta property=\"og:image\" content=\"https:\/\/kapitalis.com\/tunisie\/wp-content\/uploads\/2022\/05\/kapitalis-logo-fb.png\" \/>\n\t<meta property=\"og:image:width\" content=\"1200\" \/>\n\t<meta property=\"og:image:height\" content=\"630\" \/>\n\t<meta property=\"og:image:type\" content=\"image\/png\" \/>\n<meta name=\"author\" content=\"webmaster kapitalis\" \/>\n<meta name=\"twitter:card\" content=\"summary_large_image\" \/>\n<meta name=\"twitter:creator\" content=\"@KapitalisInfo\" \/>\n<meta name=\"twitter:site\" content=\"@KapitalisInfo\" \/>\n<meta name=\"twitter:label1\" content=\"\u00c9crit par\" \/>\n\t<meta name=\"twitter:data1\" content=\"webmaster kapitalis\" \/>\n\t<meta name=\"twitter:label2\" content=\"Dur\u00e9e de lecture estim\u00e9e\" \/>\n\t<meta name=\"twitter:data2\" content=\"2 minutes\" \/>\n<script type=\"application\/ld+json\" class=\"yoast-schema-graph\">{\"@context\":\"https:\/\/schema.org\",\"@graph\":[{\"@type\":\"Article\",\"@id\":\"https:\/\/kapitalis.com\/tunisie\/2018\/05\/04\/tabc-forum-economique-senegal-tunisie-a-dakar\/#article\",\"isPartOf\":{\"@id\":\"https:\/\/kapitalis.com\/tunisie\/2018\/05\/04\/tabc-forum-economique-senegal-tunisie-a-dakar\/\"},\"author\":{\"name\":\"webmaster kapitalis\",\"@id\":\"https:\/\/kapitalis.com\/tunisie\/#\/schema\/person\/d71f33a9ca44f7bad4698210b480c8e9\"},\"headline\":\"TABC : Forum \u00e9conomique S\u00e9n\u00e9gal-Tunisie \u00e0 Dakar\",\"datePublished\":\"2018-05-04T11:40:57+00:00\",\"mainEntityOfPage\":{\"@id\":\"https:\/\/kapitalis.com\/tunisie\/2018\/05\/04\/tabc-forum-economique-senegal-tunisie-a-dakar\/\"},\"wordCount\":354,\"commentCount\":0,\"publisher\":{\"@id\":\"https:\/\/kapitalis.com\/tunisie\/#organization\"},\"image\":{\"@id\":\"https:\/\/kapitalis.com\/tunisie\/2018\/05\/04\/tabc-forum-economique-senegal-tunisie-a-dakar\/#primaryimage\"},\"thumbnailUrl\":\"\",\"keywords\":[\"Bassem Loukil\",\"Dakar\",\"forum \u00e9conomique\",\"S\u00e9n\u00e9gal\",\"Slim Feriani\",\"TABC\",\"Tunisia-Africa Business Council\"],\"articleSection\":[\"ECONOMIE\",\"Tunisie\"],\"inLanguage\":\"fr-FR\",\"potentialAction\":[{\"@type\":\"CommentAction\",\"name\":\"Comment\",\"target\":[\"https:\/\/kapitalis.com\/tunisie\/2018\/05\/04\/tabc-forum-economique-senegal-tunisie-a-dakar\/#respond\"]}]},{\"@type\":\"WebPage\",\"@id\":\"https:\/\/kapitalis.com\/tunisie\/2018\/05\/04\/tabc-forum-economique-senegal-tunisie-a-dakar\/\",\"url\":\"https:\/\/kapitalis.com\/tunisie\/2018\/05\/04\/tabc-forum-economique-senegal-tunisie-a-dakar\/\",\"name\":\"TABC : Forum \u00e9conomique S\u00e9n\u00e9gal-Tunisie \u00e0 Dakar - Kapitalis\",\"isPartOf\":{\"@id\":\"https:\/\/kapitalis.com\/tunisie\/#website\"},\"primaryImageOfPage\":{\"@id\":\"https:\/\/kapitalis.com\/tunisie\/2018\/05\/04\/tabc-forum-economique-senegal-tunisie-a-dakar\/#primaryimage\"},\"image\":{\"@id\":\"https:\/\/kapitalis.com\/tunisie\/2018\/05\/04\/tabc-forum-economique-senegal-tunisie-a-dakar\/#primaryimage\"},\"thumbnailUrl\":\"\",\"datePublished\":\"2018-05-04T11:40:57+00:00\",\"breadcrumb\":{\"@id\":\"https:\/\/kapitalis.com\/tunisie\/2018\/05\/04\/tabc-forum-economique-senegal-tunisie-a-dakar\/#breadcrumb\"},\"inLanguage\":\"fr-FR\",\"potentialAction\":[{\"@type\":\"ReadAction\",\"target\":[\"https:\/\/kapitalis.com\/tunisie\/2018\/05\/04\/tabc-forum-economique-senegal-tunisie-a-dakar\/\"]}]},{\"@type\":\"ImageObject\",\"inLanguage\":\"fr-FR\",\"@id\":\"https:\/\/kapitalis.com\/tunisie\/2018\/05\/04\/tabc-forum-economique-senegal-tunisie-a-dakar\/#primaryimage\",\"url\":\"\",\"contentUrl\":\"\"},{\"@type\":\"BreadcrumbList\",\"@id\":\"https:\/\/kapitalis.com\/tunisie\/2018\/05\/04\/tabc-forum-economique-senegal-tunisie-a-dakar\/#breadcrumb\",\"itemListElement\":[{\"@type\":\"ListItem\",\"position\":1,\"name\":\"Accueil\",\"item\":\"https:\/\/kapitalis.com\/tunisie\/\"},{\"@type\":\"ListItem\",\"position\":2,\"name\":\"TABC : Forum \u00e9conomique S\u00e9n\u00e9gal-Tunisie \u00e0 Dakar\"}]},{\"@type\":\"WebSite\",\"@id\":\"https:\/\/kapitalis.com\/tunisie\/#website\",\"url\":\"https:\/\/kapitalis.com\/tunisie\/\",\"name\":\"Kapitalis\",\"description\":\"L&#039;actualit\u00e9 en Tunisie et dans le monde\",\"publisher\":{\"@id\":\"https:\/\/kapitalis.com\/tunisie\/#organization\"},\"potentialAction\":[{\"@type\":\"SearchAction\",\"target\":{\"@type\":\"EntryPoint\",\"urlTemplate\":\"https:\/\/kapitalis.com\/tunisie\/?s={search_term_string}\"},\"query-input\":{\"@type\":\"PropertyValueSpecification\",\"valueRequired\":true,\"valueName\":\"search_term_string\"}}],\"inLanguage\":\"fr-FR\"},{\"@type\":\"Organization\",\"@id\":\"https:\/\/kapitalis.com\/tunisie\/#organization\",\"name\":\"Kapitalis\",\"url\":\"https:\/\/kapitalis.com\/tunisie\/\",\"logo\":{\"@type\":\"ImageObject\",\"inLanguage\":\"fr-FR\",\"@id\":\"https:\/\/kapitalis.com\/tunisie\/#\/schema\/logo\/image\/\",\"url\":\"https:\/\/kapitalis.com\/tunisie\/wp-content\/uploads\/2022\/05\/Kapitalis-big-size.png\",\"contentUrl\":\"https:\/\/kapitalis.com\/tunisie\/wp-content\/uploads\/2022\/05\/Kapitalis-big-size.png\",\"width\":5000,\"height\":1500,\"caption\":\"Kapitalis\"},\"image\":{\"@id\":\"https:\/\/kapitalis.com\/tunisie\/#\/schema\/logo\/image\/\"},\"sameAs\":[\"https:\/\/www.facebook.com\/KapitalisInfo\/\",\"https:\/\/x.com\/KapitalisInfo\",\"https:\/\/www.youtube.com\/channel\/UC-yDYrHyfFBWWZaOw3FPg9Q\"]},{\"@type\":\"Person\",\"@id\":\"https:\/\/kapitalis.com\/tunisie\/#\/schema\/person\/d71f33a9ca44f7bad4698210b480c8e9\",\"name\":\"webmaster kapitalis\",\"url\":\"https:\/\/kapitalis.com\/tunisie\/author\/webmaster-kapitalis\/\"}]}<\/script>\n<!-- \/ Yoast SEO plugin. -->","yoast_head_json":{"title":"TABC : Forum \u00e9conomique S\u00e9n\u00e9gal-Tunisie \u00e0 Dakar - Kapitalis","robots":{"index":"index","follow":"follow","max-snippet":"max-snippet:-1","max-image-preview":"max-image-preview:large","max-video-preview":"max-video-preview:-1"},"canonical":"https:\/\/kapitalis.com\/tunisie\/2018\/05\/04\/tabc-forum-economique-senegal-tunisie-a-dakar\/","og_locale":"fr_FR","og_type":"article","og_title":"TABC : Forum \u00e9conomique S\u00e9n\u00e9gal-Tunisie \u00e0 Dakar - Kapitalis","og_description":"Le Tunisia-Africa Business Council (TABC) et la Chambre tuniso-s\u00e9n\u00e9galaise de commerce et d\u2019industrie (CTSCI) ont organis\u00e9 un Forum \u00e9conomique S\u00e9n\u00e9gal-Tunisie : vers un partenariat durable\u00bb, le mercredi 2 mai 2018, \u00e0 l\u2019h\u00f4tel Novotel Dakar, au S\u00e9n\u00e9gal.","og_url":"https:\/\/kapitalis.com\/tunisie\/2018\/05\/04\/tabc-forum-economique-senegal-tunisie-a-dakar\/","og_site_name":"Kapitalis","article_publisher":"https:\/\/www.facebook.com\/KapitalisInfo\/","article_published_time":"2018-05-04T11:40:57+00:00","og_image":[{"width":1200,"height":630,"url":"https:\/\/kapitalis.com\/tunisie\/wp-content\/uploads\/2022\/05\/kapitalis-logo-fb.png","type":"image\/png"}],"author":"webmaster kapitalis","twitter_card":"summary_large_image","twitter_creator":"@KapitalisInfo","twitter_site":"@KapitalisInfo","twitter_misc":{"\u00c9crit par":"webmaster kapitalis","Dur\u00e9e de lecture estim\u00e9e":"2 minutes"},"schema":{"@context":"https:\/\/schema.org","@graph":[{"@type":"Article","@id":"https:\/\/kapitalis.com\/tunisie\/2018\/05\/04\/tabc-forum-economique-senegal-tunisie-a-dakar\/#article","isPartOf":{"@id":"https:\/\/kapitalis.com\/tunisie\/2018\/05\/04\/tabc-forum-economique-senegal-tunisie-a-dakar\/"},"author":{"name":"webmaster kapitalis","@id":"https:\/\/kapitalis.com\/tunisie\/#\/schema\/person\/d71f33a9ca44f7bad4698210b480c8e9"},"headline":"TABC : Forum \u00e9conomique S\u00e9n\u00e9gal-Tunisie \u00e0 Dakar","datePublished":"2018-05-04T11:40:57+00:00","mainEntityOfPage":{"@id":"https:\/\/kapitalis.com\/tunisie\/2018\/05\/04\/tabc-forum-economique-senegal-tunisie-a-dakar\/"},"wordCount":354,"commentCount":0,"publisher":{"@id":"https:\/\/kapitalis.com\/tunisie\/#organization"},"image":{"@id":"https:\/\/kapitalis.com\/tunisie\/2018\/05\/04\/tabc-forum-economique-senegal-tunisie-a-dakar\/#primaryimage"},"thumbnailUrl":"","keywords":["Bassem Loukil","Dakar","forum \u00e9conomique","S\u00e9n\u00e9gal","Slim Feriani","TABC","Tunisia-Africa Business Council"],"articleSection":["ECONOMIE","Tunisie"],"inLanguage":"fr-FR","potentialAction":[{"@type":"CommentAction","name":"Comment","target":["https:\/\/kapitalis.com\/tunisie\/2018\/05\/04\/tabc-forum-economique-senegal-tunisie-a-dakar\/#respond"]}]},{"@type":"WebPage","@id":"https:\/\/kapitalis.com\/tunisie\/2018\/05\/04\/tabc-forum-economique-senegal-tunisie-a-dakar\/","url":"https:\/\/kapitalis.com\/tunisie\/2018\/05\/04\/tabc-forum-economique-senegal-tunisie-a-dakar\/","name":"TABC : Forum \u00e9conomique S\u00e9n\u00e9gal-Tunisie \u00e0 Dakar - Kapitalis","isPartOf":{"@id":"https:\/\/kapitalis.com\/tunisie\/#website"},"primaryImageOfPage":{"@id":"https:\/\/kapitalis.com\/tunisie\/2018\/05\/04\/tabc-forum-economique-senegal-tunisie-a-dakar\/#primaryimage"},"image":{"@id":"https:\/\/kapitalis.com\/tunisie\/2018\/05\/04\/tabc-forum-economique-senegal-tunisie-a-dakar\/#primaryimage"},"thumbnailUrl":"","datePublished":"2018-05-04T11:40:57+00:00","breadcrumb":{"@id":"https:\/\/kapitalis.com\/tunisie\/2018\/05\/04\/tabc-forum-economique-senegal-tunisie-a-dakar\/#breadcrumb"},"inLanguage":"fr-FR","potentialAction":[{"@type":"ReadAction","target":["https:\/\/kapitalis.com\/tunisie\/2018\/05\/04\/tabc-forum-economique-senegal-tunisie-a-dakar\/"]}]},{"@type":"ImageObject","inLanguage":"fr-FR","@id":"https:\/\/kapitalis.com\/tunisie\/2018\/05\/04\/tabc-forum-economique-senegal-tunisie-a-dakar\/#primaryimage","url":"","contentUrl":""},{"@type":"BreadcrumbList","@id":"https:\/\/kapitalis.com\/tunisie\/2018\/05\/04\/tabc-forum-economique-senegal-tunisie-a-dakar\/#breadcrumb","itemListElement":[{"@type":"ListItem","position":1,"name":"Accueil","item":"https:\/\/kapitalis.com\/tunisie\/"},{"@type":"ListItem","position":2,"name":"TABC : Forum \u00e9conomique S\u00e9n\u00e9gal-Tunisie \u00e0 Dakar"}]},{"@type":"WebSite","@id":"https:\/\/kapitalis.com\/tunisie\/#website","url":"https:\/\/kapitalis.com\/tunisie\/","name":"Kapitalis","description":"L&#039;actualit\u00e9 en Tunisie et dans le monde","publisher":{"@id":"https:\/\/kapitalis.com\/tunisie\/#organization"},"potentialAction":[{"@type":"SearchAction","target":{"@type":"EntryPoint","urlTemplate":"https:\/\/kapitalis.com\/tunisie\/?s={search_term_string}"},"query-input":{"@type":"PropertyValueSpecification","valueRequired":true,"valueName":"search_term_string"}}],"inLanguage":"fr-FR"},{"@type":"Organization","@id":"https:\/\/kapitalis.com\/tunisie\/#organization","name":"Kapitalis","url":"https:\/\/kapitalis.com\/tunisie\/","logo":{"@type":"ImageObject","inLanguage":"fr-FR","@id":"https:\/\/kapitalis.com\/tunisie\/#\/schema\/logo\/image\/","url":"https:\/\/kapitalis.com\/tunisie\/wp-content\/uploads\/2022\/05\/Kapitalis-big-size.png","contentUrl":"https:\/\/kapitalis.com\/tunisie\/wp-content\/uploads\/2022\/05\/Kapitalis-big-size.png","width":5000,"height":1500,"caption":"Kapitalis"},"image":{"@id":"https:\/\/kapitalis.com\/tunisie\/#\/schema\/logo\/image\/"},"sameAs":["https:\/\/www.facebook.com\/KapitalisInfo\/","https:\/\/x.com\/KapitalisInfo","https:\/\/www.youtube.com\/channel\/UC-yDYrHyfFBWWZaOw3FPg9Q"]},{"@type":"Person","@id":"https:\/\/kapitalis.com\/tunisie\/#\/schema\/person\/d71f33a9ca44f7bad4698210b480c8e9","name":"webmaster kapitalis","url":"https:\/\/kapitalis.com\/tunisie\/author\/webmaster-kapitalis\/"}]}},"_links":{"self":[{"href":"https:\/\/kapitalis.com\/tunisie\/wp-json\/wp\/v2\/posts\/152348","targetHints":{"allow":["GET"]}}],"collection":[{"href":"https:\/\/kapitalis.com\/tunisie\/wp-json\/wp\/v2\/posts"}],"about":[{"href":"https:\/\/kapitalis.com\/tunisie\/wp-json\/wp\/v2\/types\/post"}],"author":[{"embeddable":true,"href":"https:\/\/kapitalis.com\/tunisie\/wp-json\/wp\/v2\/users\/8"}],"replies":[{"embeddable":true,"href":"https:\/\/kapitalis.com\/tunisie\/wp-json\/wp\/v2\/comments?post=152348"}],"version-history":[{"count":0,"href":"https:\/\/kapitalis.com\/tunisie\/wp-json\/wp\/v2\/posts\/152348\/revisions"}],"wp:featuredmedia":[{"embeddable":true,"href":"https:\/\/kapitalis.com\/tunisie\/wp-json\/wp\/v2\/media\/152349"}],"wp:attachment":[{"href":"https:\/\/kapitalis.com\/tunisie\/wp-json\/wp\/v2\/media?parent=152348"}],"wp:term":[{"taxonomy":"category","embeddable":true,"href":"https:\/\/kapitalis.com\/tunisie\/wp-json\/wp\/v2\/categories?post=152348"},{"taxonomy":"post_tag","embeddable":true,"href":"https:\/\/kapitalis.com\/tunisie\/wp-json\/wp\/v2\/tags?post=152348"}],"curies":[{"name":"wp","href":"https:\/\/api.w.org\/{rel}","templated":true}]}}