{"id":152462,"date":"2018-05-04T18:19:56","date_gmt":"2018-05-04T17:19:56","guid":{"rendered":"http:\/\/kapitalis.com\/tunisie\/?p=152462"},"modified":"2018-05-04T19:28:05","modified_gmt":"2018-05-04T18:28:05","slug":"equipe-de-tunisie-bilel-mohsni-sera-t-il-la-surprise-de-la-derniere-heure","status":"publish","type":"post","link":"https:\/\/kapitalis.com\/tunisie\/2018\/05\/04\/equipe-de-tunisie-bilel-mohsni-sera-t-il-la-surprise-de-la-derniere-heure\/","title":{"rendered":"Equipe de Tunisie : Bilel Mohsni sera-t-il la surprise de la derni\u00e8re heure ?"},"content":{"rendered":"<p style=\"text-align: center;\"><img loading=\"lazy\" decoding=\"async\" class=\"alignnone size-full wp-image-144801\" src=\"http:\/\/kapitalis.com\/tunisie\/wp-content\/uploads\/2018\/03\/Bilel-Mohsni.jpg\" alt=\"\" width=\"626\" height=\"381\" \/><\/p>\n<p><em><strong>Des sources proches de l\u2019entourage de l\u2019\u00e9quipe de Tunisie parlent d\u2019un retour probable du d\u00e9fenseur central Bilel Mohsni parmi les Aigles de Carthage \u00e0 quelques semaines de la Coupe du Monde de Russie.<\/strong><\/em><\/p>\n<p><!--more--><\/p>\n<p>Des indiscr\u00e9tions r\u00e9v\u00e8lent un r\u00e9cent contact entre le s\u00e9lectionneur Nabil Maaloul et le d\u00e9fenseur tunisien du club \u00e9cossais de premi\u00e8re division, Dundee United, qui n\u2019a plus rejou\u00e9 en \u00e9quipe de Tunisie depuis novembre 2017.<\/p>\n<p>Si la d\u00e9marche semble plut\u00f4t \u00e9trange, elle co\u00efncide avec la performance honorable cette saison du joueur tunisien, qui pourrait \u00eatre une solution \u00e0 la ligne d\u00e9fensive de l\u2019\u00e9quipe de Tunisie.<\/p>\n<p>En 2017, et apr\u00e8s avoir rat\u00e9 la CAN 2017, Bilel Mohsni formait avec Syam Ben Youssef la paire de la d\u00e9fense centrale de l\u2019\u00e9quipe de Tunisie au tout d\u00e9but des \u00e9liminatoires de la Coupe du monde 2018.<br \/>\nIl serait, dit-on, convoqu\u00e9 pour le stage qui pr\u00e9c\u00e9dera le match amical, le 1er juin, contre la Turquie.<\/p>\n<p>Pour rappel, Bilel Mohsni (30 ans) avait \u00e9t\u00e9 appel\u00e9 pour la premi\u00e8re fois en s\u00e9lection tunisienne en 2014 pour un match amical contre la Cor\u00e9e du Sud, puis en 2016 avant d\u2019en \u00eatre exclu en raison de ses fr\u00e9quentes divergences avec l\u2019Etoile sportive du Sahel (ESS).<\/p>\n<p style=\"text-align: center;\"><img loading=\"lazy\" decoding=\"async\" class=\"alignnone wp-image-64716\" src=\"http:\/\/kapitalis.com\/tunisie\/wp-content\/uploads\/2016\/09\/Bilel-Mohsni-Etoile.jpg\" alt=\"\" width=\"500\" height=\"304\" \/><\/p>\n<p style=\"text-align: center;\"><em>L&rsquo;ex-international tunisien n&rsquo;a pas laiss\u00e9 un grand souvenir \u00e0 l&rsquo;Etoile sportive du Sahel.\u00a0<\/em><\/p>\n<p>Apr\u00e8s son passage tumultueux dans ce club et un assez long arr\u00eat qui lui a co\u00fbt\u00e9 une participation \u00e0 la CAN 2017, Bilel Mohsni est rentr\u00e9 en Europe et s\u2019est engag\u00e9 jusqu\u2019\u00e0 la fin de cette saison avec Dundee United.<\/p>\n<p>Pass\u00e9 par Angers et le Paris FC ces derni\u00e8res ann\u00e9es, il avait d\u00e9j\u00e0 \u00e9volu\u00e9 aussi en Ecosse, aux Glasgow Rangers, entre 2013 et 2015.<\/p>\n<p>C\u2019est donc un joueur tr\u00e8s exp\u00e9riment\u00e9 et qui conna\u00eet la plupart des joueurs de l\u2019\u00e9quipe de Tunisie.<\/p>\n<p style=\"text-align: right;\"><strong>H. M.<\/strong><\/p>\n<blockquote class=\"wp-embedded-content\" data-secret=\"t9y6NtnJVJ\"><p><a href=\"https:\/\/kapitalis.com\/tunisie\/2018\/03\/22\/football-lex-international-tunisien-bilel-mohsni-rebondit-en-ecosse\/\">Football : L\u2019ex-international tunisien Bilel Mohsni rebondit en Ecosse<\/a><\/p><\/blockquote>\n<p><iframe loading=\"lazy\" class=\"wp-embedded-content\" sandbox=\"allow-scripts\" security=\"restricted\" style=\"position: absolute; clip: rect(1px, 1px, 1px, 1px);\" title=\"\u00ab\u00a0Football : L\u2019ex-international tunisien Bilel Mohsni rebondit en Ecosse\u00a0\u00bb &#8212; Kapitalis\" src=\"https:\/\/kapitalis.com\/tunisie\/2018\/03\/22\/football-lex-international-tunisien-bilel-mohsni-rebondit-en-ecosse\/embed\/#?secret=loEh2eYrw5#?secret=t9y6NtnJVJ\" data-secret=\"t9y6NtnJVJ\" width=\"600\" height=\"338\" frameborder=\"0\" marginwidth=\"0\" marginheight=\"0\" scrolling=\"no\"><\/iframe><\/p>\n<blockquote class=\"wp-embedded-content\" data-secret=\"XJivQgUnFs\"><p><a href=\"https:\/\/kapitalis.com\/tunisie\/2016\/09\/15\/sport-foot-ligue1-bilel-mohsni-prefere-letoile-a-lesperance\/\">Sport-foot (Ligue1) : Bilel Mohsni pr\u00e9f\u00e8re l\u2019Etoile \u00e0 l\u2019Esp\u00e9rance<\/a><\/p><\/blockquote>\n<p><iframe loading=\"lazy\" class=\"wp-embedded-content\" sandbox=\"allow-scripts\" security=\"restricted\" style=\"position: absolute; clip: rect(1px, 1px, 1px, 1px);\" title=\"\u00ab\u00a0Sport-foot (Ligue1) : Bilel Mohsni pr\u00e9f\u00e8re l\u2019Etoile \u00e0 l\u2019Esp\u00e9rance\u00a0\u00bb &#8212; Kapitalis\" src=\"https:\/\/kapitalis.com\/tunisie\/2016\/09\/15\/sport-foot-ligue1-bilel-mohsni-prefere-letoile-a-lesperance\/embed\/#?secret=LNjxope7DA#?secret=XJivQgUnFs\" data-secret=\"XJivQgUnFs\" width=\"600\" height=\"338\" frameborder=\"0\" marginwidth=\"0\" marginheight=\"0\" scrolling=\"no\"><\/iframe><\/p>\n<blockquote class=\"wp-embedded-content\" data-secret=\"es67Kc0RE7\"><p><a href=\"https:\/\/kapitalis.com\/tunisie\/2015\/06\/01\/football-linternational-tunisien-bilel-mohsni-en-mode-boxeur\/\">Football: L\u2019international tunisien Bilel Mohsni en mode boxeur (vid\u00e9o)<\/a><\/p><\/blockquote>\n<p><iframe loading=\"lazy\" class=\"wp-embedded-content\" sandbox=\"allow-scripts\" security=\"restricted\" style=\"position: absolute; clip: rect(1px, 1px, 1px, 1px);\" title=\"\u00ab\u00a0Football: L\u2019international tunisien Bilel Mohsni en mode boxeur (vid\u00e9o)\u00a0\u00bb &#8212; Kapitalis\" src=\"https:\/\/kapitalis.com\/tunisie\/2015\/06\/01\/football-linternational-tunisien-bilel-mohsni-en-mode-boxeur\/embed\/#?secret=FCLQ3mXrHq#?secret=es67Kc0RE7\" data-secret=\"es67Kc0RE7\" width=\"600\" height=\"338\" frameborder=\"0\" marginwidth=\"0\" marginheight=\"0\" scrolling=\"no\"><\/iframe><\/p>\n","protected":false},"excerpt":{"rendered":"<p>Des sources proches de l\u2019entourage de l\u2019\u00e9quipe de Tunisie parlent d\u2019un retour probable du d\u00e9fenseur central Bilel Mohsni parmi les Aigles de Carthage \u00e0 quelques semaines de la Coupe du Monde de Russie.<\/p>\n","protected":false},"author":8,"featured_media":0,"comment_status":"open","ping_status":"open","sticky":false,"template":"","format":"standard","meta":{"footnotes":""},"categories":[999,2433],"tags":[4195,1160,241,33965,8091,33644],"class_list":["post-152462","post","type-post","status-publish","format-standard","hentry","category-sport","category-tunisie","tag-aigles-de-carthage","tag-bilel-mohsni","tag-coupe-du-monde","tag-equipe-de-tunisie","tag-nabil-maaloul","tag-syam-ben-youssef"],"yoast_head":"<!-- This site is optimized with the Yoast SEO plugin v26.6 - https:\/\/yoast.com\/wordpress\/plugins\/seo\/ -->\n<title>Equipe de Tunisie : Bilel Mohsni sera-t-il la surprise de la derni\u00e8re heure ? - Kapitalis<\/title>\n<meta name=\"robots\" content=\"index, follow, max-snippet:-1, max-image-preview:large, max-video-preview:-1\" \/>\n<link rel=\"canonical\" href=\"https:\/\/kapitalis.com\/tunisie\/2018\/05\/04\/equipe-de-tunisie-bilel-mohsni-sera-t-il-la-surprise-de-la-derniere-heure\/\" \/>\n<meta property=\"og:locale\" content=\"fr_FR\" \/>\n<meta property=\"og:type\" content=\"article\" \/>\n<meta property=\"og:title\" content=\"Equipe de Tunisie : Bilel Mohsni sera-t-il la surprise de la derni\u00e8re heure ? - Kapitalis\" \/>\n<meta property=\"og:description\" content=\"Des sources proches de l\u2019entourage de l\u2019\u00e9quipe de Tunisie parlent d\u2019un retour probable du d\u00e9fenseur central Bilel Mohsni parmi les Aigles de Carthage \u00e0 quelques semaines de la Coupe du Monde de Russie.\" \/>\n<meta property=\"og:url\" content=\"https:\/\/kapitalis.com\/tunisie\/2018\/05\/04\/equipe-de-tunisie-bilel-mohsni-sera-t-il-la-surprise-de-la-derniere-heure\/\" \/>\n<meta property=\"og:site_name\" content=\"Kapitalis\" \/>\n<meta property=\"article:publisher\" content=\"https:\/\/www.facebook.com\/KapitalisInfo\/\" \/>\n<meta property=\"article:published_time\" content=\"2018-05-04T17:19:56+00:00\" \/>\n<meta property=\"article:modified_time\" content=\"2018-05-04T18:28:05+00:00\" \/>\n<meta property=\"og:image\" content=\"http:\/\/kapitalis.com\/tunisie\/wp-content\/uploads\/2018\/03\/Bilel-Mohsni.jpg\" \/>\n<meta name=\"author\" content=\"webmaster kapitalis\" \/>\n<meta name=\"twitter:card\" content=\"summary_large_image\" \/>\n<meta name=\"twitter:creator\" content=\"@KapitalisInfo\" \/>\n<meta name=\"twitter:site\" content=\"@KapitalisInfo\" \/>\n<meta name=\"twitter:label1\" content=\"\u00c9crit par\" \/>\n\t<meta name=\"twitter:data1\" content=\"webmaster kapitalis\" \/>\n\t<meta name=\"twitter:label2\" content=\"Dur\u00e9e de lecture estim\u00e9e\" \/>\n\t<meta name=\"twitter:data2\" content=\"2 minutes\" \/>\n<script type=\"application\/ld+json\" class=\"yoast-schema-graph\">{\"@context\":\"https:\/\/schema.org\",\"@graph\":[{\"@type\":\"Article\",\"@id\":\"https:\/\/kapitalis.com\/tunisie\/2018\/05\/04\/equipe-de-tunisie-bilel-mohsni-sera-t-il-la-surprise-de-la-derniere-heure\/#article\",\"isPartOf\":{\"@id\":\"https:\/\/kapitalis.com\/tunisie\/2018\/05\/04\/equipe-de-tunisie-bilel-mohsni-sera-t-il-la-surprise-de-la-derniere-heure\/\"},\"author\":{\"name\":\"webmaster kapitalis\",\"@id\":\"https:\/\/kapitalis.com\/tunisie\/#\/schema\/person\/d71f33a9ca44f7bad4698210b480c8e9\"},\"headline\":\"Equipe de Tunisie : Bilel Mohsni sera-t-il la surprise de la derni\u00e8re heure ?\",\"datePublished\":\"2018-05-04T17:19:56+00:00\",\"dateModified\":\"2018-05-04T18:28:05+00:00\",\"mainEntityOfPage\":{\"@id\":\"https:\/\/kapitalis.com\/tunisie\/2018\/05\/04\/equipe-de-tunisie-bilel-mohsni-sera-t-il-la-surprise-de-la-derniere-heure\/\"},\"wordCount\":350,\"commentCount\":2,\"publisher\":{\"@id\":\"https:\/\/kapitalis.com\/tunisie\/#organization\"},\"image\":{\"@id\":\"https:\/\/kapitalis.com\/tunisie\/2018\/05\/04\/equipe-de-tunisie-bilel-mohsni-sera-t-il-la-surprise-de-la-derniere-heure\/#primaryimage\"},\"thumbnailUrl\":\"http:\/\/kapitalis.com\/tunisie\/wp-content\/uploads\/2018\/03\/Bilel-Mohsni.jpg\",\"keywords\":[\"aigles de Carthage\",\"Bilel Mohsni\",\"Coupe du Monde\",\"\u00e9quipe de Tunisie\",\"Nabil Ma\u00e2loul\",\"Syam Ben Youssef\"],\"articleSection\":[\"SPORT\",\"Tunisie\"],\"inLanguage\":\"fr-FR\",\"potentialAction\":[{\"@type\":\"CommentAction\",\"name\":\"Comment\",\"target\":[\"https:\/\/kapitalis.com\/tunisie\/2018\/05\/04\/equipe-de-tunisie-bilel-mohsni-sera-t-il-la-surprise-de-la-derniere-heure\/#respond\"]}]},{\"@type\":\"WebPage\",\"@id\":\"https:\/\/kapitalis.com\/tunisie\/2018\/05\/04\/equipe-de-tunisie-bilel-mohsni-sera-t-il-la-surprise-de-la-derniere-heure\/\",\"url\":\"https:\/\/kapitalis.com\/tunisie\/2018\/05\/04\/equipe-de-tunisie-bilel-mohsni-sera-t-il-la-surprise-de-la-derniere-heure\/\",\"name\":\"Equipe de Tunisie : Bilel Mohsni sera-t-il la surprise de la derni\u00e8re heure ? - Kapitalis\",\"isPartOf\":{\"@id\":\"https:\/\/kapitalis.com\/tunisie\/#website\"},\"primaryImageOfPage\":{\"@id\":\"https:\/\/kapitalis.com\/tunisie\/2018\/05\/04\/equipe-de-tunisie-bilel-mohsni-sera-t-il-la-surprise-de-la-derniere-heure\/#primaryimage\"},\"image\":{\"@id\":\"https:\/\/kapitalis.com\/tunisie\/2018\/05\/04\/equipe-de-tunisie-bilel-mohsni-sera-t-il-la-surprise-de-la-derniere-heure\/#primaryimage\"},\"thumbnailUrl\":\"http:\/\/kapitalis.com\/tunisie\/wp-content\/uploads\/2018\/03\/Bilel-Mohsni.jpg\",\"datePublished\":\"2018-05-04T17:19:56+00:00\",\"dateModified\":\"2018-05-04T18:28:05+00:00\",\"breadcrumb\":{\"@id\":\"https:\/\/kapitalis.com\/tunisie\/2018\/05\/04\/equipe-de-tunisie-bilel-mohsni-sera-t-il-la-surprise-de-la-derniere-heure\/#breadcrumb\"},\"inLanguage\":\"fr-FR\",\"potentialAction\":[{\"@type\":\"ReadAction\",\"target\":[\"https:\/\/kapitalis.com\/tunisie\/2018\/05\/04\/equipe-de-tunisie-bilel-mohsni-sera-t-il-la-surprise-de-la-derniere-heure\/\"]}]},{\"@type\":\"ImageObject\",\"inLanguage\":\"fr-FR\",\"@id\":\"https:\/\/kapitalis.com\/tunisie\/2018\/05\/04\/equipe-de-tunisie-bilel-mohsni-sera-t-il-la-surprise-de-la-derniere-heure\/#primaryimage\",\"url\":\"http:\/\/kapitalis.com\/tunisie\/wp-content\/uploads\/2018\/03\/Bilel-Mohsni.jpg\",\"contentUrl\":\"http:\/\/kapitalis.com\/tunisie\/wp-content\/uploads\/2018\/03\/Bilel-Mohsni.jpg\"},{\"@type\":\"BreadcrumbList\",\"@id\":\"https:\/\/kapitalis.com\/tunisie\/2018\/05\/04\/equipe-de-tunisie-bilel-mohsni-sera-t-il-la-surprise-de-la-derniere-heure\/#breadcrumb\",\"itemListElement\":[{\"@type\":\"ListItem\",\"position\":1,\"name\":\"Accueil\",\"item\":\"https:\/\/kapitalis.com\/tunisie\/\"},{\"@type\":\"ListItem\",\"position\":2,\"name\":\"Equipe de Tunisie : Bilel Mohsni sera-t-il la surprise de la derni\u00e8re heure ?\"}]},{\"@type\":\"WebSite\",\"@id\":\"https:\/\/kapitalis.com\/tunisie\/#website\",\"url\":\"https:\/\/kapitalis.com\/tunisie\/\",\"name\":\"Kapitalis\",\"description\":\"L&#039;actualit\u00e9 en Tunisie et dans le monde\",\"publisher\":{\"@id\":\"https:\/\/kapitalis.com\/tunisie\/#organization\"},\"potentialAction\":[{\"@type\":\"SearchAction\",\"target\":{\"@type\":\"EntryPoint\",\"urlTemplate\":\"https:\/\/kapitalis.com\/tunisie\/?s={search_term_string}\"},\"query-input\":{\"@type\":\"PropertyValueSpecification\",\"valueRequired\":true,\"valueName\":\"search_term_string\"}}],\"inLanguage\":\"fr-FR\"},{\"@type\":\"Organization\",\"@id\":\"https:\/\/kapitalis.com\/tunisie\/#organization\",\"name\":\"Kapitalis\",\"url\":\"https:\/\/kapitalis.com\/tunisie\/\",\"logo\":{\"@type\":\"ImageObject\",\"inLanguage\":\"fr-FR\",\"@id\":\"https:\/\/kapitalis.com\/tunisie\/#\/schema\/logo\/image\/\",\"url\":\"https:\/\/kapitalis.com\/tunisie\/wp-content\/uploads\/2022\/05\/Kapitalis-big-size.png\",\"contentUrl\":\"https:\/\/kapitalis.com\/tunisie\/wp-content\/uploads\/2022\/05\/Kapitalis-big-size.png\",\"width\":5000,\"height\":1500,\"caption\":\"Kapitalis\"},\"image\":{\"@id\":\"https:\/\/kapitalis.com\/tunisie\/#\/schema\/logo\/image\/\"},\"sameAs\":[\"https:\/\/www.facebook.com\/KapitalisInfo\/\",\"https:\/\/x.com\/KapitalisInfo\",\"https:\/\/www.youtube.com\/channel\/UC-yDYrHyfFBWWZaOw3FPg9Q\"]},{\"@type\":\"Person\",\"@id\":\"https:\/\/kapitalis.com\/tunisie\/#\/schema\/person\/d71f33a9ca44f7bad4698210b480c8e9\",\"name\":\"webmaster kapitalis\",\"url\":\"https:\/\/kapitalis.com\/tunisie\/author\/webmaster-kapitalis\/\"}]}<\/script>\n<!-- \/ Yoast SEO plugin. -->","yoast_head_json":{"title":"Equipe de Tunisie : Bilel Mohsni sera-t-il la surprise de la derni\u00e8re heure ? - Kapitalis","robots":{"index":"index","follow":"follow","max-snippet":"max-snippet:-1","max-image-preview":"max-image-preview:large","max-video-preview":"max-video-preview:-1"},"canonical":"https:\/\/kapitalis.com\/tunisie\/2018\/05\/04\/equipe-de-tunisie-bilel-mohsni-sera-t-il-la-surprise-de-la-derniere-heure\/","og_locale":"fr_FR","og_type":"article","og_title":"Equipe de Tunisie : Bilel Mohsni sera-t-il la surprise de la derni\u00e8re heure ? - Kapitalis","og_description":"Des sources proches de l\u2019entourage de l\u2019\u00e9quipe de Tunisie parlent d\u2019un retour probable du d\u00e9fenseur central Bilel Mohsni parmi les Aigles de Carthage \u00e0 quelques semaines de la Coupe du Monde de Russie.","og_url":"https:\/\/kapitalis.com\/tunisie\/2018\/05\/04\/equipe-de-tunisie-bilel-mohsni-sera-t-il-la-surprise-de-la-derniere-heure\/","og_site_name":"Kapitalis","article_publisher":"https:\/\/www.facebook.com\/KapitalisInfo\/","article_published_time":"2018-05-04T17:19:56+00:00","article_modified_time":"2018-05-04T18:28:05+00:00","og_image":[{"url":"http:\/\/kapitalis.com\/tunisie\/wp-content\/uploads\/2018\/03\/Bilel-Mohsni.jpg","type":"","width":"","height":""}],"author":"webmaster kapitalis","twitter_card":"summary_large_image","twitter_creator":"@KapitalisInfo","twitter_site":"@KapitalisInfo","twitter_misc":{"\u00c9crit par":"webmaster kapitalis","Dur\u00e9e de lecture estim\u00e9e":"2 minutes"},"schema":{"@context":"https:\/\/schema.org","@graph":[{"@type":"Article","@id":"https:\/\/kapitalis.com\/tunisie\/2018\/05\/04\/equipe-de-tunisie-bilel-mohsni-sera-t-il-la-surprise-de-la-derniere-heure\/#article","isPartOf":{"@id":"https:\/\/kapitalis.com\/tunisie\/2018\/05\/04\/equipe-de-tunisie-bilel-mohsni-sera-t-il-la-surprise-de-la-derniere-heure\/"},"author":{"name":"webmaster kapitalis","@id":"https:\/\/kapitalis.com\/tunisie\/#\/schema\/person\/d71f33a9ca44f7bad4698210b480c8e9"},"headline":"Equipe de Tunisie : Bilel Mohsni sera-t-il la surprise de la derni\u00e8re heure ?","datePublished":"2018-05-04T17:19:56+00:00","dateModified":"2018-05-04T18:28:05+00:00","mainEntityOfPage":{"@id":"https:\/\/kapitalis.com\/tunisie\/2018\/05\/04\/equipe-de-tunisie-bilel-mohsni-sera-t-il-la-surprise-de-la-derniere-heure\/"},"wordCount":350,"commentCount":2,"publisher":{"@id":"https:\/\/kapitalis.com\/tunisie\/#organization"},"image":{"@id":"https:\/\/kapitalis.com\/tunisie\/2018\/05\/04\/equipe-de-tunisie-bilel-mohsni-sera-t-il-la-surprise-de-la-derniere-heure\/#primaryimage"},"thumbnailUrl":"http:\/\/kapitalis.com\/tunisie\/wp-content\/uploads\/2018\/03\/Bilel-Mohsni.jpg","keywords":["aigles de Carthage","Bilel Mohsni","Coupe du Monde","\u00e9quipe de Tunisie","Nabil Ma\u00e2loul","Syam Ben Youssef"],"articleSection":["SPORT","Tunisie"],"inLanguage":"fr-FR","potentialAction":[{"@type":"CommentAction","name":"Comment","target":["https:\/\/kapitalis.com\/tunisie\/2018\/05\/04\/equipe-de-tunisie-bilel-mohsni-sera-t-il-la-surprise-de-la-derniere-heure\/#respond"]}]},{"@type":"WebPage","@id":"https:\/\/kapitalis.com\/tunisie\/2018\/05\/04\/equipe-de-tunisie-bilel-mohsni-sera-t-il-la-surprise-de-la-derniere-heure\/","url":"https:\/\/kapitalis.com\/tunisie\/2018\/05\/04\/equipe-de-tunisie-bilel-mohsni-sera-t-il-la-surprise-de-la-derniere-heure\/","name":"Equipe de Tunisie : Bilel Mohsni sera-t-il la surprise de la derni\u00e8re heure ? - Kapitalis","isPartOf":{"@id":"https:\/\/kapitalis.com\/tunisie\/#website"},"primaryImageOfPage":{"@id":"https:\/\/kapitalis.com\/tunisie\/2018\/05\/04\/equipe-de-tunisie-bilel-mohsni-sera-t-il-la-surprise-de-la-derniere-heure\/#primaryimage"},"image":{"@id":"https:\/\/kapitalis.com\/tunisie\/2018\/05\/04\/equipe-de-tunisie-bilel-mohsni-sera-t-il-la-surprise-de-la-derniere-heure\/#primaryimage"},"thumbnailUrl":"http:\/\/kapitalis.com\/tunisie\/wp-content\/uploads\/2018\/03\/Bilel-Mohsni.jpg","datePublished":"2018-05-04T17:19:56+00:00","dateModified":"2018-05-04T18:28:05+00:00","breadcrumb":{"@id":"https:\/\/kapitalis.com\/tunisie\/2018\/05\/04\/equipe-de-tunisie-bilel-mohsni-sera-t-il-la-surprise-de-la-derniere-heure\/#breadcrumb"},"inLanguage":"fr-FR","potentialAction":[{"@type":"ReadAction","target":["https:\/\/kapitalis.com\/tunisie\/2018\/05\/04\/equipe-de-tunisie-bilel-mohsni-sera-t-il-la-surprise-de-la-derniere-heure\/"]}]},{"@type":"ImageObject","inLanguage":"fr-FR","@id":"https:\/\/kapitalis.com\/tunisie\/2018\/05\/04\/equipe-de-tunisie-bilel-mohsni-sera-t-il-la-surprise-de-la-derniere-heure\/#primaryimage","url":"http:\/\/kapitalis.com\/tunisie\/wp-content\/uploads\/2018\/03\/Bilel-Mohsni.jpg","contentUrl":"http:\/\/kapitalis.com\/tunisie\/wp-content\/uploads\/2018\/03\/Bilel-Mohsni.jpg"},{"@type":"BreadcrumbList","@id":"https:\/\/kapitalis.com\/tunisie\/2018\/05\/04\/equipe-de-tunisie-bilel-mohsni-sera-t-il-la-surprise-de-la-derniere-heure\/#breadcrumb","itemListElement":[{"@type":"ListItem","position":1,"name":"Accueil","item":"https:\/\/kapitalis.com\/tunisie\/"},{"@type":"ListItem","position":2,"name":"Equipe de Tunisie : Bilel Mohsni sera-t-il la surprise de la derni\u00e8re heure ?"}]},{"@type":"WebSite","@id":"https:\/\/kapitalis.com\/tunisie\/#website","url":"https:\/\/kapitalis.com\/tunisie\/","name":"Kapitalis","description":"L&#039;actualit\u00e9 en Tunisie et dans le monde","publisher":{"@id":"https:\/\/kapitalis.com\/tunisie\/#organization"},"potentialAction":[{"@type":"SearchAction","target":{"@type":"EntryPoint","urlTemplate":"https:\/\/kapitalis.com\/tunisie\/?s={search_term_string}"},"query-input":{"@type":"PropertyValueSpecification","valueRequired":true,"valueName":"search_term_string"}}],"inLanguage":"fr-FR"},{"@type":"Organization","@id":"https:\/\/kapitalis.com\/tunisie\/#organization","name":"Kapitalis","url":"https:\/\/kapitalis.com\/tunisie\/","logo":{"@type":"ImageObject","inLanguage":"fr-FR","@id":"https:\/\/kapitalis.com\/tunisie\/#\/schema\/logo\/image\/","url":"https:\/\/kapitalis.com\/tunisie\/wp-content\/uploads\/2022\/05\/Kapitalis-big-size.png","contentUrl":"https:\/\/kapitalis.com\/tunisie\/wp-content\/uploads\/2022\/05\/Kapitalis-big-size.png","width":5000,"height":1500,"caption":"Kapitalis"},"image":{"@id":"https:\/\/kapitalis.com\/tunisie\/#\/schema\/logo\/image\/"},"sameAs":["https:\/\/www.facebook.com\/KapitalisInfo\/","https:\/\/x.com\/KapitalisInfo","https:\/\/www.youtube.com\/channel\/UC-yDYrHyfFBWWZaOw3FPg9Q"]},{"@type":"Person","@id":"https:\/\/kapitalis.com\/tunisie\/#\/schema\/person\/d71f33a9ca44f7bad4698210b480c8e9","name":"webmaster kapitalis","url":"https:\/\/kapitalis.com\/tunisie\/author\/webmaster-kapitalis\/"}]}},"_links":{"self":[{"href":"https:\/\/kapitalis.com\/tunisie\/wp-json\/wp\/v2\/posts\/152462","targetHints":{"allow":["GET"]}}],"collection":[{"href":"https:\/\/kapitalis.com\/tunisie\/wp-json\/wp\/v2\/posts"}],"about":[{"href":"https:\/\/kapitalis.com\/tunisie\/wp-json\/wp\/v2\/types\/post"}],"author":[{"embeddable":true,"href":"https:\/\/kapitalis.com\/tunisie\/wp-json\/wp\/v2\/users\/8"}],"replies":[{"embeddable":true,"href":"https:\/\/kapitalis.com\/tunisie\/wp-json\/wp\/v2\/comments?post=152462"}],"version-history":[{"count":0,"href":"https:\/\/kapitalis.com\/tunisie\/wp-json\/wp\/v2\/posts\/152462\/revisions"}],"wp:attachment":[{"href":"https:\/\/kapitalis.com\/tunisie\/wp-json\/wp\/v2\/media?parent=152462"}],"wp:term":[{"taxonomy":"category","embeddable":true,"href":"https:\/\/kapitalis.com\/tunisie\/wp-json\/wp\/v2\/categories?post=152462"},{"taxonomy":"post_tag","embeddable":true,"href":"https:\/\/kapitalis.com\/tunisie\/wp-json\/wp\/v2\/tags?post=152462"}],"curies":[{"name":"wp","href":"https:\/\/api.w.org\/{rel}","templated":true}]}}