{"id":15263380,"date":"2025-01-23T10:14:54","date_gmt":"2025-01-23T09:14:54","guid":{"rendered":"https:\/\/kapitalis.com\/tunisie\/?p=15263380"},"modified":"2025-01-23T11:33:04","modified_gmt":"2025-01-23T10:33:04","slug":"tunisie-saied-pointe-des-recrutements-injustifies-et-en-recommande-dautres","status":"publish","type":"post","link":"https:\/\/kapitalis.com\/tunisie\/2025\/01\/23\/tunisie-saied-pointe-des-recrutements-injustifies-et-en-recommande-dautres\/","title":{"rendered":"Tunisie\u00a0: Sa\u00efed pointe des \u00abrecrutements injustifi\u00e9s\u00bb et en recommande d&rsquo;autres"},"content":{"rendered":"\n<p><strong><em>&nbsp;\u00abAlors que le budget de l\u2019Etat a \u00e9t\u00e9 surcharg\u00e9 par un certain nombre de recrutements injustifi\u00e9s, de nombreuses institutions vitales ont \u00e9t\u00e9 priv\u00e9es de cadres et de personnel et ne sont plus en mesure de fournir les services n\u00e9cessaires aux citoyens\u00bb, a estim\u00e9 le pr\u00e9sident Ka\u00efs Sa\u00efed.<\/em><\/strong><\/p>\n\n\n\n<!--more-->\n\n\n\n<p>Cette d\u00e9claration a \u00e9t\u00e9 faite lors de la rencontre du chef de l\u2019Etat, mercredi 22 janvier 2025 au Palais de Carthage, avec le Premier ministre Kamel Maddouri, et l\u2019on se demande \u00e0 qui cette critique \u2013 car c\u2019en est une \u2013 est-elle adress\u00e9e. Au gouvernement qui a \u00e9labor\u00e9 le budget de l&rsquo;Etat pour l\u2019exercice 2025? Au parlement qui l\u2019a adopt\u00e9? Ou m\u00eame au pr\u00e9sident de la r\u00e9publique qui l&rsquo;a ratifi\u00e9? Et d\u2019ailleurs, on aimerait avoir une id\u00e9e plus pr\u00e9cise sur ces <em>\u00abrecrutements injustifi\u00e9s\u00bb<\/em>, qui les a inscrits dans le budget de l&rsquo;Etat et si l\u2019on va en \u00e9tablir la liste pour les supprimer.<\/p>\n\n\n\n<p>Lors de la m\u00eame rencontre, le pr\u00e9sident de la r\u00e9publique a<em> \u00abdonn\u00e9 des instructions pour trouver les moyens de financer les fonds sociaux\u00bb<\/em>, dont les besoins en ressources financi\u00e8res vont exploser avec la mise en \u0153uvre des politiques sociales de l\u2019Etat. Il a aussi demand\u00e9 de <em>\u00abrouvrir le processus de recrutement dans un certain nombre d\u2019\u00e9tablissements publics\u00bb<\/em>, indique un communiqu\u00e9 de la pr\u00e9sidence.<\/p>\n\n\n\n<p>Sa\u00efed, a \u00e9galement soulign\u00e9 la n\u00e9cessit\u00e9 pour toutes les institutions de l\u2019Etat de travailler en harmonie, ajoutant que chaque responsable doit \u0153uvrer pour surmonter les difficult\u00e9s, proposer des solutions et \u0153uvrer \u00e0 leur mise en \u0153uvre dans les plus brefs d\u00e9lais.<\/p>\n\n\n\n<p><em>\u00abLe peuple tunisien a choisi d\u2019\u00e9crire une nouvelle histoire et d\u2019avancer, et non de reculer\u00bb<\/em>, a encore indiqu\u00e9 le chef de l\u2019Etat, ajoutant que les politiques int\u00e9rieures et ext\u00e9rieures du pays sont g\u00e9r\u00e9es par ses institutions, qui sont le fruit de la volont\u00e9 du peuple tunisien souverain.<\/p>\n\n\n\n<p>L\u2019entretien a \u00e9galement port\u00e9 sur les grands projets que le chef de l\u2019Etat a ordonn\u00e9 de r\u00e9aliser dans les plus brefs d\u00e9lais, notamment ceux li\u00e9s aux transports et \u00e0 la sant\u00e9, ainsi que la reconstruction d\u2019un certain nombre d\u2019infrastructures sportives, dont le stade olympique d\u2019El Menzah.<\/p>\n\n\n\n<p>Tout cela, on l\u2019imagine, exige des financements suppl\u00e9mentaires dont on se demande o\u00f9 l\u2019Etat va-t-il les chercher, \u00e9tant donn\u00e9 ses difficult\u00e9s financi\u00e8res actuelles.<\/p>\n\n\n\n<p>C\u2019est en pensant \u00e0 ces difficult\u00e9s que le pr\u00e9sident Sa\u00efed a demand\u00e9 au gouvernement de <em>\u00abredoubler d\u2019efforts dans divers secteurs, notamment dans le domaine social, afin de r\u00e9pondre aux demandes des victimes de d\u00e9cennies d\u2019exclusion et de paup\u00e9risation\u00bb<\/em>, par allusion aux laiss\u00e9s-pour-compte des politiques de d\u00e9veloppement des 70 derni\u00e8res ann\u00e9es.<\/p>\n\n\n\n<p><em>\u00abL\u2019approche doit \u00eatre globale, en phase avec une nouvelle r\u00e9flexion et de nouveaux concepts\u00bb<\/em>, a soulign\u00e9 Sa\u00efed, qui n\u2019arrive visiblement pas \u00e0 faite fonctionner autrement une administration publique prisonni\u00e8re de ses m\u00e9thodes et de ses habitudes. D\u2019autant que les <em>\u00abnouvelles id\u00e9es\u00bb<\/em> et les <em>\u00abnouveaux concepts\u00bb<\/em>, quand bien m\u00eame on parvient \u00e0 en trouver, exigent aussi de nouveaux financements pour \u00eatre mis en \u0153uvre. Or, la volont\u00e9 politique \u2013 et gouvernement en a sans doute \u00e0 en revendre \u2013 ne suffit pas quand la machine de production ne suit pas. Et la marge de man\u0153uvre financi\u00e8re s\u2019av\u00e8re \u00e9triqu\u00e9e.<\/p>\n\n\n\n<p>Bon courage Mme Sihem Nemsia&nbsp;!<\/p>\n\n\n\n<p class=\"has-text-align-right\"><strong>I. B.<\/strong><\/p>\n\n\n\n<figure class=\"wp-block-embed is-type-wp-embed is-provider-kapitalis wp-block-embed-kapitalis\"><div class=\"wp-block-embed__wrapper\">\n<blockquote class=\"wp-embedded-content\" data-secret=\"HNjr6fn6MF\"><a href=\"https:\/\/kapitalis.com\/tunisie\/2021\/06\/02\/promotion-de-la-tunisie-a-letranger-une-cacophonie-couteuse-et-peu-rentable\/\">Promotion de la Tunisie \u00e0 l\u2019\u00e9tranger : Une cacophonie co\u00fbteuse et peu rentable<\/a><\/blockquote><iframe loading=\"lazy\" class=\"wp-embedded-content\" sandbox=\"allow-scripts\" security=\"restricted\" style=\"position: absolute; visibility: hidden;\" title=\"\u00ab\u00a0Promotion de la Tunisie \u00e0 l\u2019\u00e9tranger : Une cacophonie co\u00fbteuse et peu rentable\u00a0\u00bb &#8212; Kapitalis\" src=\"https:\/\/kapitalis.com\/tunisie\/2021\/06\/02\/promotion-de-la-tunisie-a-letranger-une-cacophonie-couteuse-et-peu-rentable\/embed\/#?secret=UMd0nPrYi7#?secret=HNjr6fn6MF\" data-secret=\"HNjr6fn6MF\" width=\"600\" height=\"338\" frameborder=\"0\" marginwidth=\"0\" marginheight=\"0\" scrolling=\"no\"><\/iframe>\n<\/div><\/figure>\n","protected":false},"excerpt":{"rendered":"<p>Le budget de l\u2019Etat a \u00e9t\u00e9 surcharg\u00e9 par un certain nombre de recrutements injustifi\u00e9s, d\u00e9clare Ka\u00efs Sa\u00efed <\/p>\n","protected":false},"author":8,"featured_media":15135672,"comment_status":"open","ping_status":"open","sticky":false,"template":"","format":"standard","meta":{"footnotes":""},"categories":[997,2433],"tags":[3249,120295,76012,115860,8005],"class_list":["post-15263380","post","type-post","status-publish","format-standard","has-post-thumbnail","hentry","category-politique","category-tunisie","tag-etablissements-publics","tag-fonds-sociaux","tag-kais-saied-2","tag-kamel-madouri","tag-recrutements"],"yoast_head":"<!-- This site is optimized with the Yoast SEO plugin v26.6 - https:\/\/yoast.com\/wordpress\/plugins\/seo\/ -->\n<title>Tunisie\u00a0: Sa\u00efed pointe des \u00abrecrutements injustifi\u00e9s\u00bb et en recommande d&#039;autres - Kapitalis<\/title>\n<meta name=\"robots\" content=\"index, follow, max-snippet:-1, max-image-preview:large, max-video-preview:-1\" \/>\n<link rel=\"canonical\" href=\"https:\/\/kapitalis.com\/tunisie\/2025\/01\/23\/tunisie-saied-pointe-des-recrutements-injustifies-et-en-recommande-dautres\/\" \/>\n<meta property=\"og:locale\" content=\"fr_FR\" \/>\n<meta property=\"og:type\" content=\"article\" \/>\n<meta property=\"og:title\" content=\"Tunisie\u00a0: Sa\u00efed pointe des \u00abrecrutements injustifi\u00e9s\u00bb et en recommande d&#039;autres - Kapitalis\" \/>\n<meta property=\"og:description\" content=\"Le budget de l\u2019Etat a \u00e9t\u00e9 surcharg\u00e9 par un certain nombre de recrutements injustifi\u00e9s, d\u00e9clare Ka\u00efs Sa\u00efed\" \/>\n<meta property=\"og:url\" content=\"https:\/\/kapitalis.com\/tunisie\/2025\/01\/23\/tunisie-saied-pointe-des-recrutements-injustifies-et-en-recommande-dautres\/\" \/>\n<meta property=\"og:site_name\" content=\"Kapitalis\" \/>\n<meta property=\"article:publisher\" content=\"https:\/\/www.facebook.com\/KapitalisInfo\/\" \/>\n<meta property=\"article:published_time\" content=\"2025-01-23T09:14:54+00:00\" \/>\n<meta property=\"article:modified_time\" content=\"2025-01-23T10:33:04+00:00\" \/>\n<meta property=\"og:image\" content=\"https:\/\/kapitalis.com\/tunisie\/wp-content\/uploads\/2025\/01\/Kamel-Maddouri-Kais-Saied.jpg\" \/>\n\t<meta property=\"og:image:width\" content=\"1200\" \/>\n\t<meta property=\"og:image:height\" content=\"630\" \/>\n\t<meta property=\"og:image:type\" content=\"image\/jpeg\" \/>\n<meta name=\"author\" content=\"webmaster kapitalis\" \/>\n<meta name=\"twitter:card\" content=\"summary_large_image\" \/>\n<meta name=\"twitter:creator\" content=\"@KapitalisInfo\" \/>\n<meta name=\"twitter:site\" content=\"@KapitalisInfo\" \/>\n<meta name=\"twitter:label1\" content=\"\u00c9crit par\" \/>\n\t<meta name=\"twitter:data1\" content=\"webmaster kapitalis\" \/>\n\t<meta name=\"twitter:label2\" content=\"Dur\u00e9e de lecture estim\u00e9e\" \/>\n\t<meta name=\"twitter:data2\" content=\"3 minutes\" \/>\n<script type=\"application\/ld+json\" class=\"yoast-schema-graph\">{\"@context\":\"https:\/\/schema.org\",\"@graph\":[{\"@type\":\"Article\",\"@id\":\"https:\/\/kapitalis.com\/tunisie\/2025\/01\/23\/tunisie-saied-pointe-des-recrutements-injustifies-et-en-recommande-dautres\/#article\",\"isPartOf\":{\"@id\":\"https:\/\/kapitalis.com\/tunisie\/2025\/01\/23\/tunisie-saied-pointe-des-recrutements-injustifies-et-en-recommande-dautres\/\"},\"author\":{\"name\":\"webmaster kapitalis\",\"@id\":\"https:\/\/kapitalis.com\/tunisie\/#\/schema\/person\/d71f33a9ca44f7bad4698210b480c8e9\"},\"headline\":\"Tunisie\u00a0: Sa\u00efed pointe des \u00abrecrutements injustifi\u00e9s\u00bb et en recommande d&rsquo;autres\",\"datePublished\":\"2025-01-23T09:14:54+00:00\",\"dateModified\":\"2025-01-23T10:33:04+00:00\",\"mainEntityOfPage\":{\"@id\":\"https:\/\/kapitalis.com\/tunisie\/2025\/01\/23\/tunisie-saied-pointe-des-recrutements-injustifies-et-en-recommande-dautres\/\"},\"wordCount\":609,\"commentCount\":1,\"publisher\":{\"@id\":\"https:\/\/kapitalis.com\/tunisie\/#organization\"},\"image\":{\"@id\":\"https:\/\/kapitalis.com\/tunisie\/2025\/01\/23\/tunisie-saied-pointe-des-recrutements-injustifies-et-en-recommande-dautres\/#primaryimage\"},\"thumbnailUrl\":\"https:\/\/kapitalis.com\/tunisie\/wp-content\/uploads\/2025\/01\/Kamel-Maddouri-Kais-Saied.jpg\",\"keywords\":[\"\u00e9tablissements publics\",\"fonds sociaux\",\"Ka\u00efs Sa\u00efed\",\"Kamel Madouri\",\"recrutements\"],\"articleSection\":[\"POLITIQUE\",\"Tunisie\"],\"inLanguage\":\"fr-FR\",\"potentialAction\":[{\"@type\":\"CommentAction\",\"name\":\"Comment\",\"target\":[\"https:\/\/kapitalis.com\/tunisie\/2025\/01\/23\/tunisie-saied-pointe-des-recrutements-injustifies-et-en-recommande-dautres\/#respond\"]}]},{\"@type\":\"WebPage\",\"@id\":\"https:\/\/kapitalis.com\/tunisie\/2025\/01\/23\/tunisie-saied-pointe-des-recrutements-injustifies-et-en-recommande-dautres\/\",\"url\":\"https:\/\/kapitalis.com\/tunisie\/2025\/01\/23\/tunisie-saied-pointe-des-recrutements-injustifies-et-en-recommande-dautres\/\",\"name\":\"Tunisie\u00a0: Sa\u00efed pointe des \u00abrecrutements injustifi\u00e9s\u00bb et en recommande d'autres - Kapitalis\",\"isPartOf\":{\"@id\":\"https:\/\/kapitalis.com\/tunisie\/#website\"},\"primaryImageOfPage\":{\"@id\":\"https:\/\/kapitalis.com\/tunisie\/2025\/01\/23\/tunisie-saied-pointe-des-recrutements-injustifies-et-en-recommande-dautres\/#primaryimage\"},\"image\":{\"@id\":\"https:\/\/kapitalis.com\/tunisie\/2025\/01\/23\/tunisie-saied-pointe-des-recrutements-injustifies-et-en-recommande-dautres\/#primaryimage\"},\"thumbnailUrl\":\"https:\/\/kapitalis.com\/tunisie\/wp-content\/uploads\/2025\/01\/Kamel-Maddouri-Kais-Saied.jpg\",\"datePublished\":\"2025-01-23T09:14:54+00:00\",\"dateModified\":\"2025-01-23T10:33:04+00:00\",\"breadcrumb\":{\"@id\":\"https:\/\/kapitalis.com\/tunisie\/2025\/01\/23\/tunisie-saied-pointe-des-recrutements-injustifies-et-en-recommande-dautres\/#breadcrumb\"},\"inLanguage\":\"fr-FR\",\"potentialAction\":[{\"@type\":\"ReadAction\",\"target\":[\"https:\/\/kapitalis.com\/tunisie\/2025\/01\/23\/tunisie-saied-pointe-des-recrutements-injustifies-et-en-recommande-dautres\/\"]}]},{\"@type\":\"ImageObject\",\"inLanguage\":\"fr-FR\",\"@id\":\"https:\/\/kapitalis.com\/tunisie\/2025\/01\/23\/tunisie-saied-pointe-des-recrutements-injustifies-et-en-recommande-dautres\/#primaryimage\",\"url\":\"https:\/\/kapitalis.com\/tunisie\/wp-content\/uploads\/2025\/01\/Kamel-Maddouri-Kais-Saied.jpg\",\"contentUrl\":\"https:\/\/kapitalis.com\/tunisie\/wp-content\/uploads\/2025\/01\/Kamel-Maddouri-Kais-Saied.jpg\",\"width\":1200,\"height\":630},{\"@type\":\"BreadcrumbList\",\"@id\":\"https:\/\/kapitalis.com\/tunisie\/2025\/01\/23\/tunisie-saied-pointe-des-recrutements-injustifies-et-en-recommande-dautres\/#breadcrumb\",\"itemListElement\":[{\"@type\":\"ListItem\",\"position\":1,\"name\":\"Accueil\",\"item\":\"https:\/\/kapitalis.com\/tunisie\/\"},{\"@type\":\"ListItem\",\"position\":2,\"name\":\"Tunisie\u00a0: Sa\u00efed pointe des \u00abrecrutements injustifi\u00e9s\u00bb et en recommande d&rsquo;autres\"}]},{\"@type\":\"WebSite\",\"@id\":\"https:\/\/kapitalis.com\/tunisie\/#website\",\"url\":\"https:\/\/kapitalis.com\/tunisie\/\",\"name\":\"Kapitalis\",\"description\":\"L&#039;actualit\u00e9 en Tunisie et dans le monde\",\"publisher\":{\"@id\":\"https:\/\/kapitalis.com\/tunisie\/#organization\"},\"potentialAction\":[{\"@type\":\"SearchAction\",\"target\":{\"@type\":\"EntryPoint\",\"urlTemplate\":\"https:\/\/kapitalis.com\/tunisie\/?s={search_term_string}\"},\"query-input\":{\"@type\":\"PropertyValueSpecification\",\"valueRequired\":true,\"valueName\":\"search_term_string\"}}],\"inLanguage\":\"fr-FR\"},{\"@type\":\"Organization\",\"@id\":\"https:\/\/kapitalis.com\/tunisie\/#organization\",\"name\":\"Kapitalis\",\"url\":\"https:\/\/kapitalis.com\/tunisie\/\",\"logo\":{\"@type\":\"ImageObject\",\"inLanguage\":\"fr-FR\",\"@id\":\"https:\/\/kapitalis.com\/tunisie\/#\/schema\/logo\/image\/\",\"url\":\"https:\/\/kapitalis.com\/tunisie\/wp-content\/uploads\/2022\/05\/Kapitalis-big-size.png\",\"contentUrl\":\"https:\/\/kapitalis.com\/tunisie\/wp-content\/uploads\/2022\/05\/Kapitalis-big-size.png\",\"width\":5000,\"height\":1500,\"caption\":\"Kapitalis\"},\"image\":{\"@id\":\"https:\/\/kapitalis.com\/tunisie\/#\/schema\/logo\/image\/\"},\"sameAs\":[\"https:\/\/www.facebook.com\/KapitalisInfo\/\",\"https:\/\/x.com\/KapitalisInfo\",\"https:\/\/www.youtube.com\/channel\/UC-yDYrHyfFBWWZaOw3FPg9Q\"]},{\"@type\":\"Person\",\"@id\":\"https:\/\/kapitalis.com\/tunisie\/#\/schema\/person\/d71f33a9ca44f7bad4698210b480c8e9\",\"name\":\"webmaster kapitalis\",\"url\":\"https:\/\/kapitalis.com\/tunisie\/author\/webmaster-kapitalis\/\"}]}<\/script>\n<!-- \/ Yoast SEO plugin. -->","yoast_head_json":{"title":"Tunisie\u00a0: Sa\u00efed pointe des \u00abrecrutements injustifi\u00e9s\u00bb et en recommande d'autres - Kapitalis","robots":{"index":"index","follow":"follow","max-snippet":"max-snippet:-1","max-image-preview":"max-image-preview:large","max-video-preview":"max-video-preview:-1"},"canonical":"https:\/\/kapitalis.com\/tunisie\/2025\/01\/23\/tunisie-saied-pointe-des-recrutements-injustifies-et-en-recommande-dautres\/","og_locale":"fr_FR","og_type":"article","og_title":"Tunisie\u00a0: Sa\u00efed pointe des \u00abrecrutements injustifi\u00e9s\u00bb et en recommande d'autres - Kapitalis","og_description":"Le budget de l\u2019Etat a \u00e9t\u00e9 surcharg\u00e9 par un certain nombre de recrutements injustifi\u00e9s, d\u00e9clare Ka\u00efs Sa\u00efed","og_url":"https:\/\/kapitalis.com\/tunisie\/2025\/01\/23\/tunisie-saied-pointe-des-recrutements-injustifies-et-en-recommande-dautres\/","og_site_name":"Kapitalis","article_publisher":"https:\/\/www.facebook.com\/KapitalisInfo\/","article_published_time":"2025-01-23T09:14:54+00:00","article_modified_time":"2025-01-23T10:33:04+00:00","og_image":[{"width":1200,"height":630,"url":"https:\/\/kapitalis.com\/tunisie\/wp-content\/uploads\/2025\/01\/Kamel-Maddouri-Kais-Saied.jpg","type":"image\/jpeg"}],"author":"webmaster kapitalis","twitter_card":"summary_large_image","twitter_creator":"@KapitalisInfo","twitter_site":"@KapitalisInfo","twitter_misc":{"\u00c9crit par":"webmaster kapitalis","Dur\u00e9e de lecture estim\u00e9e":"3 minutes"},"schema":{"@context":"https:\/\/schema.org","@graph":[{"@type":"Article","@id":"https:\/\/kapitalis.com\/tunisie\/2025\/01\/23\/tunisie-saied-pointe-des-recrutements-injustifies-et-en-recommande-dautres\/#article","isPartOf":{"@id":"https:\/\/kapitalis.com\/tunisie\/2025\/01\/23\/tunisie-saied-pointe-des-recrutements-injustifies-et-en-recommande-dautres\/"},"author":{"name":"webmaster kapitalis","@id":"https:\/\/kapitalis.com\/tunisie\/#\/schema\/person\/d71f33a9ca44f7bad4698210b480c8e9"},"headline":"Tunisie\u00a0: Sa\u00efed pointe des \u00abrecrutements injustifi\u00e9s\u00bb et en recommande d&rsquo;autres","datePublished":"2025-01-23T09:14:54+00:00","dateModified":"2025-01-23T10:33:04+00:00","mainEntityOfPage":{"@id":"https:\/\/kapitalis.com\/tunisie\/2025\/01\/23\/tunisie-saied-pointe-des-recrutements-injustifies-et-en-recommande-dautres\/"},"wordCount":609,"commentCount":1,"publisher":{"@id":"https:\/\/kapitalis.com\/tunisie\/#organization"},"image":{"@id":"https:\/\/kapitalis.com\/tunisie\/2025\/01\/23\/tunisie-saied-pointe-des-recrutements-injustifies-et-en-recommande-dautres\/#primaryimage"},"thumbnailUrl":"https:\/\/kapitalis.com\/tunisie\/wp-content\/uploads\/2025\/01\/Kamel-Maddouri-Kais-Saied.jpg","keywords":["\u00e9tablissements publics","fonds sociaux","Ka\u00efs Sa\u00efed","Kamel Madouri","recrutements"],"articleSection":["POLITIQUE","Tunisie"],"inLanguage":"fr-FR","potentialAction":[{"@type":"CommentAction","name":"Comment","target":["https:\/\/kapitalis.com\/tunisie\/2025\/01\/23\/tunisie-saied-pointe-des-recrutements-injustifies-et-en-recommande-dautres\/#respond"]}]},{"@type":"WebPage","@id":"https:\/\/kapitalis.com\/tunisie\/2025\/01\/23\/tunisie-saied-pointe-des-recrutements-injustifies-et-en-recommande-dautres\/","url":"https:\/\/kapitalis.com\/tunisie\/2025\/01\/23\/tunisie-saied-pointe-des-recrutements-injustifies-et-en-recommande-dautres\/","name":"Tunisie\u00a0: Sa\u00efed pointe des \u00abrecrutements injustifi\u00e9s\u00bb et en recommande d'autres - Kapitalis","isPartOf":{"@id":"https:\/\/kapitalis.com\/tunisie\/#website"},"primaryImageOfPage":{"@id":"https:\/\/kapitalis.com\/tunisie\/2025\/01\/23\/tunisie-saied-pointe-des-recrutements-injustifies-et-en-recommande-dautres\/#primaryimage"},"image":{"@id":"https:\/\/kapitalis.com\/tunisie\/2025\/01\/23\/tunisie-saied-pointe-des-recrutements-injustifies-et-en-recommande-dautres\/#primaryimage"},"thumbnailUrl":"https:\/\/kapitalis.com\/tunisie\/wp-content\/uploads\/2025\/01\/Kamel-Maddouri-Kais-Saied.jpg","datePublished":"2025-01-23T09:14:54+00:00","dateModified":"2025-01-23T10:33:04+00:00","breadcrumb":{"@id":"https:\/\/kapitalis.com\/tunisie\/2025\/01\/23\/tunisie-saied-pointe-des-recrutements-injustifies-et-en-recommande-dautres\/#breadcrumb"},"inLanguage":"fr-FR","potentialAction":[{"@type":"ReadAction","target":["https:\/\/kapitalis.com\/tunisie\/2025\/01\/23\/tunisie-saied-pointe-des-recrutements-injustifies-et-en-recommande-dautres\/"]}]},{"@type":"ImageObject","inLanguage":"fr-FR","@id":"https:\/\/kapitalis.com\/tunisie\/2025\/01\/23\/tunisie-saied-pointe-des-recrutements-injustifies-et-en-recommande-dautres\/#primaryimage","url":"https:\/\/kapitalis.com\/tunisie\/wp-content\/uploads\/2025\/01\/Kamel-Maddouri-Kais-Saied.jpg","contentUrl":"https:\/\/kapitalis.com\/tunisie\/wp-content\/uploads\/2025\/01\/Kamel-Maddouri-Kais-Saied.jpg","width":1200,"height":630},{"@type":"BreadcrumbList","@id":"https:\/\/kapitalis.com\/tunisie\/2025\/01\/23\/tunisie-saied-pointe-des-recrutements-injustifies-et-en-recommande-dautres\/#breadcrumb","itemListElement":[{"@type":"ListItem","position":1,"name":"Accueil","item":"https:\/\/kapitalis.com\/tunisie\/"},{"@type":"ListItem","position":2,"name":"Tunisie\u00a0: Sa\u00efed pointe des \u00abrecrutements injustifi\u00e9s\u00bb et en recommande d&rsquo;autres"}]},{"@type":"WebSite","@id":"https:\/\/kapitalis.com\/tunisie\/#website","url":"https:\/\/kapitalis.com\/tunisie\/","name":"Kapitalis","description":"L&#039;actualit\u00e9 en Tunisie et dans le monde","publisher":{"@id":"https:\/\/kapitalis.com\/tunisie\/#organization"},"potentialAction":[{"@type":"SearchAction","target":{"@type":"EntryPoint","urlTemplate":"https:\/\/kapitalis.com\/tunisie\/?s={search_term_string}"},"query-input":{"@type":"PropertyValueSpecification","valueRequired":true,"valueName":"search_term_string"}}],"inLanguage":"fr-FR"},{"@type":"Organization","@id":"https:\/\/kapitalis.com\/tunisie\/#organization","name":"Kapitalis","url":"https:\/\/kapitalis.com\/tunisie\/","logo":{"@type":"ImageObject","inLanguage":"fr-FR","@id":"https:\/\/kapitalis.com\/tunisie\/#\/schema\/logo\/image\/","url":"https:\/\/kapitalis.com\/tunisie\/wp-content\/uploads\/2022\/05\/Kapitalis-big-size.png","contentUrl":"https:\/\/kapitalis.com\/tunisie\/wp-content\/uploads\/2022\/05\/Kapitalis-big-size.png","width":5000,"height":1500,"caption":"Kapitalis"},"image":{"@id":"https:\/\/kapitalis.com\/tunisie\/#\/schema\/logo\/image\/"},"sameAs":["https:\/\/www.facebook.com\/KapitalisInfo\/","https:\/\/x.com\/KapitalisInfo","https:\/\/www.youtube.com\/channel\/UC-yDYrHyfFBWWZaOw3FPg9Q"]},{"@type":"Person","@id":"https:\/\/kapitalis.com\/tunisie\/#\/schema\/person\/d71f33a9ca44f7bad4698210b480c8e9","name":"webmaster kapitalis","url":"https:\/\/kapitalis.com\/tunisie\/author\/webmaster-kapitalis\/"}]}},"_links":{"self":[{"href":"https:\/\/kapitalis.com\/tunisie\/wp-json\/wp\/v2\/posts\/15263380","targetHints":{"allow":["GET"]}}],"collection":[{"href":"https:\/\/kapitalis.com\/tunisie\/wp-json\/wp\/v2\/posts"}],"about":[{"href":"https:\/\/kapitalis.com\/tunisie\/wp-json\/wp\/v2\/types\/post"}],"author":[{"embeddable":true,"href":"https:\/\/kapitalis.com\/tunisie\/wp-json\/wp\/v2\/users\/8"}],"replies":[{"embeddable":true,"href":"https:\/\/kapitalis.com\/tunisie\/wp-json\/wp\/v2\/comments?post=15263380"}],"version-history":[{"count":2,"href":"https:\/\/kapitalis.com\/tunisie\/wp-json\/wp\/v2\/posts\/15263380\/revisions"}],"predecessor-version":[{"id":15264092,"href":"https:\/\/kapitalis.com\/tunisie\/wp-json\/wp\/v2\/posts\/15263380\/revisions\/15264092"}],"wp:featuredmedia":[{"embeddable":true,"href":"https:\/\/kapitalis.com\/tunisie\/wp-json\/wp\/v2\/media\/15135672"}],"wp:attachment":[{"href":"https:\/\/kapitalis.com\/tunisie\/wp-json\/wp\/v2\/media?parent=15263380"}],"wp:term":[{"taxonomy":"category","embeddable":true,"href":"https:\/\/kapitalis.com\/tunisie\/wp-json\/wp\/v2\/categories?post=15263380"},{"taxonomy":"post_tag","embeddable":true,"href":"https:\/\/kapitalis.com\/tunisie\/wp-json\/wp\/v2\/tags?post=15263380"}],"curies":[{"name":"wp","href":"https:\/\/api.w.org\/{rel}","templated":true}]}}