{"id":15264142,"date":"2025-01-23T11:45:35","date_gmt":"2025-01-23T10:45:35","guid":{"rendered":"https:\/\/kapitalis.com\/tunisie\/?p=15264142"},"modified":"2025-01-23T12:38:54","modified_gmt":"2025-01-23T11:38:54","slug":"plus-de-20-000-migrants-a-sfax-point-dembarquement-pour-leurope","status":"publish","type":"post","link":"https:\/\/kapitalis.com\/tunisie\/2025\/01\/23\/plus-de-20-000-migrants-a-sfax-point-dembarquement-pour-leurope\/","title":{"rendered":"Plus de 20 000 migrants \u00e0 Sfax, point d&#8217;embarquement pour l\u2019Europe"},"content":{"rendered":"\n<p><strong><em>Selon les donn\u00e9es de l\u2019Organisation internationale pour les migrations (OIM), en 2024, plus de 20 000 migrants irr\u00e9guliers ont \u00e9t\u00e9 d\u00e9nombr\u00e9s \u00e0 El Amra, dans le gouvernorat de Sfax, l\u2019une des zones d\u2019o\u00f9 partent de nombreux bateaux pour tenter d\u2019atteindre l&rsquo;Europe.<\/em><\/strong><\/p>\n\n\n\n<!--more-->\n\n\n\n<p>C\u2019est ce qu\u2019a communiqu\u00e9, mercredi 22 janvier 2025, le g\u00e9n\u00e9ral de brigade Khaled Ben Jerad, directeur central \u00e0 la Garde nationale, charg\u00e9 des migrations irr\u00e9guli\u00e8res, soulignant qu\u2019il n\u2019est pas possible actuellement d\u2019\u00e9tablir le nombre exact de migrants irr\u00e9guliers en provenance des pays d\u2019Afrique subsaharienne en Tunisie, en raison de l\u2019\u00e9volution constante des donn\u00e9es \u00e0 l\u2019entr\u00e9e et \u00e0 la sortie de Tunisie, selon les donn\u00e9es de l\u2019OIM.<\/p>\n\n\n\n<p>Dans un discours prononc\u00e9 dans le cadre d&rsquo;une journ\u00e9e d\u2019\u00e9tude organis\u00e9e par l\u2019Assembl\u00e9e des repr\u00e9sentants du peuple au Bardo sur la migration irr\u00e9guli\u00e8re en Tunisie, et rapport\u00e9 par l\u2019agence Tap, Ben Jerad a observ\u00e9 que les migrants irr\u00e9guliers en provenance des pays d\u2019Afrique subsaharienne entrent souvent en Tunisie par l\u2019Alg\u00e9rie, soulignant qu\u2019il existe plus de 22 nationalit\u00e9s de migrants irr\u00e9guliers.<\/p>\n\n\n\n<p>Le nombre d\u2019irr\u00e9guliers en Libye est d\u2019un million, tandis que l\u2019Alg\u00e9rie en compte 250 000, selon les statistiques de l\u2019agence europ\u00e9enne des fronti\u00e8res Frontex, a-t-il indiqu\u00e9, ajoutant que les efforts s\u00e9curitaires ont r\u00e9duit le flux de ces migrants vers la Tunisie \u00e0 64% en septembre 2024, et r\u00e9duit le taux d\u2019entr\u00e9es fonci\u00e8res de 84% au cours des trois derniers mois de 2024.<\/p>\n\n\n\n<p>L\u2019ann\u00e9e derni\u00e8re, les autorit\u00e9s tunisiennes ont arr\u00eat\u00e9 80 000 migrants, d\u00e9mantel\u00e9 96 camps de fortune et arr\u00eat\u00e9 15 migrants irr\u00e9guliers soup\u00e7onn\u00e9s de terrorisme, a ajout\u00e9 Ben Jerad, pr\u00e9cisant que le nombre de cas de traite des \u00eatres humains a atteint 64 l\u2019ann\u00e9e derni\u00e8re, avec l\u2019arrestation de 88 personnes. Par ailleurs, 40 proc\u00e9dures ont \u00e9t\u00e9 ouvertes contre des chantiers ill\u00e9gaux de construction de bateaux et plus de 2 080 personnes ont \u00e9t\u00e9 arr\u00eat\u00e9es, parmi lesquelles des organisateurs et des interm\u00e9diaires d\u2019op\u00e9rations de migration irr\u00e9guli\u00e8re.<\/p>\n\n\n\n<p>Apr\u00e8s avoir salu\u00e9 les efforts s\u00e9curitaires pour faire face \u00e0 ce ph\u00e9nom\u00e8ne, les parlementaires ayant particip\u00e9 \u00e0 cette journ\u00e9e d\u2019\u00e9tude ont mis en garde contre ses dangers, qui menacent la s\u00e9curit\u00e9 nationale en raison de nombreuses consid\u00e9rations.<\/p>\n\n\n\n<p>Les d\u00e9put\u00e9s de Sfax ont notamment exprim\u00e9 leur <em>\u00abgrande indignation\u00bb<\/em> face \u00e0 la situation qu\u2019ils ont qualifi\u00e9e de <em>\u00abdangereuse et mis\u00e9rable\u00bb<\/em> dans les diff\u00e9rentes communes du gouvernorat, soulignant que les habitants de ces zones <em>\u00abvivent dans un \u00e9tat de terreur et col\u00e8re<\/em> <em>parce qu\u2019ils ne peuvent pas quitter leur foyer de peur que leurs filles et leurs femmes soient victimes de crimes qui pourraient \u00eatre commis par des migrants africains\u00bb.<\/em><\/p>\n\n\n\n<figure class=\"wp-block-embed is-type-wp-embed is-provider-kapitalis wp-block-embed-kapitalis\"><div class=\"wp-block-embed__wrapper\">\n<blockquote class=\"wp-embedded-content\" data-secret=\"k1gIL5o8dm\"><a href=\"https:\/\/kapitalis.com\/tunisie\/2025\/01\/23\/la-tunisie-a-rapatrie-7-250-migrants-dafrique-subsaharienne-en-2024\/\">La Tunisie a rapatri\u00e9 7 250 migrants d\u2019Afrique subsaharienne en 2024<\/a><\/blockquote><iframe loading=\"lazy\" class=\"wp-embedded-content\" sandbox=\"allow-scripts\" security=\"restricted\" style=\"position: absolute; visibility: hidden;\" title=\"\u00ab\u00a0La Tunisie a rapatri\u00e9 7 250 migrants d\u2019Afrique subsaharienne en 2024\u00a0\u00bb &#8212; Kapitalis\" src=\"https:\/\/kapitalis.com\/tunisie\/2025\/01\/23\/la-tunisie-a-rapatrie-7-250-migrants-dafrique-subsaharienne-en-2024\/embed\/#?secret=Tb324WRhK8#?secret=k1gIL5o8dm\" data-secret=\"k1gIL5o8dm\" width=\"600\" height=\"338\" frameborder=\"0\" marginwidth=\"0\" marginheight=\"0\" scrolling=\"no\"><\/iframe>\n<\/div><\/figure>\n","protected":false},"excerpt":{"rendered":"<p>Plus de 20 000 migrants irr\u00e9guliers ont \u00e9t\u00e9 d\u00e9nombr\u00e9s \u00e0 El Amra, dans le gouvernorat de Sfax.  <\/p>\n","protected":false},"author":8,"featured_media":12682177,"comment_status":"open","ping_status":"open","sticky":false,"template":"","format":"standard","meta":{"footnotes":""},"categories":[998,2433],"tags":[8124,120299,120298,3145,16732,823],"class_list":["post-15264142","post","type-post","status-publish","format-standard","has-post-thumbnail","hentry","category-societe","category-tunisie","tag-afrique-subsaharienne","tag-el-amra-2","tag-khaled-ben-jerad","tag-migrants","tag-oim","tag-sfax"],"yoast_head":"<!-- This site is optimized with the Yoast SEO plugin v26.6 - https:\/\/yoast.com\/wordpress\/plugins\/seo\/ -->\n<title>Plus de 20 000 migrants \u00e0 Sfax, point d&#039;embarquement pour l\u2019Europe - Kapitalis<\/title>\n<meta name=\"robots\" content=\"index, follow, max-snippet:-1, max-image-preview:large, max-video-preview:-1\" \/>\n<link rel=\"canonical\" href=\"https:\/\/kapitalis.com\/tunisie\/2025\/01\/23\/plus-de-20-000-migrants-a-sfax-point-dembarquement-pour-leurope\/\" \/>\n<meta property=\"og:locale\" content=\"fr_FR\" \/>\n<meta property=\"og:type\" content=\"article\" \/>\n<meta property=\"og:title\" content=\"Plus de 20 000 migrants \u00e0 Sfax, point d&#039;embarquement pour l\u2019Europe - Kapitalis\" \/>\n<meta property=\"og:description\" content=\"Plus de 20 000 migrants irr\u00e9guliers ont \u00e9t\u00e9 d\u00e9nombr\u00e9s \u00e0 El Amra, dans le gouvernorat de Sfax.\" \/>\n<meta property=\"og:url\" content=\"https:\/\/kapitalis.com\/tunisie\/2025\/01\/23\/plus-de-20-000-migrants-a-sfax-point-dembarquement-pour-leurope\/\" \/>\n<meta property=\"og:site_name\" content=\"Kapitalis\" \/>\n<meta property=\"article:publisher\" content=\"https:\/\/www.facebook.com\/KapitalisInfo\/\" \/>\n<meta property=\"article:published_time\" content=\"2025-01-23T10:45:35+00:00\" \/>\n<meta property=\"article:modified_time\" content=\"2025-01-23T11:38:54+00:00\" \/>\n<meta property=\"og:image\" content=\"https:\/\/kapitalis.com\/tunisie\/wp-content\/uploads\/2024\/05\/Migrants-El-Amra-Anadolu-Getty-Image.jpg\" \/>\n\t<meta property=\"og:image:width\" content=\"1200\" \/>\n\t<meta property=\"og:image:height\" content=\"630\" \/>\n\t<meta property=\"og:image:type\" content=\"image\/jpeg\" \/>\n<meta name=\"author\" content=\"webmaster kapitalis\" \/>\n<meta name=\"twitter:card\" content=\"summary_large_image\" \/>\n<meta name=\"twitter:creator\" content=\"@KapitalisInfo\" \/>\n<meta name=\"twitter:site\" content=\"@KapitalisInfo\" \/>\n<meta name=\"twitter:label1\" content=\"\u00c9crit par\" \/>\n\t<meta name=\"twitter:data1\" content=\"webmaster kapitalis\" \/>\n\t<meta name=\"twitter:label2\" content=\"Dur\u00e9e de lecture estim\u00e9e\" \/>\n\t<meta name=\"twitter:data2\" content=\"3 minutes\" \/>\n<script type=\"application\/ld+json\" class=\"yoast-schema-graph\">{\"@context\":\"https:\/\/schema.org\",\"@graph\":[{\"@type\":\"Article\",\"@id\":\"https:\/\/kapitalis.com\/tunisie\/2025\/01\/23\/plus-de-20-000-migrants-a-sfax-point-dembarquement-pour-leurope\/#article\",\"isPartOf\":{\"@id\":\"https:\/\/kapitalis.com\/tunisie\/2025\/01\/23\/plus-de-20-000-migrants-a-sfax-point-dembarquement-pour-leurope\/\"},\"author\":{\"name\":\"webmaster kapitalis\",\"@id\":\"https:\/\/kapitalis.com\/tunisie\/#\/schema\/person\/d71f33a9ca44f7bad4698210b480c8e9\"},\"headline\":\"Plus de 20 000 migrants \u00e0 Sfax, point d&#8217;embarquement pour l\u2019Europe\",\"datePublished\":\"2025-01-23T10:45:35+00:00\",\"dateModified\":\"2025-01-23T11:38:54+00:00\",\"mainEntityOfPage\":{\"@id\":\"https:\/\/kapitalis.com\/tunisie\/2025\/01\/23\/plus-de-20-000-migrants-a-sfax-point-dembarquement-pour-leurope\/\"},\"wordCount\":501,\"commentCount\":0,\"publisher\":{\"@id\":\"https:\/\/kapitalis.com\/tunisie\/#organization\"},\"image\":{\"@id\":\"https:\/\/kapitalis.com\/tunisie\/2025\/01\/23\/plus-de-20-000-migrants-a-sfax-point-dembarquement-pour-leurope\/#primaryimage\"},\"thumbnailUrl\":\"https:\/\/kapitalis.com\/tunisie\/wp-content\/uploads\/2024\/05\/Migrants-El-Amra-Anadolu-Getty-Image.jpg\",\"keywords\":[\"afrique subsaharienne\",\"El Amra\",\"Khaled Ben Jerad\",\"migrants\",\"OIM\",\"Sfax\"],\"articleSection\":[\"SOCIETE\",\"Tunisie\"],\"inLanguage\":\"fr-FR\",\"potentialAction\":[{\"@type\":\"CommentAction\",\"name\":\"Comment\",\"target\":[\"https:\/\/kapitalis.com\/tunisie\/2025\/01\/23\/plus-de-20-000-migrants-a-sfax-point-dembarquement-pour-leurope\/#respond\"]}]},{\"@type\":\"WebPage\",\"@id\":\"https:\/\/kapitalis.com\/tunisie\/2025\/01\/23\/plus-de-20-000-migrants-a-sfax-point-dembarquement-pour-leurope\/\",\"url\":\"https:\/\/kapitalis.com\/tunisie\/2025\/01\/23\/plus-de-20-000-migrants-a-sfax-point-dembarquement-pour-leurope\/\",\"name\":\"Plus de 20 000 migrants \u00e0 Sfax, point d'embarquement pour l\u2019Europe - Kapitalis\",\"isPartOf\":{\"@id\":\"https:\/\/kapitalis.com\/tunisie\/#website\"},\"primaryImageOfPage\":{\"@id\":\"https:\/\/kapitalis.com\/tunisie\/2025\/01\/23\/plus-de-20-000-migrants-a-sfax-point-dembarquement-pour-leurope\/#primaryimage\"},\"image\":{\"@id\":\"https:\/\/kapitalis.com\/tunisie\/2025\/01\/23\/plus-de-20-000-migrants-a-sfax-point-dembarquement-pour-leurope\/#primaryimage\"},\"thumbnailUrl\":\"https:\/\/kapitalis.com\/tunisie\/wp-content\/uploads\/2024\/05\/Migrants-El-Amra-Anadolu-Getty-Image.jpg\",\"datePublished\":\"2025-01-23T10:45:35+00:00\",\"dateModified\":\"2025-01-23T11:38:54+00:00\",\"breadcrumb\":{\"@id\":\"https:\/\/kapitalis.com\/tunisie\/2025\/01\/23\/plus-de-20-000-migrants-a-sfax-point-dembarquement-pour-leurope\/#breadcrumb\"},\"inLanguage\":\"fr-FR\",\"potentialAction\":[{\"@type\":\"ReadAction\",\"target\":[\"https:\/\/kapitalis.com\/tunisie\/2025\/01\/23\/plus-de-20-000-migrants-a-sfax-point-dembarquement-pour-leurope\/\"]}]},{\"@type\":\"ImageObject\",\"inLanguage\":\"fr-FR\",\"@id\":\"https:\/\/kapitalis.com\/tunisie\/2025\/01\/23\/plus-de-20-000-migrants-a-sfax-point-dembarquement-pour-leurope\/#primaryimage\",\"url\":\"https:\/\/kapitalis.com\/tunisie\/wp-content\/uploads\/2024\/05\/Migrants-El-Amra-Anadolu-Getty-Image.jpg\",\"contentUrl\":\"https:\/\/kapitalis.com\/tunisie\/wp-content\/uploads\/2024\/05\/Migrants-El-Amra-Anadolu-Getty-Image.jpg\",\"width\":1200,\"height\":630},{\"@type\":\"BreadcrumbList\",\"@id\":\"https:\/\/kapitalis.com\/tunisie\/2025\/01\/23\/plus-de-20-000-migrants-a-sfax-point-dembarquement-pour-leurope\/#breadcrumb\",\"itemListElement\":[{\"@type\":\"ListItem\",\"position\":1,\"name\":\"Accueil\",\"item\":\"https:\/\/kapitalis.com\/tunisie\/\"},{\"@type\":\"ListItem\",\"position\":2,\"name\":\"Plus de 20 000 migrants \u00e0 Sfax, point d&#8217;embarquement pour l\u2019Europe\"}]},{\"@type\":\"WebSite\",\"@id\":\"https:\/\/kapitalis.com\/tunisie\/#website\",\"url\":\"https:\/\/kapitalis.com\/tunisie\/\",\"name\":\"Kapitalis\",\"description\":\"L&#039;actualit\u00e9 en Tunisie et dans le monde\",\"publisher\":{\"@id\":\"https:\/\/kapitalis.com\/tunisie\/#organization\"},\"potentialAction\":[{\"@type\":\"SearchAction\",\"target\":{\"@type\":\"EntryPoint\",\"urlTemplate\":\"https:\/\/kapitalis.com\/tunisie\/?s={search_term_string}\"},\"query-input\":{\"@type\":\"PropertyValueSpecification\",\"valueRequired\":true,\"valueName\":\"search_term_string\"}}],\"inLanguage\":\"fr-FR\"},{\"@type\":\"Organization\",\"@id\":\"https:\/\/kapitalis.com\/tunisie\/#organization\",\"name\":\"Kapitalis\",\"url\":\"https:\/\/kapitalis.com\/tunisie\/\",\"logo\":{\"@type\":\"ImageObject\",\"inLanguage\":\"fr-FR\",\"@id\":\"https:\/\/kapitalis.com\/tunisie\/#\/schema\/logo\/image\/\",\"url\":\"https:\/\/kapitalis.com\/tunisie\/wp-content\/uploads\/2022\/05\/Kapitalis-big-size.png\",\"contentUrl\":\"https:\/\/kapitalis.com\/tunisie\/wp-content\/uploads\/2022\/05\/Kapitalis-big-size.png\",\"width\":5000,\"height\":1500,\"caption\":\"Kapitalis\"},\"image\":{\"@id\":\"https:\/\/kapitalis.com\/tunisie\/#\/schema\/logo\/image\/\"},\"sameAs\":[\"https:\/\/www.facebook.com\/KapitalisInfo\/\",\"https:\/\/x.com\/KapitalisInfo\",\"https:\/\/www.youtube.com\/channel\/UC-yDYrHyfFBWWZaOw3FPg9Q\"]},{\"@type\":\"Person\",\"@id\":\"https:\/\/kapitalis.com\/tunisie\/#\/schema\/person\/d71f33a9ca44f7bad4698210b480c8e9\",\"name\":\"webmaster kapitalis\",\"url\":\"https:\/\/kapitalis.com\/tunisie\/author\/webmaster-kapitalis\/\"}]}<\/script>\n<!-- \/ Yoast SEO plugin. -->","yoast_head_json":{"title":"Plus de 20 000 migrants \u00e0 Sfax, point d'embarquement pour l\u2019Europe - Kapitalis","robots":{"index":"index","follow":"follow","max-snippet":"max-snippet:-1","max-image-preview":"max-image-preview:large","max-video-preview":"max-video-preview:-1"},"canonical":"https:\/\/kapitalis.com\/tunisie\/2025\/01\/23\/plus-de-20-000-migrants-a-sfax-point-dembarquement-pour-leurope\/","og_locale":"fr_FR","og_type":"article","og_title":"Plus de 20 000 migrants \u00e0 Sfax, point d'embarquement pour l\u2019Europe - Kapitalis","og_description":"Plus de 20 000 migrants irr\u00e9guliers ont \u00e9t\u00e9 d\u00e9nombr\u00e9s \u00e0 El Amra, dans le gouvernorat de Sfax.","og_url":"https:\/\/kapitalis.com\/tunisie\/2025\/01\/23\/plus-de-20-000-migrants-a-sfax-point-dembarquement-pour-leurope\/","og_site_name":"Kapitalis","article_publisher":"https:\/\/www.facebook.com\/KapitalisInfo\/","article_published_time":"2025-01-23T10:45:35+00:00","article_modified_time":"2025-01-23T11:38:54+00:00","og_image":[{"width":1200,"height":630,"url":"https:\/\/kapitalis.com\/tunisie\/wp-content\/uploads\/2024\/05\/Migrants-El-Amra-Anadolu-Getty-Image.jpg","type":"image\/jpeg"}],"author":"webmaster kapitalis","twitter_card":"summary_large_image","twitter_creator":"@KapitalisInfo","twitter_site":"@KapitalisInfo","twitter_misc":{"\u00c9crit par":"webmaster kapitalis","Dur\u00e9e de lecture estim\u00e9e":"3 minutes"},"schema":{"@context":"https:\/\/schema.org","@graph":[{"@type":"Article","@id":"https:\/\/kapitalis.com\/tunisie\/2025\/01\/23\/plus-de-20-000-migrants-a-sfax-point-dembarquement-pour-leurope\/#article","isPartOf":{"@id":"https:\/\/kapitalis.com\/tunisie\/2025\/01\/23\/plus-de-20-000-migrants-a-sfax-point-dembarquement-pour-leurope\/"},"author":{"name":"webmaster kapitalis","@id":"https:\/\/kapitalis.com\/tunisie\/#\/schema\/person\/d71f33a9ca44f7bad4698210b480c8e9"},"headline":"Plus de 20 000 migrants \u00e0 Sfax, point d&#8217;embarquement pour l\u2019Europe","datePublished":"2025-01-23T10:45:35+00:00","dateModified":"2025-01-23T11:38:54+00:00","mainEntityOfPage":{"@id":"https:\/\/kapitalis.com\/tunisie\/2025\/01\/23\/plus-de-20-000-migrants-a-sfax-point-dembarquement-pour-leurope\/"},"wordCount":501,"commentCount":0,"publisher":{"@id":"https:\/\/kapitalis.com\/tunisie\/#organization"},"image":{"@id":"https:\/\/kapitalis.com\/tunisie\/2025\/01\/23\/plus-de-20-000-migrants-a-sfax-point-dembarquement-pour-leurope\/#primaryimage"},"thumbnailUrl":"https:\/\/kapitalis.com\/tunisie\/wp-content\/uploads\/2024\/05\/Migrants-El-Amra-Anadolu-Getty-Image.jpg","keywords":["afrique subsaharienne","El Amra","Khaled Ben Jerad","migrants","OIM","Sfax"],"articleSection":["SOCIETE","Tunisie"],"inLanguage":"fr-FR","potentialAction":[{"@type":"CommentAction","name":"Comment","target":["https:\/\/kapitalis.com\/tunisie\/2025\/01\/23\/plus-de-20-000-migrants-a-sfax-point-dembarquement-pour-leurope\/#respond"]}]},{"@type":"WebPage","@id":"https:\/\/kapitalis.com\/tunisie\/2025\/01\/23\/plus-de-20-000-migrants-a-sfax-point-dembarquement-pour-leurope\/","url":"https:\/\/kapitalis.com\/tunisie\/2025\/01\/23\/plus-de-20-000-migrants-a-sfax-point-dembarquement-pour-leurope\/","name":"Plus de 20 000 migrants \u00e0 Sfax, point d'embarquement pour l\u2019Europe - Kapitalis","isPartOf":{"@id":"https:\/\/kapitalis.com\/tunisie\/#website"},"primaryImageOfPage":{"@id":"https:\/\/kapitalis.com\/tunisie\/2025\/01\/23\/plus-de-20-000-migrants-a-sfax-point-dembarquement-pour-leurope\/#primaryimage"},"image":{"@id":"https:\/\/kapitalis.com\/tunisie\/2025\/01\/23\/plus-de-20-000-migrants-a-sfax-point-dembarquement-pour-leurope\/#primaryimage"},"thumbnailUrl":"https:\/\/kapitalis.com\/tunisie\/wp-content\/uploads\/2024\/05\/Migrants-El-Amra-Anadolu-Getty-Image.jpg","datePublished":"2025-01-23T10:45:35+00:00","dateModified":"2025-01-23T11:38:54+00:00","breadcrumb":{"@id":"https:\/\/kapitalis.com\/tunisie\/2025\/01\/23\/plus-de-20-000-migrants-a-sfax-point-dembarquement-pour-leurope\/#breadcrumb"},"inLanguage":"fr-FR","potentialAction":[{"@type":"ReadAction","target":["https:\/\/kapitalis.com\/tunisie\/2025\/01\/23\/plus-de-20-000-migrants-a-sfax-point-dembarquement-pour-leurope\/"]}]},{"@type":"ImageObject","inLanguage":"fr-FR","@id":"https:\/\/kapitalis.com\/tunisie\/2025\/01\/23\/plus-de-20-000-migrants-a-sfax-point-dembarquement-pour-leurope\/#primaryimage","url":"https:\/\/kapitalis.com\/tunisie\/wp-content\/uploads\/2024\/05\/Migrants-El-Amra-Anadolu-Getty-Image.jpg","contentUrl":"https:\/\/kapitalis.com\/tunisie\/wp-content\/uploads\/2024\/05\/Migrants-El-Amra-Anadolu-Getty-Image.jpg","width":1200,"height":630},{"@type":"BreadcrumbList","@id":"https:\/\/kapitalis.com\/tunisie\/2025\/01\/23\/plus-de-20-000-migrants-a-sfax-point-dembarquement-pour-leurope\/#breadcrumb","itemListElement":[{"@type":"ListItem","position":1,"name":"Accueil","item":"https:\/\/kapitalis.com\/tunisie\/"},{"@type":"ListItem","position":2,"name":"Plus de 20 000 migrants \u00e0 Sfax, point d&#8217;embarquement pour l\u2019Europe"}]},{"@type":"WebSite","@id":"https:\/\/kapitalis.com\/tunisie\/#website","url":"https:\/\/kapitalis.com\/tunisie\/","name":"Kapitalis","description":"L&#039;actualit\u00e9 en Tunisie et dans le monde","publisher":{"@id":"https:\/\/kapitalis.com\/tunisie\/#organization"},"potentialAction":[{"@type":"SearchAction","target":{"@type":"EntryPoint","urlTemplate":"https:\/\/kapitalis.com\/tunisie\/?s={search_term_string}"},"query-input":{"@type":"PropertyValueSpecification","valueRequired":true,"valueName":"search_term_string"}}],"inLanguage":"fr-FR"},{"@type":"Organization","@id":"https:\/\/kapitalis.com\/tunisie\/#organization","name":"Kapitalis","url":"https:\/\/kapitalis.com\/tunisie\/","logo":{"@type":"ImageObject","inLanguage":"fr-FR","@id":"https:\/\/kapitalis.com\/tunisie\/#\/schema\/logo\/image\/","url":"https:\/\/kapitalis.com\/tunisie\/wp-content\/uploads\/2022\/05\/Kapitalis-big-size.png","contentUrl":"https:\/\/kapitalis.com\/tunisie\/wp-content\/uploads\/2022\/05\/Kapitalis-big-size.png","width":5000,"height":1500,"caption":"Kapitalis"},"image":{"@id":"https:\/\/kapitalis.com\/tunisie\/#\/schema\/logo\/image\/"},"sameAs":["https:\/\/www.facebook.com\/KapitalisInfo\/","https:\/\/x.com\/KapitalisInfo","https:\/\/www.youtube.com\/channel\/UC-yDYrHyfFBWWZaOw3FPg9Q"]},{"@type":"Person","@id":"https:\/\/kapitalis.com\/tunisie\/#\/schema\/person\/d71f33a9ca44f7bad4698210b480c8e9","name":"webmaster kapitalis","url":"https:\/\/kapitalis.com\/tunisie\/author\/webmaster-kapitalis\/"}]}},"_links":{"self":[{"href":"https:\/\/kapitalis.com\/tunisie\/wp-json\/wp\/v2\/posts\/15264142","targetHints":{"allow":["GET"]}}],"collection":[{"href":"https:\/\/kapitalis.com\/tunisie\/wp-json\/wp\/v2\/posts"}],"about":[{"href":"https:\/\/kapitalis.com\/tunisie\/wp-json\/wp\/v2\/types\/post"}],"author":[{"embeddable":true,"href":"https:\/\/kapitalis.com\/tunisie\/wp-json\/wp\/v2\/users\/8"}],"replies":[{"embeddable":true,"href":"https:\/\/kapitalis.com\/tunisie\/wp-json\/wp\/v2\/comments?post=15264142"}],"version-history":[{"count":2,"href":"https:\/\/kapitalis.com\/tunisie\/wp-json\/wp\/v2\/posts\/15264142\/revisions"}],"predecessor-version":[{"id":15264584,"href":"https:\/\/kapitalis.com\/tunisie\/wp-json\/wp\/v2\/posts\/15264142\/revisions\/15264584"}],"wp:featuredmedia":[{"embeddable":true,"href":"https:\/\/kapitalis.com\/tunisie\/wp-json\/wp\/v2\/media\/12682177"}],"wp:attachment":[{"href":"https:\/\/kapitalis.com\/tunisie\/wp-json\/wp\/v2\/media?parent=15264142"}],"wp:term":[{"taxonomy":"category","embeddable":true,"href":"https:\/\/kapitalis.com\/tunisie\/wp-json\/wp\/v2\/categories?post=15264142"},{"taxonomy":"post_tag","embeddable":true,"href":"https:\/\/kapitalis.com\/tunisie\/wp-json\/wp\/v2\/tags?post=15264142"}],"curies":[{"name":"wp","href":"https:\/\/api.w.org\/{rel}","templated":true}]}}