{"id":15268215,"date":"2025-01-23T22:01:20","date_gmt":"2025-01-23T21:01:20","guid":{"rendered":"https:\/\/kapitalis.com\/tunisie\/?p=15268215"},"modified":"2025-01-23T22:03:01","modified_gmt":"2025-01-23T21:03:01","slug":"tunisie-mobilisation-pour-sonia-dahmani-et-appels-a-sa-liberation","status":"publish","type":"post","link":"https:\/\/kapitalis.com\/tunisie\/2025\/01\/23\/tunisie-mobilisation-pour-sonia-dahmani-et-appels-a-sa-liberation\/","title":{"rendered":"Tunisie : Mobilisation pour Sonia Dahmani et appels \u00e0 sa lib\u00e9ration"},"content":{"rendered":"\n<p><strong><em>Alors que le verdict en appel pour l\u2019avocate et chroniqueuse Sonia Dahmani est attendu demain vendredi 24 janvier 2025, soci\u00e9t\u00e9 civile, dirigeants politiques, avocats et journalistes se mobilisent pour elle et appellent \u00e0 sa lib\u00e9ration.<\/em><\/strong><\/p>\n\n\n\n<!--more-->\n\n\n\n<p>Une campagne a \u00e9t\u00e9 lanc\u00e9e sur les r\u00e9seaux sociaux, ce jeudi, afin de soutenir Sonia Dahmani d&rsquo;autant que la chambre p\u00e9nale de la Cour d\u2019appel de Tunis devra rendre son verdict relatif \u00e0 une affaire dans laquelle l&rsquo;avocate a \u00e9t\u00e9 condamn\u00e9e \u00e0 deux ans de prison ferme en premi\u00e8re instance, et ce, sur la base du d\u00e9cret 54.<\/p>\n\n\n\n<p>De son c\u00f4t\u00e9, Amnesty International Tunisie a de nouveau r\u00e9clam\u00e9 la lib\u00e9ration de Sonia Dahmani et a \u00e9galement appel\u00e9 \u00e0 la mobilisation : \u00ab<em> brisons les cha\u00eenes de l\u2019injustice qui \u00e9touffent les droits et libert\u00e9s\u2026\u00bb<\/em>, lit-on dans un communiqu\u00e9 publi\u00e9 ce jeudi.<\/p>\n\n\n\n<p>La m\u00eame source affirme s&rsquo;inqui\u00e9ter pour Sonia Dahmani et estime qu&rsquo;elle est \u00ab<em> victime d&rsquo;injustice et que son arrestation s\u2019inscrit dans le cadre d\u2019une campagne visant \u00e0 r\u00e9duire au silence et \u00e0 cibler les voix critiques dans le pays<\/em> \u00bb, ajoute encore Amnesty.<\/p>\n\n\n\n<p class=\"has-text-align-right\"><strong>Y. N.<\/strong><\/p>\n","protected":false},"excerpt":{"rendered":"<p>Alors que le verdict en appel pour l\u2019avocate et chroniqueuse Sonia Dahmani est attendu demain vendredi 24 janvier 2025, soci\u00e9t\u00e9 civile, dirigeants politiques, avocats et journalistes se mobilisent pour elle et appellent \u00e0 sa lib\u00e9ration.<\/p>\n","protected":false},"author":6,"featured_media":15268309,"comment_status":"open","ping_status":"open","sticky":false,"template":"","format":"standard","meta":{"footnotes":""},"categories":[997,998,2433],"tags":[242,1314,77916,62643,10099],"class_list":["post-15268215","post","type-post","status-publish","format-standard","has-post-thumbnail","hentry","category-politique","category-societe","category-tunisie","tag-cour-dappel","tag-prison","tag-sonia-dahmani","tag-tunisie","tag-verdict"],"yoast_head":"<!-- This site is optimized with the Yoast SEO plugin v26.6 - https:\/\/yoast.com\/wordpress\/plugins\/seo\/ -->\n<title>Tunisie : Mobilisation pour Sonia Dahmani et appels \u00e0 sa lib\u00e9ration - Kapitalis<\/title>\n<meta name=\"robots\" content=\"index, follow, max-snippet:-1, max-image-preview:large, max-video-preview:-1\" \/>\n<link rel=\"canonical\" href=\"https:\/\/kapitalis.com\/tunisie\/2025\/01\/23\/tunisie-mobilisation-pour-sonia-dahmani-et-appels-a-sa-liberation\/\" \/>\n<meta property=\"og:locale\" content=\"fr_FR\" \/>\n<meta property=\"og:type\" content=\"article\" \/>\n<meta property=\"og:title\" content=\"Tunisie : Mobilisation pour Sonia Dahmani et appels \u00e0 sa lib\u00e9ration - Kapitalis\" \/>\n<meta property=\"og:description\" content=\"Alors que le verdict en appel pour l\u2019avocate et chroniqueuse Sonia Dahmani est attendu demain vendredi 24 janvier 2025, soci\u00e9t\u00e9 civile, dirigeants politiques, avocats et journalistes se mobilisent pour elle et appellent \u00e0 sa lib\u00e9ration.\" \/>\n<meta property=\"og:url\" content=\"https:\/\/kapitalis.com\/tunisie\/2025\/01\/23\/tunisie-mobilisation-pour-sonia-dahmani-et-appels-a-sa-liberation\/\" \/>\n<meta property=\"og:site_name\" content=\"Kapitalis\" \/>\n<meta property=\"article:publisher\" content=\"https:\/\/www.facebook.com\/KapitalisInfo\/\" \/>\n<meta property=\"article:published_time\" content=\"2025-01-23T21:01:20+00:00\" \/>\n<meta property=\"article:modified_time\" content=\"2025-01-23T21:03:01+00:00\" \/>\n<meta property=\"og:image\" content=\"https:\/\/kapitalis.com\/tunisie\/wp-content\/uploads\/2025\/01\/Sonia-Dahmani-1.jpg\" \/>\n\t<meta property=\"og:image:width\" content=\"1200\" \/>\n\t<meta property=\"og:image:height\" content=\"630\" \/>\n\t<meta property=\"og:image:type\" content=\"image\/jpeg\" \/>\n<meta name=\"author\" content=\"Yusra NY\" \/>\n<meta name=\"twitter:card\" content=\"summary_large_image\" \/>\n<meta name=\"twitter:creator\" content=\"@KapitalisInfo\" \/>\n<meta name=\"twitter:site\" content=\"@KapitalisInfo\" \/>\n<meta name=\"twitter:label1\" content=\"\u00c9crit par\" \/>\n\t<meta name=\"twitter:data1\" content=\"Yusra NY\" \/>\n\t<meta name=\"twitter:label2\" content=\"Dur\u00e9e de lecture estim\u00e9e\" \/>\n\t<meta name=\"twitter:data2\" content=\"2 minutes\" \/>\n<script type=\"application\/ld+json\" class=\"yoast-schema-graph\">{\"@context\":\"https:\/\/schema.org\",\"@graph\":[{\"@type\":\"Article\",\"@id\":\"https:\/\/kapitalis.com\/tunisie\/2025\/01\/23\/tunisie-mobilisation-pour-sonia-dahmani-et-appels-a-sa-liberation\/#article\",\"isPartOf\":{\"@id\":\"https:\/\/kapitalis.com\/tunisie\/2025\/01\/23\/tunisie-mobilisation-pour-sonia-dahmani-et-appels-a-sa-liberation\/\"},\"author\":{\"name\":\"Yusra NY\",\"@id\":\"https:\/\/kapitalis.com\/tunisie\/#\/schema\/person\/74bbde0154d49d790a92aaeac5bc01d5\"},\"headline\":\"Tunisie : Mobilisation pour Sonia Dahmani et appels \u00e0 sa lib\u00e9ration\",\"datePublished\":\"2025-01-23T21:01:20+00:00\",\"dateModified\":\"2025-01-23T21:03:01+00:00\",\"mainEntityOfPage\":{\"@id\":\"https:\/\/kapitalis.com\/tunisie\/2025\/01\/23\/tunisie-mobilisation-pour-sonia-dahmani-et-appels-a-sa-liberation\/\"},\"wordCount\":198,\"commentCount\":0,\"publisher\":{\"@id\":\"https:\/\/kapitalis.com\/tunisie\/#organization\"},\"image\":{\"@id\":\"https:\/\/kapitalis.com\/tunisie\/2025\/01\/23\/tunisie-mobilisation-pour-sonia-dahmani-et-appels-a-sa-liberation\/#primaryimage\"},\"thumbnailUrl\":\"https:\/\/kapitalis.com\/tunisie\/wp-content\/uploads\/2025\/01\/Sonia-Dahmani-1.jpg\",\"keywords\":[\"cour d'appel\",\"prison\",\"sonia dahmani\",\"Tunisie\",\"verdict\"],\"articleSection\":[\"POLITIQUE\",\"SOCIETE\",\"Tunisie\"],\"inLanguage\":\"fr-FR\",\"potentialAction\":[{\"@type\":\"CommentAction\",\"name\":\"Comment\",\"target\":[\"https:\/\/kapitalis.com\/tunisie\/2025\/01\/23\/tunisie-mobilisation-pour-sonia-dahmani-et-appels-a-sa-liberation\/#respond\"]}]},{\"@type\":\"WebPage\",\"@id\":\"https:\/\/kapitalis.com\/tunisie\/2025\/01\/23\/tunisie-mobilisation-pour-sonia-dahmani-et-appels-a-sa-liberation\/\",\"url\":\"https:\/\/kapitalis.com\/tunisie\/2025\/01\/23\/tunisie-mobilisation-pour-sonia-dahmani-et-appels-a-sa-liberation\/\",\"name\":\"Tunisie : Mobilisation pour Sonia Dahmani et appels \u00e0 sa lib\u00e9ration - Kapitalis\",\"isPartOf\":{\"@id\":\"https:\/\/kapitalis.com\/tunisie\/#website\"},\"primaryImageOfPage\":{\"@id\":\"https:\/\/kapitalis.com\/tunisie\/2025\/01\/23\/tunisie-mobilisation-pour-sonia-dahmani-et-appels-a-sa-liberation\/#primaryimage\"},\"image\":{\"@id\":\"https:\/\/kapitalis.com\/tunisie\/2025\/01\/23\/tunisie-mobilisation-pour-sonia-dahmani-et-appels-a-sa-liberation\/#primaryimage\"},\"thumbnailUrl\":\"https:\/\/kapitalis.com\/tunisie\/wp-content\/uploads\/2025\/01\/Sonia-Dahmani-1.jpg\",\"datePublished\":\"2025-01-23T21:01:20+00:00\",\"dateModified\":\"2025-01-23T21:03:01+00:00\",\"breadcrumb\":{\"@id\":\"https:\/\/kapitalis.com\/tunisie\/2025\/01\/23\/tunisie-mobilisation-pour-sonia-dahmani-et-appels-a-sa-liberation\/#breadcrumb\"},\"inLanguage\":\"fr-FR\",\"potentialAction\":[{\"@type\":\"ReadAction\",\"target\":[\"https:\/\/kapitalis.com\/tunisie\/2025\/01\/23\/tunisie-mobilisation-pour-sonia-dahmani-et-appels-a-sa-liberation\/\"]}]},{\"@type\":\"ImageObject\",\"inLanguage\":\"fr-FR\",\"@id\":\"https:\/\/kapitalis.com\/tunisie\/2025\/01\/23\/tunisie-mobilisation-pour-sonia-dahmani-et-appels-a-sa-liberation\/#primaryimage\",\"url\":\"https:\/\/kapitalis.com\/tunisie\/wp-content\/uploads\/2025\/01\/Sonia-Dahmani-1.jpg\",\"contentUrl\":\"https:\/\/kapitalis.com\/tunisie\/wp-content\/uploads\/2025\/01\/Sonia-Dahmani-1.jpg\",\"width\":1200,\"height\":630},{\"@type\":\"BreadcrumbList\",\"@id\":\"https:\/\/kapitalis.com\/tunisie\/2025\/01\/23\/tunisie-mobilisation-pour-sonia-dahmani-et-appels-a-sa-liberation\/#breadcrumb\",\"itemListElement\":[{\"@type\":\"ListItem\",\"position\":1,\"name\":\"Accueil\",\"item\":\"https:\/\/kapitalis.com\/tunisie\/\"},{\"@type\":\"ListItem\",\"position\":2,\"name\":\"Tunisie : Mobilisation pour Sonia Dahmani et appels \u00e0 sa lib\u00e9ration\"}]},{\"@type\":\"WebSite\",\"@id\":\"https:\/\/kapitalis.com\/tunisie\/#website\",\"url\":\"https:\/\/kapitalis.com\/tunisie\/\",\"name\":\"Kapitalis\",\"description\":\"L&#039;actualit\u00e9 en Tunisie et dans le monde\",\"publisher\":{\"@id\":\"https:\/\/kapitalis.com\/tunisie\/#organization\"},\"potentialAction\":[{\"@type\":\"SearchAction\",\"target\":{\"@type\":\"EntryPoint\",\"urlTemplate\":\"https:\/\/kapitalis.com\/tunisie\/?s={search_term_string}\"},\"query-input\":{\"@type\":\"PropertyValueSpecification\",\"valueRequired\":true,\"valueName\":\"search_term_string\"}}],\"inLanguage\":\"fr-FR\"},{\"@type\":\"Organization\",\"@id\":\"https:\/\/kapitalis.com\/tunisie\/#organization\",\"name\":\"Kapitalis\",\"url\":\"https:\/\/kapitalis.com\/tunisie\/\",\"logo\":{\"@type\":\"ImageObject\",\"inLanguage\":\"fr-FR\",\"@id\":\"https:\/\/kapitalis.com\/tunisie\/#\/schema\/logo\/image\/\",\"url\":\"https:\/\/kapitalis.com\/tunisie\/wp-content\/uploads\/2022\/05\/Kapitalis-big-size.png\",\"contentUrl\":\"https:\/\/kapitalis.com\/tunisie\/wp-content\/uploads\/2022\/05\/Kapitalis-big-size.png\",\"width\":5000,\"height\":1500,\"caption\":\"Kapitalis\"},\"image\":{\"@id\":\"https:\/\/kapitalis.com\/tunisie\/#\/schema\/logo\/image\/\"},\"sameAs\":[\"https:\/\/www.facebook.com\/KapitalisInfo\/\",\"https:\/\/x.com\/KapitalisInfo\",\"https:\/\/www.youtube.com\/channel\/UC-yDYrHyfFBWWZaOw3FPg9Q\"]},{\"@type\":\"Person\",\"@id\":\"https:\/\/kapitalis.com\/tunisie\/#\/schema\/person\/74bbde0154d49d790a92aaeac5bc01d5\",\"name\":\"Yusra NY\",\"url\":\"https:\/\/kapitalis.com\/tunisie\/author\/yuza_adam\/\"}]}<\/script>\n<!-- \/ Yoast SEO plugin. -->","yoast_head_json":{"title":"Tunisie : Mobilisation pour Sonia Dahmani et appels \u00e0 sa lib\u00e9ration - Kapitalis","robots":{"index":"index","follow":"follow","max-snippet":"max-snippet:-1","max-image-preview":"max-image-preview:large","max-video-preview":"max-video-preview:-1"},"canonical":"https:\/\/kapitalis.com\/tunisie\/2025\/01\/23\/tunisie-mobilisation-pour-sonia-dahmani-et-appels-a-sa-liberation\/","og_locale":"fr_FR","og_type":"article","og_title":"Tunisie : Mobilisation pour Sonia Dahmani et appels \u00e0 sa lib\u00e9ration - Kapitalis","og_description":"Alors que le verdict en appel pour l\u2019avocate et chroniqueuse Sonia Dahmani est attendu demain vendredi 24 janvier 2025, soci\u00e9t\u00e9 civile, dirigeants politiques, avocats et journalistes se mobilisent pour elle et appellent \u00e0 sa lib\u00e9ration.","og_url":"https:\/\/kapitalis.com\/tunisie\/2025\/01\/23\/tunisie-mobilisation-pour-sonia-dahmani-et-appels-a-sa-liberation\/","og_site_name":"Kapitalis","article_publisher":"https:\/\/www.facebook.com\/KapitalisInfo\/","article_published_time":"2025-01-23T21:01:20+00:00","article_modified_time":"2025-01-23T21:03:01+00:00","og_image":[{"width":1200,"height":630,"url":"https:\/\/kapitalis.com\/tunisie\/wp-content\/uploads\/2025\/01\/Sonia-Dahmani-1.jpg","type":"image\/jpeg"}],"author":"Yusra NY","twitter_card":"summary_large_image","twitter_creator":"@KapitalisInfo","twitter_site":"@KapitalisInfo","twitter_misc":{"\u00c9crit par":"Yusra NY","Dur\u00e9e de lecture estim\u00e9e":"2 minutes"},"schema":{"@context":"https:\/\/schema.org","@graph":[{"@type":"Article","@id":"https:\/\/kapitalis.com\/tunisie\/2025\/01\/23\/tunisie-mobilisation-pour-sonia-dahmani-et-appels-a-sa-liberation\/#article","isPartOf":{"@id":"https:\/\/kapitalis.com\/tunisie\/2025\/01\/23\/tunisie-mobilisation-pour-sonia-dahmani-et-appels-a-sa-liberation\/"},"author":{"name":"Yusra NY","@id":"https:\/\/kapitalis.com\/tunisie\/#\/schema\/person\/74bbde0154d49d790a92aaeac5bc01d5"},"headline":"Tunisie : Mobilisation pour Sonia Dahmani et appels \u00e0 sa lib\u00e9ration","datePublished":"2025-01-23T21:01:20+00:00","dateModified":"2025-01-23T21:03:01+00:00","mainEntityOfPage":{"@id":"https:\/\/kapitalis.com\/tunisie\/2025\/01\/23\/tunisie-mobilisation-pour-sonia-dahmani-et-appels-a-sa-liberation\/"},"wordCount":198,"commentCount":0,"publisher":{"@id":"https:\/\/kapitalis.com\/tunisie\/#organization"},"image":{"@id":"https:\/\/kapitalis.com\/tunisie\/2025\/01\/23\/tunisie-mobilisation-pour-sonia-dahmani-et-appels-a-sa-liberation\/#primaryimage"},"thumbnailUrl":"https:\/\/kapitalis.com\/tunisie\/wp-content\/uploads\/2025\/01\/Sonia-Dahmani-1.jpg","keywords":["cour d'appel","prison","sonia dahmani","Tunisie","verdict"],"articleSection":["POLITIQUE","SOCIETE","Tunisie"],"inLanguage":"fr-FR","potentialAction":[{"@type":"CommentAction","name":"Comment","target":["https:\/\/kapitalis.com\/tunisie\/2025\/01\/23\/tunisie-mobilisation-pour-sonia-dahmani-et-appels-a-sa-liberation\/#respond"]}]},{"@type":"WebPage","@id":"https:\/\/kapitalis.com\/tunisie\/2025\/01\/23\/tunisie-mobilisation-pour-sonia-dahmani-et-appels-a-sa-liberation\/","url":"https:\/\/kapitalis.com\/tunisie\/2025\/01\/23\/tunisie-mobilisation-pour-sonia-dahmani-et-appels-a-sa-liberation\/","name":"Tunisie : Mobilisation pour Sonia Dahmani et appels \u00e0 sa lib\u00e9ration - Kapitalis","isPartOf":{"@id":"https:\/\/kapitalis.com\/tunisie\/#website"},"primaryImageOfPage":{"@id":"https:\/\/kapitalis.com\/tunisie\/2025\/01\/23\/tunisie-mobilisation-pour-sonia-dahmani-et-appels-a-sa-liberation\/#primaryimage"},"image":{"@id":"https:\/\/kapitalis.com\/tunisie\/2025\/01\/23\/tunisie-mobilisation-pour-sonia-dahmani-et-appels-a-sa-liberation\/#primaryimage"},"thumbnailUrl":"https:\/\/kapitalis.com\/tunisie\/wp-content\/uploads\/2025\/01\/Sonia-Dahmani-1.jpg","datePublished":"2025-01-23T21:01:20+00:00","dateModified":"2025-01-23T21:03:01+00:00","breadcrumb":{"@id":"https:\/\/kapitalis.com\/tunisie\/2025\/01\/23\/tunisie-mobilisation-pour-sonia-dahmani-et-appels-a-sa-liberation\/#breadcrumb"},"inLanguage":"fr-FR","potentialAction":[{"@type":"ReadAction","target":["https:\/\/kapitalis.com\/tunisie\/2025\/01\/23\/tunisie-mobilisation-pour-sonia-dahmani-et-appels-a-sa-liberation\/"]}]},{"@type":"ImageObject","inLanguage":"fr-FR","@id":"https:\/\/kapitalis.com\/tunisie\/2025\/01\/23\/tunisie-mobilisation-pour-sonia-dahmani-et-appels-a-sa-liberation\/#primaryimage","url":"https:\/\/kapitalis.com\/tunisie\/wp-content\/uploads\/2025\/01\/Sonia-Dahmani-1.jpg","contentUrl":"https:\/\/kapitalis.com\/tunisie\/wp-content\/uploads\/2025\/01\/Sonia-Dahmani-1.jpg","width":1200,"height":630},{"@type":"BreadcrumbList","@id":"https:\/\/kapitalis.com\/tunisie\/2025\/01\/23\/tunisie-mobilisation-pour-sonia-dahmani-et-appels-a-sa-liberation\/#breadcrumb","itemListElement":[{"@type":"ListItem","position":1,"name":"Accueil","item":"https:\/\/kapitalis.com\/tunisie\/"},{"@type":"ListItem","position":2,"name":"Tunisie : Mobilisation pour Sonia Dahmani et appels \u00e0 sa lib\u00e9ration"}]},{"@type":"WebSite","@id":"https:\/\/kapitalis.com\/tunisie\/#website","url":"https:\/\/kapitalis.com\/tunisie\/","name":"Kapitalis","description":"L&#039;actualit\u00e9 en Tunisie et dans le monde","publisher":{"@id":"https:\/\/kapitalis.com\/tunisie\/#organization"},"potentialAction":[{"@type":"SearchAction","target":{"@type":"EntryPoint","urlTemplate":"https:\/\/kapitalis.com\/tunisie\/?s={search_term_string}"},"query-input":{"@type":"PropertyValueSpecification","valueRequired":true,"valueName":"search_term_string"}}],"inLanguage":"fr-FR"},{"@type":"Organization","@id":"https:\/\/kapitalis.com\/tunisie\/#organization","name":"Kapitalis","url":"https:\/\/kapitalis.com\/tunisie\/","logo":{"@type":"ImageObject","inLanguage":"fr-FR","@id":"https:\/\/kapitalis.com\/tunisie\/#\/schema\/logo\/image\/","url":"https:\/\/kapitalis.com\/tunisie\/wp-content\/uploads\/2022\/05\/Kapitalis-big-size.png","contentUrl":"https:\/\/kapitalis.com\/tunisie\/wp-content\/uploads\/2022\/05\/Kapitalis-big-size.png","width":5000,"height":1500,"caption":"Kapitalis"},"image":{"@id":"https:\/\/kapitalis.com\/tunisie\/#\/schema\/logo\/image\/"},"sameAs":["https:\/\/www.facebook.com\/KapitalisInfo\/","https:\/\/x.com\/KapitalisInfo","https:\/\/www.youtube.com\/channel\/UC-yDYrHyfFBWWZaOw3FPg9Q"]},{"@type":"Person","@id":"https:\/\/kapitalis.com\/tunisie\/#\/schema\/person\/74bbde0154d49d790a92aaeac5bc01d5","name":"Yusra NY","url":"https:\/\/kapitalis.com\/tunisie\/author\/yuza_adam\/"}]}},"_links":{"self":[{"href":"https:\/\/kapitalis.com\/tunisie\/wp-json\/wp\/v2\/posts\/15268215","targetHints":{"allow":["GET"]}}],"collection":[{"href":"https:\/\/kapitalis.com\/tunisie\/wp-json\/wp\/v2\/posts"}],"about":[{"href":"https:\/\/kapitalis.com\/tunisie\/wp-json\/wp\/v2\/types\/post"}],"author":[{"embeddable":true,"href":"https:\/\/kapitalis.com\/tunisie\/wp-json\/wp\/v2\/users\/6"}],"replies":[{"embeddable":true,"href":"https:\/\/kapitalis.com\/tunisie\/wp-json\/wp\/v2\/comments?post=15268215"}],"version-history":[{"count":2,"href":"https:\/\/kapitalis.com\/tunisie\/wp-json\/wp\/v2\/posts\/15268215\/revisions"}],"predecessor-version":[{"id":15268320,"href":"https:\/\/kapitalis.com\/tunisie\/wp-json\/wp\/v2\/posts\/15268215\/revisions\/15268320"}],"wp:featuredmedia":[{"embeddable":true,"href":"https:\/\/kapitalis.com\/tunisie\/wp-json\/wp\/v2\/media\/15268309"}],"wp:attachment":[{"href":"https:\/\/kapitalis.com\/tunisie\/wp-json\/wp\/v2\/media?parent=15268215"}],"wp:term":[{"taxonomy":"category","embeddable":true,"href":"https:\/\/kapitalis.com\/tunisie\/wp-json\/wp\/v2\/categories?post=15268215"},{"taxonomy":"post_tag","embeddable":true,"href":"https:\/\/kapitalis.com\/tunisie\/wp-json\/wp\/v2\/tags?post=15268215"}],"curies":[{"name":"wp","href":"https:\/\/api.w.org\/{rel}","templated":true}]}}