{"id":15270640,"date":"2025-01-24T11:01:49","date_gmt":"2025-01-24T10:01:49","guid":{"rendered":"https:\/\/kapitalis.com\/tunisie\/?p=15270640"},"modified":"2025-01-24T11:01:51","modified_gmt":"2025-01-24T10:01:51","slug":"la-fin-du-reve-americain-ou-le-cauchemar-de-la-statue-de-la-liberte","status":"publish","type":"post","link":"https:\/\/kapitalis.com\/tunisie\/2025\/01\/24\/la-fin-du-reve-americain-ou-le-cauchemar-de-la-statue-de-la-liberte\/","title":{"rendered":"La fin du r\u00eave am\u00e9ricain ou le cauchemar de la Statue de la Libert\u00e9"},"content":{"rendered":"\n<p><strong><em>L\u2019av\u00e8nement de Donald Trump \u00e0 la pr\u00e9sidence des Etats-Unis annonce le triomphe du repli identitaire, de l\u2019isolationnisme et de l\u2019abandon des id\u00e9aux qui jadis faisaient la grandeur de l\u2019Am\u00e9rique&nbsp;: libert\u00e9, \u00e9galit\u00e9 et dignit\u00e9.<\/em><\/strong><\/p>\n\n\n\n<p><strong>Kh\u00e9ma\u00efs Gharbi *<\/strong><\/p>\n\n\n\n<!--more-->\n\n\n<div class=\"wp-block-image\">\n<figure class=\"alignleft size-full\"><img loading=\"lazy\" decoding=\"async\" width=\"200\" height=\"200\" src=\"https:\/\/kapitalis.com\/tunisie\/wp-content\/uploads\/2024\/11\/Khemais-Gharbi.jpg\" alt=\"\" class=\"wp-image-14682166\" srcset=\"https:\/\/kapitalis.com\/tunisie\/wp-content\/uploads\/2024\/11\/Khemais-Gharbi.jpg 200w, https:\/\/kapitalis.com\/tunisie\/wp-content\/uploads\/2024\/11\/Khemais-Gharbi-150x150.jpg 150w, https:\/\/kapitalis.com\/tunisie\/wp-content\/uploads\/2024\/11\/Khemais-Gharbi-120x120.jpg 120w\" sizes=\"auto, (max-width: 200px) 100vw, 200px\" \/><\/figure>\n<\/div>\n\n\n<p>Sous un ciel lourd, oppressant, charg\u00e9 de nuages sombres qui semblent presser l\u2019horizon, elle marche. Elle a d\u00e9j\u00e0 quitt\u00e9 les rivages de Manhattan. La Statue de la Libert\u00e9, ce monument d\u2019espoir et de grandeur, avance lentement, une valise dans chaque main, symbole muet d\u2019un exil qu\u2019on n\u2019aurait jamais cru possible. Elle s\u2019\u00e9loigne de ce qui fut son royaume, son sanctuaire, ce port o\u00f9 tant d\u2019hommes, de femmes et d\u2019enfants ont cru voir leur salut. Aujourd\u2019hui, pourtant, elle part. Cette image attribu\u00e9e \u00e0 Banksy est une d\u00e9chirure. Elle n\u2019est pas seulement une all\u00e9gorie, elle est un avertissement br\u00fblant.<\/p>\n\n\n\n<h2 class=\"wp-block-heading\">Une valeur universelle abandonn\u00e9e<\/h2>\n\n\n\n<p>Son visage, bien que fig\u00e9 dans le bronze, semble charg\u00e9 d\u2019une m\u00e9lancolie insoutenable. Car cette libert\u00e9-l\u00e0 n\u2019a jamais appartenu \u00e0 une seule nation. Elle parlait \u00e0 tous : aux sans-papiers, aux sans-patrie, aux sans-voix, aux sans-avenir. \u00c0 ceux qui, \u00e0 bout de force, levaient les yeux vers elle et y trouvaient une promesse. <em>\u00abDonnez-moi vos pauvres, vos ext\u00e9nu\u00e9s, vos masses accabl\u00e9es aspirant \u00e0 respirer libres\u00bb<\/em>, disait-elle depuis le port de New York. <em>\u00abEnvoyez-les-moi, les sans-abri, les rejet\u00e9s par la temp\u00eate. Je l\u00e8ve ma lampe pr\u00e8s de la porte dor\u00e9e.\u00bb<\/em><\/p>\n\n\n\n<p>Ces mots grav\u00e9s \u00e0 son pied sont devenus un cri universel d\u2019accueil et d\u2019espoir. Mais aujourd\u2019hui, ces promesses r\u00e9sonnent comme un \u00e9cho lointain, fragilis\u00e9 par les vents contraires : ceux de l\u2019indiff\u00e9rence, de l\u2019isolationnisme, et de l\u2019abandon des id\u00e9aux qui jadis faisaient la grandeur de l\u2019Am\u00e9rique.<\/p>\n\n\n\n<h2 class=\"wp-block-heading\">Quand la libert\u00e9 se monnaie en bitcoins<\/h2>\n\n\n\n<p>Elle s\u2019\u00e9loigne donc, et son d\u00e9part r\u00e9sonne comme une gifle. Elle marche, non pas parce qu\u2019elle a renonc\u00e9, mais parce qu\u2019elle ne se reconna\u00eet plus ici. Les valeurs qu\u2019elle portait \u2013 libert\u00e9, \u00e9galit\u00e9, dignit\u00e9 \u2013 sont devenues des slogans vid\u00e9s de leur sens, des mots que l\u2019on agite pour mieux les ignorer. Pire encore, des penseurs \u00e0 courte vue s\u2019efforcent de remplacer ces grandes valeurs spirituelles, fond\u00e9es sur l\u2019humanit\u00e9 et la solidarit\u00e9, par des valeurs bassement mercantiles. Et lorsque m\u00eame celles-ci semblent insuffisantes, on les r\u00e9duit \u00e0 des abstractions num\u00e9riques, des libert\u00e9s en bitcoins qui n\u2019ont plus de chair ni d\u2019\u00e2me. Son pi\u00e9destal, laiss\u00e9 vide, n\u2019est plus qu\u2019un vestige. Un symbole creux, perdu dans le tumulte d\u2019une soci\u00e9t\u00e9 d\u00e9chir\u00e9e par ses propres contradictions.<\/p>\n\n\n\n<p>La libert\u00e9 qui s\u2019\u00e9loigne des rivages am\u00e9ricains, jadis accueillants et hospitaliers, n\u2019est pas en col\u00e8re. Elle n\u2019est pas l\u00e0 pour juger. Son d\u00e9part est un acte de d\u00e9sespoir, mais aussi de lucidit\u00e9. Elle sait qu\u2019elle n\u2019a jamais \u00e9t\u00e9 acquise. Elle \u00e9tait une promesse, un id\u00e9al fragile qu\u2019il fallait prot\u00e9ger, nourrir, r\u00e9inventer sans cesse. Mais nous l\u2019avons oubli\u00e9e. Nous l\u2019avons r\u00e9duite \u00e0 une ic\u00f4ne statique, alors qu\u2019elle \u00e9tait vivante. Nous avons cess\u00e9 d\u2019\u00e9couter son message.<\/p>\n\n\n\n<h2 class=\"wp-block-heading\">Un signal pour r\u00e9inventer la libert\u00e9<\/h2>\n\n\n\n<p>Et pourtant, je persiste \u00e0 croire que son d\u00e9part n\u2019est pas une fin. Il est un avertissement, mais aussi une invitation \u00e0 r\u00e9inventer ce qu\u2019elle symbolise. En quittant son socle, elle ne fait pas que d\u00e9noncer nos \u00e9checs: elle nous pousse \u00e0 imaginer un nouvel avenir, une nouvelle mani\u00e8re d\u2019incarner la libert\u00e9. Peut-\u00eatre son message n\u2019est-il pas destin\u00e9 \u00e0 l\u2019Am\u00e9rique seule. Peut-\u00eatre est-il un appel adress\u00e9 \u00e0 toutes les nations, \u00e0 toutes les consciences, pour construire un monde o\u00f9 ces id\u00e9aux ne sont plus enferm\u00e9s dans le bronze, mais v\u00e9cus au quotidien.<\/p>\n\n\n\n<p>La libert\u00e9 ne demande pas de revenir \u00e0 un pass\u00e9 id\u00e9alis\u00e9. Elle nous rappelle qu\u2019elle est vivante, qu\u2019elle \u00e9volue, qu\u2019elle se r\u00e9invente sans cesse. Les d\u00e9fis d\u2019aujourd\u2019hui \u2013 in\u00e9galit\u00e9s criantes, menaces climatiques, r\u00e9volutions num\u00e9riques, repli identitaire \u2013 ne peuvent \u00eatre surmont\u00e9s qu\u2019en red\u00e9finissant ce que la libert\u00e9 signifie. Elle n\u2019est pas un privil\u00e8ge individuel, mais une responsabilit\u00e9 collective.<\/p>\n\n\n\n<p>Son d\u00e9part, au fond, n\u2019est pas une fuite mais un passage de relais. En laissant derri\u00e8re elle son pi\u00e9destal vide, elle nous confie la t\u00e2che de prendre sa place, de porter son flambeau. \u00catre libre ne se limite pas \u00e0 proclamer des droits; c\u2019est aussi accepter les devoirs qui en d\u00e9coulent: prot\u00e9ger les plus vuln\u00e9rables, b\u00e2tir des ponts l\u00e0 o\u00f9 d\u2019autres \u00e9rigent des murs, et ne jamais cesser de croire en la possibilit\u00e9 d\u2019un avenir meilleur. Ainsi, son exil n\u2019est pas un adieu, mais une pri\u00e8re silencieuse : que nous trouvions en nous la force de raviver la flamme qu\u2019elle portait. Le r\u00eave am\u00e9ricain, comme tous les r\u00eaves, ne peut survivre que si nous le faisons vivre. Et la Libert\u00e9, o\u00f9 qu\u2019elle aille, continuera de nous appeler, jusqu\u2019\u00e0 ce que nous r\u00e9pondions.<\/p>\n\n\n\n<p><em>* Ecrivain et traducteur.<\/em> <\/p>\n","protected":false},"excerpt":{"rendered":"<p>Donald Trump \u00e0 la Maison blanche annonce le triomphe du repli identitaire, de l\u2019isolationnisme et de l\u2019abandon des id\u00e9aux ayant fait la grandeur de l\u2019Am\u00e9rique. <\/p>\n","protected":false},"author":8,"featured_media":15270656,"comment_status":"open","ping_status":"open","sticky":false,"template":"","format":"standard","meta":{"footnotes":""},"categories":[992,1000,2433],"tags":[9054,75918,120313,120315,94424,120314],"class_list":["post-15270640","post","type-post","status-publish","format-standard","has-post-thumbnail","hentry","category-a-la-une","category-tribune","category-tunisie","tag-donald-trump","tag-etats-unis-2","tag-isolationnisme","tag-mercantilisme","tag-repli-identitaire","tag-statue-de-la-liberte"],"yoast_head":"<!-- This site is optimized with the Yoast SEO plugin v26.6 - https:\/\/yoast.com\/wordpress\/plugins\/seo\/ -->\n<title>La fin du r\u00eave am\u00e9ricain ou le cauchemar de la Statue de la Libert\u00e9 - Kapitalis<\/title>\n<meta name=\"robots\" content=\"index, follow, max-snippet:-1, max-image-preview:large, max-video-preview:-1\" \/>\n<link rel=\"canonical\" href=\"https:\/\/kapitalis.com\/tunisie\/2025\/01\/24\/la-fin-du-reve-americain-ou-le-cauchemar-de-la-statue-de-la-liberte\/\" \/>\n<meta property=\"og:locale\" content=\"fr_FR\" \/>\n<meta property=\"og:type\" content=\"article\" \/>\n<meta property=\"og:title\" content=\"La fin du r\u00eave am\u00e9ricain ou le cauchemar de la Statue de la Libert\u00e9 - Kapitalis\" \/>\n<meta property=\"og:description\" content=\"Donald Trump \u00e0 la Maison blanche annonce le triomphe du repli identitaire, de l\u2019isolationnisme et de l\u2019abandon des id\u00e9aux ayant fait la grandeur de l\u2019Am\u00e9rique.\" \/>\n<meta property=\"og:url\" content=\"https:\/\/kapitalis.com\/tunisie\/2025\/01\/24\/la-fin-du-reve-americain-ou-le-cauchemar-de-la-statue-de-la-liberte\/\" \/>\n<meta property=\"og:site_name\" content=\"Kapitalis\" \/>\n<meta property=\"article:publisher\" content=\"https:\/\/www.facebook.com\/KapitalisInfo\/\" \/>\n<meta property=\"article:published_time\" content=\"2025-01-24T10:01:49+00:00\" \/>\n<meta property=\"article:modified_time\" content=\"2025-01-24T10:01:51+00:00\" \/>\n<meta property=\"og:image\" content=\"https:\/\/kapitalis.com\/tunisie\/wp-content\/uploads\/2025\/01\/Trump-Statut-de-la-Liberte.jpg\" \/>\n\t<meta property=\"og:image:width\" content=\"1200\" \/>\n\t<meta property=\"og:image:height\" content=\"630\" \/>\n\t<meta property=\"og:image:type\" content=\"image\/jpeg\" \/>\n<meta name=\"author\" content=\"webmaster kapitalis\" \/>\n<meta name=\"twitter:card\" content=\"summary_large_image\" \/>\n<meta name=\"twitter:creator\" content=\"@KapitalisInfo\" \/>\n<meta name=\"twitter:site\" content=\"@KapitalisInfo\" \/>\n<meta name=\"twitter:label1\" content=\"\u00c9crit par\" \/>\n\t<meta name=\"twitter:data1\" content=\"webmaster kapitalis\" \/>\n\t<meta name=\"twitter:label2\" content=\"Dur\u00e9e de lecture estim\u00e9e\" \/>\n\t<meta name=\"twitter:data2\" content=\"5 minutes\" \/>\n<script type=\"application\/ld+json\" class=\"yoast-schema-graph\">{\"@context\":\"https:\/\/schema.org\",\"@graph\":[{\"@type\":\"Article\",\"@id\":\"https:\/\/kapitalis.com\/tunisie\/2025\/01\/24\/la-fin-du-reve-americain-ou-le-cauchemar-de-la-statue-de-la-liberte\/#article\",\"isPartOf\":{\"@id\":\"https:\/\/kapitalis.com\/tunisie\/2025\/01\/24\/la-fin-du-reve-americain-ou-le-cauchemar-de-la-statue-de-la-liberte\/\"},\"author\":{\"name\":\"webmaster kapitalis\",\"@id\":\"https:\/\/kapitalis.com\/tunisie\/#\/schema\/person\/d71f33a9ca44f7bad4698210b480c8e9\"},\"headline\":\"La fin du r\u00eave am\u00e9ricain ou le cauchemar de la Statue de la Libert\u00e9\",\"datePublished\":\"2025-01-24T10:01:49+00:00\",\"dateModified\":\"2025-01-24T10:01:51+00:00\",\"mainEntityOfPage\":{\"@id\":\"https:\/\/kapitalis.com\/tunisie\/2025\/01\/24\/la-fin-du-reve-americain-ou-le-cauchemar-de-la-statue-de-la-liberte\/\"},\"wordCount\":905,\"commentCount\":2,\"publisher\":{\"@id\":\"https:\/\/kapitalis.com\/tunisie\/#organization\"},\"image\":{\"@id\":\"https:\/\/kapitalis.com\/tunisie\/2025\/01\/24\/la-fin-du-reve-americain-ou-le-cauchemar-de-la-statue-de-la-liberte\/#primaryimage\"},\"thumbnailUrl\":\"https:\/\/kapitalis.com\/tunisie\/wp-content\/uploads\/2025\/01\/Trump-Statut-de-la-Liberte.jpg\",\"keywords\":[\"Donald Trump\",\"Etats-Unis\",\"isolationnisme\",\"mercantilisme\",\"repli identitaire\",\"Statue de la Libert\u00e9\"],\"articleSection\":[\"A LA UNE\",\"TRIBUNE\",\"Tunisie\"],\"inLanguage\":\"fr-FR\",\"potentialAction\":[{\"@type\":\"CommentAction\",\"name\":\"Comment\",\"target\":[\"https:\/\/kapitalis.com\/tunisie\/2025\/01\/24\/la-fin-du-reve-americain-ou-le-cauchemar-de-la-statue-de-la-liberte\/#respond\"]}]},{\"@type\":\"WebPage\",\"@id\":\"https:\/\/kapitalis.com\/tunisie\/2025\/01\/24\/la-fin-du-reve-americain-ou-le-cauchemar-de-la-statue-de-la-liberte\/\",\"url\":\"https:\/\/kapitalis.com\/tunisie\/2025\/01\/24\/la-fin-du-reve-americain-ou-le-cauchemar-de-la-statue-de-la-liberte\/\",\"name\":\"La fin du r\u00eave am\u00e9ricain ou le cauchemar de la Statue de la Libert\u00e9 - Kapitalis\",\"isPartOf\":{\"@id\":\"https:\/\/kapitalis.com\/tunisie\/#website\"},\"primaryImageOfPage\":{\"@id\":\"https:\/\/kapitalis.com\/tunisie\/2025\/01\/24\/la-fin-du-reve-americain-ou-le-cauchemar-de-la-statue-de-la-liberte\/#primaryimage\"},\"image\":{\"@id\":\"https:\/\/kapitalis.com\/tunisie\/2025\/01\/24\/la-fin-du-reve-americain-ou-le-cauchemar-de-la-statue-de-la-liberte\/#primaryimage\"},\"thumbnailUrl\":\"https:\/\/kapitalis.com\/tunisie\/wp-content\/uploads\/2025\/01\/Trump-Statut-de-la-Liberte.jpg\",\"datePublished\":\"2025-01-24T10:01:49+00:00\",\"dateModified\":\"2025-01-24T10:01:51+00:00\",\"breadcrumb\":{\"@id\":\"https:\/\/kapitalis.com\/tunisie\/2025\/01\/24\/la-fin-du-reve-americain-ou-le-cauchemar-de-la-statue-de-la-liberte\/#breadcrumb\"},\"inLanguage\":\"fr-FR\",\"potentialAction\":[{\"@type\":\"ReadAction\",\"target\":[\"https:\/\/kapitalis.com\/tunisie\/2025\/01\/24\/la-fin-du-reve-americain-ou-le-cauchemar-de-la-statue-de-la-liberte\/\"]}]},{\"@type\":\"ImageObject\",\"inLanguage\":\"fr-FR\",\"@id\":\"https:\/\/kapitalis.com\/tunisie\/2025\/01\/24\/la-fin-du-reve-americain-ou-le-cauchemar-de-la-statue-de-la-liberte\/#primaryimage\",\"url\":\"https:\/\/kapitalis.com\/tunisie\/wp-content\/uploads\/2025\/01\/Trump-Statut-de-la-Liberte.jpg\",\"contentUrl\":\"https:\/\/kapitalis.com\/tunisie\/wp-content\/uploads\/2025\/01\/Trump-Statut-de-la-Liberte.jpg\",\"width\":1200,\"height\":630},{\"@type\":\"BreadcrumbList\",\"@id\":\"https:\/\/kapitalis.com\/tunisie\/2025\/01\/24\/la-fin-du-reve-americain-ou-le-cauchemar-de-la-statue-de-la-liberte\/#breadcrumb\",\"itemListElement\":[{\"@type\":\"ListItem\",\"position\":1,\"name\":\"Accueil\",\"item\":\"https:\/\/kapitalis.com\/tunisie\/\"},{\"@type\":\"ListItem\",\"position\":2,\"name\":\"La fin du r\u00eave am\u00e9ricain ou le cauchemar de la Statue de la Libert\u00e9\"}]},{\"@type\":\"WebSite\",\"@id\":\"https:\/\/kapitalis.com\/tunisie\/#website\",\"url\":\"https:\/\/kapitalis.com\/tunisie\/\",\"name\":\"Kapitalis\",\"description\":\"L&#039;actualit\u00e9 en Tunisie et dans le monde\",\"publisher\":{\"@id\":\"https:\/\/kapitalis.com\/tunisie\/#organization\"},\"potentialAction\":[{\"@type\":\"SearchAction\",\"target\":{\"@type\":\"EntryPoint\",\"urlTemplate\":\"https:\/\/kapitalis.com\/tunisie\/?s={search_term_string}\"},\"query-input\":{\"@type\":\"PropertyValueSpecification\",\"valueRequired\":true,\"valueName\":\"search_term_string\"}}],\"inLanguage\":\"fr-FR\"},{\"@type\":\"Organization\",\"@id\":\"https:\/\/kapitalis.com\/tunisie\/#organization\",\"name\":\"Kapitalis\",\"url\":\"https:\/\/kapitalis.com\/tunisie\/\",\"logo\":{\"@type\":\"ImageObject\",\"inLanguage\":\"fr-FR\",\"@id\":\"https:\/\/kapitalis.com\/tunisie\/#\/schema\/logo\/image\/\",\"url\":\"https:\/\/kapitalis.com\/tunisie\/wp-content\/uploads\/2022\/05\/Kapitalis-big-size.png\",\"contentUrl\":\"https:\/\/kapitalis.com\/tunisie\/wp-content\/uploads\/2022\/05\/Kapitalis-big-size.png\",\"width\":5000,\"height\":1500,\"caption\":\"Kapitalis\"},\"image\":{\"@id\":\"https:\/\/kapitalis.com\/tunisie\/#\/schema\/logo\/image\/\"},\"sameAs\":[\"https:\/\/www.facebook.com\/KapitalisInfo\/\",\"https:\/\/x.com\/KapitalisInfo\",\"https:\/\/www.youtube.com\/channel\/UC-yDYrHyfFBWWZaOw3FPg9Q\"]},{\"@type\":\"Person\",\"@id\":\"https:\/\/kapitalis.com\/tunisie\/#\/schema\/person\/d71f33a9ca44f7bad4698210b480c8e9\",\"name\":\"webmaster kapitalis\",\"url\":\"https:\/\/kapitalis.com\/tunisie\/author\/webmaster-kapitalis\/\"}]}<\/script>\n<!-- \/ Yoast SEO plugin. -->","yoast_head_json":{"title":"La fin du r\u00eave am\u00e9ricain ou le cauchemar de la Statue de la Libert\u00e9 - Kapitalis","robots":{"index":"index","follow":"follow","max-snippet":"max-snippet:-1","max-image-preview":"max-image-preview:large","max-video-preview":"max-video-preview:-1"},"canonical":"https:\/\/kapitalis.com\/tunisie\/2025\/01\/24\/la-fin-du-reve-americain-ou-le-cauchemar-de-la-statue-de-la-liberte\/","og_locale":"fr_FR","og_type":"article","og_title":"La fin du r\u00eave am\u00e9ricain ou le cauchemar de la Statue de la Libert\u00e9 - Kapitalis","og_description":"Donald Trump \u00e0 la Maison blanche annonce le triomphe du repli identitaire, de l\u2019isolationnisme et de l\u2019abandon des id\u00e9aux ayant fait la grandeur de l\u2019Am\u00e9rique.","og_url":"https:\/\/kapitalis.com\/tunisie\/2025\/01\/24\/la-fin-du-reve-americain-ou-le-cauchemar-de-la-statue-de-la-liberte\/","og_site_name":"Kapitalis","article_publisher":"https:\/\/www.facebook.com\/KapitalisInfo\/","article_published_time":"2025-01-24T10:01:49+00:00","article_modified_time":"2025-01-24T10:01:51+00:00","og_image":[{"width":1200,"height":630,"url":"https:\/\/kapitalis.com\/tunisie\/wp-content\/uploads\/2025\/01\/Trump-Statut-de-la-Liberte.jpg","type":"image\/jpeg"}],"author":"webmaster kapitalis","twitter_card":"summary_large_image","twitter_creator":"@KapitalisInfo","twitter_site":"@KapitalisInfo","twitter_misc":{"\u00c9crit par":"webmaster kapitalis","Dur\u00e9e de lecture estim\u00e9e":"5 minutes"},"schema":{"@context":"https:\/\/schema.org","@graph":[{"@type":"Article","@id":"https:\/\/kapitalis.com\/tunisie\/2025\/01\/24\/la-fin-du-reve-americain-ou-le-cauchemar-de-la-statue-de-la-liberte\/#article","isPartOf":{"@id":"https:\/\/kapitalis.com\/tunisie\/2025\/01\/24\/la-fin-du-reve-americain-ou-le-cauchemar-de-la-statue-de-la-liberte\/"},"author":{"name":"webmaster kapitalis","@id":"https:\/\/kapitalis.com\/tunisie\/#\/schema\/person\/d71f33a9ca44f7bad4698210b480c8e9"},"headline":"La fin du r\u00eave am\u00e9ricain ou le cauchemar de la Statue de la Libert\u00e9","datePublished":"2025-01-24T10:01:49+00:00","dateModified":"2025-01-24T10:01:51+00:00","mainEntityOfPage":{"@id":"https:\/\/kapitalis.com\/tunisie\/2025\/01\/24\/la-fin-du-reve-americain-ou-le-cauchemar-de-la-statue-de-la-liberte\/"},"wordCount":905,"commentCount":2,"publisher":{"@id":"https:\/\/kapitalis.com\/tunisie\/#organization"},"image":{"@id":"https:\/\/kapitalis.com\/tunisie\/2025\/01\/24\/la-fin-du-reve-americain-ou-le-cauchemar-de-la-statue-de-la-liberte\/#primaryimage"},"thumbnailUrl":"https:\/\/kapitalis.com\/tunisie\/wp-content\/uploads\/2025\/01\/Trump-Statut-de-la-Liberte.jpg","keywords":["Donald Trump","Etats-Unis","isolationnisme","mercantilisme","repli identitaire","Statue de la Libert\u00e9"],"articleSection":["A LA UNE","TRIBUNE","Tunisie"],"inLanguage":"fr-FR","potentialAction":[{"@type":"CommentAction","name":"Comment","target":["https:\/\/kapitalis.com\/tunisie\/2025\/01\/24\/la-fin-du-reve-americain-ou-le-cauchemar-de-la-statue-de-la-liberte\/#respond"]}]},{"@type":"WebPage","@id":"https:\/\/kapitalis.com\/tunisie\/2025\/01\/24\/la-fin-du-reve-americain-ou-le-cauchemar-de-la-statue-de-la-liberte\/","url":"https:\/\/kapitalis.com\/tunisie\/2025\/01\/24\/la-fin-du-reve-americain-ou-le-cauchemar-de-la-statue-de-la-liberte\/","name":"La fin du r\u00eave am\u00e9ricain ou le cauchemar de la Statue de la Libert\u00e9 - Kapitalis","isPartOf":{"@id":"https:\/\/kapitalis.com\/tunisie\/#website"},"primaryImageOfPage":{"@id":"https:\/\/kapitalis.com\/tunisie\/2025\/01\/24\/la-fin-du-reve-americain-ou-le-cauchemar-de-la-statue-de-la-liberte\/#primaryimage"},"image":{"@id":"https:\/\/kapitalis.com\/tunisie\/2025\/01\/24\/la-fin-du-reve-americain-ou-le-cauchemar-de-la-statue-de-la-liberte\/#primaryimage"},"thumbnailUrl":"https:\/\/kapitalis.com\/tunisie\/wp-content\/uploads\/2025\/01\/Trump-Statut-de-la-Liberte.jpg","datePublished":"2025-01-24T10:01:49+00:00","dateModified":"2025-01-24T10:01:51+00:00","breadcrumb":{"@id":"https:\/\/kapitalis.com\/tunisie\/2025\/01\/24\/la-fin-du-reve-americain-ou-le-cauchemar-de-la-statue-de-la-liberte\/#breadcrumb"},"inLanguage":"fr-FR","potentialAction":[{"@type":"ReadAction","target":["https:\/\/kapitalis.com\/tunisie\/2025\/01\/24\/la-fin-du-reve-americain-ou-le-cauchemar-de-la-statue-de-la-liberte\/"]}]},{"@type":"ImageObject","inLanguage":"fr-FR","@id":"https:\/\/kapitalis.com\/tunisie\/2025\/01\/24\/la-fin-du-reve-americain-ou-le-cauchemar-de-la-statue-de-la-liberte\/#primaryimage","url":"https:\/\/kapitalis.com\/tunisie\/wp-content\/uploads\/2025\/01\/Trump-Statut-de-la-Liberte.jpg","contentUrl":"https:\/\/kapitalis.com\/tunisie\/wp-content\/uploads\/2025\/01\/Trump-Statut-de-la-Liberte.jpg","width":1200,"height":630},{"@type":"BreadcrumbList","@id":"https:\/\/kapitalis.com\/tunisie\/2025\/01\/24\/la-fin-du-reve-americain-ou-le-cauchemar-de-la-statue-de-la-liberte\/#breadcrumb","itemListElement":[{"@type":"ListItem","position":1,"name":"Accueil","item":"https:\/\/kapitalis.com\/tunisie\/"},{"@type":"ListItem","position":2,"name":"La fin du r\u00eave am\u00e9ricain ou le cauchemar de la Statue de la Libert\u00e9"}]},{"@type":"WebSite","@id":"https:\/\/kapitalis.com\/tunisie\/#website","url":"https:\/\/kapitalis.com\/tunisie\/","name":"Kapitalis","description":"L&#039;actualit\u00e9 en Tunisie et dans le monde","publisher":{"@id":"https:\/\/kapitalis.com\/tunisie\/#organization"},"potentialAction":[{"@type":"SearchAction","target":{"@type":"EntryPoint","urlTemplate":"https:\/\/kapitalis.com\/tunisie\/?s={search_term_string}"},"query-input":{"@type":"PropertyValueSpecification","valueRequired":true,"valueName":"search_term_string"}}],"inLanguage":"fr-FR"},{"@type":"Organization","@id":"https:\/\/kapitalis.com\/tunisie\/#organization","name":"Kapitalis","url":"https:\/\/kapitalis.com\/tunisie\/","logo":{"@type":"ImageObject","inLanguage":"fr-FR","@id":"https:\/\/kapitalis.com\/tunisie\/#\/schema\/logo\/image\/","url":"https:\/\/kapitalis.com\/tunisie\/wp-content\/uploads\/2022\/05\/Kapitalis-big-size.png","contentUrl":"https:\/\/kapitalis.com\/tunisie\/wp-content\/uploads\/2022\/05\/Kapitalis-big-size.png","width":5000,"height":1500,"caption":"Kapitalis"},"image":{"@id":"https:\/\/kapitalis.com\/tunisie\/#\/schema\/logo\/image\/"},"sameAs":["https:\/\/www.facebook.com\/KapitalisInfo\/","https:\/\/x.com\/KapitalisInfo","https:\/\/www.youtube.com\/channel\/UC-yDYrHyfFBWWZaOw3FPg9Q"]},{"@type":"Person","@id":"https:\/\/kapitalis.com\/tunisie\/#\/schema\/person\/d71f33a9ca44f7bad4698210b480c8e9","name":"webmaster kapitalis","url":"https:\/\/kapitalis.com\/tunisie\/author\/webmaster-kapitalis\/"}]}},"_links":{"self":[{"href":"https:\/\/kapitalis.com\/tunisie\/wp-json\/wp\/v2\/posts\/15270640","targetHints":{"allow":["GET"]}}],"collection":[{"href":"https:\/\/kapitalis.com\/tunisie\/wp-json\/wp\/v2\/posts"}],"about":[{"href":"https:\/\/kapitalis.com\/tunisie\/wp-json\/wp\/v2\/types\/post"}],"author":[{"embeddable":true,"href":"https:\/\/kapitalis.com\/tunisie\/wp-json\/wp\/v2\/users\/8"}],"replies":[{"embeddable":true,"href":"https:\/\/kapitalis.com\/tunisie\/wp-json\/wp\/v2\/comments?post=15270640"}],"version-history":[{"count":1,"href":"https:\/\/kapitalis.com\/tunisie\/wp-json\/wp\/v2\/posts\/15270640\/revisions"}],"predecessor-version":[{"id":15270665,"href":"https:\/\/kapitalis.com\/tunisie\/wp-json\/wp\/v2\/posts\/15270640\/revisions\/15270665"}],"wp:featuredmedia":[{"embeddable":true,"href":"https:\/\/kapitalis.com\/tunisie\/wp-json\/wp\/v2\/media\/15270656"}],"wp:attachment":[{"href":"https:\/\/kapitalis.com\/tunisie\/wp-json\/wp\/v2\/media?parent=15270640"}],"wp:term":[{"taxonomy":"category","embeddable":true,"href":"https:\/\/kapitalis.com\/tunisie\/wp-json\/wp\/v2\/categories?post=15270640"},{"taxonomy":"post_tag","embeddable":true,"href":"https:\/\/kapitalis.com\/tunisie\/wp-json\/wp\/v2\/tags?post=15270640"}],"curies":[{"name":"wp","href":"https:\/\/api.w.org\/{rel}","templated":true}]}}