{"id":15283353,"date":"2025-01-25T10:43:53","date_gmt":"2025-01-25T09:43:53","guid":{"rendered":"https:\/\/kapitalis.com\/tunisie\/?p=15283353"},"modified":"2025-01-25T10:43:54","modified_gmt":"2025-01-25T09:43:54","slug":"bled-al-abar-un-projet-de-valorisation-des-puits-dans-le-desert-tunisien","status":"publish","type":"post","link":"https:\/\/kapitalis.com\/tunisie\/2025\/01\/25\/bled-al-abar-un-projet-de-valorisation-des-puits-dans-le-desert-tunisien\/","title":{"rendered":"\u2018\u2018Bled al Abar\u2019\u2019, un projet de valorisation des puits dans le d\u00e9sert tunisien"},"content":{"rendered":"\n<p><strong><em>\u00a0\u2018Bled El Abar\u2019\u2019 (\u2018\u2018Le pays des puits\u2019\u2019) est un projet d\u2019exposition et de r\u00e9paration de puits dans le d\u00e9sert tunisien. Il est port\u00e9 par le Laboratoire d\u2019architecture de Mounir Ayoub et Vanessa Lacaille, en partenariat avec l\u2019architecte Hamed Kriouane et le 32 Bis.<\/em><\/strong><\/p>\n\n\n\n<!--more-->\n\n\n\n<p>Ce projet, intitul\u00e9 en allemand<em> \u2018\u2018Land der Brunnen\u2019\u2019<\/em>, est une collaboration entre l\u2019Institut fran\u00e7ais de Tunisie (IFT) et le Goethe-Institut Tunis. Il figure parmi les 31 projets laur\u00e9ats du Fonds culturel franco-allemand (FCFA) pour l\u2019ann\u00e9e 2025.<\/p>\n\n\n\n<p>Ce projet associe une exposition et des actions concr\u00e8tes sur le terrain, principalement ax\u00e9es sur la r\u00e9habilitation des puits dans le d\u00e9sert tunisien. Il vise \u00e0 restaurer ces infrastructures vitales pour les communaut\u00e9s locales tout en sensibilisant le public \u00e0 la richesse culturelle et historique de ces territoires, menac\u00e9s aujourd\u2019hui par les crises climatiques, \u00e9conomiques et migratoires.<\/p>\n\n\n\n<p><em>\u2018\u2018Le pays des puits\u2019\u2019<\/em> s\u2019inscrit dans une d\u00e9marche globale de valorisation du patrimoine hydraulique et de soutien aux communaut\u00e9s locales, en mettant l\u2019accent sur la pr\u00e9servation des ressources en eau et les savoir-faire traditionnels li\u00e9s \u00e0 leur gestion dans le d\u00e9sert tunisien.<\/p>\n\n\n\n<p>T\u00e9moins de l\u2019adaptation continue des populations aux d\u00e9fis environnementaux, les puits ont jou\u00e9 un r\u00f4le essentiel dans l\u2019histoire d\u2019approvisionnement en eau en Tunisie, notamment dans les r\u00e9gions arides et semi-arides.<\/p>\n\n\n\n<p>D\u00e8s l\u2019Antiquit\u00e9, les habitants ont mis au point des techniques traditionnelles pour extraire l\u2019eau souterraine, garantissant ainsi leur approvisionnement en eau.<\/p>\n\n\n\n<p>Dot\u00e9 d\u2019une roue \u00e0 eau (noria) actionn\u00e9e par un dromadaire, le puits Bir Barrouta \u00e0 Kairouan, qui constitue l\u2019un des plus anciens puits en Tunisie, est un exemple \u00e9difiant de l\u2019ing\u00e9niosit\u00e9 de la population pour acc\u00e9der \u00e0 une ressource pr\u00e9cieuse dans un environnement difficile.<\/p>\n\n\n\n<p>Retenu, parmi les 31 projets issus de 30 pays, par la commission de s\u00e9lection du Fonds culturel franco-allemand, <em>\u2018\u2018Bled al Abar\u2019\u2019 <\/em>s\u2019inscrit dans la th\u00e9matique 2025 <em>\u2018\u2018Vers un nouveau monde\u2019\u2019<\/em>, invitant \u00e0 r\u00e9fl\u00e9chir au r\u00f4le des arts, de la culture et des id\u00e9es pour comprendre l\u2019importance et la complexit\u00e9 des mutations actuelles, et pour r\u00e9inventer des modes d\u2019action face \u00e0 des nombreux enjeux notamment de la transition \u00e9cologique et de la question identitaire.<\/p>\n\n\n\n<p>Le Fonds culturel franco-allemand, institu\u00e9 en 2003, a pour objectif d\u2019encourager et de soutenir des initiatives de coop\u00e9ration culturelle conduites dans des pays tiers par les r\u00e9seaux diplomatiques et culturels fran\u00e7ais et allemands, en \u00e9troite collaboration avec des acteurs culturels locaux.<\/p>\n\n\n\n<p>Les projets soutenus rel\u00e8vent de domaines vari\u00e9s: arts visuels, arts num\u00e9riques, arts de la sc\u00e8ne, design, mode, architecture, th\u00e9\u00e2tre, cin\u00e9ma, audiovisuel, nouveaux m\u00e9dias, d\u00e9bats d\u2019id\u00e9es, litt\u00e9rature, etc.<\/p>\n\n\n\n<p>Fond\u00e9 en 2013 par les deux architectes Mounir Ayoub (Tunisie) et Vanessa Lacaille (France), le Laboratoire d\u2019architecture, actif en Europe et en Afrique, travaille sur des projets d\u2019architecture, de paysage, des \u00e9tudes de territoires ainsi que des projets \u00e9ditoriaux et curatoriaux.<\/p>\n\n\n\n<p>Laur\u00e9at des Albums des Jeunes Architectes et Paysagistes en 2014, prix europ\u00e9en de la jeune cr\u00e9ation architecturale et paysag\u00e8re, le Laboratoire d\u2019architecture a remport\u00e9 en 2016 le concours Europan en Suisse.<\/p>\n\n\n\n<p>En 2021, Vanessa Lacaille et Mounir Ayoub \u00e9taient les curateurs du Pavillon suisse de la 17<sup>e<\/sup> Biennale d\u2019architecture de Venise.<\/p>\n\n\n\n<p><strong><em>D\u2019apr\u00e8s Tap.<\/em><\/strong><\/p>\n","protected":false},"excerpt":{"rendered":"<p>\u2018Bled El Abar\u2019\u2019 (\u2018\u2018Le pays des puits\u2019\u2019) est un projet d\u2019exposition et de r\u00e9paration de puits dans le d\u00e9sert tunisien. <\/p>\n","protected":false},"author":8,"featured_media":15283367,"comment_status":"open","ping_status":"open","sticky":false,"template":"","format":"standard","meta":{"footnotes":""},"categories":[994,995,2433],"tags":[120353,120348,7839,120352,120349,120354,120350,120351],"class_list":["post-15283353","post","type-post","status-publish","format-standard","has-post-thumbnail","hentry","category-culture","category-economie","category-tunisie","tag-32-bis","tag-bled-al-abar","tag-desert-tunisien","tag-hamed-kriouane","tag-laboratoire-darchitecture","tag-land-der-brunnen","tag-mounir-ayoub","tag-vanessa-lacaille"],"yoast_head":"<!-- This site is optimized with the Yoast SEO plugin v26.6 - https:\/\/yoast.com\/wordpress\/plugins\/seo\/ -->\n<title>\u2018\u2018Bled al Abar\u2019\u2019, un projet de valorisation des puits dans le d\u00e9sert tunisien - Kapitalis<\/title>\n<meta name=\"robots\" content=\"index, follow, max-snippet:-1, max-image-preview:large, max-video-preview:-1\" \/>\n<link rel=\"canonical\" href=\"https:\/\/kapitalis.com\/tunisie\/2025\/01\/25\/bled-al-abar-un-projet-de-valorisation-des-puits-dans-le-desert-tunisien\/\" \/>\n<meta property=\"og:locale\" content=\"fr_FR\" \/>\n<meta property=\"og:type\" content=\"article\" \/>\n<meta property=\"og:title\" content=\"\u2018\u2018Bled al Abar\u2019\u2019, un projet de valorisation des puits dans le d\u00e9sert tunisien - Kapitalis\" \/>\n<meta property=\"og:description\" content=\"\u2018Bled El Abar\u2019\u2019 (\u2018\u2018Le pays des puits\u2019\u2019) est un projet d\u2019exposition et de r\u00e9paration de puits dans le d\u00e9sert tunisien.\" \/>\n<meta property=\"og:url\" content=\"https:\/\/kapitalis.com\/tunisie\/2025\/01\/25\/bled-al-abar-un-projet-de-valorisation-des-puits-dans-le-desert-tunisien\/\" \/>\n<meta property=\"og:site_name\" content=\"Kapitalis\" \/>\n<meta property=\"article:publisher\" content=\"https:\/\/www.facebook.com\/KapitalisInfo\/\" \/>\n<meta property=\"article:published_time\" content=\"2025-01-25T09:43:53+00:00\" \/>\n<meta property=\"article:modified_time\" content=\"2025-01-25T09:43:54+00:00\" \/>\n<meta property=\"og:image\" content=\"https:\/\/kapitalis.com\/tunisie\/wp-content\/uploads\/2025\/01\/Bir-Barrouta.jpg\" \/>\n\t<meta property=\"og:image:width\" content=\"1200\" \/>\n\t<meta property=\"og:image:height\" content=\"630\" \/>\n\t<meta property=\"og:image:type\" content=\"image\/jpeg\" \/>\n<meta name=\"author\" content=\"webmaster kapitalis\" \/>\n<meta name=\"twitter:card\" content=\"summary_large_image\" \/>\n<meta name=\"twitter:creator\" content=\"@KapitalisInfo\" \/>\n<meta name=\"twitter:site\" content=\"@KapitalisInfo\" \/>\n<meta name=\"twitter:label1\" content=\"\u00c9crit par\" \/>\n\t<meta name=\"twitter:data1\" content=\"webmaster kapitalis\" \/>\n\t<meta name=\"twitter:label2\" content=\"Dur\u00e9e de lecture estim\u00e9e\" \/>\n\t<meta name=\"twitter:data2\" content=\"3 minutes\" \/>\n<script type=\"application\/ld+json\" class=\"yoast-schema-graph\">{\"@context\":\"https:\/\/schema.org\",\"@graph\":[{\"@type\":\"Article\",\"@id\":\"https:\/\/kapitalis.com\/tunisie\/2025\/01\/25\/bled-al-abar-un-projet-de-valorisation-des-puits-dans-le-desert-tunisien\/#article\",\"isPartOf\":{\"@id\":\"https:\/\/kapitalis.com\/tunisie\/2025\/01\/25\/bled-al-abar-un-projet-de-valorisation-des-puits-dans-le-desert-tunisien\/\"},\"author\":{\"name\":\"webmaster kapitalis\",\"@id\":\"https:\/\/kapitalis.com\/tunisie\/#\/schema\/person\/d71f33a9ca44f7bad4698210b480c8e9\"},\"headline\":\"\u2018\u2018Bled al Abar\u2019\u2019, un projet de valorisation des puits dans le d\u00e9sert tunisien\",\"datePublished\":\"2025-01-25T09:43:53+00:00\",\"dateModified\":\"2025-01-25T09:43:54+00:00\",\"mainEntityOfPage\":{\"@id\":\"https:\/\/kapitalis.com\/tunisie\/2025\/01\/25\/bled-al-abar-un-projet-de-valorisation-des-puits-dans-le-desert-tunisien\/\"},\"wordCount\":579,\"commentCount\":0,\"publisher\":{\"@id\":\"https:\/\/kapitalis.com\/tunisie\/#organization\"},\"image\":{\"@id\":\"https:\/\/kapitalis.com\/tunisie\/2025\/01\/25\/bled-al-abar-un-projet-de-valorisation-des-puits-dans-le-desert-tunisien\/#primaryimage\"},\"thumbnailUrl\":\"https:\/\/kapitalis.com\/tunisie\/wp-content\/uploads\/2025\/01\/Bir-Barrouta.jpg\",\"keywords\":[\"32 Bis\",\"Bled al Abar\",\"d\u00e9sert tunisien\",\"Hamed Kriouane\",\"Laboratoire d\u2019architecture\",\"Land der Brunnen\",\"Mounir Ayoub\",\"Vanessa Lacaille\"],\"articleSection\":[\"CULTURE\",\"ECONOMIE\",\"Tunisie\"],\"inLanguage\":\"fr-FR\",\"potentialAction\":[{\"@type\":\"CommentAction\",\"name\":\"Comment\",\"target\":[\"https:\/\/kapitalis.com\/tunisie\/2025\/01\/25\/bled-al-abar-un-projet-de-valorisation-des-puits-dans-le-desert-tunisien\/#respond\"]}]},{\"@type\":\"WebPage\",\"@id\":\"https:\/\/kapitalis.com\/tunisie\/2025\/01\/25\/bled-al-abar-un-projet-de-valorisation-des-puits-dans-le-desert-tunisien\/\",\"url\":\"https:\/\/kapitalis.com\/tunisie\/2025\/01\/25\/bled-al-abar-un-projet-de-valorisation-des-puits-dans-le-desert-tunisien\/\",\"name\":\"\u2018\u2018Bled al Abar\u2019\u2019, un projet de valorisation des puits dans le d\u00e9sert tunisien - Kapitalis\",\"isPartOf\":{\"@id\":\"https:\/\/kapitalis.com\/tunisie\/#website\"},\"primaryImageOfPage\":{\"@id\":\"https:\/\/kapitalis.com\/tunisie\/2025\/01\/25\/bled-al-abar-un-projet-de-valorisation-des-puits-dans-le-desert-tunisien\/#primaryimage\"},\"image\":{\"@id\":\"https:\/\/kapitalis.com\/tunisie\/2025\/01\/25\/bled-al-abar-un-projet-de-valorisation-des-puits-dans-le-desert-tunisien\/#primaryimage\"},\"thumbnailUrl\":\"https:\/\/kapitalis.com\/tunisie\/wp-content\/uploads\/2025\/01\/Bir-Barrouta.jpg\",\"datePublished\":\"2025-01-25T09:43:53+00:00\",\"dateModified\":\"2025-01-25T09:43:54+00:00\",\"breadcrumb\":{\"@id\":\"https:\/\/kapitalis.com\/tunisie\/2025\/01\/25\/bled-al-abar-un-projet-de-valorisation-des-puits-dans-le-desert-tunisien\/#breadcrumb\"},\"inLanguage\":\"fr-FR\",\"potentialAction\":[{\"@type\":\"ReadAction\",\"target\":[\"https:\/\/kapitalis.com\/tunisie\/2025\/01\/25\/bled-al-abar-un-projet-de-valorisation-des-puits-dans-le-desert-tunisien\/\"]}]},{\"@type\":\"ImageObject\",\"inLanguage\":\"fr-FR\",\"@id\":\"https:\/\/kapitalis.com\/tunisie\/2025\/01\/25\/bled-al-abar-un-projet-de-valorisation-des-puits-dans-le-desert-tunisien\/#primaryimage\",\"url\":\"https:\/\/kapitalis.com\/tunisie\/wp-content\/uploads\/2025\/01\/Bir-Barrouta.jpg\",\"contentUrl\":\"https:\/\/kapitalis.com\/tunisie\/wp-content\/uploads\/2025\/01\/Bir-Barrouta.jpg\",\"width\":1200,\"height\":630},{\"@type\":\"BreadcrumbList\",\"@id\":\"https:\/\/kapitalis.com\/tunisie\/2025\/01\/25\/bled-al-abar-un-projet-de-valorisation-des-puits-dans-le-desert-tunisien\/#breadcrumb\",\"itemListElement\":[{\"@type\":\"ListItem\",\"position\":1,\"name\":\"Accueil\",\"item\":\"https:\/\/kapitalis.com\/tunisie\/\"},{\"@type\":\"ListItem\",\"position\":2,\"name\":\"\u2018\u2018Bled al Abar\u2019\u2019, un projet de valorisation des puits dans le d\u00e9sert tunisien\"}]},{\"@type\":\"WebSite\",\"@id\":\"https:\/\/kapitalis.com\/tunisie\/#website\",\"url\":\"https:\/\/kapitalis.com\/tunisie\/\",\"name\":\"Kapitalis\",\"description\":\"L&#039;actualit\u00e9 en Tunisie et dans le monde\",\"publisher\":{\"@id\":\"https:\/\/kapitalis.com\/tunisie\/#organization\"},\"potentialAction\":[{\"@type\":\"SearchAction\",\"target\":{\"@type\":\"EntryPoint\",\"urlTemplate\":\"https:\/\/kapitalis.com\/tunisie\/?s={search_term_string}\"},\"query-input\":{\"@type\":\"PropertyValueSpecification\",\"valueRequired\":true,\"valueName\":\"search_term_string\"}}],\"inLanguage\":\"fr-FR\"},{\"@type\":\"Organization\",\"@id\":\"https:\/\/kapitalis.com\/tunisie\/#organization\",\"name\":\"Kapitalis\",\"url\":\"https:\/\/kapitalis.com\/tunisie\/\",\"logo\":{\"@type\":\"ImageObject\",\"inLanguage\":\"fr-FR\",\"@id\":\"https:\/\/kapitalis.com\/tunisie\/#\/schema\/logo\/image\/\",\"url\":\"https:\/\/kapitalis.com\/tunisie\/wp-content\/uploads\/2022\/05\/Kapitalis-big-size.png\",\"contentUrl\":\"https:\/\/kapitalis.com\/tunisie\/wp-content\/uploads\/2022\/05\/Kapitalis-big-size.png\",\"width\":5000,\"height\":1500,\"caption\":\"Kapitalis\"},\"image\":{\"@id\":\"https:\/\/kapitalis.com\/tunisie\/#\/schema\/logo\/image\/\"},\"sameAs\":[\"https:\/\/www.facebook.com\/KapitalisInfo\/\",\"https:\/\/x.com\/KapitalisInfo\",\"https:\/\/www.youtube.com\/channel\/UC-yDYrHyfFBWWZaOw3FPg9Q\"]},{\"@type\":\"Person\",\"@id\":\"https:\/\/kapitalis.com\/tunisie\/#\/schema\/person\/d71f33a9ca44f7bad4698210b480c8e9\",\"name\":\"webmaster kapitalis\",\"url\":\"https:\/\/kapitalis.com\/tunisie\/author\/webmaster-kapitalis\/\"}]}<\/script>\n<!-- \/ Yoast SEO plugin. -->","yoast_head_json":{"title":"\u2018\u2018Bled al Abar\u2019\u2019, un projet de valorisation des puits dans le d\u00e9sert tunisien - Kapitalis","robots":{"index":"index","follow":"follow","max-snippet":"max-snippet:-1","max-image-preview":"max-image-preview:large","max-video-preview":"max-video-preview:-1"},"canonical":"https:\/\/kapitalis.com\/tunisie\/2025\/01\/25\/bled-al-abar-un-projet-de-valorisation-des-puits-dans-le-desert-tunisien\/","og_locale":"fr_FR","og_type":"article","og_title":"\u2018\u2018Bled al Abar\u2019\u2019, un projet de valorisation des puits dans le d\u00e9sert tunisien - Kapitalis","og_description":"\u2018Bled El Abar\u2019\u2019 (\u2018\u2018Le pays des puits\u2019\u2019) est un projet d\u2019exposition et de r\u00e9paration de puits dans le d\u00e9sert tunisien.","og_url":"https:\/\/kapitalis.com\/tunisie\/2025\/01\/25\/bled-al-abar-un-projet-de-valorisation-des-puits-dans-le-desert-tunisien\/","og_site_name":"Kapitalis","article_publisher":"https:\/\/www.facebook.com\/KapitalisInfo\/","article_published_time":"2025-01-25T09:43:53+00:00","article_modified_time":"2025-01-25T09:43:54+00:00","og_image":[{"width":1200,"height":630,"url":"https:\/\/kapitalis.com\/tunisie\/wp-content\/uploads\/2025\/01\/Bir-Barrouta.jpg","type":"image\/jpeg"}],"author":"webmaster kapitalis","twitter_card":"summary_large_image","twitter_creator":"@KapitalisInfo","twitter_site":"@KapitalisInfo","twitter_misc":{"\u00c9crit par":"webmaster kapitalis","Dur\u00e9e de lecture estim\u00e9e":"3 minutes"},"schema":{"@context":"https:\/\/schema.org","@graph":[{"@type":"Article","@id":"https:\/\/kapitalis.com\/tunisie\/2025\/01\/25\/bled-al-abar-un-projet-de-valorisation-des-puits-dans-le-desert-tunisien\/#article","isPartOf":{"@id":"https:\/\/kapitalis.com\/tunisie\/2025\/01\/25\/bled-al-abar-un-projet-de-valorisation-des-puits-dans-le-desert-tunisien\/"},"author":{"name":"webmaster kapitalis","@id":"https:\/\/kapitalis.com\/tunisie\/#\/schema\/person\/d71f33a9ca44f7bad4698210b480c8e9"},"headline":"\u2018\u2018Bled al Abar\u2019\u2019, un projet de valorisation des puits dans le d\u00e9sert tunisien","datePublished":"2025-01-25T09:43:53+00:00","dateModified":"2025-01-25T09:43:54+00:00","mainEntityOfPage":{"@id":"https:\/\/kapitalis.com\/tunisie\/2025\/01\/25\/bled-al-abar-un-projet-de-valorisation-des-puits-dans-le-desert-tunisien\/"},"wordCount":579,"commentCount":0,"publisher":{"@id":"https:\/\/kapitalis.com\/tunisie\/#organization"},"image":{"@id":"https:\/\/kapitalis.com\/tunisie\/2025\/01\/25\/bled-al-abar-un-projet-de-valorisation-des-puits-dans-le-desert-tunisien\/#primaryimage"},"thumbnailUrl":"https:\/\/kapitalis.com\/tunisie\/wp-content\/uploads\/2025\/01\/Bir-Barrouta.jpg","keywords":["32 Bis","Bled al Abar","d\u00e9sert tunisien","Hamed Kriouane","Laboratoire d\u2019architecture","Land der Brunnen","Mounir Ayoub","Vanessa Lacaille"],"articleSection":["CULTURE","ECONOMIE","Tunisie"],"inLanguage":"fr-FR","potentialAction":[{"@type":"CommentAction","name":"Comment","target":["https:\/\/kapitalis.com\/tunisie\/2025\/01\/25\/bled-al-abar-un-projet-de-valorisation-des-puits-dans-le-desert-tunisien\/#respond"]}]},{"@type":"WebPage","@id":"https:\/\/kapitalis.com\/tunisie\/2025\/01\/25\/bled-al-abar-un-projet-de-valorisation-des-puits-dans-le-desert-tunisien\/","url":"https:\/\/kapitalis.com\/tunisie\/2025\/01\/25\/bled-al-abar-un-projet-de-valorisation-des-puits-dans-le-desert-tunisien\/","name":"\u2018\u2018Bled al Abar\u2019\u2019, un projet de valorisation des puits dans le d\u00e9sert tunisien - Kapitalis","isPartOf":{"@id":"https:\/\/kapitalis.com\/tunisie\/#website"},"primaryImageOfPage":{"@id":"https:\/\/kapitalis.com\/tunisie\/2025\/01\/25\/bled-al-abar-un-projet-de-valorisation-des-puits-dans-le-desert-tunisien\/#primaryimage"},"image":{"@id":"https:\/\/kapitalis.com\/tunisie\/2025\/01\/25\/bled-al-abar-un-projet-de-valorisation-des-puits-dans-le-desert-tunisien\/#primaryimage"},"thumbnailUrl":"https:\/\/kapitalis.com\/tunisie\/wp-content\/uploads\/2025\/01\/Bir-Barrouta.jpg","datePublished":"2025-01-25T09:43:53+00:00","dateModified":"2025-01-25T09:43:54+00:00","breadcrumb":{"@id":"https:\/\/kapitalis.com\/tunisie\/2025\/01\/25\/bled-al-abar-un-projet-de-valorisation-des-puits-dans-le-desert-tunisien\/#breadcrumb"},"inLanguage":"fr-FR","potentialAction":[{"@type":"ReadAction","target":["https:\/\/kapitalis.com\/tunisie\/2025\/01\/25\/bled-al-abar-un-projet-de-valorisation-des-puits-dans-le-desert-tunisien\/"]}]},{"@type":"ImageObject","inLanguage":"fr-FR","@id":"https:\/\/kapitalis.com\/tunisie\/2025\/01\/25\/bled-al-abar-un-projet-de-valorisation-des-puits-dans-le-desert-tunisien\/#primaryimage","url":"https:\/\/kapitalis.com\/tunisie\/wp-content\/uploads\/2025\/01\/Bir-Barrouta.jpg","contentUrl":"https:\/\/kapitalis.com\/tunisie\/wp-content\/uploads\/2025\/01\/Bir-Barrouta.jpg","width":1200,"height":630},{"@type":"BreadcrumbList","@id":"https:\/\/kapitalis.com\/tunisie\/2025\/01\/25\/bled-al-abar-un-projet-de-valorisation-des-puits-dans-le-desert-tunisien\/#breadcrumb","itemListElement":[{"@type":"ListItem","position":1,"name":"Accueil","item":"https:\/\/kapitalis.com\/tunisie\/"},{"@type":"ListItem","position":2,"name":"\u2018\u2018Bled al Abar\u2019\u2019, un projet de valorisation des puits dans le d\u00e9sert tunisien"}]},{"@type":"WebSite","@id":"https:\/\/kapitalis.com\/tunisie\/#website","url":"https:\/\/kapitalis.com\/tunisie\/","name":"Kapitalis","description":"L&#039;actualit\u00e9 en Tunisie et dans le monde","publisher":{"@id":"https:\/\/kapitalis.com\/tunisie\/#organization"},"potentialAction":[{"@type":"SearchAction","target":{"@type":"EntryPoint","urlTemplate":"https:\/\/kapitalis.com\/tunisie\/?s={search_term_string}"},"query-input":{"@type":"PropertyValueSpecification","valueRequired":true,"valueName":"search_term_string"}}],"inLanguage":"fr-FR"},{"@type":"Organization","@id":"https:\/\/kapitalis.com\/tunisie\/#organization","name":"Kapitalis","url":"https:\/\/kapitalis.com\/tunisie\/","logo":{"@type":"ImageObject","inLanguage":"fr-FR","@id":"https:\/\/kapitalis.com\/tunisie\/#\/schema\/logo\/image\/","url":"https:\/\/kapitalis.com\/tunisie\/wp-content\/uploads\/2022\/05\/Kapitalis-big-size.png","contentUrl":"https:\/\/kapitalis.com\/tunisie\/wp-content\/uploads\/2022\/05\/Kapitalis-big-size.png","width":5000,"height":1500,"caption":"Kapitalis"},"image":{"@id":"https:\/\/kapitalis.com\/tunisie\/#\/schema\/logo\/image\/"},"sameAs":["https:\/\/www.facebook.com\/KapitalisInfo\/","https:\/\/x.com\/KapitalisInfo","https:\/\/www.youtube.com\/channel\/UC-yDYrHyfFBWWZaOw3FPg9Q"]},{"@type":"Person","@id":"https:\/\/kapitalis.com\/tunisie\/#\/schema\/person\/d71f33a9ca44f7bad4698210b480c8e9","name":"webmaster kapitalis","url":"https:\/\/kapitalis.com\/tunisie\/author\/webmaster-kapitalis\/"}]}},"_links":{"self":[{"href":"https:\/\/kapitalis.com\/tunisie\/wp-json\/wp\/v2\/posts\/15283353","targetHints":{"allow":["GET"]}}],"collection":[{"href":"https:\/\/kapitalis.com\/tunisie\/wp-json\/wp\/v2\/posts"}],"about":[{"href":"https:\/\/kapitalis.com\/tunisie\/wp-json\/wp\/v2\/types\/post"}],"author":[{"embeddable":true,"href":"https:\/\/kapitalis.com\/tunisie\/wp-json\/wp\/v2\/users\/8"}],"replies":[{"embeddable":true,"href":"https:\/\/kapitalis.com\/tunisie\/wp-json\/wp\/v2\/comments?post=15283353"}],"version-history":[{"count":1,"href":"https:\/\/kapitalis.com\/tunisie\/wp-json\/wp\/v2\/posts\/15283353\/revisions"}],"predecessor-version":[{"id":15283371,"href":"https:\/\/kapitalis.com\/tunisie\/wp-json\/wp\/v2\/posts\/15283353\/revisions\/15283371"}],"wp:featuredmedia":[{"embeddable":true,"href":"https:\/\/kapitalis.com\/tunisie\/wp-json\/wp\/v2\/media\/15283367"}],"wp:attachment":[{"href":"https:\/\/kapitalis.com\/tunisie\/wp-json\/wp\/v2\/media?parent=15283353"}],"wp:term":[{"taxonomy":"category","embeddable":true,"href":"https:\/\/kapitalis.com\/tunisie\/wp-json\/wp\/v2\/categories?post=15283353"},{"taxonomy":"post_tag","embeddable":true,"href":"https:\/\/kapitalis.com\/tunisie\/wp-json\/wp\/v2\/tags?post=15283353"}],"curies":[{"name":"wp","href":"https:\/\/api.w.org\/{rel}","templated":true}]}}