{"id":15288977,"date":"2025-01-25T22:59:39","date_gmt":"2025-01-25T21:59:39","guid":{"rendered":"https:\/\/kapitalis.com\/tunisie\/?p=15288977"},"modified":"2025-01-25T23:01:44","modified_gmt":"2025-01-25T22:01:44","slug":"rfr-inauguration-de-la-ligne-d-reliant-tunis-a-gobaa-photos","status":"publish","type":"post","link":"https:\/\/kapitalis.com\/tunisie\/2025\/01\/25\/rfr-inauguration-de-la-ligne-d-reliant-tunis-a-gobaa-photos\/","title":{"rendered":"RFR : Inauguration de la ligne D reliant Tunis \u00e0 Goba\u00e2 (Photos)"},"content":{"rendered":"\n<p><em><strong>Le minist\u00e8re du Transport a annonc\u00e9 l\u2019inauguration, ce samedi 25 janvier 2025, de la ligne D du r\u00e9seau ferroviaire rapide (RFR) reliant Tunis \u00e0 Gob\u00e2a.<\/strong><\/em><\/p>\n\n\n\n<!--more-->\n\n\n\n<p>La ligne D du r\u00e9seau ferroviaire rapide du Grand Tunis comprend au total sept stations : Tunis Barcelone, Mellassine, Raoudha, Le Bardo, Bortal, Manouba, El-Bortokal, Gob\u00e2a 1 et Gob\u00e2a 2 fait suite \u00e0 un accord moyennant un co\u00fbt de 1360 millions de dinars(MD), avec une contribution de 40% de l\u2019\u00c9tat tunisien et 60% couverts par un cofinancement de la Banque Europ\u00e9enne d\u2019investissement (BEI), l\u2019Agence Fran\u00e7aise de d\u00e9veloppement (AFD), la Banque Allemande pour le d\u00e9veloppement (KFW) et un don de 28 MD de l\u2019Union Europ\u00e9enne (UE).<\/p>\n\n\n\n<figure class=\"wp-block-gallery aligncenter has-nested-images columns-2 is-cropped wp-block-gallery-1 is-layout-flex wp-block-gallery-is-layout-flex\">\n<figure class=\"wp-block-image size-large\"><img loading=\"lazy\" decoding=\"async\" width=\"1024\" height=\"682\" data-id=\"15289014\" src=\"https:\/\/kapitalis.com\/tunisie\/wp-content\/uploads\/2025\/01\/ligne-D-9-1024x682.jpg\" alt=\"\" class=\"wp-image-15289014\" srcset=\"https:\/\/kapitalis.com\/tunisie\/wp-content\/uploads\/2025\/01\/ligne-D-9-1024x682.jpg 1024w, https:\/\/kapitalis.com\/tunisie\/wp-content\/uploads\/2025\/01\/ligne-D-9-300x200.jpg 300w, https:\/\/kapitalis.com\/tunisie\/wp-content\/uploads\/2025\/01\/ligne-D-9-768x512.jpg 768w, https:\/\/kapitalis.com\/tunisie\/wp-content\/uploads\/2025\/01\/ligne-D-9-1536x1023.jpg 1536w, https:\/\/kapitalis.com\/tunisie\/wp-content\/uploads\/2025\/01\/ligne-D-9-580x386.jpg 580w, https:\/\/kapitalis.com\/tunisie\/wp-content\/uploads\/2025\/01\/ligne-D-9-860x573.jpg 860w, https:\/\/kapitalis.com\/tunisie\/wp-content\/uploads\/2025\/01\/ligne-D-9-1160x773.jpg 1160w, https:\/\/kapitalis.com\/tunisie\/wp-content\/uploads\/2025\/01\/ligne-D-9.jpg 1600w\" sizes=\"auto, (max-width: 1024px) 100vw, 1024px\" \/><\/figure>\n\n\n\n<figure class=\"wp-block-image size-large\"><img loading=\"lazy\" decoding=\"async\" width=\"1024\" height=\"768\" data-id=\"15289021\" src=\"https:\/\/kapitalis.com\/tunisie\/wp-content\/uploads\/2025\/01\/ligne-D-8-1024x768.jpg\" alt=\"\" class=\"wp-image-15289021\" srcset=\"https:\/\/kapitalis.com\/tunisie\/wp-content\/uploads\/2025\/01\/ligne-D-8-1024x768.jpg 1024w, https:\/\/kapitalis.com\/tunisie\/wp-content\/uploads\/2025\/01\/ligne-D-8-300x225.jpg 300w, https:\/\/kapitalis.com\/tunisie\/wp-content\/uploads\/2025\/01\/ligne-D-8-768x576.jpg 768w, https:\/\/kapitalis.com\/tunisie\/wp-content\/uploads\/2025\/01\/ligne-D-8-1536x1152.jpg 1536w, https:\/\/kapitalis.com\/tunisie\/wp-content\/uploads\/2025\/01\/ligne-D-8-580x435.jpg 580w, https:\/\/kapitalis.com\/tunisie\/wp-content\/uploads\/2025\/01\/ligne-D-8-860x645.jpg 860w, https:\/\/kapitalis.com\/tunisie\/wp-content\/uploads\/2025\/01\/ligne-D-8-1160x870.jpg 1160w, https:\/\/kapitalis.com\/tunisie\/wp-content\/uploads\/2025\/01\/ligne-D-8.jpg 2048w\" sizes=\"auto, (max-width: 1024px) 100vw, 1024px\" \/><\/figure>\n\n\n\n<figure class=\"wp-block-image size-large\"><img loading=\"lazy\" decoding=\"async\" width=\"1024\" height=\"768\" data-id=\"15289022\" src=\"https:\/\/kapitalis.com\/tunisie\/wp-content\/uploads\/2025\/01\/ligne-D-7-1024x768.jpg\" alt=\"\" class=\"wp-image-15289022\" srcset=\"https:\/\/kapitalis.com\/tunisie\/wp-content\/uploads\/2025\/01\/ligne-D-7-1024x768.jpg 1024w, https:\/\/kapitalis.com\/tunisie\/wp-content\/uploads\/2025\/01\/ligne-D-7-300x225.jpg 300w, https:\/\/kapitalis.com\/tunisie\/wp-content\/uploads\/2025\/01\/ligne-D-7-768x576.jpg 768w, https:\/\/kapitalis.com\/tunisie\/wp-content\/uploads\/2025\/01\/ligne-D-7-1536x1152.jpg 1536w, https:\/\/kapitalis.com\/tunisie\/wp-content\/uploads\/2025\/01\/ligne-D-7-580x435.jpg 580w, https:\/\/kapitalis.com\/tunisie\/wp-content\/uploads\/2025\/01\/ligne-D-7-860x645.jpg 860w, https:\/\/kapitalis.com\/tunisie\/wp-content\/uploads\/2025\/01\/ligne-D-7-1160x870.jpg 1160w, https:\/\/kapitalis.com\/tunisie\/wp-content\/uploads\/2025\/01\/ligne-D-7.jpg 2048w\" sizes=\"auto, (max-width: 1024px) 100vw, 1024px\" \/><\/figure>\n\n\n\n<figure class=\"wp-block-image size-large\"><img loading=\"lazy\" decoding=\"async\" width=\"1024\" height=\"768\" data-id=\"15289023\" src=\"https:\/\/kapitalis.com\/tunisie\/wp-content\/uploads\/2025\/01\/ligne-D-6-1024x768.jpg\" alt=\"\" class=\"wp-image-15289023\" srcset=\"https:\/\/kapitalis.com\/tunisie\/wp-content\/uploads\/2025\/01\/ligne-D-6-1024x768.jpg 1024w, https:\/\/kapitalis.com\/tunisie\/wp-content\/uploads\/2025\/01\/ligne-D-6-300x225.jpg 300w, https:\/\/kapitalis.com\/tunisie\/wp-content\/uploads\/2025\/01\/ligne-D-6-768x576.jpg 768w, https:\/\/kapitalis.com\/tunisie\/wp-content\/uploads\/2025\/01\/ligne-D-6-1536x1152.jpg 1536w, https:\/\/kapitalis.com\/tunisie\/wp-content\/uploads\/2025\/01\/ligne-D-6-580x435.jpg 580w, https:\/\/kapitalis.com\/tunisie\/wp-content\/uploads\/2025\/01\/ligne-D-6-860x645.jpg 860w, https:\/\/kapitalis.com\/tunisie\/wp-content\/uploads\/2025\/01\/ligne-D-6-1160x870.jpg 1160w, https:\/\/kapitalis.com\/tunisie\/wp-content\/uploads\/2025\/01\/ligne-D-6.jpg 2048w\" sizes=\"auto, (max-width: 1024px) 100vw, 1024px\" \/><\/figure>\n\n\n\n<figure class=\"wp-block-image size-large\"><img loading=\"lazy\" decoding=\"async\" width=\"1024\" height=\"682\" data-id=\"15289016\" src=\"https:\/\/kapitalis.com\/tunisie\/wp-content\/uploads\/2025\/01\/ligne-D-5-1024x682.jpg\" alt=\"\" class=\"wp-image-15289016\" srcset=\"https:\/\/kapitalis.com\/tunisie\/wp-content\/uploads\/2025\/01\/ligne-D-5-1024x682.jpg 1024w, https:\/\/kapitalis.com\/tunisie\/wp-content\/uploads\/2025\/01\/ligne-D-5-300x200.jpg 300w, https:\/\/kapitalis.com\/tunisie\/wp-content\/uploads\/2025\/01\/ligne-D-5-768x512.jpg 768w, https:\/\/kapitalis.com\/tunisie\/wp-content\/uploads\/2025\/01\/ligne-D-5-1536x1023.jpg 1536w, https:\/\/kapitalis.com\/tunisie\/wp-content\/uploads\/2025\/01\/ligne-D-5-580x386.jpg 580w, https:\/\/kapitalis.com\/tunisie\/wp-content\/uploads\/2025\/01\/ligne-D-5-860x573.jpg 860w, https:\/\/kapitalis.com\/tunisie\/wp-content\/uploads\/2025\/01\/ligne-D-5-1160x773.jpg 1160w, https:\/\/kapitalis.com\/tunisie\/wp-content\/uploads\/2025\/01\/ligne-D-5.jpg 1600w\" sizes=\"auto, (max-width: 1024px) 100vw, 1024px\" \/><\/figure>\n\n\n\n<figure class=\"wp-block-image size-large\"><img loading=\"lazy\" decoding=\"async\" width=\"1024\" height=\"682\" data-id=\"15289017\" src=\"https:\/\/kapitalis.com\/tunisie\/wp-content\/uploads\/2025\/01\/ligne-D-4-1024x682.jpg\" alt=\"\" class=\"wp-image-15289017\" srcset=\"https:\/\/kapitalis.com\/tunisie\/wp-content\/uploads\/2025\/01\/ligne-D-4-1024x682.jpg 1024w, https:\/\/kapitalis.com\/tunisie\/wp-content\/uploads\/2025\/01\/ligne-D-4-300x200.jpg 300w, https:\/\/kapitalis.com\/tunisie\/wp-content\/uploads\/2025\/01\/ligne-D-4-768x512.jpg 768w, https:\/\/kapitalis.com\/tunisie\/wp-content\/uploads\/2025\/01\/ligne-D-4-1536x1023.jpg 1536w, https:\/\/kapitalis.com\/tunisie\/wp-content\/uploads\/2025\/01\/ligne-D-4-580x386.jpg 580w, https:\/\/kapitalis.com\/tunisie\/wp-content\/uploads\/2025\/01\/ligne-D-4-860x573.jpg 860w, https:\/\/kapitalis.com\/tunisie\/wp-content\/uploads\/2025\/01\/ligne-D-4-1160x773.jpg 1160w, https:\/\/kapitalis.com\/tunisie\/wp-content\/uploads\/2025\/01\/ligne-D-4.jpg 1600w\" sizes=\"auto, (max-width: 1024px) 100vw, 1024px\" \/><\/figure>\n\n\n\n<figure class=\"wp-block-image size-large\"><img loading=\"lazy\" decoding=\"async\" width=\"1024\" height=\"768\" data-id=\"15289013\" src=\"https:\/\/kapitalis.com\/tunisie\/wp-content\/uploads\/2025\/01\/ligne-D-3-1024x768.jpg\" alt=\"\" class=\"wp-image-15289013\" srcset=\"https:\/\/kapitalis.com\/tunisie\/wp-content\/uploads\/2025\/01\/ligne-D-3-1024x768.jpg 1024w, https:\/\/kapitalis.com\/tunisie\/wp-content\/uploads\/2025\/01\/ligne-D-3-300x225.jpg 300w, https:\/\/kapitalis.com\/tunisie\/wp-content\/uploads\/2025\/01\/ligne-D-3-768x576.jpg 768w, https:\/\/kapitalis.com\/tunisie\/wp-content\/uploads\/2025\/01\/ligne-D-3-580x435.jpg 580w, https:\/\/kapitalis.com\/tunisie\/wp-content\/uploads\/2025\/01\/ligne-D-3-860x645.jpg 860w, https:\/\/kapitalis.com\/tunisie\/wp-content\/uploads\/2025\/01\/ligne-D-3-1160x870.jpg 1160w, https:\/\/kapitalis.com\/tunisie\/wp-content\/uploads\/2025\/01\/ligne-D-3.jpg 1280w\" sizes=\"auto, (max-width: 1024px) 100vw, 1024px\" \/><\/figure>\n\n\n\n<figure class=\"wp-block-image size-large\"><img loading=\"lazy\" decoding=\"async\" width=\"1024\" height=\"682\" data-id=\"15289018\" src=\"https:\/\/kapitalis.com\/tunisie\/wp-content\/uploads\/2025\/01\/ligne-D-2-1024x682.jpg\" alt=\"\" class=\"wp-image-15289018\" srcset=\"https:\/\/kapitalis.com\/tunisie\/wp-content\/uploads\/2025\/01\/ligne-D-2-1024x682.jpg 1024w, https:\/\/kapitalis.com\/tunisie\/wp-content\/uploads\/2025\/01\/ligne-D-2-300x200.jpg 300w, https:\/\/kapitalis.com\/tunisie\/wp-content\/uploads\/2025\/01\/ligne-D-2-768x512.jpg 768w, https:\/\/kapitalis.com\/tunisie\/wp-content\/uploads\/2025\/01\/ligne-D-2-1536x1023.jpg 1536w, https:\/\/kapitalis.com\/tunisie\/wp-content\/uploads\/2025\/01\/ligne-D-2-580x386.jpg 580w, https:\/\/kapitalis.com\/tunisie\/wp-content\/uploads\/2025\/01\/ligne-D-2-860x573.jpg 860w, https:\/\/kapitalis.com\/tunisie\/wp-content\/uploads\/2025\/01\/ligne-D-2-1160x773.jpg 1160w, https:\/\/kapitalis.com\/tunisie\/wp-content\/uploads\/2025\/01\/ligne-D-2.jpg 1600w\" sizes=\"auto, (max-width: 1024px) 100vw, 1024px\" \/><\/figure>\n\n\n\n<figure class=\"wp-block-image size-large\"><img loading=\"lazy\" decoding=\"async\" width=\"1024\" height=\"682\" data-id=\"15289015\" src=\"https:\/\/kapitalis.com\/tunisie\/wp-content\/uploads\/2025\/01\/ligne-D--1024x682.jpg\" alt=\"\" class=\"wp-image-15289015\" srcset=\"https:\/\/kapitalis.com\/tunisie\/wp-content\/uploads\/2025\/01\/ligne-D--1024x682.jpg 1024w, https:\/\/kapitalis.com\/tunisie\/wp-content\/uploads\/2025\/01\/ligne-D--300x200.jpg 300w, https:\/\/kapitalis.com\/tunisie\/wp-content\/uploads\/2025\/01\/ligne-D--768x512.jpg 768w, https:\/\/kapitalis.com\/tunisie\/wp-content\/uploads\/2025\/01\/ligne-D--1536x1023.jpg 1536w, https:\/\/kapitalis.com\/tunisie\/wp-content\/uploads\/2025\/01\/ligne-D--580x386.jpg 580w, https:\/\/kapitalis.com\/tunisie\/wp-content\/uploads\/2025\/01\/ligne-D--860x573.jpg 860w, https:\/\/kapitalis.com\/tunisie\/wp-content\/uploads\/2025\/01\/ligne-D--1160x773.jpg 1160w, https:\/\/kapitalis.com\/tunisie\/wp-content\/uploads\/2025\/01\/ligne-D-.jpg 1600w\" sizes=\"auto, (max-width: 1024px) 100vw, 1024px\" \/><\/figure>\n<\/figure>\n\n\n\n<p>Apr\u00e8s les tests techniques et les essais, la ligne D est d\u00e9sormais op\u00e9rationnelle apr\u00e8s son inauguration officielle ce jour, notamment en pr\u00e9sence du ministre des Transports Rachid Amri et l\u2019ambassadeur de l\u2019Union europ\u00e9enne en Tunisie Giuseppe Perrone et l\u2019ambassadrice de France \u00e0 Tunis Anne Gu\u00e9guen.<\/p>\n\n\n\n<p class=\"has-text-align-right\"><strong>Y. N.<\/strong><\/p>\n\n\n\n<figure class=\"wp-block-embed is-type-wp-embed is-provider-kapitalis wp-block-embed-kapitalis\"><div class=\"wp-block-embed__wrapper\">\n<blockquote class=\"wp-embedded-content\" data-secret=\"MRQo5Di3y8\"><a href=\"https:\/\/kapitalis.com\/tunisie\/2025\/01\/03\/tunis-la-ligne-d-du-rfr-operationnelle-fin-janvier\/\">Tunis\u00a0: la ligne D du RFR op\u00e9rationnelle fin janvier<\/a><\/blockquote><iframe loading=\"lazy\" class=\"wp-embedded-content\" sandbox=\"allow-scripts\" security=\"restricted\" style=\"position: absolute; visibility: hidden;\" title=\"\u00ab\u00a0Tunis\u00a0: la ligne D du RFR op\u00e9rationnelle fin janvier\u00a0\u00bb &#8212; Kapitalis\" src=\"https:\/\/kapitalis.com\/tunisie\/2025\/01\/03\/tunis-la-ligne-d-du-rfr-operationnelle-fin-janvier\/embed\/#?secret=p53lFof3P5#?secret=MRQo5Di3y8\" data-secret=\"MRQo5Di3y8\" width=\"600\" height=\"338\" frameborder=\"0\" marginwidth=\"0\" marginheight=\"0\" scrolling=\"no\"><\/iframe>\n<\/div><\/figure>\n","protected":false},"excerpt":{"rendered":"<p>Le minist\u00e8re du Transport a annonc\u00e9 l\u2019inauguration, ce samedi 25 janvier 2025, de la ligne D du r\u00e9seau ferroviaire rapide (RFR) reliant Tunis \u00e0 Gob\u00e2a.<\/p>\n","protected":false},"author":6,"featured_media":15289055,"comment_status":"open","ping_status":"open","sticky":false,"template":"","format":"standard","meta":{"footnotes":""},"categories":[998,2433],"tags":[120363,66011,119898,2512,64491,62643],"class_list":["post-15288977","post","type-post","status-publish","format-standard","has-post-thumbnail","hentry","category-societe","category-tunisie","tag-gobaa-2","tag-inauguration","tag-ligne-d","tag-rfr","tag-tunis","tag-tunisie"],"yoast_head":"<!-- This site is optimized with the Yoast SEO plugin v26.6 - https:\/\/yoast.com\/wordpress\/plugins\/seo\/ -->\n<title>RFR : Inauguration de la ligne D reliant Tunis \u00e0 Goba\u00e2 (Photos) - Kapitalis<\/title>\n<meta name=\"robots\" content=\"index, follow, max-snippet:-1, max-image-preview:large, max-video-preview:-1\" \/>\n<link rel=\"canonical\" href=\"https:\/\/kapitalis.com\/tunisie\/2025\/01\/25\/rfr-inauguration-de-la-ligne-d-reliant-tunis-a-gobaa-photos\/\" \/>\n<meta property=\"og:locale\" content=\"fr_FR\" \/>\n<meta property=\"og:type\" content=\"article\" \/>\n<meta property=\"og:title\" content=\"RFR : Inauguration de la ligne D reliant Tunis \u00e0 Goba\u00e2 (Photos) - Kapitalis\" \/>\n<meta property=\"og:description\" content=\"Le minist\u00e8re du Transport a annonc\u00e9 l\u2019inauguration, ce samedi 25 janvier 2025, de la ligne D du r\u00e9seau ferroviaire rapide (RFR) reliant Tunis \u00e0 Gob\u00e2a.\" \/>\n<meta property=\"og:url\" content=\"https:\/\/kapitalis.com\/tunisie\/2025\/01\/25\/rfr-inauguration-de-la-ligne-d-reliant-tunis-a-gobaa-photos\/\" \/>\n<meta property=\"og:site_name\" content=\"Kapitalis\" \/>\n<meta property=\"article:publisher\" content=\"https:\/\/www.facebook.com\/KapitalisInfo\/\" \/>\n<meta property=\"article:published_time\" content=\"2025-01-25T21:59:39+00:00\" \/>\n<meta property=\"article:modified_time\" content=\"2025-01-25T22:01:44+00:00\" \/>\n<meta property=\"og:image\" content=\"https:\/\/kapitalis.com\/tunisie\/wp-content\/uploads\/2025\/01\/RFR-ligne-D.jpg\" \/>\n\t<meta property=\"og:image:width\" content=\"1200\" \/>\n\t<meta property=\"og:image:height\" content=\"630\" \/>\n\t<meta property=\"og:image:type\" content=\"image\/jpeg\" \/>\n<meta name=\"author\" content=\"Yusra NY\" \/>\n<meta name=\"twitter:card\" content=\"summary_large_image\" \/>\n<meta name=\"twitter:creator\" content=\"@KapitalisInfo\" \/>\n<meta name=\"twitter:site\" content=\"@KapitalisInfo\" \/>\n<meta name=\"twitter:label1\" content=\"\u00c9crit par\" \/>\n\t<meta name=\"twitter:data1\" content=\"Yusra NY\" \/>\n\t<meta name=\"twitter:label2\" content=\"Dur\u00e9e de lecture estim\u00e9e\" \/>\n\t<meta name=\"twitter:data2\" content=\"3 minutes\" \/>\n<script type=\"application\/ld+json\" class=\"yoast-schema-graph\">{\"@context\":\"https:\/\/schema.org\",\"@graph\":[{\"@type\":\"Article\",\"@id\":\"https:\/\/kapitalis.com\/tunisie\/2025\/01\/25\/rfr-inauguration-de-la-ligne-d-reliant-tunis-a-gobaa-photos\/#article\",\"isPartOf\":{\"@id\":\"https:\/\/kapitalis.com\/tunisie\/2025\/01\/25\/rfr-inauguration-de-la-ligne-d-reliant-tunis-a-gobaa-photos\/\"},\"author\":{\"name\":\"Yusra NY\",\"@id\":\"https:\/\/kapitalis.com\/tunisie\/#\/schema\/person\/74bbde0154d49d790a92aaeac5bc01d5\"},\"headline\":\"RFR : Inauguration de la ligne D reliant Tunis \u00e0 Goba\u00e2 (Photos)\",\"datePublished\":\"2025-01-25T21:59:39+00:00\",\"dateModified\":\"2025-01-25T22:01:44+00:00\",\"mainEntityOfPage\":{\"@id\":\"https:\/\/kapitalis.com\/tunisie\/2025\/01\/25\/rfr-inauguration-de-la-ligne-d-reliant-tunis-a-gobaa-photos\/\"},\"wordCount\":188,\"commentCount\":1,\"publisher\":{\"@id\":\"https:\/\/kapitalis.com\/tunisie\/#organization\"},\"image\":{\"@id\":\"https:\/\/kapitalis.com\/tunisie\/2025\/01\/25\/rfr-inauguration-de-la-ligne-d-reliant-tunis-a-gobaa-photos\/#primaryimage\"},\"thumbnailUrl\":\"https:\/\/kapitalis.com\/tunisie\/wp-content\/uploads\/2025\/01\/RFR-ligne-D.jpg\",\"keywords\":[\"Gob\u00e2a\",\"inauguration\",\"ligne D\",\"RFR\",\"Tunis\",\"Tunisie\"],\"articleSection\":[\"SOCIETE\",\"Tunisie\"],\"inLanguage\":\"fr-FR\",\"potentialAction\":[{\"@type\":\"CommentAction\",\"name\":\"Comment\",\"target\":[\"https:\/\/kapitalis.com\/tunisie\/2025\/01\/25\/rfr-inauguration-de-la-ligne-d-reliant-tunis-a-gobaa-photos\/#respond\"]}]},{\"@type\":\"WebPage\",\"@id\":\"https:\/\/kapitalis.com\/tunisie\/2025\/01\/25\/rfr-inauguration-de-la-ligne-d-reliant-tunis-a-gobaa-photos\/\",\"url\":\"https:\/\/kapitalis.com\/tunisie\/2025\/01\/25\/rfr-inauguration-de-la-ligne-d-reliant-tunis-a-gobaa-photos\/\",\"name\":\"RFR : Inauguration de la ligne D reliant Tunis \u00e0 Goba\u00e2 (Photos) - Kapitalis\",\"isPartOf\":{\"@id\":\"https:\/\/kapitalis.com\/tunisie\/#website\"},\"primaryImageOfPage\":{\"@id\":\"https:\/\/kapitalis.com\/tunisie\/2025\/01\/25\/rfr-inauguration-de-la-ligne-d-reliant-tunis-a-gobaa-photos\/#primaryimage\"},\"image\":{\"@id\":\"https:\/\/kapitalis.com\/tunisie\/2025\/01\/25\/rfr-inauguration-de-la-ligne-d-reliant-tunis-a-gobaa-photos\/#primaryimage\"},\"thumbnailUrl\":\"https:\/\/kapitalis.com\/tunisie\/wp-content\/uploads\/2025\/01\/RFR-ligne-D.jpg\",\"datePublished\":\"2025-01-25T21:59:39+00:00\",\"dateModified\":\"2025-01-25T22:01:44+00:00\",\"breadcrumb\":{\"@id\":\"https:\/\/kapitalis.com\/tunisie\/2025\/01\/25\/rfr-inauguration-de-la-ligne-d-reliant-tunis-a-gobaa-photos\/#breadcrumb\"},\"inLanguage\":\"fr-FR\",\"potentialAction\":[{\"@type\":\"ReadAction\",\"target\":[\"https:\/\/kapitalis.com\/tunisie\/2025\/01\/25\/rfr-inauguration-de-la-ligne-d-reliant-tunis-a-gobaa-photos\/\"]}]},{\"@type\":\"ImageObject\",\"inLanguage\":\"fr-FR\",\"@id\":\"https:\/\/kapitalis.com\/tunisie\/2025\/01\/25\/rfr-inauguration-de-la-ligne-d-reliant-tunis-a-gobaa-photos\/#primaryimage\",\"url\":\"https:\/\/kapitalis.com\/tunisie\/wp-content\/uploads\/2025\/01\/RFR-ligne-D.jpg\",\"contentUrl\":\"https:\/\/kapitalis.com\/tunisie\/wp-content\/uploads\/2025\/01\/RFR-ligne-D.jpg\",\"width\":1200,\"height\":630},{\"@type\":\"BreadcrumbList\",\"@id\":\"https:\/\/kapitalis.com\/tunisie\/2025\/01\/25\/rfr-inauguration-de-la-ligne-d-reliant-tunis-a-gobaa-photos\/#breadcrumb\",\"itemListElement\":[{\"@type\":\"ListItem\",\"position\":1,\"name\":\"Accueil\",\"item\":\"https:\/\/kapitalis.com\/tunisie\/\"},{\"@type\":\"ListItem\",\"position\":2,\"name\":\"RFR : Inauguration de la ligne D reliant Tunis \u00e0 Goba\u00e2 (Photos)\"}]},{\"@type\":\"WebSite\",\"@id\":\"https:\/\/kapitalis.com\/tunisie\/#website\",\"url\":\"https:\/\/kapitalis.com\/tunisie\/\",\"name\":\"Kapitalis\",\"description\":\"L&#039;actualit\u00e9 en Tunisie et dans le monde\",\"publisher\":{\"@id\":\"https:\/\/kapitalis.com\/tunisie\/#organization\"},\"potentialAction\":[{\"@type\":\"SearchAction\",\"target\":{\"@type\":\"EntryPoint\",\"urlTemplate\":\"https:\/\/kapitalis.com\/tunisie\/?s={search_term_string}\"},\"query-input\":{\"@type\":\"PropertyValueSpecification\",\"valueRequired\":true,\"valueName\":\"search_term_string\"}}],\"inLanguage\":\"fr-FR\"},{\"@type\":\"Organization\",\"@id\":\"https:\/\/kapitalis.com\/tunisie\/#organization\",\"name\":\"Kapitalis\",\"url\":\"https:\/\/kapitalis.com\/tunisie\/\",\"logo\":{\"@type\":\"ImageObject\",\"inLanguage\":\"fr-FR\",\"@id\":\"https:\/\/kapitalis.com\/tunisie\/#\/schema\/logo\/image\/\",\"url\":\"https:\/\/kapitalis.com\/tunisie\/wp-content\/uploads\/2022\/05\/Kapitalis-big-size.png\",\"contentUrl\":\"https:\/\/kapitalis.com\/tunisie\/wp-content\/uploads\/2022\/05\/Kapitalis-big-size.png\",\"width\":5000,\"height\":1500,\"caption\":\"Kapitalis\"},\"image\":{\"@id\":\"https:\/\/kapitalis.com\/tunisie\/#\/schema\/logo\/image\/\"},\"sameAs\":[\"https:\/\/www.facebook.com\/KapitalisInfo\/\",\"https:\/\/x.com\/KapitalisInfo\",\"https:\/\/www.youtube.com\/channel\/UC-yDYrHyfFBWWZaOw3FPg9Q\"]},{\"@type\":\"Person\",\"@id\":\"https:\/\/kapitalis.com\/tunisie\/#\/schema\/person\/74bbde0154d49d790a92aaeac5bc01d5\",\"name\":\"Yusra NY\",\"url\":\"https:\/\/kapitalis.com\/tunisie\/author\/yuza_adam\/\"}]}<\/script>\n<!-- \/ Yoast SEO plugin. -->","yoast_head_json":{"title":"RFR : Inauguration de la ligne D reliant Tunis \u00e0 Goba\u00e2 (Photos) - Kapitalis","robots":{"index":"index","follow":"follow","max-snippet":"max-snippet:-1","max-image-preview":"max-image-preview:large","max-video-preview":"max-video-preview:-1"},"canonical":"https:\/\/kapitalis.com\/tunisie\/2025\/01\/25\/rfr-inauguration-de-la-ligne-d-reliant-tunis-a-gobaa-photos\/","og_locale":"fr_FR","og_type":"article","og_title":"RFR : Inauguration de la ligne D reliant Tunis \u00e0 Goba\u00e2 (Photos) - Kapitalis","og_description":"Le minist\u00e8re du Transport a annonc\u00e9 l\u2019inauguration, ce samedi 25 janvier 2025, de la ligne D du r\u00e9seau ferroviaire rapide (RFR) reliant Tunis \u00e0 Gob\u00e2a.","og_url":"https:\/\/kapitalis.com\/tunisie\/2025\/01\/25\/rfr-inauguration-de-la-ligne-d-reliant-tunis-a-gobaa-photos\/","og_site_name":"Kapitalis","article_publisher":"https:\/\/www.facebook.com\/KapitalisInfo\/","article_published_time":"2025-01-25T21:59:39+00:00","article_modified_time":"2025-01-25T22:01:44+00:00","og_image":[{"width":1200,"height":630,"url":"https:\/\/kapitalis.com\/tunisie\/wp-content\/uploads\/2025\/01\/RFR-ligne-D.jpg","type":"image\/jpeg"}],"author":"Yusra NY","twitter_card":"summary_large_image","twitter_creator":"@KapitalisInfo","twitter_site":"@KapitalisInfo","twitter_misc":{"\u00c9crit par":"Yusra NY","Dur\u00e9e de lecture estim\u00e9e":"3 minutes"},"schema":{"@context":"https:\/\/schema.org","@graph":[{"@type":"Article","@id":"https:\/\/kapitalis.com\/tunisie\/2025\/01\/25\/rfr-inauguration-de-la-ligne-d-reliant-tunis-a-gobaa-photos\/#article","isPartOf":{"@id":"https:\/\/kapitalis.com\/tunisie\/2025\/01\/25\/rfr-inauguration-de-la-ligne-d-reliant-tunis-a-gobaa-photos\/"},"author":{"name":"Yusra NY","@id":"https:\/\/kapitalis.com\/tunisie\/#\/schema\/person\/74bbde0154d49d790a92aaeac5bc01d5"},"headline":"RFR : Inauguration de la ligne D reliant Tunis \u00e0 Goba\u00e2 (Photos)","datePublished":"2025-01-25T21:59:39+00:00","dateModified":"2025-01-25T22:01:44+00:00","mainEntityOfPage":{"@id":"https:\/\/kapitalis.com\/tunisie\/2025\/01\/25\/rfr-inauguration-de-la-ligne-d-reliant-tunis-a-gobaa-photos\/"},"wordCount":188,"commentCount":1,"publisher":{"@id":"https:\/\/kapitalis.com\/tunisie\/#organization"},"image":{"@id":"https:\/\/kapitalis.com\/tunisie\/2025\/01\/25\/rfr-inauguration-de-la-ligne-d-reliant-tunis-a-gobaa-photos\/#primaryimage"},"thumbnailUrl":"https:\/\/kapitalis.com\/tunisie\/wp-content\/uploads\/2025\/01\/RFR-ligne-D.jpg","keywords":["Gob\u00e2a","inauguration","ligne D","RFR","Tunis","Tunisie"],"articleSection":["SOCIETE","Tunisie"],"inLanguage":"fr-FR","potentialAction":[{"@type":"CommentAction","name":"Comment","target":["https:\/\/kapitalis.com\/tunisie\/2025\/01\/25\/rfr-inauguration-de-la-ligne-d-reliant-tunis-a-gobaa-photos\/#respond"]}]},{"@type":"WebPage","@id":"https:\/\/kapitalis.com\/tunisie\/2025\/01\/25\/rfr-inauguration-de-la-ligne-d-reliant-tunis-a-gobaa-photos\/","url":"https:\/\/kapitalis.com\/tunisie\/2025\/01\/25\/rfr-inauguration-de-la-ligne-d-reliant-tunis-a-gobaa-photos\/","name":"RFR : Inauguration de la ligne D reliant Tunis \u00e0 Goba\u00e2 (Photos) - Kapitalis","isPartOf":{"@id":"https:\/\/kapitalis.com\/tunisie\/#website"},"primaryImageOfPage":{"@id":"https:\/\/kapitalis.com\/tunisie\/2025\/01\/25\/rfr-inauguration-de-la-ligne-d-reliant-tunis-a-gobaa-photos\/#primaryimage"},"image":{"@id":"https:\/\/kapitalis.com\/tunisie\/2025\/01\/25\/rfr-inauguration-de-la-ligne-d-reliant-tunis-a-gobaa-photos\/#primaryimage"},"thumbnailUrl":"https:\/\/kapitalis.com\/tunisie\/wp-content\/uploads\/2025\/01\/RFR-ligne-D.jpg","datePublished":"2025-01-25T21:59:39+00:00","dateModified":"2025-01-25T22:01:44+00:00","breadcrumb":{"@id":"https:\/\/kapitalis.com\/tunisie\/2025\/01\/25\/rfr-inauguration-de-la-ligne-d-reliant-tunis-a-gobaa-photos\/#breadcrumb"},"inLanguage":"fr-FR","potentialAction":[{"@type":"ReadAction","target":["https:\/\/kapitalis.com\/tunisie\/2025\/01\/25\/rfr-inauguration-de-la-ligne-d-reliant-tunis-a-gobaa-photos\/"]}]},{"@type":"ImageObject","inLanguage":"fr-FR","@id":"https:\/\/kapitalis.com\/tunisie\/2025\/01\/25\/rfr-inauguration-de-la-ligne-d-reliant-tunis-a-gobaa-photos\/#primaryimage","url":"https:\/\/kapitalis.com\/tunisie\/wp-content\/uploads\/2025\/01\/RFR-ligne-D.jpg","contentUrl":"https:\/\/kapitalis.com\/tunisie\/wp-content\/uploads\/2025\/01\/RFR-ligne-D.jpg","width":1200,"height":630},{"@type":"BreadcrumbList","@id":"https:\/\/kapitalis.com\/tunisie\/2025\/01\/25\/rfr-inauguration-de-la-ligne-d-reliant-tunis-a-gobaa-photos\/#breadcrumb","itemListElement":[{"@type":"ListItem","position":1,"name":"Accueil","item":"https:\/\/kapitalis.com\/tunisie\/"},{"@type":"ListItem","position":2,"name":"RFR : Inauguration de la ligne D reliant Tunis \u00e0 Goba\u00e2 (Photos)"}]},{"@type":"WebSite","@id":"https:\/\/kapitalis.com\/tunisie\/#website","url":"https:\/\/kapitalis.com\/tunisie\/","name":"Kapitalis","description":"L&#039;actualit\u00e9 en Tunisie et dans le monde","publisher":{"@id":"https:\/\/kapitalis.com\/tunisie\/#organization"},"potentialAction":[{"@type":"SearchAction","target":{"@type":"EntryPoint","urlTemplate":"https:\/\/kapitalis.com\/tunisie\/?s={search_term_string}"},"query-input":{"@type":"PropertyValueSpecification","valueRequired":true,"valueName":"search_term_string"}}],"inLanguage":"fr-FR"},{"@type":"Organization","@id":"https:\/\/kapitalis.com\/tunisie\/#organization","name":"Kapitalis","url":"https:\/\/kapitalis.com\/tunisie\/","logo":{"@type":"ImageObject","inLanguage":"fr-FR","@id":"https:\/\/kapitalis.com\/tunisie\/#\/schema\/logo\/image\/","url":"https:\/\/kapitalis.com\/tunisie\/wp-content\/uploads\/2022\/05\/Kapitalis-big-size.png","contentUrl":"https:\/\/kapitalis.com\/tunisie\/wp-content\/uploads\/2022\/05\/Kapitalis-big-size.png","width":5000,"height":1500,"caption":"Kapitalis"},"image":{"@id":"https:\/\/kapitalis.com\/tunisie\/#\/schema\/logo\/image\/"},"sameAs":["https:\/\/www.facebook.com\/KapitalisInfo\/","https:\/\/x.com\/KapitalisInfo","https:\/\/www.youtube.com\/channel\/UC-yDYrHyfFBWWZaOw3FPg9Q"]},{"@type":"Person","@id":"https:\/\/kapitalis.com\/tunisie\/#\/schema\/person\/74bbde0154d49d790a92aaeac5bc01d5","name":"Yusra NY","url":"https:\/\/kapitalis.com\/tunisie\/author\/yuza_adam\/"}]}},"_links":{"self":[{"href":"https:\/\/kapitalis.com\/tunisie\/wp-json\/wp\/v2\/posts\/15288977","targetHints":{"allow":["GET"]}}],"collection":[{"href":"https:\/\/kapitalis.com\/tunisie\/wp-json\/wp\/v2\/posts"}],"about":[{"href":"https:\/\/kapitalis.com\/tunisie\/wp-json\/wp\/v2\/types\/post"}],"author":[{"embeddable":true,"href":"https:\/\/kapitalis.com\/tunisie\/wp-json\/wp\/v2\/users\/6"}],"replies":[{"embeddable":true,"href":"https:\/\/kapitalis.com\/tunisie\/wp-json\/wp\/v2\/comments?post=15288977"}],"version-history":[{"count":1,"href":"https:\/\/kapitalis.com\/tunisie\/wp-json\/wp\/v2\/posts\/15288977\/revisions"}],"predecessor-version":[{"id":15289070,"href":"https:\/\/kapitalis.com\/tunisie\/wp-json\/wp\/v2\/posts\/15288977\/revisions\/15289070"}],"wp:featuredmedia":[{"embeddable":true,"href":"https:\/\/kapitalis.com\/tunisie\/wp-json\/wp\/v2\/media\/15289055"}],"wp:attachment":[{"href":"https:\/\/kapitalis.com\/tunisie\/wp-json\/wp\/v2\/media?parent=15288977"}],"wp:term":[{"taxonomy":"category","embeddable":true,"href":"https:\/\/kapitalis.com\/tunisie\/wp-json\/wp\/v2\/categories?post=15288977"},{"taxonomy":"post_tag","embeddable":true,"href":"https:\/\/kapitalis.com\/tunisie\/wp-json\/wp\/v2\/tags?post=15288977"}],"curies":[{"name":"wp","href":"https:\/\/api.w.org\/{rel}","templated":true}]}}