{"id":152980,"date":"2018-05-08T12:25:11","date_gmt":"2018-05-08T11:25:11","guid":{"rendered":"http:\/\/kapitalis.com\/tunisie\/?p=152980"},"modified":"2018-05-08T12:25:11","modified_gmt":"2018-05-08T11:25:11","slug":"tunisie-taboubi-annonce-la-finalisation-de-laccord-de-carthage-2","status":"publish","type":"post","link":"https:\/\/kapitalis.com\/tunisie\/2018\/05\/08\/tunisie-taboubi-annonce-la-finalisation-de-laccord-de-carthage-2\/","title":{"rendered":"Tunisie : Taboubi annonce la finalisation de l&rsquo;Accord de Carthage 2"},"content":{"rendered":"<p style=\"text-align: center;\"><img loading=\"lazy\" decoding=\"async\" class=\"alignnone size-full wp-image-143315\" src=\"http:\/\/kapitalis.com\/tunisie\/wp-content\/uploads\/2018\/03\/Beji-Caid-Essebsi.jpg\" alt=\"\" width=\"626\" height=\"380\" \/><\/p>\n<p><em><strong>Noureddine Taboubi, secr\u00e9taire g\u00e9n\u00e9ral de l&rsquo;Union g\u00e9n\u00e9rale tunisienne du travail (UGTT), a annonc\u00e9 que les signataires du premier Accord de Carthage se r\u00e9uniront le 14 mai 2018 pour finaliser la nouvelle mouture du document.<\/strong><\/em><!--more--><\/p>\n<p>Dans une d\u00e9claration \u00e0 Jawhara FM, aujourd&rsquo;hui, mardi 8 mai, le dirigeant syndicaliste a indiqu\u00e9 que l&rsquo;Accord de Carthage 2 a \u00e9t\u00e9 finalis\u00e9 et que les signataires du premier document, c&rsquo;est-\u00e0-dire, les secr\u00e9taires g\u00e9n\u00e9raux des partis politiques et ceux des organisations nationales, se r\u00e9uniront le 14 mai courant pour discuter des nouvelles dispositions \u00e0 prendre pour assurer la r\u00e9ussite de sa mise en oeuvre.<\/p>\n<p>\u00ab<em>Il \u00e9tait pr\u00e9vu que nous nous r\u00e9unissions, ce matin, \u00e0 8 heures, pour discuter \u00e0 propos de ce nouveau document et d\u00e9finir les priorit\u00e9s pour la prochaine p\u00e9riode. Or, nous n&rsquo;avons pas pu, en raison de la tenue du congr\u00e8s national de l&rsquo;Union tunisienne de l&rsquo;agriculture et de la p\u00eache<\/em>\u00bb, a expliqu\u00e9 le secr\u00e9taire g\u00e9n\u00e9ral de la centrale syndicale.<\/p>\n<p>Notons que Sami Tahri, secr\u00e9taire g\u00e9n\u00e9ral de l&rsquo;UGTT, avait indiqu\u00e9, il y a 3 jours, que la centrale syndicale ne signera pas l&rsquo;Accord de Carthage 2.<\/p>\n<p>Selon lui, des mesures lib\u00e9rales, qui sont en contradiction avec les int\u00e9r\u00eats des travailleurs et des Tunisiens, ont \u00e9t\u00e9 incluses dans ce nouveau document.<\/p>\n<p style=\"text-align: right;\"><strong>E. B. A.<\/strong><\/p>\n<blockquote class=\"wp-embedded-content\" data-secret=\"HGIzWaksQo\"><p><a href=\"https:\/\/kapitalis.com\/tunisie\/2018\/05\/05\/sami-tahri-lugtt-ne-signera-pas-laccord-de-carthage-2\/\">Sami Tahri : L&rsquo;UGTT ne signera pas l&rsquo;Accord de Carthage 2<\/a><\/p><\/blockquote>\n<p><iframe loading=\"lazy\" class=\"wp-embedded-content\" sandbox=\"allow-scripts\" security=\"restricted\" style=\"position: absolute; clip: rect(1px, 1px, 1px, 1px);\" title=\"\u00ab\u00a0Sami Tahri : L&rsquo;UGTT ne signera pas l&rsquo;Accord de Carthage 2\u00a0\u00bb &#8212; Kapitalis\" src=\"https:\/\/kapitalis.com\/tunisie\/2018\/05\/05\/sami-tahri-lugtt-ne-signera-pas-laccord-de-carthage-2\/embed\/#?secret=6mQKOnizeS#?secret=HGIzWaksQo\" data-secret=\"HGIzWaksQo\" width=\"600\" height=\"338\" frameborder=\"0\" marginwidth=\"0\" marginheight=\"0\" scrolling=\"no\"><\/iframe><\/p>\n","protected":false},"excerpt":{"rendered":"<p>Noureddine Taboubi, secr\u00e9taire g\u00e9n\u00e9ral de l&rsquo;Union g\u00e9n\u00e9rale tunisienne du travail (UGTT), a annonc\u00e9 que les signataires du premier Accord de Carthage se r\u00e9uniront le 14 mai 2018 pour finaliser la nouvelle mouture du document.<\/p>\n","protected":false},"author":16,"featured_media":0,"comment_status":"open","ping_status":"open","sticky":false,"template":"","format":"standard","meta":{"footnotes":""},"categories":[997,2433],"tags":[46000,21897,11862,936,3614],"class_list":["post-152980","post","type-post","status-publish","format-standard","hentry","category-politique","category-tunisie","tag-accord-de-carthage-2","tag-noureddine-taboubi","tag-sami-tahri","tag-ugtt","tag-utap"],"yoast_head":"<!-- This site is optimized with the Yoast SEO plugin v26.6 - https:\/\/yoast.com\/wordpress\/plugins\/seo\/ -->\n<title>Tunisie : Taboubi annonce la finalisation de l&#039;Accord de Carthage 2 - Kapitalis<\/title>\n<meta name=\"robots\" content=\"index, follow, max-snippet:-1, max-image-preview:large, max-video-preview:-1\" \/>\n<link rel=\"canonical\" href=\"https:\/\/kapitalis.com\/tunisie\/2018\/05\/08\/tunisie-taboubi-annonce-la-finalisation-de-laccord-de-carthage-2\/\" \/>\n<meta property=\"og:locale\" content=\"fr_FR\" \/>\n<meta property=\"og:type\" content=\"article\" \/>\n<meta property=\"og:title\" content=\"Tunisie : Taboubi annonce la finalisation de l&#039;Accord de Carthage 2 - Kapitalis\" \/>\n<meta property=\"og:description\" content=\"Noureddine Taboubi, secr\u00e9taire g\u00e9n\u00e9ral de l&rsquo;Union g\u00e9n\u00e9rale tunisienne du travail (UGTT), a annonc\u00e9 que les signataires du premier Accord de Carthage se r\u00e9uniront le 14 mai 2018 pour finaliser la nouvelle mouture du document.\" \/>\n<meta property=\"og:url\" content=\"https:\/\/kapitalis.com\/tunisie\/2018\/05\/08\/tunisie-taboubi-annonce-la-finalisation-de-laccord-de-carthage-2\/\" \/>\n<meta property=\"og:site_name\" content=\"Kapitalis\" \/>\n<meta property=\"article:publisher\" content=\"https:\/\/www.facebook.com\/KapitalisInfo\/\" \/>\n<meta property=\"article:published_time\" content=\"2018-05-08T11:25:11+00:00\" \/>\n<meta property=\"og:image\" content=\"http:\/\/kapitalis.com\/tunisie\/wp-content\/uploads\/2018\/03\/Beji-Caid-Essebsi.jpg\" \/>\n<meta name=\"author\" content=\"emna benabdallah\" \/>\n<meta name=\"twitter:card\" content=\"summary_large_image\" \/>\n<meta name=\"twitter:creator\" content=\"@KapitalisInfo\" \/>\n<meta name=\"twitter:site\" content=\"@KapitalisInfo\" \/>\n<meta name=\"twitter:label1\" content=\"\u00c9crit par\" \/>\n\t<meta name=\"twitter:data1\" content=\"emna benabdallah\" \/>\n\t<meta name=\"twitter:label2\" content=\"Dur\u00e9e de lecture estim\u00e9e\" \/>\n\t<meta name=\"twitter:data2\" content=\"1 minute\" \/>\n<script type=\"application\/ld+json\" class=\"yoast-schema-graph\">{\"@context\":\"https:\/\/schema.org\",\"@graph\":[{\"@type\":\"Article\",\"@id\":\"https:\/\/kapitalis.com\/tunisie\/2018\/05\/08\/tunisie-taboubi-annonce-la-finalisation-de-laccord-de-carthage-2\/#article\",\"isPartOf\":{\"@id\":\"https:\/\/kapitalis.com\/tunisie\/2018\/05\/08\/tunisie-taboubi-annonce-la-finalisation-de-laccord-de-carthage-2\/\"},\"author\":{\"name\":\"emna benabdallah\",\"@id\":\"https:\/\/kapitalis.com\/tunisie\/#\/schema\/person\/2c6e134b2f3369dffcd1daf5f087d28b\"},\"headline\":\"Tunisie : Taboubi annonce la finalisation de l&rsquo;Accord de Carthage 2\",\"datePublished\":\"2018-05-08T11:25:11+00:00\",\"mainEntityOfPage\":{\"@id\":\"https:\/\/kapitalis.com\/tunisie\/2018\/05\/08\/tunisie-taboubi-annonce-la-finalisation-de-laccord-de-carthage-2\/\"},\"wordCount\":241,\"commentCount\":2,\"publisher\":{\"@id\":\"https:\/\/kapitalis.com\/tunisie\/#organization\"},\"image\":{\"@id\":\"https:\/\/kapitalis.com\/tunisie\/2018\/05\/08\/tunisie-taboubi-annonce-la-finalisation-de-laccord-de-carthage-2\/#primaryimage\"},\"thumbnailUrl\":\"http:\/\/kapitalis.com\/tunisie\/wp-content\/uploads\/2018\/03\/Beji-Caid-Essebsi.jpg\",\"keywords\":[\"Accord de Carthage 2\",\"Noureddine Taboubi\",\"Sami Tahri\",\"UGTT\",\"Utap\"],\"articleSection\":[\"POLITIQUE\",\"Tunisie\"],\"inLanguage\":\"fr-FR\",\"potentialAction\":[{\"@type\":\"CommentAction\",\"name\":\"Comment\",\"target\":[\"https:\/\/kapitalis.com\/tunisie\/2018\/05\/08\/tunisie-taboubi-annonce-la-finalisation-de-laccord-de-carthage-2\/#respond\"]}]},{\"@type\":\"WebPage\",\"@id\":\"https:\/\/kapitalis.com\/tunisie\/2018\/05\/08\/tunisie-taboubi-annonce-la-finalisation-de-laccord-de-carthage-2\/\",\"url\":\"https:\/\/kapitalis.com\/tunisie\/2018\/05\/08\/tunisie-taboubi-annonce-la-finalisation-de-laccord-de-carthage-2\/\",\"name\":\"Tunisie : Taboubi annonce la finalisation de l'Accord de Carthage 2 - Kapitalis\",\"isPartOf\":{\"@id\":\"https:\/\/kapitalis.com\/tunisie\/#website\"},\"primaryImageOfPage\":{\"@id\":\"https:\/\/kapitalis.com\/tunisie\/2018\/05\/08\/tunisie-taboubi-annonce-la-finalisation-de-laccord-de-carthage-2\/#primaryimage\"},\"image\":{\"@id\":\"https:\/\/kapitalis.com\/tunisie\/2018\/05\/08\/tunisie-taboubi-annonce-la-finalisation-de-laccord-de-carthage-2\/#primaryimage\"},\"thumbnailUrl\":\"http:\/\/kapitalis.com\/tunisie\/wp-content\/uploads\/2018\/03\/Beji-Caid-Essebsi.jpg\",\"datePublished\":\"2018-05-08T11:25:11+00:00\",\"breadcrumb\":{\"@id\":\"https:\/\/kapitalis.com\/tunisie\/2018\/05\/08\/tunisie-taboubi-annonce-la-finalisation-de-laccord-de-carthage-2\/#breadcrumb\"},\"inLanguage\":\"fr-FR\",\"potentialAction\":[{\"@type\":\"ReadAction\",\"target\":[\"https:\/\/kapitalis.com\/tunisie\/2018\/05\/08\/tunisie-taboubi-annonce-la-finalisation-de-laccord-de-carthage-2\/\"]}]},{\"@type\":\"ImageObject\",\"inLanguage\":\"fr-FR\",\"@id\":\"https:\/\/kapitalis.com\/tunisie\/2018\/05\/08\/tunisie-taboubi-annonce-la-finalisation-de-laccord-de-carthage-2\/#primaryimage\",\"url\":\"http:\/\/kapitalis.com\/tunisie\/wp-content\/uploads\/2018\/03\/Beji-Caid-Essebsi.jpg\",\"contentUrl\":\"http:\/\/kapitalis.com\/tunisie\/wp-content\/uploads\/2018\/03\/Beji-Caid-Essebsi.jpg\"},{\"@type\":\"BreadcrumbList\",\"@id\":\"https:\/\/kapitalis.com\/tunisie\/2018\/05\/08\/tunisie-taboubi-annonce-la-finalisation-de-laccord-de-carthage-2\/#breadcrumb\",\"itemListElement\":[{\"@type\":\"ListItem\",\"position\":1,\"name\":\"Accueil\",\"item\":\"https:\/\/kapitalis.com\/tunisie\/\"},{\"@type\":\"ListItem\",\"position\":2,\"name\":\"Tunisie : Taboubi annonce la finalisation de l&rsquo;Accord de Carthage 2\"}]},{\"@type\":\"WebSite\",\"@id\":\"https:\/\/kapitalis.com\/tunisie\/#website\",\"url\":\"https:\/\/kapitalis.com\/tunisie\/\",\"name\":\"Kapitalis\",\"description\":\"L&#039;actualit\u00e9 en Tunisie et dans le monde\",\"publisher\":{\"@id\":\"https:\/\/kapitalis.com\/tunisie\/#organization\"},\"potentialAction\":[{\"@type\":\"SearchAction\",\"target\":{\"@type\":\"EntryPoint\",\"urlTemplate\":\"https:\/\/kapitalis.com\/tunisie\/?s={search_term_string}\"},\"query-input\":{\"@type\":\"PropertyValueSpecification\",\"valueRequired\":true,\"valueName\":\"search_term_string\"}}],\"inLanguage\":\"fr-FR\"},{\"@type\":\"Organization\",\"@id\":\"https:\/\/kapitalis.com\/tunisie\/#organization\",\"name\":\"Kapitalis\",\"url\":\"https:\/\/kapitalis.com\/tunisie\/\",\"logo\":{\"@type\":\"ImageObject\",\"inLanguage\":\"fr-FR\",\"@id\":\"https:\/\/kapitalis.com\/tunisie\/#\/schema\/logo\/image\/\",\"url\":\"https:\/\/kapitalis.com\/tunisie\/wp-content\/uploads\/2022\/05\/Kapitalis-big-size.png\",\"contentUrl\":\"https:\/\/kapitalis.com\/tunisie\/wp-content\/uploads\/2022\/05\/Kapitalis-big-size.png\",\"width\":5000,\"height\":1500,\"caption\":\"Kapitalis\"},\"image\":{\"@id\":\"https:\/\/kapitalis.com\/tunisie\/#\/schema\/logo\/image\/\"},\"sameAs\":[\"https:\/\/www.facebook.com\/KapitalisInfo\/\",\"https:\/\/x.com\/KapitalisInfo\",\"https:\/\/www.youtube.com\/channel\/UC-yDYrHyfFBWWZaOw3FPg9Q\"]},{\"@type\":\"Person\",\"@id\":\"https:\/\/kapitalis.com\/tunisie\/#\/schema\/person\/2c6e134b2f3369dffcd1daf5f087d28b\",\"name\":\"emna benabdallah\",\"url\":\"https:\/\/kapitalis.com\/tunisie\/author\/emna\/\"}]}<\/script>\n<!-- \/ Yoast SEO plugin. -->","yoast_head_json":{"title":"Tunisie : Taboubi annonce la finalisation de l'Accord de Carthage 2 - Kapitalis","robots":{"index":"index","follow":"follow","max-snippet":"max-snippet:-1","max-image-preview":"max-image-preview:large","max-video-preview":"max-video-preview:-1"},"canonical":"https:\/\/kapitalis.com\/tunisie\/2018\/05\/08\/tunisie-taboubi-annonce-la-finalisation-de-laccord-de-carthage-2\/","og_locale":"fr_FR","og_type":"article","og_title":"Tunisie : Taboubi annonce la finalisation de l'Accord de Carthage 2 - Kapitalis","og_description":"Noureddine Taboubi, secr\u00e9taire g\u00e9n\u00e9ral de l&rsquo;Union g\u00e9n\u00e9rale tunisienne du travail (UGTT), a annonc\u00e9 que les signataires du premier Accord de Carthage se r\u00e9uniront le 14 mai 2018 pour finaliser la nouvelle mouture du document.","og_url":"https:\/\/kapitalis.com\/tunisie\/2018\/05\/08\/tunisie-taboubi-annonce-la-finalisation-de-laccord-de-carthage-2\/","og_site_name":"Kapitalis","article_publisher":"https:\/\/www.facebook.com\/KapitalisInfo\/","article_published_time":"2018-05-08T11:25:11+00:00","og_image":[{"url":"http:\/\/kapitalis.com\/tunisie\/wp-content\/uploads\/2018\/03\/Beji-Caid-Essebsi.jpg","type":"","width":"","height":""}],"author":"emna benabdallah","twitter_card":"summary_large_image","twitter_creator":"@KapitalisInfo","twitter_site":"@KapitalisInfo","twitter_misc":{"\u00c9crit par":"emna benabdallah","Dur\u00e9e de lecture estim\u00e9e":"1 minute"},"schema":{"@context":"https:\/\/schema.org","@graph":[{"@type":"Article","@id":"https:\/\/kapitalis.com\/tunisie\/2018\/05\/08\/tunisie-taboubi-annonce-la-finalisation-de-laccord-de-carthage-2\/#article","isPartOf":{"@id":"https:\/\/kapitalis.com\/tunisie\/2018\/05\/08\/tunisie-taboubi-annonce-la-finalisation-de-laccord-de-carthage-2\/"},"author":{"name":"emna benabdallah","@id":"https:\/\/kapitalis.com\/tunisie\/#\/schema\/person\/2c6e134b2f3369dffcd1daf5f087d28b"},"headline":"Tunisie : Taboubi annonce la finalisation de l&rsquo;Accord de Carthage 2","datePublished":"2018-05-08T11:25:11+00:00","mainEntityOfPage":{"@id":"https:\/\/kapitalis.com\/tunisie\/2018\/05\/08\/tunisie-taboubi-annonce-la-finalisation-de-laccord-de-carthage-2\/"},"wordCount":241,"commentCount":2,"publisher":{"@id":"https:\/\/kapitalis.com\/tunisie\/#organization"},"image":{"@id":"https:\/\/kapitalis.com\/tunisie\/2018\/05\/08\/tunisie-taboubi-annonce-la-finalisation-de-laccord-de-carthage-2\/#primaryimage"},"thumbnailUrl":"http:\/\/kapitalis.com\/tunisie\/wp-content\/uploads\/2018\/03\/Beji-Caid-Essebsi.jpg","keywords":["Accord de Carthage 2","Noureddine Taboubi","Sami Tahri","UGTT","Utap"],"articleSection":["POLITIQUE","Tunisie"],"inLanguage":"fr-FR","potentialAction":[{"@type":"CommentAction","name":"Comment","target":["https:\/\/kapitalis.com\/tunisie\/2018\/05\/08\/tunisie-taboubi-annonce-la-finalisation-de-laccord-de-carthage-2\/#respond"]}]},{"@type":"WebPage","@id":"https:\/\/kapitalis.com\/tunisie\/2018\/05\/08\/tunisie-taboubi-annonce-la-finalisation-de-laccord-de-carthage-2\/","url":"https:\/\/kapitalis.com\/tunisie\/2018\/05\/08\/tunisie-taboubi-annonce-la-finalisation-de-laccord-de-carthage-2\/","name":"Tunisie : Taboubi annonce la finalisation de l'Accord de Carthage 2 - Kapitalis","isPartOf":{"@id":"https:\/\/kapitalis.com\/tunisie\/#website"},"primaryImageOfPage":{"@id":"https:\/\/kapitalis.com\/tunisie\/2018\/05\/08\/tunisie-taboubi-annonce-la-finalisation-de-laccord-de-carthage-2\/#primaryimage"},"image":{"@id":"https:\/\/kapitalis.com\/tunisie\/2018\/05\/08\/tunisie-taboubi-annonce-la-finalisation-de-laccord-de-carthage-2\/#primaryimage"},"thumbnailUrl":"http:\/\/kapitalis.com\/tunisie\/wp-content\/uploads\/2018\/03\/Beji-Caid-Essebsi.jpg","datePublished":"2018-05-08T11:25:11+00:00","breadcrumb":{"@id":"https:\/\/kapitalis.com\/tunisie\/2018\/05\/08\/tunisie-taboubi-annonce-la-finalisation-de-laccord-de-carthage-2\/#breadcrumb"},"inLanguage":"fr-FR","potentialAction":[{"@type":"ReadAction","target":["https:\/\/kapitalis.com\/tunisie\/2018\/05\/08\/tunisie-taboubi-annonce-la-finalisation-de-laccord-de-carthage-2\/"]}]},{"@type":"ImageObject","inLanguage":"fr-FR","@id":"https:\/\/kapitalis.com\/tunisie\/2018\/05\/08\/tunisie-taboubi-annonce-la-finalisation-de-laccord-de-carthage-2\/#primaryimage","url":"http:\/\/kapitalis.com\/tunisie\/wp-content\/uploads\/2018\/03\/Beji-Caid-Essebsi.jpg","contentUrl":"http:\/\/kapitalis.com\/tunisie\/wp-content\/uploads\/2018\/03\/Beji-Caid-Essebsi.jpg"},{"@type":"BreadcrumbList","@id":"https:\/\/kapitalis.com\/tunisie\/2018\/05\/08\/tunisie-taboubi-annonce-la-finalisation-de-laccord-de-carthage-2\/#breadcrumb","itemListElement":[{"@type":"ListItem","position":1,"name":"Accueil","item":"https:\/\/kapitalis.com\/tunisie\/"},{"@type":"ListItem","position":2,"name":"Tunisie : Taboubi annonce la finalisation de l&rsquo;Accord de Carthage 2"}]},{"@type":"WebSite","@id":"https:\/\/kapitalis.com\/tunisie\/#website","url":"https:\/\/kapitalis.com\/tunisie\/","name":"Kapitalis","description":"L&#039;actualit\u00e9 en Tunisie et dans le monde","publisher":{"@id":"https:\/\/kapitalis.com\/tunisie\/#organization"},"potentialAction":[{"@type":"SearchAction","target":{"@type":"EntryPoint","urlTemplate":"https:\/\/kapitalis.com\/tunisie\/?s={search_term_string}"},"query-input":{"@type":"PropertyValueSpecification","valueRequired":true,"valueName":"search_term_string"}}],"inLanguage":"fr-FR"},{"@type":"Organization","@id":"https:\/\/kapitalis.com\/tunisie\/#organization","name":"Kapitalis","url":"https:\/\/kapitalis.com\/tunisie\/","logo":{"@type":"ImageObject","inLanguage":"fr-FR","@id":"https:\/\/kapitalis.com\/tunisie\/#\/schema\/logo\/image\/","url":"https:\/\/kapitalis.com\/tunisie\/wp-content\/uploads\/2022\/05\/Kapitalis-big-size.png","contentUrl":"https:\/\/kapitalis.com\/tunisie\/wp-content\/uploads\/2022\/05\/Kapitalis-big-size.png","width":5000,"height":1500,"caption":"Kapitalis"},"image":{"@id":"https:\/\/kapitalis.com\/tunisie\/#\/schema\/logo\/image\/"},"sameAs":["https:\/\/www.facebook.com\/KapitalisInfo\/","https:\/\/x.com\/KapitalisInfo","https:\/\/www.youtube.com\/channel\/UC-yDYrHyfFBWWZaOw3FPg9Q"]},{"@type":"Person","@id":"https:\/\/kapitalis.com\/tunisie\/#\/schema\/person\/2c6e134b2f3369dffcd1daf5f087d28b","name":"emna benabdallah","url":"https:\/\/kapitalis.com\/tunisie\/author\/emna\/"}]}},"_links":{"self":[{"href":"https:\/\/kapitalis.com\/tunisie\/wp-json\/wp\/v2\/posts\/152980","targetHints":{"allow":["GET"]}}],"collection":[{"href":"https:\/\/kapitalis.com\/tunisie\/wp-json\/wp\/v2\/posts"}],"about":[{"href":"https:\/\/kapitalis.com\/tunisie\/wp-json\/wp\/v2\/types\/post"}],"author":[{"embeddable":true,"href":"https:\/\/kapitalis.com\/tunisie\/wp-json\/wp\/v2\/users\/16"}],"replies":[{"embeddable":true,"href":"https:\/\/kapitalis.com\/tunisie\/wp-json\/wp\/v2\/comments?post=152980"}],"version-history":[{"count":0,"href":"https:\/\/kapitalis.com\/tunisie\/wp-json\/wp\/v2\/posts\/152980\/revisions"}],"wp:attachment":[{"href":"https:\/\/kapitalis.com\/tunisie\/wp-json\/wp\/v2\/media?parent=152980"}],"wp:term":[{"taxonomy":"category","embeddable":true,"href":"https:\/\/kapitalis.com\/tunisie\/wp-json\/wp\/v2\/categories?post=152980"},{"taxonomy":"post_tag","embeddable":true,"href":"https:\/\/kapitalis.com\/tunisie\/wp-json\/wp\/v2\/tags?post=152980"}],"curies":[{"name":"wp","href":"https:\/\/api.w.org\/{rel}","templated":true}]}}