{"id":152991,"date":"2018-05-08T12:47:00","date_gmt":"2018-05-08T11:47:00","guid":{"rendered":"http:\/\/kapitalis.com\/tunisie\/?p=152991"},"modified":"2018-05-08T13:01:52","modified_gmt":"2018-05-08T12:01:52","slug":"sncft-un-conducteur-de-train-violente-a-hammam-lif-video","status":"publish","type":"post","link":"https:\/\/kapitalis.com\/tunisie\/2018\/05\/08\/sncft-un-conducteur-de-train-violente-a-hammam-lif-video\/","title":{"rendered":"SNCFT : Un conducteur de train violent\u00e9 \u00e0 Hammam-Lif (vid\u00e9o)"},"content":{"rendered":"<p style=\"text-align: center;\"><img loading=\"lazy\" decoding=\"async\" class=\"alignnone size-full wp-image-153004\" src=\"http:\/\/kapitalis.com\/tunisie\/wp-content\/uploads\/2018\/05\/Hammam-Lif-retard-trains-agression-conducteur.jpg\" alt=\"\" width=\"626\" height=\"380\" \/><\/p>\n<p><em><strong>Des voyageurs en col\u00e8re \u00e0 cause des retards des trains de la banlieue sud, enregistr\u00e9s ce matin, mardi 8 mai 2018, ont sorti de force un conducteur de sa locomotive \u00e0 Hammam-Lif\u00a0et l\u2019on agress\u00e9.<\/strong><\/em><!--more--><\/p>\n<p>Le trafic des trains de la banlieue sud connaissent des perturbations depuis plus de 10 jours, et les voyageurs ont du attendre plus d\u2019une heure l\u2019arriv\u00e9e d\u2019un train en direction de Tunis. M\u00e9contents de ce retard, certains voyageurs s\u2019en sont pris au conducteur, qui a \u00e9t\u00e9 insult\u00e9 et violent\u00e9 jusqu\u2019\u00e0 l\u2019intervention de la police.<\/p>\n<p>Selon des t\u00e9moins, le train se trouvait sur le quai et le conducteur refusait de d\u00e9marrer\u2026 Film\u00e9e par un voyageur, la sc\u00e8ne est aussi d\u00e9solante que violente et l&rsquo;on craint que les coll\u00e8gues de la victime ne se mettent en gr\u00e8ve apr\u00e8s cet incident.<\/p>\n<div class=\"embed\">\n<div class=\"video\"><iframe loading=\"lazy\" src=\"\/\/www.dailymotion.com\/embed\/video\/x6j3hnw\" width=\"480\" height=\"270\" frameborder=\"0\" allowfullscreen=\"allowfullscreen\"><\/iframe><\/div>\n<\/div>\n<p>La Soci\u00e9t\u00e9 nationale des chemins de fer tunisiens (SNCFT) avait communiqu\u00e9, dimanche dernier, sur l\u2019annulation de quelques voyages sur les lignes ferroviaires de la banlieue sud \u00e0 Tunis, entre le 7 et le 15 mai, en raison d&rsquo;un manque de machines.<\/p>\n<p>On voit la cons\u00e9quence : un trafic perturb\u00e9, des voyageurs en col\u00e8re et des employ\u00e9s pris \u00e0 partie&#8230;<\/p>\n<p style=\"text-align: right;\"><strong>Y. N.<\/strong><\/p>\n<blockquote class=\"wp-embedded-content\" data-secret=\"EnKIqQjDTK\"><p><a href=\"https:\/\/kapitalis.com\/tunisie\/2018\/04\/12\/suspension-sauvage-du-trafic-des-trains-de-la-banlieue-sud-de-tunis\/\">Suspension sauvage du trafic des trains de la banlieue sud de Tunis<\/a><\/p><\/blockquote>\n<p><iframe loading=\"lazy\" class=\"wp-embedded-content\" sandbox=\"allow-scripts\" security=\"restricted\" style=\"position: absolute; clip: rect(1px, 1px, 1px, 1px);\" title=\"\u00ab\u00a0Suspension sauvage du trafic des trains de la banlieue sud de Tunis\u00a0\u00bb &#8212; Kapitalis\" src=\"https:\/\/kapitalis.com\/tunisie\/2018\/04\/12\/suspension-sauvage-du-trafic-des-trains-de-la-banlieue-sud-de-tunis\/embed\/#?secret=lCQArF1sEt#?secret=EnKIqQjDTK\" data-secret=\"EnKIqQjDTK\" width=\"600\" height=\"338\" frameborder=\"0\" marginwidth=\"0\" marginheight=\"0\" scrolling=\"no\"><\/iframe><\/p>\n<blockquote class=\"wp-embedded-content\" data-secret=\"fbTDy6diFt\"><p><a href=\"https:\/\/kapitalis.com\/tunisie\/2018\/05\/04\/megrine-identite-du-conducteur-decede-dans-la-collision-de-trains\/\">M\u00e9grine : Identit\u00e9 du conducteur d\u00e9c\u00e9d\u00e9 dans la collision de trains<\/a><\/p><\/blockquote>\n<p><iframe loading=\"lazy\" class=\"wp-embedded-content\" sandbox=\"allow-scripts\" security=\"restricted\" style=\"position: absolute; clip: rect(1px, 1px, 1px, 1px);\" title=\"\u00ab\u00a0M\u00e9grine : Identit\u00e9 du conducteur d\u00e9c\u00e9d\u00e9 dans la collision de trains\u00a0\u00bb &#8212; Kapitalis\" src=\"https:\/\/kapitalis.com\/tunisie\/2018\/05\/04\/megrine-identite-du-conducteur-decede-dans-la-collision-de-trains\/embed\/#?secret=P5lLBWAQCE#?secret=fbTDy6diFt\" data-secret=\"fbTDy6diFt\" width=\"600\" height=\"338\" frameborder=\"0\" marginwidth=\"0\" marginheight=\"0\" scrolling=\"no\"><\/iframe><\/p>\n","protected":false},"excerpt":{"rendered":"<p>Des voyageurs en col\u00e8re \u00e0 cause des retards des trains de la banlieue sud, enregistr\u00e9s ce matin, mardi 8 mai 2018, ont sorti de force un conducteur de sa locomotive \u00e0 Hammam-Lif\u00a0et l\u2019on agress\u00e9.<\/p>\n","protected":false},"author":6,"featured_media":153004,"comment_status":"open","ping_status":"open","sticky":false,"template":"","format":"standard","meta":{"footnotes":""},"categories":[998,2433,4806],"tags":[45,2107,438,2374,837,912,3351,3292],"class_list":["post-152991","post","type-post","status-publish","format-standard","has-post-thumbnail","hentry","category-societe","category-tunisie","category-videos","tag-agression","tag-banlieue-sud","tag-hammam-lif","tag-retard","tag-sncft","tag-trafic","tag-trains","tag-voyageurs"],"yoast_head":"<!-- This site is optimized with the Yoast SEO plugin v26.6 - https:\/\/yoast.com\/wordpress\/plugins\/seo\/ -->\n<title>SNCFT : Un conducteur de train violent\u00e9 \u00e0 Hammam-Lif (vid\u00e9o) - Kapitalis<\/title>\n<meta name=\"robots\" content=\"index, follow, max-snippet:-1, max-image-preview:large, max-video-preview:-1\" \/>\n<link rel=\"canonical\" href=\"https:\/\/kapitalis.com\/tunisie\/2018\/05\/08\/sncft-un-conducteur-de-train-violente-a-hammam-lif-video\/\" \/>\n<meta property=\"og:locale\" content=\"fr_FR\" \/>\n<meta property=\"og:type\" content=\"article\" \/>\n<meta property=\"og:title\" content=\"SNCFT : Un conducteur de train violent\u00e9 \u00e0 Hammam-Lif (vid\u00e9o) - Kapitalis\" \/>\n<meta property=\"og:description\" content=\"Des voyageurs en col\u00e8re \u00e0 cause des retards des trains de la banlieue sud, enregistr\u00e9s ce matin, mardi 8 mai 2018, ont sorti de force un conducteur de sa locomotive \u00e0 Hammam-Lif\u00a0et l\u2019on agress\u00e9.\" \/>\n<meta property=\"og:url\" content=\"https:\/\/kapitalis.com\/tunisie\/2018\/05\/08\/sncft-un-conducteur-de-train-violente-a-hammam-lif-video\/\" \/>\n<meta property=\"og:site_name\" content=\"Kapitalis\" \/>\n<meta property=\"article:publisher\" content=\"https:\/\/www.facebook.com\/KapitalisInfo\/\" \/>\n<meta property=\"article:published_time\" content=\"2018-05-08T11:47:00+00:00\" \/>\n<meta property=\"article:modified_time\" content=\"2018-05-08T12:01:52+00:00\" \/>\n<meta property=\"og:image\" content=\"https:\/\/kapitalis.com\/tunisie\/wp-content\/uploads\/2022\/05\/kapitalis-logo-fb.png\" \/>\n\t<meta property=\"og:image:width\" content=\"1200\" \/>\n\t<meta property=\"og:image:height\" content=\"630\" \/>\n\t<meta property=\"og:image:type\" content=\"image\/png\" \/>\n<meta name=\"author\" content=\"Yusra NY\" \/>\n<meta name=\"twitter:card\" content=\"summary_large_image\" \/>\n<meta name=\"twitter:creator\" content=\"@KapitalisInfo\" \/>\n<meta name=\"twitter:site\" content=\"@KapitalisInfo\" \/>\n<meta name=\"twitter:label1\" content=\"\u00c9crit par\" \/>\n\t<meta name=\"twitter:data1\" content=\"Yusra NY\" \/>\n\t<meta name=\"twitter:label2\" content=\"Dur\u00e9e de lecture estim\u00e9e\" \/>\n\t<meta name=\"twitter:data2\" content=\"1 minute\" \/>\n<script type=\"application\/ld+json\" class=\"yoast-schema-graph\">{\"@context\":\"https:\/\/schema.org\",\"@graph\":[{\"@type\":\"Article\",\"@id\":\"https:\/\/kapitalis.com\/tunisie\/2018\/05\/08\/sncft-un-conducteur-de-train-violente-a-hammam-lif-video\/#article\",\"isPartOf\":{\"@id\":\"https:\/\/kapitalis.com\/tunisie\/2018\/05\/08\/sncft-un-conducteur-de-train-violente-a-hammam-lif-video\/\"},\"author\":{\"name\":\"Yusra NY\",\"@id\":\"https:\/\/kapitalis.com\/tunisie\/#\/schema\/person\/74bbde0154d49d790a92aaeac5bc01d5\"},\"headline\":\"SNCFT : Un conducteur de train violent\u00e9 \u00e0 Hammam-Lif (vid\u00e9o)\",\"datePublished\":\"2018-05-08T11:47:00+00:00\",\"dateModified\":\"2018-05-08T12:01:52+00:00\",\"mainEntityOfPage\":{\"@id\":\"https:\/\/kapitalis.com\/tunisie\/2018\/05\/08\/sncft-un-conducteur-de-train-violente-a-hammam-lif-video\/\"},\"wordCount\":226,\"commentCount\":5,\"publisher\":{\"@id\":\"https:\/\/kapitalis.com\/tunisie\/#organization\"},\"image\":{\"@id\":\"https:\/\/kapitalis.com\/tunisie\/2018\/05\/08\/sncft-un-conducteur-de-train-violente-a-hammam-lif-video\/#primaryimage\"},\"thumbnailUrl\":\"\",\"keywords\":[\"agression\",\"banlieue sud\",\"Hammam-Lif\",\"retard\",\"SNCFT\",\"trafic\",\"trains\",\"voyageurs\"],\"articleSection\":[\"SOCIETE\",\"Tunisie\",\"VIDEOS\"],\"inLanguage\":\"fr-FR\",\"potentialAction\":[{\"@type\":\"CommentAction\",\"name\":\"Comment\",\"target\":[\"https:\/\/kapitalis.com\/tunisie\/2018\/05\/08\/sncft-un-conducteur-de-train-violente-a-hammam-lif-video\/#respond\"]}]},{\"@type\":\"WebPage\",\"@id\":\"https:\/\/kapitalis.com\/tunisie\/2018\/05\/08\/sncft-un-conducteur-de-train-violente-a-hammam-lif-video\/\",\"url\":\"https:\/\/kapitalis.com\/tunisie\/2018\/05\/08\/sncft-un-conducteur-de-train-violente-a-hammam-lif-video\/\",\"name\":\"SNCFT : Un conducteur de train violent\u00e9 \u00e0 Hammam-Lif (vid\u00e9o) - Kapitalis\",\"isPartOf\":{\"@id\":\"https:\/\/kapitalis.com\/tunisie\/#website\"},\"primaryImageOfPage\":{\"@id\":\"https:\/\/kapitalis.com\/tunisie\/2018\/05\/08\/sncft-un-conducteur-de-train-violente-a-hammam-lif-video\/#primaryimage\"},\"image\":{\"@id\":\"https:\/\/kapitalis.com\/tunisie\/2018\/05\/08\/sncft-un-conducteur-de-train-violente-a-hammam-lif-video\/#primaryimage\"},\"thumbnailUrl\":\"\",\"datePublished\":\"2018-05-08T11:47:00+00:00\",\"dateModified\":\"2018-05-08T12:01:52+00:00\",\"breadcrumb\":{\"@id\":\"https:\/\/kapitalis.com\/tunisie\/2018\/05\/08\/sncft-un-conducteur-de-train-violente-a-hammam-lif-video\/#breadcrumb\"},\"inLanguage\":\"fr-FR\",\"potentialAction\":[{\"@type\":\"ReadAction\",\"target\":[\"https:\/\/kapitalis.com\/tunisie\/2018\/05\/08\/sncft-un-conducteur-de-train-violente-a-hammam-lif-video\/\"]}]},{\"@type\":\"ImageObject\",\"inLanguage\":\"fr-FR\",\"@id\":\"https:\/\/kapitalis.com\/tunisie\/2018\/05\/08\/sncft-un-conducteur-de-train-violente-a-hammam-lif-video\/#primaryimage\",\"url\":\"\",\"contentUrl\":\"\"},{\"@type\":\"BreadcrumbList\",\"@id\":\"https:\/\/kapitalis.com\/tunisie\/2018\/05\/08\/sncft-un-conducteur-de-train-violente-a-hammam-lif-video\/#breadcrumb\",\"itemListElement\":[{\"@type\":\"ListItem\",\"position\":1,\"name\":\"Accueil\",\"item\":\"https:\/\/kapitalis.com\/tunisie\/\"},{\"@type\":\"ListItem\",\"position\":2,\"name\":\"SNCFT : Un conducteur de train violent\u00e9 \u00e0 Hammam-Lif (vid\u00e9o)\"}]},{\"@type\":\"WebSite\",\"@id\":\"https:\/\/kapitalis.com\/tunisie\/#website\",\"url\":\"https:\/\/kapitalis.com\/tunisie\/\",\"name\":\"Kapitalis\",\"description\":\"L&#039;actualit\u00e9 en Tunisie et dans le monde\",\"publisher\":{\"@id\":\"https:\/\/kapitalis.com\/tunisie\/#organization\"},\"potentialAction\":[{\"@type\":\"SearchAction\",\"target\":{\"@type\":\"EntryPoint\",\"urlTemplate\":\"https:\/\/kapitalis.com\/tunisie\/?s={search_term_string}\"},\"query-input\":{\"@type\":\"PropertyValueSpecification\",\"valueRequired\":true,\"valueName\":\"search_term_string\"}}],\"inLanguage\":\"fr-FR\"},{\"@type\":\"Organization\",\"@id\":\"https:\/\/kapitalis.com\/tunisie\/#organization\",\"name\":\"Kapitalis\",\"url\":\"https:\/\/kapitalis.com\/tunisie\/\",\"logo\":{\"@type\":\"ImageObject\",\"inLanguage\":\"fr-FR\",\"@id\":\"https:\/\/kapitalis.com\/tunisie\/#\/schema\/logo\/image\/\",\"url\":\"https:\/\/kapitalis.com\/tunisie\/wp-content\/uploads\/2022\/05\/Kapitalis-big-size.png\",\"contentUrl\":\"https:\/\/kapitalis.com\/tunisie\/wp-content\/uploads\/2022\/05\/Kapitalis-big-size.png\",\"width\":5000,\"height\":1500,\"caption\":\"Kapitalis\"},\"image\":{\"@id\":\"https:\/\/kapitalis.com\/tunisie\/#\/schema\/logo\/image\/\"},\"sameAs\":[\"https:\/\/www.facebook.com\/KapitalisInfo\/\",\"https:\/\/x.com\/KapitalisInfo\",\"https:\/\/www.youtube.com\/channel\/UC-yDYrHyfFBWWZaOw3FPg9Q\"]},{\"@type\":\"Person\",\"@id\":\"https:\/\/kapitalis.com\/tunisie\/#\/schema\/person\/74bbde0154d49d790a92aaeac5bc01d5\",\"name\":\"Yusra NY\",\"url\":\"https:\/\/kapitalis.com\/tunisie\/author\/yuza_adam\/\"}]}<\/script>\n<!-- \/ Yoast SEO plugin. -->","yoast_head_json":{"title":"SNCFT : Un conducteur de train violent\u00e9 \u00e0 Hammam-Lif (vid\u00e9o) - Kapitalis","robots":{"index":"index","follow":"follow","max-snippet":"max-snippet:-1","max-image-preview":"max-image-preview:large","max-video-preview":"max-video-preview:-1"},"canonical":"https:\/\/kapitalis.com\/tunisie\/2018\/05\/08\/sncft-un-conducteur-de-train-violente-a-hammam-lif-video\/","og_locale":"fr_FR","og_type":"article","og_title":"SNCFT : Un conducteur de train violent\u00e9 \u00e0 Hammam-Lif (vid\u00e9o) - Kapitalis","og_description":"Des voyageurs en col\u00e8re \u00e0 cause des retards des trains de la banlieue sud, enregistr\u00e9s ce matin, mardi 8 mai 2018, ont sorti de force un conducteur de sa locomotive \u00e0 Hammam-Lif\u00a0et l\u2019on agress\u00e9.","og_url":"https:\/\/kapitalis.com\/tunisie\/2018\/05\/08\/sncft-un-conducteur-de-train-violente-a-hammam-lif-video\/","og_site_name":"Kapitalis","article_publisher":"https:\/\/www.facebook.com\/KapitalisInfo\/","article_published_time":"2018-05-08T11:47:00+00:00","article_modified_time":"2018-05-08T12:01:52+00:00","og_image":[{"width":1200,"height":630,"url":"https:\/\/kapitalis.com\/tunisie\/wp-content\/uploads\/2022\/05\/kapitalis-logo-fb.png","type":"image\/png"}],"author":"Yusra NY","twitter_card":"summary_large_image","twitter_creator":"@KapitalisInfo","twitter_site":"@KapitalisInfo","twitter_misc":{"\u00c9crit par":"Yusra NY","Dur\u00e9e de lecture estim\u00e9e":"1 minute"},"schema":{"@context":"https:\/\/schema.org","@graph":[{"@type":"Article","@id":"https:\/\/kapitalis.com\/tunisie\/2018\/05\/08\/sncft-un-conducteur-de-train-violente-a-hammam-lif-video\/#article","isPartOf":{"@id":"https:\/\/kapitalis.com\/tunisie\/2018\/05\/08\/sncft-un-conducteur-de-train-violente-a-hammam-lif-video\/"},"author":{"name":"Yusra NY","@id":"https:\/\/kapitalis.com\/tunisie\/#\/schema\/person\/74bbde0154d49d790a92aaeac5bc01d5"},"headline":"SNCFT : Un conducteur de train violent\u00e9 \u00e0 Hammam-Lif (vid\u00e9o)","datePublished":"2018-05-08T11:47:00+00:00","dateModified":"2018-05-08T12:01:52+00:00","mainEntityOfPage":{"@id":"https:\/\/kapitalis.com\/tunisie\/2018\/05\/08\/sncft-un-conducteur-de-train-violente-a-hammam-lif-video\/"},"wordCount":226,"commentCount":5,"publisher":{"@id":"https:\/\/kapitalis.com\/tunisie\/#organization"},"image":{"@id":"https:\/\/kapitalis.com\/tunisie\/2018\/05\/08\/sncft-un-conducteur-de-train-violente-a-hammam-lif-video\/#primaryimage"},"thumbnailUrl":"","keywords":["agression","banlieue sud","Hammam-Lif","retard","SNCFT","trafic","trains","voyageurs"],"articleSection":["SOCIETE","Tunisie","VIDEOS"],"inLanguage":"fr-FR","potentialAction":[{"@type":"CommentAction","name":"Comment","target":["https:\/\/kapitalis.com\/tunisie\/2018\/05\/08\/sncft-un-conducteur-de-train-violente-a-hammam-lif-video\/#respond"]}]},{"@type":"WebPage","@id":"https:\/\/kapitalis.com\/tunisie\/2018\/05\/08\/sncft-un-conducteur-de-train-violente-a-hammam-lif-video\/","url":"https:\/\/kapitalis.com\/tunisie\/2018\/05\/08\/sncft-un-conducteur-de-train-violente-a-hammam-lif-video\/","name":"SNCFT : Un conducteur de train violent\u00e9 \u00e0 Hammam-Lif (vid\u00e9o) - Kapitalis","isPartOf":{"@id":"https:\/\/kapitalis.com\/tunisie\/#website"},"primaryImageOfPage":{"@id":"https:\/\/kapitalis.com\/tunisie\/2018\/05\/08\/sncft-un-conducteur-de-train-violente-a-hammam-lif-video\/#primaryimage"},"image":{"@id":"https:\/\/kapitalis.com\/tunisie\/2018\/05\/08\/sncft-un-conducteur-de-train-violente-a-hammam-lif-video\/#primaryimage"},"thumbnailUrl":"","datePublished":"2018-05-08T11:47:00+00:00","dateModified":"2018-05-08T12:01:52+00:00","breadcrumb":{"@id":"https:\/\/kapitalis.com\/tunisie\/2018\/05\/08\/sncft-un-conducteur-de-train-violente-a-hammam-lif-video\/#breadcrumb"},"inLanguage":"fr-FR","potentialAction":[{"@type":"ReadAction","target":["https:\/\/kapitalis.com\/tunisie\/2018\/05\/08\/sncft-un-conducteur-de-train-violente-a-hammam-lif-video\/"]}]},{"@type":"ImageObject","inLanguage":"fr-FR","@id":"https:\/\/kapitalis.com\/tunisie\/2018\/05\/08\/sncft-un-conducteur-de-train-violente-a-hammam-lif-video\/#primaryimage","url":"","contentUrl":""},{"@type":"BreadcrumbList","@id":"https:\/\/kapitalis.com\/tunisie\/2018\/05\/08\/sncft-un-conducteur-de-train-violente-a-hammam-lif-video\/#breadcrumb","itemListElement":[{"@type":"ListItem","position":1,"name":"Accueil","item":"https:\/\/kapitalis.com\/tunisie\/"},{"@type":"ListItem","position":2,"name":"SNCFT : Un conducteur de train violent\u00e9 \u00e0 Hammam-Lif (vid\u00e9o)"}]},{"@type":"WebSite","@id":"https:\/\/kapitalis.com\/tunisie\/#website","url":"https:\/\/kapitalis.com\/tunisie\/","name":"Kapitalis","description":"L&#039;actualit\u00e9 en Tunisie et dans le monde","publisher":{"@id":"https:\/\/kapitalis.com\/tunisie\/#organization"},"potentialAction":[{"@type":"SearchAction","target":{"@type":"EntryPoint","urlTemplate":"https:\/\/kapitalis.com\/tunisie\/?s={search_term_string}"},"query-input":{"@type":"PropertyValueSpecification","valueRequired":true,"valueName":"search_term_string"}}],"inLanguage":"fr-FR"},{"@type":"Organization","@id":"https:\/\/kapitalis.com\/tunisie\/#organization","name":"Kapitalis","url":"https:\/\/kapitalis.com\/tunisie\/","logo":{"@type":"ImageObject","inLanguage":"fr-FR","@id":"https:\/\/kapitalis.com\/tunisie\/#\/schema\/logo\/image\/","url":"https:\/\/kapitalis.com\/tunisie\/wp-content\/uploads\/2022\/05\/Kapitalis-big-size.png","contentUrl":"https:\/\/kapitalis.com\/tunisie\/wp-content\/uploads\/2022\/05\/Kapitalis-big-size.png","width":5000,"height":1500,"caption":"Kapitalis"},"image":{"@id":"https:\/\/kapitalis.com\/tunisie\/#\/schema\/logo\/image\/"},"sameAs":["https:\/\/www.facebook.com\/KapitalisInfo\/","https:\/\/x.com\/KapitalisInfo","https:\/\/www.youtube.com\/channel\/UC-yDYrHyfFBWWZaOw3FPg9Q"]},{"@type":"Person","@id":"https:\/\/kapitalis.com\/tunisie\/#\/schema\/person\/74bbde0154d49d790a92aaeac5bc01d5","name":"Yusra NY","url":"https:\/\/kapitalis.com\/tunisie\/author\/yuza_adam\/"}]}},"_links":{"self":[{"href":"https:\/\/kapitalis.com\/tunisie\/wp-json\/wp\/v2\/posts\/152991","targetHints":{"allow":["GET"]}}],"collection":[{"href":"https:\/\/kapitalis.com\/tunisie\/wp-json\/wp\/v2\/posts"}],"about":[{"href":"https:\/\/kapitalis.com\/tunisie\/wp-json\/wp\/v2\/types\/post"}],"author":[{"embeddable":true,"href":"https:\/\/kapitalis.com\/tunisie\/wp-json\/wp\/v2\/users\/6"}],"replies":[{"embeddable":true,"href":"https:\/\/kapitalis.com\/tunisie\/wp-json\/wp\/v2\/comments?post=152991"}],"version-history":[{"count":0,"href":"https:\/\/kapitalis.com\/tunisie\/wp-json\/wp\/v2\/posts\/152991\/revisions"}],"wp:featuredmedia":[{"embeddable":true,"href":"https:\/\/kapitalis.com\/tunisie\/wp-json\/wp\/v2\/media\/153004"}],"wp:attachment":[{"href":"https:\/\/kapitalis.com\/tunisie\/wp-json\/wp\/v2\/media?parent=152991"}],"wp:term":[{"taxonomy":"category","embeddable":true,"href":"https:\/\/kapitalis.com\/tunisie\/wp-json\/wp\/v2\/categories?post=152991"},{"taxonomy":"post_tag","embeddable":true,"href":"https:\/\/kapitalis.com\/tunisie\/wp-json\/wp\/v2\/tags?post=152991"}],"curies":[{"name":"wp","href":"https:\/\/api.w.org\/{rel}","templated":true}]}}