{"id":15311317,"date":"2025-01-27T11:54:14","date_gmt":"2025-01-27T10:54:14","guid":{"rendered":"https:\/\/kapitalis.com\/tunisie\/?p=15311317"},"modified":"2025-01-27T11:54:15","modified_gmt":"2025-01-27T10:54:15","slug":"deces-de-lancien-ministre-des-finances-houssine-dimassi","status":"publish","type":"post","link":"https:\/\/kapitalis.com\/tunisie\/2025\/01\/27\/deces-de-lancien-ministre-des-finances-houssine-dimassi\/","title":{"rendered":"D\u00e9c\u00e8s de l\u2019ancien ministre des Finances Houssine Dimassi \u00a0"},"content":{"rendered":"\n<p><strong><em>Houssine Dimassi, l\u2019ancien ministre des Finances (24 d\u00e9cembre 2011 \u2013 27 juillet 2012), est d\u00e9c\u00e9d\u00e9 ce lundi 27 janvier 2025 \u00e0 l\u2019\u00e2ge de 77 ans.<\/em><\/strong><\/p>\n\n\n\n<!--more-->\n\n\n\n<p>N\u00e9 le 18 novembre 1948 \u00e0 Ksar Hellal, gouvernorat de Monastir, le d\u00e9funt \u00e9tait titulaire d\u2019un doctorat en sciences \u00e9conomiques (1983) et d\u2019une agr\u00e9gation en sciences \u00e9conomiques (1984) et avait occup\u00e9 le poste de doyen de la Facult\u00e9 de droit et des sciences \u00e9conomiques et de Tunis (1988-1989). \u00a0\u00a0<\/p>\n\n\n\n<p>Elu secr\u00e9taire g\u00e9n\u00e9ral du syndicat de l\u2019enseignement sup\u00e9rieur \u00e0 la Facult\u00e9 de gestion de Tunis, poste qu\u2019il a occup\u00e9 pendant cinq ans, Houssine Dimassi s\u2019est frott\u00e9 \u00e0 l\u2019action syndicale et s\u2019est rapproch\u00e9 de l\u2019Union g\u00e9n\u00e9rale tunisienne du travail (UGTT), dont il \u00e9tait devenu l\u2019un des experts \u00e9conomiques. Et c\u2019est via l\u2019activit\u00e9 syndicale qu\u2019il est venu \u00e0 la politique. <\/p>\n\n\n\n<p>Le d\u00e9funt a \u00e9t\u00e9 membre du Parti de l\u2019Unit\u00e9 populaire (PUP), avant d\u2019\u00eatre appel\u00e9, au lendemain de la chute de Ben Ali, le 14 janvier 2011, pour occuper le poste de ministre de l\u2019Emploi dans le second gouvernement Mohamed Ghannouchi.<\/p>\n\n\n\n<p>Au lendemain \u00a0des \u00e9lections d\u2019octobre de la m\u00eame ann\u00e9e, Houssine Dimassi a \u00e9t\u00e9 nomm\u00e9 ministre des Finances dans le gouvernement Hamadi Jebali, issu du parti islamiste Ennahdha, vainqueur de ces \u00e9lections. Mais il n\u2019est rest\u00e9 \u00e0 son poste que sept mois durant lesquels il a souvent montr\u00e9 son d\u00e9saccord avec le gouvernement. <\/p>\n\n\n\n<p>Il a aussi su, durant la m\u00eame p\u00e9riode, r\u00e9sister aux assauts de l\u2019UGTT et \u00e0 ses exigences d\u2019augmentations salariales, se montrant soucieux des \u00e9quilibres financiers de l\u2019Etat qui commen\u00e7aient d\u00e9j\u00e0 \u00e0 vaciller. Sa d\u00e9mission de son poste \u00e9tait \u00e9galement un moyen de souligner ses divergences avec les orientations du parti Ennahdha, qu\u2019il a combattu d\u2019ailleurs jusqu\u2019\u00e0 son exclusion du pouvoir au lendemain du coup de force de Ka\u00efs Sa\u00efed, le 25 juillet 2021. <\/p>\n\n\n\n<p>Le d\u00e9funt, grand patriote devant l\u2019Eternel dont la fibre sociale \u00e9tait tr\u00e8s accentu\u00e9e, \u00e9tait r\u00e9put\u00e9 pour son franc-parler, sa rigueur morale et son intransigeance d\u00e8s qu\u2019il s\u2019agit de gestion des affaires publiques. Il est l\u2019un des derniers repr\u00e9sentants d\u2019une g\u00e9n\u00e9ration qui ne transigeait pas avec l\u2019int\u00e9r\u00eat sup\u00e9rieur de la nation.<\/p>\n\n\n\n<p class=\"has-text-align-right\"><strong>I. B.<\/strong><\/p>\n","protected":false},"excerpt":{"rendered":"<p>Houssine Dimassi, l\u2019ancien ministre des Finances,; est d\u00e9c\u00e9d\u00e9 \u00e0 l&rsquo;\u00e2ge de 77 ans. <\/p>\n","protected":false},"author":8,"featured_media":15311332,"comment_status":"open","ping_status":"open","sticky":false,"template":"","format":"standard","meta":{"footnotes":""},"categories":[995,997,2433],"tags":[2383,43750,76012,6693,633,936],"class_list":["post-15311317","post","type-post","status-publish","format-standard","has-post-thumbnail","hentry","category-economie","category-politique","category-tunisie","tag-hamadi-jebali","tag-houssine-dimassi","tag-kais-saied-2","tag-ksar-hellal","tag-monastir","tag-ugtt"],"yoast_head":"<!-- This site is optimized with the Yoast SEO plugin v26.6 - https:\/\/yoast.com\/wordpress\/plugins\/seo\/ -->\n<title>D\u00e9c\u00e8s de l\u2019ancien ministre des Finances Houssine Dimassi \u00a0 - Kapitalis<\/title>\n<meta name=\"robots\" content=\"index, follow, max-snippet:-1, max-image-preview:large, max-video-preview:-1\" \/>\n<link rel=\"canonical\" href=\"https:\/\/kapitalis.com\/tunisie\/2025\/01\/27\/deces-de-lancien-ministre-des-finances-houssine-dimassi\/\" \/>\n<meta property=\"og:locale\" content=\"fr_FR\" \/>\n<meta property=\"og:type\" content=\"article\" \/>\n<meta property=\"og:title\" content=\"D\u00e9c\u00e8s de l\u2019ancien ministre des Finances Houssine Dimassi \u00a0 - Kapitalis\" \/>\n<meta property=\"og:description\" content=\"Houssine Dimassi, l\u2019ancien ministre des Finances,; est d\u00e9c\u00e9d\u00e9 \u00e0 l&#039;\u00e2ge de 77 ans.\" \/>\n<meta property=\"og:url\" content=\"https:\/\/kapitalis.com\/tunisie\/2025\/01\/27\/deces-de-lancien-ministre-des-finances-houssine-dimassi\/\" \/>\n<meta property=\"og:site_name\" content=\"Kapitalis\" \/>\n<meta property=\"article:publisher\" content=\"https:\/\/www.facebook.com\/KapitalisInfo\/\" \/>\n<meta property=\"article:published_time\" content=\"2025-01-27T10:54:14+00:00\" \/>\n<meta property=\"article:modified_time\" content=\"2025-01-27T10:54:15+00:00\" \/>\n<meta property=\"og:image\" content=\"https:\/\/kapitalis.com\/tunisie\/wp-content\/uploads\/2025\/01\/Hussein-Dimassi.jpg\" \/>\n\t<meta property=\"og:image:width\" content=\"1200\" \/>\n\t<meta property=\"og:image:height\" content=\"630\" \/>\n\t<meta property=\"og:image:type\" content=\"image\/jpeg\" \/>\n<meta name=\"author\" content=\"webmaster kapitalis\" \/>\n<meta name=\"twitter:card\" content=\"summary_large_image\" \/>\n<meta name=\"twitter:creator\" content=\"@KapitalisInfo\" \/>\n<meta name=\"twitter:site\" content=\"@KapitalisInfo\" \/>\n<meta name=\"twitter:label1\" content=\"\u00c9crit par\" \/>\n\t<meta name=\"twitter:data1\" content=\"webmaster kapitalis\" \/>\n\t<meta name=\"twitter:label2\" content=\"Dur\u00e9e de lecture estim\u00e9e\" \/>\n\t<meta name=\"twitter:data2\" content=\"2 minutes\" \/>\n<script type=\"application\/ld+json\" class=\"yoast-schema-graph\">{\"@context\":\"https:\/\/schema.org\",\"@graph\":[{\"@type\":\"Article\",\"@id\":\"https:\/\/kapitalis.com\/tunisie\/2025\/01\/27\/deces-de-lancien-ministre-des-finances-houssine-dimassi\/#article\",\"isPartOf\":{\"@id\":\"https:\/\/kapitalis.com\/tunisie\/2025\/01\/27\/deces-de-lancien-ministre-des-finances-houssine-dimassi\/\"},\"author\":{\"name\":\"webmaster kapitalis\",\"@id\":\"https:\/\/kapitalis.com\/tunisie\/#\/schema\/person\/d71f33a9ca44f7bad4698210b480c8e9\"},\"headline\":\"D\u00e9c\u00e8s de l\u2019ancien ministre des Finances Houssine Dimassi \u00a0\",\"datePublished\":\"2025-01-27T10:54:14+00:00\",\"dateModified\":\"2025-01-27T10:54:15+00:00\",\"mainEntityOfPage\":{\"@id\":\"https:\/\/kapitalis.com\/tunisie\/2025\/01\/27\/deces-de-lancien-ministre-des-finances-houssine-dimassi\/\"},\"wordCount\":399,\"commentCount\":1,\"publisher\":{\"@id\":\"https:\/\/kapitalis.com\/tunisie\/#organization\"},\"image\":{\"@id\":\"https:\/\/kapitalis.com\/tunisie\/2025\/01\/27\/deces-de-lancien-ministre-des-finances-houssine-dimassi\/#primaryimage\"},\"thumbnailUrl\":\"https:\/\/kapitalis.com\/tunisie\/wp-content\/uploads\/2025\/01\/Hussein-Dimassi.jpg\",\"keywords\":[\"Hamadi Jebali\",\"Houssine Dimassi\",\"Ka\u00efs Sa\u00efed\",\"Ksar Hellal\",\"Monastir\",\"UGTT\"],\"articleSection\":[\"ECONOMIE\",\"POLITIQUE\",\"Tunisie\"],\"inLanguage\":\"fr-FR\",\"potentialAction\":[{\"@type\":\"CommentAction\",\"name\":\"Comment\",\"target\":[\"https:\/\/kapitalis.com\/tunisie\/2025\/01\/27\/deces-de-lancien-ministre-des-finances-houssine-dimassi\/#respond\"]}]},{\"@type\":\"WebPage\",\"@id\":\"https:\/\/kapitalis.com\/tunisie\/2025\/01\/27\/deces-de-lancien-ministre-des-finances-houssine-dimassi\/\",\"url\":\"https:\/\/kapitalis.com\/tunisie\/2025\/01\/27\/deces-de-lancien-ministre-des-finances-houssine-dimassi\/\",\"name\":\"D\u00e9c\u00e8s de l\u2019ancien ministre des Finances Houssine Dimassi \u00a0 - Kapitalis\",\"isPartOf\":{\"@id\":\"https:\/\/kapitalis.com\/tunisie\/#website\"},\"primaryImageOfPage\":{\"@id\":\"https:\/\/kapitalis.com\/tunisie\/2025\/01\/27\/deces-de-lancien-ministre-des-finances-houssine-dimassi\/#primaryimage\"},\"image\":{\"@id\":\"https:\/\/kapitalis.com\/tunisie\/2025\/01\/27\/deces-de-lancien-ministre-des-finances-houssine-dimassi\/#primaryimage\"},\"thumbnailUrl\":\"https:\/\/kapitalis.com\/tunisie\/wp-content\/uploads\/2025\/01\/Hussein-Dimassi.jpg\",\"datePublished\":\"2025-01-27T10:54:14+00:00\",\"dateModified\":\"2025-01-27T10:54:15+00:00\",\"breadcrumb\":{\"@id\":\"https:\/\/kapitalis.com\/tunisie\/2025\/01\/27\/deces-de-lancien-ministre-des-finances-houssine-dimassi\/#breadcrumb\"},\"inLanguage\":\"fr-FR\",\"potentialAction\":[{\"@type\":\"ReadAction\",\"target\":[\"https:\/\/kapitalis.com\/tunisie\/2025\/01\/27\/deces-de-lancien-ministre-des-finances-houssine-dimassi\/\"]}]},{\"@type\":\"ImageObject\",\"inLanguage\":\"fr-FR\",\"@id\":\"https:\/\/kapitalis.com\/tunisie\/2025\/01\/27\/deces-de-lancien-ministre-des-finances-houssine-dimassi\/#primaryimage\",\"url\":\"https:\/\/kapitalis.com\/tunisie\/wp-content\/uploads\/2025\/01\/Hussein-Dimassi.jpg\",\"contentUrl\":\"https:\/\/kapitalis.com\/tunisie\/wp-content\/uploads\/2025\/01\/Hussein-Dimassi.jpg\",\"width\":1200,\"height\":630},{\"@type\":\"BreadcrumbList\",\"@id\":\"https:\/\/kapitalis.com\/tunisie\/2025\/01\/27\/deces-de-lancien-ministre-des-finances-houssine-dimassi\/#breadcrumb\",\"itemListElement\":[{\"@type\":\"ListItem\",\"position\":1,\"name\":\"Accueil\",\"item\":\"https:\/\/kapitalis.com\/tunisie\/\"},{\"@type\":\"ListItem\",\"position\":2,\"name\":\"D\u00e9c\u00e8s de l\u2019ancien ministre des Finances Houssine Dimassi \u00a0\"}]},{\"@type\":\"WebSite\",\"@id\":\"https:\/\/kapitalis.com\/tunisie\/#website\",\"url\":\"https:\/\/kapitalis.com\/tunisie\/\",\"name\":\"Kapitalis\",\"description\":\"L&#039;actualit\u00e9 en Tunisie et dans le monde\",\"publisher\":{\"@id\":\"https:\/\/kapitalis.com\/tunisie\/#organization\"},\"potentialAction\":[{\"@type\":\"SearchAction\",\"target\":{\"@type\":\"EntryPoint\",\"urlTemplate\":\"https:\/\/kapitalis.com\/tunisie\/?s={search_term_string}\"},\"query-input\":{\"@type\":\"PropertyValueSpecification\",\"valueRequired\":true,\"valueName\":\"search_term_string\"}}],\"inLanguage\":\"fr-FR\"},{\"@type\":\"Organization\",\"@id\":\"https:\/\/kapitalis.com\/tunisie\/#organization\",\"name\":\"Kapitalis\",\"url\":\"https:\/\/kapitalis.com\/tunisie\/\",\"logo\":{\"@type\":\"ImageObject\",\"inLanguage\":\"fr-FR\",\"@id\":\"https:\/\/kapitalis.com\/tunisie\/#\/schema\/logo\/image\/\",\"url\":\"https:\/\/kapitalis.com\/tunisie\/wp-content\/uploads\/2022\/05\/Kapitalis-big-size.png\",\"contentUrl\":\"https:\/\/kapitalis.com\/tunisie\/wp-content\/uploads\/2022\/05\/Kapitalis-big-size.png\",\"width\":5000,\"height\":1500,\"caption\":\"Kapitalis\"},\"image\":{\"@id\":\"https:\/\/kapitalis.com\/tunisie\/#\/schema\/logo\/image\/\"},\"sameAs\":[\"https:\/\/www.facebook.com\/KapitalisInfo\/\",\"https:\/\/x.com\/KapitalisInfo\",\"https:\/\/www.youtube.com\/channel\/UC-yDYrHyfFBWWZaOw3FPg9Q\"]},{\"@type\":\"Person\",\"@id\":\"https:\/\/kapitalis.com\/tunisie\/#\/schema\/person\/d71f33a9ca44f7bad4698210b480c8e9\",\"name\":\"webmaster kapitalis\",\"url\":\"https:\/\/kapitalis.com\/tunisie\/author\/webmaster-kapitalis\/\"}]}<\/script>\n<!-- \/ Yoast SEO plugin. -->","yoast_head_json":{"title":"D\u00e9c\u00e8s de l\u2019ancien ministre des Finances Houssine Dimassi \u00a0 - Kapitalis","robots":{"index":"index","follow":"follow","max-snippet":"max-snippet:-1","max-image-preview":"max-image-preview:large","max-video-preview":"max-video-preview:-1"},"canonical":"https:\/\/kapitalis.com\/tunisie\/2025\/01\/27\/deces-de-lancien-ministre-des-finances-houssine-dimassi\/","og_locale":"fr_FR","og_type":"article","og_title":"D\u00e9c\u00e8s de l\u2019ancien ministre des Finances Houssine Dimassi \u00a0 - Kapitalis","og_description":"Houssine Dimassi, l\u2019ancien ministre des Finances,; est d\u00e9c\u00e9d\u00e9 \u00e0 l'\u00e2ge de 77 ans.","og_url":"https:\/\/kapitalis.com\/tunisie\/2025\/01\/27\/deces-de-lancien-ministre-des-finances-houssine-dimassi\/","og_site_name":"Kapitalis","article_publisher":"https:\/\/www.facebook.com\/KapitalisInfo\/","article_published_time":"2025-01-27T10:54:14+00:00","article_modified_time":"2025-01-27T10:54:15+00:00","og_image":[{"width":1200,"height":630,"url":"https:\/\/kapitalis.com\/tunisie\/wp-content\/uploads\/2025\/01\/Hussein-Dimassi.jpg","type":"image\/jpeg"}],"author":"webmaster kapitalis","twitter_card":"summary_large_image","twitter_creator":"@KapitalisInfo","twitter_site":"@KapitalisInfo","twitter_misc":{"\u00c9crit par":"webmaster kapitalis","Dur\u00e9e de lecture estim\u00e9e":"2 minutes"},"schema":{"@context":"https:\/\/schema.org","@graph":[{"@type":"Article","@id":"https:\/\/kapitalis.com\/tunisie\/2025\/01\/27\/deces-de-lancien-ministre-des-finances-houssine-dimassi\/#article","isPartOf":{"@id":"https:\/\/kapitalis.com\/tunisie\/2025\/01\/27\/deces-de-lancien-ministre-des-finances-houssine-dimassi\/"},"author":{"name":"webmaster kapitalis","@id":"https:\/\/kapitalis.com\/tunisie\/#\/schema\/person\/d71f33a9ca44f7bad4698210b480c8e9"},"headline":"D\u00e9c\u00e8s de l\u2019ancien ministre des Finances Houssine Dimassi \u00a0","datePublished":"2025-01-27T10:54:14+00:00","dateModified":"2025-01-27T10:54:15+00:00","mainEntityOfPage":{"@id":"https:\/\/kapitalis.com\/tunisie\/2025\/01\/27\/deces-de-lancien-ministre-des-finances-houssine-dimassi\/"},"wordCount":399,"commentCount":1,"publisher":{"@id":"https:\/\/kapitalis.com\/tunisie\/#organization"},"image":{"@id":"https:\/\/kapitalis.com\/tunisie\/2025\/01\/27\/deces-de-lancien-ministre-des-finances-houssine-dimassi\/#primaryimage"},"thumbnailUrl":"https:\/\/kapitalis.com\/tunisie\/wp-content\/uploads\/2025\/01\/Hussein-Dimassi.jpg","keywords":["Hamadi Jebali","Houssine Dimassi","Ka\u00efs Sa\u00efed","Ksar Hellal","Monastir","UGTT"],"articleSection":["ECONOMIE","POLITIQUE","Tunisie"],"inLanguage":"fr-FR","potentialAction":[{"@type":"CommentAction","name":"Comment","target":["https:\/\/kapitalis.com\/tunisie\/2025\/01\/27\/deces-de-lancien-ministre-des-finances-houssine-dimassi\/#respond"]}]},{"@type":"WebPage","@id":"https:\/\/kapitalis.com\/tunisie\/2025\/01\/27\/deces-de-lancien-ministre-des-finances-houssine-dimassi\/","url":"https:\/\/kapitalis.com\/tunisie\/2025\/01\/27\/deces-de-lancien-ministre-des-finances-houssine-dimassi\/","name":"D\u00e9c\u00e8s de l\u2019ancien ministre des Finances Houssine Dimassi \u00a0 - Kapitalis","isPartOf":{"@id":"https:\/\/kapitalis.com\/tunisie\/#website"},"primaryImageOfPage":{"@id":"https:\/\/kapitalis.com\/tunisie\/2025\/01\/27\/deces-de-lancien-ministre-des-finances-houssine-dimassi\/#primaryimage"},"image":{"@id":"https:\/\/kapitalis.com\/tunisie\/2025\/01\/27\/deces-de-lancien-ministre-des-finances-houssine-dimassi\/#primaryimage"},"thumbnailUrl":"https:\/\/kapitalis.com\/tunisie\/wp-content\/uploads\/2025\/01\/Hussein-Dimassi.jpg","datePublished":"2025-01-27T10:54:14+00:00","dateModified":"2025-01-27T10:54:15+00:00","breadcrumb":{"@id":"https:\/\/kapitalis.com\/tunisie\/2025\/01\/27\/deces-de-lancien-ministre-des-finances-houssine-dimassi\/#breadcrumb"},"inLanguage":"fr-FR","potentialAction":[{"@type":"ReadAction","target":["https:\/\/kapitalis.com\/tunisie\/2025\/01\/27\/deces-de-lancien-ministre-des-finances-houssine-dimassi\/"]}]},{"@type":"ImageObject","inLanguage":"fr-FR","@id":"https:\/\/kapitalis.com\/tunisie\/2025\/01\/27\/deces-de-lancien-ministre-des-finances-houssine-dimassi\/#primaryimage","url":"https:\/\/kapitalis.com\/tunisie\/wp-content\/uploads\/2025\/01\/Hussein-Dimassi.jpg","contentUrl":"https:\/\/kapitalis.com\/tunisie\/wp-content\/uploads\/2025\/01\/Hussein-Dimassi.jpg","width":1200,"height":630},{"@type":"BreadcrumbList","@id":"https:\/\/kapitalis.com\/tunisie\/2025\/01\/27\/deces-de-lancien-ministre-des-finances-houssine-dimassi\/#breadcrumb","itemListElement":[{"@type":"ListItem","position":1,"name":"Accueil","item":"https:\/\/kapitalis.com\/tunisie\/"},{"@type":"ListItem","position":2,"name":"D\u00e9c\u00e8s de l\u2019ancien ministre des Finances Houssine Dimassi \u00a0"}]},{"@type":"WebSite","@id":"https:\/\/kapitalis.com\/tunisie\/#website","url":"https:\/\/kapitalis.com\/tunisie\/","name":"Kapitalis","description":"L&#039;actualit\u00e9 en Tunisie et dans le monde","publisher":{"@id":"https:\/\/kapitalis.com\/tunisie\/#organization"},"potentialAction":[{"@type":"SearchAction","target":{"@type":"EntryPoint","urlTemplate":"https:\/\/kapitalis.com\/tunisie\/?s={search_term_string}"},"query-input":{"@type":"PropertyValueSpecification","valueRequired":true,"valueName":"search_term_string"}}],"inLanguage":"fr-FR"},{"@type":"Organization","@id":"https:\/\/kapitalis.com\/tunisie\/#organization","name":"Kapitalis","url":"https:\/\/kapitalis.com\/tunisie\/","logo":{"@type":"ImageObject","inLanguage":"fr-FR","@id":"https:\/\/kapitalis.com\/tunisie\/#\/schema\/logo\/image\/","url":"https:\/\/kapitalis.com\/tunisie\/wp-content\/uploads\/2022\/05\/Kapitalis-big-size.png","contentUrl":"https:\/\/kapitalis.com\/tunisie\/wp-content\/uploads\/2022\/05\/Kapitalis-big-size.png","width":5000,"height":1500,"caption":"Kapitalis"},"image":{"@id":"https:\/\/kapitalis.com\/tunisie\/#\/schema\/logo\/image\/"},"sameAs":["https:\/\/www.facebook.com\/KapitalisInfo\/","https:\/\/x.com\/KapitalisInfo","https:\/\/www.youtube.com\/channel\/UC-yDYrHyfFBWWZaOw3FPg9Q"]},{"@type":"Person","@id":"https:\/\/kapitalis.com\/tunisie\/#\/schema\/person\/d71f33a9ca44f7bad4698210b480c8e9","name":"webmaster kapitalis","url":"https:\/\/kapitalis.com\/tunisie\/author\/webmaster-kapitalis\/"}]}},"_links":{"self":[{"href":"https:\/\/kapitalis.com\/tunisie\/wp-json\/wp\/v2\/posts\/15311317","targetHints":{"allow":["GET"]}}],"collection":[{"href":"https:\/\/kapitalis.com\/tunisie\/wp-json\/wp\/v2\/posts"}],"about":[{"href":"https:\/\/kapitalis.com\/tunisie\/wp-json\/wp\/v2\/types\/post"}],"author":[{"embeddable":true,"href":"https:\/\/kapitalis.com\/tunisie\/wp-json\/wp\/v2\/users\/8"}],"replies":[{"embeddable":true,"href":"https:\/\/kapitalis.com\/tunisie\/wp-json\/wp\/v2\/comments?post=15311317"}],"version-history":[{"count":1,"href":"https:\/\/kapitalis.com\/tunisie\/wp-json\/wp\/v2\/posts\/15311317\/revisions"}],"predecessor-version":[{"id":15311372,"href":"https:\/\/kapitalis.com\/tunisie\/wp-json\/wp\/v2\/posts\/15311317\/revisions\/15311372"}],"wp:featuredmedia":[{"embeddable":true,"href":"https:\/\/kapitalis.com\/tunisie\/wp-json\/wp\/v2\/media\/15311332"}],"wp:attachment":[{"href":"https:\/\/kapitalis.com\/tunisie\/wp-json\/wp\/v2\/media?parent=15311317"}],"wp:term":[{"taxonomy":"category","embeddable":true,"href":"https:\/\/kapitalis.com\/tunisie\/wp-json\/wp\/v2\/categories?post=15311317"},{"taxonomy":"post_tag","embeddable":true,"href":"https:\/\/kapitalis.com\/tunisie\/wp-json\/wp\/v2\/tags?post=15311317"}],"curies":[{"name":"wp","href":"https:\/\/api.w.org\/{rel}","templated":true}]}}