{"id":15320289,"date":"2025-01-28T12:43:33","date_gmt":"2025-01-28T11:43:33","guid":{"rendered":"https:\/\/kapitalis.com\/tunisie\/?p=15320289"},"modified":"2025-01-28T12:43:35","modified_gmt":"2025-01-28T11:43:35","slug":"premiere-medicale-au-centre-de-maternite-et-de-neonatologie-de-tunis","status":"publish","type":"post","link":"https:\/\/kapitalis.com\/tunisie\/2025\/01\/28\/premiere-medicale-au-centre-de-maternite-et-de-neonatologie-de-tunis\/","title":{"rendered":"Premi\u00e8re m\u00e9dicale au Centre de maternit\u00e9 et de n\u00e9onatologie de Tunis"},"content":{"rendered":"\n<p><strong><em>Une \u00e9quipe m\u00e9dicale tunisienne du Centre de maternit\u00e9 et de n\u00e9onatologie de Tunis a r\u00e9ussi \u00e0 r\u00e9aliser une prouesse m\u00e9dicale en effectuant la premi\u00e8re op\u00e9ration de pose d\u2019un drain thoracique pour \u00e9vacuer le liquide des poumons d\u2019un f\u0153tus de sept mois dans l\u2019ut\u00e9rus de sa m\u00e8re.<\/em><\/strong><\/p>\n\n\n\n<!--more-->\n\n\n\n<p>Selon le minist\u00e8re de la Sant\u00e9, l\u2019op\u00e9ration a \u00e9t\u00e9 couronn\u00e9e de succ\u00e8s, et a \u00e9t\u00e9 supervis\u00e9e par le professeur Dalinda Chelli, en collaboration avec le professeur Carmela Votino et l\u2019\u00e9quipe du service d\u2019anesth\u00e9sie et de r\u00e9animation dirig\u00e9e par le professeur Hayan Maghrebi.<\/p>\n\n\n\n<p>Cette intervention a \u00e9t\u00e9 effectu\u00e9e sous anesth\u00e9sie locale pour la m\u00e8re et une surveillance \u00e9troite par \u00e9chographie, a pr\u00e9cis\u00e9 le d\u00e9partement de la Sant\u00e9 dans un communiqu\u00e9 publi\u00e9 lundi soir, 27 janvier 2025.<\/p>\n","protected":false},"excerpt":{"rendered":"<p>La premi\u00e8re op\u00e9ration de pose d\u2019un drain thoracique pour \u00e9vacuer le liquide des poumons d\u2019un f\u0153tus de sept mois dans l\u2019ut\u00e9rus de sa m\u00e8re r\u00e9alis\u00e9e \u00e0 Tunis. <\/p>\n","protected":false},"author":8,"featured_media":15320320,"comment_status":"open","ping_status":"open","sticky":false,"template":"","format":"standard","meta":{"footnotes":""},"categories":[998,2433],"tags":[120420,120419,120421,120422,5283,52331,64491],"class_list":["post-15320289","post","type-post","status-publish","format-standard","has-post-thumbnail","hentry","category-societe","category-tunisie","tag-carmela-votino","tag-dalinda-chelli","tag-drain-thoracique","tag-hayan-maghrebi","tag-maternite","tag-neonatologie","tag-tunis"],"yoast_head":"<!-- This site is optimized with the Yoast SEO plugin v26.6 - https:\/\/yoast.com\/wordpress\/plugins\/seo\/ -->\n<title>Premi\u00e8re m\u00e9dicale au Centre de maternit\u00e9 et de n\u00e9onatologie de Tunis - Kapitalis<\/title>\n<meta name=\"robots\" content=\"index, follow, max-snippet:-1, max-image-preview:large, max-video-preview:-1\" \/>\n<link rel=\"canonical\" href=\"https:\/\/kapitalis.com\/tunisie\/2025\/01\/28\/premiere-medicale-au-centre-de-maternite-et-de-neonatologie-de-tunis\/\" \/>\n<meta property=\"og:locale\" content=\"fr_FR\" \/>\n<meta property=\"og:type\" content=\"article\" \/>\n<meta property=\"og:title\" content=\"Premi\u00e8re m\u00e9dicale au Centre de maternit\u00e9 et de n\u00e9onatologie de Tunis - Kapitalis\" \/>\n<meta property=\"og:description\" content=\"La premi\u00e8re op\u00e9ration de pose d\u2019un drain thoracique pour \u00e9vacuer le liquide des poumons d\u2019un f\u0153tus de sept mois dans l\u2019ut\u00e9rus de sa m\u00e8re r\u00e9alis\u00e9e \u00e0 Tunis.\" \/>\n<meta property=\"og:url\" content=\"https:\/\/kapitalis.com\/tunisie\/2025\/01\/28\/premiere-medicale-au-centre-de-maternite-et-de-neonatologie-de-tunis\/\" \/>\n<meta property=\"og:site_name\" content=\"Kapitalis\" \/>\n<meta property=\"article:publisher\" content=\"https:\/\/www.facebook.com\/KapitalisInfo\/\" \/>\n<meta property=\"article:published_time\" content=\"2025-01-28T11:43:33+00:00\" \/>\n<meta property=\"article:modified_time\" content=\"2025-01-28T11:43:35+00:00\" \/>\n<meta property=\"og:image\" content=\"https:\/\/kapitalis.com\/tunisie\/wp-content\/uploads\/2025\/01\/Centre-de-maternite-de-Tiunis.jpg\" \/>\n\t<meta property=\"og:image:width\" content=\"1200\" \/>\n\t<meta property=\"og:image:height\" content=\"630\" \/>\n\t<meta property=\"og:image:type\" content=\"image\/jpeg\" \/>\n<meta name=\"author\" content=\"webmaster kapitalis\" \/>\n<meta name=\"twitter:card\" content=\"summary_large_image\" \/>\n<meta name=\"twitter:creator\" content=\"@KapitalisInfo\" \/>\n<meta name=\"twitter:site\" content=\"@KapitalisInfo\" \/>\n<meta name=\"twitter:label1\" content=\"\u00c9crit par\" \/>\n\t<meta name=\"twitter:data1\" content=\"webmaster kapitalis\" \/>\n\t<meta name=\"twitter:label2\" content=\"Dur\u00e9e de lecture estim\u00e9e\" \/>\n\t<meta name=\"twitter:data2\" content=\"1 minute\" \/>\n<script type=\"application\/ld+json\" class=\"yoast-schema-graph\">{\"@context\":\"https:\/\/schema.org\",\"@graph\":[{\"@type\":\"Article\",\"@id\":\"https:\/\/kapitalis.com\/tunisie\/2025\/01\/28\/premiere-medicale-au-centre-de-maternite-et-de-neonatologie-de-tunis\/#article\",\"isPartOf\":{\"@id\":\"https:\/\/kapitalis.com\/tunisie\/2025\/01\/28\/premiere-medicale-au-centre-de-maternite-et-de-neonatologie-de-tunis\/\"},\"author\":{\"name\":\"webmaster kapitalis\",\"@id\":\"https:\/\/kapitalis.com\/tunisie\/#\/schema\/person\/d71f33a9ca44f7bad4698210b480c8e9\"},\"headline\":\"Premi\u00e8re m\u00e9dicale au Centre de maternit\u00e9 et de n\u00e9onatologie de Tunis\",\"datePublished\":\"2025-01-28T11:43:33+00:00\",\"dateModified\":\"2025-01-28T11:43:35+00:00\",\"mainEntityOfPage\":{\"@id\":\"https:\/\/kapitalis.com\/tunisie\/2025\/01\/28\/premiere-medicale-au-centre-de-maternite-et-de-neonatologie-de-tunis\/\"},\"wordCount\":161,\"commentCount\":0,\"publisher\":{\"@id\":\"https:\/\/kapitalis.com\/tunisie\/#organization\"},\"image\":{\"@id\":\"https:\/\/kapitalis.com\/tunisie\/2025\/01\/28\/premiere-medicale-au-centre-de-maternite-et-de-neonatologie-de-tunis\/#primaryimage\"},\"thumbnailUrl\":\"https:\/\/kapitalis.com\/tunisie\/wp-content\/uploads\/2025\/01\/Centre-de-maternite-de-Tiunis.jpg\",\"keywords\":[\"Carmela Votino\",\"Dalinda Chelli\",\"drain thoracique\",\"Hayan Maghrebi\",\"maternit\u00e9\",\"n\u00e9onatologie\",\"Tunis\"],\"articleSection\":[\"SOCIETE\",\"Tunisie\"],\"inLanguage\":\"fr-FR\",\"potentialAction\":[{\"@type\":\"CommentAction\",\"name\":\"Comment\",\"target\":[\"https:\/\/kapitalis.com\/tunisie\/2025\/01\/28\/premiere-medicale-au-centre-de-maternite-et-de-neonatologie-de-tunis\/#respond\"]}]},{\"@type\":\"WebPage\",\"@id\":\"https:\/\/kapitalis.com\/tunisie\/2025\/01\/28\/premiere-medicale-au-centre-de-maternite-et-de-neonatologie-de-tunis\/\",\"url\":\"https:\/\/kapitalis.com\/tunisie\/2025\/01\/28\/premiere-medicale-au-centre-de-maternite-et-de-neonatologie-de-tunis\/\",\"name\":\"Premi\u00e8re m\u00e9dicale au Centre de maternit\u00e9 et de n\u00e9onatologie de Tunis - Kapitalis\",\"isPartOf\":{\"@id\":\"https:\/\/kapitalis.com\/tunisie\/#website\"},\"primaryImageOfPage\":{\"@id\":\"https:\/\/kapitalis.com\/tunisie\/2025\/01\/28\/premiere-medicale-au-centre-de-maternite-et-de-neonatologie-de-tunis\/#primaryimage\"},\"image\":{\"@id\":\"https:\/\/kapitalis.com\/tunisie\/2025\/01\/28\/premiere-medicale-au-centre-de-maternite-et-de-neonatologie-de-tunis\/#primaryimage\"},\"thumbnailUrl\":\"https:\/\/kapitalis.com\/tunisie\/wp-content\/uploads\/2025\/01\/Centre-de-maternite-de-Tiunis.jpg\",\"datePublished\":\"2025-01-28T11:43:33+00:00\",\"dateModified\":\"2025-01-28T11:43:35+00:00\",\"breadcrumb\":{\"@id\":\"https:\/\/kapitalis.com\/tunisie\/2025\/01\/28\/premiere-medicale-au-centre-de-maternite-et-de-neonatologie-de-tunis\/#breadcrumb\"},\"inLanguage\":\"fr-FR\",\"potentialAction\":[{\"@type\":\"ReadAction\",\"target\":[\"https:\/\/kapitalis.com\/tunisie\/2025\/01\/28\/premiere-medicale-au-centre-de-maternite-et-de-neonatologie-de-tunis\/\"]}]},{\"@type\":\"ImageObject\",\"inLanguage\":\"fr-FR\",\"@id\":\"https:\/\/kapitalis.com\/tunisie\/2025\/01\/28\/premiere-medicale-au-centre-de-maternite-et-de-neonatologie-de-tunis\/#primaryimage\",\"url\":\"https:\/\/kapitalis.com\/tunisie\/wp-content\/uploads\/2025\/01\/Centre-de-maternite-de-Tiunis.jpg\",\"contentUrl\":\"https:\/\/kapitalis.com\/tunisie\/wp-content\/uploads\/2025\/01\/Centre-de-maternite-de-Tiunis.jpg\",\"width\":1200,\"height\":630},{\"@type\":\"BreadcrumbList\",\"@id\":\"https:\/\/kapitalis.com\/tunisie\/2025\/01\/28\/premiere-medicale-au-centre-de-maternite-et-de-neonatologie-de-tunis\/#breadcrumb\",\"itemListElement\":[{\"@type\":\"ListItem\",\"position\":1,\"name\":\"Accueil\",\"item\":\"https:\/\/kapitalis.com\/tunisie\/\"},{\"@type\":\"ListItem\",\"position\":2,\"name\":\"Premi\u00e8re m\u00e9dicale au Centre de maternit\u00e9 et de n\u00e9onatologie de Tunis\"}]},{\"@type\":\"WebSite\",\"@id\":\"https:\/\/kapitalis.com\/tunisie\/#website\",\"url\":\"https:\/\/kapitalis.com\/tunisie\/\",\"name\":\"Kapitalis\",\"description\":\"L&#039;actualit\u00e9 en Tunisie et dans le monde\",\"publisher\":{\"@id\":\"https:\/\/kapitalis.com\/tunisie\/#organization\"},\"potentialAction\":[{\"@type\":\"SearchAction\",\"target\":{\"@type\":\"EntryPoint\",\"urlTemplate\":\"https:\/\/kapitalis.com\/tunisie\/?s={search_term_string}\"},\"query-input\":{\"@type\":\"PropertyValueSpecification\",\"valueRequired\":true,\"valueName\":\"search_term_string\"}}],\"inLanguage\":\"fr-FR\"},{\"@type\":\"Organization\",\"@id\":\"https:\/\/kapitalis.com\/tunisie\/#organization\",\"name\":\"Kapitalis\",\"url\":\"https:\/\/kapitalis.com\/tunisie\/\",\"logo\":{\"@type\":\"ImageObject\",\"inLanguage\":\"fr-FR\",\"@id\":\"https:\/\/kapitalis.com\/tunisie\/#\/schema\/logo\/image\/\",\"url\":\"https:\/\/kapitalis.com\/tunisie\/wp-content\/uploads\/2022\/05\/Kapitalis-big-size.png\",\"contentUrl\":\"https:\/\/kapitalis.com\/tunisie\/wp-content\/uploads\/2022\/05\/Kapitalis-big-size.png\",\"width\":5000,\"height\":1500,\"caption\":\"Kapitalis\"},\"image\":{\"@id\":\"https:\/\/kapitalis.com\/tunisie\/#\/schema\/logo\/image\/\"},\"sameAs\":[\"https:\/\/www.facebook.com\/KapitalisInfo\/\",\"https:\/\/x.com\/KapitalisInfo\",\"https:\/\/www.youtube.com\/channel\/UC-yDYrHyfFBWWZaOw3FPg9Q\"]},{\"@type\":\"Person\",\"@id\":\"https:\/\/kapitalis.com\/tunisie\/#\/schema\/person\/d71f33a9ca44f7bad4698210b480c8e9\",\"name\":\"webmaster kapitalis\",\"url\":\"https:\/\/kapitalis.com\/tunisie\/author\/webmaster-kapitalis\/\"}]}<\/script>\n<!-- \/ Yoast SEO plugin. -->","yoast_head_json":{"title":"Premi\u00e8re m\u00e9dicale au Centre de maternit\u00e9 et de n\u00e9onatologie de Tunis - Kapitalis","robots":{"index":"index","follow":"follow","max-snippet":"max-snippet:-1","max-image-preview":"max-image-preview:large","max-video-preview":"max-video-preview:-1"},"canonical":"https:\/\/kapitalis.com\/tunisie\/2025\/01\/28\/premiere-medicale-au-centre-de-maternite-et-de-neonatologie-de-tunis\/","og_locale":"fr_FR","og_type":"article","og_title":"Premi\u00e8re m\u00e9dicale au Centre de maternit\u00e9 et de n\u00e9onatologie de Tunis - Kapitalis","og_description":"La premi\u00e8re op\u00e9ration de pose d\u2019un drain thoracique pour \u00e9vacuer le liquide des poumons d\u2019un f\u0153tus de sept mois dans l\u2019ut\u00e9rus de sa m\u00e8re r\u00e9alis\u00e9e \u00e0 Tunis.","og_url":"https:\/\/kapitalis.com\/tunisie\/2025\/01\/28\/premiere-medicale-au-centre-de-maternite-et-de-neonatologie-de-tunis\/","og_site_name":"Kapitalis","article_publisher":"https:\/\/www.facebook.com\/KapitalisInfo\/","article_published_time":"2025-01-28T11:43:33+00:00","article_modified_time":"2025-01-28T11:43:35+00:00","og_image":[{"width":1200,"height":630,"url":"https:\/\/kapitalis.com\/tunisie\/wp-content\/uploads\/2025\/01\/Centre-de-maternite-de-Tiunis.jpg","type":"image\/jpeg"}],"author":"webmaster kapitalis","twitter_card":"summary_large_image","twitter_creator":"@KapitalisInfo","twitter_site":"@KapitalisInfo","twitter_misc":{"\u00c9crit par":"webmaster kapitalis","Dur\u00e9e de lecture estim\u00e9e":"1 minute"},"schema":{"@context":"https:\/\/schema.org","@graph":[{"@type":"Article","@id":"https:\/\/kapitalis.com\/tunisie\/2025\/01\/28\/premiere-medicale-au-centre-de-maternite-et-de-neonatologie-de-tunis\/#article","isPartOf":{"@id":"https:\/\/kapitalis.com\/tunisie\/2025\/01\/28\/premiere-medicale-au-centre-de-maternite-et-de-neonatologie-de-tunis\/"},"author":{"name":"webmaster kapitalis","@id":"https:\/\/kapitalis.com\/tunisie\/#\/schema\/person\/d71f33a9ca44f7bad4698210b480c8e9"},"headline":"Premi\u00e8re m\u00e9dicale au Centre de maternit\u00e9 et de n\u00e9onatologie de Tunis","datePublished":"2025-01-28T11:43:33+00:00","dateModified":"2025-01-28T11:43:35+00:00","mainEntityOfPage":{"@id":"https:\/\/kapitalis.com\/tunisie\/2025\/01\/28\/premiere-medicale-au-centre-de-maternite-et-de-neonatologie-de-tunis\/"},"wordCount":161,"commentCount":0,"publisher":{"@id":"https:\/\/kapitalis.com\/tunisie\/#organization"},"image":{"@id":"https:\/\/kapitalis.com\/tunisie\/2025\/01\/28\/premiere-medicale-au-centre-de-maternite-et-de-neonatologie-de-tunis\/#primaryimage"},"thumbnailUrl":"https:\/\/kapitalis.com\/tunisie\/wp-content\/uploads\/2025\/01\/Centre-de-maternite-de-Tiunis.jpg","keywords":["Carmela Votino","Dalinda Chelli","drain thoracique","Hayan Maghrebi","maternit\u00e9","n\u00e9onatologie","Tunis"],"articleSection":["SOCIETE","Tunisie"],"inLanguage":"fr-FR","potentialAction":[{"@type":"CommentAction","name":"Comment","target":["https:\/\/kapitalis.com\/tunisie\/2025\/01\/28\/premiere-medicale-au-centre-de-maternite-et-de-neonatologie-de-tunis\/#respond"]}]},{"@type":"WebPage","@id":"https:\/\/kapitalis.com\/tunisie\/2025\/01\/28\/premiere-medicale-au-centre-de-maternite-et-de-neonatologie-de-tunis\/","url":"https:\/\/kapitalis.com\/tunisie\/2025\/01\/28\/premiere-medicale-au-centre-de-maternite-et-de-neonatologie-de-tunis\/","name":"Premi\u00e8re m\u00e9dicale au Centre de maternit\u00e9 et de n\u00e9onatologie de Tunis - Kapitalis","isPartOf":{"@id":"https:\/\/kapitalis.com\/tunisie\/#website"},"primaryImageOfPage":{"@id":"https:\/\/kapitalis.com\/tunisie\/2025\/01\/28\/premiere-medicale-au-centre-de-maternite-et-de-neonatologie-de-tunis\/#primaryimage"},"image":{"@id":"https:\/\/kapitalis.com\/tunisie\/2025\/01\/28\/premiere-medicale-au-centre-de-maternite-et-de-neonatologie-de-tunis\/#primaryimage"},"thumbnailUrl":"https:\/\/kapitalis.com\/tunisie\/wp-content\/uploads\/2025\/01\/Centre-de-maternite-de-Tiunis.jpg","datePublished":"2025-01-28T11:43:33+00:00","dateModified":"2025-01-28T11:43:35+00:00","breadcrumb":{"@id":"https:\/\/kapitalis.com\/tunisie\/2025\/01\/28\/premiere-medicale-au-centre-de-maternite-et-de-neonatologie-de-tunis\/#breadcrumb"},"inLanguage":"fr-FR","potentialAction":[{"@type":"ReadAction","target":["https:\/\/kapitalis.com\/tunisie\/2025\/01\/28\/premiere-medicale-au-centre-de-maternite-et-de-neonatologie-de-tunis\/"]}]},{"@type":"ImageObject","inLanguage":"fr-FR","@id":"https:\/\/kapitalis.com\/tunisie\/2025\/01\/28\/premiere-medicale-au-centre-de-maternite-et-de-neonatologie-de-tunis\/#primaryimage","url":"https:\/\/kapitalis.com\/tunisie\/wp-content\/uploads\/2025\/01\/Centre-de-maternite-de-Tiunis.jpg","contentUrl":"https:\/\/kapitalis.com\/tunisie\/wp-content\/uploads\/2025\/01\/Centre-de-maternite-de-Tiunis.jpg","width":1200,"height":630},{"@type":"BreadcrumbList","@id":"https:\/\/kapitalis.com\/tunisie\/2025\/01\/28\/premiere-medicale-au-centre-de-maternite-et-de-neonatologie-de-tunis\/#breadcrumb","itemListElement":[{"@type":"ListItem","position":1,"name":"Accueil","item":"https:\/\/kapitalis.com\/tunisie\/"},{"@type":"ListItem","position":2,"name":"Premi\u00e8re m\u00e9dicale au Centre de maternit\u00e9 et de n\u00e9onatologie de Tunis"}]},{"@type":"WebSite","@id":"https:\/\/kapitalis.com\/tunisie\/#website","url":"https:\/\/kapitalis.com\/tunisie\/","name":"Kapitalis","description":"L&#039;actualit\u00e9 en Tunisie et dans le monde","publisher":{"@id":"https:\/\/kapitalis.com\/tunisie\/#organization"},"potentialAction":[{"@type":"SearchAction","target":{"@type":"EntryPoint","urlTemplate":"https:\/\/kapitalis.com\/tunisie\/?s={search_term_string}"},"query-input":{"@type":"PropertyValueSpecification","valueRequired":true,"valueName":"search_term_string"}}],"inLanguage":"fr-FR"},{"@type":"Organization","@id":"https:\/\/kapitalis.com\/tunisie\/#organization","name":"Kapitalis","url":"https:\/\/kapitalis.com\/tunisie\/","logo":{"@type":"ImageObject","inLanguage":"fr-FR","@id":"https:\/\/kapitalis.com\/tunisie\/#\/schema\/logo\/image\/","url":"https:\/\/kapitalis.com\/tunisie\/wp-content\/uploads\/2022\/05\/Kapitalis-big-size.png","contentUrl":"https:\/\/kapitalis.com\/tunisie\/wp-content\/uploads\/2022\/05\/Kapitalis-big-size.png","width":5000,"height":1500,"caption":"Kapitalis"},"image":{"@id":"https:\/\/kapitalis.com\/tunisie\/#\/schema\/logo\/image\/"},"sameAs":["https:\/\/www.facebook.com\/KapitalisInfo\/","https:\/\/x.com\/KapitalisInfo","https:\/\/www.youtube.com\/channel\/UC-yDYrHyfFBWWZaOw3FPg9Q"]},{"@type":"Person","@id":"https:\/\/kapitalis.com\/tunisie\/#\/schema\/person\/d71f33a9ca44f7bad4698210b480c8e9","name":"webmaster kapitalis","url":"https:\/\/kapitalis.com\/tunisie\/author\/webmaster-kapitalis\/"}]}},"_links":{"self":[{"href":"https:\/\/kapitalis.com\/tunisie\/wp-json\/wp\/v2\/posts\/15320289","targetHints":{"allow":["GET"]}}],"collection":[{"href":"https:\/\/kapitalis.com\/tunisie\/wp-json\/wp\/v2\/posts"}],"about":[{"href":"https:\/\/kapitalis.com\/tunisie\/wp-json\/wp\/v2\/types\/post"}],"author":[{"embeddable":true,"href":"https:\/\/kapitalis.com\/tunisie\/wp-json\/wp\/v2\/users\/8"}],"replies":[{"embeddable":true,"href":"https:\/\/kapitalis.com\/tunisie\/wp-json\/wp\/v2\/comments?post=15320289"}],"version-history":[{"count":1,"href":"https:\/\/kapitalis.com\/tunisie\/wp-json\/wp\/v2\/posts\/15320289\/revisions"}],"predecessor-version":[{"id":15320330,"href":"https:\/\/kapitalis.com\/tunisie\/wp-json\/wp\/v2\/posts\/15320289\/revisions\/15320330"}],"wp:featuredmedia":[{"embeddable":true,"href":"https:\/\/kapitalis.com\/tunisie\/wp-json\/wp\/v2\/media\/15320320"}],"wp:attachment":[{"href":"https:\/\/kapitalis.com\/tunisie\/wp-json\/wp\/v2\/media?parent=15320289"}],"wp:term":[{"taxonomy":"category","embeddable":true,"href":"https:\/\/kapitalis.com\/tunisie\/wp-json\/wp\/v2\/categories?post=15320289"},{"taxonomy":"post_tag","embeddable":true,"href":"https:\/\/kapitalis.com\/tunisie\/wp-json\/wp\/v2\/tags?post=15320289"}],"curies":[{"name":"wp","href":"https:\/\/api.w.org\/{rel}","templated":true}]}}