{"id":15327129,"date":"2025-01-28T21:26:34","date_gmt":"2025-01-28T20:26:34","guid":{"rendered":"https:\/\/kapitalis.com\/tunisie\/?p=15327129"},"modified":"2025-01-28T21:26:36","modified_gmt":"2025-01-28T20:26:36","slug":"tunis-la-cst-celebre-la-journee-internationale-des-femmes-et-des-filles-de-science","status":"publish","type":"post","link":"https:\/\/kapitalis.com\/tunisie\/2025\/01\/28\/tunis-la-cst-celebre-la-journee-internationale-des-femmes-et-des-filles-de-science\/","title":{"rendered":"Tunis : La CST c\u00e9l\u00e8bre la Journ\u00e9e internationale des femmes et des filles de science"},"content":{"rendered":"\n<p><strong><em>La Cit\u00e9 des Sciences de Tunis (CST) c\u00e9l\u00e8bre, le 15 f\u00e9vrier 2025, la Journ\u00e9e internationale des femmes et des filles de science<\/em><\/strong><\/p>\n\n\n\n<!--more-->\n\n\n\n<p>Le r\u00f4le des femmes dans l\u2019innovation scientifique est essentiel. Des femmes pionni\u00e8res ont largement contribu\u00e9 au progr\u00e8s des sciences, des technologies et au d\u00e9veloppement durable, et ont construit un h\u00e9ritage pr\u00e9cieux \u00e0 valoriser et \u00e0 promouvoir.<\/p>\n\n\n\n<p>La communaut\u00e9 internationale a entrepris d\u2019importants efforts pour inspirer et promouvoir la participation des femmes et des filles \u00e0 la science afin de r\u00e9aliser le programme de d\u00e9veloppement durable et ses objectifs \u00e0 l\u2019horizon 2030.<\/p>\n\n\n\n<p>La Cit\u00e9 des Sciences \u00e0 Tunis, institution de diffusion de la culture scientifique, s\u2019inscrit dans cette dynamique et organise, dans le cadre de son programme scientifique de l\u2019ann\u00e9e 2025, la journ\u00e9e internationale des femmes et des filles de science dans sa 7e \u00e9dition, le samedi 15 F\u00e9vrier \u00e0 l\u2019auditorium Al Khawarezmi.<\/p>\n\n\n\n<p>\ud83c\udfa9 Des scientifiques \u00e9minentes et prometteuses de divers domaines mettront en lumi\u00e8re l\u2019importance de la diversit\u00e9 et de l\u2019inclusion pour fa\u00e7onner l\u2019avenir, en partageant notamment des parcours inspirants dans les carri\u00e8res scientifiques, technologiques, techniques et math\u00e9matiques (STEM).<\/p>\n\n\n\n<p>Ces parcours offrent des perspectives vari\u00e9es qui enrichissent l\u2019innovation scientifique et cr\u00e9ent des opportunit\u00e9s de changement.<\/p>\n\n\n\n<p>\ud83d\udcd6 Au programme : conf\u00e9rences, panel de discussion et ateliers pr\u00e9sent\u00e9s et anim\u00e9s par des scientifiques \u00e9m\u00e9rites.<\/p>\n\n\n\n<p>\ud83c\udfaf Entr\u00e9e libre et gratuite.<br>\ud83c\udfea Cit\u00e9 des Sciences \u00e0 Tunis \u00e0 l&rsquo;Auditorium Al Khawarezmi<br>\ud83d\udd5c De 8h30 \u00e0 14h<\/p>\n\n\n\n<p class=\"has-text-align-right\"><strong>Communiqu\u00e9<\/strong><\/p>\n","protected":false},"excerpt":{"rendered":"<p>La Cit\u00e9 des Sciences de Tunis (CST) c\u00e9l\u00e8bre, le 15 f\u00e9vrier 2025, la Journ\u00e9e internationale des femmes et des filles de science<\/p>\n","protected":false},"author":6,"featured_media":15327274,"comment_status":"open","ping_status":"open","sticky":false,"template":"","format":"standard","meta":{"footnotes":""},"categories":[99475,998,2433],"tags":[30522,105460,96942,62643],"class_list":["post-15327129","post","type-post","status-publish","format-standard","has-post-thumbnail","hentry","category-science","category-societe","category-tunisie","tag-cite-des-sciences-de-tunis","tag-cst","tag-journee-des-femmes-et-des-filles-de-science","tag-tunisie"],"yoast_head":"<!-- This site is optimized with the Yoast SEO plugin v26.6 - https:\/\/yoast.com\/wordpress\/plugins\/seo\/ -->\n<title>Tunis : La CST c\u00e9l\u00e8bre la Journ\u00e9e internationale des femmes et des filles de science - Kapitalis<\/title>\n<meta name=\"robots\" content=\"index, follow, max-snippet:-1, max-image-preview:large, max-video-preview:-1\" \/>\n<link rel=\"canonical\" href=\"https:\/\/kapitalis.com\/tunisie\/2025\/01\/28\/tunis-la-cst-celebre-la-journee-internationale-des-femmes-et-des-filles-de-science\/\" \/>\n<meta property=\"og:locale\" content=\"fr_FR\" \/>\n<meta property=\"og:type\" content=\"article\" \/>\n<meta property=\"og:title\" content=\"Tunis : La CST c\u00e9l\u00e8bre la Journ\u00e9e internationale des femmes et des filles de science - Kapitalis\" \/>\n<meta property=\"og:description\" content=\"La Cit\u00e9 des Sciences de Tunis (CST) c\u00e9l\u00e8bre, le 15 f\u00e9vrier 2025, la Journ\u00e9e internationale des femmes et des filles de science\" \/>\n<meta property=\"og:url\" content=\"https:\/\/kapitalis.com\/tunisie\/2025\/01\/28\/tunis-la-cst-celebre-la-journee-internationale-des-femmes-et-des-filles-de-science\/\" \/>\n<meta property=\"og:site_name\" content=\"Kapitalis\" \/>\n<meta property=\"article:publisher\" content=\"https:\/\/www.facebook.com\/KapitalisInfo\/\" \/>\n<meta property=\"article:published_time\" content=\"2025-01-28T20:26:34+00:00\" \/>\n<meta property=\"article:modified_time\" content=\"2025-01-28T20:26:36+00:00\" \/>\n<meta property=\"og:image\" content=\"https:\/\/kapitalis.com\/tunisie\/wp-content\/uploads\/2025\/01\/femmes-et-filles-de-science.jpg\" \/>\n\t<meta property=\"og:image:width\" content=\"1200\" \/>\n\t<meta property=\"og:image:height\" content=\"630\" \/>\n\t<meta property=\"og:image:type\" content=\"image\/jpeg\" \/>\n<meta name=\"author\" content=\"Yusra NY\" \/>\n<meta name=\"twitter:card\" content=\"summary_large_image\" \/>\n<meta name=\"twitter:creator\" content=\"@KapitalisInfo\" \/>\n<meta name=\"twitter:site\" content=\"@KapitalisInfo\" \/>\n<meta name=\"twitter:label1\" content=\"\u00c9crit par\" \/>\n\t<meta name=\"twitter:data1\" content=\"Yusra NY\" \/>\n\t<meta name=\"twitter:label2\" content=\"Dur\u00e9e de lecture estim\u00e9e\" \/>\n\t<meta name=\"twitter:data2\" content=\"2 minutes\" \/>\n<script type=\"application\/ld+json\" class=\"yoast-schema-graph\">{\"@context\":\"https:\/\/schema.org\",\"@graph\":[{\"@type\":\"Article\",\"@id\":\"https:\/\/kapitalis.com\/tunisie\/2025\/01\/28\/tunis-la-cst-celebre-la-journee-internationale-des-femmes-et-des-filles-de-science\/#article\",\"isPartOf\":{\"@id\":\"https:\/\/kapitalis.com\/tunisie\/2025\/01\/28\/tunis-la-cst-celebre-la-journee-internationale-des-femmes-et-des-filles-de-science\/\"},\"author\":{\"name\":\"Yusra NY\",\"@id\":\"https:\/\/kapitalis.com\/tunisie\/#\/schema\/person\/74bbde0154d49d790a92aaeac5bc01d5\"},\"headline\":\"Tunis : La CST c\u00e9l\u00e8bre la Journ\u00e9e internationale des femmes et des filles de science\",\"datePublished\":\"2025-01-28T20:26:34+00:00\",\"dateModified\":\"2025-01-28T20:26:36+00:00\",\"mainEntityOfPage\":{\"@id\":\"https:\/\/kapitalis.com\/tunisie\/2025\/01\/28\/tunis-la-cst-celebre-la-journee-internationale-des-femmes-et-des-filles-de-science\/\"},\"wordCount\":270,\"commentCount\":0,\"publisher\":{\"@id\":\"https:\/\/kapitalis.com\/tunisie\/#organization\"},\"image\":{\"@id\":\"https:\/\/kapitalis.com\/tunisie\/2025\/01\/28\/tunis-la-cst-celebre-la-journee-internationale-des-femmes-et-des-filles-de-science\/#primaryimage\"},\"thumbnailUrl\":\"https:\/\/kapitalis.com\/tunisie\/wp-content\/uploads\/2025\/01\/femmes-et-filles-de-science.jpg\",\"keywords\":[\"Cit\u00e9 des sciences de Tunis\",\"CST\",\"journ\u00e9e des femmes et des filles de science\",\"Tunisie\"],\"articleSection\":[\"Science\",\"SOCIETE\",\"Tunisie\"],\"inLanguage\":\"fr-FR\",\"potentialAction\":[{\"@type\":\"CommentAction\",\"name\":\"Comment\",\"target\":[\"https:\/\/kapitalis.com\/tunisie\/2025\/01\/28\/tunis-la-cst-celebre-la-journee-internationale-des-femmes-et-des-filles-de-science\/#respond\"]}]},{\"@type\":\"WebPage\",\"@id\":\"https:\/\/kapitalis.com\/tunisie\/2025\/01\/28\/tunis-la-cst-celebre-la-journee-internationale-des-femmes-et-des-filles-de-science\/\",\"url\":\"https:\/\/kapitalis.com\/tunisie\/2025\/01\/28\/tunis-la-cst-celebre-la-journee-internationale-des-femmes-et-des-filles-de-science\/\",\"name\":\"Tunis : La CST c\u00e9l\u00e8bre la Journ\u00e9e internationale des femmes et des filles de science - Kapitalis\",\"isPartOf\":{\"@id\":\"https:\/\/kapitalis.com\/tunisie\/#website\"},\"primaryImageOfPage\":{\"@id\":\"https:\/\/kapitalis.com\/tunisie\/2025\/01\/28\/tunis-la-cst-celebre-la-journee-internationale-des-femmes-et-des-filles-de-science\/#primaryimage\"},\"image\":{\"@id\":\"https:\/\/kapitalis.com\/tunisie\/2025\/01\/28\/tunis-la-cst-celebre-la-journee-internationale-des-femmes-et-des-filles-de-science\/#primaryimage\"},\"thumbnailUrl\":\"https:\/\/kapitalis.com\/tunisie\/wp-content\/uploads\/2025\/01\/femmes-et-filles-de-science.jpg\",\"datePublished\":\"2025-01-28T20:26:34+00:00\",\"dateModified\":\"2025-01-28T20:26:36+00:00\",\"breadcrumb\":{\"@id\":\"https:\/\/kapitalis.com\/tunisie\/2025\/01\/28\/tunis-la-cst-celebre-la-journee-internationale-des-femmes-et-des-filles-de-science\/#breadcrumb\"},\"inLanguage\":\"fr-FR\",\"potentialAction\":[{\"@type\":\"ReadAction\",\"target\":[\"https:\/\/kapitalis.com\/tunisie\/2025\/01\/28\/tunis-la-cst-celebre-la-journee-internationale-des-femmes-et-des-filles-de-science\/\"]}]},{\"@type\":\"ImageObject\",\"inLanguage\":\"fr-FR\",\"@id\":\"https:\/\/kapitalis.com\/tunisie\/2025\/01\/28\/tunis-la-cst-celebre-la-journee-internationale-des-femmes-et-des-filles-de-science\/#primaryimage\",\"url\":\"https:\/\/kapitalis.com\/tunisie\/wp-content\/uploads\/2025\/01\/femmes-et-filles-de-science.jpg\",\"contentUrl\":\"https:\/\/kapitalis.com\/tunisie\/wp-content\/uploads\/2025\/01\/femmes-et-filles-de-science.jpg\",\"width\":1200,\"height\":630},{\"@type\":\"BreadcrumbList\",\"@id\":\"https:\/\/kapitalis.com\/tunisie\/2025\/01\/28\/tunis-la-cst-celebre-la-journee-internationale-des-femmes-et-des-filles-de-science\/#breadcrumb\",\"itemListElement\":[{\"@type\":\"ListItem\",\"position\":1,\"name\":\"Accueil\",\"item\":\"https:\/\/kapitalis.com\/tunisie\/\"},{\"@type\":\"ListItem\",\"position\":2,\"name\":\"Tunis : La CST c\u00e9l\u00e8bre la Journ\u00e9e internationale des femmes et des filles de science\"}]},{\"@type\":\"WebSite\",\"@id\":\"https:\/\/kapitalis.com\/tunisie\/#website\",\"url\":\"https:\/\/kapitalis.com\/tunisie\/\",\"name\":\"Kapitalis\",\"description\":\"L&#039;actualit\u00e9 en Tunisie et dans le monde\",\"publisher\":{\"@id\":\"https:\/\/kapitalis.com\/tunisie\/#organization\"},\"potentialAction\":[{\"@type\":\"SearchAction\",\"target\":{\"@type\":\"EntryPoint\",\"urlTemplate\":\"https:\/\/kapitalis.com\/tunisie\/?s={search_term_string}\"},\"query-input\":{\"@type\":\"PropertyValueSpecification\",\"valueRequired\":true,\"valueName\":\"search_term_string\"}}],\"inLanguage\":\"fr-FR\"},{\"@type\":\"Organization\",\"@id\":\"https:\/\/kapitalis.com\/tunisie\/#organization\",\"name\":\"Kapitalis\",\"url\":\"https:\/\/kapitalis.com\/tunisie\/\",\"logo\":{\"@type\":\"ImageObject\",\"inLanguage\":\"fr-FR\",\"@id\":\"https:\/\/kapitalis.com\/tunisie\/#\/schema\/logo\/image\/\",\"url\":\"https:\/\/kapitalis.com\/tunisie\/wp-content\/uploads\/2022\/05\/Kapitalis-big-size.png\",\"contentUrl\":\"https:\/\/kapitalis.com\/tunisie\/wp-content\/uploads\/2022\/05\/Kapitalis-big-size.png\",\"width\":5000,\"height\":1500,\"caption\":\"Kapitalis\"},\"image\":{\"@id\":\"https:\/\/kapitalis.com\/tunisie\/#\/schema\/logo\/image\/\"},\"sameAs\":[\"https:\/\/www.facebook.com\/KapitalisInfo\/\",\"https:\/\/x.com\/KapitalisInfo\",\"https:\/\/www.youtube.com\/channel\/UC-yDYrHyfFBWWZaOw3FPg9Q\"]},{\"@type\":\"Person\",\"@id\":\"https:\/\/kapitalis.com\/tunisie\/#\/schema\/person\/74bbde0154d49d790a92aaeac5bc01d5\",\"name\":\"Yusra NY\",\"url\":\"https:\/\/kapitalis.com\/tunisie\/author\/yuza_adam\/\"}]}<\/script>\n<!-- \/ Yoast SEO plugin. -->","yoast_head_json":{"title":"Tunis : La CST c\u00e9l\u00e8bre la Journ\u00e9e internationale des femmes et des filles de science - Kapitalis","robots":{"index":"index","follow":"follow","max-snippet":"max-snippet:-1","max-image-preview":"max-image-preview:large","max-video-preview":"max-video-preview:-1"},"canonical":"https:\/\/kapitalis.com\/tunisie\/2025\/01\/28\/tunis-la-cst-celebre-la-journee-internationale-des-femmes-et-des-filles-de-science\/","og_locale":"fr_FR","og_type":"article","og_title":"Tunis : La CST c\u00e9l\u00e8bre la Journ\u00e9e internationale des femmes et des filles de science - Kapitalis","og_description":"La Cit\u00e9 des Sciences de Tunis (CST) c\u00e9l\u00e8bre, le 15 f\u00e9vrier 2025, la Journ\u00e9e internationale des femmes et des filles de science","og_url":"https:\/\/kapitalis.com\/tunisie\/2025\/01\/28\/tunis-la-cst-celebre-la-journee-internationale-des-femmes-et-des-filles-de-science\/","og_site_name":"Kapitalis","article_publisher":"https:\/\/www.facebook.com\/KapitalisInfo\/","article_published_time":"2025-01-28T20:26:34+00:00","article_modified_time":"2025-01-28T20:26:36+00:00","og_image":[{"width":1200,"height":630,"url":"https:\/\/kapitalis.com\/tunisie\/wp-content\/uploads\/2025\/01\/femmes-et-filles-de-science.jpg","type":"image\/jpeg"}],"author":"Yusra NY","twitter_card":"summary_large_image","twitter_creator":"@KapitalisInfo","twitter_site":"@KapitalisInfo","twitter_misc":{"\u00c9crit par":"Yusra NY","Dur\u00e9e de lecture estim\u00e9e":"2 minutes"},"schema":{"@context":"https:\/\/schema.org","@graph":[{"@type":"Article","@id":"https:\/\/kapitalis.com\/tunisie\/2025\/01\/28\/tunis-la-cst-celebre-la-journee-internationale-des-femmes-et-des-filles-de-science\/#article","isPartOf":{"@id":"https:\/\/kapitalis.com\/tunisie\/2025\/01\/28\/tunis-la-cst-celebre-la-journee-internationale-des-femmes-et-des-filles-de-science\/"},"author":{"name":"Yusra NY","@id":"https:\/\/kapitalis.com\/tunisie\/#\/schema\/person\/74bbde0154d49d790a92aaeac5bc01d5"},"headline":"Tunis : La CST c\u00e9l\u00e8bre la Journ\u00e9e internationale des femmes et des filles de science","datePublished":"2025-01-28T20:26:34+00:00","dateModified":"2025-01-28T20:26:36+00:00","mainEntityOfPage":{"@id":"https:\/\/kapitalis.com\/tunisie\/2025\/01\/28\/tunis-la-cst-celebre-la-journee-internationale-des-femmes-et-des-filles-de-science\/"},"wordCount":270,"commentCount":0,"publisher":{"@id":"https:\/\/kapitalis.com\/tunisie\/#organization"},"image":{"@id":"https:\/\/kapitalis.com\/tunisie\/2025\/01\/28\/tunis-la-cst-celebre-la-journee-internationale-des-femmes-et-des-filles-de-science\/#primaryimage"},"thumbnailUrl":"https:\/\/kapitalis.com\/tunisie\/wp-content\/uploads\/2025\/01\/femmes-et-filles-de-science.jpg","keywords":["Cit\u00e9 des sciences de Tunis","CST","journ\u00e9e des femmes et des filles de science","Tunisie"],"articleSection":["Science","SOCIETE","Tunisie"],"inLanguage":"fr-FR","potentialAction":[{"@type":"CommentAction","name":"Comment","target":["https:\/\/kapitalis.com\/tunisie\/2025\/01\/28\/tunis-la-cst-celebre-la-journee-internationale-des-femmes-et-des-filles-de-science\/#respond"]}]},{"@type":"WebPage","@id":"https:\/\/kapitalis.com\/tunisie\/2025\/01\/28\/tunis-la-cst-celebre-la-journee-internationale-des-femmes-et-des-filles-de-science\/","url":"https:\/\/kapitalis.com\/tunisie\/2025\/01\/28\/tunis-la-cst-celebre-la-journee-internationale-des-femmes-et-des-filles-de-science\/","name":"Tunis : La CST c\u00e9l\u00e8bre la Journ\u00e9e internationale des femmes et des filles de science - Kapitalis","isPartOf":{"@id":"https:\/\/kapitalis.com\/tunisie\/#website"},"primaryImageOfPage":{"@id":"https:\/\/kapitalis.com\/tunisie\/2025\/01\/28\/tunis-la-cst-celebre-la-journee-internationale-des-femmes-et-des-filles-de-science\/#primaryimage"},"image":{"@id":"https:\/\/kapitalis.com\/tunisie\/2025\/01\/28\/tunis-la-cst-celebre-la-journee-internationale-des-femmes-et-des-filles-de-science\/#primaryimage"},"thumbnailUrl":"https:\/\/kapitalis.com\/tunisie\/wp-content\/uploads\/2025\/01\/femmes-et-filles-de-science.jpg","datePublished":"2025-01-28T20:26:34+00:00","dateModified":"2025-01-28T20:26:36+00:00","breadcrumb":{"@id":"https:\/\/kapitalis.com\/tunisie\/2025\/01\/28\/tunis-la-cst-celebre-la-journee-internationale-des-femmes-et-des-filles-de-science\/#breadcrumb"},"inLanguage":"fr-FR","potentialAction":[{"@type":"ReadAction","target":["https:\/\/kapitalis.com\/tunisie\/2025\/01\/28\/tunis-la-cst-celebre-la-journee-internationale-des-femmes-et-des-filles-de-science\/"]}]},{"@type":"ImageObject","inLanguage":"fr-FR","@id":"https:\/\/kapitalis.com\/tunisie\/2025\/01\/28\/tunis-la-cst-celebre-la-journee-internationale-des-femmes-et-des-filles-de-science\/#primaryimage","url":"https:\/\/kapitalis.com\/tunisie\/wp-content\/uploads\/2025\/01\/femmes-et-filles-de-science.jpg","contentUrl":"https:\/\/kapitalis.com\/tunisie\/wp-content\/uploads\/2025\/01\/femmes-et-filles-de-science.jpg","width":1200,"height":630},{"@type":"BreadcrumbList","@id":"https:\/\/kapitalis.com\/tunisie\/2025\/01\/28\/tunis-la-cst-celebre-la-journee-internationale-des-femmes-et-des-filles-de-science\/#breadcrumb","itemListElement":[{"@type":"ListItem","position":1,"name":"Accueil","item":"https:\/\/kapitalis.com\/tunisie\/"},{"@type":"ListItem","position":2,"name":"Tunis : La CST c\u00e9l\u00e8bre la Journ\u00e9e internationale des femmes et des filles de science"}]},{"@type":"WebSite","@id":"https:\/\/kapitalis.com\/tunisie\/#website","url":"https:\/\/kapitalis.com\/tunisie\/","name":"Kapitalis","description":"L&#039;actualit\u00e9 en Tunisie et dans le monde","publisher":{"@id":"https:\/\/kapitalis.com\/tunisie\/#organization"},"potentialAction":[{"@type":"SearchAction","target":{"@type":"EntryPoint","urlTemplate":"https:\/\/kapitalis.com\/tunisie\/?s={search_term_string}"},"query-input":{"@type":"PropertyValueSpecification","valueRequired":true,"valueName":"search_term_string"}}],"inLanguage":"fr-FR"},{"@type":"Organization","@id":"https:\/\/kapitalis.com\/tunisie\/#organization","name":"Kapitalis","url":"https:\/\/kapitalis.com\/tunisie\/","logo":{"@type":"ImageObject","inLanguage":"fr-FR","@id":"https:\/\/kapitalis.com\/tunisie\/#\/schema\/logo\/image\/","url":"https:\/\/kapitalis.com\/tunisie\/wp-content\/uploads\/2022\/05\/Kapitalis-big-size.png","contentUrl":"https:\/\/kapitalis.com\/tunisie\/wp-content\/uploads\/2022\/05\/Kapitalis-big-size.png","width":5000,"height":1500,"caption":"Kapitalis"},"image":{"@id":"https:\/\/kapitalis.com\/tunisie\/#\/schema\/logo\/image\/"},"sameAs":["https:\/\/www.facebook.com\/KapitalisInfo\/","https:\/\/x.com\/KapitalisInfo","https:\/\/www.youtube.com\/channel\/UC-yDYrHyfFBWWZaOw3FPg9Q"]},{"@type":"Person","@id":"https:\/\/kapitalis.com\/tunisie\/#\/schema\/person\/74bbde0154d49d790a92aaeac5bc01d5","name":"Yusra NY","url":"https:\/\/kapitalis.com\/tunisie\/author\/yuza_adam\/"}]}},"_links":{"self":[{"href":"https:\/\/kapitalis.com\/tunisie\/wp-json\/wp\/v2\/posts\/15327129","targetHints":{"allow":["GET"]}}],"collection":[{"href":"https:\/\/kapitalis.com\/tunisie\/wp-json\/wp\/v2\/posts"}],"about":[{"href":"https:\/\/kapitalis.com\/tunisie\/wp-json\/wp\/v2\/types\/post"}],"author":[{"embeddable":true,"href":"https:\/\/kapitalis.com\/tunisie\/wp-json\/wp\/v2\/users\/6"}],"replies":[{"embeddable":true,"href":"https:\/\/kapitalis.com\/tunisie\/wp-json\/wp\/v2\/comments?post=15327129"}],"version-history":[{"count":1,"href":"https:\/\/kapitalis.com\/tunisie\/wp-json\/wp\/v2\/posts\/15327129\/revisions"}],"predecessor-version":[{"id":15327281,"href":"https:\/\/kapitalis.com\/tunisie\/wp-json\/wp\/v2\/posts\/15327129\/revisions\/15327281"}],"wp:featuredmedia":[{"embeddable":true,"href":"https:\/\/kapitalis.com\/tunisie\/wp-json\/wp\/v2\/media\/15327274"}],"wp:attachment":[{"href":"https:\/\/kapitalis.com\/tunisie\/wp-json\/wp\/v2\/media?parent=15327129"}],"wp:term":[{"taxonomy":"category","embeddable":true,"href":"https:\/\/kapitalis.com\/tunisie\/wp-json\/wp\/v2\/categories?post=15327129"},{"taxonomy":"post_tag","embeddable":true,"href":"https:\/\/kapitalis.com\/tunisie\/wp-json\/wp\/v2\/tags?post=15327129"}],"curies":[{"name":"wp","href":"https:\/\/api.w.org\/{rel}","templated":true}]}}