{"id":153385,"date":"2018-05-10T10:46:31","date_gmt":"2018-05-10T09:46:31","guid":{"rendered":"http:\/\/kapitalis.com\/tunisie\/?p=153385"},"modified":"2018-05-10T10:46:31","modified_gmt":"2018-05-10T09:46:31","slug":"la-6e-edition-de-meduni-rassemble-150-jeunes-mediterraneens-a-tunis","status":"publish","type":"post","link":"https:\/\/kapitalis.com\/tunisie\/2018\/05\/10\/la-6e-edition-de-meduni-rassemble-150-jeunes-mediterraneens-a-tunis\/","title":{"rendered":"La 6e \u00e9dition de MedUni rassemble 150 jeunes m\u00e9diterran\u00e9ens \u00e0 Tunis"},"content":{"rendered":"<p style=\"text-align: center;\"><img loading=\"lazy\" decoding=\"async\" class=\"alignnone size-full wp-image-153387\" src=\"http:\/\/kapitalis.com\/tunisie\/wp-content\/uploads\/2018\/05\/Universite-mediterraneenne-jeunesse-et-citoyennete.jpg\" alt=\"\" width=\"626\" height=\"380\" \/><\/p>\n<p><em><strong>La 6e \u00e9dition de l\u2019Universit\u00e9 m\u00e9diterran\u00e9enne jeunesse et citoyennet\u00e9 mondiale (MedUni) a d\u00e9marr\u00e9 hier, mercredi 9 mai 2018, \u00e0 Tunis, et se poursuivra toute la semaine.<\/strong> <\/em><\/p>\n<p><!--more--><\/p>\n<p>Il s\u2019agit d\u2019un espace o\u00f9 diff\u00e9rentes organisations nationales et internationales conduisent des activit\u00e9s de formation dans un contexte de coop\u00e9ration multilat\u00e9rale, facilit\u00e9e et coordonn\u00e9e par le Centre Nord-Sud du Conseil de l\u2019Europe, en partenariat avec l\u2019Observatoire national de la jeunesse de Tunisie.<\/p>\n<p>Cette ann\u00e9e, <a href=\"https:\/\/www.coe.int\/web\/north-south-centre\/mediterranean-university-on-youth-and-global-citizenship\">MedUni<\/a> englobe 8 activit\u00e9s qui visent \u00e0 permettre aux jeunes, aux institutions li\u00e9es \u00e0 la jeunesse et aux d\u00e9cideurs de la jeunesse de se rencontrer, de d\u00e9battre et de d\u00e9velopper des capacit\u00e9s pour mieux coop\u00e9rer dans les processus d\u00e9mocratiques et contribuer aux objectifs globaux de l\u2019Onu pour un d\u00e9veloppement durable.<\/p>\n<p>Tout au long de la semaine, les s\u00e9ances pl\u00e9ni\u00e8res relieront les diff\u00e9rentes activit\u00e9s et le th\u00e8me annuel choisi pour cette \u00e9dition: <em>\u00abPromouvoir des soci\u00e9t\u00e9s pacifiques et inclusives\u00bb<\/em>.<\/p>\n<p>L\u2019\u00e9quipe de formateurs exp\u00e9riment\u00e9s du Centre Nord-Sud aura la t\u00e2che difficile de rassembler, de relier et de d\u00e9ployer le potentiel des 150 jeunes participants.<\/p>\n<p>Au cours des prochains jours, les participants auront l\u2019occasion d\u2019assister \u00e0 des ateliers, des foires, un s\u00e9minaire quadrilogue, des tables-rondes et d\u2019autres activit\u00e9s, de partager leurs points de vue et de contribuer \u00e0 renforcer le r\u00f4le des jeunes dans la construction d\u2019un monde plus pacifique et inclusif.<\/p>\n<p>Lors de la c\u00e9r\u00e9monie d\u2019ouverture, Rocio Cervera, directrice adjointe du Centre Nord-Sud, a rappel\u00e9 que la MedUni <em>\u00abest un espace unique de r\u00e9seautage, d\u2019\u00e9ducation par les pairs et de partage des connaissances sur la participation des jeunes \u00e0 la suite d\u2019une approche multilat\u00e9rale. C\u2019est une bonne occasion de travailler ensemble sur le d\u00e9veloppement des politiques de jeunesse sur la base de l\u2019approche ascendante qui permettra un dialogue structur\u00e9 entre les gouvernements, les parlements, les repr\u00e9sentants des collectivit\u00e9s locales et r\u00e9gionales et les jeunes\u00bb<\/em>.<\/p>\n<p>Imen Blhedi, directrice de l\u2019Observatoire national de la jeunesse de Tunisie, a insist\u00e9 sur le fait que la Tunisie investit beaucoup dans la jeunesse, aussi est-il tr\u00e8s important pour elle d\u2019accueillir cette activit\u00e9: <em>\u00abNous envoyons un message fort: il est possible de collaborer au niveau international en vue d\u2019une soci\u00e9t\u00e9 pacifique et inclusive\u00bb<\/em>.<\/p>\n<p style=\"text-align: right;\"><strong>I. B.<\/strong> (avec communiqu\u00e9).<\/p>\n","protected":false},"excerpt":{"rendered":"<p>La 6e \u00e9dition de l\u2019Universit\u00e9 m\u00e9diterran\u00e9enne jeunesse et citoyennet\u00e9 mondiale (MedUni) a d\u00e9marr\u00e9 hier, mercredi 9 mai 2018, \u00e0 Tunis, et se poursuivra toute la semaine.<\/p>\n","protected":false},"author":8,"featured_media":153387,"comment_status":"open","ping_status":"open","sticky":false,"template":"","format":"standard","meta":{"footnotes":""},"categories":[998,2433],"tags":[1421],"class_list":["post-153385","post","type-post","status-publish","format-standard","has-post-thumbnail","hentry","category-societe","category-tunisie","tag-conseil-de-leurope"],"yoast_head":"<!-- This site is optimized with the Yoast SEO plugin v26.6 - https:\/\/yoast.com\/wordpress\/plugins\/seo\/ -->\n<title>La 6e \u00e9dition de MedUni rassemble 150 jeunes m\u00e9diterran\u00e9ens \u00e0 Tunis - Kapitalis<\/title>\n<meta name=\"robots\" content=\"index, follow, max-snippet:-1, max-image-preview:large, max-video-preview:-1\" \/>\n<link rel=\"canonical\" href=\"https:\/\/kapitalis.com\/tunisie\/2018\/05\/10\/la-6e-edition-de-meduni-rassemble-150-jeunes-mediterraneens-a-tunis\/\" \/>\n<meta property=\"og:locale\" content=\"fr_FR\" \/>\n<meta property=\"og:type\" content=\"article\" \/>\n<meta property=\"og:title\" content=\"La 6e \u00e9dition de MedUni rassemble 150 jeunes m\u00e9diterran\u00e9ens \u00e0 Tunis - Kapitalis\" \/>\n<meta property=\"og:description\" content=\"La 6e \u00e9dition de l\u2019Universit\u00e9 m\u00e9diterran\u00e9enne jeunesse et citoyennet\u00e9 mondiale (MedUni) a d\u00e9marr\u00e9 hier, mercredi 9 mai 2018, \u00e0 Tunis, et se poursuivra toute la semaine.\" \/>\n<meta property=\"og:url\" content=\"https:\/\/kapitalis.com\/tunisie\/2018\/05\/10\/la-6e-edition-de-meduni-rassemble-150-jeunes-mediterraneens-a-tunis\/\" \/>\n<meta property=\"og:site_name\" content=\"Kapitalis\" \/>\n<meta property=\"article:publisher\" content=\"https:\/\/www.facebook.com\/KapitalisInfo\/\" \/>\n<meta property=\"article:published_time\" content=\"2018-05-10T09:46:31+00:00\" \/>\n<meta property=\"og:image\" content=\"https:\/\/kapitalis.com\/tunisie\/wp-content\/uploads\/2022\/05\/kapitalis-logo-fb.png\" \/>\n\t<meta property=\"og:image:width\" content=\"1200\" \/>\n\t<meta property=\"og:image:height\" content=\"630\" \/>\n\t<meta property=\"og:image:type\" content=\"image\/png\" \/>\n<meta name=\"author\" content=\"webmaster kapitalis\" \/>\n<meta name=\"twitter:card\" content=\"summary_large_image\" \/>\n<meta name=\"twitter:creator\" content=\"@KapitalisInfo\" \/>\n<meta name=\"twitter:site\" content=\"@KapitalisInfo\" \/>\n<meta name=\"twitter:label1\" content=\"\u00c9crit par\" \/>\n\t<meta name=\"twitter:data1\" content=\"webmaster kapitalis\" \/>\n\t<meta name=\"twitter:label2\" content=\"Dur\u00e9e de lecture estim\u00e9e\" \/>\n\t<meta name=\"twitter:data2\" content=\"2 minutes\" \/>\n<script type=\"application\/ld+json\" class=\"yoast-schema-graph\">{\"@context\":\"https:\/\/schema.org\",\"@graph\":[{\"@type\":\"Article\",\"@id\":\"https:\/\/kapitalis.com\/tunisie\/2018\/05\/10\/la-6e-edition-de-meduni-rassemble-150-jeunes-mediterraneens-a-tunis\/#article\",\"isPartOf\":{\"@id\":\"https:\/\/kapitalis.com\/tunisie\/2018\/05\/10\/la-6e-edition-de-meduni-rassemble-150-jeunes-mediterraneens-a-tunis\/\"},\"author\":{\"name\":\"webmaster kapitalis\",\"@id\":\"https:\/\/kapitalis.com\/tunisie\/#\/schema\/person\/d71f33a9ca44f7bad4698210b480c8e9\"},\"headline\":\"La 6e \u00e9dition de MedUni rassemble 150 jeunes m\u00e9diterran\u00e9ens \u00e0 Tunis\",\"datePublished\":\"2018-05-10T09:46:31+00:00\",\"mainEntityOfPage\":{\"@id\":\"https:\/\/kapitalis.com\/tunisie\/2018\/05\/10\/la-6e-edition-de-meduni-rassemble-150-jeunes-mediterraneens-a-tunis\/\"},\"wordCount\":422,\"commentCount\":0,\"publisher\":{\"@id\":\"https:\/\/kapitalis.com\/tunisie\/#organization\"},\"image\":{\"@id\":\"https:\/\/kapitalis.com\/tunisie\/2018\/05\/10\/la-6e-edition-de-meduni-rassemble-150-jeunes-mediterraneens-a-tunis\/#primaryimage\"},\"thumbnailUrl\":\"\",\"keywords\":[\"Conseil de l'Europe\"],\"articleSection\":[\"SOCIETE\",\"Tunisie\"],\"inLanguage\":\"fr-FR\",\"potentialAction\":[{\"@type\":\"CommentAction\",\"name\":\"Comment\",\"target\":[\"https:\/\/kapitalis.com\/tunisie\/2018\/05\/10\/la-6e-edition-de-meduni-rassemble-150-jeunes-mediterraneens-a-tunis\/#respond\"]}]},{\"@type\":\"WebPage\",\"@id\":\"https:\/\/kapitalis.com\/tunisie\/2018\/05\/10\/la-6e-edition-de-meduni-rassemble-150-jeunes-mediterraneens-a-tunis\/\",\"url\":\"https:\/\/kapitalis.com\/tunisie\/2018\/05\/10\/la-6e-edition-de-meduni-rassemble-150-jeunes-mediterraneens-a-tunis\/\",\"name\":\"La 6e \u00e9dition de MedUni rassemble 150 jeunes m\u00e9diterran\u00e9ens \u00e0 Tunis - Kapitalis\",\"isPartOf\":{\"@id\":\"https:\/\/kapitalis.com\/tunisie\/#website\"},\"primaryImageOfPage\":{\"@id\":\"https:\/\/kapitalis.com\/tunisie\/2018\/05\/10\/la-6e-edition-de-meduni-rassemble-150-jeunes-mediterraneens-a-tunis\/#primaryimage\"},\"image\":{\"@id\":\"https:\/\/kapitalis.com\/tunisie\/2018\/05\/10\/la-6e-edition-de-meduni-rassemble-150-jeunes-mediterraneens-a-tunis\/#primaryimage\"},\"thumbnailUrl\":\"\",\"datePublished\":\"2018-05-10T09:46:31+00:00\",\"breadcrumb\":{\"@id\":\"https:\/\/kapitalis.com\/tunisie\/2018\/05\/10\/la-6e-edition-de-meduni-rassemble-150-jeunes-mediterraneens-a-tunis\/#breadcrumb\"},\"inLanguage\":\"fr-FR\",\"potentialAction\":[{\"@type\":\"ReadAction\",\"target\":[\"https:\/\/kapitalis.com\/tunisie\/2018\/05\/10\/la-6e-edition-de-meduni-rassemble-150-jeunes-mediterraneens-a-tunis\/\"]}]},{\"@type\":\"ImageObject\",\"inLanguage\":\"fr-FR\",\"@id\":\"https:\/\/kapitalis.com\/tunisie\/2018\/05\/10\/la-6e-edition-de-meduni-rassemble-150-jeunes-mediterraneens-a-tunis\/#primaryimage\",\"url\":\"\",\"contentUrl\":\"\"},{\"@type\":\"BreadcrumbList\",\"@id\":\"https:\/\/kapitalis.com\/tunisie\/2018\/05\/10\/la-6e-edition-de-meduni-rassemble-150-jeunes-mediterraneens-a-tunis\/#breadcrumb\",\"itemListElement\":[{\"@type\":\"ListItem\",\"position\":1,\"name\":\"Accueil\",\"item\":\"https:\/\/kapitalis.com\/tunisie\/\"},{\"@type\":\"ListItem\",\"position\":2,\"name\":\"La 6e \u00e9dition de MedUni rassemble 150 jeunes m\u00e9diterran\u00e9ens \u00e0 Tunis\"}]},{\"@type\":\"WebSite\",\"@id\":\"https:\/\/kapitalis.com\/tunisie\/#website\",\"url\":\"https:\/\/kapitalis.com\/tunisie\/\",\"name\":\"Kapitalis\",\"description\":\"L&#039;actualit\u00e9 en Tunisie et dans le monde\",\"publisher\":{\"@id\":\"https:\/\/kapitalis.com\/tunisie\/#organization\"},\"potentialAction\":[{\"@type\":\"SearchAction\",\"target\":{\"@type\":\"EntryPoint\",\"urlTemplate\":\"https:\/\/kapitalis.com\/tunisie\/?s={search_term_string}\"},\"query-input\":{\"@type\":\"PropertyValueSpecification\",\"valueRequired\":true,\"valueName\":\"search_term_string\"}}],\"inLanguage\":\"fr-FR\"},{\"@type\":\"Organization\",\"@id\":\"https:\/\/kapitalis.com\/tunisie\/#organization\",\"name\":\"Kapitalis\",\"url\":\"https:\/\/kapitalis.com\/tunisie\/\",\"logo\":{\"@type\":\"ImageObject\",\"inLanguage\":\"fr-FR\",\"@id\":\"https:\/\/kapitalis.com\/tunisie\/#\/schema\/logo\/image\/\",\"url\":\"https:\/\/kapitalis.com\/tunisie\/wp-content\/uploads\/2022\/05\/Kapitalis-big-size.png\",\"contentUrl\":\"https:\/\/kapitalis.com\/tunisie\/wp-content\/uploads\/2022\/05\/Kapitalis-big-size.png\",\"width\":5000,\"height\":1500,\"caption\":\"Kapitalis\"},\"image\":{\"@id\":\"https:\/\/kapitalis.com\/tunisie\/#\/schema\/logo\/image\/\"},\"sameAs\":[\"https:\/\/www.facebook.com\/KapitalisInfo\/\",\"https:\/\/x.com\/KapitalisInfo\",\"https:\/\/www.youtube.com\/channel\/UC-yDYrHyfFBWWZaOw3FPg9Q\"]},{\"@type\":\"Person\",\"@id\":\"https:\/\/kapitalis.com\/tunisie\/#\/schema\/person\/d71f33a9ca44f7bad4698210b480c8e9\",\"name\":\"webmaster kapitalis\",\"url\":\"https:\/\/kapitalis.com\/tunisie\/author\/webmaster-kapitalis\/\"}]}<\/script>\n<!-- \/ Yoast SEO plugin. -->","yoast_head_json":{"title":"La 6e \u00e9dition de MedUni rassemble 150 jeunes m\u00e9diterran\u00e9ens \u00e0 Tunis - Kapitalis","robots":{"index":"index","follow":"follow","max-snippet":"max-snippet:-1","max-image-preview":"max-image-preview:large","max-video-preview":"max-video-preview:-1"},"canonical":"https:\/\/kapitalis.com\/tunisie\/2018\/05\/10\/la-6e-edition-de-meduni-rassemble-150-jeunes-mediterraneens-a-tunis\/","og_locale":"fr_FR","og_type":"article","og_title":"La 6e \u00e9dition de MedUni rassemble 150 jeunes m\u00e9diterran\u00e9ens \u00e0 Tunis - Kapitalis","og_description":"La 6e \u00e9dition de l\u2019Universit\u00e9 m\u00e9diterran\u00e9enne jeunesse et citoyennet\u00e9 mondiale (MedUni) a d\u00e9marr\u00e9 hier, mercredi 9 mai 2018, \u00e0 Tunis, et se poursuivra toute la semaine.","og_url":"https:\/\/kapitalis.com\/tunisie\/2018\/05\/10\/la-6e-edition-de-meduni-rassemble-150-jeunes-mediterraneens-a-tunis\/","og_site_name":"Kapitalis","article_publisher":"https:\/\/www.facebook.com\/KapitalisInfo\/","article_published_time":"2018-05-10T09:46:31+00:00","og_image":[{"width":1200,"height":630,"url":"https:\/\/kapitalis.com\/tunisie\/wp-content\/uploads\/2022\/05\/kapitalis-logo-fb.png","type":"image\/png"}],"author":"webmaster kapitalis","twitter_card":"summary_large_image","twitter_creator":"@KapitalisInfo","twitter_site":"@KapitalisInfo","twitter_misc":{"\u00c9crit par":"webmaster kapitalis","Dur\u00e9e de lecture estim\u00e9e":"2 minutes"},"schema":{"@context":"https:\/\/schema.org","@graph":[{"@type":"Article","@id":"https:\/\/kapitalis.com\/tunisie\/2018\/05\/10\/la-6e-edition-de-meduni-rassemble-150-jeunes-mediterraneens-a-tunis\/#article","isPartOf":{"@id":"https:\/\/kapitalis.com\/tunisie\/2018\/05\/10\/la-6e-edition-de-meduni-rassemble-150-jeunes-mediterraneens-a-tunis\/"},"author":{"name":"webmaster kapitalis","@id":"https:\/\/kapitalis.com\/tunisie\/#\/schema\/person\/d71f33a9ca44f7bad4698210b480c8e9"},"headline":"La 6e \u00e9dition de MedUni rassemble 150 jeunes m\u00e9diterran\u00e9ens \u00e0 Tunis","datePublished":"2018-05-10T09:46:31+00:00","mainEntityOfPage":{"@id":"https:\/\/kapitalis.com\/tunisie\/2018\/05\/10\/la-6e-edition-de-meduni-rassemble-150-jeunes-mediterraneens-a-tunis\/"},"wordCount":422,"commentCount":0,"publisher":{"@id":"https:\/\/kapitalis.com\/tunisie\/#organization"},"image":{"@id":"https:\/\/kapitalis.com\/tunisie\/2018\/05\/10\/la-6e-edition-de-meduni-rassemble-150-jeunes-mediterraneens-a-tunis\/#primaryimage"},"thumbnailUrl":"","keywords":["Conseil de l'Europe"],"articleSection":["SOCIETE","Tunisie"],"inLanguage":"fr-FR","potentialAction":[{"@type":"CommentAction","name":"Comment","target":["https:\/\/kapitalis.com\/tunisie\/2018\/05\/10\/la-6e-edition-de-meduni-rassemble-150-jeunes-mediterraneens-a-tunis\/#respond"]}]},{"@type":"WebPage","@id":"https:\/\/kapitalis.com\/tunisie\/2018\/05\/10\/la-6e-edition-de-meduni-rassemble-150-jeunes-mediterraneens-a-tunis\/","url":"https:\/\/kapitalis.com\/tunisie\/2018\/05\/10\/la-6e-edition-de-meduni-rassemble-150-jeunes-mediterraneens-a-tunis\/","name":"La 6e \u00e9dition de MedUni rassemble 150 jeunes m\u00e9diterran\u00e9ens \u00e0 Tunis - Kapitalis","isPartOf":{"@id":"https:\/\/kapitalis.com\/tunisie\/#website"},"primaryImageOfPage":{"@id":"https:\/\/kapitalis.com\/tunisie\/2018\/05\/10\/la-6e-edition-de-meduni-rassemble-150-jeunes-mediterraneens-a-tunis\/#primaryimage"},"image":{"@id":"https:\/\/kapitalis.com\/tunisie\/2018\/05\/10\/la-6e-edition-de-meduni-rassemble-150-jeunes-mediterraneens-a-tunis\/#primaryimage"},"thumbnailUrl":"","datePublished":"2018-05-10T09:46:31+00:00","breadcrumb":{"@id":"https:\/\/kapitalis.com\/tunisie\/2018\/05\/10\/la-6e-edition-de-meduni-rassemble-150-jeunes-mediterraneens-a-tunis\/#breadcrumb"},"inLanguage":"fr-FR","potentialAction":[{"@type":"ReadAction","target":["https:\/\/kapitalis.com\/tunisie\/2018\/05\/10\/la-6e-edition-de-meduni-rassemble-150-jeunes-mediterraneens-a-tunis\/"]}]},{"@type":"ImageObject","inLanguage":"fr-FR","@id":"https:\/\/kapitalis.com\/tunisie\/2018\/05\/10\/la-6e-edition-de-meduni-rassemble-150-jeunes-mediterraneens-a-tunis\/#primaryimage","url":"","contentUrl":""},{"@type":"BreadcrumbList","@id":"https:\/\/kapitalis.com\/tunisie\/2018\/05\/10\/la-6e-edition-de-meduni-rassemble-150-jeunes-mediterraneens-a-tunis\/#breadcrumb","itemListElement":[{"@type":"ListItem","position":1,"name":"Accueil","item":"https:\/\/kapitalis.com\/tunisie\/"},{"@type":"ListItem","position":2,"name":"La 6e \u00e9dition de MedUni rassemble 150 jeunes m\u00e9diterran\u00e9ens \u00e0 Tunis"}]},{"@type":"WebSite","@id":"https:\/\/kapitalis.com\/tunisie\/#website","url":"https:\/\/kapitalis.com\/tunisie\/","name":"Kapitalis","description":"L&#039;actualit\u00e9 en Tunisie et dans le monde","publisher":{"@id":"https:\/\/kapitalis.com\/tunisie\/#organization"},"potentialAction":[{"@type":"SearchAction","target":{"@type":"EntryPoint","urlTemplate":"https:\/\/kapitalis.com\/tunisie\/?s={search_term_string}"},"query-input":{"@type":"PropertyValueSpecification","valueRequired":true,"valueName":"search_term_string"}}],"inLanguage":"fr-FR"},{"@type":"Organization","@id":"https:\/\/kapitalis.com\/tunisie\/#organization","name":"Kapitalis","url":"https:\/\/kapitalis.com\/tunisie\/","logo":{"@type":"ImageObject","inLanguage":"fr-FR","@id":"https:\/\/kapitalis.com\/tunisie\/#\/schema\/logo\/image\/","url":"https:\/\/kapitalis.com\/tunisie\/wp-content\/uploads\/2022\/05\/Kapitalis-big-size.png","contentUrl":"https:\/\/kapitalis.com\/tunisie\/wp-content\/uploads\/2022\/05\/Kapitalis-big-size.png","width":5000,"height":1500,"caption":"Kapitalis"},"image":{"@id":"https:\/\/kapitalis.com\/tunisie\/#\/schema\/logo\/image\/"},"sameAs":["https:\/\/www.facebook.com\/KapitalisInfo\/","https:\/\/x.com\/KapitalisInfo","https:\/\/www.youtube.com\/channel\/UC-yDYrHyfFBWWZaOw3FPg9Q"]},{"@type":"Person","@id":"https:\/\/kapitalis.com\/tunisie\/#\/schema\/person\/d71f33a9ca44f7bad4698210b480c8e9","name":"webmaster kapitalis","url":"https:\/\/kapitalis.com\/tunisie\/author\/webmaster-kapitalis\/"}]}},"_links":{"self":[{"href":"https:\/\/kapitalis.com\/tunisie\/wp-json\/wp\/v2\/posts\/153385","targetHints":{"allow":["GET"]}}],"collection":[{"href":"https:\/\/kapitalis.com\/tunisie\/wp-json\/wp\/v2\/posts"}],"about":[{"href":"https:\/\/kapitalis.com\/tunisie\/wp-json\/wp\/v2\/types\/post"}],"author":[{"embeddable":true,"href":"https:\/\/kapitalis.com\/tunisie\/wp-json\/wp\/v2\/users\/8"}],"replies":[{"embeddable":true,"href":"https:\/\/kapitalis.com\/tunisie\/wp-json\/wp\/v2\/comments?post=153385"}],"version-history":[{"count":0,"href":"https:\/\/kapitalis.com\/tunisie\/wp-json\/wp\/v2\/posts\/153385\/revisions"}],"wp:featuredmedia":[{"embeddable":true,"href":"https:\/\/kapitalis.com\/tunisie\/wp-json\/wp\/v2\/media\/153387"}],"wp:attachment":[{"href":"https:\/\/kapitalis.com\/tunisie\/wp-json\/wp\/v2\/media?parent=153385"}],"wp:term":[{"taxonomy":"category","embeddable":true,"href":"https:\/\/kapitalis.com\/tunisie\/wp-json\/wp\/v2\/categories?post=153385"},{"taxonomy":"post_tag","embeddable":true,"href":"https:\/\/kapitalis.com\/tunisie\/wp-json\/wp\/v2\/tags?post=153385"}],"curies":[{"name":"wp","href":"https:\/\/api.w.org\/{rel}","templated":true}]}}