{"id":153404,"date":"2018-05-10T11:40:11","date_gmt":"2018-05-10T10:40:11","guid":{"rendered":"http:\/\/kapitalis.com\/tunisie\/?p=153404"},"modified":"2018-05-10T11:40:11","modified_gmt":"2018-05-10T10:40:11","slug":"tunisair-annonce-13-mois-consecutifs-de-croissance-de-lactivite-globale","status":"publish","type":"post","link":"https:\/\/kapitalis.com\/tunisie\/2018\/05\/10\/tunisair-annonce-13-mois-consecutifs-de-croissance-de-lactivite-globale\/","title":{"rendered":"Tunisair annonce 13 mois cons\u00e9cutifs de croissance de l\u2019activit\u00e9 globale"},"content":{"rendered":"<p style=\"text-align: center;\"><img loading=\"lazy\" decoding=\"async\" class=\"alignnone size-full wp-image-149541\" src=\"http:\/\/kapitalis.com\/tunisie\/wp-content\/uploads\/2018\/04\/Tunisair-Ban.jpg\" alt=\"\" width=\"626\" height=\"380\" \/><\/p>\n<p><em><strong>Dans un communiqu\u00e9 publi\u00e9 aujourd\u2019hui, jeudi 10 mai 2018, la compagnie Tunisair annonce un accroissement de 2,2% du trafic passagers au cours du mois d\u2019avril 2018, par rapport \u00e0 la m\u00eame p\u00e9riode de 2017.<\/strong> <\/em><\/p>\n<p><!--more--><\/p>\n<p>Les principaux indicateurs durant avril 2018 par rapport \u00e0 avril 2017 ont \u00e9galement connu des hausses.<\/p>\n<p>Ainsi, le trafic toutes activit\u00e9s confondues est pass\u00e9 de 312.955 \u00e0 319.821 passagers.<\/p>\n<p>Le trafic r\u00e9gulier a augment\u00e9 de 2,7%, passant de 294.254 \u00e0 302.216 passagers et le trafic suppl\u00e9mentaire s\u2019est accru de 27,2%, passant de 4.009 \u00e0 5.098 passagers.<\/p>\n<p>Quant \u00e0 l\u2019activit\u00e9 charter, elle a enregistr\u00e9 12.507 passagers.<\/p>\n<p>Le coefficient de remplissage toutes activit\u00e9s est en am\u00e9lioration, passant de 76,4% en avril 2017 \u00e0 77,4% en avril 2018 soit une progression de 1 point.<\/p>\n<p>Sur le plan des principaux march\u00e9s de Tunisair, selon le d\u00e9coupage g\u00e9ographique et en mati\u00e8re de trafic r\u00e9gulier, il convient de signaler que les pays europ\u00e9ens, cumulant une part de trafic passagers de 71,7%, ont enregistr\u00e9 une augmentation de 2,4%, les pays africains (15,7%) ont enregistr\u00e9 une am\u00e9lioration de 12,1% et les pays du Moyen Orient (12,1%) ont enregistr\u00e9 une baisse de 9,2%.<\/p>\n<p>L\u2019Am\u00e9rique du Nord (avec un seul vol sur Montr\u00e9al), et dont la part de trafic passagers est de 1,1%, a enregistr\u00e9 une forte progression (95%).<\/p>\n<p><em>\u00abMalgr\u00e9 ces bons r\u00e9sultats obtenus, le <a href=\"http:\/\/kapitalis.com\/tunisie\/2018\/05\/03\/tunisair-la-compagnie-la-moins-ponctuelle-au-depart-de-tunis-carthage\/\">taux de ponctualit\u00e9<\/a> reste relativement moyen\u00bb<\/em>, admet la compagnie qui affirme poursuivre ses efforts afin de <em>\u00abr\u00e9duire les retards de ses vols et am\u00e9liorer la qualit\u00e9 de services\u00bb<\/em>, et <em>\u00abpr\u00e9sente ses excuses les plus sinc\u00e8res \u00e0 sa client\u00e8le pour le d\u00e9sagr\u00e9ment subi suite \u00e0 cette situation tout en rendant hommage \u00e0 leur fid\u00e9lit\u00e9.\u00bb<\/em><\/p>\n<p style=\"text-align: right;\"><strong>I. B.<\/strong><\/p>\n<blockquote class=\"wp-embedded-content\" data-secret=\"qbWFmzfhhx\"><p><a href=\"https:\/\/kapitalis.com\/tunisie\/2018\/05\/05\/tunisair-des-retards-record-enregistres-dans-la-journee-du-2-mai-2018\/\">Tunisair : Des retards record enregistr\u00e9s dans la journ\u00e9e du 2 mai 2018<\/a><\/p><\/blockquote>\n<p><iframe loading=\"lazy\" class=\"wp-embedded-content\" sandbox=\"allow-scripts\" security=\"restricted\" style=\"position: absolute; clip: rect(1px, 1px, 1px, 1px);\" title=\"\u00ab\u00a0Tunisair : Des retards record enregistr\u00e9s dans la journ\u00e9e du 2 mai 2018\u00a0\u00bb &#8212; Kapitalis\" src=\"https:\/\/kapitalis.com\/tunisie\/2018\/05\/05\/tunisair-des-retards-record-enregistres-dans-la-journee-du-2-mai-2018\/embed\/#?secret=WrW0vc6cRI#?secret=qbWFmzfhhx\" data-secret=\"qbWFmzfhhx\" width=\"600\" height=\"338\" frameborder=\"0\" marginwidth=\"0\" marginheight=\"0\" scrolling=\"no\"><\/iframe><\/p>\n<blockquote class=\"wp-embedded-content\" data-secret=\"zYS50ECsqY\"><p><a href=\"https:\/\/kapitalis.com\/tunisie\/2018\/04\/04\/tunisiens-a-letranger-reduction-des-prix-des-billets-de-tunisair-et-de-la-ctn\/\">Tunisiens \u00e0 l&rsquo;\u00e9tranger : R\u00e9duction des prix des billets de Tunisair et de la CTN<\/a><\/p><\/blockquote>\n<p><iframe loading=\"lazy\" class=\"wp-embedded-content\" sandbox=\"allow-scripts\" security=\"restricted\" style=\"position: absolute; clip: rect(1px, 1px, 1px, 1px);\" title=\"\u00ab\u00a0Tunisiens \u00e0 l&rsquo;\u00e9tranger : R\u00e9duction des prix des billets de Tunisair et de la CTN\u00a0\u00bb &#8212; Kapitalis\" src=\"https:\/\/kapitalis.com\/tunisie\/2018\/04\/04\/tunisiens-a-letranger-reduction-des-prix-des-billets-de-tunisair-et-de-la-ctn\/embed\/#?secret=g4N15RJUoS#?secret=zYS50ECsqY\" data-secret=\"zYS50ECsqY\" width=\"600\" height=\"338\" frameborder=\"0\" marginwidth=\"0\" marginheight=\"0\" scrolling=\"no\"><\/iframe><\/p>\n","protected":false},"excerpt":{"rendered":"<p>Dans un communiqu\u00e9 publi\u00e9 aujourd\u2019hui, jeudi 10 mai 2018, la compagnie Tunisair annonce un accroissement de 2,2% du trafic passagers au cours du mois d\u2019avril 2018, par rapport \u00e0 la m\u00eame p\u00e9riode de 2017.<\/p>\n","protected":false},"author":8,"featured_media":0,"comment_status":"open","ping_status":"open","sticky":false,"template":"","format":"standard","meta":{"footnotes":""},"categories":[995,2433],"tags":[24637,22271,5273,21152,21154,1501],"class_list":["post-153404","post","type-post","status-publish","format-standard","hentry","category-economie","category-tunisie","tag-activite-charter","tag-coefficient-de-remplissage","tag-retards","tag-trafic-passagers","tag-trafic-regulier","tag-tunisair"],"yoast_head":"<!-- This site is optimized with the Yoast SEO plugin v26.6 - https:\/\/yoast.com\/wordpress\/plugins\/seo\/ -->\n<title>Tunisair annonce 13 mois cons\u00e9cutifs de croissance de l\u2019activit\u00e9 globale - Kapitalis<\/title>\n<meta name=\"robots\" content=\"index, follow, max-snippet:-1, max-image-preview:large, max-video-preview:-1\" \/>\n<link rel=\"canonical\" href=\"https:\/\/kapitalis.com\/tunisie\/2018\/05\/10\/tunisair-annonce-13-mois-consecutifs-de-croissance-de-lactivite-globale\/\" \/>\n<meta property=\"og:locale\" content=\"fr_FR\" \/>\n<meta property=\"og:type\" content=\"article\" \/>\n<meta property=\"og:title\" content=\"Tunisair annonce 13 mois cons\u00e9cutifs de croissance de l\u2019activit\u00e9 globale - Kapitalis\" \/>\n<meta property=\"og:description\" content=\"Dans un communiqu\u00e9 publi\u00e9 aujourd\u2019hui, jeudi 10 mai 2018, la compagnie Tunisair annonce un accroissement de 2,2% du trafic passagers au cours du mois d\u2019avril 2018, par rapport \u00e0 la m\u00eame p\u00e9riode de 2017.\" \/>\n<meta property=\"og:url\" content=\"https:\/\/kapitalis.com\/tunisie\/2018\/05\/10\/tunisair-annonce-13-mois-consecutifs-de-croissance-de-lactivite-globale\/\" \/>\n<meta property=\"og:site_name\" content=\"Kapitalis\" \/>\n<meta property=\"article:publisher\" content=\"https:\/\/www.facebook.com\/KapitalisInfo\/\" \/>\n<meta property=\"article:published_time\" content=\"2018-05-10T10:40:11+00:00\" \/>\n<meta property=\"og:image\" content=\"http:\/\/kapitalis.com\/tunisie\/wp-content\/uploads\/2018\/04\/Tunisair-Ban.jpg\" \/>\n<meta name=\"author\" content=\"webmaster kapitalis\" \/>\n<meta name=\"twitter:card\" content=\"summary_large_image\" \/>\n<meta name=\"twitter:creator\" content=\"@KapitalisInfo\" \/>\n<meta name=\"twitter:site\" content=\"@KapitalisInfo\" \/>\n<meta name=\"twitter:label1\" content=\"\u00c9crit par\" \/>\n\t<meta name=\"twitter:data1\" content=\"webmaster kapitalis\" \/>\n\t<meta name=\"twitter:label2\" content=\"Dur\u00e9e de lecture estim\u00e9e\" \/>\n\t<meta name=\"twitter:data2\" content=\"1 minute\" \/>\n<script type=\"application\/ld+json\" class=\"yoast-schema-graph\">{\"@context\":\"https:\/\/schema.org\",\"@graph\":[{\"@type\":\"Article\",\"@id\":\"https:\/\/kapitalis.com\/tunisie\/2018\/05\/10\/tunisair-annonce-13-mois-consecutifs-de-croissance-de-lactivite-globale\/#article\",\"isPartOf\":{\"@id\":\"https:\/\/kapitalis.com\/tunisie\/2018\/05\/10\/tunisair-annonce-13-mois-consecutifs-de-croissance-de-lactivite-globale\/\"},\"author\":{\"name\":\"webmaster kapitalis\",\"@id\":\"https:\/\/kapitalis.com\/tunisie\/#\/schema\/person\/d71f33a9ca44f7bad4698210b480c8e9\"},\"headline\":\"Tunisair annonce 13 mois cons\u00e9cutifs de croissance de l\u2019activit\u00e9 globale\",\"datePublished\":\"2018-05-10T10:40:11+00:00\",\"mainEntityOfPage\":{\"@id\":\"https:\/\/kapitalis.com\/tunisie\/2018\/05\/10\/tunisair-annonce-13-mois-consecutifs-de-croissance-de-lactivite-globale\/\"},\"wordCount\":287,\"commentCount\":11,\"publisher\":{\"@id\":\"https:\/\/kapitalis.com\/tunisie\/#organization\"},\"image\":{\"@id\":\"https:\/\/kapitalis.com\/tunisie\/2018\/05\/10\/tunisair-annonce-13-mois-consecutifs-de-croissance-de-lactivite-globale\/#primaryimage\"},\"thumbnailUrl\":\"http:\/\/kapitalis.com\/tunisie\/wp-content\/uploads\/2018\/04\/Tunisair-Ban.jpg\",\"keywords\":[\"activit\u00e9 charter\",\"coefficient de remplissage\",\"retards\",\"trafic passagers\",\"trafic r\u00e9gulier\",\"Tunisair\"],\"articleSection\":[\"ECONOMIE\",\"Tunisie\"],\"inLanguage\":\"fr-FR\",\"potentialAction\":[{\"@type\":\"CommentAction\",\"name\":\"Comment\",\"target\":[\"https:\/\/kapitalis.com\/tunisie\/2018\/05\/10\/tunisair-annonce-13-mois-consecutifs-de-croissance-de-lactivite-globale\/#respond\"]}]},{\"@type\":\"WebPage\",\"@id\":\"https:\/\/kapitalis.com\/tunisie\/2018\/05\/10\/tunisair-annonce-13-mois-consecutifs-de-croissance-de-lactivite-globale\/\",\"url\":\"https:\/\/kapitalis.com\/tunisie\/2018\/05\/10\/tunisair-annonce-13-mois-consecutifs-de-croissance-de-lactivite-globale\/\",\"name\":\"Tunisair annonce 13 mois cons\u00e9cutifs de croissance de l\u2019activit\u00e9 globale - Kapitalis\",\"isPartOf\":{\"@id\":\"https:\/\/kapitalis.com\/tunisie\/#website\"},\"primaryImageOfPage\":{\"@id\":\"https:\/\/kapitalis.com\/tunisie\/2018\/05\/10\/tunisair-annonce-13-mois-consecutifs-de-croissance-de-lactivite-globale\/#primaryimage\"},\"image\":{\"@id\":\"https:\/\/kapitalis.com\/tunisie\/2018\/05\/10\/tunisair-annonce-13-mois-consecutifs-de-croissance-de-lactivite-globale\/#primaryimage\"},\"thumbnailUrl\":\"http:\/\/kapitalis.com\/tunisie\/wp-content\/uploads\/2018\/04\/Tunisair-Ban.jpg\",\"datePublished\":\"2018-05-10T10:40:11+00:00\",\"breadcrumb\":{\"@id\":\"https:\/\/kapitalis.com\/tunisie\/2018\/05\/10\/tunisair-annonce-13-mois-consecutifs-de-croissance-de-lactivite-globale\/#breadcrumb\"},\"inLanguage\":\"fr-FR\",\"potentialAction\":[{\"@type\":\"ReadAction\",\"target\":[\"https:\/\/kapitalis.com\/tunisie\/2018\/05\/10\/tunisair-annonce-13-mois-consecutifs-de-croissance-de-lactivite-globale\/\"]}]},{\"@type\":\"ImageObject\",\"inLanguage\":\"fr-FR\",\"@id\":\"https:\/\/kapitalis.com\/tunisie\/2018\/05\/10\/tunisair-annonce-13-mois-consecutifs-de-croissance-de-lactivite-globale\/#primaryimage\",\"url\":\"http:\/\/kapitalis.com\/tunisie\/wp-content\/uploads\/2018\/04\/Tunisair-Ban.jpg\",\"contentUrl\":\"http:\/\/kapitalis.com\/tunisie\/wp-content\/uploads\/2018\/04\/Tunisair-Ban.jpg\"},{\"@type\":\"BreadcrumbList\",\"@id\":\"https:\/\/kapitalis.com\/tunisie\/2018\/05\/10\/tunisair-annonce-13-mois-consecutifs-de-croissance-de-lactivite-globale\/#breadcrumb\",\"itemListElement\":[{\"@type\":\"ListItem\",\"position\":1,\"name\":\"Accueil\",\"item\":\"https:\/\/kapitalis.com\/tunisie\/\"},{\"@type\":\"ListItem\",\"position\":2,\"name\":\"Tunisair annonce 13 mois cons\u00e9cutifs de croissance de l\u2019activit\u00e9 globale\"}]},{\"@type\":\"WebSite\",\"@id\":\"https:\/\/kapitalis.com\/tunisie\/#website\",\"url\":\"https:\/\/kapitalis.com\/tunisie\/\",\"name\":\"Kapitalis\",\"description\":\"L&#039;actualit\u00e9 en Tunisie et dans le monde\",\"publisher\":{\"@id\":\"https:\/\/kapitalis.com\/tunisie\/#organization\"},\"potentialAction\":[{\"@type\":\"SearchAction\",\"target\":{\"@type\":\"EntryPoint\",\"urlTemplate\":\"https:\/\/kapitalis.com\/tunisie\/?s={search_term_string}\"},\"query-input\":{\"@type\":\"PropertyValueSpecification\",\"valueRequired\":true,\"valueName\":\"search_term_string\"}}],\"inLanguage\":\"fr-FR\"},{\"@type\":\"Organization\",\"@id\":\"https:\/\/kapitalis.com\/tunisie\/#organization\",\"name\":\"Kapitalis\",\"url\":\"https:\/\/kapitalis.com\/tunisie\/\",\"logo\":{\"@type\":\"ImageObject\",\"inLanguage\":\"fr-FR\",\"@id\":\"https:\/\/kapitalis.com\/tunisie\/#\/schema\/logo\/image\/\",\"url\":\"https:\/\/kapitalis.com\/tunisie\/wp-content\/uploads\/2022\/05\/Kapitalis-big-size.png\",\"contentUrl\":\"https:\/\/kapitalis.com\/tunisie\/wp-content\/uploads\/2022\/05\/Kapitalis-big-size.png\",\"width\":5000,\"height\":1500,\"caption\":\"Kapitalis\"},\"image\":{\"@id\":\"https:\/\/kapitalis.com\/tunisie\/#\/schema\/logo\/image\/\"},\"sameAs\":[\"https:\/\/www.facebook.com\/KapitalisInfo\/\",\"https:\/\/x.com\/KapitalisInfo\",\"https:\/\/www.youtube.com\/channel\/UC-yDYrHyfFBWWZaOw3FPg9Q\"]},{\"@type\":\"Person\",\"@id\":\"https:\/\/kapitalis.com\/tunisie\/#\/schema\/person\/d71f33a9ca44f7bad4698210b480c8e9\",\"name\":\"webmaster kapitalis\",\"url\":\"https:\/\/kapitalis.com\/tunisie\/author\/webmaster-kapitalis\/\"}]}<\/script>\n<!-- \/ Yoast SEO plugin. -->","yoast_head_json":{"title":"Tunisair annonce 13 mois cons\u00e9cutifs de croissance de l\u2019activit\u00e9 globale - Kapitalis","robots":{"index":"index","follow":"follow","max-snippet":"max-snippet:-1","max-image-preview":"max-image-preview:large","max-video-preview":"max-video-preview:-1"},"canonical":"https:\/\/kapitalis.com\/tunisie\/2018\/05\/10\/tunisair-annonce-13-mois-consecutifs-de-croissance-de-lactivite-globale\/","og_locale":"fr_FR","og_type":"article","og_title":"Tunisair annonce 13 mois cons\u00e9cutifs de croissance de l\u2019activit\u00e9 globale - Kapitalis","og_description":"Dans un communiqu\u00e9 publi\u00e9 aujourd\u2019hui, jeudi 10 mai 2018, la compagnie Tunisair annonce un accroissement de 2,2% du trafic passagers au cours du mois d\u2019avril 2018, par rapport \u00e0 la m\u00eame p\u00e9riode de 2017.","og_url":"https:\/\/kapitalis.com\/tunisie\/2018\/05\/10\/tunisair-annonce-13-mois-consecutifs-de-croissance-de-lactivite-globale\/","og_site_name":"Kapitalis","article_publisher":"https:\/\/www.facebook.com\/KapitalisInfo\/","article_published_time":"2018-05-10T10:40:11+00:00","og_image":[{"url":"http:\/\/kapitalis.com\/tunisie\/wp-content\/uploads\/2018\/04\/Tunisair-Ban.jpg","type":"","width":"","height":""}],"author":"webmaster kapitalis","twitter_card":"summary_large_image","twitter_creator":"@KapitalisInfo","twitter_site":"@KapitalisInfo","twitter_misc":{"\u00c9crit par":"webmaster kapitalis","Dur\u00e9e de lecture estim\u00e9e":"1 minute"},"schema":{"@context":"https:\/\/schema.org","@graph":[{"@type":"Article","@id":"https:\/\/kapitalis.com\/tunisie\/2018\/05\/10\/tunisair-annonce-13-mois-consecutifs-de-croissance-de-lactivite-globale\/#article","isPartOf":{"@id":"https:\/\/kapitalis.com\/tunisie\/2018\/05\/10\/tunisair-annonce-13-mois-consecutifs-de-croissance-de-lactivite-globale\/"},"author":{"name":"webmaster kapitalis","@id":"https:\/\/kapitalis.com\/tunisie\/#\/schema\/person\/d71f33a9ca44f7bad4698210b480c8e9"},"headline":"Tunisair annonce 13 mois cons\u00e9cutifs de croissance de l\u2019activit\u00e9 globale","datePublished":"2018-05-10T10:40:11+00:00","mainEntityOfPage":{"@id":"https:\/\/kapitalis.com\/tunisie\/2018\/05\/10\/tunisair-annonce-13-mois-consecutifs-de-croissance-de-lactivite-globale\/"},"wordCount":287,"commentCount":11,"publisher":{"@id":"https:\/\/kapitalis.com\/tunisie\/#organization"},"image":{"@id":"https:\/\/kapitalis.com\/tunisie\/2018\/05\/10\/tunisair-annonce-13-mois-consecutifs-de-croissance-de-lactivite-globale\/#primaryimage"},"thumbnailUrl":"http:\/\/kapitalis.com\/tunisie\/wp-content\/uploads\/2018\/04\/Tunisair-Ban.jpg","keywords":["activit\u00e9 charter","coefficient de remplissage","retards","trafic passagers","trafic r\u00e9gulier","Tunisair"],"articleSection":["ECONOMIE","Tunisie"],"inLanguage":"fr-FR","potentialAction":[{"@type":"CommentAction","name":"Comment","target":["https:\/\/kapitalis.com\/tunisie\/2018\/05\/10\/tunisair-annonce-13-mois-consecutifs-de-croissance-de-lactivite-globale\/#respond"]}]},{"@type":"WebPage","@id":"https:\/\/kapitalis.com\/tunisie\/2018\/05\/10\/tunisair-annonce-13-mois-consecutifs-de-croissance-de-lactivite-globale\/","url":"https:\/\/kapitalis.com\/tunisie\/2018\/05\/10\/tunisair-annonce-13-mois-consecutifs-de-croissance-de-lactivite-globale\/","name":"Tunisair annonce 13 mois cons\u00e9cutifs de croissance de l\u2019activit\u00e9 globale - Kapitalis","isPartOf":{"@id":"https:\/\/kapitalis.com\/tunisie\/#website"},"primaryImageOfPage":{"@id":"https:\/\/kapitalis.com\/tunisie\/2018\/05\/10\/tunisair-annonce-13-mois-consecutifs-de-croissance-de-lactivite-globale\/#primaryimage"},"image":{"@id":"https:\/\/kapitalis.com\/tunisie\/2018\/05\/10\/tunisair-annonce-13-mois-consecutifs-de-croissance-de-lactivite-globale\/#primaryimage"},"thumbnailUrl":"http:\/\/kapitalis.com\/tunisie\/wp-content\/uploads\/2018\/04\/Tunisair-Ban.jpg","datePublished":"2018-05-10T10:40:11+00:00","breadcrumb":{"@id":"https:\/\/kapitalis.com\/tunisie\/2018\/05\/10\/tunisair-annonce-13-mois-consecutifs-de-croissance-de-lactivite-globale\/#breadcrumb"},"inLanguage":"fr-FR","potentialAction":[{"@type":"ReadAction","target":["https:\/\/kapitalis.com\/tunisie\/2018\/05\/10\/tunisair-annonce-13-mois-consecutifs-de-croissance-de-lactivite-globale\/"]}]},{"@type":"ImageObject","inLanguage":"fr-FR","@id":"https:\/\/kapitalis.com\/tunisie\/2018\/05\/10\/tunisair-annonce-13-mois-consecutifs-de-croissance-de-lactivite-globale\/#primaryimage","url":"http:\/\/kapitalis.com\/tunisie\/wp-content\/uploads\/2018\/04\/Tunisair-Ban.jpg","contentUrl":"http:\/\/kapitalis.com\/tunisie\/wp-content\/uploads\/2018\/04\/Tunisair-Ban.jpg"},{"@type":"BreadcrumbList","@id":"https:\/\/kapitalis.com\/tunisie\/2018\/05\/10\/tunisair-annonce-13-mois-consecutifs-de-croissance-de-lactivite-globale\/#breadcrumb","itemListElement":[{"@type":"ListItem","position":1,"name":"Accueil","item":"https:\/\/kapitalis.com\/tunisie\/"},{"@type":"ListItem","position":2,"name":"Tunisair annonce 13 mois cons\u00e9cutifs de croissance de l\u2019activit\u00e9 globale"}]},{"@type":"WebSite","@id":"https:\/\/kapitalis.com\/tunisie\/#website","url":"https:\/\/kapitalis.com\/tunisie\/","name":"Kapitalis","description":"L&#039;actualit\u00e9 en Tunisie et dans le monde","publisher":{"@id":"https:\/\/kapitalis.com\/tunisie\/#organization"},"potentialAction":[{"@type":"SearchAction","target":{"@type":"EntryPoint","urlTemplate":"https:\/\/kapitalis.com\/tunisie\/?s={search_term_string}"},"query-input":{"@type":"PropertyValueSpecification","valueRequired":true,"valueName":"search_term_string"}}],"inLanguage":"fr-FR"},{"@type":"Organization","@id":"https:\/\/kapitalis.com\/tunisie\/#organization","name":"Kapitalis","url":"https:\/\/kapitalis.com\/tunisie\/","logo":{"@type":"ImageObject","inLanguage":"fr-FR","@id":"https:\/\/kapitalis.com\/tunisie\/#\/schema\/logo\/image\/","url":"https:\/\/kapitalis.com\/tunisie\/wp-content\/uploads\/2022\/05\/Kapitalis-big-size.png","contentUrl":"https:\/\/kapitalis.com\/tunisie\/wp-content\/uploads\/2022\/05\/Kapitalis-big-size.png","width":5000,"height":1500,"caption":"Kapitalis"},"image":{"@id":"https:\/\/kapitalis.com\/tunisie\/#\/schema\/logo\/image\/"},"sameAs":["https:\/\/www.facebook.com\/KapitalisInfo\/","https:\/\/x.com\/KapitalisInfo","https:\/\/www.youtube.com\/channel\/UC-yDYrHyfFBWWZaOw3FPg9Q"]},{"@type":"Person","@id":"https:\/\/kapitalis.com\/tunisie\/#\/schema\/person\/d71f33a9ca44f7bad4698210b480c8e9","name":"webmaster kapitalis","url":"https:\/\/kapitalis.com\/tunisie\/author\/webmaster-kapitalis\/"}]}},"_links":{"self":[{"href":"https:\/\/kapitalis.com\/tunisie\/wp-json\/wp\/v2\/posts\/153404","targetHints":{"allow":["GET"]}}],"collection":[{"href":"https:\/\/kapitalis.com\/tunisie\/wp-json\/wp\/v2\/posts"}],"about":[{"href":"https:\/\/kapitalis.com\/tunisie\/wp-json\/wp\/v2\/types\/post"}],"author":[{"embeddable":true,"href":"https:\/\/kapitalis.com\/tunisie\/wp-json\/wp\/v2\/users\/8"}],"replies":[{"embeddable":true,"href":"https:\/\/kapitalis.com\/tunisie\/wp-json\/wp\/v2\/comments?post=153404"}],"version-history":[{"count":0,"href":"https:\/\/kapitalis.com\/tunisie\/wp-json\/wp\/v2\/posts\/153404\/revisions"}],"wp:attachment":[{"href":"https:\/\/kapitalis.com\/tunisie\/wp-json\/wp\/v2\/media?parent=153404"}],"wp:term":[{"taxonomy":"category","embeddable":true,"href":"https:\/\/kapitalis.com\/tunisie\/wp-json\/wp\/v2\/categories?post=153404"},{"taxonomy":"post_tag","embeddable":true,"href":"https:\/\/kapitalis.com\/tunisie\/wp-json\/wp\/v2\/tags?post=153404"}],"curies":[{"name":"wp","href":"https:\/\/api.w.org\/{rel}","templated":true}]}}